{"id":3609,"date":"2025-10-30T11:05:35","date_gmt":"2025-10-30T15:05:35","guid":{"rendered":"https:\/\/elglobal.do\/?p=3609"},"modified":"2025-10-30T11:07:21","modified_gmt":"2025-10-30T15:07:21","slug":"adn-fortalece-su-gobernanza-digital-para-mejorar-servicios-publicos","status":"publish","type":"post","link":"https:\/\/elglobal.do\/index.php\/2025\/10\/30\/adn-fortalece-su-gobernanza-digital-para-mejorar-servicios-publicos\/","title":{"rendered":"ADN fortalece su gobernanza digital para mejorar servicios p\u00fablicos"},"content":{"rendered":"\n<figure class=\"wp-block-image size-full\"><img loading=\"lazy\" decoding=\"async\" width=\"946\" height=\"669\" src=\"https:\/\/elglobal.do\/wp-content\/uploads\/2025\/10\/ADN.jpeg\" alt=\"\" class=\"wp-image-3613\" srcset=\"https:\/\/elglobal.do\/wp-content\/uploads\/2025\/10\/ADN.jpeg 946w, https:\/\/elglobal.do\/wp-content\/uploads\/2025\/10\/ADN-300x212.jpeg 300w, https:\/\/elglobal.do\/wp-content\/uploads\/2025\/10\/ADN-768x543.jpeg 768w\" sizes=\"auto, (max-width: 946px) 100vw, 946px\" \/><\/figure>\n\n\n\n<p><strong>Santo Domingo. &#8211; <\/strong>El Ayuntamiento del Distrito Nacional (ADN), con el acompa\u00f1amiento del Programa de las Naciones Unidas para el Desarrollo (PNUD), ha desarrollado un marco institucional de gobernanza y gesti\u00f3n de datos y tecnolog\u00eda como parte de su estrategia de transformaci\u00f3n digital y fortalecimiento institucional.<\/p>\n\n\n\n<p>Este marco que regula la gesti\u00f3n, intercambio, protecci\u00f3n y apertura de la informaci\u00f3n, permitir\u00e1 convertir los datos en un activo estrat\u00e9gico, capaz de mejorar la eficiencia de los servicios que ofrece el ADN a la ciudadan\u00eda, reducir riesgos y fortalecer la transparencia, contribuyendo a una gesti\u00f3n m\u00e1s eficiente, cercana y basada en evidencia, que mejora la calidad de vida de los y las mun\u00edcipes.<\/p>\n\n\n\n<p>De igual modo, busca posicionar a Santo Domingo para la obtenci\u00f3n de la certificaci\u00f3n internacional What Works Cities (WWC), que reconoce a los gobiernos locales que utilizan datos como herramienta para mejorar la gesti\u00f3n p\u00fablica, fomentar la innovaci\u00f3n y fortalecer la rendici\u00f3n de cuentas.<\/p>\n\n\n\n<p>Durante la presentaci\u00f3n de los resultados del proyecto, la alcaldesa del Distrito Nacional, Carolina Mej\u00eda, subray\u00f3 que los avances presentados dan continuidad a la manera de actuar que el ayuntamiento viene impulsando desde 2024 junto a Bloomberg Philanthropies, consolidando una cultura institucional de transparencia, innovaci\u00f3n y toma de decisiones informadas.<\/p>\n\n\n\n<p>\u201cEl poder llegar a utilizar la data ha sido un aprendizaje muy valioso para nosotros\u201d, asegur\u00f3 Mej\u00eda.<\/p>\n\n\n\n<p>La ejecutiva municipal destac\u00f3 que fortalecer la gobernanza moderna de datos y tecnolog\u00edas de la informaci\u00f3n permite ordenar, proteger y aprovechar la informaci\u00f3n p\u00fablica, garantizando una gesti\u00f3n \u00e1gil, eficiente y orientada a resultados. Este esfuerzo sostenido busca una alcald\u00eda m\u00e1s abierta y cercana, en la que la innovaci\u00f3n, los datos y el servicio a la ciudadan\u00eda sean el sello de una gesti\u00f3n transparente y orientada al bienestar com\u00fan.<\/p>\n\n\n\n<figure class=\"wp-block-image size-large\"><img loading=\"lazy\" decoding=\"async\" width=\"1024\" height=\"682\" src=\"https:\/\/elglobal.do\/wp-content\/uploads\/2025\/10\/Datos-1024x682.jpeg\" alt=\"\" class=\"wp-image-3614\" srcset=\"https:\/\/elglobal.do\/wp-content\/uploads\/2025\/10\/Datos-1024x682.jpeg 1024w, https:\/\/elglobal.do\/wp-content\/uploads\/2025\/10\/Datos-300x200.jpeg 300w, https:\/\/elglobal.do\/wp-content\/uploads\/2025\/10\/Datos-768x512.jpeg 768w, https:\/\/elglobal.do\/wp-content\/uploads\/2025\/10\/Datos.jpeg 1280w\" sizes=\"auto, (max-width: 1024px) 100vw, 1024px\" \/><\/figure>\n\n\n\n<p>Asimismo, agradeci\u00f3 el acompa\u00f1amiento t\u00e9cnico del Programa de las Naciones Unidas para el Desarrollo (PNUD) y el apoyo del equipo consultor de GATI Labs Tech, cuyo trabajo ha sido clave para sistematizar y escalar estas pr\u00e1cticas.<\/p>\n\n\n\n<p>\u201cGobernar con datos es gobernar con transparencia. Desde 2024 venimos afianzando, junto a Bloomberg Philanthropies, una forma de gesti\u00f3n que escucha aprende y decide con evidencia, siempre al servicio de nuestra gente\u201d, afirm\u00f3 Mej\u00eda.<\/p>\n\n\n\n<p>El proyecto se desarrolla en tres fases estrat\u00e9gicas y cont\u00f3 con el acompa\u00f1amiento t\u00e9cnico de GATI Labs Tech, firma especializada en Gobierno de TI y Gobierno de Datos, que brind\u00f3 soporte metodol\u00f3gico y estrat\u00e9gico durante el desarrollo del modelo.<\/p>\n\n\n\n<p>Finalmente, se ha incorporado una base cultural y de sensibilizaci\u00f3n, con estrategias de alfabetizaci\u00f3n digital y gesti\u00f3n del cambio orientadas a fomentar una cultura institucional data-driven. Estas acciones buscan empoderar al personal t\u00e9cnico y administrativo, promoviendo el uso \u00e9tico, estrat\u00e9gico y sostenible de los datos como recurso clave para el desarrollo urbano.<\/p>\n\n\n\n<p><\/p>\n","protected":false},"excerpt":{"rendered":"<p>Santo Domingo. &#8211; El Ayuntamiento del Distrito Nacional (ADN), con el acompa\u00f1amiento del Programa de las Naciones Unidas para el Desarrollo (PNUD), ha desarrollado un marco institucional de gobernanza y&hellip; <\/p>\n","protected":false},"author":1,"featured_media":3612,"comment_status":"open","ping_status":"open","sticky":false,"template":"","format":"standard","meta":{"_jetpack_memberships_contains_paid_content":false,"footnotes":""},"categories":[14,8],"tags":[94,1911,567,98,1429,1912],"class_list":["post-3609","post","type-post","status-publish","format-standard","has-post-thumbnail","hentry","category-slider","category-tegnologia","tag-carolinamejia","tag-continuidaddegestion","tag-datos","tag-elglobalinformativo","tag-reafirma","tag-transparecia"],"yoast_head":"<!-- This site is optimized with the Yoast SEO plugin v26.9 - https:\/\/yoast.com\/product\/yoast-seo-wordpress\/ -->\n<title>ADN fortalece su gobernanza digital para mejorar servicios p\u00fablicos - EL GLOBAL INFORMATIVO<\/title>\n<meta name=\"robots\" content=\"index, follow, max-snippet:-1, max-image-preview:large, max-video-preview:-1\" \/>\n<link rel=\"canonical\" href=\"https:\/\/elglobal.do\/index.php\/2025\/10\/30\/adn-fortalece-su-gobernanza-digital-para-mejorar-servicios-publicos\/\" \/>\n<meta property=\"og:locale\" content=\"es_ES\" \/>\n<meta property=\"og:type\" content=\"article\" \/>\n<meta property=\"og:title\" content=\"ADN fortalece su gobernanza digital para mejorar servicios p\u00fablicos - EL GLOBAL INFORMATIVO\" \/>\n<meta property=\"og:description\" content=\"Santo Domingo. &#8211; El Ayuntamiento del Distrito Nacional (ADN), con el acompa\u00f1amiento del Programa de las Naciones Unidas para el Desarrollo (PNUD), ha desarrollado un marco institucional de gobernanza y&hellip;\" \/>\n<meta property=\"og:url\" content=\"https:\/\/elglobal.do\/index.php\/2025\/10\/30\/adn-fortalece-su-gobernanza-digital-para-mejorar-servicios-publicos\/\" \/>\n<meta property=\"og:site_name\" content=\"EL GLOBAL INFORMATIVO\" \/>\n<meta property=\"article:published_time\" content=\"2025-10-30T15:05:35+00:00\" \/>\n<meta property=\"article:modified_time\" content=\"2025-10-30T15:07:21+00:00\" \/>\n<meta property=\"og:image\" content=\"https:\/\/elglobal.do\/wp-content\/uploads\/2025\/10\/Digital.jpeg\" \/>\n\t<meta property=\"og:image:width\" content=\"1027\" \/>\n\t<meta property=\"og:image:height\" content=\"796\" \/>\n\t<meta property=\"og:image:type\" content=\"image\/jpeg\" \/>\n<meta name=\"author\" content=\"EL GLOBAL\" \/>\n<meta name=\"twitter:card\" content=\"summary_large_image\" \/>\n<meta name=\"twitter:label1\" content=\"Escrito por\" \/>\n\t<meta name=\"twitter:data1\" content=\"EL GLOBAL\" \/>\n\t<meta name=\"twitter:label2\" content=\"Tiempo de lectura\" \/>\n\t<meta name=\"twitter:data2\" content=\"3 minutos\" \/>\n<script type=\"application\/ld+json\" class=\"yoast-schema-graph\">{\"@context\":\"https:\/\/schema.org\",\"@graph\":[{\"@type\":\"Article\",\"@id\":\"https:\/\/elglobal.do\/index.php\/2025\/10\/30\/adn-fortalece-su-gobernanza-digital-para-mejorar-servicios-publicos\/#article\",\"isPartOf\":{\"@id\":\"https:\/\/elglobal.do\/index.php\/2025\/10\/30\/adn-fortalece-su-gobernanza-digital-para-mejorar-servicios-publicos\/\"},\"author\":{\"name\":\"EL GLOBAL\",\"@id\":\"https:\/\/elglobal.do\/#\/schema\/person\/0c97ec2c7714fb605d230c292f64d55f\"},\"headline\":\"ADN fortalece su gobernanza digital para mejorar servicios p\u00fablicos\",\"datePublished\":\"2025-10-30T15:05:35+00:00\",\"dateModified\":\"2025-10-30T15:07:21+00:00\",\"mainEntityOfPage\":{\"@id\":\"https:\/\/elglobal.do\/index.php\/2025\/10\/30\/adn-fortalece-su-gobernanza-digital-para-mejorar-servicios-publicos\/\"},\"wordCount\":506,\"commentCount\":0,\"publisher\":{\"@id\":\"https:\/\/elglobal.do\/#organization\"},\"image\":{\"@id\":\"https:\/\/elglobal.do\/index.php\/2025\/10\/30\/adn-fortalece-su-gobernanza-digital-para-mejorar-servicios-publicos\/#primaryimage\"},\"thumbnailUrl\":\"https:\/\/elglobal.do\/wp-content\/uploads\/2025\/10\/Digital.jpeg\",\"keywords\":[\"#CarolinaMej\u00eda\",\"#ContinuidadDeGesti\u00f3n\",\"#datos\",\"#ElGlobalInformativo\",\"#reafirma\",\"#transparecia\"],\"articleSection\":[\"NOTICIAS RELEVANTES\",\"TEGNOLOG\u00cdA\"],\"inLanguage\":\"es\",\"potentialAction\":[{\"@type\":\"CommentAction\",\"name\":\"Comment\",\"target\":[\"https:\/\/elglobal.do\/index.php\/2025\/10\/30\/adn-fortalece-su-gobernanza-digital-para-mejorar-servicios-publicos\/#respond\"]}]},{\"@type\":\"WebPage\",\"@id\":\"https:\/\/elglobal.do\/index.php\/2025\/10\/30\/adn-fortalece-su-gobernanza-digital-para-mejorar-servicios-publicos\/\",\"url\":\"https:\/\/elglobal.do\/index.php\/2025\/10\/30\/adn-fortalece-su-gobernanza-digital-para-mejorar-servicios-publicos\/\",\"name\":\"ADN fortalece su gobernanza digital para mejorar servicios p\u00fablicos - EL GLOBAL INFORMATIVO\",\"isPartOf\":{\"@id\":\"https:\/\/elglobal.do\/#website\"},\"primaryImageOfPage\":{\"@id\":\"https:\/\/elglobal.do\/index.php\/2025\/10\/30\/adn-fortalece-su-gobernanza-digital-para-mejorar-servicios-publicos\/#primaryimage\"},\"image\":{\"@id\":\"https:\/\/elglobal.do\/index.php\/2025\/10\/30\/adn-fortalece-su-gobernanza-digital-para-mejorar-servicios-publicos\/#primaryimage\"},\"thumbnailUrl\":\"https:\/\/elglobal.do\/wp-content\/uploads\/2025\/10\/Digital.jpeg\",\"datePublished\":\"2025-10-30T15:05:35+00:00\",\"dateModified\":\"2025-10-30T15:07:21+00:00\",\"breadcrumb\":{\"@id\":\"https:\/\/elglobal.do\/index.php\/2025\/10\/30\/adn-fortalece-su-gobernanza-digital-para-mejorar-servicios-publicos\/#breadcrumb\"},\"inLanguage\":\"es\",\"potentialAction\":[{\"@type\":\"ReadAction\",\"target\":[\"https:\/\/elglobal.do\/index.php\/2025\/10\/30\/adn-fortalece-su-gobernanza-digital-para-mejorar-servicios-publicos\/\"]}]},{\"@type\":\"ImageObject\",\"inLanguage\":\"es\",\"@id\":\"https:\/\/elglobal.do\/index.php\/2025\/10\/30\/adn-fortalece-su-gobernanza-digital-para-mejorar-servicios-publicos\/#primaryimage\",\"url\":\"https:\/\/elglobal.do\/wp-content\/uploads\/2025\/10\/Digital.jpeg\",\"contentUrl\":\"https:\/\/elglobal.do\/wp-content\/uploads\/2025\/10\/Digital.jpeg\",\"width\":1027,\"height\":796},{\"@type\":\"BreadcrumbList\",\"@id\":\"https:\/\/elglobal.do\/index.php\/2025\/10\/30\/adn-fortalece-su-gobernanza-digital-para-mejorar-servicios-publicos\/#breadcrumb\",\"itemListElement\":[{\"@type\":\"ListItem\",\"position\":1,\"name\":\"Portada\",\"item\":\"https:\/\/elglobal.do\/\"},{\"@type\":\"ListItem\",\"position\":2,\"name\":\"ADN fortalece su gobernanza digital para mejorar servicios p\u00fablicos\"}]},{\"@type\":\"WebSite\",\"@id\":\"https:\/\/elglobal.do\/#website\",\"url\":\"https:\/\/elglobal.do\/\",\"name\":\"EL GLOBAL INFORMATIVO\",\"description\":\"Peri\u00f3dico digital de la Rep\u00fablica Dominicana que ofrece noticias, novedades, pol\u00edtica y las \u00faltimas actualidades, con informaci\u00f3n veraz y oportuna para mantenerte siempre informad\",\"publisher\":{\"@id\":\"https:\/\/elglobal.do\/#organization\"},\"potentialAction\":[{\"@type\":\"SearchAction\",\"target\":{\"@type\":\"EntryPoint\",\"urlTemplate\":\"https:\/\/elglobal.do\/?s={search_term_string}\"},\"query-input\":{\"@type\":\"PropertyValueSpecification\",\"valueRequired\":true,\"valueName\":\"search_term_string\"}}],\"inLanguage\":\"es\"},{\"@type\":\"Organization\",\"@id\":\"https:\/\/elglobal.do\/#organization\",\"name\":\"EL GLOBAL.DO INFORMATIVO\",\"url\":\"https:\/\/elglobal.do\/\",\"logo\":{\"@type\":\"ImageObject\",\"inLanguage\":\"es\",\"@id\":\"https:\/\/elglobal.do\/#\/schema\/logo\/image\/\",\"url\":\"https:\/\/elglobal.do\/wp-content\/uploads\/2025\/08\/icon.png\",\"contentUrl\":\"https:\/\/elglobal.do\/wp-content\/uploads\/2025\/08\/icon.png\",\"width\":512,\"height\":512,\"caption\":\"EL GLOBAL.DO INFORMATIVO\"},\"image\":{\"@id\":\"https:\/\/elglobal.do\/#\/schema\/logo\/image\/\"}},{\"@type\":\"Person\",\"@id\":\"https:\/\/elglobal.do\/#\/schema\/person\/0c97ec2c7714fb605d230c292f64d55f\",\"name\":\"EL GLOBAL\",\"image\":{\"@type\":\"ImageObject\",\"inLanguage\":\"es\",\"@id\":\"https:\/\/elglobal.do\/#\/schema\/person\/image\/\",\"url\":\"https:\/\/secure.gravatar.com\/avatar\/081cfb6cf99faddc6f4e23a0c11ab98c5cf302925382d1c88dc3ed757ab910a3?s=96&d=mm&r=g\",\"contentUrl\":\"https:\/\/secure.gravatar.com\/avatar\/081cfb6cf99faddc6f4e23a0c11ab98c5cf302925382d1c88dc3ed757ab910a3?s=96&d=mm&r=g\",\"caption\":\"EL GLOBAL\"},\"description\":\"El Global Informativo es un peri\u00f3dico digital de Rep\u00fablica Dominicana que se dedica a cubrir temas importantes, como la pol\u00edtica local, geopol\u00edtica, econom\u00eda, tecnolog\u00eda, noticias internacionales y eventos relacionados con la gesti\u00f3n social, cultural y humana. Su objetivo principal es mantener a la poblaci\u00f3n informada, ofreciendo una visi\u00f3n amplia y actualizada de lo que sucede tanto en el pa\u00eds como en el mundo. Est\u00e1 dirigido por un grupo de periodistas experimentados, lo que garantiza la calidad y la precisi\u00f3n de la informaci\u00f3n que ofrecen. Tiene su sede en la ciudad de Santo Domingo y es parte integral del portafolio de la empresa, MC Global S.R.L.\",\"sameAs\":[\"https:\/\/elglobal.do\",\"https:\/\/www.instagram.com\/elglobal.do_informativo\/\"],\"url\":\"https:\/\/elglobal.do\/index.php\/author\/elglobaluserpro\/\"}]}<\/script>\n<!-- \/ Yoast SEO plugin. -->","yoast_head_json":{"title":"ADN fortalece su gobernanza digital para mejorar servicios p\u00fablicos - EL GLOBAL INFORMATIVO","robots":{"index":"index","follow":"follow","max-snippet":"max-snippet:-1","max-image-preview":"max-image-preview:large","max-video-preview":"max-video-preview:-1"},"canonical":"https:\/\/elglobal.do\/index.php\/2025\/10\/30\/adn-fortalece-su-gobernanza-digital-para-mejorar-servicios-publicos\/","og_locale":"es_ES","og_type":"article","og_title":"ADN fortalece su gobernanza digital para mejorar servicios p\u00fablicos - EL GLOBAL INFORMATIVO","og_description":"Santo Domingo. &#8211; El Ayuntamiento del Distrito Nacional (ADN), con el acompa\u00f1amiento del Programa de las Naciones Unidas para el Desarrollo (PNUD), ha desarrollado un marco institucional de gobernanza y&hellip;","og_url":"https:\/\/elglobal.do\/index.php\/2025\/10\/30\/adn-fortalece-su-gobernanza-digital-para-mejorar-servicios-publicos\/","og_site_name":"EL GLOBAL INFORMATIVO","article_published_time":"2025-10-30T15:05:35+00:00","article_modified_time":"2025-10-30T15:07:21+00:00","og_image":[{"width":1027,"height":796,"url":"https:\/\/elglobal.do\/wp-content\/uploads\/2025\/10\/Digital.jpeg","type":"image\/jpeg"}],"author":"EL GLOBAL","twitter_card":"summary_large_image","twitter_misc":{"Escrito por":"EL GLOBAL","Tiempo de lectura":"3 minutos"},"schema":{"@context":"https:\/\/schema.org","@graph":[{"@type":"Article","@id":"https:\/\/elglobal.do\/index.php\/2025\/10\/30\/adn-fortalece-su-gobernanza-digital-para-mejorar-servicios-publicos\/#article","isPartOf":{"@id":"https:\/\/elglobal.do\/index.php\/2025\/10\/30\/adn-fortalece-su-gobernanza-digital-para-mejorar-servicios-publicos\/"},"author":{"name":"EL GLOBAL","@id":"https:\/\/elglobal.do\/#\/schema\/person\/0c97ec2c7714fb605d230c292f64d55f"},"headline":"ADN fortalece su gobernanza digital para mejorar servicios p\u00fablicos","datePublished":"2025-10-30T15:05:35+00:00","dateModified":"2025-10-30T15:07:21+00:00","mainEntityOfPage":{"@id":"https:\/\/elglobal.do\/index.php\/2025\/10\/30\/adn-fortalece-su-gobernanza-digital-para-mejorar-servicios-publicos\/"},"wordCount":506,"commentCount":0,"publisher":{"@id":"https:\/\/elglobal.do\/#organization"},"image":{"@id":"https:\/\/elglobal.do\/index.php\/2025\/10\/30\/adn-fortalece-su-gobernanza-digital-para-mejorar-servicios-publicos\/#primaryimage"},"thumbnailUrl":"https:\/\/elglobal.do\/wp-content\/uploads\/2025\/10\/Digital.jpeg","keywords":["#CarolinaMej\u00eda","#ContinuidadDeGesti\u00f3n","#datos","#ElGlobalInformativo","#reafirma","#transparecia"],"articleSection":["NOTICIAS RELEVANTES","TEGNOLOG\u00cdA"],"inLanguage":"es","potentialAction":[{"@type":"CommentAction","name":"Comment","target":["https:\/\/elglobal.do\/index.php\/2025\/10\/30\/adn-fortalece-su-gobernanza-digital-para-mejorar-servicios-publicos\/#respond"]}]},{"@type":"WebPage","@id":"https:\/\/elglobal.do\/index.php\/2025\/10\/30\/adn-fortalece-su-gobernanza-digital-para-mejorar-servicios-publicos\/","url":"https:\/\/elglobal.do\/index.php\/2025\/10\/30\/adn-fortalece-su-gobernanza-digital-para-mejorar-servicios-publicos\/","name":"ADN fortalece su gobernanza digital para mejorar servicios p\u00fablicos - EL GLOBAL INFORMATIVO","isPartOf":{"@id":"https:\/\/elglobal.do\/#website"},"primaryImageOfPage":{"@id":"https:\/\/elglobal.do\/index.php\/2025\/10\/30\/adn-fortalece-su-gobernanza-digital-para-mejorar-servicios-publicos\/#primaryimage"},"image":{"@id":"https:\/\/elglobal.do\/index.php\/2025\/10\/30\/adn-fortalece-su-gobernanza-digital-para-mejorar-servicios-publicos\/#primaryimage"},"thumbnailUrl":"https:\/\/elglobal.do\/wp-content\/uploads\/2025\/10\/Digital.jpeg","datePublished":"2025-10-30T15:05:35+00:00","dateModified":"2025-10-30T15:07:21+00:00","breadcrumb":{"@id":"https:\/\/elglobal.do\/index.php\/2025\/10\/30\/adn-fortalece-su-gobernanza-digital-para-mejorar-servicios-publicos\/#breadcrumb"},"inLanguage":"es","potentialAction":[{"@type":"ReadAction","target":["https:\/\/elglobal.do\/index.php\/2025\/10\/30\/adn-fortalece-su-gobernanza-digital-para-mejorar-servicios-publicos\/"]}]},{"@type":"ImageObject","inLanguage":"es","@id":"https:\/\/elglobal.do\/index.php\/2025\/10\/30\/adn-fortalece-su-gobernanza-digital-para-mejorar-servicios-publicos\/#primaryimage","url":"https:\/\/elglobal.do\/wp-content\/uploads\/2025\/10\/Digital.jpeg","contentUrl":"https:\/\/elglobal.do\/wp-content\/uploads\/2025\/10\/Digital.jpeg","width":1027,"height":796},{"@type":"BreadcrumbList","@id":"https:\/\/elglobal.do\/index.php\/2025\/10\/30\/adn-fortalece-su-gobernanza-digital-para-mejorar-servicios-publicos\/#breadcrumb","itemListElement":[{"@type":"ListItem","position":1,"name":"Portada","item":"https:\/\/elglobal.do\/"},{"@type":"ListItem","position":2,"name":"ADN fortalece su gobernanza digital para mejorar servicios p\u00fablicos"}]},{"@type":"WebSite","@id":"https:\/\/elglobal.do\/#website","url":"https:\/\/elglobal.do\/","name":"EL GLOBAL INFORMATIVO","description":"Peri\u00f3dico digital de la Rep\u00fablica Dominicana que ofrece noticias, novedades, pol\u00edtica y las \u00faltimas actualidades, con informaci\u00f3n veraz y oportuna para mantenerte siempre informad","publisher":{"@id":"https:\/\/elglobal.do\/#organization"},"potentialAction":[{"@type":"SearchAction","target":{"@type":"EntryPoint","urlTemplate":"https:\/\/elglobal.do\/?s={search_term_string}"},"query-input":{"@type":"PropertyValueSpecification","valueRequired":true,"valueName":"search_term_string"}}],"inLanguage":"es"},{"@type":"Organization","@id":"https:\/\/elglobal.do\/#organization","name":"EL GLOBAL.DO INFORMATIVO","url":"https:\/\/elglobal.do\/","logo":{"@type":"ImageObject","inLanguage":"es","@id":"https:\/\/elglobal.do\/#\/schema\/logo\/image\/","url":"https:\/\/elglobal.do\/wp-content\/uploads\/2025\/08\/icon.png","contentUrl":"https:\/\/elglobal.do\/wp-content\/uploads\/2025\/08\/icon.png","width":512,"height":512,"caption":"EL GLOBAL.DO INFORMATIVO"},"image":{"@id":"https:\/\/elglobal.do\/#\/schema\/logo\/image\/"}},{"@type":"Person","@id":"https:\/\/elglobal.do\/#\/schema\/person\/0c97ec2c7714fb605d230c292f64d55f","name":"EL GLOBAL","image":{"@type":"ImageObject","inLanguage":"es","@id":"https:\/\/elglobal.do\/#\/schema\/person\/image\/","url":"https:\/\/secure.gravatar.com\/avatar\/081cfb6cf99faddc6f4e23a0c11ab98c5cf302925382d1c88dc3ed757ab910a3?s=96&d=mm&r=g","contentUrl":"https:\/\/secure.gravatar.com\/avatar\/081cfb6cf99faddc6f4e23a0c11ab98c5cf302925382d1c88dc3ed757ab910a3?s=96&d=mm&r=g","caption":"EL GLOBAL"},"description":"El Global Informativo es un peri\u00f3dico digital de Rep\u00fablica Dominicana que se dedica a cubrir temas importantes, como la pol\u00edtica local, geopol\u00edtica, econom\u00eda, tecnolog\u00eda, noticias internacionales y eventos relacionados con la gesti\u00f3n social, cultural y humana. Su objetivo principal es mantener a la poblaci\u00f3n informada, ofreciendo una visi\u00f3n amplia y actualizada de lo que sucede tanto en el pa\u00eds como en el mundo. Est\u00e1 dirigido por un grupo de periodistas experimentados, lo que garantiza la calidad y la precisi\u00f3n de la informaci\u00f3n que ofrecen. Tiene su sede en la ciudad de Santo Domingo y es parte integral del portafolio de la empresa, MC Global S.R.L.","sameAs":["https:\/\/elglobal.do","https:\/\/www.instagram.com\/elglobal.do_informativo\/"],"url":"https:\/\/elglobal.do\/index.php\/author\/elglobaluserpro\/"}]}},"jetpack_featured_media_url":"https:\/\/elglobal.do\/wp-content\/uploads\/2025\/10\/Digital.jpeg","jetpack_sharing_enabled":true,"_links":{"self":[{"href":"https:\/\/elglobal.do\/index.php\/wp-json\/wp\/v2\/posts\/3609","targetHints":{"allow":["GET"]}}],"collection":[{"href":"https:\/\/elglobal.do\/index.php\/wp-json\/wp\/v2\/posts"}],"about":[{"href":"https:\/\/elglobal.do\/index.php\/wp-json\/wp\/v2\/types\/post"}],"author":[{"embeddable":true,"href":"https:\/\/elglobal.do\/index.php\/wp-json\/wp\/v2\/users\/1"}],"replies":[{"embeddable":true,"href":"https:\/\/elglobal.do\/index.php\/wp-json\/wp\/v2\/comments?post=3609"}],"version-history":[{"count":1,"href":"https:\/\/elglobal.do\/index.php\/wp-json\/wp\/v2\/posts\/3609\/revisions"}],"predecessor-version":[{"id":3615,"href":"https:\/\/elglobal.do\/index.php\/wp-json\/wp\/v2\/posts\/3609\/revisions\/3615"}],"wp:featuredmedia":[{"embeddable":true,"href":"https:\/\/elglobal.do\/index.php\/wp-json\/wp\/v2\/media\/3612"}],"wp:attachment":[{"href":"https:\/\/elglobal.do\/index.php\/wp-json\/wp\/v2\/media?parent=3609"}],"wp:term":[{"taxonomy":"category","embeddable":true,"href":"https:\/\/elglobal.do\/index.php\/wp-json\/wp\/v2\/categories?post=3609"},{"taxonomy":"post_tag","embeddable":true,"href":"https:\/\/elglobal.do\/index.php\/wp-json\/wp\/v2\/tags?post=3609"}],"curies":[{"name":"wp","href":"https:\/\/api.w.org\/{rel}","templated":true}]}}