{"id":3625,"date":"2025-10-30T14:37:20","date_gmt":"2025-10-30T18:37:20","guid":{"rendered":"https:\/\/elglobal.do\/?p=3625"},"modified":"2025-10-30T14:40:28","modified_gmt":"2025-10-30T18:40:28","slug":"conferencia-mente-sana-finanzas-claras-lleva-orientacion-a-migrantes-en-florida","status":"publish","type":"post","link":"https:\/\/elglobal.do\/index.php\/2025\/10\/30\/conferencia-mente-sana-finanzas-claras-lleva-orientacion-a-migrantes-en-florida\/","title":{"rendered":"Conferencia \u201cMente Sana Finanzas Claras\u201d lleva orientaci\u00f3n a migrantes en Florida"},"content":{"rendered":"\n<p><em>June Seventh Consulting celebr\u00f3 con \u00e9xito su primera edici\u00f3n de la conferencia para orientar sobre las dificultades que enfrentan los migrantes al intentar establecerse en EE. UU.<\/em><\/p>\n\n\n\n<figure class=\"wp-block-image size-full\"><img loading=\"lazy\" decoding=\"async\" width=\"1024\" height=\"682\" src=\"https:\/\/elglobal.do\/wp-content\/uploads\/2025\/10\/Equipo.jpeg\" alt=\"\" class=\"wp-image-3627\" srcset=\"https:\/\/elglobal.do\/wp-content\/uploads\/2025\/10\/Equipo.jpeg 1024w, https:\/\/elglobal.do\/wp-content\/uploads\/2025\/10\/Equipo-300x200.jpeg 300w, https:\/\/elglobal.do\/wp-content\/uploads\/2025\/10\/Equipo-768x512.jpeg 768w\" sizes=\"auto, (max-width: 1024px) 100vw, 1024px\" \/><figcaption class=\"wp-element-caption\"><em>Algunos de los especialistas junto a Joselyn Guzman y parte del equipo organizador del evento<\/em><\/figcaption><\/figure>\n\n\n\n<p><strong>Miami, Florida, EE. UU. &#8211; <\/strong>La conferencia \u201cMente Sana Finanzas Claras\u201d, organizada por <em>June Seventh Consulting<\/em>, se celebr\u00f3 con gran notoriedad tras acoger a una parte importante de la comunidad migrante latina de la ciudad de Miami en la Florida, en una amplia jornada de exposiciones impartidas por expertos en finanzas y bienestar emocional.<\/p>\n\n\n\n<p>En esta primera entrega, el evento se consolid\u00f3 como un foro donde se abordaron temas sobre la salud mental y la educaci\u00f3n financiera en el marco del Mes de la Herencia Hispana, superando las proyecciones iniciales de asistencia, reflejando la necesidad de orientaci\u00f3n que tiene la comunidad por las dificultades que miles de latinos enfrentan al establecerse en Estados Unidos.<\/p>\n\n\n\n<p>Con un testimonio conmovedor, la tambi\u00e9n migrante y consultora migratoria dominicana, Joselyn Guzm\u00e1n, fundadora de <em>June Seventh Consulting<\/em>, expres\u00f3&nbsp; \u201cvaloro el esfuerzo de este colectivo al querer fortalecer su sistema de vida como descendientes de otro pa\u00eds, uniendo estos dos pilares: la salud emocional y la estabilidad econ\u00f3mica, en \u00abMente Sana Finanzas Claras\u00bb les dimos herramientas pr\u00e1cticas para la organizaci\u00f3n financiera, el manejo del estr\u00e9s econ\u00f3mico, la desinformaci\u00f3n legal y el derecho a la protecci\u00f3n ciudadana\u201d, afirm\u00f3 Guzm\u00e1n.&nbsp;<\/p>\n\n\n\n<p>Siete reconocidos expertos presentaron una visi\u00f3n diversa y especializada de sus conocimientos a los participantes, entre ellos emprendedores, trabajadores independientes y padres de familia que estuvieron en el evento.<\/p>\n\n\n\n<figure class=\"wp-block-image size-full\"><img loading=\"lazy\" decoding=\"async\" width=\"1024\" height=\"682\" src=\"https:\/\/elglobal.do\/wp-content\/uploads\/2025\/10\/Publico.jpeg\" alt=\"\" class=\"wp-image-3628\" srcset=\"https:\/\/elglobal.do\/wp-content\/uploads\/2025\/10\/Publico.jpeg 1024w, https:\/\/elglobal.do\/wp-content\/uploads\/2025\/10\/Publico-300x200.jpeg 300w, https:\/\/elglobal.do\/wp-content\/uploads\/2025\/10\/Publico-768x512.jpeg 768w\" sizes=\"auto, (max-width: 1024px) 100vw, 1024px\" \/><figcaption class=\"wp-element-caption\"><em>Expositora Raymi Nodarse<\/em><\/figcaption><\/figure>\n\n\n\n<p>Los especialistas fueron Raymi Nodarse, con su exposici\u00f3n&nbsp; \u00abRealtor con prop\u00f3sito\u00bb, que abord\u00f3 los retos al llegar a un nuevo pa\u00eds como migrante, adem\u00e1s de las claves de inversi\u00f3n y vivienda; Sof\u00eda Ma\u00f1\u00f3n, psic\u00f3loga, quien con su conferencia \u00abMente Sana\u00bb habl\u00f3 de lo que emocionalmente nos impide dar los primeros pasos para organizarnos en el \u00e1rea financiera; asimismo, la economista y asesora financiera, Paola Arvelo quien con su charla \u00abFinanzas Claras\u00bb ofreci\u00f3 estrategias para la organizaci\u00f3n econ\u00f3mica personal y de negocios.<\/p>\n\n\n\n<p>Tambi\u00e9n estuvieron: Carlos Buelvas, coach de ventas quien dio t\u00e9cnicas para potenciar la generaci\u00f3n de ingresos; Karen Silva, asesora de seguros, gui\u00f3 a los asistentes sobre la protecci\u00f3n familiar en salud y vida; Ricardo Canela, coach motivacional para impulsar la mentalidad de \u00e9xito y superaci\u00f3n; y Joselyn Guzm\u00e1n, periodista, consultora migratoria y l\u00edder del evento, intervino en el bienestar integral y la importancia de conocer el sistema de planificaci\u00f3n y protecci\u00f3n.<\/p>\n\n\n\n<div class=\"wp-block-columns is-layout-flex wp-container-core-columns-is-layout-9d6595d7 wp-block-columns-is-layout-flex\">\n<div class=\"wp-block-column is-layout-flow wp-block-column-is-layout-flow\" style=\"flex-basis:50%\">\n<figure class=\"wp-block-image size-large\"><img loading=\"lazy\" decoding=\"async\" width=\"683\" height=\"1024\" src=\"https:\/\/elglobal.do\/wp-content\/uploads\/2025\/10\/Joselyn-Iro-683x1024.jpeg\" alt=\"\" class=\"wp-image-3629\" srcset=\"https:\/\/elglobal.do\/wp-content\/uploads\/2025\/10\/Joselyn-Iro-683x1024.jpeg 683w, https:\/\/elglobal.do\/wp-content\/uploads\/2025\/10\/Joselyn-Iro-200x300.jpeg 200w, https:\/\/elglobal.do\/wp-content\/uploads\/2025\/10\/Joselyn-Iro-768x1151.jpeg 768w, https:\/\/elglobal.do\/wp-content\/uploads\/2025\/10\/Joselyn-Iro.jpeg 854w\" sizes=\"auto, (max-width: 683px) 100vw, 683px\" \/><figcaption class=\"wp-element-caption\"> <em>Joselyn Guzm\u00e1n, comunicadora y consultora migratoria y la comunicadora Ironelly Garc\u00eda <\/em><\/figcaption><\/figure>\n<\/div>\n\n\n\n<div class=\"wp-block-column is-layout-flow wp-block-column-is-layout-flow\" style=\"flex-basis:50%\"><\/div>\n<\/div>\n\n\n\n<figure class=\"wp-block-image size-full\"><img loading=\"lazy\" decoding=\"async\" width=\"1024\" height=\"682\" src=\"https:\/\/elglobal.do\/wp-content\/uploads\/2025\/10\/Asistentes.jpeg\" alt=\"\" class=\"wp-image-3630\" srcset=\"https:\/\/elglobal.do\/wp-content\/uploads\/2025\/10\/Asistentes.jpeg 1024w, https:\/\/elglobal.do\/wp-content\/uploads\/2025\/10\/Asistentes-300x200.jpeg 300w, https:\/\/elglobal.do\/wp-content\/uploads\/2025\/10\/Asistentes-768x512.jpeg 768w\" sizes=\"auto, (max-width: 1024px) 100vw, 1024px\" \/><figcaption class=\"wp-element-caption\"><em>Joselyn Guzm\u00e1n junto a asistentes del evento<\/em><\/figcaption><\/figure>\n","protected":false},"excerpt":{"rendered":"<p>June Seventh Consulting celebr\u00f3 con \u00e9xito su primera edici\u00f3n de la conferencia para orientar sobre las dificultades que enfrentan los migrantes al intentar establecerse en EE. UU. Miami, Florida, EE.&hellip; <\/p>\n","protected":false},"author":1,"featured_media":3626,"comment_status":"open","ping_status":"open","sticky":false,"template":"","format":"standard","meta":{"_jetpack_memberships_contains_paid_content":false,"footnotes":""},"categories":[14,327],"tags":[636,98,1917,1916,1918,1627,981],"class_list":["post-3625","post","type-post","status-publish","format-standard","has-post-thumbnail","hentry","category-slider","category-sociales","tag-conferencia","tag-elglobalinformativo","tag-finanzasclaras","tag-florida","tag-mentesana","tag-migrantes","tag-orientacion"],"yoast_head":"<!-- This site is optimized with the Yoast SEO plugin v26.9 - https:\/\/yoast.com\/product\/yoast-seo-wordpress\/ -->\n<title>Conferencia \u201cMente Sana Finanzas Claras\u201d lleva orientaci\u00f3n a migrantes en Florida - EL GLOBAL INFORMATIVO<\/title>\n<meta name=\"robots\" content=\"index, follow, max-snippet:-1, max-image-preview:large, max-video-preview:-1\" \/>\n<link rel=\"canonical\" href=\"https:\/\/elglobal.do\/index.php\/2025\/10\/30\/conferencia-mente-sana-finanzas-claras-lleva-orientacion-a-migrantes-en-florida\/\" \/>\n<meta property=\"og:locale\" content=\"es_ES\" \/>\n<meta property=\"og:type\" content=\"article\" \/>\n<meta property=\"og:title\" content=\"Conferencia \u201cMente Sana Finanzas Claras\u201d lleva orientaci\u00f3n a migrantes en Florida - EL GLOBAL INFORMATIVO\" \/>\n<meta property=\"og:description\" content=\"June Seventh Consulting celebr\u00f3 con \u00e9xito su primera edici\u00f3n de la conferencia para orientar sobre las dificultades que enfrentan los migrantes al intentar establecerse en EE. UU. Miami, Florida, EE.&hellip;\" \/>\n<meta property=\"og:url\" content=\"https:\/\/elglobal.do\/index.php\/2025\/10\/30\/conferencia-mente-sana-finanzas-claras-lleva-orientacion-a-migrantes-en-florida\/\" \/>\n<meta property=\"og:site_name\" content=\"EL GLOBAL INFORMATIVO\" \/>\n<meta property=\"article:published_time\" content=\"2025-10-30T18:37:20+00:00\" \/>\n<meta property=\"article:modified_time\" content=\"2025-10-30T18:40:28+00:00\" \/>\n<meta property=\"og:image\" content=\"https:\/\/elglobal.do\/wp-content\/uploads\/2025\/10\/Joselyn.jpeg\" \/>\n\t<meta property=\"og:image:width\" content=\"1024\" \/>\n\t<meta property=\"og:image:height\" content=\"956\" \/>\n\t<meta property=\"og:image:type\" content=\"image\/jpeg\" \/>\n<meta name=\"author\" content=\"EL GLOBAL\" \/>\n<meta name=\"twitter:card\" content=\"summary_large_image\" \/>\n<meta name=\"twitter:label1\" content=\"Escrito por\" \/>\n\t<meta name=\"twitter:data1\" content=\"EL GLOBAL\" \/>\n\t<meta name=\"twitter:label2\" content=\"Tiempo de lectura\" \/>\n\t<meta name=\"twitter:data2\" content=\"3 minutos\" \/>\n<script type=\"application\/ld+json\" class=\"yoast-schema-graph\">{\"@context\":\"https:\/\/schema.org\",\"@graph\":[{\"@type\":\"Article\",\"@id\":\"https:\/\/elglobal.do\/index.php\/2025\/10\/30\/conferencia-mente-sana-finanzas-claras-lleva-orientacion-a-migrantes-en-florida\/#article\",\"isPartOf\":{\"@id\":\"https:\/\/elglobal.do\/index.php\/2025\/10\/30\/conferencia-mente-sana-finanzas-claras-lleva-orientacion-a-migrantes-en-florida\/\"},\"author\":{\"name\":\"EL GLOBAL\",\"@id\":\"https:\/\/elglobal.do\/#\/schema\/person\/0c97ec2c7714fb605d230c292f64d55f\"},\"headline\":\"Conferencia \u201cMente Sana Finanzas Claras\u201d lleva orientaci\u00f3n a migrantes en Florida\",\"datePublished\":\"2025-10-30T18:37:20+00:00\",\"dateModified\":\"2025-10-30T18:40:28+00:00\",\"mainEntityOfPage\":{\"@id\":\"https:\/\/elglobal.do\/index.php\/2025\/10\/30\/conferencia-mente-sana-finanzas-claras-lleva-orientacion-a-migrantes-en-florida\/\"},\"wordCount\":488,\"commentCount\":0,\"publisher\":{\"@id\":\"https:\/\/elglobal.do\/#organization\"},\"image\":{\"@id\":\"https:\/\/elglobal.do\/index.php\/2025\/10\/30\/conferencia-mente-sana-finanzas-claras-lleva-orientacion-a-migrantes-en-florida\/#primaryimage\"},\"thumbnailUrl\":\"https:\/\/elglobal.do\/wp-content\/uploads\/2025\/10\/Joselyn.jpeg\",\"keywords\":[\"#conferencia\",\"#ElGlobalInformativo\",\"#FinanzasClaras\",\"#Florida\",\"#MenteSana\",\"#Migrantes\",\"#orientaci\u00f3n\"],\"articleSection\":[\"NOTICIAS RELEVANTES\",\"SOCIALES\"],\"inLanguage\":\"es\",\"potentialAction\":[{\"@type\":\"CommentAction\",\"name\":\"Comment\",\"target\":[\"https:\/\/elglobal.do\/index.php\/2025\/10\/30\/conferencia-mente-sana-finanzas-claras-lleva-orientacion-a-migrantes-en-florida\/#respond\"]}]},{\"@type\":\"WebPage\",\"@id\":\"https:\/\/elglobal.do\/index.php\/2025\/10\/30\/conferencia-mente-sana-finanzas-claras-lleva-orientacion-a-migrantes-en-florida\/\",\"url\":\"https:\/\/elglobal.do\/index.php\/2025\/10\/30\/conferencia-mente-sana-finanzas-claras-lleva-orientacion-a-migrantes-en-florida\/\",\"name\":\"Conferencia \u201cMente Sana Finanzas Claras\u201d lleva orientaci\u00f3n a migrantes en Florida - EL GLOBAL INFORMATIVO\",\"isPartOf\":{\"@id\":\"https:\/\/elglobal.do\/#website\"},\"primaryImageOfPage\":{\"@id\":\"https:\/\/elglobal.do\/index.php\/2025\/10\/30\/conferencia-mente-sana-finanzas-claras-lleva-orientacion-a-migrantes-en-florida\/#primaryimage\"},\"image\":{\"@id\":\"https:\/\/elglobal.do\/index.php\/2025\/10\/30\/conferencia-mente-sana-finanzas-claras-lleva-orientacion-a-migrantes-en-florida\/#primaryimage\"},\"thumbnailUrl\":\"https:\/\/elglobal.do\/wp-content\/uploads\/2025\/10\/Joselyn.jpeg\",\"datePublished\":\"2025-10-30T18:37:20+00:00\",\"dateModified\":\"2025-10-30T18:40:28+00:00\",\"breadcrumb\":{\"@id\":\"https:\/\/elglobal.do\/index.php\/2025\/10\/30\/conferencia-mente-sana-finanzas-claras-lleva-orientacion-a-migrantes-en-florida\/#breadcrumb\"},\"inLanguage\":\"es\",\"potentialAction\":[{\"@type\":\"ReadAction\",\"target\":[\"https:\/\/elglobal.do\/index.php\/2025\/10\/30\/conferencia-mente-sana-finanzas-claras-lleva-orientacion-a-migrantes-en-florida\/\"]}]},{\"@type\":\"ImageObject\",\"inLanguage\":\"es\",\"@id\":\"https:\/\/elglobal.do\/index.php\/2025\/10\/30\/conferencia-mente-sana-finanzas-claras-lleva-orientacion-a-migrantes-en-florida\/#primaryimage\",\"url\":\"https:\/\/elglobal.do\/wp-content\/uploads\/2025\/10\/Joselyn.jpeg\",\"contentUrl\":\"https:\/\/elglobal.do\/wp-content\/uploads\/2025\/10\/Joselyn.jpeg\",\"width\":1024,\"height\":956},{\"@type\":\"BreadcrumbList\",\"@id\":\"https:\/\/elglobal.do\/index.php\/2025\/10\/30\/conferencia-mente-sana-finanzas-claras-lleva-orientacion-a-migrantes-en-florida\/#breadcrumb\",\"itemListElement\":[{\"@type\":\"ListItem\",\"position\":1,\"name\":\"Portada\",\"item\":\"https:\/\/elglobal.do\/\"},{\"@type\":\"ListItem\",\"position\":2,\"name\":\"Conferencia \u201cMente Sana Finanzas Claras\u201d lleva orientaci\u00f3n a migrantes en Florida\"}]},{\"@type\":\"WebSite\",\"@id\":\"https:\/\/elglobal.do\/#website\",\"url\":\"https:\/\/elglobal.do\/\",\"name\":\"EL GLOBAL INFORMATIVO\",\"description\":\"Peri\u00f3dico digital de la Rep\u00fablica Dominicana que ofrece noticias, novedades, pol\u00edtica y las \u00faltimas actualidades, con informaci\u00f3n veraz y oportuna para mantenerte siempre informad\",\"publisher\":{\"@id\":\"https:\/\/elglobal.do\/#organization\"},\"potentialAction\":[{\"@type\":\"SearchAction\",\"target\":{\"@type\":\"EntryPoint\",\"urlTemplate\":\"https:\/\/elglobal.do\/?s={search_term_string}\"},\"query-input\":{\"@type\":\"PropertyValueSpecification\",\"valueRequired\":true,\"valueName\":\"search_term_string\"}}],\"inLanguage\":\"es\"},{\"@type\":\"Organization\",\"@id\":\"https:\/\/elglobal.do\/#organization\",\"name\":\"EL GLOBAL.DO INFORMATIVO\",\"url\":\"https:\/\/elglobal.do\/\",\"logo\":{\"@type\":\"ImageObject\",\"inLanguage\":\"es\",\"@id\":\"https:\/\/elglobal.do\/#\/schema\/logo\/image\/\",\"url\":\"https:\/\/elglobal.do\/wp-content\/uploads\/2025\/08\/icon.png\",\"contentUrl\":\"https:\/\/elglobal.do\/wp-content\/uploads\/2025\/08\/icon.png\",\"width\":512,\"height\":512,\"caption\":\"EL GLOBAL.DO INFORMATIVO\"},\"image\":{\"@id\":\"https:\/\/elglobal.do\/#\/schema\/logo\/image\/\"}},{\"@type\":\"Person\",\"@id\":\"https:\/\/elglobal.do\/#\/schema\/person\/0c97ec2c7714fb605d230c292f64d55f\",\"name\":\"EL GLOBAL\",\"image\":{\"@type\":\"ImageObject\",\"inLanguage\":\"es\",\"@id\":\"https:\/\/elglobal.do\/#\/schema\/person\/image\/\",\"url\":\"https:\/\/secure.gravatar.com\/avatar\/081cfb6cf99faddc6f4e23a0c11ab98c5cf302925382d1c88dc3ed757ab910a3?s=96&d=mm&r=g\",\"contentUrl\":\"https:\/\/secure.gravatar.com\/avatar\/081cfb6cf99faddc6f4e23a0c11ab98c5cf302925382d1c88dc3ed757ab910a3?s=96&d=mm&r=g\",\"caption\":\"EL GLOBAL\"},\"description\":\"El Global Informativo es un peri\u00f3dico digital de Rep\u00fablica Dominicana que se dedica a cubrir temas importantes, como la pol\u00edtica local, geopol\u00edtica, econom\u00eda, tecnolog\u00eda, noticias internacionales y eventos relacionados con la gesti\u00f3n social, cultural y humana. Su objetivo principal es mantener a la poblaci\u00f3n informada, ofreciendo una visi\u00f3n amplia y actualizada de lo que sucede tanto en el pa\u00eds como en el mundo. Est\u00e1 dirigido por un grupo de periodistas experimentados, lo que garantiza la calidad y la precisi\u00f3n de la informaci\u00f3n que ofrecen. Tiene su sede en la ciudad de Santo Domingo y es parte integral del portafolio de la empresa, MC Global S.R.L.\",\"sameAs\":[\"https:\/\/elglobal.do\",\"https:\/\/www.instagram.com\/elglobal.do_informativo\/\"],\"url\":\"https:\/\/elglobal.do\/index.php\/author\/elglobaluserpro\/\"}]}<\/script>\n<!-- \/ Yoast SEO plugin. -->","yoast_head_json":{"title":"Conferencia \u201cMente Sana Finanzas Claras\u201d lleva orientaci\u00f3n a migrantes en Florida - EL GLOBAL INFORMATIVO","robots":{"index":"index","follow":"follow","max-snippet":"max-snippet:-1","max-image-preview":"max-image-preview:large","max-video-preview":"max-video-preview:-1"},"canonical":"https:\/\/elglobal.do\/index.php\/2025\/10\/30\/conferencia-mente-sana-finanzas-claras-lleva-orientacion-a-migrantes-en-florida\/","og_locale":"es_ES","og_type":"article","og_title":"Conferencia \u201cMente Sana Finanzas Claras\u201d lleva orientaci\u00f3n a migrantes en Florida - EL GLOBAL INFORMATIVO","og_description":"June Seventh Consulting celebr\u00f3 con \u00e9xito su primera edici\u00f3n de la conferencia para orientar sobre las dificultades que enfrentan los migrantes al intentar establecerse en EE. UU. Miami, Florida, EE.&hellip;","og_url":"https:\/\/elglobal.do\/index.php\/2025\/10\/30\/conferencia-mente-sana-finanzas-claras-lleva-orientacion-a-migrantes-en-florida\/","og_site_name":"EL GLOBAL INFORMATIVO","article_published_time":"2025-10-30T18:37:20+00:00","article_modified_time":"2025-10-30T18:40:28+00:00","og_image":[{"width":1024,"height":956,"url":"https:\/\/elglobal.do\/wp-content\/uploads\/2025\/10\/Joselyn.jpeg","type":"image\/jpeg"}],"author":"EL GLOBAL","twitter_card":"summary_large_image","twitter_misc":{"Escrito por":"EL GLOBAL","Tiempo de lectura":"3 minutos"},"schema":{"@context":"https:\/\/schema.org","@graph":[{"@type":"Article","@id":"https:\/\/elglobal.do\/index.php\/2025\/10\/30\/conferencia-mente-sana-finanzas-claras-lleva-orientacion-a-migrantes-en-florida\/#article","isPartOf":{"@id":"https:\/\/elglobal.do\/index.php\/2025\/10\/30\/conferencia-mente-sana-finanzas-claras-lleva-orientacion-a-migrantes-en-florida\/"},"author":{"name":"EL GLOBAL","@id":"https:\/\/elglobal.do\/#\/schema\/person\/0c97ec2c7714fb605d230c292f64d55f"},"headline":"Conferencia \u201cMente Sana Finanzas Claras\u201d lleva orientaci\u00f3n a migrantes en Florida","datePublished":"2025-10-30T18:37:20+00:00","dateModified":"2025-10-30T18:40:28+00:00","mainEntityOfPage":{"@id":"https:\/\/elglobal.do\/index.php\/2025\/10\/30\/conferencia-mente-sana-finanzas-claras-lleva-orientacion-a-migrantes-en-florida\/"},"wordCount":488,"commentCount":0,"publisher":{"@id":"https:\/\/elglobal.do\/#organization"},"image":{"@id":"https:\/\/elglobal.do\/index.php\/2025\/10\/30\/conferencia-mente-sana-finanzas-claras-lleva-orientacion-a-migrantes-en-florida\/#primaryimage"},"thumbnailUrl":"https:\/\/elglobal.do\/wp-content\/uploads\/2025\/10\/Joselyn.jpeg","keywords":["#conferencia","#ElGlobalInformativo","#FinanzasClaras","#Florida","#MenteSana","#Migrantes","#orientaci\u00f3n"],"articleSection":["NOTICIAS RELEVANTES","SOCIALES"],"inLanguage":"es","potentialAction":[{"@type":"CommentAction","name":"Comment","target":["https:\/\/elglobal.do\/index.php\/2025\/10\/30\/conferencia-mente-sana-finanzas-claras-lleva-orientacion-a-migrantes-en-florida\/#respond"]}]},{"@type":"WebPage","@id":"https:\/\/elglobal.do\/index.php\/2025\/10\/30\/conferencia-mente-sana-finanzas-claras-lleva-orientacion-a-migrantes-en-florida\/","url":"https:\/\/elglobal.do\/index.php\/2025\/10\/30\/conferencia-mente-sana-finanzas-claras-lleva-orientacion-a-migrantes-en-florida\/","name":"Conferencia \u201cMente Sana Finanzas Claras\u201d lleva orientaci\u00f3n a migrantes en Florida - EL GLOBAL INFORMATIVO","isPartOf":{"@id":"https:\/\/elglobal.do\/#website"},"primaryImageOfPage":{"@id":"https:\/\/elglobal.do\/index.php\/2025\/10\/30\/conferencia-mente-sana-finanzas-claras-lleva-orientacion-a-migrantes-en-florida\/#primaryimage"},"image":{"@id":"https:\/\/elglobal.do\/index.php\/2025\/10\/30\/conferencia-mente-sana-finanzas-claras-lleva-orientacion-a-migrantes-en-florida\/#primaryimage"},"thumbnailUrl":"https:\/\/elglobal.do\/wp-content\/uploads\/2025\/10\/Joselyn.jpeg","datePublished":"2025-10-30T18:37:20+00:00","dateModified":"2025-10-30T18:40:28+00:00","breadcrumb":{"@id":"https:\/\/elglobal.do\/index.php\/2025\/10\/30\/conferencia-mente-sana-finanzas-claras-lleva-orientacion-a-migrantes-en-florida\/#breadcrumb"},"inLanguage":"es","potentialAction":[{"@type":"ReadAction","target":["https:\/\/elglobal.do\/index.php\/2025\/10\/30\/conferencia-mente-sana-finanzas-claras-lleva-orientacion-a-migrantes-en-florida\/"]}]},{"@type":"ImageObject","inLanguage":"es","@id":"https:\/\/elglobal.do\/index.php\/2025\/10\/30\/conferencia-mente-sana-finanzas-claras-lleva-orientacion-a-migrantes-en-florida\/#primaryimage","url":"https:\/\/elglobal.do\/wp-content\/uploads\/2025\/10\/Joselyn.jpeg","contentUrl":"https:\/\/elglobal.do\/wp-content\/uploads\/2025\/10\/Joselyn.jpeg","width":1024,"height":956},{"@type":"BreadcrumbList","@id":"https:\/\/elglobal.do\/index.php\/2025\/10\/30\/conferencia-mente-sana-finanzas-claras-lleva-orientacion-a-migrantes-en-florida\/#breadcrumb","itemListElement":[{"@type":"ListItem","position":1,"name":"Portada","item":"https:\/\/elglobal.do\/"},{"@type":"ListItem","position":2,"name":"Conferencia \u201cMente Sana Finanzas Claras\u201d lleva orientaci\u00f3n a migrantes en Florida"}]},{"@type":"WebSite","@id":"https:\/\/elglobal.do\/#website","url":"https:\/\/elglobal.do\/","name":"EL GLOBAL INFORMATIVO","description":"Peri\u00f3dico digital de la Rep\u00fablica Dominicana que ofrece noticias, novedades, pol\u00edtica y las \u00faltimas actualidades, con informaci\u00f3n veraz y oportuna para mantenerte siempre informad","publisher":{"@id":"https:\/\/elglobal.do\/#organization"},"potentialAction":[{"@type":"SearchAction","target":{"@type":"EntryPoint","urlTemplate":"https:\/\/elglobal.do\/?s={search_term_string}"},"query-input":{"@type":"PropertyValueSpecification","valueRequired":true,"valueName":"search_term_string"}}],"inLanguage":"es"},{"@type":"Organization","@id":"https:\/\/elglobal.do\/#organization","name":"EL GLOBAL.DO INFORMATIVO","url":"https:\/\/elglobal.do\/","logo":{"@type":"ImageObject","inLanguage":"es","@id":"https:\/\/elglobal.do\/#\/schema\/logo\/image\/","url":"https:\/\/elglobal.do\/wp-content\/uploads\/2025\/08\/icon.png","contentUrl":"https:\/\/elglobal.do\/wp-content\/uploads\/2025\/08\/icon.png","width":512,"height":512,"caption":"EL GLOBAL.DO INFORMATIVO"},"image":{"@id":"https:\/\/elglobal.do\/#\/schema\/logo\/image\/"}},{"@type":"Person","@id":"https:\/\/elglobal.do\/#\/schema\/person\/0c97ec2c7714fb605d230c292f64d55f","name":"EL GLOBAL","image":{"@type":"ImageObject","inLanguage":"es","@id":"https:\/\/elglobal.do\/#\/schema\/person\/image\/","url":"https:\/\/secure.gravatar.com\/avatar\/081cfb6cf99faddc6f4e23a0c11ab98c5cf302925382d1c88dc3ed757ab910a3?s=96&d=mm&r=g","contentUrl":"https:\/\/secure.gravatar.com\/avatar\/081cfb6cf99faddc6f4e23a0c11ab98c5cf302925382d1c88dc3ed757ab910a3?s=96&d=mm&r=g","caption":"EL GLOBAL"},"description":"El Global Informativo es un peri\u00f3dico digital de Rep\u00fablica Dominicana que se dedica a cubrir temas importantes, como la pol\u00edtica local, geopol\u00edtica, econom\u00eda, tecnolog\u00eda, noticias internacionales y eventos relacionados con la gesti\u00f3n social, cultural y humana. Su objetivo principal es mantener a la poblaci\u00f3n informada, ofreciendo una visi\u00f3n amplia y actualizada de lo que sucede tanto en el pa\u00eds como en el mundo. Est\u00e1 dirigido por un grupo de periodistas experimentados, lo que garantiza la calidad y la precisi\u00f3n de la informaci\u00f3n que ofrecen. Tiene su sede en la ciudad de Santo Domingo y es parte integral del portafolio de la empresa, MC Global S.R.L.","sameAs":["https:\/\/elglobal.do","https:\/\/www.instagram.com\/elglobal.do_informativo\/"],"url":"https:\/\/elglobal.do\/index.php\/author\/elglobaluserpro\/"}]}},"jetpack_featured_media_url":"https:\/\/elglobal.do\/wp-content\/uploads\/2025\/10\/Joselyn.jpeg","jetpack_sharing_enabled":true,"_links":{"self":[{"href":"https:\/\/elglobal.do\/index.php\/wp-json\/wp\/v2\/posts\/3625","targetHints":{"allow":["GET"]}}],"collection":[{"href":"https:\/\/elglobal.do\/index.php\/wp-json\/wp\/v2\/posts"}],"about":[{"href":"https:\/\/elglobal.do\/index.php\/wp-json\/wp\/v2\/types\/post"}],"author":[{"embeddable":true,"href":"https:\/\/elglobal.do\/index.php\/wp-json\/wp\/v2\/users\/1"}],"replies":[{"embeddable":true,"href":"https:\/\/elglobal.do\/index.php\/wp-json\/wp\/v2\/comments?post=3625"}],"version-history":[{"count":2,"href":"https:\/\/elglobal.do\/index.php\/wp-json\/wp\/v2\/posts\/3625\/revisions"}],"predecessor-version":[{"id":3634,"href":"https:\/\/elglobal.do\/index.php\/wp-json\/wp\/v2\/posts\/3625\/revisions\/3634"}],"wp:featuredmedia":[{"embeddable":true,"href":"https:\/\/elglobal.do\/index.php\/wp-json\/wp\/v2\/media\/3626"}],"wp:attachment":[{"href":"https:\/\/elglobal.do\/index.php\/wp-json\/wp\/v2\/media?parent=3625"}],"wp:term":[{"taxonomy":"category","embeddable":true,"href":"https:\/\/elglobal.do\/index.php\/wp-json\/wp\/v2\/categories?post=3625"},{"taxonomy":"post_tag","embeddable":true,"href":"https:\/\/elglobal.do\/index.php\/wp-json\/wp\/v2\/tags?post=3625"}],"curies":[{"name":"wp","href":"https:\/\/api.w.org\/{rel}","templated":true}]}}