{"id":3636,"date":"2025-10-30T15:04:40","date_gmt":"2025-10-30T19:04:40","guid":{"rendered":"https:\/\/elglobal.do\/?p=3636"},"modified":"2025-10-30T15:04:42","modified_gmt":"2025-10-30T19:04:42","slug":"abinader-asegura-que-reforma-penitenciaria-es-un-proceso-irreversible","status":"publish","type":"post","link":"https:\/\/elglobal.do\/index.php\/2025\/10\/30\/abinader-asegura-que-reforma-penitenciaria-es-un-proceso-irreversible\/","title":{"rendered":"Abinader asegura que Reforma Penitenciaria es un proceso irreversible"},"content":{"rendered":"\n<figure class=\"wp-block-image size-large is-resized\"><img loading=\"lazy\" decoding=\"async\" width=\"1024\" height=\"819\" src=\"https:\/\/elglobal.do\/wp-content\/uploads\/2025\/10\/image-179-1024x819.png\" alt=\"\" class=\"wp-image-3637\" style=\"width:646px;height:auto\" srcset=\"https:\/\/elglobal.do\/wp-content\/uploads\/2025\/10\/image-179-1024x819.png 1024w, https:\/\/elglobal.do\/wp-content\/uploads\/2025\/10\/image-179-300x240.png 300w, https:\/\/elglobal.do\/wp-content\/uploads\/2025\/10\/image-179-768x614.png 768w, https:\/\/elglobal.do\/wp-content\/uploads\/2025\/10\/image-179-1536x1229.png 1536w, https:\/\/elglobal.do\/wp-content\/uploads\/2025\/10\/image-179.png 1600w\" sizes=\"auto, (max-width: 1024px) 100vw, 1024px\" \/><\/figure>\n\n\n\n<p><strong>Santo Domingo. \u2013<\/strong> En el Segundo Encuentro Nacional para la Reforma Penitenciaria, el presidente Luis Abinader reafirm\u00f3 la voluntad de continuar fortaleciendo el sistema penitenciario nacional sobre la base de la transparencia, recibiendo los originales de los acuerdos firmados entre la Oficina Nacional de Apoyo a la Reforma Penitenciaria (ONAPREP) y diversas instituciones p\u00fablicas, empresariales, educativas y profesionales, parte de los cuales est\u00e1n en plena ejecuci\u00f3n.<\/p>\n\n\n\n<p>El presidente Luis Abinader asegur\u00f3 que el pa\u00eds avanza hacia una transformaci\u00f3n profunda y definitiva del sistema carcelario, con la participaci\u00f3n activa de la sociedad y el compromiso firme del Gobierno.<\/p>\n\n\n<div class=\"wp-block-image\">\n<figure class=\"alignright size-large is-resized\"><img loading=\"lazy\" decoding=\"async\" width=\"1024\" height=\"850\" src=\"https:\/\/elglobal.do\/wp-content\/uploads\/2025\/10\/image-180-1024x850.png\" alt=\"\" class=\"wp-image-3638\" style=\"width:346px;height:auto\" srcset=\"https:\/\/elglobal.do\/wp-content\/uploads\/2025\/10\/image-180-1024x850.png 1024w, https:\/\/elglobal.do\/wp-content\/uploads\/2025\/10\/image-180-300x249.png 300w, https:\/\/elglobal.do\/wp-content\/uploads\/2025\/10\/image-180-768x637.png 768w, https:\/\/elglobal.do\/wp-content\/uploads\/2025\/10\/image-180-1536x1275.png 1536w, https:\/\/elglobal.do\/wp-content\/uploads\/2025\/10\/image-180.png 1600w\" sizes=\"auto, (max-width: 1024px) 100vw, 1024px\" \/><\/figure>\n<\/div>\n\n\n<p>\u201cCon este nivel de participaci\u00f3n social y compromiso que compruebo hoy, puedo asegurar que el delicado e impostergable proceso de cambio penitenciario es ya irreversible, porque ya no es s\u00f3lo un gobierno, disponiendo, como lo estamos haciendo hasta ahora, de la construcci\u00f3n de centros penitenciarios, seguros, humanos y conducidos por personal civil especializado, sino que tambi\u00e9n est\u00e1 la sociedad dominicana, acompa\u00f1ando y vigilando para que se mantenga como prioridad la creaci\u00f3n de un modelo penitenciario que nos d\u00e9 tranquilidad a todos\u201d, expres\u00f3 el mandatario.<\/p>\n\n\n\n<p>El gobernante felicit\u00f3 a las 46 entidades sociales, privadas y p\u00fablicas que apoyan el proceso de reforma penitenciaria en marcha, y destac\u00f3 que este nivel de compromiso garantiza que el cambio en el sistema penitenciario es ya irreversible.<\/p>\n\n\n\n<p>\u201cHoy les recibo por segunda vez y con mucho entusiasmo para que demos seguimiento al compromiso de impulsar una reforma penitenciaria como la que necesita nuestro pueblo dominicano, profunda, seria, cre\u00edble y generadora de convivencia ciudadana segura\u201d, Manifest\u00f3 Abinader.<\/p>\n\n\n\n<p>El jefe de Estado agradeci\u00f3 especialmente a los comit\u00e9s de apoyo a la reforma penitenciaria de todas las regiones del pa\u00eds, resaltando su trabajo voluntario y desinteresado en favor de la seguridad y la tranquilidad de sus comunidades. \u201cSu responsabilidad y entrega me enorgullecen como presidente de la Rep\u00fablica\u201d.<\/p>\n\n\n\n<p>Asimismo, valor\u00f3 la participaci\u00f3n del sector privado, los colegios profesionales y las organizaciones sociales, al reconocer que atender debidamente y sin retrasos el tema carcelario es una necesidad colectiva imposible de ignorar por un gobierno democr\u00e1tico.<\/p>\n\n\n\n<p>El mandatario inform\u00f3 que se ha fortalecido la coordinaci\u00f3n entre 21 dependencias gubernamentales para garantizar un trabajo eficaz en todas las fases de la reforma, desde las condiciones de habitabilidad y los programas de rehabilitaci\u00f3n, hasta la reinserci\u00f3n social, con el objetivo de evitar la reincidencia, el delito y la violencia en la comunidad.<\/p>\n\n\n\n<p>Finalmente, Abinader convoc\u00f3 a los presentes a continuar este esfuerzo conjunto: \u201cAs\u00ed como los apoy\u00e9 personalmente desde el primer encuentro nacional, hoy de nuevo los invito a que nos reunamos el pr\u00f3ximo a\u00f1o en estas fechas, por m\u00e1s logros, por m\u00e1s compromiso y por m\u00e1s patria.\u201d<\/p>\n\n\n\n<p><strong>Pol\u00edtica de Estado que garantiza dignidad y oportunidades de reinserci\u00f3n<\/strong><\/p>\n\n\n\n<figure class=\"wp-block-image size-large is-resized\"><img loading=\"lazy\" decoding=\"async\" width=\"1024\" height=\"682\" src=\"https:\/\/elglobal.do\/wp-content\/uploads\/2025\/10\/image-181-1024x682.png\" alt=\"\" class=\"wp-image-3639\" style=\"width:690px;height:auto\" srcset=\"https:\/\/elglobal.do\/wp-content\/uploads\/2025\/10\/image-181-1024x682.png 1024w, https:\/\/elglobal.do\/wp-content\/uploads\/2025\/10\/image-181-300x200.png 300w, https:\/\/elglobal.do\/wp-content\/uploads\/2025\/10\/image-181-768x512.png 768w, https:\/\/elglobal.do\/wp-content\/uploads\/2025\/10\/image-181-1536x1023.png 1536w, https:\/\/elglobal.do\/wp-content\/uploads\/2025\/10\/image-181.png 1600w\" sizes=\"auto, (max-width: 1024px) 100vw, 1024px\" \/><\/figure>\n\n\n\n<p>De su lado, el director de la Oficina Nacional de Apoyo a la Reforma Penitenciaria, Roberto Santana, afirm\u00f3 que con la respuesta del Gobierno encabezado por el presidente Luis Abinader ha concluido el tiempo en el que las c\u00e1rceles exist\u00edan solo con la atenci\u00f3n intermitente de los gobiernos y dijo que el liderazgo del mandatario marca un punto de inflexi\u00f3n en la historia penitenciaria nacional, al colocar la reforma como una pol\u00edtica de Estado que garantiza dignidad, seguridad y oportunidades reales de reinserci\u00f3n para las personas privadas de libertad.<\/p>\n\n\n\n<p>Santana resalt\u00f3 que el impulso dado por el presidente Abinader representa \u201cel cierre definitivo a la indiferencia social ante el drama penitenciario\u201d, y llam\u00f3 a toda la sociedad a acompa\u00f1ar este proceso transformador, subrayando que lleg\u00f3 el momento de cambiar la historia y de convertir al sistema penitenciario dominicano en un ejemplo de humanidad, justicia y compromiso colectivo, respaldando al presidente Abinader en su determinaci\u00f3n de hacer de esta reforma un s\u00edmbolo de progreso nacional.<\/p>\n\n\n\n<p><strong>Acuerdos suscritos de ONAPREP<\/strong><\/p>\n\n\n\n<p>Los acuerdos suscritos entre la ONAPREP con las instituciones y autoridades privadas y de la sociedad civil, en apoyo a la reforma penitenciaria, constituyen un paso crucial para transformar el sistema penitenciario del pa\u00eds. Mediante el Decreto N\u00fam. 456-20, lo penitenciario fue declarado de inter\u00e9s estrat\u00e9gico en 2020 y en 2024, se cre\u00f3 la Oficina Nacional de Apoyo a la Reforma Penitenciaria (ONAPREP) mediante el Decreto N\u00fam. 240-24.<\/p>\n\n\n\n<p>La ONAPREP tiene como prop\u00f3sito dirigir y coordinar los esfuerzos del Poder Ejecutivo para fortalecer la estabilidad, la modernizaci\u00f3n y la reforma del sistema penitenciario, abordando desaf\u00edos como la gesti\u00f3n humana, la infraestructura y la autosostenibilidad. Este esfuerzo busca integrar a todos los poderes del Estado y a la sociedad, promoviendo la reeducaci\u00f3n, reinserci\u00f3n social y una gesti\u00f3n eficiente del sistema penitenciario.<\/p>\n","protected":false},"excerpt":{"rendered":"<p>Santo Domingo. \u2013 En el Segundo Encuentro Nacional para la Reforma Penitenciaria, el presidente Luis Abinader reafirm\u00f3 la voluntad de continuar fortaleciendo el sistema penitenciario nacional sobre la base de&hellip; <\/p>\n","protected":false},"author":1,"featured_media":3639,"comment_status":"open","ping_status":"open","sticky":false,"template":"","format":"standard","meta":{"_jetpack_memberships_contains_paid_content":false,"footnotes":""},"categories":[40,14],"tags":[1920,33,1921,695,1919],"class_list":["post-3636","post","type-post","status-publish","format-standard","has-post-thumbnail","hentry","category-nacionales","category-slider","tag-irreversible","tag-luisabinader","tag-onapred","tag-politica-2","tag-reformapenitenciara"],"yoast_head":"<!-- This site is optimized with the Yoast SEO plugin v26.9 - https:\/\/yoast.com\/product\/yoast-seo-wordpress\/ -->\n<title>Abinader asegura que Reforma Penitenciaria es un proceso irreversible - EL GLOBAL INFORMATIVO<\/title>\n<meta name=\"robots\" content=\"index, follow, max-snippet:-1, max-image-preview:large, max-video-preview:-1\" \/>\n<link rel=\"canonical\" href=\"https:\/\/elglobal.do\/index.php\/2025\/10\/30\/abinader-asegura-que-reforma-penitenciaria-es-un-proceso-irreversible\/\" \/>\n<meta property=\"og:locale\" content=\"es_ES\" \/>\n<meta property=\"og:type\" content=\"article\" \/>\n<meta property=\"og:title\" content=\"Abinader asegura que Reforma Penitenciaria es un proceso irreversible - EL GLOBAL INFORMATIVO\" \/>\n<meta property=\"og:description\" content=\"Santo Domingo. \u2013 En el Segundo Encuentro Nacional para la Reforma Penitenciaria, el presidente Luis Abinader reafirm\u00f3 la voluntad de continuar fortaleciendo el sistema penitenciario nacional sobre la base de&hellip;\" \/>\n<meta property=\"og:url\" content=\"https:\/\/elglobal.do\/index.php\/2025\/10\/30\/abinader-asegura-que-reforma-penitenciaria-es-un-proceso-irreversible\/\" \/>\n<meta property=\"og:site_name\" content=\"EL GLOBAL INFORMATIVO\" \/>\n<meta property=\"article:published_time\" content=\"2025-10-30T19:04:40+00:00\" \/>\n<meta property=\"article:modified_time\" content=\"2025-10-30T19:04:42+00:00\" \/>\n<meta property=\"og:image\" content=\"https:\/\/elglobal.do\/wp-content\/uploads\/2025\/10\/image-181-1024x682.png\" \/>\n\t<meta property=\"og:image:width\" content=\"1024\" \/>\n\t<meta property=\"og:image:height\" content=\"682\" \/>\n\t<meta property=\"og:image:type\" content=\"image\/png\" \/>\n<meta name=\"author\" content=\"EL GLOBAL\" \/>\n<meta name=\"twitter:card\" content=\"summary_large_image\" \/>\n<meta name=\"twitter:label1\" content=\"Escrito por\" \/>\n\t<meta name=\"twitter:data1\" content=\"EL GLOBAL\" \/>\n\t<meta name=\"twitter:label2\" content=\"Tiempo de lectura\" \/>\n\t<meta name=\"twitter:data2\" content=\"5 minutos\" \/>\n<script type=\"application\/ld+json\" class=\"yoast-schema-graph\">{\"@context\":\"https:\/\/schema.org\",\"@graph\":[{\"@type\":\"Article\",\"@id\":\"https:\/\/elglobal.do\/index.php\/2025\/10\/30\/abinader-asegura-que-reforma-penitenciaria-es-un-proceso-irreversible\/#article\",\"isPartOf\":{\"@id\":\"https:\/\/elglobal.do\/index.php\/2025\/10\/30\/abinader-asegura-que-reforma-penitenciaria-es-un-proceso-irreversible\/\"},\"author\":{\"name\":\"EL GLOBAL\",\"@id\":\"https:\/\/elglobal.do\/#\/schema\/person\/0c97ec2c7714fb605d230c292f64d55f\"},\"headline\":\"Abinader asegura que Reforma Penitenciaria es un proceso irreversible\",\"datePublished\":\"2025-10-30T19:04:40+00:00\",\"dateModified\":\"2025-10-30T19:04:42+00:00\",\"mainEntityOfPage\":{\"@id\":\"https:\/\/elglobal.do\/index.php\/2025\/10\/30\/abinader-asegura-que-reforma-penitenciaria-es-un-proceso-irreversible\/\"},\"wordCount\":805,\"commentCount\":0,\"publisher\":{\"@id\":\"https:\/\/elglobal.do\/#organization\"},\"image\":{\"@id\":\"https:\/\/elglobal.do\/index.php\/2025\/10\/30\/abinader-asegura-que-reforma-penitenciaria-es-un-proceso-irreversible\/#primaryimage\"},\"thumbnailUrl\":\"https:\/\/elglobal.do\/wp-content\/uploads\/2025\/10\/image-181.png\",\"keywords\":[\"#Irreversible\",\"#LuisAbinader\",\"#ONAPRED\",\"#Pol\u00edtica\",\"#ReformaPenitenciara\"],\"articleSection\":[\"NACIONALES\",\"NOTICIAS RELEVANTES\"],\"inLanguage\":\"es\",\"potentialAction\":[{\"@type\":\"CommentAction\",\"name\":\"Comment\",\"target\":[\"https:\/\/elglobal.do\/index.php\/2025\/10\/30\/abinader-asegura-que-reforma-penitenciaria-es-un-proceso-irreversible\/#respond\"]}]},{\"@type\":\"WebPage\",\"@id\":\"https:\/\/elglobal.do\/index.php\/2025\/10\/30\/abinader-asegura-que-reforma-penitenciaria-es-un-proceso-irreversible\/\",\"url\":\"https:\/\/elglobal.do\/index.php\/2025\/10\/30\/abinader-asegura-que-reforma-penitenciaria-es-un-proceso-irreversible\/\",\"name\":\"Abinader asegura que Reforma Penitenciaria es un proceso irreversible - EL GLOBAL INFORMATIVO\",\"isPartOf\":{\"@id\":\"https:\/\/elglobal.do\/#website\"},\"primaryImageOfPage\":{\"@id\":\"https:\/\/elglobal.do\/index.php\/2025\/10\/30\/abinader-asegura-que-reforma-penitenciaria-es-un-proceso-irreversible\/#primaryimage\"},\"image\":{\"@id\":\"https:\/\/elglobal.do\/index.php\/2025\/10\/30\/abinader-asegura-que-reforma-penitenciaria-es-un-proceso-irreversible\/#primaryimage\"},\"thumbnailUrl\":\"https:\/\/elglobal.do\/wp-content\/uploads\/2025\/10\/image-181.png\",\"datePublished\":\"2025-10-30T19:04:40+00:00\",\"dateModified\":\"2025-10-30T19:04:42+00:00\",\"breadcrumb\":{\"@id\":\"https:\/\/elglobal.do\/index.php\/2025\/10\/30\/abinader-asegura-que-reforma-penitenciaria-es-un-proceso-irreversible\/#breadcrumb\"},\"inLanguage\":\"es\",\"potentialAction\":[{\"@type\":\"ReadAction\",\"target\":[\"https:\/\/elglobal.do\/index.php\/2025\/10\/30\/abinader-asegura-que-reforma-penitenciaria-es-un-proceso-irreversible\/\"]}]},{\"@type\":\"ImageObject\",\"inLanguage\":\"es\",\"@id\":\"https:\/\/elglobal.do\/index.php\/2025\/10\/30\/abinader-asegura-que-reforma-penitenciaria-es-un-proceso-irreversible\/#primaryimage\",\"url\":\"https:\/\/elglobal.do\/wp-content\/uploads\/2025\/10\/image-181.png\",\"contentUrl\":\"https:\/\/elglobal.do\/wp-content\/uploads\/2025\/10\/image-181.png\",\"width\":1600,\"height\":1066},{\"@type\":\"BreadcrumbList\",\"@id\":\"https:\/\/elglobal.do\/index.php\/2025\/10\/30\/abinader-asegura-que-reforma-penitenciaria-es-un-proceso-irreversible\/#breadcrumb\",\"itemListElement\":[{\"@type\":\"ListItem\",\"position\":1,\"name\":\"Portada\",\"item\":\"https:\/\/elglobal.do\/\"},{\"@type\":\"ListItem\",\"position\":2,\"name\":\"Abinader asegura que Reforma Penitenciaria es un proceso irreversible\"}]},{\"@type\":\"WebSite\",\"@id\":\"https:\/\/elglobal.do\/#website\",\"url\":\"https:\/\/elglobal.do\/\",\"name\":\"EL GLOBAL INFORMATIVO\",\"description\":\"Peri\u00f3dico digital de la Rep\u00fablica Dominicana que ofrece noticias, novedades, pol\u00edtica y las \u00faltimas actualidades, con informaci\u00f3n veraz y oportuna para mantenerte siempre informad\",\"publisher\":{\"@id\":\"https:\/\/elglobal.do\/#organization\"},\"potentialAction\":[{\"@type\":\"SearchAction\",\"target\":{\"@type\":\"EntryPoint\",\"urlTemplate\":\"https:\/\/elglobal.do\/?s={search_term_string}\"},\"query-input\":{\"@type\":\"PropertyValueSpecification\",\"valueRequired\":true,\"valueName\":\"search_term_string\"}}],\"inLanguage\":\"es\"},{\"@type\":\"Organization\",\"@id\":\"https:\/\/elglobal.do\/#organization\",\"name\":\"EL GLOBAL.DO INFORMATIVO\",\"url\":\"https:\/\/elglobal.do\/\",\"logo\":{\"@type\":\"ImageObject\",\"inLanguage\":\"es\",\"@id\":\"https:\/\/elglobal.do\/#\/schema\/logo\/image\/\",\"url\":\"https:\/\/elglobal.do\/wp-content\/uploads\/2025\/08\/icon.png\",\"contentUrl\":\"https:\/\/elglobal.do\/wp-content\/uploads\/2025\/08\/icon.png\",\"width\":512,\"height\":512,\"caption\":\"EL GLOBAL.DO INFORMATIVO\"},\"image\":{\"@id\":\"https:\/\/elglobal.do\/#\/schema\/logo\/image\/\"}},{\"@type\":\"Person\",\"@id\":\"https:\/\/elglobal.do\/#\/schema\/person\/0c97ec2c7714fb605d230c292f64d55f\",\"name\":\"EL GLOBAL\",\"image\":{\"@type\":\"ImageObject\",\"inLanguage\":\"es\",\"@id\":\"https:\/\/elglobal.do\/#\/schema\/person\/image\/\",\"url\":\"https:\/\/secure.gravatar.com\/avatar\/081cfb6cf99faddc6f4e23a0c11ab98c5cf302925382d1c88dc3ed757ab910a3?s=96&d=mm&r=g\",\"contentUrl\":\"https:\/\/secure.gravatar.com\/avatar\/081cfb6cf99faddc6f4e23a0c11ab98c5cf302925382d1c88dc3ed757ab910a3?s=96&d=mm&r=g\",\"caption\":\"EL GLOBAL\"},\"description\":\"El Global Informativo es un peri\u00f3dico digital de Rep\u00fablica Dominicana que se dedica a cubrir temas importantes, como la pol\u00edtica local, geopol\u00edtica, econom\u00eda, tecnolog\u00eda, noticias internacionales y eventos relacionados con la gesti\u00f3n social, cultural y humana. Su objetivo principal es mantener a la poblaci\u00f3n informada, ofreciendo una visi\u00f3n amplia y actualizada de lo que sucede tanto en el pa\u00eds como en el mundo. Est\u00e1 dirigido por un grupo de periodistas experimentados, lo que garantiza la calidad y la precisi\u00f3n de la informaci\u00f3n que ofrecen. Tiene su sede en la ciudad de Santo Domingo y es parte integral del portafolio de la empresa, MC Global S.R.L.\",\"sameAs\":[\"https:\/\/elglobal.do\",\"https:\/\/www.instagram.com\/elglobal.do_informativo\/\"],\"url\":\"https:\/\/elglobal.do\/index.php\/author\/elglobaluserpro\/\"}]}<\/script>\n<!-- \/ Yoast SEO plugin. -->","yoast_head_json":{"title":"Abinader asegura que Reforma Penitenciaria es un proceso irreversible - EL GLOBAL INFORMATIVO","robots":{"index":"index","follow":"follow","max-snippet":"max-snippet:-1","max-image-preview":"max-image-preview:large","max-video-preview":"max-video-preview:-1"},"canonical":"https:\/\/elglobal.do\/index.php\/2025\/10\/30\/abinader-asegura-que-reforma-penitenciaria-es-un-proceso-irreversible\/","og_locale":"es_ES","og_type":"article","og_title":"Abinader asegura que Reforma Penitenciaria es un proceso irreversible - EL GLOBAL INFORMATIVO","og_description":"Santo Domingo. \u2013 En el Segundo Encuentro Nacional para la Reforma Penitenciaria, el presidente Luis Abinader reafirm\u00f3 la voluntad de continuar fortaleciendo el sistema penitenciario nacional sobre la base de&hellip;","og_url":"https:\/\/elglobal.do\/index.php\/2025\/10\/30\/abinader-asegura-que-reforma-penitenciaria-es-un-proceso-irreversible\/","og_site_name":"EL GLOBAL INFORMATIVO","article_published_time":"2025-10-30T19:04:40+00:00","article_modified_time":"2025-10-30T19:04:42+00:00","og_image":[{"width":1024,"height":682,"url":"https:\/\/elglobal.do\/wp-content\/uploads\/2025\/10\/image-181-1024x682.png","type":"image\/png"}],"author":"EL GLOBAL","twitter_card":"summary_large_image","twitter_misc":{"Escrito por":"EL GLOBAL","Tiempo de lectura":"5 minutos"},"schema":{"@context":"https:\/\/schema.org","@graph":[{"@type":"Article","@id":"https:\/\/elglobal.do\/index.php\/2025\/10\/30\/abinader-asegura-que-reforma-penitenciaria-es-un-proceso-irreversible\/#article","isPartOf":{"@id":"https:\/\/elglobal.do\/index.php\/2025\/10\/30\/abinader-asegura-que-reforma-penitenciaria-es-un-proceso-irreversible\/"},"author":{"name":"EL GLOBAL","@id":"https:\/\/elglobal.do\/#\/schema\/person\/0c97ec2c7714fb605d230c292f64d55f"},"headline":"Abinader asegura que Reforma Penitenciaria es un proceso irreversible","datePublished":"2025-10-30T19:04:40+00:00","dateModified":"2025-10-30T19:04:42+00:00","mainEntityOfPage":{"@id":"https:\/\/elglobal.do\/index.php\/2025\/10\/30\/abinader-asegura-que-reforma-penitenciaria-es-un-proceso-irreversible\/"},"wordCount":805,"commentCount":0,"publisher":{"@id":"https:\/\/elglobal.do\/#organization"},"image":{"@id":"https:\/\/elglobal.do\/index.php\/2025\/10\/30\/abinader-asegura-que-reforma-penitenciaria-es-un-proceso-irreversible\/#primaryimage"},"thumbnailUrl":"https:\/\/elglobal.do\/wp-content\/uploads\/2025\/10\/image-181.png","keywords":["#Irreversible","#LuisAbinader","#ONAPRED","#Pol\u00edtica","#ReformaPenitenciara"],"articleSection":["NACIONALES","NOTICIAS RELEVANTES"],"inLanguage":"es","potentialAction":[{"@type":"CommentAction","name":"Comment","target":["https:\/\/elglobal.do\/index.php\/2025\/10\/30\/abinader-asegura-que-reforma-penitenciaria-es-un-proceso-irreversible\/#respond"]}]},{"@type":"WebPage","@id":"https:\/\/elglobal.do\/index.php\/2025\/10\/30\/abinader-asegura-que-reforma-penitenciaria-es-un-proceso-irreversible\/","url":"https:\/\/elglobal.do\/index.php\/2025\/10\/30\/abinader-asegura-que-reforma-penitenciaria-es-un-proceso-irreversible\/","name":"Abinader asegura que Reforma Penitenciaria es un proceso irreversible - EL GLOBAL INFORMATIVO","isPartOf":{"@id":"https:\/\/elglobal.do\/#website"},"primaryImageOfPage":{"@id":"https:\/\/elglobal.do\/index.php\/2025\/10\/30\/abinader-asegura-que-reforma-penitenciaria-es-un-proceso-irreversible\/#primaryimage"},"image":{"@id":"https:\/\/elglobal.do\/index.php\/2025\/10\/30\/abinader-asegura-que-reforma-penitenciaria-es-un-proceso-irreversible\/#primaryimage"},"thumbnailUrl":"https:\/\/elglobal.do\/wp-content\/uploads\/2025\/10\/image-181.png","datePublished":"2025-10-30T19:04:40+00:00","dateModified":"2025-10-30T19:04:42+00:00","breadcrumb":{"@id":"https:\/\/elglobal.do\/index.php\/2025\/10\/30\/abinader-asegura-que-reforma-penitenciaria-es-un-proceso-irreversible\/#breadcrumb"},"inLanguage":"es","potentialAction":[{"@type":"ReadAction","target":["https:\/\/elglobal.do\/index.php\/2025\/10\/30\/abinader-asegura-que-reforma-penitenciaria-es-un-proceso-irreversible\/"]}]},{"@type":"ImageObject","inLanguage":"es","@id":"https:\/\/elglobal.do\/index.php\/2025\/10\/30\/abinader-asegura-que-reforma-penitenciaria-es-un-proceso-irreversible\/#primaryimage","url":"https:\/\/elglobal.do\/wp-content\/uploads\/2025\/10\/image-181.png","contentUrl":"https:\/\/elglobal.do\/wp-content\/uploads\/2025\/10\/image-181.png","width":1600,"height":1066},{"@type":"BreadcrumbList","@id":"https:\/\/elglobal.do\/index.php\/2025\/10\/30\/abinader-asegura-que-reforma-penitenciaria-es-un-proceso-irreversible\/#breadcrumb","itemListElement":[{"@type":"ListItem","position":1,"name":"Portada","item":"https:\/\/elglobal.do\/"},{"@type":"ListItem","position":2,"name":"Abinader asegura que Reforma Penitenciaria es un proceso irreversible"}]},{"@type":"WebSite","@id":"https:\/\/elglobal.do\/#website","url":"https:\/\/elglobal.do\/","name":"EL GLOBAL INFORMATIVO","description":"Peri\u00f3dico digital de la Rep\u00fablica Dominicana que ofrece noticias, novedades, pol\u00edtica y las \u00faltimas actualidades, con informaci\u00f3n veraz y oportuna para mantenerte siempre informad","publisher":{"@id":"https:\/\/elglobal.do\/#organization"},"potentialAction":[{"@type":"SearchAction","target":{"@type":"EntryPoint","urlTemplate":"https:\/\/elglobal.do\/?s={search_term_string}"},"query-input":{"@type":"PropertyValueSpecification","valueRequired":true,"valueName":"search_term_string"}}],"inLanguage":"es"},{"@type":"Organization","@id":"https:\/\/elglobal.do\/#organization","name":"EL GLOBAL.DO INFORMATIVO","url":"https:\/\/elglobal.do\/","logo":{"@type":"ImageObject","inLanguage":"es","@id":"https:\/\/elglobal.do\/#\/schema\/logo\/image\/","url":"https:\/\/elglobal.do\/wp-content\/uploads\/2025\/08\/icon.png","contentUrl":"https:\/\/elglobal.do\/wp-content\/uploads\/2025\/08\/icon.png","width":512,"height":512,"caption":"EL GLOBAL.DO INFORMATIVO"},"image":{"@id":"https:\/\/elglobal.do\/#\/schema\/logo\/image\/"}},{"@type":"Person","@id":"https:\/\/elglobal.do\/#\/schema\/person\/0c97ec2c7714fb605d230c292f64d55f","name":"EL GLOBAL","image":{"@type":"ImageObject","inLanguage":"es","@id":"https:\/\/elglobal.do\/#\/schema\/person\/image\/","url":"https:\/\/secure.gravatar.com\/avatar\/081cfb6cf99faddc6f4e23a0c11ab98c5cf302925382d1c88dc3ed757ab910a3?s=96&d=mm&r=g","contentUrl":"https:\/\/secure.gravatar.com\/avatar\/081cfb6cf99faddc6f4e23a0c11ab98c5cf302925382d1c88dc3ed757ab910a3?s=96&d=mm&r=g","caption":"EL GLOBAL"},"description":"El Global Informativo es un peri\u00f3dico digital de Rep\u00fablica Dominicana que se dedica a cubrir temas importantes, como la pol\u00edtica local, geopol\u00edtica, econom\u00eda, tecnolog\u00eda, noticias internacionales y eventos relacionados con la gesti\u00f3n social, cultural y humana. Su objetivo principal es mantener a la poblaci\u00f3n informada, ofreciendo una visi\u00f3n amplia y actualizada de lo que sucede tanto en el pa\u00eds como en el mundo. Est\u00e1 dirigido por un grupo de periodistas experimentados, lo que garantiza la calidad y la precisi\u00f3n de la informaci\u00f3n que ofrecen. Tiene su sede en la ciudad de Santo Domingo y es parte integral del portafolio de la empresa, MC Global S.R.L.","sameAs":["https:\/\/elglobal.do","https:\/\/www.instagram.com\/elglobal.do_informativo\/"],"url":"https:\/\/elglobal.do\/index.php\/author\/elglobaluserpro\/"}]}},"jetpack_featured_media_url":"https:\/\/elglobal.do\/wp-content\/uploads\/2025\/10\/image-181.png","jetpack_sharing_enabled":true,"_links":{"self":[{"href":"https:\/\/elglobal.do\/index.php\/wp-json\/wp\/v2\/posts\/3636","targetHints":{"allow":["GET"]}}],"collection":[{"href":"https:\/\/elglobal.do\/index.php\/wp-json\/wp\/v2\/posts"}],"about":[{"href":"https:\/\/elglobal.do\/index.php\/wp-json\/wp\/v2\/types\/post"}],"author":[{"embeddable":true,"href":"https:\/\/elglobal.do\/index.php\/wp-json\/wp\/v2\/users\/1"}],"replies":[{"embeddable":true,"href":"https:\/\/elglobal.do\/index.php\/wp-json\/wp\/v2\/comments?post=3636"}],"version-history":[{"count":1,"href":"https:\/\/elglobal.do\/index.php\/wp-json\/wp\/v2\/posts\/3636\/revisions"}],"predecessor-version":[{"id":3640,"href":"https:\/\/elglobal.do\/index.php\/wp-json\/wp\/v2\/posts\/3636\/revisions\/3640"}],"wp:featuredmedia":[{"embeddable":true,"href":"https:\/\/elglobal.do\/index.php\/wp-json\/wp\/v2\/media\/3639"}],"wp:attachment":[{"href":"https:\/\/elglobal.do\/index.php\/wp-json\/wp\/v2\/media?parent=3636"}],"wp:term":[{"taxonomy":"category","embeddable":true,"href":"https:\/\/elglobal.do\/index.php\/wp-json\/wp\/v2\/categories?post=3636"},{"taxonomy":"post_tag","embeddable":true,"href":"https:\/\/elglobal.do\/index.php\/wp-json\/wp\/v2\/tags?post=3636"}],"curies":[{"name":"wp","href":"https:\/\/api.w.org\/{rel}","templated":true}]}}