{"id":3767,"date":"2025-11-06T14:02:51","date_gmt":"2025-11-06T18:02:51","guid":{"rendered":"https:\/\/elglobal.do\/?p=3767"},"modified":"2025-11-06T14:03:47","modified_gmt":"2025-11-06T18:03:47","slug":"poder-ejecutivo-ajusta-la-reforma-a-ley-de-residuos-solidos","status":"publish","type":"post","link":"https:\/\/elglobal.do\/index.php\/2025\/11\/06\/poder-ejecutivo-ajusta-la-reforma-a-ley-de-residuos-solidos\/","title":{"rendered":"Poder Ejecutivo ajusta la reforma a Ley de Residuos S\u00f3lidos"},"content":{"rendered":"\n<figure class=\"wp-block-image size-full is-resized\"><img loading=\"lazy\" decoding=\"async\" width=\"896\" height=\"504\" src=\"https:\/\/elglobal.do\/wp-content\/uploads\/2025\/11\/image-29.png\" alt=\"\" class=\"wp-image-3768\" style=\"width:747px;height:auto\" srcset=\"https:\/\/elglobal.do\/wp-content\/uploads\/2025\/11\/image-29.png 896w, https:\/\/elglobal.do\/wp-content\/uploads\/2025\/11\/image-29-300x169.png 300w, https:\/\/elglobal.do\/wp-content\/uploads\/2025\/11\/image-29-768x432.png 768w\" sizes=\"auto, (max-width: 896px) 100vw, 896px\" \/><\/figure>\n\n\n\n<p><strong>Santo Domingo.-<\/strong> El&nbsp;<strong>Poder Ejecutivo<\/strong>&nbsp;<strong>introdujo observaciones<\/strong>&nbsp;a la legislaci\u00f3n que modifica la&nbsp;<strong>Ley 225-20<\/strong>&nbsp;sobre residuos s\u00f3lidos, con el prop\u00f3sito de ordenar la transici\u00f3n del pa\u00eds hacia materiales sostenibles y establecer controles rigurosos para el uso del poliestireno expandido (foam) y otros&nbsp;<strong>pl\u00e1sticos de un solo uso<\/strong>.<\/p>\n\n\n\n<p>La medida aclara que&nbsp;<strong>no se proh\u00edbe<\/strong>&nbsp;el foam, pero s\u00ed se condiciona estrictamente su producci\u00f3n, importaci\u00f3n,&nbsp;<strong>comercializaci\u00f3n<\/strong>&nbsp;y uso a que sea biodegradable y con&nbsp;<strong>certificaci\u00f3n oficial<\/strong>&nbsp;verificable.<\/p>\n\n\n\n<h2 class=\"wp-block-heading\">Enfoque t\u00e9cnico<\/h2>\n\n\n\n<p>El enfoque del Gobierno es t\u00e9cnico: crear un\u00a0<strong>esquema de control<\/strong>\u00a0que permita distinguir los productos realmente biodegradables de aquellos que solo lo proclaman sin respaldo cient\u00edfico.<\/p>\n\n\n\n<p>Para ello, las observaciones incorporan&nbsp;<strong>mecanismos de certificaci\u00f3n<\/strong>&nbsp;basados en est\u00e1ndares reconocidos,&nbsp;<strong>auditor\u00edas peri\u00f3dicas<\/strong>&nbsp;y&nbsp;<strong>verificaci\u00f3n<\/strong>&nbsp;en aduanas y&nbsp;<strong>laboratorios acreditados<\/strong>.<\/p>\n\n\n\n<p>Entre los cambios esenciales se dispone que&nbsp;<strong>fabricantes e importadores<\/strong>&nbsp;deber\u00e1n someterse a una&nbsp;<strong>auditor\u00eda anual<\/strong>&nbsp;a fin de comprobar el uso de&nbsp;<strong>aditivos biodegradables<\/strong>.<\/p>\n\n\n\n<p>Adem\u00e1s, el&nbsp;<strong>Ministerio de Medio Ambiente<\/strong>&nbsp;deber\u00e1 emitir una normativa que establezca los par\u00e1metros t\u00e9cnicos para certificar los productos fabricados localmente o importados, con apoyo t\u00e9cnico del Instituto Dominicano para la Calidad (<strong>INDOCAL<\/strong>).<\/p>\n\n\n\n<ul class=\"wp-block-list\">\n<li>Los productos, para ser considerados biodegradables, deber\u00e1n demostrar al menos un 20 % de degradaci\u00f3n en el primer a\u00f1o y hasta un\u00a0<strong>90 % en cinco a\u00f1os<\/strong>, un\u00a0<strong>est\u00e1ndar elevado<\/strong>\u00a0en comparaci\u00f3n con normativas regionales.<\/li>\n<\/ul>\n\n\n\n<p>Solo podr\u00e1n comercializarse en el pa\u00eds aquellos art\u00edculos que cumplan con esos criterios y cuenten con&nbsp;<strong>certificaciones v\u00e1lidas<\/strong>, nacionales o extranjeras, sujetas a&nbsp;<strong>verificaci\u00f3n<\/strong>.<\/p>\n\n\n\n<p>El esquema incluye&nbsp;<strong>responsabilidades compartidas<\/strong>&nbsp;para toda la cadena: fabricantes, importadores, distribuidores y comercios. Se introduce tambi\u00e9n la obligaci\u00f3n de los productores de integrarse a un&nbsp;<strong>programa de responsabilidad<\/strong>&nbsp;extendida del producto en un plazo de doce meses, lo cual implica gestionar el retorno y reciclaje de los materiales colocados en el mercado.<\/p>\n\n\n\n<p>En materia de transici\u00f3n, las observaciones establecen plazos concretos y graduales. En&nbsp;<strong>60 d\u00edas<\/strong>&nbsp;quedar\u00e1 prohibida la importaci\u00f3n de pajillas, cubiertos, vasos y art\u00edculos de foam que no cumplan con los est\u00e1ndares de biodegradabilidad.<\/p>\n\n\n\n<p>En un periodo de doce meses se prohibir\u00e1 la venta de esos productos y se eliminar\u00e1 la entrega gratuita de\u00a0<strong>fundas pl\u00e1sticas<\/strong>\u00a0en los comercios. Los fabricantes nacionales tendr\u00e1n un m\u00e1ximo de\u00a0<strong>24 meses<\/strong>\u00a0para dejar de producir foam tradicional y migrar a alternativas certificadas.<\/p>\n\n\n\n<p><\/p>\n","protected":false},"excerpt":{"rendered":"<p>Santo Domingo.- El&nbsp;Poder Ejecutivo&nbsp;introdujo observaciones&nbsp;a la legislaci\u00f3n que modifica la&nbsp;Ley 225-20&nbsp;sobre residuos s\u00f3lidos, con el prop\u00f3sito de ordenar la transici\u00f3n del pa\u00eds hacia materiales sostenibles y establecer controles rigurosos para&hellip; <\/p>\n","protected":false},"author":1,"featured_media":3768,"comment_status":"open","ping_status":"open","sticky":false,"template":"","format":"standard","meta":{"_jetpack_memberships_contains_paid_content":false,"footnotes":""},"categories":[40],"tags":[1962,137,1879,714,32],"class_list":["post-3767","post","type-post","status-publish","format-standard","has-post-thumbnail","hentry","category-nacionales","tag-foam","tag-ley","tag-poderejecutivo","tag-reforma","tag-residuossolidos"],"yoast_head":"<!-- This site is optimized with the Yoast SEO plugin v26.9 - https:\/\/yoast.com\/product\/yoast-seo-wordpress\/ -->\n<title>Poder Ejecutivo ajusta la reforma a Ley de Residuos S\u00f3lidos - EL GLOBAL INFORMATIVO<\/title>\n<meta name=\"robots\" content=\"index, follow, max-snippet:-1, max-image-preview:large, max-video-preview:-1\" \/>\n<link rel=\"canonical\" href=\"https:\/\/elglobal.do\/index.php\/2025\/11\/06\/poder-ejecutivo-ajusta-la-reforma-a-ley-de-residuos-solidos\/\" \/>\n<meta property=\"og:locale\" content=\"es_ES\" \/>\n<meta property=\"og:type\" content=\"article\" \/>\n<meta property=\"og:title\" content=\"Poder Ejecutivo ajusta la reforma a Ley de Residuos S\u00f3lidos - EL GLOBAL INFORMATIVO\" \/>\n<meta property=\"og:description\" content=\"Santo Domingo.- El&nbsp;Poder Ejecutivo&nbsp;introdujo observaciones&nbsp;a la legislaci\u00f3n que modifica la&nbsp;Ley 225-20&nbsp;sobre residuos s\u00f3lidos, con el prop\u00f3sito de ordenar la transici\u00f3n del pa\u00eds hacia materiales sostenibles y establecer controles rigurosos para&hellip;\" \/>\n<meta property=\"og:url\" content=\"https:\/\/elglobal.do\/index.php\/2025\/11\/06\/poder-ejecutivo-ajusta-la-reforma-a-ley-de-residuos-solidos\/\" \/>\n<meta property=\"og:site_name\" content=\"EL GLOBAL INFORMATIVO\" \/>\n<meta property=\"article:published_time\" content=\"2025-11-06T18:02:51+00:00\" \/>\n<meta property=\"article:modified_time\" content=\"2025-11-06T18:03:47+00:00\" \/>\n<meta property=\"og:image\" content=\"https:\/\/elglobal.do\/wp-content\/uploads\/2025\/11\/image-29.png\" \/>\n\t<meta property=\"og:image:width\" content=\"896\" \/>\n\t<meta property=\"og:image:height\" content=\"504\" \/>\n\t<meta property=\"og:image:type\" content=\"image\/png\" \/>\n<meta name=\"author\" content=\"EL GLOBAL\" \/>\n<meta name=\"twitter:card\" content=\"summary_large_image\" \/>\n<meta name=\"twitter:label1\" content=\"Escrito por\" \/>\n\t<meta name=\"twitter:data1\" content=\"EL GLOBAL\" \/>\n\t<meta name=\"twitter:label2\" content=\"Tiempo de lectura\" \/>\n\t<meta name=\"twitter:data2\" content=\"3 minutos\" \/>\n<script type=\"application\/ld+json\" class=\"yoast-schema-graph\">{\"@context\":\"https:\/\/schema.org\",\"@graph\":[{\"@type\":\"Article\",\"@id\":\"https:\/\/elglobal.do\/index.php\/2025\/11\/06\/poder-ejecutivo-ajusta-la-reforma-a-ley-de-residuos-solidos\/#article\",\"isPartOf\":{\"@id\":\"https:\/\/elglobal.do\/index.php\/2025\/11\/06\/poder-ejecutivo-ajusta-la-reforma-a-ley-de-residuos-solidos\/\"},\"author\":{\"name\":\"EL GLOBAL\",\"@id\":\"https:\/\/elglobal.do\/#\/schema\/person\/0c97ec2c7714fb605d230c292f64d55f\"},\"headline\":\"Poder Ejecutivo ajusta la reforma a Ley de Residuos S\u00f3lidos\",\"datePublished\":\"2025-11-06T18:02:51+00:00\",\"dateModified\":\"2025-11-06T18:03:47+00:00\",\"mainEntityOfPage\":{\"@id\":\"https:\/\/elglobal.do\/index.php\/2025\/11\/06\/poder-ejecutivo-ajusta-la-reforma-a-ley-de-residuos-solidos\/\"},\"wordCount\":462,\"commentCount\":0,\"publisher\":{\"@id\":\"https:\/\/elglobal.do\/#organization\"},\"image\":{\"@id\":\"https:\/\/elglobal.do\/index.php\/2025\/11\/06\/poder-ejecutivo-ajusta-la-reforma-a-ley-de-residuos-solidos\/#primaryimage\"},\"thumbnailUrl\":\"https:\/\/elglobal.do\/wp-content\/uploads\/2025\/11\/image-29.png\",\"keywords\":[\"#FOAM\",\"#Ley\",\"#PoderEjecutivo\",\"#Reforma\",\"#ResiduosS\u00f3lidos\"],\"articleSection\":[\"NACIONALES\"],\"inLanguage\":\"es\",\"potentialAction\":[{\"@type\":\"CommentAction\",\"name\":\"Comment\",\"target\":[\"https:\/\/elglobal.do\/index.php\/2025\/11\/06\/poder-ejecutivo-ajusta-la-reforma-a-ley-de-residuos-solidos\/#respond\"]}]},{\"@type\":\"WebPage\",\"@id\":\"https:\/\/elglobal.do\/index.php\/2025\/11\/06\/poder-ejecutivo-ajusta-la-reforma-a-ley-de-residuos-solidos\/\",\"url\":\"https:\/\/elglobal.do\/index.php\/2025\/11\/06\/poder-ejecutivo-ajusta-la-reforma-a-ley-de-residuos-solidos\/\",\"name\":\"Poder Ejecutivo ajusta la reforma a Ley de Residuos S\u00f3lidos - EL GLOBAL INFORMATIVO\",\"isPartOf\":{\"@id\":\"https:\/\/elglobal.do\/#website\"},\"primaryImageOfPage\":{\"@id\":\"https:\/\/elglobal.do\/index.php\/2025\/11\/06\/poder-ejecutivo-ajusta-la-reforma-a-ley-de-residuos-solidos\/#primaryimage\"},\"image\":{\"@id\":\"https:\/\/elglobal.do\/index.php\/2025\/11\/06\/poder-ejecutivo-ajusta-la-reforma-a-ley-de-residuos-solidos\/#primaryimage\"},\"thumbnailUrl\":\"https:\/\/elglobal.do\/wp-content\/uploads\/2025\/11\/image-29.png\",\"datePublished\":\"2025-11-06T18:02:51+00:00\",\"dateModified\":\"2025-11-06T18:03:47+00:00\",\"breadcrumb\":{\"@id\":\"https:\/\/elglobal.do\/index.php\/2025\/11\/06\/poder-ejecutivo-ajusta-la-reforma-a-ley-de-residuos-solidos\/#breadcrumb\"},\"inLanguage\":\"es\",\"potentialAction\":[{\"@type\":\"ReadAction\",\"target\":[\"https:\/\/elglobal.do\/index.php\/2025\/11\/06\/poder-ejecutivo-ajusta-la-reforma-a-ley-de-residuos-solidos\/\"]}]},{\"@type\":\"ImageObject\",\"inLanguage\":\"es\",\"@id\":\"https:\/\/elglobal.do\/index.php\/2025\/11\/06\/poder-ejecutivo-ajusta-la-reforma-a-ley-de-residuos-solidos\/#primaryimage\",\"url\":\"https:\/\/elglobal.do\/wp-content\/uploads\/2025\/11\/image-29.png\",\"contentUrl\":\"https:\/\/elglobal.do\/wp-content\/uploads\/2025\/11\/image-29.png\",\"width\":896,\"height\":504},{\"@type\":\"BreadcrumbList\",\"@id\":\"https:\/\/elglobal.do\/index.php\/2025\/11\/06\/poder-ejecutivo-ajusta-la-reforma-a-ley-de-residuos-solidos\/#breadcrumb\",\"itemListElement\":[{\"@type\":\"ListItem\",\"position\":1,\"name\":\"Portada\",\"item\":\"https:\/\/elglobal.do\/\"},{\"@type\":\"ListItem\",\"position\":2,\"name\":\"Poder Ejecutivo ajusta la reforma a Ley de Residuos S\u00f3lidos\"}]},{\"@type\":\"WebSite\",\"@id\":\"https:\/\/elglobal.do\/#website\",\"url\":\"https:\/\/elglobal.do\/\",\"name\":\"EL GLOBAL INFORMATIVO\",\"description\":\"Peri\u00f3dico digital de la Rep\u00fablica Dominicana que ofrece noticias, novedades, pol\u00edtica y las \u00faltimas actualidades, con informaci\u00f3n veraz y oportuna para mantenerte siempre informad\",\"publisher\":{\"@id\":\"https:\/\/elglobal.do\/#organization\"},\"potentialAction\":[{\"@type\":\"SearchAction\",\"target\":{\"@type\":\"EntryPoint\",\"urlTemplate\":\"https:\/\/elglobal.do\/?s={search_term_string}\"},\"query-input\":{\"@type\":\"PropertyValueSpecification\",\"valueRequired\":true,\"valueName\":\"search_term_string\"}}],\"inLanguage\":\"es\"},{\"@type\":\"Organization\",\"@id\":\"https:\/\/elglobal.do\/#organization\",\"name\":\"EL GLOBAL.DO INFORMATIVO\",\"url\":\"https:\/\/elglobal.do\/\",\"logo\":{\"@type\":\"ImageObject\",\"inLanguage\":\"es\",\"@id\":\"https:\/\/elglobal.do\/#\/schema\/logo\/image\/\",\"url\":\"https:\/\/elglobal.do\/wp-content\/uploads\/2025\/08\/icon.png\",\"contentUrl\":\"https:\/\/elglobal.do\/wp-content\/uploads\/2025\/08\/icon.png\",\"width\":512,\"height\":512,\"caption\":\"EL GLOBAL.DO INFORMATIVO\"},\"image\":{\"@id\":\"https:\/\/elglobal.do\/#\/schema\/logo\/image\/\"}},{\"@type\":\"Person\",\"@id\":\"https:\/\/elglobal.do\/#\/schema\/person\/0c97ec2c7714fb605d230c292f64d55f\",\"name\":\"EL GLOBAL\",\"image\":{\"@type\":\"ImageObject\",\"inLanguage\":\"es\",\"@id\":\"https:\/\/elglobal.do\/#\/schema\/person\/image\/\",\"url\":\"https:\/\/secure.gravatar.com\/avatar\/081cfb6cf99faddc6f4e23a0c11ab98c5cf302925382d1c88dc3ed757ab910a3?s=96&d=mm&r=g\",\"contentUrl\":\"https:\/\/secure.gravatar.com\/avatar\/081cfb6cf99faddc6f4e23a0c11ab98c5cf302925382d1c88dc3ed757ab910a3?s=96&d=mm&r=g\",\"caption\":\"EL GLOBAL\"},\"description\":\"El Global Informativo es un peri\u00f3dico digital de Rep\u00fablica Dominicana que se dedica a cubrir temas importantes, como la pol\u00edtica local, geopol\u00edtica, econom\u00eda, tecnolog\u00eda, noticias internacionales y eventos relacionados con la gesti\u00f3n social, cultural y humana. Su objetivo principal es mantener a la poblaci\u00f3n informada, ofreciendo una visi\u00f3n amplia y actualizada de lo que sucede tanto en el pa\u00eds como en el mundo. Est\u00e1 dirigido por un grupo de periodistas experimentados, lo que garantiza la calidad y la precisi\u00f3n de la informaci\u00f3n que ofrecen. Tiene su sede en la ciudad de Santo Domingo y es parte integral del portafolio de la empresa, MC Global S.R.L.\",\"sameAs\":[\"https:\/\/elglobal.do\",\"https:\/\/www.instagram.com\/elglobal.do_informativo\/\"],\"url\":\"https:\/\/elglobal.do\/index.php\/author\/elglobaluserpro\/\"}]}<\/script>\n<!-- \/ Yoast SEO plugin. -->","yoast_head_json":{"title":"Poder Ejecutivo ajusta la reforma a Ley de Residuos S\u00f3lidos - EL GLOBAL INFORMATIVO","robots":{"index":"index","follow":"follow","max-snippet":"max-snippet:-1","max-image-preview":"max-image-preview:large","max-video-preview":"max-video-preview:-1"},"canonical":"https:\/\/elglobal.do\/index.php\/2025\/11\/06\/poder-ejecutivo-ajusta-la-reforma-a-ley-de-residuos-solidos\/","og_locale":"es_ES","og_type":"article","og_title":"Poder Ejecutivo ajusta la reforma a Ley de Residuos S\u00f3lidos - EL GLOBAL INFORMATIVO","og_description":"Santo Domingo.- El&nbsp;Poder Ejecutivo&nbsp;introdujo observaciones&nbsp;a la legislaci\u00f3n que modifica la&nbsp;Ley 225-20&nbsp;sobre residuos s\u00f3lidos, con el prop\u00f3sito de ordenar la transici\u00f3n del pa\u00eds hacia materiales sostenibles y establecer controles rigurosos para&hellip;","og_url":"https:\/\/elglobal.do\/index.php\/2025\/11\/06\/poder-ejecutivo-ajusta-la-reforma-a-ley-de-residuos-solidos\/","og_site_name":"EL GLOBAL INFORMATIVO","article_published_time":"2025-11-06T18:02:51+00:00","article_modified_time":"2025-11-06T18:03:47+00:00","og_image":[{"width":896,"height":504,"url":"https:\/\/elglobal.do\/wp-content\/uploads\/2025\/11\/image-29.png","type":"image\/png"}],"author":"EL GLOBAL","twitter_card":"summary_large_image","twitter_misc":{"Escrito por":"EL GLOBAL","Tiempo de lectura":"3 minutos"},"schema":{"@context":"https:\/\/schema.org","@graph":[{"@type":"Article","@id":"https:\/\/elglobal.do\/index.php\/2025\/11\/06\/poder-ejecutivo-ajusta-la-reforma-a-ley-de-residuos-solidos\/#article","isPartOf":{"@id":"https:\/\/elglobal.do\/index.php\/2025\/11\/06\/poder-ejecutivo-ajusta-la-reforma-a-ley-de-residuos-solidos\/"},"author":{"name":"EL GLOBAL","@id":"https:\/\/elglobal.do\/#\/schema\/person\/0c97ec2c7714fb605d230c292f64d55f"},"headline":"Poder Ejecutivo ajusta la reforma a Ley de Residuos S\u00f3lidos","datePublished":"2025-11-06T18:02:51+00:00","dateModified":"2025-11-06T18:03:47+00:00","mainEntityOfPage":{"@id":"https:\/\/elglobal.do\/index.php\/2025\/11\/06\/poder-ejecutivo-ajusta-la-reforma-a-ley-de-residuos-solidos\/"},"wordCount":462,"commentCount":0,"publisher":{"@id":"https:\/\/elglobal.do\/#organization"},"image":{"@id":"https:\/\/elglobal.do\/index.php\/2025\/11\/06\/poder-ejecutivo-ajusta-la-reforma-a-ley-de-residuos-solidos\/#primaryimage"},"thumbnailUrl":"https:\/\/elglobal.do\/wp-content\/uploads\/2025\/11\/image-29.png","keywords":["#FOAM","#Ley","#PoderEjecutivo","#Reforma","#ResiduosS\u00f3lidos"],"articleSection":["NACIONALES"],"inLanguage":"es","potentialAction":[{"@type":"CommentAction","name":"Comment","target":["https:\/\/elglobal.do\/index.php\/2025\/11\/06\/poder-ejecutivo-ajusta-la-reforma-a-ley-de-residuos-solidos\/#respond"]}]},{"@type":"WebPage","@id":"https:\/\/elglobal.do\/index.php\/2025\/11\/06\/poder-ejecutivo-ajusta-la-reforma-a-ley-de-residuos-solidos\/","url":"https:\/\/elglobal.do\/index.php\/2025\/11\/06\/poder-ejecutivo-ajusta-la-reforma-a-ley-de-residuos-solidos\/","name":"Poder Ejecutivo ajusta la reforma a Ley de Residuos S\u00f3lidos - EL GLOBAL INFORMATIVO","isPartOf":{"@id":"https:\/\/elglobal.do\/#website"},"primaryImageOfPage":{"@id":"https:\/\/elglobal.do\/index.php\/2025\/11\/06\/poder-ejecutivo-ajusta-la-reforma-a-ley-de-residuos-solidos\/#primaryimage"},"image":{"@id":"https:\/\/elglobal.do\/index.php\/2025\/11\/06\/poder-ejecutivo-ajusta-la-reforma-a-ley-de-residuos-solidos\/#primaryimage"},"thumbnailUrl":"https:\/\/elglobal.do\/wp-content\/uploads\/2025\/11\/image-29.png","datePublished":"2025-11-06T18:02:51+00:00","dateModified":"2025-11-06T18:03:47+00:00","breadcrumb":{"@id":"https:\/\/elglobal.do\/index.php\/2025\/11\/06\/poder-ejecutivo-ajusta-la-reforma-a-ley-de-residuos-solidos\/#breadcrumb"},"inLanguage":"es","potentialAction":[{"@type":"ReadAction","target":["https:\/\/elglobal.do\/index.php\/2025\/11\/06\/poder-ejecutivo-ajusta-la-reforma-a-ley-de-residuos-solidos\/"]}]},{"@type":"ImageObject","inLanguage":"es","@id":"https:\/\/elglobal.do\/index.php\/2025\/11\/06\/poder-ejecutivo-ajusta-la-reforma-a-ley-de-residuos-solidos\/#primaryimage","url":"https:\/\/elglobal.do\/wp-content\/uploads\/2025\/11\/image-29.png","contentUrl":"https:\/\/elglobal.do\/wp-content\/uploads\/2025\/11\/image-29.png","width":896,"height":504},{"@type":"BreadcrumbList","@id":"https:\/\/elglobal.do\/index.php\/2025\/11\/06\/poder-ejecutivo-ajusta-la-reforma-a-ley-de-residuos-solidos\/#breadcrumb","itemListElement":[{"@type":"ListItem","position":1,"name":"Portada","item":"https:\/\/elglobal.do\/"},{"@type":"ListItem","position":2,"name":"Poder Ejecutivo ajusta la reforma a Ley de Residuos S\u00f3lidos"}]},{"@type":"WebSite","@id":"https:\/\/elglobal.do\/#website","url":"https:\/\/elglobal.do\/","name":"EL GLOBAL INFORMATIVO","description":"Peri\u00f3dico digital de la Rep\u00fablica Dominicana que ofrece noticias, novedades, pol\u00edtica y las \u00faltimas actualidades, con informaci\u00f3n veraz y oportuna para mantenerte siempre informad","publisher":{"@id":"https:\/\/elglobal.do\/#organization"},"potentialAction":[{"@type":"SearchAction","target":{"@type":"EntryPoint","urlTemplate":"https:\/\/elglobal.do\/?s={search_term_string}"},"query-input":{"@type":"PropertyValueSpecification","valueRequired":true,"valueName":"search_term_string"}}],"inLanguage":"es"},{"@type":"Organization","@id":"https:\/\/elglobal.do\/#organization","name":"EL GLOBAL.DO INFORMATIVO","url":"https:\/\/elglobal.do\/","logo":{"@type":"ImageObject","inLanguage":"es","@id":"https:\/\/elglobal.do\/#\/schema\/logo\/image\/","url":"https:\/\/elglobal.do\/wp-content\/uploads\/2025\/08\/icon.png","contentUrl":"https:\/\/elglobal.do\/wp-content\/uploads\/2025\/08\/icon.png","width":512,"height":512,"caption":"EL GLOBAL.DO INFORMATIVO"},"image":{"@id":"https:\/\/elglobal.do\/#\/schema\/logo\/image\/"}},{"@type":"Person","@id":"https:\/\/elglobal.do\/#\/schema\/person\/0c97ec2c7714fb605d230c292f64d55f","name":"EL GLOBAL","image":{"@type":"ImageObject","inLanguage":"es","@id":"https:\/\/elglobal.do\/#\/schema\/person\/image\/","url":"https:\/\/secure.gravatar.com\/avatar\/081cfb6cf99faddc6f4e23a0c11ab98c5cf302925382d1c88dc3ed757ab910a3?s=96&d=mm&r=g","contentUrl":"https:\/\/secure.gravatar.com\/avatar\/081cfb6cf99faddc6f4e23a0c11ab98c5cf302925382d1c88dc3ed757ab910a3?s=96&d=mm&r=g","caption":"EL GLOBAL"},"description":"El Global Informativo es un peri\u00f3dico digital de Rep\u00fablica Dominicana que se dedica a cubrir temas importantes, como la pol\u00edtica local, geopol\u00edtica, econom\u00eda, tecnolog\u00eda, noticias internacionales y eventos relacionados con la gesti\u00f3n social, cultural y humana. Su objetivo principal es mantener a la poblaci\u00f3n informada, ofreciendo una visi\u00f3n amplia y actualizada de lo que sucede tanto en el pa\u00eds como en el mundo. Est\u00e1 dirigido por un grupo de periodistas experimentados, lo que garantiza la calidad y la precisi\u00f3n de la informaci\u00f3n que ofrecen. Tiene su sede en la ciudad de Santo Domingo y es parte integral del portafolio de la empresa, MC Global S.R.L.","sameAs":["https:\/\/elglobal.do","https:\/\/www.instagram.com\/elglobal.do_informativo\/"],"url":"https:\/\/elglobal.do\/index.php\/author\/elglobaluserpro\/"}]}},"jetpack_featured_media_url":"https:\/\/elglobal.do\/wp-content\/uploads\/2025\/11\/image-29.png","jetpack_sharing_enabled":true,"_links":{"self":[{"href":"https:\/\/elglobal.do\/index.php\/wp-json\/wp\/v2\/posts\/3767","targetHints":{"allow":["GET"]}}],"collection":[{"href":"https:\/\/elglobal.do\/index.php\/wp-json\/wp\/v2\/posts"}],"about":[{"href":"https:\/\/elglobal.do\/index.php\/wp-json\/wp\/v2\/types\/post"}],"author":[{"embeddable":true,"href":"https:\/\/elglobal.do\/index.php\/wp-json\/wp\/v2\/users\/1"}],"replies":[{"embeddable":true,"href":"https:\/\/elglobal.do\/index.php\/wp-json\/wp\/v2\/comments?post=3767"}],"version-history":[{"count":1,"href":"https:\/\/elglobal.do\/index.php\/wp-json\/wp\/v2\/posts\/3767\/revisions"}],"predecessor-version":[{"id":3769,"href":"https:\/\/elglobal.do\/index.php\/wp-json\/wp\/v2\/posts\/3767\/revisions\/3769"}],"wp:featuredmedia":[{"embeddable":true,"href":"https:\/\/elglobal.do\/index.php\/wp-json\/wp\/v2\/media\/3768"}],"wp:attachment":[{"href":"https:\/\/elglobal.do\/index.php\/wp-json\/wp\/v2\/media?parent=3767"}],"wp:term":[{"taxonomy":"category","embeddable":true,"href":"https:\/\/elglobal.do\/index.php\/wp-json\/wp\/v2\/categories?post=3767"},{"taxonomy":"post_tag","embeddable":true,"href":"https:\/\/elglobal.do\/index.php\/wp-json\/wp\/v2\/tags?post=3767"}],"curies":[{"name":"wp","href":"https:\/\/api.w.org\/{rel}","templated":true}]}}