{"id":3781,"date":"2025-11-07T13:50:17","date_gmt":"2025-11-07T17:50:17","guid":{"rendered":"https:\/\/elglobal.do\/?p=3781"},"modified":"2025-11-07T13:50:50","modified_gmt":"2025-11-07T17:50:50","slug":"entender-el-poder-mas-alla-de-las-fronteras","status":"publish","type":"post","link":"https:\/\/elglobal.do\/index.php\/2025\/11\/07\/entender-el-poder-mas-alla-de-las-fronteras\/","title":{"rendered":"Entendiendo el poder m\u00e1s all\u00e1 de las fronteras"},"content":{"rendered":"\n<figure class=\"wp-block-image size-full\"><img loading=\"lazy\" decoding=\"async\" width=\"1024\" height=\"1024\" src=\"https:\/\/elglobal.do\/wp-content\/uploads\/2025\/11\/Ecuela-Alemana.jpeg\" alt=\"\" class=\"wp-image-3792\" srcset=\"https:\/\/elglobal.do\/wp-content\/uploads\/2025\/11\/Ecuela-Alemana.jpeg 1024w, https:\/\/elglobal.do\/wp-content\/uploads\/2025\/11\/Ecuela-Alemana-300x300.jpeg 300w, https:\/\/elglobal.do\/wp-content\/uploads\/2025\/11\/Ecuela-Alemana-150x150.jpeg 150w, https:\/\/elglobal.do\/wp-content\/uploads\/2025\/11\/Ecuela-Alemana-768x768.jpeg 768w\" sizes=\"auto, (max-width: 1024px) 100vw, 1024px\" \/><\/figure>\n\n\n\n<p><strong><em>Art\u00edculo de El Global, sobre Geopol\u00edtica<\/em><\/strong><\/p>\n\n\n\n<p>En tiempos de tensiones globales, guerras medi\u00e1ticas y conflictos por territorios, entender la geopol\u00edtica ya no es un lujo reservado a los acad\u00e9micos: es una necesidad ciudadana. La geopol\u00edtica explica c\u00f3mo las potencias desde la antig\u00fcedad hasta hoy proyectan su poder, moldean alianzas y deciden, incluso, el destino de las naciones m\u00e1s peque\u00f1as.<\/p>\n\n\n\n<p>La mayor\u00eda de los conflictos contempor\u00e1neos tienen ra\u00edces en concepciones que nacieron hace m\u00e1s de un siglo. La llamada escuela alemana determinista, impulsada por <strong><em>Federico Ratzel<\/em><\/strong>, fue una de las primeras en establecer que la historia de la humanidad se reduce a la geograf\u00eda. Ratzel ve\u00eda al territorio como el elemento vital del Estado, y a partir de sus ideas surgieron nociones que, lamentablemente, m\u00e1s tarde ser\u00edan manipuladas por reg\u00edmenes totalitarios como el nazi.<\/p>\n\n\n\n<p>Su disc\u00edpulo, <strong><em>Karl Haushofer<\/em><\/strong>, desarroll\u00f3 la teor\u00eda de las <strong><em><u>panregiones<\/u><\/em><\/strong>, dividiendo el mundo en grandes bloques: <strong><em>Pan-Eur\u00e1frica, Pan-Asia, Pan-Am\u00e9rica y Pan-Rusia<\/em><\/strong>. Seg\u00fan <strong><em>Haushofer<\/em><\/strong>, la guerra era la madre de todas las cosas; la fuerza que reorganizaba el poder mundial. De ah\u00ed surgi\u00f3 la idea del expansionismo como expresi\u00f3n del \u201cderecho natural\u201d de los Estados a extender su influencia m\u00e1s all\u00e1 de sus fronteras.<\/p>\n\n\n\n<p>Otro pensador clave fue <strong><em>Rudolf Kjell\u00e9n<\/em><\/strong>, quien acu\u00f1\u00f3 el t\u00e9rmino geopol\u00edtica y compar\u00f3 al Estado con un organismo vivo: nace, crece, se desarrolla y muere. Para \u00e9l, las fronteras eran la piel de ese cuerpo pol\u00edtico: cuando se enfermaban o se volv\u00edan porosas, revelaban que el Estado estaba d\u00e9bil por dentro.<\/p>\n\n\n\n<p>Con el paso del tiempo, nuevas escuelas redefinieron el mapa del poder. El almirante <strong><em>Alfred Mahan<\/em><\/strong> fund\u00f3 la escuela del poder naval, con tres principios a\u00fan vigentes en la estrategia estadounidense: dominar los mares, construir un canal interoce\u00e1nico (como el de Panam\u00e1) y controlar una isla en el Caribe, idealmente Santo Domingo. Para Mahan, quien controla los oc\u00e9anos, controla el mundo.<\/p>\n\n\n\n<p>M\u00e1s adelante, el brit\u00e1nico <strong><em>Halford Mackinder<\/em><\/strong> formul\u00f3 la teor\u00eda del pivote terrestre: quien domine Europa del Este, la \u201cisla mundial\u201d, dominar\u00e1 el planeta. Su disc\u00edpulo, <strong><em>Nicholas Spykman<\/em><\/strong>, reinterpret\u00f3 esa idea con la escuela de las tierras perif\u00e9ricas, sosteniendo que no es necesario ocupar el centro, sino controlar las rutas que llevan a \u00e9l. De ah\u00ed derivan las actuales redes de bases militares y alianzas estrat\u00e9gicas que rodean Eurasia.<\/p>\n\n\n\n<p>En la era moderna, la geopol\u00edtica tambi\u00e9n tom\u00f3 el cielo. El italiano <strong><em>Giulio Douhet<\/em><\/strong>, pionero del poder a\u00e9reo, propuso convertir los aviones en armas de guerra y usar el bombardeo a\u00e9reo para quebrar la moral del enemigo. Lo que en su momento le vali\u00f3 una condena, luego se transform\u00f3 en una doctrina aplicada por las grandes potencias en la Primera y Segunda Guerra Mundial.<\/p>\n\n\n\n<p>Hoy, cuando observamos los conflictos en Ucrania, Oriente Medio o el <strong>Indo-Pac\u00edfico<\/strong>, seguimos viendo el eco de esas escuelas. Las doctrinas del poder mar\u00edtimo, terrestre y a\u00e9reo siguen vivas, adaptadas a un nuevo escenario donde la tecnolog\u00eda, la energ\u00eda y la informaci\u00f3n son los nuevos territorios estrat\u00e9gicos.<\/p>\n\n\n\n<p>Entender estas teor\u00edas no es un simple ejercicio acad\u00e9mico: es comprender c\u00f3mo las potencias dise\u00f1an su pol\u00edtica exterior, c\u00f3mo justifican sus intervenciones y por qu\u00e9 algunos pa\u00edses parecen condenados a ser el tablero donde otros juegan.<\/p>\n\n\n\n<p><strong>La geopol\u00edtica<\/strong> no es solo cuesti\u00f3n de mapas o fronteras; es, en esencia, el estudio del poder humano en movimiento. Y mientras existan intereses, recursos y ambiciones, <strong>seguir\u00e1 siendo como dijo Haushofer \u201cla m\u00fasica que dirige la orquesta del mundo\u201d.<\/strong><\/p>\n","protected":false},"excerpt":{"rendered":"<p>Art\u00edculo de El Global, sobre Geopol\u00edtica En tiempos de tensiones globales, guerras medi\u00e1ticas y conflictos por territorios, entender la geopol\u00edtica ya no es un lujo reservado a los acad\u00e9micos: es&hellip; <\/p>\n","protected":false},"author":1,"featured_media":3792,"comment_status":"open","ping_status":"open","sticky":false,"template":"","format":"standard","meta":{"_jetpack_memberships_contains_paid_content":false,"footnotes":""},"categories":[20],"tags":[824,98,1973,547,1972],"class_list":["post-3781","post","type-post","status-publish","format-standard","has-post-thumbnail","hentry","category-opinion","tag-articulo","tag-elglobalinformativo","tag-fronteras","tag-geopolitica","tag-poder"],"yoast_head":"<!-- This site is optimized with the Yoast SEO plugin v26.9 - https:\/\/yoast.com\/product\/yoast-seo-wordpress\/ -->\n<title>Entendiendo el poder m\u00e1s all\u00e1 de las fronteras - EL GLOBAL INFORMATIVO<\/title>\n<meta name=\"robots\" content=\"index, follow, max-snippet:-1, max-image-preview:large, max-video-preview:-1\" \/>\n<link rel=\"canonical\" href=\"https:\/\/elglobal.do\/index.php\/2025\/11\/07\/entender-el-poder-mas-alla-de-las-fronteras\/\" \/>\n<meta property=\"og:locale\" content=\"es_ES\" \/>\n<meta property=\"og:type\" content=\"article\" \/>\n<meta property=\"og:title\" content=\"Entendiendo el poder m\u00e1s all\u00e1 de las fronteras - EL GLOBAL INFORMATIVO\" \/>\n<meta property=\"og:description\" content=\"Art\u00edculo de El Global, sobre Geopol\u00edtica En tiempos de tensiones globales, guerras medi\u00e1ticas y conflictos por territorios, entender la geopol\u00edtica ya no es un lujo reservado a los acad\u00e9micos: es&hellip;\" \/>\n<meta property=\"og:url\" content=\"https:\/\/elglobal.do\/index.php\/2025\/11\/07\/entender-el-poder-mas-alla-de-las-fronteras\/\" \/>\n<meta property=\"og:site_name\" content=\"EL GLOBAL INFORMATIVO\" \/>\n<meta property=\"article:published_time\" content=\"2025-11-07T17:50:17+00:00\" \/>\n<meta property=\"article:modified_time\" content=\"2025-11-07T17:50:50+00:00\" \/>\n<meta property=\"og:image\" content=\"https:\/\/elglobal.do\/wp-content\/uploads\/2025\/11\/Ecuela-Alemana.jpeg\" \/>\n\t<meta property=\"og:image:width\" content=\"1024\" \/>\n\t<meta property=\"og:image:height\" content=\"1024\" \/>\n\t<meta property=\"og:image:type\" content=\"image\/jpeg\" \/>\n<meta name=\"author\" content=\"EL GLOBAL\" \/>\n<meta name=\"twitter:card\" content=\"summary_large_image\" \/>\n<meta name=\"twitter:label1\" content=\"Escrito por\" \/>\n\t<meta name=\"twitter:data1\" content=\"EL GLOBAL\" \/>\n\t<meta name=\"twitter:label2\" content=\"Tiempo de lectura\" \/>\n\t<meta name=\"twitter:data2\" content=\"3 minutos\" \/>\n<script type=\"application\/ld+json\" class=\"yoast-schema-graph\">{\"@context\":\"https:\/\/schema.org\",\"@graph\":[{\"@type\":\"Article\",\"@id\":\"https:\/\/elglobal.do\/index.php\/2025\/11\/07\/entender-el-poder-mas-alla-de-las-fronteras\/#article\",\"isPartOf\":{\"@id\":\"https:\/\/elglobal.do\/index.php\/2025\/11\/07\/entender-el-poder-mas-alla-de-las-fronteras\/\"},\"author\":{\"name\":\"EL GLOBAL\",\"@id\":\"https:\/\/elglobal.do\/#\/schema\/person\/0c97ec2c7714fb605d230c292f64d55f\"},\"headline\":\"Entendiendo el poder m\u00e1s all\u00e1 de las fronteras\",\"datePublished\":\"2025-11-07T17:50:17+00:00\",\"dateModified\":\"2025-11-07T17:50:50+00:00\",\"mainEntityOfPage\":{\"@id\":\"https:\/\/elglobal.do\/index.php\/2025\/11\/07\/entender-el-poder-mas-alla-de-las-fronteras\/\"},\"wordCount\":634,\"commentCount\":0,\"publisher\":{\"@id\":\"https:\/\/elglobal.do\/#organization\"},\"image\":{\"@id\":\"https:\/\/elglobal.do\/index.php\/2025\/11\/07\/entender-el-poder-mas-alla-de-las-fronteras\/#primaryimage\"},\"thumbnailUrl\":\"https:\/\/elglobal.do\/wp-content\/uploads\/2025\/11\/Ecuela-Alemana.jpeg\",\"keywords\":[\"#Art\u00edculo\",\"#ElGlobalInformativo\",\"#Fronteras\",\"#geopol\u00edtica\",\"#Poder\"],\"articleSection\":[\"OPINI\u00d3N\"],\"inLanguage\":\"es\",\"potentialAction\":[{\"@type\":\"CommentAction\",\"name\":\"Comment\",\"target\":[\"https:\/\/elglobal.do\/index.php\/2025\/11\/07\/entender-el-poder-mas-alla-de-las-fronteras\/#respond\"]}]},{\"@type\":\"WebPage\",\"@id\":\"https:\/\/elglobal.do\/index.php\/2025\/11\/07\/entender-el-poder-mas-alla-de-las-fronteras\/\",\"url\":\"https:\/\/elglobal.do\/index.php\/2025\/11\/07\/entender-el-poder-mas-alla-de-las-fronteras\/\",\"name\":\"Entendiendo el poder m\u00e1s all\u00e1 de las fronteras - EL GLOBAL INFORMATIVO\",\"isPartOf\":{\"@id\":\"https:\/\/elglobal.do\/#website\"},\"primaryImageOfPage\":{\"@id\":\"https:\/\/elglobal.do\/index.php\/2025\/11\/07\/entender-el-poder-mas-alla-de-las-fronteras\/#primaryimage\"},\"image\":{\"@id\":\"https:\/\/elglobal.do\/index.php\/2025\/11\/07\/entender-el-poder-mas-alla-de-las-fronteras\/#primaryimage\"},\"thumbnailUrl\":\"https:\/\/elglobal.do\/wp-content\/uploads\/2025\/11\/Ecuela-Alemana.jpeg\",\"datePublished\":\"2025-11-07T17:50:17+00:00\",\"dateModified\":\"2025-11-07T17:50:50+00:00\",\"breadcrumb\":{\"@id\":\"https:\/\/elglobal.do\/index.php\/2025\/11\/07\/entender-el-poder-mas-alla-de-las-fronteras\/#breadcrumb\"},\"inLanguage\":\"es\",\"potentialAction\":[{\"@type\":\"ReadAction\",\"target\":[\"https:\/\/elglobal.do\/index.php\/2025\/11\/07\/entender-el-poder-mas-alla-de-las-fronteras\/\"]}]},{\"@type\":\"ImageObject\",\"inLanguage\":\"es\",\"@id\":\"https:\/\/elglobal.do\/index.php\/2025\/11\/07\/entender-el-poder-mas-alla-de-las-fronteras\/#primaryimage\",\"url\":\"https:\/\/elglobal.do\/wp-content\/uploads\/2025\/11\/Ecuela-Alemana.jpeg\",\"contentUrl\":\"https:\/\/elglobal.do\/wp-content\/uploads\/2025\/11\/Ecuela-Alemana.jpeg\",\"width\":1024,\"height\":1024},{\"@type\":\"BreadcrumbList\",\"@id\":\"https:\/\/elglobal.do\/index.php\/2025\/11\/07\/entender-el-poder-mas-alla-de-las-fronteras\/#breadcrumb\",\"itemListElement\":[{\"@type\":\"ListItem\",\"position\":1,\"name\":\"Portada\",\"item\":\"https:\/\/elglobal.do\/\"},{\"@type\":\"ListItem\",\"position\":2,\"name\":\"Entendiendo el poder m\u00e1s all\u00e1 de las fronteras\"}]},{\"@type\":\"WebSite\",\"@id\":\"https:\/\/elglobal.do\/#website\",\"url\":\"https:\/\/elglobal.do\/\",\"name\":\"EL GLOBAL INFORMATIVO\",\"description\":\"Peri\u00f3dico digital de la Rep\u00fablica Dominicana que ofrece noticias, novedades, pol\u00edtica y las \u00faltimas actualidades, con informaci\u00f3n veraz y oportuna para mantenerte siempre informad\",\"publisher\":{\"@id\":\"https:\/\/elglobal.do\/#organization\"},\"potentialAction\":[{\"@type\":\"SearchAction\",\"target\":{\"@type\":\"EntryPoint\",\"urlTemplate\":\"https:\/\/elglobal.do\/?s={search_term_string}\"},\"query-input\":{\"@type\":\"PropertyValueSpecification\",\"valueRequired\":true,\"valueName\":\"search_term_string\"}}],\"inLanguage\":\"es\"},{\"@type\":\"Organization\",\"@id\":\"https:\/\/elglobal.do\/#organization\",\"name\":\"EL GLOBAL.DO INFORMATIVO\",\"url\":\"https:\/\/elglobal.do\/\",\"logo\":{\"@type\":\"ImageObject\",\"inLanguage\":\"es\",\"@id\":\"https:\/\/elglobal.do\/#\/schema\/logo\/image\/\",\"url\":\"https:\/\/elglobal.do\/wp-content\/uploads\/2025\/08\/icon.png\",\"contentUrl\":\"https:\/\/elglobal.do\/wp-content\/uploads\/2025\/08\/icon.png\",\"width\":512,\"height\":512,\"caption\":\"EL GLOBAL.DO INFORMATIVO\"},\"image\":{\"@id\":\"https:\/\/elglobal.do\/#\/schema\/logo\/image\/\"}},{\"@type\":\"Person\",\"@id\":\"https:\/\/elglobal.do\/#\/schema\/person\/0c97ec2c7714fb605d230c292f64d55f\",\"name\":\"EL GLOBAL\",\"image\":{\"@type\":\"ImageObject\",\"inLanguage\":\"es\",\"@id\":\"https:\/\/elglobal.do\/#\/schema\/person\/image\/\",\"url\":\"https:\/\/secure.gravatar.com\/avatar\/081cfb6cf99faddc6f4e23a0c11ab98c5cf302925382d1c88dc3ed757ab910a3?s=96&d=mm&r=g\",\"contentUrl\":\"https:\/\/secure.gravatar.com\/avatar\/081cfb6cf99faddc6f4e23a0c11ab98c5cf302925382d1c88dc3ed757ab910a3?s=96&d=mm&r=g\",\"caption\":\"EL GLOBAL\"},\"description\":\"El Global Informativo es un peri\u00f3dico digital de Rep\u00fablica Dominicana que se dedica a cubrir temas importantes, como la pol\u00edtica local, geopol\u00edtica, econom\u00eda, tecnolog\u00eda, noticias internacionales y eventos relacionados con la gesti\u00f3n social, cultural y humana. Su objetivo principal es mantener a la poblaci\u00f3n informada, ofreciendo una visi\u00f3n amplia y actualizada de lo que sucede tanto en el pa\u00eds como en el mundo. Est\u00e1 dirigido por un grupo de periodistas experimentados, lo que garantiza la calidad y la precisi\u00f3n de la informaci\u00f3n que ofrecen. Tiene su sede en la ciudad de Santo Domingo y es parte integral del portafolio de la empresa, MC Global S.R.L.\",\"sameAs\":[\"https:\/\/elglobal.do\",\"https:\/\/www.instagram.com\/elglobal.do_informativo\/\"],\"url\":\"https:\/\/elglobal.do\/index.php\/author\/elglobaluserpro\/\"}]}<\/script>\n<!-- \/ Yoast SEO plugin. -->","yoast_head_json":{"title":"Entendiendo el poder m\u00e1s all\u00e1 de las fronteras - EL GLOBAL INFORMATIVO","robots":{"index":"index","follow":"follow","max-snippet":"max-snippet:-1","max-image-preview":"max-image-preview:large","max-video-preview":"max-video-preview:-1"},"canonical":"https:\/\/elglobal.do\/index.php\/2025\/11\/07\/entender-el-poder-mas-alla-de-las-fronteras\/","og_locale":"es_ES","og_type":"article","og_title":"Entendiendo el poder m\u00e1s all\u00e1 de las fronteras - EL GLOBAL INFORMATIVO","og_description":"Art\u00edculo de El Global, sobre Geopol\u00edtica En tiempos de tensiones globales, guerras medi\u00e1ticas y conflictos por territorios, entender la geopol\u00edtica ya no es un lujo reservado a los acad\u00e9micos: es&hellip;","og_url":"https:\/\/elglobal.do\/index.php\/2025\/11\/07\/entender-el-poder-mas-alla-de-las-fronteras\/","og_site_name":"EL GLOBAL INFORMATIVO","article_published_time":"2025-11-07T17:50:17+00:00","article_modified_time":"2025-11-07T17:50:50+00:00","og_image":[{"width":1024,"height":1024,"url":"https:\/\/elglobal.do\/wp-content\/uploads\/2025\/11\/Ecuela-Alemana.jpeg","type":"image\/jpeg"}],"author":"EL GLOBAL","twitter_card":"summary_large_image","twitter_misc":{"Escrito por":"EL GLOBAL","Tiempo de lectura":"3 minutos"},"schema":{"@context":"https:\/\/schema.org","@graph":[{"@type":"Article","@id":"https:\/\/elglobal.do\/index.php\/2025\/11\/07\/entender-el-poder-mas-alla-de-las-fronteras\/#article","isPartOf":{"@id":"https:\/\/elglobal.do\/index.php\/2025\/11\/07\/entender-el-poder-mas-alla-de-las-fronteras\/"},"author":{"name":"EL GLOBAL","@id":"https:\/\/elglobal.do\/#\/schema\/person\/0c97ec2c7714fb605d230c292f64d55f"},"headline":"Entendiendo el poder m\u00e1s all\u00e1 de las fronteras","datePublished":"2025-11-07T17:50:17+00:00","dateModified":"2025-11-07T17:50:50+00:00","mainEntityOfPage":{"@id":"https:\/\/elglobal.do\/index.php\/2025\/11\/07\/entender-el-poder-mas-alla-de-las-fronteras\/"},"wordCount":634,"commentCount":0,"publisher":{"@id":"https:\/\/elglobal.do\/#organization"},"image":{"@id":"https:\/\/elglobal.do\/index.php\/2025\/11\/07\/entender-el-poder-mas-alla-de-las-fronteras\/#primaryimage"},"thumbnailUrl":"https:\/\/elglobal.do\/wp-content\/uploads\/2025\/11\/Ecuela-Alemana.jpeg","keywords":["#Art\u00edculo","#ElGlobalInformativo","#Fronteras","#geopol\u00edtica","#Poder"],"articleSection":["OPINI\u00d3N"],"inLanguage":"es","potentialAction":[{"@type":"CommentAction","name":"Comment","target":["https:\/\/elglobal.do\/index.php\/2025\/11\/07\/entender-el-poder-mas-alla-de-las-fronteras\/#respond"]}]},{"@type":"WebPage","@id":"https:\/\/elglobal.do\/index.php\/2025\/11\/07\/entender-el-poder-mas-alla-de-las-fronteras\/","url":"https:\/\/elglobal.do\/index.php\/2025\/11\/07\/entender-el-poder-mas-alla-de-las-fronteras\/","name":"Entendiendo el poder m\u00e1s all\u00e1 de las fronteras - EL GLOBAL INFORMATIVO","isPartOf":{"@id":"https:\/\/elglobal.do\/#website"},"primaryImageOfPage":{"@id":"https:\/\/elglobal.do\/index.php\/2025\/11\/07\/entender-el-poder-mas-alla-de-las-fronteras\/#primaryimage"},"image":{"@id":"https:\/\/elglobal.do\/index.php\/2025\/11\/07\/entender-el-poder-mas-alla-de-las-fronteras\/#primaryimage"},"thumbnailUrl":"https:\/\/elglobal.do\/wp-content\/uploads\/2025\/11\/Ecuela-Alemana.jpeg","datePublished":"2025-11-07T17:50:17+00:00","dateModified":"2025-11-07T17:50:50+00:00","breadcrumb":{"@id":"https:\/\/elglobal.do\/index.php\/2025\/11\/07\/entender-el-poder-mas-alla-de-las-fronteras\/#breadcrumb"},"inLanguage":"es","potentialAction":[{"@type":"ReadAction","target":["https:\/\/elglobal.do\/index.php\/2025\/11\/07\/entender-el-poder-mas-alla-de-las-fronteras\/"]}]},{"@type":"ImageObject","inLanguage":"es","@id":"https:\/\/elglobal.do\/index.php\/2025\/11\/07\/entender-el-poder-mas-alla-de-las-fronteras\/#primaryimage","url":"https:\/\/elglobal.do\/wp-content\/uploads\/2025\/11\/Ecuela-Alemana.jpeg","contentUrl":"https:\/\/elglobal.do\/wp-content\/uploads\/2025\/11\/Ecuela-Alemana.jpeg","width":1024,"height":1024},{"@type":"BreadcrumbList","@id":"https:\/\/elglobal.do\/index.php\/2025\/11\/07\/entender-el-poder-mas-alla-de-las-fronteras\/#breadcrumb","itemListElement":[{"@type":"ListItem","position":1,"name":"Portada","item":"https:\/\/elglobal.do\/"},{"@type":"ListItem","position":2,"name":"Entendiendo el poder m\u00e1s all\u00e1 de las fronteras"}]},{"@type":"WebSite","@id":"https:\/\/elglobal.do\/#website","url":"https:\/\/elglobal.do\/","name":"EL GLOBAL INFORMATIVO","description":"Peri\u00f3dico digital de la Rep\u00fablica Dominicana que ofrece noticias, novedades, pol\u00edtica y las \u00faltimas actualidades, con informaci\u00f3n veraz y oportuna para mantenerte siempre informad","publisher":{"@id":"https:\/\/elglobal.do\/#organization"},"potentialAction":[{"@type":"SearchAction","target":{"@type":"EntryPoint","urlTemplate":"https:\/\/elglobal.do\/?s={search_term_string}"},"query-input":{"@type":"PropertyValueSpecification","valueRequired":true,"valueName":"search_term_string"}}],"inLanguage":"es"},{"@type":"Organization","@id":"https:\/\/elglobal.do\/#organization","name":"EL GLOBAL.DO INFORMATIVO","url":"https:\/\/elglobal.do\/","logo":{"@type":"ImageObject","inLanguage":"es","@id":"https:\/\/elglobal.do\/#\/schema\/logo\/image\/","url":"https:\/\/elglobal.do\/wp-content\/uploads\/2025\/08\/icon.png","contentUrl":"https:\/\/elglobal.do\/wp-content\/uploads\/2025\/08\/icon.png","width":512,"height":512,"caption":"EL GLOBAL.DO INFORMATIVO"},"image":{"@id":"https:\/\/elglobal.do\/#\/schema\/logo\/image\/"}},{"@type":"Person","@id":"https:\/\/elglobal.do\/#\/schema\/person\/0c97ec2c7714fb605d230c292f64d55f","name":"EL GLOBAL","image":{"@type":"ImageObject","inLanguage":"es","@id":"https:\/\/elglobal.do\/#\/schema\/person\/image\/","url":"https:\/\/secure.gravatar.com\/avatar\/081cfb6cf99faddc6f4e23a0c11ab98c5cf302925382d1c88dc3ed757ab910a3?s=96&d=mm&r=g","contentUrl":"https:\/\/secure.gravatar.com\/avatar\/081cfb6cf99faddc6f4e23a0c11ab98c5cf302925382d1c88dc3ed757ab910a3?s=96&d=mm&r=g","caption":"EL GLOBAL"},"description":"El Global Informativo es un peri\u00f3dico digital de Rep\u00fablica Dominicana que se dedica a cubrir temas importantes, como la pol\u00edtica local, geopol\u00edtica, econom\u00eda, tecnolog\u00eda, noticias internacionales y eventos relacionados con la gesti\u00f3n social, cultural y humana. Su objetivo principal es mantener a la poblaci\u00f3n informada, ofreciendo una visi\u00f3n amplia y actualizada de lo que sucede tanto en el pa\u00eds como en el mundo. Est\u00e1 dirigido por un grupo de periodistas experimentados, lo que garantiza la calidad y la precisi\u00f3n de la informaci\u00f3n que ofrecen. Tiene su sede en la ciudad de Santo Domingo y es parte integral del portafolio de la empresa, MC Global S.R.L.","sameAs":["https:\/\/elglobal.do","https:\/\/www.instagram.com\/elglobal.do_informativo\/"],"url":"https:\/\/elglobal.do\/index.php\/author\/elglobaluserpro\/"}]}},"jetpack_featured_media_url":"https:\/\/elglobal.do\/wp-content\/uploads\/2025\/11\/Ecuela-Alemana.jpeg","jetpack_sharing_enabled":true,"_links":{"self":[{"href":"https:\/\/elglobal.do\/index.php\/wp-json\/wp\/v2\/posts\/3781","targetHints":{"allow":["GET"]}}],"collection":[{"href":"https:\/\/elglobal.do\/index.php\/wp-json\/wp\/v2\/posts"}],"about":[{"href":"https:\/\/elglobal.do\/index.php\/wp-json\/wp\/v2\/types\/post"}],"author":[{"embeddable":true,"href":"https:\/\/elglobal.do\/index.php\/wp-json\/wp\/v2\/users\/1"}],"replies":[{"embeddable":true,"href":"https:\/\/elglobal.do\/index.php\/wp-json\/wp\/v2\/comments?post=3781"}],"version-history":[{"count":2,"href":"https:\/\/elglobal.do\/index.php\/wp-json\/wp\/v2\/posts\/3781\/revisions"}],"predecessor-version":[{"id":3794,"href":"https:\/\/elglobal.do\/index.php\/wp-json\/wp\/v2\/posts\/3781\/revisions\/3794"}],"wp:featuredmedia":[{"embeddable":true,"href":"https:\/\/elglobal.do\/index.php\/wp-json\/wp\/v2\/media\/3792"}],"wp:attachment":[{"href":"https:\/\/elglobal.do\/index.php\/wp-json\/wp\/v2\/media?parent=3781"}],"wp:term":[{"taxonomy":"category","embeddable":true,"href":"https:\/\/elglobal.do\/index.php\/wp-json\/wp\/v2\/categories?post=3781"},{"taxonomy":"post_tag","embeddable":true,"href":"https:\/\/elglobal.do\/index.php\/wp-json\/wp\/v2\/tags?post=3781"}],"curies":[{"name":"wp","href":"https:\/\/api.w.org\/{rel}","templated":true}]}}