{"id":3789,"date":"2025-11-07T13:36:17","date_gmt":"2025-11-07T17:36:17","guid":{"rendered":"https:\/\/elglobal.do\/?p=3789"},"modified":"2025-11-07T13:36:19","modified_gmt":"2025-11-07T17:36:19","slug":"decomisan-150-paquetes-de-cocaina-en-azua","status":"publish","type":"post","link":"https:\/\/elglobal.do\/index.php\/2025\/11\/07\/decomisan-150-paquetes-de-cocaina-en-azua\/","title":{"rendered":"Decomisan 150 paquetes de coca\u00edna en Azua"},"content":{"rendered":"\n<figure class=\"wp-block-image size-full is-resized\"><img loading=\"lazy\" decoding=\"async\" width=\"896\" height=\"504\" src=\"https:\/\/elglobal.do\/wp-content\/uploads\/2025\/11\/image-34.png\" alt=\"\" class=\"wp-image-3790\" style=\"width:651px;height:auto\" srcset=\"https:\/\/elglobal.do\/wp-content\/uploads\/2025\/11\/image-34.png 896w, https:\/\/elglobal.do\/wp-content\/uploads\/2025\/11\/image-34-300x169.png 300w, https:\/\/elglobal.do\/wp-content\/uploads\/2025\/11\/image-34-768x432.png 768w\" sizes=\"auto, (max-width: 896px) 100vw, 896px\" \/><\/figure>\n\n\n\n<p><strong>Azua.-<\/strong> Las autoridades informaron este viernes que&nbsp;<strong>decomisaron<\/strong>&nbsp;un alijo de&nbsp;<strong>150 paquetes<\/strong>&nbsp;de coca\u00edna, con un peso total de&nbsp;<strong>154.2 kilogramos<\/strong>,<strong>&nbsp;<em><\/em><\/strong>seg\u00fan<strong><em><\/em>&nbsp;<\/strong>determin\u00f3 el&nbsp;an\u00e1lisis del Instituto Nacional de Ciencias Forenses&nbsp;(Inacif).<\/p>\n\n\n\n<p>La incautaci\u00f3n se realiz\u00f3 durante un&nbsp;<strong>operativo<\/strong>&nbsp;en el puesto de chequeo del kil\u00f3metro 15 de la provincia Azua.<\/p>\n\n\n\n<p>En la operaci\u00f3n fueron&nbsp;<strong>arrestados cinco hombres<\/strong>&nbsp;dominicanos, y se ocuparon&nbsp;<strong>dos veh\u00edculos<\/strong>, varios tel\u00e9fonos celulares, dinero en efectivo, documentos y otras&nbsp;<strong>evidencias vinculadas<\/strong>&nbsp;al caso.<\/p>\n\n\n\n<p>El\u00a0<strong>operativo<\/strong>\u00a0fue desplegado tras\u00a0<strong>informes de inteligencia<\/strong>\u00a0que alertaron sobre la movilizaci\u00f3n de varios individuos en\u00a0<strong>dos veh\u00edculos<\/strong>\u00a0desde la zona sur hacia la capital, transportando una cantidad indeterminada de\u00a0<strong>drogas<\/strong>, establece un comunicado de prensa de la\u00a0Direcci\u00f3n Nacional de Control de\u00a0<strong>Drogas<\/strong>\u00a0(<strong>DNCD<\/strong>).\u00a0<\/p>\n\n\n\n<ul class=\"wp-block-list\">\n<li>Durante la inspecci\u00f3n, y por instrucciones del\u00a0<strong>fiscal actuante<\/strong>, los agentes hallaron dos compartimientos secretos (<strong>caletas<\/strong>) en la parte delantera y trasera de una\u00a0<strong>jeepeta Hyundai Santa Fe<\/strong>, placa G-439596, donde se encontraron los\u00a0<strong>150 paquetes<\/strong>\u00a0del narc\u00f3tico.<\/li>\n<\/ul>\n\n\n\n<h2 class=\"wp-block-heading\">Buscan a otros integrantes de la red<\/h2>\n\n\n\n<p>La intervenci\u00f3n fue llevada a cabo por miembros de la&nbsp;<strong>DNCD<\/strong>&nbsp;y del&nbsp;<strong>Ministerio P\u00fablico (MP)<\/strong>, con el apoyo de efectivos del&nbsp;<strong>Ej\u00e9rcito de Rep\u00fablica Dominicana<\/strong>&nbsp;(ERD), la Armada de Rep\u00fablica Dominicana (ARD) y organismos de inteligencia del Estado.<\/p>\n\n\n\n<p>Las autoridades precisaron que desde hace m\u00e1s de cinco meses el&nbsp;<strong>MP<\/strong>, la&nbsp;<strong>DNCD<\/strong>&nbsp;y otras agencias de seguridad daban seguimiento a esta red, que operaba transportando cargamentos de&nbsp;<strong>drogas<\/strong>&nbsp;en veh\u00edculos con&nbsp;<strong>caletas<\/strong>&nbsp;ocultas habilitadas en su interior.<\/p>\n\n\n\n<p><\/p>\n","protected":false},"excerpt":{"rendered":"<p>Azua.- Las autoridades informaron este viernes que&nbsp;decomisaron&nbsp;un alijo de&nbsp;150 paquetes&nbsp;de coca\u00edna, con un peso total de&nbsp;154.2 kilogramos,&nbsp;seg\u00fan&nbsp;determin\u00f3 el&nbsp;an\u00e1lisis del Instituto Nacional de Ciencias Forenses&nbsp;(Inacif). La incautaci\u00f3n se realiz\u00f3 durante un&nbsp;operativo&nbsp;en&hellip; <\/p>\n","protected":false},"author":1,"featured_media":3790,"comment_status":"open","ping_status":"open","sticky":false,"template":"","format":"standard","meta":{"_jetpack_memberships_contains_paid_content":false,"footnotes":""},"categories":[40],"tags":[250,193,1971,126,251,1262],"class_list":["post-3789","post","type-post","status-publish","format-standard","has-post-thumbnail","hentry","category-nacionales","tag-autoridades","tag-cocaina","tag-decomisan","tag-ministeriopublico","tag-operativo","tag-red"],"yoast_head":"<!-- This site is optimized with the Yoast SEO plugin v26.9 - https:\/\/yoast.com\/product\/yoast-seo-wordpress\/ -->\n<title>Decomisan 150 paquetes de coca\u00edna en Azua - EL GLOBAL INFORMATIVO<\/title>\n<meta name=\"robots\" content=\"index, follow, max-snippet:-1, max-image-preview:large, max-video-preview:-1\" \/>\n<link rel=\"canonical\" href=\"https:\/\/elglobal.do\/index.php\/2025\/11\/07\/decomisan-150-paquetes-de-cocaina-en-azua\/\" \/>\n<meta property=\"og:locale\" content=\"es_ES\" \/>\n<meta property=\"og:type\" content=\"article\" \/>\n<meta property=\"og:title\" content=\"Decomisan 150 paquetes de coca\u00edna en Azua - EL GLOBAL INFORMATIVO\" \/>\n<meta property=\"og:description\" content=\"Azua.- Las autoridades informaron este viernes que&nbsp;decomisaron&nbsp;un alijo de&nbsp;150 paquetes&nbsp;de coca\u00edna, con un peso total de&nbsp;154.2 kilogramos,&nbsp;seg\u00fan&nbsp;determin\u00f3 el&nbsp;an\u00e1lisis del Instituto Nacional de Ciencias Forenses&nbsp;(Inacif). La incautaci\u00f3n se realiz\u00f3 durante un&nbsp;operativo&nbsp;en&hellip;\" \/>\n<meta property=\"og:url\" content=\"https:\/\/elglobal.do\/index.php\/2025\/11\/07\/decomisan-150-paquetes-de-cocaina-en-azua\/\" \/>\n<meta property=\"og:site_name\" content=\"EL GLOBAL INFORMATIVO\" \/>\n<meta property=\"article:published_time\" content=\"2025-11-07T17:36:17+00:00\" \/>\n<meta property=\"article:modified_time\" content=\"2025-11-07T17:36:19+00:00\" \/>\n<meta property=\"og:image\" content=\"https:\/\/elglobal.do\/wp-content\/uploads\/2025\/11\/image-34.png\" \/>\n\t<meta property=\"og:image:width\" content=\"896\" \/>\n\t<meta property=\"og:image:height\" content=\"504\" \/>\n\t<meta property=\"og:image:type\" content=\"image\/png\" \/>\n<meta name=\"author\" content=\"EL GLOBAL\" \/>\n<meta name=\"twitter:card\" content=\"summary_large_image\" \/>\n<meta name=\"twitter:label1\" content=\"Escrito por\" \/>\n\t<meta name=\"twitter:data1\" content=\"EL GLOBAL\" \/>\n\t<meta name=\"twitter:label2\" content=\"Tiempo de lectura\" \/>\n\t<meta name=\"twitter:data2\" content=\"2 minutos\" \/>\n<script type=\"application\/ld+json\" class=\"yoast-schema-graph\">{\"@context\":\"https:\/\/schema.org\",\"@graph\":[{\"@type\":\"Article\",\"@id\":\"https:\/\/elglobal.do\/index.php\/2025\/11\/07\/decomisan-150-paquetes-de-cocaina-en-azua\/#article\",\"isPartOf\":{\"@id\":\"https:\/\/elglobal.do\/index.php\/2025\/11\/07\/decomisan-150-paquetes-de-cocaina-en-azua\/\"},\"author\":{\"name\":\"EL GLOBAL\",\"@id\":\"https:\/\/elglobal.do\/#\/schema\/person\/0c97ec2c7714fb605d230c292f64d55f\"},\"headline\":\"Decomisan 150 paquetes de coca\u00edna en Azua\",\"datePublished\":\"2025-11-07T17:36:17+00:00\",\"dateModified\":\"2025-11-07T17:36:19+00:00\",\"mainEntityOfPage\":{\"@id\":\"https:\/\/elglobal.do\/index.php\/2025\/11\/07\/decomisan-150-paquetes-de-cocaina-en-azua\/\"},\"wordCount\":299,\"commentCount\":0,\"publisher\":{\"@id\":\"https:\/\/elglobal.do\/#organization\"},\"image\":{\"@id\":\"https:\/\/elglobal.do\/index.php\/2025\/11\/07\/decomisan-150-paquetes-de-cocaina-en-azua\/#primaryimage\"},\"thumbnailUrl\":\"https:\/\/elglobal.do\/wp-content\/uploads\/2025\/11\/image-34.png\",\"keywords\":[\"#Autoridades\",\"#Coca\u00edna\",\"#Decomisan\",\"#MinisterioP\u00fablico\",\"#Operativo\",\"#Red\"],\"articleSection\":[\"NACIONALES\"],\"inLanguage\":\"es\",\"potentialAction\":[{\"@type\":\"CommentAction\",\"name\":\"Comment\",\"target\":[\"https:\/\/elglobal.do\/index.php\/2025\/11\/07\/decomisan-150-paquetes-de-cocaina-en-azua\/#respond\"]}]},{\"@type\":\"WebPage\",\"@id\":\"https:\/\/elglobal.do\/index.php\/2025\/11\/07\/decomisan-150-paquetes-de-cocaina-en-azua\/\",\"url\":\"https:\/\/elglobal.do\/index.php\/2025\/11\/07\/decomisan-150-paquetes-de-cocaina-en-azua\/\",\"name\":\"Decomisan 150 paquetes de coca\u00edna en Azua - EL GLOBAL INFORMATIVO\",\"isPartOf\":{\"@id\":\"https:\/\/elglobal.do\/#website\"},\"primaryImageOfPage\":{\"@id\":\"https:\/\/elglobal.do\/index.php\/2025\/11\/07\/decomisan-150-paquetes-de-cocaina-en-azua\/#primaryimage\"},\"image\":{\"@id\":\"https:\/\/elglobal.do\/index.php\/2025\/11\/07\/decomisan-150-paquetes-de-cocaina-en-azua\/#primaryimage\"},\"thumbnailUrl\":\"https:\/\/elglobal.do\/wp-content\/uploads\/2025\/11\/image-34.png\",\"datePublished\":\"2025-11-07T17:36:17+00:00\",\"dateModified\":\"2025-11-07T17:36:19+00:00\",\"breadcrumb\":{\"@id\":\"https:\/\/elglobal.do\/index.php\/2025\/11\/07\/decomisan-150-paquetes-de-cocaina-en-azua\/#breadcrumb\"},\"inLanguage\":\"es\",\"potentialAction\":[{\"@type\":\"ReadAction\",\"target\":[\"https:\/\/elglobal.do\/index.php\/2025\/11\/07\/decomisan-150-paquetes-de-cocaina-en-azua\/\"]}]},{\"@type\":\"ImageObject\",\"inLanguage\":\"es\",\"@id\":\"https:\/\/elglobal.do\/index.php\/2025\/11\/07\/decomisan-150-paquetes-de-cocaina-en-azua\/#primaryimage\",\"url\":\"https:\/\/elglobal.do\/wp-content\/uploads\/2025\/11\/image-34.png\",\"contentUrl\":\"https:\/\/elglobal.do\/wp-content\/uploads\/2025\/11\/image-34.png\",\"width\":896,\"height\":504},{\"@type\":\"BreadcrumbList\",\"@id\":\"https:\/\/elglobal.do\/index.php\/2025\/11\/07\/decomisan-150-paquetes-de-cocaina-en-azua\/#breadcrumb\",\"itemListElement\":[{\"@type\":\"ListItem\",\"position\":1,\"name\":\"Portada\",\"item\":\"https:\/\/elglobal.do\/\"},{\"@type\":\"ListItem\",\"position\":2,\"name\":\"Decomisan 150 paquetes de coca\u00edna en Azua\"}]},{\"@type\":\"WebSite\",\"@id\":\"https:\/\/elglobal.do\/#website\",\"url\":\"https:\/\/elglobal.do\/\",\"name\":\"EL GLOBAL INFORMATIVO\",\"description\":\"Peri\u00f3dico digital de la Rep\u00fablica Dominicana que ofrece noticias, novedades, pol\u00edtica y las \u00faltimas actualidades, con informaci\u00f3n veraz y oportuna para mantenerte siempre informad\",\"publisher\":{\"@id\":\"https:\/\/elglobal.do\/#organization\"},\"potentialAction\":[{\"@type\":\"SearchAction\",\"target\":{\"@type\":\"EntryPoint\",\"urlTemplate\":\"https:\/\/elglobal.do\/?s={search_term_string}\"},\"query-input\":{\"@type\":\"PropertyValueSpecification\",\"valueRequired\":true,\"valueName\":\"search_term_string\"}}],\"inLanguage\":\"es\"},{\"@type\":\"Organization\",\"@id\":\"https:\/\/elglobal.do\/#organization\",\"name\":\"EL GLOBAL.DO INFORMATIVO\",\"url\":\"https:\/\/elglobal.do\/\",\"logo\":{\"@type\":\"ImageObject\",\"inLanguage\":\"es\",\"@id\":\"https:\/\/elglobal.do\/#\/schema\/logo\/image\/\",\"url\":\"https:\/\/elglobal.do\/wp-content\/uploads\/2025\/08\/icon.png\",\"contentUrl\":\"https:\/\/elglobal.do\/wp-content\/uploads\/2025\/08\/icon.png\",\"width\":512,\"height\":512,\"caption\":\"EL GLOBAL.DO INFORMATIVO\"},\"image\":{\"@id\":\"https:\/\/elglobal.do\/#\/schema\/logo\/image\/\"}},{\"@type\":\"Person\",\"@id\":\"https:\/\/elglobal.do\/#\/schema\/person\/0c97ec2c7714fb605d230c292f64d55f\",\"name\":\"EL GLOBAL\",\"image\":{\"@type\":\"ImageObject\",\"inLanguage\":\"es\",\"@id\":\"https:\/\/elglobal.do\/#\/schema\/person\/image\/\",\"url\":\"https:\/\/secure.gravatar.com\/avatar\/081cfb6cf99faddc6f4e23a0c11ab98c5cf302925382d1c88dc3ed757ab910a3?s=96&d=mm&r=g\",\"contentUrl\":\"https:\/\/secure.gravatar.com\/avatar\/081cfb6cf99faddc6f4e23a0c11ab98c5cf302925382d1c88dc3ed757ab910a3?s=96&d=mm&r=g\",\"caption\":\"EL GLOBAL\"},\"description\":\"El Global Informativo es un peri\u00f3dico digital de Rep\u00fablica Dominicana que se dedica a cubrir temas importantes, como la pol\u00edtica local, geopol\u00edtica, econom\u00eda, tecnolog\u00eda, noticias internacionales y eventos relacionados con la gesti\u00f3n social, cultural y humana. Su objetivo principal es mantener a la poblaci\u00f3n informada, ofreciendo una visi\u00f3n amplia y actualizada de lo que sucede tanto en el pa\u00eds como en el mundo. Est\u00e1 dirigido por un grupo de periodistas experimentados, lo que garantiza la calidad y la precisi\u00f3n de la informaci\u00f3n que ofrecen. Tiene su sede en la ciudad de Santo Domingo y es parte integral del portafolio de la empresa, MC Global S.R.L.\",\"sameAs\":[\"https:\/\/elglobal.do\",\"https:\/\/www.instagram.com\/elglobal.do_informativo\/\"],\"url\":\"https:\/\/elglobal.do\/index.php\/author\/elglobaluserpro\/\"}]}<\/script>\n<!-- \/ Yoast SEO plugin. -->","yoast_head_json":{"title":"Decomisan 150 paquetes de coca\u00edna en Azua - EL GLOBAL INFORMATIVO","robots":{"index":"index","follow":"follow","max-snippet":"max-snippet:-1","max-image-preview":"max-image-preview:large","max-video-preview":"max-video-preview:-1"},"canonical":"https:\/\/elglobal.do\/index.php\/2025\/11\/07\/decomisan-150-paquetes-de-cocaina-en-azua\/","og_locale":"es_ES","og_type":"article","og_title":"Decomisan 150 paquetes de coca\u00edna en Azua - EL GLOBAL INFORMATIVO","og_description":"Azua.- Las autoridades informaron este viernes que&nbsp;decomisaron&nbsp;un alijo de&nbsp;150 paquetes&nbsp;de coca\u00edna, con un peso total de&nbsp;154.2 kilogramos,&nbsp;seg\u00fan&nbsp;determin\u00f3 el&nbsp;an\u00e1lisis del Instituto Nacional de Ciencias Forenses&nbsp;(Inacif). La incautaci\u00f3n se realiz\u00f3 durante un&nbsp;operativo&nbsp;en&hellip;","og_url":"https:\/\/elglobal.do\/index.php\/2025\/11\/07\/decomisan-150-paquetes-de-cocaina-en-azua\/","og_site_name":"EL GLOBAL INFORMATIVO","article_published_time":"2025-11-07T17:36:17+00:00","article_modified_time":"2025-11-07T17:36:19+00:00","og_image":[{"width":896,"height":504,"url":"https:\/\/elglobal.do\/wp-content\/uploads\/2025\/11\/image-34.png","type":"image\/png"}],"author":"EL GLOBAL","twitter_card":"summary_large_image","twitter_misc":{"Escrito por":"EL GLOBAL","Tiempo de lectura":"2 minutos"},"schema":{"@context":"https:\/\/schema.org","@graph":[{"@type":"Article","@id":"https:\/\/elglobal.do\/index.php\/2025\/11\/07\/decomisan-150-paquetes-de-cocaina-en-azua\/#article","isPartOf":{"@id":"https:\/\/elglobal.do\/index.php\/2025\/11\/07\/decomisan-150-paquetes-de-cocaina-en-azua\/"},"author":{"name":"EL GLOBAL","@id":"https:\/\/elglobal.do\/#\/schema\/person\/0c97ec2c7714fb605d230c292f64d55f"},"headline":"Decomisan 150 paquetes de coca\u00edna en Azua","datePublished":"2025-11-07T17:36:17+00:00","dateModified":"2025-11-07T17:36:19+00:00","mainEntityOfPage":{"@id":"https:\/\/elglobal.do\/index.php\/2025\/11\/07\/decomisan-150-paquetes-de-cocaina-en-azua\/"},"wordCount":299,"commentCount":0,"publisher":{"@id":"https:\/\/elglobal.do\/#organization"},"image":{"@id":"https:\/\/elglobal.do\/index.php\/2025\/11\/07\/decomisan-150-paquetes-de-cocaina-en-azua\/#primaryimage"},"thumbnailUrl":"https:\/\/elglobal.do\/wp-content\/uploads\/2025\/11\/image-34.png","keywords":["#Autoridades","#Coca\u00edna","#Decomisan","#MinisterioP\u00fablico","#Operativo","#Red"],"articleSection":["NACIONALES"],"inLanguage":"es","potentialAction":[{"@type":"CommentAction","name":"Comment","target":["https:\/\/elglobal.do\/index.php\/2025\/11\/07\/decomisan-150-paquetes-de-cocaina-en-azua\/#respond"]}]},{"@type":"WebPage","@id":"https:\/\/elglobal.do\/index.php\/2025\/11\/07\/decomisan-150-paquetes-de-cocaina-en-azua\/","url":"https:\/\/elglobal.do\/index.php\/2025\/11\/07\/decomisan-150-paquetes-de-cocaina-en-azua\/","name":"Decomisan 150 paquetes de coca\u00edna en Azua - EL GLOBAL INFORMATIVO","isPartOf":{"@id":"https:\/\/elglobal.do\/#website"},"primaryImageOfPage":{"@id":"https:\/\/elglobal.do\/index.php\/2025\/11\/07\/decomisan-150-paquetes-de-cocaina-en-azua\/#primaryimage"},"image":{"@id":"https:\/\/elglobal.do\/index.php\/2025\/11\/07\/decomisan-150-paquetes-de-cocaina-en-azua\/#primaryimage"},"thumbnailUrl":"https:\/\/elglobal.do\/wp-content\/uploads\/2025\/11\/image-34.png","datePublished":"2025-11-07T17:36:17+00:00","dateModified":"2025-11-07T17:36:19+00:00","breadcrumb":{"@id":"https:\/\/elglobal.do\/index.php\/2025\/11\/07\/decomisan-150-paquetes-de-cocaina-en-azua\/#breadcrumb"},"inLanguage":"es","potentialAction":[{"@type":"ReadAction","target":["https:\/\/elglobal.do\/index.php\/2025\/11\/07\/decomisan-150-paquetes-de-cocaina-en-azua\/"]}]},{"@type":"ImageObject","inLanguage":"es","@id":"https:\/\/elglobal.do\/index.php\/2025\/11\/07\/decomisan-150-paquetes-de-cocaina-en-azua\/#primaryimage","url":"https:\/\/elglobal.do\/wp-content\/uploads\/2025\/11\/image-34.png","contentUrl":"https:\/\/elglobal.do\/wp-content\/uploads\/2025\/11\/image-34.png","width":896,"height":504},{"@type":"BreadcrumbList","@id":"https:\/\/elglobal.do\/index.php\/2025\/11\/07\/decomisan-150-paquetes-de-cocaina-en-azua\/#breadcrumb","itemListElement":[{"@type":"ListItem","position":1,"name":"Portada","item":"https:\/\/elglobal.do\/"},{"@type":"ListItem","position":2,"name":"Decomisan 150 paquetes de coca\u00edna en Azua"}]},{"@type":"WebSite","@id":"https:\/\/elglobal.do\/#website","url":"https:\/\/elglobal.do\/","name":"EL GLOBAL INFORMATIVO","description":"Peri\u00f3dico digital de la Rep\u00fablica Dominicana que ofrece noticias, novedades, pol\u00edtica y las \u00faltimas actualidades, con informaci\u00f3n veraz y oportuna para mantenerte siempre informad","publisher":{"@id":"https:\/\/elglobal.do\/#organization"},"potentialAction":[{"@type":"SearchAction","target":{"@type":"EntryPoint","urlTemplate":"https:\/\/elglobal.do\/?s={search_term_string}"},"query-input":{"@type":"PropertyValueSpecification","valueRequired":true,"valueName":"search_term_string"}}],"inLanguage":"es"},{"@type":"Organization","@id":"https:\/\/elglobal.do\/#organization","name":"EL GLOBAL.DO INFORMATIVO","url":"https:\/\/elglobal.do\/","logo":{"@type":"ImageObject","inLanguage":"es","@id":"https:\/\/elglobal.do\/#\/schema\/logo\/image\/","url":"https:\/\/elglobal.do\/wp-content\/uploads\/2025\/08\/icon.png","contentUrl":"https:\/\/elglobal.do\/wp-content\/uploads\/2025\/08\/icon.png","width":512,"height":512,"caption":"EL GLOBAL.DO INFORMATIVO"},"image":{"@id":"https:\/\/elglobal.do\/#\/schema\/logo\/image\/"}},{"@type":"Person","@id":"https:\/\/elglobal.do\/#\/schema\/person\/0c97ec2c7714fb605d230c292f64d55f","name":"EL GLOBAL","image":{"@type":"ImageObject","inLanguage":"es","@id":"https:\/\/elglobal.do\/#\/schema\/person\/image\/","url":"https:\/\/secure.gravatar.com\/avatar\/081cfb6cf99faddc6f4e23a0c11ab98c5cf302925382d1c88dc3ed757ab910a3?s=96&d=mm&r=g","contentUrl":"https:\/\/secure.gravatar.com\/avatar\/081cfb6cf99faddc6f4e23a0c11ab98c5cf302925382d1c88dc3ed757ab910a3?s=96&d=mm&r=g","caption":"EL GLOBAL"},"description":"El Global Informativo es un peri\u00f3dico digital de Rep\u00fablica Dominicana que se dedica a cubrir temas importantes, como la pol\u00edtica local, geopol\u00edtica, econom\u00eda, tecnolog\u00eda, noticias internacionales y eventos relacionados con la gesti\u00f3n social, cultural y humana. Su objetivo principal es mantener a la poblaci\u00f3n informada, ofreciendo una visi\u00f3n amplia y actualizada de lo que sucede tanto en el pa\u00eds como en el mundo. Est\u00e1 dirigido por un grupo de periodistas experimentados, lo que garantiza la calidad y la precisi\u00f3n de la informaci\u00f3n que ofrecen. Tiene su sede en la ciudad de Santo Domingo y es parte integral del portafolio de la empresa, MC Global S.R.L.","sameAs":["https:\/\/elglobal.do","https:\/\/www.instagram.com\/elglobal.do_informativo\/"],"url":"https:\/\/elglobal.do\/index.php\/author\/elglobaluserpro\/"}]}},"jetpack_featured_media_url":"https:\/\/elglobal.do\/wp-content\/uploads\/2025\/11\/image-34.png","jetpack_sharing_enabled":true,"_links":{"self":[{"href":"https:\/\/elglobal.do\/index.php\/wp-json\/wp\/v2\/posts\/3789","targetHints":{"allow":["GET"]}}],"collection":[{"href":"https:\/\/elglobal.do\/index.php\/wp-json\/wp\/v2\/posts"}],"about":[{"href":"https:\/\/elglobal.do\/index.php\/wp-json\/wp\/v2\/types\/post"}],"author":[{"embeddable":true,"href":"https:\/\/elglobal.do\/index.php\/wp-json\/wp\/v2\/users\/1"}],"replies":[{"embeddable":true,"href":"https:\/\/elglobal.do\/index.php\/wp-json\/wp\/v2\/comments?post=3789"}],"version-history":[{"count":1,"href":"https:\/\/elglobal.do\/index.php\/wp-json\/wp\/v2\/posts\/3789\/revisions"}],"predecessor-version":[{"id":3791,"href":"https:\/\/elglobal.do\/index.php\/wp-json\/wp\/v2\/posts\/3789\/revisions\/3791"}],"wp:featuredmedia":[{"embeddable":true,"href":"https:\/\/elglobal.do\/index.php\/wp-json\/wp\/v2\/media\/3790"}],"wp:attachment":[{"href":"https:\/\/elglobal.do\/index.php\/wp-json\/wp\/v2\/media?parent=3789"}],"wp:term":[{"taxonomy":"category","embeddable":true,"href":"https:\/\/elglobal.do\/index.php\/wp-json\/wp\/v2\/categories?post=3789"},{"taxonomy":"post_tag","embeddable":true,"href":"https:\/\/elglobal.do\/index.php\/wp-json\/wp\/v2\/tags?post=3789"}],"curies":[{"name":"wp","href":"https:\/\/api.w.org\/{rel}","templated":true}]}}