{"id":3810,"date":"2025-11-10T14:18:09","date_gmt":"2025-11-10T18:18:09","guid":{"rendered":"https:\/\/elglobal.do\/?p=3810"},"modified":"2025-11-10T14:18:12","modified_gmt":"2025-11-10T18:18:12","slug":"trump-exige-a-los-controladores-aereos-volver-a-trabajar","status":"publish","type":"post","link":"https:\/\/elglobal.do\/index.php\/2025\/11\/10\/trump-exige-a-los-controladores-aereos-volver-a-trabajar\/","title":{"rendered":"Trump exige a los controladores a\u00e9reos volver a trabajar"},"content":{"rendered":"\n<figure class=\"wp-block-image size-full\"><img loading=\"lazy\" decoding=\"async\" width=\"896\" height=\"504\" src=\"https:\/\/elglobal.do\/wp-content\/uploads\/2025\/11\/image-39.png\" alt=\"\" class=\"wp-image-3811\" srcset=\"https:\/\/elglobal.do\/wp-content\/uploads\/2025\/11\/image-39.png 896w, https:\/\/elglobal.do\/wp-content\/uploads\/2025\/11\/image-39-300x169.png 300w, https:\/\/elglobal.do\/wp-content\/uploads\/2025\/11\/image-39-768x432.png 768w\" sizes=\"auto, (max-width: 896px) 100vw, 896px\" \/><\/figure>\n\n\n\n<p><strong>Estados Unidos.-<\/strong>El presidente de Estados Unidos,&nbsp;<strong>Donald J. Trump<\/strong>, lanz\u00f3 este lunes un agresivo mensaje en la red&nbsp;<em>Truth Social<\/em>&nbsp;dirigido a los controladores de tr\u00e1nsito a\u00e9reo en medio del&nbsp;<strong>apag\u00f3n gubernamental<\/strong>&nbsp;\u2014par\u00e1lisis parcial de operaciones federales\u2014 que mantiene enfrentado a la Casa Blanca con el Congreso.<\/p>\n\n\n\n<p>Trump exigi\u00f3 que \u00abtodos los&nbsp;<strong>controladores a\u00e9reos<\/strong>&nbsp;vuelvan al trabajo, AHORA\u00bb, advirtiendo que quienes no se presenten \u00abser\u00e1n sancionados significativamente\u00bb.<\/p>\n\n\n\n<p>En su publicaci\u00f3n, el mandatario calific\u00f3 el cierre administrativo como un \u00ab<strong>enga\u00f1o dem\u00f3crata<\/strong>\u00bb (\u00abDemocrat Shutdown Hoax\u00bb) y asegur\u00f3 que aquellos controladores que mantuvieron sus funciones durante los d\u00edas de paralizaci\u00f3n recibir\u00e1n un bono de 10,000 d\u00f3lares por su \u00ab<strong>servicio distinguido<\/strong>\u00ab.<\/p>\n\n\n\n<p>Seg\u00fan Trump, estos trabajadores&nbsp;<strong>\u00abno tomaron NI UN SOLO D\u00cdA LIBRE\u00bb<\/strong>&nbsp;pese a la incertidumbre presupuestaria.<\/p>\n\n\n\n<p>El mensaje marc\u00f3 un tono mucho m\u00e1s severo contra quienes, seg\u00fan \u00e9l, \u00abno hicieron m\u00e1s que quejarse\u00bb o tomaron d\u00edas libres durante el cierre. A ellos les advirti\u00f3 que tendr\u00e1n \u00abuna&nbsp;<strong>marca negativa<\/strong>\u00bb en su historial \u00abal menos en su mente\u00bb, y los invit\u00f3 a abandonar el servicio sin esperar compensaci\u00f3n ni indemnizaci\u00f3n.<\/p>\n\n\n\n<p>\u00abSer\u00e1n reemplazados r\u00e1pidamente por&nbsp;<strong>verdaderos patriotas<\/strong>\u00ab, afirm\u00f3.<\/p>\n\n\n\n<p>Trump tambi\u00e9n aprovech\u00f3 para criticar a la&nbsp;<strong>administraci\u00f3n anterior<\/strong>, acus\u00e1ndola de haber gastado \u00abmiles de millones\u00bb intentando reparar equipos \u00abobsoletos\u00bb, y asegur\u00f3 estar ordenando tecnolog\u00eda \u00abde \u00faltima generaci\u00f3n\u00bb para modernizar el sistema de control a\u00e9reo del pa\u00eds.<\/p>\n\n\n\n<h2 class=\"wp-block-heading\">Protestas por apag\u00f3n<\/h2>\n\n\n\n<p>El&nbsp;<strong>apag\u00f3n gubernamental<\/strong>, provocado por la&nbsp;<strong>falta de aprobaci\u00f3n<\/strong>&nbsp;de fondos en el Congreso, ha afectado a m\u00faltiples agencias federales y ha reactivado tensiones sobre el financiamiento de operaciones esenciales.<\/p>\n\n\n\n<p>Aunque los trabajadores federales suelen&nbsp;<strong>recibir el pago retroactivo&nbsp;<\/strong>una vez que el gobierno reabre, la presi\u00f3n pol\u00edtica y las cargas operativas han generado protestas en varios sectores, incluyendo transporte, seguridad y servicios p\u00fablicos.<\/p>\n\n\n\n<p>El presidente del sindicato de&nbsp;<strong>controladores a\u00e9reos<\/strong>&nbsp;de Estados Unidos pidi\u00f3 este lunes el fin inmediato del cierre gubernamental m\u00e1s largo del pa\u00eds, y advirti\u00f3 del&nbsp;<strong>aumento de los riesgos<\/strong>&nbsp;que supone que los empleados de seguridad trabajen sin cobrar.<\/p>\n\n\n\n<p>\u00abYa basta\u00bb, declar\u00f3 Nick Daniels en una rueda de prensa en la que calific\u00f3 como \u00abun paso en la direcci\u00f3n correcta\u00bb la decisi\u00f3n del Senado de&nbsp;<strong>debatir formalmente<\/strong>&nbsp;un acuerdo presupuestario que ponga fin al \u00abshutdown\u00bb.<\/p>\n\n\n\n<p>Trump cerr\u00f3 su mensaje bendiciendo a los \u00ab<strong>grandes patriotas<\/strong>\u00bb y reiterando el llamado para que el resto \u00abse presente al trabajo de inmediato\u00bb.<\/p>\n\n\n\n<p><\/p>\n","protected":false},"excerpt":{"rendered":"<p>Estados Unidos.-El presidente de Estados Unidos,&nbsp;Donald J. Trump, lanz\u00f3 este lunes un agresivo mensaje en la red&nbsp;Truth Social&nbsp;dirigido a los controladores de tr\u00e1nsito a\u00e9reo en medio del&nbsp;apag\u00f3n gubernamental&nbsp;\u2014par\u00e1lisis parcial de&hellip; <\/p>\n","protected":false},"author":1,"featured_media":3811,"comment_status":"open","ping_status":"open","sticky":false,"template":"","format":"standard","meta":{"_jetpack_memberships_contains_paid_content":false,"footnotes":""},"categories":[1],"tags":[1984,1982,1272,1983],"class_list":["post-3810","post","type-post","status-publish","format-standard","has-post-thumbnail","hentry","category-categoria-internacionales","tag-apagongubernamental","tag-controladoresaereos","tag-donaldtrump-2","tag-trabajar"],"yoast_head":"<!-- This site is optimized with the Yoast SEO plugin v26.9 - https:\/\/yoast.com\/product\/yoast-seo-wordpress\/ -->\n<title>Trump exige a los controladores a\u00e9reos volver a trabajar - EL GLOBAL INFORMATIVO<\/title>\n<meta name=\"robots\" content=\"index, follow, max-snippet:-1, max-image-preview:large, max-video-preview:-1\" \/>\n<link rel=\"canonical\" href=\"https:\/\/elglobal.do\/index.php\/2025\/11\/10\/trump-exige-a-los-controladores-aereos-volver-a-trabajar\/\" \/>\n<meta property=\"og:locale\" content=\"es_ES\" \/>\n<meta property=\"og:type\" content=\"article\" \/>\n<meta property=\"og:title\" content=\"Trump exige a los controladores a\u00e9reos volver a trabajar - EL GLOBAL INFORMATIVO\" \/>\n<meta property=\"og:description\" content=\"Estados Unidos.-El presidente de Estados Unidos,&nbsp;Donald J. Trump, lanz\u00f3 este lunes un agresivo mensaje en la red&nbsp;Truth Social&nbsp;dirigido a los controladores de tr\u00e1nsito a\u00e9reo en medio del&nbsp;apag\u00f3n gubernamental&nbsp;\u2014par\u00e1lisis parcial de&hellip;\" \/>\n<meta property=\"og:url\" content=\"https:\/\/elglobal.do\/index.php\/2025\/11\/10\/trump-exige-a-los-controladores-aereos-volver-a-trabajar\/\" \/>\n<meta property=\"og:site_name\" content=\"EL GLOBAL INFORMATIVO\" \/>\n<meta property=\"article:published_time\" content=\"2025-11-10T18:18:09+00:00\" \/>\n<meta property=\"article:modified_time\" content=\"2025-11-10T18:18:12+00:00\" \/>\n<meta property=\"og:image\" content=\"https:\/\/elglobal.do\/wp-content\/uploads\/2025\/11\/image-39.png\" \/>\n\t<meta property=\"og:image:width\" content=\"896\" \/>\n\t<meta property=\"og:image:height\" content=\"504\" \/>\n\t<meta property=\"og:image:type\" content=\"image\/png\" \/>\n<meta name=\"author\" content=\"EL GLOBAL\" \/>\n<meta name=\"twitter:card\" content=\"summary_large_image\" \/>\n<meta name=\"twitter:label1\" content=\"Escrito por\" \/>\n\t<meta name=\"twitter:data1\" content=\"EL GLOBAL\" \/>\n\t<meta name=\"twitter:label2\" content=\"Tiempo de lectura\" \/>\n\t<meta name=\"twitter:data2\" content=\"3 minutos\" \/>\n<script type=\"application\/ld+json\" class=\"yoast-schema-graph\">{\"@context\":\"https:\/\/schema.org\",\"@graph\":[{\"@type\":\"Article\",\"@id\":\"https:\/\/elglobal.do\/index.php\/2025\/11\/10\/trump-exige-a-los-controladores-aereos-volver-a-trabajar\/#article\",\"isPartOf\":{\"@id\":\"https:\/\/elglobal.do\/index.php\/2025\/11\/10\/trump-exige-a-los-controladores-aereos-volver-a-trabajar\/\"},\"author\":{\"name\":\"EL GLOBAL\",\"@id\":\"https:\/\/elglobal.do\/#\/schema\/person\/0c97ec2c7714fb605d230c292f64d55f\"},\"headline\":\"Trump exige a los controladores a\u00e9reos volver a trabajar\",\"datePublished\":\"2025-11-10T18:18:09+00:00\",\"dateModified\":\"2025-11-10T18:18:12+00:00\",\"mainEntityOfPage\":{\"@id\":\"https:\/\/elglobal.do\/index.php\/2025\/11\/10\/trump-exige-a-los-controladores-aereos-volver-a-trabajar\/\"},\"wordCount\":462,\"commentCount\":0,\"publisher\":{\"@id\":\"https:\/\/elglobal.do\/#organization\"},\"image\":{\"@id\":\"https:\/\/elglobal.do\/index.php\/2025\/11\/10\/trump-exige-a-los-controladores-aereos-volver-a-trabajar\/#primaryimage\"},\"thumbnailUrl\":\"https:\/\/elglobal.do\/wp-content\/uploads\/2025\/11\/image-39.png\",\"keywords\":[\"#Apag\u00f3ngubernamental\",\"#ControladoresA\u00e9reos\",\"#DonaldTrump\",\"#Trabajar\"],\"articleSection\":[\"INTERNACIONALES\"],\"inLanguage\":\"es\",\"potentialAction\":[{\"@type\":\"CommentAction\",\"name\":\"Comment\",\"target\":[\"https:\/\/elglobal.do\/index.php\/2025\/11\/10\/trump-exige-a-los-controladores-aereos-volver-a-trabajar\/#respond\"]}]},{\"@type\":\"WebPage\",\"@id\":\"https:\/\/elglobal.do\/index.php\/2025\/11\/10\/trump-exige-a-los-controladores-aereos-volver-a-trabajar\/\",\"url\":\"https:\/\/elglobal.do\/index.php\/2025\/11\/10\/trump-exige-a-los-controladores-aereos-volver-a-trabajar\/\",\"name\":\"Trump exige a los controladores a\u00e9reos volver a trabajar - EL GLOBAL INFORMATIVO\",\"isPartOf\":{\"@id\":\"https:\/\/elglobal.do\/#website\"},\"primaryImageOfPage\":{\"@id\":\"https:\/\/elglobal.do\/index.php\/2025\/11\/10\/trump-exige-a-los-controladores-aereos-volver-a-trabajar\/#primaryimage\"},\"image\":{\"@id\":\"https:\/\/elglobal.do\/index.php\/2025\/11\/10\/trump-exige-a-los-controladores-aereos-volver-a-trabajar\/#primaryimage\"},\"thumbnailUrl\":\"https:\/\/elglobal.do\/wp-content\/uploads\/2025\/11\/image-39.png\",\"datePublished\":\"2025-11-10T18:18:09+00:00\",\"dateModified\":\"2025-11-10T18:18:12+00:00\",\"breadcrumb\":{\"@id\":\"https:\/\/elglobal.do\/index.php\/2025\/11\/10\/trump-exige-a-los-controladores-aereos-volver-a-trabajar\/#breadcrumb\"},\"inLanguage\":\"es\",\"potentialAction\":[{\"@type\":\"ReadAction\",\"target\":[\"https:\/\/elglobal.do\/index.php\/2025\/11\/10\/trump-exige-a-los-controladores-aereos-volver-a-trabajar\/\"]}]},{\"@type\":\"ImageObject\",\"inLanguage\":\"es\",\"@id\":\"https:\/\/elglobal.do\/index.php\/2025\/11\/10\/trump-exige-a-los-controladores-aereos-volver-a-trabajar\/#primaryimage\",\"url\":\"https:\/\/elglobal.do\/wp-content\/uploads\/2025\/11\/image-39.png\",\"contentUrl\":\"https:\/\/elglobal.do\/wp-content\/uploads\/2025\/11\/image-39.png\",\"width\":896,\"height\":504},{\"@type\":\"BreadcrumbList\",\"@id\":\"https:\/\/elglobal.do\/index.php\/2025\/11\/10\/trump-exige-a-los-controladores-aereos-volver-a-trabajar\/#breadcrumb\",\"itemListElement\":[{\"@type\":\"ListItem\",\"position\":1,\"name\":\"Portada\",\"item\":\"https:\/\/elglobal.do\/\"},{\"@type\":\"ListItem\",\"position\":2,\"name\":\"Trump exige a los controladores a\u00e9reos volver a trabajar\"}]},{\"@type\":\"WebSite\",\"@id\":\"https:\/\/elglobal.do\/#website\",\"url\":\"https:\/\/elglobal.do\/\",\"name\":\"EL GLOBAL INFORMATIVO\",\"description\":\"Peri\u00f3dico digital de la Rep\u00fablica Dominicana que ofrece noticias, novedades, pol\u00edtica y las \u00faltimas actualidades, con informaci\u00f3n veraz y oportuna para mantenerte siempre informad\",\"publisher\":{\"@id\":\"https:\/\/elglobal.do\/#organization\"},\"potentialAction\":[{\"@type\":\"SearchAction\",\"target\":{\"@type\":\"EntryPoint\",\"urlTemplate\":\"https:\/\/elglobal.do\/?s={search_term_string}\"},\"query-input\":{\"@type\":\"PropertyValueSpecification\",\"valueRequired\":true,\"valueName\":\"search_term_string\"}}],\"inLanguage\":\"es\"},{\"@type\":\"Organization\",\"@id\":\"https:\/\/elglobal.do\/#organization\",\"name\":\"EL GLOBAL.DO INFORMATIVO\",\"url\":\"https:\/\/elglobal.do\/\",\"logo\":{\"@type\":\"ImageObject\",\"inLanguage\":\"es\",\"@id\":\"https:\/\/elglobal.do\/#\/schema\/logo\/image\/\",\"url\":\"https:\/\/elglobal.do\/wp-content\/uploads\/2025\/08\/icon.png\",\"contentUrl\":\"https:\/\/elglobal.do\/wp-content\/uploads\/2025\/08\/icon.png\",\"width\":512,\"height\":512,\"caption\":\"EL GLOBAL.DO INFORMATIVO\"},\"image\":{\"@id\":\"https:\/\/elglobal.do\/#\/schema\/logo\/image\/\"}},{\"@type\":\"Person\",\"@id\":\"https:\/\/elglobal.do\/#\/schema\/person\/0c97ec2c7714fb605d230c292f64d55f\",\"name\":\"EL GLOBAL\",\"image\":{\"@type\":\"ImageObject\",\"inLanguage\":\"es\",\"@id\":\"https:\/\/elglobal.do\/#\/schema\/person\/image\/\",\"url\":\"https:\/\/secure.gravatar.com\/avatar\/081cfb6cf99faddc6f4e23a0c11ab98c5cf302925382d1c88dc3ed757ab910a3?s=96&d=mm&r=g\",\"contentUrl\":\"https:\/\/secure.gravatar.com\/avatar\/081cfb6cf99faddc6f4e23a0c11ab98c5cf302925382d1c88dc3ed757ab910a3?s=96&d=mm&r=g\",\"caption\":\"EL GLOBAL\"},\"description\":\"El Global Informativo es un peri\u00f3dico digital de Rep\u00fablica Dominicana que se dedica a cubrir temas importantes, como la pol\u00edtica local, geopol\u00edtica, econom\u00eda, tecnolog\u00eda, noticias internacionales y eventos relacionados con la gesti\u00f3n social, cultural y humana. Su objetivo principal es mantener a la poblaci\u00f3n informada, ofreciendo una visi\u00f3n amplia y actualizada de lo que sucede tanto en el pa\u00eds como en el mundo. Est\u00e1 dirigido por un grupo de periodistas experimentados, lo que garantiza la calidad y la precisi\u00f3n de la informaci\u00f3n que ofrecen. Tiene su sede en la ciudad de Santo Domingo y es parte integral del portafolio de la empresa, MC Global S.R.L.\",\"sameAs\":[\"https:\/\/elglobal.do\",\"https:\/\/www.instagram.com\/elglobal.do_informativo\/\"],\"url\":\"https:\/\/elglobal.do\/index.php\/author\/elglobaluserpro\/\"}]}<\/script>\n<!-- \/ Yoast SEO plugin. -->","yoast_head_json":{"title":"Trump exige a los controladores a\u00e9reos volver a trabajar - EL GLOBAL INFORMATIVO","robots":{"index":"index","follow":"follow","max-snippet":"max-snippet:-1","max-image-preview":"max-image-preview:large","max-video-preview":"max-video-preview:-1"},"canonical":"https:\/\/elglobal.do\/index.php\/2025\/11\/10\/trump-exige-a-los-controladores-aereos-volver-a-trabajar\/","og_locale":"es_ES","og_type":"article","og_title":"Trump exige a los controladores a\u00e9reos volver a trabajar - EL GLOBAL INFORMATIVO","og_description":"Estados Unidos.-El presidente de Estados Unidos,&nbsp;Donald J. Trump, lanz\u00f3 este lunes un agresivo mensaje en la red&nbsp;Truth Social&nbsp;dirigido a los controladores de tr\u00e1nsito a\u00e9reo en medio del&nbsp;apag\u00f3n gubernamental&nbsp;\u2014par\u00e1lisis parcial de&hellip;","og_url":"https:\/\/elglobal.do\/index.php\/2025\/11\/10\/trump-exige-a-los-controladores-aereos-volver-a-trabajar\/","og_site_name":"EL GLOBAL INFORMATIVO","article_published_time":"2025-11-10T18:18:09+00:00","article_modified_time":"2025-11-10T18:18:12+00:00","og_image":[{"width":896,"height":504,"url":"https:\/\/elglobal.do\/wp-content\/uploads\/2025\/11\/image-39.png","type":"image\/png"}],"author":"EL GLOBAL","twitter_card":"summary_large_image","twitter_misc":{"Escrito por":"EL GLOBAL","Tiempo de lectura":"3 minutos"},"schema":{"@context":"https:\/\/schema.org","@graph":[{"@type":"Article","@id":"https:\/\/elglobal.do\/index.php\/2025\/11\/10\/trump-exige-a-los-controladores-aereos-volver-a-trabajar\/#article","isPartOf":{"@id":"https:\/\/elglobal.do\/index.php\/2025\/11\/10\/trump-exige-a-los-controladores-aereos-volver-a-trabajar\/"},"author":{"name":"EL GLOBAL","@id":"https:\/\/elglobal.do\/#\/schema\/person\/0c97ec2c7714fb605d230c292f64d55f"},"headline":"Trump exige a los controladores a\u00e9reos volver a trabajar","datePublished":"2025-11-10T18:18:09+00:00","dateModified":"2025-11-10T18:18:12+00:00","mainEntityOfPage":{"@id":"https:\/\/elglobal.do\/index.php\/2025\/11\/10\/trump-exige-a-los-controladores-aereos-volver-a-trabajar\/"},"wordCount":462,"commentCount":0,"publisher":{"@id":"https:\/\/elglobal.do\/#organization"},"image":{"@id":"https:\/\/elglobal.do\/index.php\/2025\/11\/10\/trump-exige-a-los-controladores-aereos-volver-a-trabajar\/#primaryimage"},"thumbnailUrl":"https:\/\/elglobal.do\/wp-content\/uploads\/2025\/11\/image-39.png","keywords":["#Apag\u00f3ngubernamental","#ControladoresA\u00e9reos","#DonaldTrump","#Trabajar"],"articleSection":["INTERNACIONALES"],"inLanguage":"es","potentialAction":[{"@type":"CommentAction","name":"Comment","target":["https:\/\/elglobal.do\/index.php\/2025\/11\/10\/trump-exige-a-los-controladores-aereos-volver-a-trabajar\/#respond"]}]},{"@type":"WebPage","@id":"https:\/\/elglobal.do\/index.php\/2025\/11\/10\/trump-exige-a-los-controladores-aereos-volver-a-trabajar\/","url":"https:\/\/elglobal.do\/index.php\/2025\/11\/10\/trump-exige-a-los-controladores-aereos-volver-a-trabajar\/","name":"Trump exige a los controladores a\u00e9reos volver a trabajar - EL GLOBAL INFORMATIVO","isPartOf":{"@id":"https:\/\/elglobal.do\/#website"},"primaryImageOfPage":{"@id":"https:\/\/elglobal.do\/index.php\/2025\/11\/10\/trump-exige-a-los-controladores-aereos-volver-a-trabajar\/#primaryimage"},"image":{"@id":"https:\/\/elglobal.do\/index.php\/2025\/11\/10\/trump-exige-a-los-controladores-aereos-volver-a-trabajar\/#primaryimage"},"thumbnailUrl":"https:\/\/elglobal.do\/wp-content\/uploads\/2025\/11\/image-39.png","datePublished":"2025-11-10T18:18:09+00:00","dateModified":"2025-11-10T18:18:12+00:00","breadcrumb":{"@id":"https:\/\/elglobal.do\/index.php\/2025\/11\/10\/trump-exige-a-los-controladores-aereos-volver-a-trabajar\/#breadcrumb"},"inLanguage":"es","potentialAction":[{"@type":"ReadAction","target":["https:\/\/elglobal.do\/index.php\/2025\/11\/10\/trump-exige-a-los-controladores-aereos-volver-a-trabajar\/"]}]},{"@type":"ImageObject","inLanguage":"es","@id":"https:\/\/elglobal.do\/index.php\/2025\/11\/10\/trump-exige-a-los-controladores-aereos-volver-a-trabajar\/#primaryimage","url":"https:\/\/elglobal.do\/wp-content\/uploads\/2025\/11\/image-39.png","contentUrl":"https:\/\/elglobal.do\/wp-content\/uploads\/2025\/11\/image-39.png","width":896,"height":504},{"@type":"BreadcrumbList","@id":"https:\/\/elglobal.do\/index.php\/2025\/11\/10\/trump-exige-a-los-controladores-aereos-volver-a-trabajar\/#breadcrumb","itemListElement":[{"@type":"ListItem","position":1,"name":"Portada","item":"https:\/\/elglobal.do\/"},{"@type":"ListItem","position":2,"name":"Trump exige a los controladores a\u00e9reos volver a trabajar"}]},{"@type":"WebSite","@id":"https:\/\/elglobal.do\/#website","url":"https:\/\/elglobal.do\/","name":"EL GLOBAL INFORMATIVO","description":"Peri\u00f3dico digital de la Rep\u00fablica Dominicana que ofrece noticias, novedades, pol\u00edtica y las \u00faltimas actualidades, con informaci\u00f3n veraz y oportuna para mantenerte siempre informad","publisher":{"@id":"https:\/\/elglobal.do\/#organization"},"potentialAction":[{"@type":"SearchAction","target":{"@type":"EntryPoint","urlTemplate":"https:\/\/elglobal.do\/?s={search_term_string}"},"query-input":{"@type":"PropertyValueSpecification","valueRequired":true,"valueName":"search_term_string"}}],"inLanguage":"es"},{"@type":"Organization","@id":"https:\/\/elglobal.do\/#organization","name":"EL GLOBAL.DO INFORMATIVO","url":"https:\/\/elglobal.do\/","logo":{"@type":"ImageObject","inLanguage":"es","@id":"https:\/\/elglobal.do\/#\/schema\/logo\/image\/","url":"https:\/\/elglobal.do\/wp-content\/uploads\/2025\/08\/icon.png","contentUrl":"https:\/\/elglobal.do\/wp-content\/uploads\/2025\/08\/icon.png","width":512,"height":512,"caption":"EL GLOBAL.DO INFORMATIVO"},"image":{"@id":"https:\/\/elglobal.do\/#\/schema\/logo\/image\/"}},{"@type":"Person","@id":"https:\/\/elglobal.do\/#\/schema\/person\/0c97ec2c7714fb605d230c292f64d55f","name":"EL GLOBAL","image":{"@type":"ImageObject","inLanguage":"es","@id":"https:\/\/elglobal.do\/#\/schema\/person\/image\/","url":"https:\/\/secure.gravatar.com\/avatar\/081cfb6cf99faddc6f4e23a0c11ab98c5cf302925382d1c88dc3ed757ab910a3?s=96&d=mm&r=g","contentUrl":"https:\/\/secure.gravatar.com\/avatar\/081cfb6cf99faddc6f4e23a0c11ab98c5cf302925382d1c88dc3ed757ab910a3?s=96&d=mm&r=g","caption":"EL GLOBAL"},"description":"El Global Informativo es un peri\u00f3dico digital de Rep\u00fablica Dominicana que se dedica a cubrir temas importantes, como la pol\u00edtica local, geopol\u00edtica, econom\u00eda, tecnolog\u00eda, noticias internacionales y eventos relacionados con la gesti\u00f3n social, cultural y humana. Su objetivo principal es mantener a la poblaci\u00f3n informada, ofreciendo una visi\u00f3n amplia y actualizada de lo que sucede tanto en el pa\u00eds como en el mundo. Est\u00e1 dirigido por un grupo de periodistas experimentados, lo que garantiza la calidad y la precisi\u00f3n de la informaci\u00f3n que ofrecen. Tiene su sede en la ciudad de Santo Domingo y es parte integral del portafolio de la empresa, MC Global S.R.L.","sameAs":["https:\/\/elglobal.do","https:\/\/www.instagram.com\/elglobal.do_informativo\/"],"url":"https:\/\/elglobal.do\/index.php\/author\/elglobaluserpro\/"}]}},"jetpack_featured_media_url":"https:\/\/elglobal.do\/wp-content\/uploads\/2025\/11\/image-39.png","jetpack_sharing_enabled":true,"_links":{"self":[{"href":"https:\/\/elglobal.do\/index.php\/wp-json\/wp\/v2\/posts\/3810","targetHints":{"allow":["GET"]}}],"collection":[{"href":"https:\/\/elglobal.do\/index.php\/wp-json\/wp\/v2\/posts"}],"about":[{"href":"https:\/\/elglobal.do\/index.php\/wp-json\/wp\/v2\/types\/post"}],"author":[{"embeddable":true,"href":"https:\/\/elglobal.do\/index.php\/wp-json\/wp\/v2\/users\/1"}],"replies":[{"embeddable":true,"href":"https:\/\/elglobal.do\/index.php\/wp-json\/wp\/v2\/comments?post=3810"}],"version-history":[{"count":1,"href":"https:\/\/elglobal.do\/index.php\/wp-json\/wp\/v2\/posts\/3810\/revisions"}],"predecessor-version":[{"id":3812,"href":"https:\/\/elglobal.do\/index.php\/wp-json\/wp\/v2\/posts\/3810\/revisions\/3812"}],"wp:featuredmedia":[{"embeddable":true,"href":"https:\/\/elglobal.do\/index.php\/wp-json\/wp\/v2\/media\/3811"}],"wp:attachment":[{"href":"https:\/\/elglobal.do\/index.php\/wp-json\/wp\/v2\/media?parent=3810"}],"wp:term":[{"taxonomy":"category","embeddable":true,"href":"https:\/\/elglobal.do\/index.php\/wp-json\/wp\/v2\/categories?post=3810"},{"taxonomy":"post_tag","embeddable":true,"href":"https:\/\/elglobal.do\/index.php\/wp-json\/wp\/v2\/tags?post=3810"}],"curies":[{"name":"wp","href":"https:\/\/api.w.org\/{rel}","templated":true}]}}