{"id":3833,"date":"2025-11-11T14:57:15","date_gmt":"2025-11-11T18:57:15","guid":{"rendered":"https:\/\/elglobal.do\/?p=3833"},"modified":"2025-11-11T14:57:18","modified_gmt":"2025-11-11T18:57:18","slug":"precios-del-petroleo-suben-ante-posible-fin-de-paralisis-presupuestaria-en-ee-uu","status":"publish","type":"post","link":"https:\/\/elglobal.do\/index.php\/2025\/11\/11\/precios-del-petroleo-suben-ante-posible-fin-de-paralisis-presupuestaria-en-ee-uu\/","title":{"rendered":"Precios del petr\u00f3leo suben ante posible fin de par\u00e1lisis presupuestaria en EE. UU."},"content":{"rendered":"\n<figure class=\"wp-block-image size-full\"><img loading=\"lazy\" decoding=\"async\" width=\"896\" height=\"504\" src=\"https:\/\/elglobal.do\/wp-content\/uploads\/2025\/11\/image-44.png\" alt=\"\" class=\"wp-image-3834\" srcset=\"https:\/\/elglobal.do\/wp-content\/uploads\/2025\/11\/image-44.png 896w, https:\/\/elglobal.do\/wp-content\/uploads\/2025\/11\/image-44-300x169.png 300w, https:\/\/elglobal.do\/wp-content\/uploads\/2025\/11\/image-44-768x432.png 768w\" sizes=\"auto, (max-width: 896px) 100vw, 896px\" \/><\/figure>\n\n\n\n<p><strong>Estados Unidos.-<\/strong>Los\u00a0<strong>precios del petr\u00f3leo<\/strong>\u00a0<strong>subieron levemente<\/strong>\u00a0ayer, impulsados por el posible fin de la par\u00e1lisis presupuestaria en\u00a0<strong>Estados Unidos<\/strong>.<\/p>\n\n\n\n<p>El precio del&nbsp;<strong>barril de Brent<\/strong>&nbsp;del mar del Norte, para entrega en&nbsp;<strong>enero<\/strong>, aument\u00f3 un 0,39% a&nbsp;<strong>64,06 d\u00f3lares<\/strong>.<\/p>\n\n\n\n<p>Su equivalente estadounidense, el barril de&nbsp;<strong>West Texas Intermediate<\/strong>&nbsp;(WTI), para entrega en&nbsp;<strong>diciembre<\/strong>, gan\u00f3 un 0,68% a&nbsp;<strong>60,13 d\u00f3lares<\/strong>.<\/p>\n\n\n\n<h2 class=\"wp-block-heading\">\u00bfQu\u00e9 factores impulsan la subida del precio del petr\u00f3leo?<\/h2>\n\n\n\n<p>Los operadores se aferran a la esperanza de que los\u00a0<strong>legisladores estadounidenses<\/strong>\u00a0asignen pr\u00f3ximamente\u00a0<strong>fondos al gobierno<\/strong>\u00a0federal -cerrado parcialmente desde el 1 de octubre-, una noticia percibida como positiva para la\u00a0<strong>demanda de crudo<\/strong>.<\/p>\n\n\n\n<p>En el \u00e1mbito geopol\u00edtico, \u00abla intensificaci\u00f3n de los&nbsp;<strong>ataques ucranianos<\/strong>\u00bb contra las&nbsp;<strong>instalaciones petroleras rusas<\/strong>&nbsp;podr\u00eda tambi\u00e9n \u00abejercer&nbsp;<strong>presi\u00f3n al alza<\/strong>&nbsp;sobre los precios\u00bb, estim\u00f3 Gregory Brew, de Eurasia Group.<\/p>\n\n\n\n<p>El mes pasado,\u00a0<strong>Estados Unidos<\/strong>\u00a0impuso\u00a0<strong>sanciones<\/strong>\u00a0a los dos mayores productores de petr\u00f3leo rusos &#8211;<strong>Rosneft y Lukoil<\/strong>\u00a0&#8211; debido a la negativa de Rusia a poner fin a la guerra en Ucrania. Y ha pedido a los pa\u00edses compradores que \u00abse desvinculen\u00bb de las fuentes de energ\u00eda rusas.<\/p>\n\n\n\n<h2 class=\"wp-block-heading\">\u00bfQu\u00e9 expectativas tienen los operadores sobre el mercado petrolero?<\/h2>\n\n\n\n<p>Sin embargo,&nbsp;<strong>Bart Melek<\/strong>, de TDties, dijo a la AFP que el gobierno de&nbsp;<strong>Donald Trump<\/strong>&nbsp;no parece \u00abrealmente dispuesto a restringir de manera significativa el suministro mundial de petr\u00f3leo\u00bb. Mencion\u00f3 como reveladora la exenci\u00f3n la semana pasada a Hungr\u00eda, que depende en gran medida del crudo ruso.<\/p>\n\n\n\n<p>Paralelamente, los operadores esperan la publicaci\u00f3n a mitad de semana de varios\u00a0<strong>informes<\/strong>, incluido el mensual de la Organizaci\u00f3n de Pa\u00edses Exportadores de Petr\u00f3leo y sus aliados (<strong>Opep+<\/strong>+), as\u00ed como el de perspectivas mundiales de oferta y demanda de la\u00a0<strong>Agencia Internacional de la Energ\u00eda<\/strong>\u00a0(AIE).<\/p>\n\n\n\n<p><\/p>\n","protected":false},"excerpt":{"rendered":"<p>Estados Unidos.-Los\u00a0precios del petr\u00f3leo\u00a0subieron levemente\u00a0ayer, impulsados por el posible fin de la par\u00e1lisis presupuestaria en\u00a0Estados Unidos. El precio del&nbsp;barril de Brent&nbsp;del mar del Norte, para entrega en&nbsp;enero, aument\u00f3 un 0,39%&hellip; <\/p>\n","protected":false},"author":1,"featured_media":3834,"comment_status":"open","ping_status":"open","sticky":false,"template":"","format":"standard","meta":{"_jetpack_memberships_contains_paid_content":false,"footnotes":""},"categories":[10,1],"tags":[438,1998,1997,1996,363],"class_list":["post-3833","post","type-post","status-publish","format-standard","has-post-thumbnail","hentry","category-economia","category-categoria-internacionales","tag-ee-uu-3","tag-mercado","tag-paralisispresupuestaria","tag-petroleo","tag-precios"],"yoast_head":"<!-- This site is optimized with the Yoast SEO plugin v26.9 - https:\/\/yoast.com\/product\/yoast-seo-wordpress\/ -->\n<title>Precios del petr\u00f3leo suben ante posible fin de par\u00e1lisis presupuestaria en EE. UU. - EL GLOBAL INFORMATIVO<\/title>\n<meta name=\"robots\" content=\"index, follow, max-snippet:-1, max-image-preview:large, max-video-preview:-1\" \/>\n<link rel=\"canonical\" href=\"https:\/\/elglobal.do\/index.php\/2025\/11\/11\/precios-del-petroleo-suben-ante-posible-fin-de-paralisis-presupuestaria-en-ee-uu\/\" \/>\n<meta property=\"og:locale\" content=\"es_ES\" \/>\n<meta property=\"og:type\" content=\"article\" \/>\n<meta property=\"og:title\" content=\"Precios del petr\u00f3leo suben ante posible fin de par\u00e1lisis presupuestaria en EE. UU. - EL GLOBAL INFORMATIVO\" \/>\n<meta property=\"og:description\" content=\"Estados Unidos.-Los\u00a0precios del petr\u00f3leo\u00a0subieron levemente\u00a0ayer, impulsados por el posible fin de la par\u00e1lisis presupuestaria en\u00a0Estados Unidos. El precio del&nbsp;barril de Brent&nbsp;del mar del Norte, para entrega en&nbsp;enero, aument\u00f3 un 0,39%&hellip;\" \/>\n<meta property=\"og:url\" content=\"https:\/\/elglobal.do\/index.php\/2025\/11\/11\/precios-del-petroleo-suben-ante-posible-fin-de-paralisis-presupuestaria-en-ee-uu\/\" \/>\n<meta property=\"og:site_name\" content=\"EL GLOBAL INFORMATIVO\" \/>\n<meta property=\"article:published_time\" content=\"2025-11-11T18:57:15+00:00\" \/>\n<meta property=\"article:modified_time\" content=\"2025-11-11T18:57:18+00:00\" \/>\n<meta property=\"og:image\" content=\"https:\/\/elglobal.do\/wp-content\/uploads\/2025\/11\/image-44.png\" \/>\n\t<meta property=\"og:image:width\" content=\"896\" \/>\n\t<meta property=\"og:image:height\" content=\"504\" \/>\n\t<meta property=\"og:image:type\" content=\"image\/png\" \/>\n<meta name=\"author\" content=\"EL GLOBAL\" \/>\n<meta name=\"twitter:card\" content=\"summary_large_image\" \/>\n<meta name=\"twitter:label1\" content=\"Escrito por\" \/>\n\t<meta name=\"twitter:data1\" content=\"EL GLOBAL\" \/>\n\t<meta name=\"twitter:label2\" content=\"Tiempo de lectura\" \/>\n\t<meta name=\"twitter:data2\" content=\"2 minutos\" \/>\n<script type=\"application\/ld+json\" class=\"yoast-schema-graph\">{\"@context\":\"https:\/\/schema.org\",\"@graph\":[{\"@type\":\"Article\",\"@id\":\"https:\/\/elglobal.do\/index.php\/2025\/11\/11\/precios-del-petroleo-suben-ante-posible-fin-de-paralisis-presupuestaria-en-ee-uu\/#article\",\"isPartOf\":{\"@id\":\"https:\/\/elglobal.do\/index.php\/2025\/11\/11\/precios-del-petroleo-suben-ante-posible-fin-de-paralisis-presupuestaria-en-ee-uu\/\"},\"author\":{\"name\":\"EL GLOBAL\",\"@id\":\"https:\/\/elglobal.do\/#\/schema\/person\/0c97ec2c7714fb605d230c292f64d55f\"},\"headline\":\"Precios del petr\u00f3leo suben ante posible fin de par\u00e1lisis presupuestaria en EE. UU.\",\"datePublished\":\"2025-11-11T18:57:15+00:00\",\"dateModified\":\"2025-11-11T18:57:18+00:00\",\"mainEntityOfPage\":{\"@id\":\"https:\/\/elglobal.do\/index.php\/2025\/11\/11\/precios-del-petroleo-suben-ante-posible-fin-de-paralisis-presupuestaria-en-ee-uu\/\"},\"wordCount\":335,\"commentCount\":0,\"publisher\":{\"@id\":\"https:\/\/elglobal.do\/#organization\"},\"image\":{\"@id\":\"https:\/\/elglobal.do\/index.php\/2025\/11\/11\/precios-del-petroleo-suben-ante-posible-fin-de-paralisis-presupuestaria-en-ee-uu\/#primaryimage\"},\"thumbnailUrl\":\"https:\/\/elglobal.do\/wp-content\/uploads\/2025\/11\/image-44.png\",\"keywords\":[\"#EE.UU.\",\"#Mercado\",\"#Par\u00e1lisispresupuestaria\",\"#Petr\u00f3leo\",\"#precios\"],\"articleSection\":[\"ECONOM\u00cdA\",\"INTERNACIONALES\"],\"inLanguage\":\"es\",\"potentialAction\":[{\"@type\":\"CommentAction\",\"name\":\"Comment\",\"target\":[\"https:\/\/elglobal.do\/index.php\/2025\/11\/11\/precios-del-petroleo-suben-ante-posible-fin-de-paralisis-presupuestaria-en-ee-uu\/#respond\"]}]},{\"@type\":\"WebPage\",\"@id\":\"https:\/\/elglobal.do\/index.php\/2025\/11\/11\/precios-del-petroleo-suben-ante-posible-fin-de-paralisis-presupuestaria-en-ee-uu\/\",\"url\":\"https:\/\/elglobal.do\/index.php\/2025\/11\/11\/precios-del-petroleo-suben-ante-posible-fin-de-paralisis-presupuestaria-en-ee-uu\/\",\"name\":\"Precios del petr\u00f3leo suben ante posible fin de par\u00e1lisis presupuestaria en EE. UU. - EL GLOBAL INFORMATIVO\",\"isPartOf\":{\"@id\":\"https:\/\/elglobal.do\/#website\"},\"primaryImageOfPage\":{\"@id\":\"https:\/\/elglobal.do\/index.php\/2025\/11\/11\/precios-del-petroleo-suben-ante-posible-fin-de-paralisis-presupuestaria-en-ee-uu\/#primaryimage\"},\"image\":{\"@id\":\"https:\/\/elglobal.do\/index.php\/2025\/11\/11\/precios-del-petroleo-suben-ante-posible-fin-de-paralisis-presupuestaria-en-ee-uu\/#primaryimage\"},\"thumbnailUrl\":\"https:\/\/elglobal.do\/wp-content\/uploads\/2025\/11\/image-44.png\",\"datePublished\":\"2025-11-11T18:57:15+00:00\",\"dateModified\":\"2025-11-11T18:57:18+00:00\",\"breadcrumb\":{\"@id\":\"https:\/\/elglobal.do\/index.php\/2025\/11\/11\/precios-del-petroleo-suben-ante-posible-fin-de-paralisis-presupuestaria-en-ee-uu\/#breadcrumb\"},\"inLanguage\":\"es\",\"potentialAction\":[{\"@type\":\"ReadAction\",\"target\":[\"https:\/\/elglobal.do\/index.php\/2025\/11\/11\/precios-del-petroleo-suben-ante-posible-fin-de-paralisis-presupuestaria-en-ee-uu\/\"]}]},{\"@type\":\"ImageObject\",\"inLanguage\":\"es\",\"@id\":\"https:\/\/elglobal.do\/index.php\/2025\/11\/11\/precios-del-petroleo-suben-ante-posible-fin-de-paralisis-presupuestaria-en-ee-uu\/#primaryimage\",\"url\":\"https:\/\/elglobal.do\/wp-content\/uploads\/2025\/11\/image-44.png\",\"contentUrl\":\"https:\/\/elglobal.do\/wp-content\/uploads\/2025\/11\/image-44.png\",\"width\":896,\"height\":504},{\"@type\":\"BreadcrumbList\",\"@id\":\"https:\/\/elglobal.do\/index.php\/2025\/11\/11\/precios-del-petroleo-suben-ante-posible-fin-de-paralisis-presupuestaria-en-ee-uu\/#breadcrumb\",\"itemListElement\":[{\"@type\":\"ListItem\",\"position\":1,\"name\":\"Portada\",\"item\":\"https:\/\/elglobal.do\/\"},{\"@type\":\"ListItem\",\"position\":2,\"name\":\"Precios del petr\u00f3leo suben ante posible fin de par\u00e1lisis presupuestaria en EE. UU.\"}]},{\"@type\":\"WebSite\",\"@id\":\"https:\/\/elglobal.do\/#website\",\"url\":\"https:\/\/elglobal.do\/\",\"name\":\"EL GLOBAL INFORMATIVO\",\"description\":\"Peri\u00f3dico digital de la Rep\u00fablica Dominicana que ofrece noticias, novedades, pol\u00edtica y las \u00faltimas actualidades, con informaci\u00f3n veraz y oportuna para mantenerte siempre informad\",\"publisher\":{\"@id\":\"https:\/\/elglobal.do\/#organization\"},\"potentialAction\":[{\"@type\":\"SearchAction\",\"target\":{\"@type\":\"EntryPoint\",\"urlTemplate\":\"https:\/\/elglobal.do\/?s={search_term_string}\"},\"query-input\":{\"@type\":\"PropertyValueSpecification\",\"valueRequired\":true,\"valueName\":\"search_term_string\"}}],\"inLanguage\":\"es\"},{\"@type\":\"Organization\",\"@id\":\"https:\/\/elglobal.do\/#organization\",\"name\":\"EL GLOBAL.DO INFORMATIVO\",\"url\":\"https:\/\/elglobal.do\/\",\"logo\":{\"@type\":\"ImageObject\",\"inLanguage\":\"es\",\"@id\":\"https:\/\/elglobal.do\/#\/schema\/logo\/image\/\",\"url\":\"https:\/\/elglobal.do\/wp-content\/uploads\/2025\/08\/icon.png\",\"contentUrl\":\"https:\/\/elglobal.do\/wp-content\/uploads\/2025\/08\/icon.png\",\"width\":512,\"height\":512,\"caption\":\"EL GLOBAL.DO INFORMATIVO\"},\"image\":{\"@id\":\"https:\/\/elglobal.do\/#\/schema\/logo\/image\/\"}},{\"@type\":\"Person\",\"@id\":\"https:\/\/elglobal.do\/#\/schema\/person\/0c97ec2c7714fb605d230c292f64d55f\",\"name\":\"EL GLOBAL\",\"image\":{\"@type\":\"ImageObject\",\"inLanguage\":\"es\",\"@id\":\"https:\/\/elglobal.do\/#\/schema\/person\/image\/\",\"url\":\"https:\/\/secure.gravatar.com\/avatar\/081cfb6cf99faddc6f4e23a0c11ab98c5cf302925382d1c88dc3ed757ab910a3?s=96&d=mm&r=g\",\"contentUrl\":\"https:\/\/secure.gravatar.com\/avatar\/081cfb6cf99faddc6f4e23a0c11ab98c5cf302925382d1c88dc3ed757ab910a3?s=96&d=mm&r=g\",\"caption\":\"EL GLOBAL\"},\"description\":\"El Global Informativo es un peri\u00f3dico digital de Rep\u00fablica Dominicana que se dedica a cubrir temas importantes, como la pol\u00edtica local, geopol\u00edtica, econom\u00eda, tecnolog\u00eda, noticias internacionales y eventos relacionados con la gesti\u00f3n social, cultural y humana. Su objetivo principal es mantener a la poblaci\u00f3n informada, ofreciendo una visi\u00f3n amplia y actualizada de lo que sucede tanto en el pa\u00eds como en el mundo. Est\u00e1 dirigido por un grupo de periodistas experimentados, lo que garantiza la calidad y la precisi\u00f3n de la informaci\u00f3n que ofrecen. Tiene su sede en la ciudad de Santo Domingo y es parte integral del portafolio de la empresa, MC Global S.R.L.\",\"sameAs\":[\"https:\/\/elglobal.do\",\"https:\/\/www.instagram.com\/elglobal.do_informativo\/\"],\"url\":\"https:\/\/elglobal.do\/index.php\/author\/elglobaluserpro\/\"}]}<\/script>\n<!-- \/ Yoast SEO plugin. -->","yoast_head_json":{"title":"Precios del petr\u00f3leo suben ante posible fin de par\u00e1lisis presupuestaria en EE. UU. - EL GLOBAL INFORMATIVO","robots":{"index":"index","follow":"follow","max-snippet":"max-snippet:-1","max-image-preview":"max-image-preview:large","max-video-preview":"max-video-preview:-1"},"canonical":"https:\/\/elglobal.do\/index.php\/2025\/11\/11\/precios-del-petroleo-suben-ante-posible-fin-de-paralisis-presupuestaria-en-ee-uu\/","og_locale":"es_ES","og_type":"article","og_title":"Precios del petr\u00f3leo suben ante posible fin de par\u00e1lisis presupuestaria en EE. UU. - EL GLOBAL INFORMATIVO","og_description":"Estados Unidos.-Los\u00a0precios del petr\u00f3leo\u00a0subieron levemente\u00a0ayer, impulsados por el posible fin de la par\u00e1lisis presupuestaria en\u00a0Estados Unidos. El precio del&nbsp;barril de Brent&nbsp;del mar del Norte, para entrega en&nbsp;enero, aument\u00f3 un 0,39%&hellip;","og_url":"https:\/\/elglobal.do\/index.php\/2025\/11\/11\/precios-del-petroleo-suben-ante-posible-fin-de-paralisis-presupuestaria-en-ee-uu\/","og_site_name":"EL GLOBAL INFORMATIVO","article_published_time":"2025-11-11T18:57:15+00:00","article_modified_time":"2025-11-11T18:57:18+00:00","og_image":[{"width":896,"height":504,"url":"https:\/\/elglobal.do\/wp-content\/uploads\/2025\/11\/image-44.png","type":"image\/png"}],"author":"EL GLOBAL","twitter_card":"summary_large_image","twitter_misc":{"Escrito por":"EL GLOBAL","Tiempo de lectura":"2 minutos"},"schema":{"@context":"https:\/\/schema.org","@graph":[{"@type":"Article","@id":"https:\/\/elglobal.do\/index.php\/2025\/11\/11\/precios-del-petroleo-suben-ante-posible-fin-de-paralisis-presupuestaria-en-ee-uu\/#article","isPartOf":{"@id":"https:\/\/elglobal.do\/index.php\/2025\/11\/11\/precios-del-petroleo-suben-ante-posible-fin-de-paralisis-presupuestaria-en-ee-uu\/"},"author":{"name":"EL GLOBAL","@id":"https:\/\/elglobal.do\/#\/schema\/person\/0c97ec2c7714fb605d230c292f64d55f"},"headline":"Precios del petr\u00f3leo suben ante posible fin de par\u00e1lisis presupuestaria en EE. UU.","datePublished":"2025-11-11T18:57:15+00:00","dateModified":"2025-11-11T18:57:18+00:00","mainEntityOfPage":{"@id":"https:\/\/elglobal.do\/index.php\/2025\/11\/11\/precios-del-petroleo-suben-ante-posible-fin-de-paralisis-presupuestaria-en-ee-uu\/"},"wordCount":335,"commentCount":0,"publisher":{"@id":"https:\/\/elglobal.do\/#organization"},"image":{"@id":"https:\/\/elglobal.do\/index.php\/2025\/11\/11\/precios-del-petroleo-suben-ante-posible-fin-de-paralisis-presupuestaria-en-ee-uu\/#primaryimage"},"thumbnailUrl":"https:\/\/elglobal.do\/wp-content\/uploads\/2025\/11\/image-44.png","keywords":["#EE.UU.","#Mercado","#Par\u00e1lisispresupuestaria","#Petr\u00f3leo","#precios"],"articleSection":["ECONOM\u00cdA","INTERNACIONALES"],"inLanguage":"es","potentialAction":[{"@type":"CommentAction","name":"Comment","target":["https:\/\/elglobal.do\/index.php\/2025\/11\/11\/precios-del-petroleo-suben-ante-posible-fin-de-paralisis-presupuestaria-en-ee-uu\/#respond"]}]},{"@type":"WebPage","@id":"https:\/\/elglobal.do\/index.php\/2025\/11\/11\/precios-del-petroleo-suben-ante-posible-fin-de-paralisis-presupuestaria-en-ee-uu\/","url":"https:\/\/elglobal.do\/index.php\/2025\/11\/11\/precios-del-petroleo-suben-ante-posible-fin-de-paralisis-presupuestaria-en-ee-uu\/","name":"Precios del petr\u00f3leo suben ante posible fin de par\u00e1lisis presupuestaria en EE. UU. - EL GLOBAL INFORMATIVO","isPartOf":{"@id":"https:\/\/elglobal.do\/#website"},"primaryImageOfPage":{"@id":"https:\/\/elglobal.do\/index.php\/2025\/11\/11\/precios-del-petroleo-suben-ante-posible-fin-de-paralisis-presupuestaria-en-ee-uu\/#primaryimage"},"image":{"@id":"https:\/\/elglobal.do\/index.php\/2025\/11\/11\/precios-del-petroleo-suben-ante-posible-fin-de-paralisis-presupuestaria-en-ee-uu\/#primaryimage"},"thumbnailUrl":"https:\/\/elglobal.do\/wp-content\/uploads\/2025\/11\/image-44.png","datePublished":"2025-11-11T18:57:15+00:00","dateModified":"2025-11-11T18:57:18+00:00","breadcrumb":{"@id":"https:\/\/elglobal.do\/index.php\/2025\/11\/11\/precios-del-petroleo-suben-ante-posible-fin-de-paralisis-presupuestaria-en-ee-uu\/#breadcrumb"},"inLanguage":"es","potentialAction":[{"@type":"ReadAction","target":["https:\/\/elglobal.do\/index.php\/2025\/11\/11\/precios-del-petroleo-suben-ante-posible-fin-de-paralisis-presupuestaria-en-ee-uu\/"]}]},{"@type":"ImageObject","inLanguage":"es","@id":"https:\/\/elglobal.do\/index.php\/2025\/11\/11\/precios-del-petroleo-suben-ante-posible-fin-de-paralisis-presupuestaria-en-ee-uu\/#primaryimage","url":"https:\/\/elglobal.do\/wp-content\/uploads\/2025\/11\/image-44.png","contentUrl":"https:\/\/elglobal.do\/wp-content\/uploads\/2025\/11\/image-44.png","width":896,"height":504},{"@type":"BreadcrumbList","@id":"https:\/\/elglobal.do\/index.php\/2025\/11\/11\/precios-del-petroleo-suben-ante-posible-fin-de-paralisis-presupuestaria-en-ee-uu\/#breadcrumb","itemListElement":[{"@type":"ListItem","position":1,"name":"Portada","item":"https:\/\/elglobal.do\/"},{"@type":"ListItem","position":2,"name":"Precios del petr\u00f3leo suben ante posible fin de par\u00e1lisis presupuestaria en EE. UU."}]},{"@type":"WebSite","@id":"https:\/\/elglobal.do\/#website","url":"https:\/\/elglobal.do\/","name":"EL GLOBAL INFORMATIVO","description":"Peri\u00f3dico digital de la Rep\u00fablica Dominicana que ofrece noticias, novedades, pol\u00edtica y las \u00faltimas actualidades, con informaci\u00f3n veraz y oportuna para mantenerte siempre informad","publisher":{"@id":"https:\/\/elglobal.do\/#organization"},"potentialAction":[{"@type":"SearchAction","target":{"@type":"EntryPoint","urlTemplate":"https:\/\/elglobal.do\/?s={search_term_string}"},"query-input":{"@type":"PropertyValueSpecification","valueRequired":true,"valueName":"search_term_string"}}],"inLanguage":"es"},{"@type":"Organization","@id":"https:\/\/elglobal.do\/#organization","name":"EL GLOBAL.DO INFORMATIVO","url":"https:\/\/elglobal.do\/","logo":{"@type":"ImageObject","inLanguage":"es","@id":"https:\/\/elglobal.do\/#\/schema\/logo\/image\/","url":"https:\/\/elglobal.do\/wp-content\/uploads\/2025\/08\/icon.png","contentUrl":"https:\/\/elglobal.do\/wp-content\/uploads\/2025\/08\/icon.png","width":512,"height":512,"caption":"EL GLOBAL.DO INFORMATIVO"},"image":{"@id":"https:\/\/elglobal.do\/#\/schema\/logo\/image\/"}},{"@type":"Person","@id":"https:\/\/elglobal.do\/#\/schema\/person\/0c97ec2c7714fb605d230c292f64d55f","name":"EL GLOBAL","image":{"@type":"ImageObject","inLanguage":"es","@id":"https:\/\/elglobal.do\/#\/schema\/person\/image\/","url":"https:\/\/secure.gravatar.com\/avatar\/081cfb6cf99faddc6f4e23a0c11ab98c5cf302925382d1c88dc3ed757ab910a3?s=96&d=mm&r=g","contentUrl":"https:\/\/secure.gravatar.com\/avatar\/081cfb6cf99faddc6f4e23a0c11ab98c5cf302925382d1c88dc3ed757ab910a3?s=96&d=mm&r=g","caption":"EL GLOBAL"},"description":"El Global Informativo es un peri\u00f3dico digital de Rep\u00fablica Dominicana que se dedica a cubrir temas importantes, como la pol\u00edtica local, geopol\u00edtica, econom\u00eda, tecnolog\u00eda, noticias internacionales y eventos relacionados con la gesti\u00f3n social, cultural y humana. Su objetivo principal es mantener a la poblaci\u00f3n informada, ofreciendo una visi\u00f3n amplia y actualizada de lo que sucede tanto en el pa\u00eds como en el mundo. Est\u00e1 dirigido por un grupo de periodistas experimentados, lo que garantiza la calidad y la precisi\u00f3n de la informaci\u00f3n que ofrecen. Tiene su sede en la ciudad de Santo Domingo y es parte integral del portafolio de la empresa, MC Global S.R.L.","sameAs":["https:\/\/elglobal.do","https:\/\/www.instagram.com\/elglobal.do_informativo\/"],"url":"https:\/\/elglobal.do\/index.php\/author\/elglobaluserpro\/"}]}},"jetpack_featured_media_url":"https:\/\/elglobal.do\/wp-content\/uploads\/2025\/11\/image-44.png","jetpack_sharing_enabled":true,"_links":{"self":[{"href":"https:\/\/elglobal.do\/index.php\/wp-json\/wp\/v2\/posts\/3833","targetHints":{"allow":["GET"]}}],"collection":[{"href":"https:\/\/elglobal.do\/index.php\/wp-json\/wp\/v2\/posts"}],"about":[{"href":"https:\/\/elglobal.do\/index.php\/wp-json\/wp\/v2\/types\/post"}],"author":[{"embeddable":true,"href":"https:\/\/elglobal.do\/index.php\/wp-json\/wp\/v2\/users\/1"}],"replies":[{"embeddable":true,"href":"https:\/\/elglobal.do\/index.php\/wp-json\/wp\/v2\/comments?post=3833"}],"version-history":[{"count":1,"href":"https:\/\/elglobal.do\/index.php\/wp-json\/wp\/v2\/posts\/3833\/revisions"}],"predecessor-version":[{"id":3835,"href":"https:\/\/elglobal.do\/index.php\/wp-json\/wp\/v2\/posts\/3833\/revisions\/3835"}],"wp:featuredmedia":[{"embeddable":true,"href":"https:\/\/elglobal.do\/index.php\/wp-json\/wp\/v2\/media\/3834"}],"wp:attachment":[{"href":"https:\/\/elglobal.do\/index.php\/wp-json\/wp\/v2\/media?parent=3833"}],"wp:term":[{"taxonomy":"category","embeddable":true,"href":"https:\/\/elglobal.do\/index.php\/wp-json\/wp\/v2\/categories?post=3833"},{"taxonomy":"post_tag","embeddable":true,"href":"https:\/\/elglobal.do\/index.php\/wp-json\/wp\/v2\/tags?post=3833"}],"curies":[{"name":"wp","href":"https:\/\/api.w.org\/{rel}","templated":true}]}}