{"id":3846,"date":"2025-11-11T21:56:55","date_gmt":"2025-11-12T01:56:55","guid":{"rendered":"https:\/\/elglobal.do\/?p=3846"},"modified":"2025-11-11T21:56:57","modified_gmt":"2025-11-12T01:56:57","slug":"apagon-nacional-un-blackout-se-registra-en-rd-el-metro-y-el-teleferico-salen-de-servicio","status":"publish","type":"post","link":"https:\/\/elglobal.do\/index.php\/2025\/11\/11\/apagon-nacional-un-blackout-se-registra-en-rd-el-metro-y-el-teleferico-salen-de-servicio\/","title":{"rendered":"Apag\u00f3n nacional: Un \u201cblackout\u201d se registra en RD; el metro y el telef\u00e9rico salen de servicio"},"content":{"rendered":"\n<p id=\"m10366-10365-10367\">Un&nbsp;<strong>apag\u00f3n&nbsp;<\/strong>general, \u201c<strong>blackout<\/strong>\u201d, se registra este martes en Rep\u00fablica Dominicana, afectando diversos servicios, incluido el&nbsp;<strong>Metro de Santo Domingo<\/strong>&nbsp;y el telef\u00e9rico.<\/p>\n\n\n\n<p id=\"m10371-10370-10372\">El problema se origin\u00f3 en la subestaci\u00f3n de&nbsp;<strong>San Pedro de Macor\u00eds<\/strong>, sin que hasta el momento se tengan los detalles concretos.<\/p>\n\n\n\n<p id=\"m10376-10375-10377\">Los reportes de los cortes de electricidad se han recibido desde San Crist\u00f3bal, el Cibao, la zona Este y distintos sectores de la capital.<\/p>\n\n\n\n<figure class=\"wp-block-image\"><img decoding=\"async\" src=\"https:\/\/listindiario.com\/files\/composite_image\/uploads\/2025\/11\/11\/6913ae67cd215.jpeg\" alt=\"Se desconoce la que hora ser\u00e1 restablecido el servicio el\u00e9ctrico en el pa\u00eds<br \/&gt;<br \/&gt;Un apag\u00f3n general, \u201cblackout\u201d, se registra este martes en Rep\u00fablica Dominicana, afectando diversos servicios, incluido el Metro de Santo Domingo y el telef\u00e9rico.<br \/&gt;<br \/&gt;https:\/\/listindiario.com\/economia\/20251111\/blackout-registra-republica-dominicana-metro-teleferico-salen-servicio_881854.html\"\/><figcaption class=\"wp-element-caption\">Apag\u00f3n nacional: Un \u201cblackout\u201d se registra en RD; el metro y el telef\u00e9rico salen de servicio<\/figcaption><\/figure>\n\n\n\n<h3 class=\"wp-block-heading\">Comunicado de ETED<\/h3>\n\n\n\n<p id=\"m10404-10403-10405\">La&nbsp;<strong>Empresa de Transmisi\u00f3n de Electricidad&nbsp;<\/strong>(<strong>ETED<\/strong>) inform\u00f3 que el servicio de energ\u00eda el\u00e9ctrica est\u00e1 registrando actualmente un \u00abblackout\u00bb producto de&nbsp;<strong>una aver\u00eda originada en el sistema de transmisi\u00f3n<\/strong>.<\/p>\n\n\n\n<p id=\"m10409-10408-10410\">La entidad asegura que se ha desplegado un amplio equipo t\u00e9cnico para trabajar en la correcci\u00f3n del incidente, con miras a restablecer el suministro en el menor tiempo posible.<\/p>\n\n\n\n<p id=\"m10414-10413-10415\">ETED establece que las salidas de las unidades de generaci\u00f3n de la Compa\u00f1\u00eda de Electricidad de San Pedro de Macor\u00eds (CESPM) y la Central El\u00e9ctrica Quisqueya de esa demarcaci\u00f3n, origin\u00f3&nbsp;<strong>el disparo en cascada de EDAC, AES Andr\u00e9s&nbsp;<\/strong>y a las dem\u00e1s<strong>&nbsp;plantas de transmisi\u00f3n&nbsp;<\/strong>y<strong>&nbsp;generaci\u00f3n de electricidad.<\/strong><\/p>\n\n\n\n<p>Fuente: https:\/\/listindiario.com\/economia\/20251111\/blackout-registra-republica-dominicana-metro-teleferico-salen-servicio_881854.html<\/p>\n\n\n\n<p><\/p>\n","protected":false},"excerpt":{"rendered":"<p>Un&nbsp;apag\u00f3n&nbsp;general, \u201cblackout\u201d, se registra este martes en Rep\u00fablica Dominicana, afectando diversos servicios, incluido el&nbsp;Metro de Santo Domingo&nbsp;y el telef\u00e9rico. El problema se origin\u00f3 en la subestaci\u00f3n de&nbsp;San Pedro de Macor\u00eds,&hellip; <\/p>\n","protected":false},"author":1,"featured_media":3847,"comment_status":"open","ping_status":"open","sticky":false,"template":"","format":"standard","meta":{"_jetpack_memberships_contains_paid_content":false,"footnotes":""},"categories":[14],"tags":[],"class_list":["post-3846","post","type-post","status-publish","format-standard","has-post-thumbnail","hentry","category-slider"],"yoast_head":"<!-- This site is optimized with the Yoast SEO plugin v26.9 - https:\/\/yoast.com\/product\/yoast-seo-wordpress\/ -->\n<title>Apag\u00f3n nacional: Un \u201cblackout\u201d se registra en RD; el metro y el telef\u00e9rico salen de servicio - EL GLOBAL INFORMATIVO<\/title>\n<meta name=\"robots\" content=\"index, follow, max-snippet:-1, max-image-preview:large, max-video-preview:-1\" \/>\n<link rel=\"canonical\" href=\"https:\/\/elglobal.do\/index.php\/2025\/11\/11\/apagon-nacional-un-blackout-se-registra-en-rd-el-metro-y-el-teleferico-salen-de-servicio\/\" \/>\n<meta property=\"og:locale\" content=\"es_ES\" \/>\n<meta property=\"og:type\" content=\"article\" \/>\n<meta property=\"og:title\" content=\"Apag\u00f3n nacional: Un \u201cblackout\u201d se registra en RD; el metro y el telef\u00e9rico salen de servicio - EL GLOBAL INFORMATIVO\" \/>\n<meta property=\"og:description\" content=\"Un&nbsp;apag\u00f3n&nbsp;general, \u201cblackout\u201d, se registra este martes en Rep\u00fablica Dominicana, afectando diversos servicios, incluido el&nbsp;Metro de Santo Domingo&nbsp;y el telef\u00e9rico. El problema se origin\u00f3 en la subestaci\u00f3n de&nbsp;San Pedro de Macor\u00eds,&hellip;\" \/>\n<meta property=\"og:url\" content=\"https:\/\/elglobal.do\/index.php\/2025\/11\/11\/apagon-nacional-un-blackout-se-registra-en-rd-el-metro-y-el-teleferico-salen-de-servicio\/\" \/>\n<meta property=\"og:site_name\" content=\"EL GLOBAL INFORMATIVO\" \/>\n<meta property=\"article:published_time\" content=\"2025-11-12T01:56:55+00:00\" \/>\n<meta property=\"article:modified_time\" content=\"2025-11-12T01:56:57+00:00\" \/>\n<meta property=\"og:image\" content=\"https:\/\/elglobal.do\/wp-content\/uploads\/2025\/11\/689646a1f3a34.jpeg\" \/>\n\t<meta property=\"og:image:width\" content=\"800\" \/>\n\t<meta property=\"og:image:height\" content=\"450\" \/>\n\t<meta property=\"og:image:type\" content=\"image\/jpeg\" \/>\n<meta name=\"author\" content=\"EL GLOBAL\" \/>\n<meta name=\"twitter:card\" content=\"summary_large_image\" \/>\n<meta name=\"twitter:label1\" content=\"Escrito por\" \/>\n\t<meta name=\"twitter:data1\" content=\"EL GLOBAL\" \/>\n\t<meta name=\"twitter:label2\" content=\"Tiempo de lectura\" \/>\n\t<meta name=\"twitter:data2\" content=\"2 minutos\" \/>\n<script type=\"application\/ld+json\" class=\"yoast-schema-graph\">{\"@context\":\"https:\/\/schema.org\",\"@graph\":[{\"@type\":\"Article\",\"@id\":\"https:\/\/elglobal.do\/index.php\/2025\/11\/11\/apagon-nacional-un-blackout-se-registra-en-rd-el-metro-y-el-teleferico-salen-de-servicio\/#article\",\"isPartOf\":{\"@id\":\"https:\/\/elglobal.do\/index.php\/2025\/11\/11\/apagon-nacional-un-blackout-se-registra-en-rd-el-metro-y-el-teleferico-salen-de-servicio\/\"},\"author\":{\"name\":\"EL GLOBAL\",\"@id\":\"https:\/\/elglobal.do\/#\/schema\/person\/0c97ec2c7714fb605d230c292f64d55f\"},\"headline\":\"Apag\u00f3n nacional: Un \u201cblackout\u201d se registra en RD; el metro y el telef\u00e9rico salen de servicio\",\"datePublished\":\"2025-11-12T01:56:55+00:00\",\"dateModified\":\"2025-11-12T01:56:57+00:00\",\"mainEntityOfPage\":{\"@id\":\"https:\/\/elglobal.do\/index.php\/2025\/11\/11\/apagon-nacional-un-blackout-se-registra-en-rd-el-metro-y-el-teleferico-salen-de-servicio\/\"},\"wordCount\":257,\"commentCount\":0,\"publisher\":{\"@id\":\"https:\/\/elglobal.do\/#organization\"},\"image\":{\"@id\":\"https:\/\/elglobal.do\/index.php\/2025\/11\/11\/apagon-nacional-un-blackout-se-registra-en-rd-el-metro-y-el-teleferico-salen-de-servicio\/#primaryimage\"},\"thumbnailUrl\":\"https:\/\/elglobal.do\/wp-content\/uploads\/2025\/11\/689646a1f3a34.jpeg\",\"articleSection\":[\"NOTICIAS RELEVANTES\"],\"inLanguage\":\"es\",\"potentialAction\":[{\"@type\":\"CommentAction\",\"name\":\"Comment\",\"target\":[\"https:\/\/elglobal.do\/index.php\/2025\/11\/11\/apagon-nacional-un-blackout-se-registra-en-rd-el-metro-y-el-teleferico-salen-de-servicio\/#respond\"]}]},{\"@type\":\"WebPage\",\"@id\":\"https:\/\/elglobal.do\/index.php\/2025\/11\/11\/apagon-nacional-un-blackout-se-registra-en-rd-el-metro-y-el-teleferico-salen-de-servicio\/\",\"url\":\"https:\/\/elglobal.do\/index.php\/2025\/11\/11\/apagon-nacional-un-blackout-se-registra-en-rd-el-metro-y-el-teleferico-salen-de-servicio\/\",\"name\":\"Apag\u00f3n nacional: Un \u201cblackout\u201d se registra en RD; el metro y el telef\u00e9rico salen de servicio - EL GLOBAL INFORMATIVO\",\"isPartOf\":{\"@id\":\"https:\/\/elglobal.do\/#website\"},\"primaryImageOfPage\":{\"@id\":\"https:\/\/elglobal.do\/index.php\/2025\/11\/11\/apagon-nacional-un-blackout-se-registra-en-rd-el-metro-y-el-teleferico-salen-de-servicio\/#primaryimage\"},\"image\":{\"@id\":\"https:\/\/elglobal.do\/index.php\/2025\/11\/11\/apagon-nacional-un-blackout-se-registra-en-rd-el-metro-y-el-teleferico-salen-de-servicio\/#primaryimage\"},\"thumbnailUrl\":\"https:\/\/elglobal.do\/wp-content\/uploads\/2025\/11\/689646a1f3a34.jpeg\",\"datePublished\":\"2025-11-12T01:56:55+00:00\",\"dateModified\":\"2025-11-12T01:56:57+00:00\",\"breadcrumb\":{\"@id\":\"https:\/\/elglobal.do\/index.php\/2025\/11\/11\/apagon-nacional-un-blackout-se-registra-en-rd-el-metro-y-el-teleferico-salen-de-servicio\/#breadcrumb\"},\"inLanguage\":\"es\",\"potentialAction\":[{\"@type\":\"ReadAction\",\"target\":[\"https:\/\/elglobal.do\/index.php\/2025\/11\/11\/apagon-nacional-un-blackout-se-registra-en-rd-el-metro-y-el-teleferico-salen-de-servicio\/\"]}]},{\"@type\":\"ImageObject\",\"inLanguage\":\"es\",\"@id\":\"https:\/\/elglobal.do\/index.php\/2025\/11\/11\/apagon-nacional-un-blackout-se-registra-en-rd-el-metro-y-el-teleferico-salen-de-servicio\/#primaryimage\",\"url\":\"https:\/\/elglobal.do\/wp-content\/uploads\/2025\/11\/689646a1f3a34.jpeg\",\"contentUrl\":\"https:\/\/elglobal.do\/wp-content\/uploads\/2025\/11\/689646a1f3a34.jpeg\",\"width\":800,\"height\":450},{\"@type\":\"BreadcrumbList\",\"@id\":\"https:\/\/elglobal.do\/index.php\/2025\/11\/11\/apagon-nacional-un-blackout-se-registra-en-rd-el-metro-y-el-teleferico-salen-de-servicio\/#breadcrumb\",\"itemListElement\":[{\"@type\":\"ListItem\",\"position\":1,\"name\":\"Portada\",\"item\":\"https:\/\/elglobal.do\/\"},{\"@type\":\"ListItem\",\"position\":2,\"name\":\"Apag\u00f3n nacional: Un \u201cblackout\u201d se registra en RD; el metro y el telef\u00e9rico salen de servicio\"}]},{\"@type\":\"WebSite\",\"@id\":\"https:\/\/elglobal.do\/#website\",\"url\":\"https:\/\/elglobal.do\/\",\"name\":\"EL GLOBAL INFORMATIVO\",\"description\":\"Peri\u00f3dico digital de la Rep\u00fablica Dominicana que ofrece noticias, novedades, pol\u00edtica y las \u00faltimas actualidades, con informaci\u00f3n veraz y oportuna para mantenerte siempre informad\",\"publisher\":{\"@id\":\"https:\/\/elglobal.do\/#organization\"},\"potentialAction\":[{\"@type\":\"SearchAction\",\"target\":{\"@type\":\"EntryPoint\",\"urlTemplate\":\"https:\/\/elglobal.do\/?s={search_term_string}\"},\"query-input\":{\"@type\":\"PropertyValueSpecification\",\"valueRequired\":true,\"valueName\":\"search_term_string\"}}],\"inLanguage\":\"es\"},{\"@type\":\"Organization\",\"@id\":\"https:\/\/elglobal.do\/#organization\",\"name\":\"EL GLOBAL.DO INFORMATIVO\",\"url\":\"https:\/\/elglobal.do\/\",\"logo\":{\"@type\":\"ImageObject\",\"inLanguage\":\"es\",\"@id\":\"https:\/\/elglobal.do\/#\/schema\/logo\/image\/\",\"url\":\"https:\/\/elglobal.do\/wp-content\/uploads\/2025\/08\/icon.png\",\"contentUrl\":\"https:\/\/elglobal.do\/wp-content\/uploads\/2025\/08\/icon.png\",\"width\":512,\"height\":512,\"caption\":\"EL GLOBAL.DO INFORMATIVO\"},\"image\":{\"@id\":\"https:\/\/elglobal.do\/#\/schema\/logo\/image\/\"}},{\"@type\":\"Person\",\"@id\":\"https:\/\/elglobal.do\/#\/schema\/person\/0c97ec2c7714fb605d230c292f64d55f\",\"name\":\"EL GLOBAL\",\"image\":{\"@type\":\"ImageObject\",\"inLanguage\":\"es\",\"@id\":\"https:\/\/elglobal.do\/#\/schema\/person\/image\/\",\"url\":\"https:\/\/secure.gravatar.com\/avatar\/081cfb6cf99faddc6f4e23a0c11ab98c5cf302925382d1c88dc3ed757ab910a3?s=96&d=mm&r=g\",\"contentUrl\":\"https:\/\/secure.gravatar.com\/avatar\/081cfb6cf99faddc6f4e23a0c11ab98c5cf302925382d1c88dc3ed757ab910a3?s=96&d=mm&r=g\",\"caption\":\"EL GLOBAL\"},\"description\":\"El Global Informativo es un peri\u00f3dico digital de Rep\u00fablica Dominicana que se dedica a cubrir temas importantes, como la pol\u00edtica local, geopol\u00edtica, econom\u00eda, tecnolog\u00eda, noticias internacionales y eventos relacionados con la gesti\u00f3n social, cultural y humana. Su objetivo principal es mantener a la poblaci\u00f3n informada, ofreciendo una visi\u00f3n amplia y actualizada de lo que sucede tanto en el pa\u00eds como en el mundo. Est\u00e1 dirigido por un grupo de periodistas experimentados, lo que garantiza la calidad y la precisi\u00f3n de la informaci\u00f3n que ofrecen. Tiene su sede en la ciudad de Santo Domingo y es parte integral del portafolio de la empresa, MC Global S.R.L.\",\"sameAs\":[\"https:\/\/elglobal.do\",\"https:\/\/www.instagram.com\/elglobal.do_informativo\/\"],\"url\":\"https:\/\/elglobal.do\/index.php\/author\/elglobaluserpro\/\"}]}<\/script>\n<!-- \/ Yoast SEO plugin. -->","yoast_head_json":{"title":"Apag\u00f3n nacional: Un \u201cblackout\u201d se registra en RD; el metro y el telef\u00e9rico salen de servicio - EL GLOBAL INFORMATIVO","robots":{"index":"index","follow":"follow","max-snippet":"max-snippet:-1","max-image-preview":"max-image-preview:large","max-video-preview":"max-video-preview:-1"},"canonical":"https:\/\/elglobal.do\/index.php\/2025\/11\/11\/apagon-nacional-un-blackout-se-registra-en-rd-el-metro-y-el-teleferico-salen-de-servicio\/","og_locale":"es_ES","og_type":"article","og_title":"Apag\u00f3n nacional: Un \u201cblackout\u201d se registra en RD; el metro y el telef\u00e9rico salen de servicio - EL GLOBAL INFORMATIVO","og_description":"Un&nbsp;apag\u00f3n&nbsp;general, \u201cblackout\u201d, se registra este martes en Rep\u00fablica Dominicana, afectando diversos servicios, incluido el&nbsp;Metro de Santo Domingo&nbsp;y el telef\u00e9rico. El problema se origin\u00f3 en la subestaci\u00f3n de&nbsp;San Pedro de Macor\u00eds,&hellip;","og_url":"https:\/\/elglobal.do\/index.php\/2025\/11\/11\/apagon-nacional-un-blackout-se-registra-en-rd-el-metro-y-el-teleferico-salen-de-servicio\/","og_site_name":"EL GLOBAL INFORMATIVO","article_published_time":"2025-11-12T01:56:55+00:00","article_modified_time":"2025-11-12T01:56:57+00:00","og_image":[{"width":800,"height":450,"url":"https:\/\/elglobal.do\/wp-content\/uploads\/2025\/11\/689646a1f3a34.jpeg","type":"image\/jpeg"}],"author":"EL GLOBAL","twitter_card":"summary_large_image","twitter_misc":{"Escrito por":"EL GLOBAL","Tiempo de lectura":"2 minutos"},"schema":{"@context":"https:\/\/schema.org","@graph":[{"@type":"Article","@id":"https:\/\/elglobal.do\/index.php\/2025\/11\/11\/apagon-nacional-un-blackout-se-registra-en-rd-el-metro-y-el-teleferico-salen-de-servicio\/#article","isPartOf":{"@id":"https:\/\/elglobal.do\/index.php\/2025\/11\/11\/apagon-nacional-un-blackout-se-registra-en-rd-el-metro-y-el-teleferico-salen-de-servicio\/"},"author":{"name":"EL GLOBAL","@id":"https:\/\/elglobal.do\/#\/schema\/person\/0c97ec2c7714fb605d230c292f64d55f"},"headline":"Apag\u00f3n nacional: Un \u201cblackout\u201d se registra en RD; el metro y el telef\u00e9rico salen de servicio","datePublished":"2025-11-12T01:56:55+00:00","dateModified":"2025-11-12T01:56:57+00:00","mainEntityOfPage":{"@id":"https:\/\/elglobal.do\/index.php\/2025\/11\/11\/apagon-nacional-un-blackout-se-registra-en-rd-el-metro-y-el-teleferico-salen-de-servicio\/"},"wordCount":257,"commentCount":0,"publisher":{"@id":"https:\/\/elglobal.do\/#organization"},"image":{"@id":"https:\/\/elglobal.do\/index.php\/2025\/11\/11\/apagon-nacional-un-blackout-se-registra-en-rd-el-metro-y-el-teleferico-salen-de-servicio\/#primaryimage"},"thumbnailUrl":"https:\/\/elglobal.do\/wp-content\/uploads\/2025\/11\/689646a1f3a34.jpeg","articleSection":["NOTICIAS RELEVANTES"],"inLanguage":"es","potentialAction":[{"@type":"CommentAction","name":"Comment","target":["https:\/\/elglobal.do\/index.php\/2025\/11\/11\/apagon-nacional-un-blackout-se-registra-en-rd-el-metro-y-el-teleferico-salen-de-servicio\/#respond"]}]},{"@type":"WebPage","@id":"https:\/\/elglobal.do\/index.php\/2025\/11\/11\/apagon-nacional-un-blackout-se-registra-en-rd-el-metro-y-el-teleferico-salen-de-servicio\/","url":"https:\/\/elglobal.do\/index.php\/2025\/11\/11\/apagon-nacional-un-blackout-se-registra-en-rd-el-metro-y-el-teleferico-salen-de-servicio\/","name":"Apag\u00f3n nacional: Un \u201cblackout\u201d se registra en RD; el metro y el telef\u00e9rico salen de servicio - EL GLOBAL INFORMATIVO","isPartOf":{"@id":"https:\/\/elglobal.do\/#website"},"primaryImageOfPage":{"@id":"https:\/\/elglobal.do\/index.php\/2025\/11\/11\/apagon-nacional-un-blackout-se-registra-en-rd-el-metro-y-el-teleferico-salen-de-servicio\/#primaryimage"},"image":{"@id":"https:\/\/elglobal.do\/index.php\/2025\/11\/11\/apagon-nacional-un-blackout-se-registra-en-rd-el-metro-y-el-teleferico-salen-de-servicio\/#primaryimage"},"thumbnailUrl":"https:\/\/elglobal.do\/wp-content\/uploads\/2025\/11\/689646a1f3a34.jpeg","datePublished":"2025-11-12T01:56:55+00:00","dateModified":"2025-11-12T01:56:57+00:00","breadcrumb":{"@id":"https:\/\/elglobal.do\/index.php\/2025\/11\/11\/apagon-nacional-un-blackout-se-registra-en-rd-el-metro-y-el-teleferico-salen-de-servicio\/#breadcrumb"},"inLanguage":"es","potentialAction":[{"@type":"ReadAction","target":["https:\/\/elglobal.do\/index.php\/2025\/11\/11\/apagon-nacional-un-blackout-se-registra-en-rd-el-metro-y-el-teleferico-salen-de-servicio\/"]}]},{"@type":"ImageObject","inLanguage":"es","@id":"https:\/\/elglobal.do\/index.php\/2025\/11\/11\/apagon-nacional-un-blackout-se-registra-en-rd-el-metro-y-el-teleferico-salen-de-servicio\/#primaryimage","url":"https:\/\/elglobal.do\/wp-content\/uploads\/2025\/11\/689646a1f3a34.jpeg","contentUrl":"https:\/\/elglobal.do\/wp-content\/uploads\/2025\/11\/689646a1f3a34.jpeg","width":800,"height":450},{"@type":"BreadcrumbList","@id":"https:\/\/elglobal.do\/index.php\/2025\/11\/11\/apagon-nacional-un-blackout-se-registra-en-rd-el-metro-y-el-teleferico-salen-de-servicio\/#breadcrumb","itemListElement":[{"@type":"ListItem","position":1,"name":"Portada","item":"https:\/\/elglobal.do\/"},{"@type":"ListItem","position":2,"name":"Apag\u00f3n nacional: Un \u201cblackout\u201d se registra en RD; el metro y el telef\u00e9rico salen de servicio"}]},{"@type":"WebSite","@id":"https:\/\/elglobal.do\/#website","url":"https:\/\/elglobal.do\/","name":"EL GLOBAL INFORMATIVO","description":"Peri\u00f3dico digital de la Rep\u00fablica Dominicana que ofrece noticias, novedades, pol\u00edtica y las \u00faltimas actualidades, con informaci\u00f3n veraz y oportuna para mantenerte siempre informad","publisher":{"@id":"https:\/\/elglobal.do\/#organization"},"potentialAction":[{"@type":"SearchAction","target":{"@type":"EntryPoint","urlTemplate":"https:\/\/elglobal.do\/?s={search_term_string}"},"query-input":{"@type":"PropertyValueSpecification","valueRequired":true,"valueName":"search_term_string"}}],"inLanguage":"es"},{"@type":"Organization","@id":"https:\/\/elglobal.do\/#organization","name":"EL GLOBAL.DO INFORMATIVO","url":"https:\/\/elglobal.do\/","logo":{"@type":"ImageObject","inLanguage":"es","@id":"https:\/\/elglobal.do\/#\/schema\/logo\/image\/","url":"https:\/\/elglobal.do\/wp-content\/uploads\/2025\/08\/icon.png","contentUrl":"https:\/\/elglobal.do\/wp-content\/uploads\/2025\/08\/icon.png","width":512,"height":512,"caption":"EL GLOBAL.DO INFORMATIVO"},"image":{"@id":"https:\/\/elglobal.do\/#\/schema\/logo\/image\/"}},{"@type":"Person","@id":"https:\/\/elglobal.do\/#\/schema\/person\/0c97ec2c7714fb605d230c292f64d55f","name":"EL GLOBAL","image":{"@type":"ImageObject","inLanguage":"es","@id":"https:\/\/elglobal.do\/#\/schema\/person\/image\/","url":"https:\/\/secure.gravatar.com\/avatar\/081cfb6cf99faddc6f4e23a0c11ab98c5cf302925382d1c88dc3ed757ab910a3?s=96&d=mm&r=g","contentUrl":"https:\/\/secure.gravatar.com\/avatar\/081cfb6cf99faddc6f4e23a0c11ab98c5cf302925382d1c88dc3ed757ab910a3?s=96&d=mm&r=g","caption":"EL GLOBAL"},"description":"El Global Informativo es un peri\u00f3dico digital de Rep\u00fablica Dominicana que se dedica a cubrir temas importantes, como la pol\u00edtica local, geopol\u00edtica, econom\u00eda, tecnolog\u00eda, noticias internacionales y eventos relacionados con la gesti\u00f3n social, cultural y humana. Su objetivo principal es mantener a la poblaci\u00f3n informada, ofreciendo una visi\u00f3n amplia y actualizada de lo que sucede tanto en el pa\u00eds como en el mundo. Est\u00e1 dirigido por un grupo de periodistas experimentados, lo que garantiza la calidad y la precisi\u00f3n de la informaci\u00f3n que ofrecen. Tiene su sede en la ciudad de Santo Domingo y es parte integral del portafolio de la empresa, MC Global S.R.L.","sameAs":["https:\/\/elglobal.do","https:\/\/www.instagram.com\/elglobal.do_informativo\/"],"url":"https:\/\/elglobal.do\/index.php\/author\/elglobaluserpro\/"}]}},"jetpack_featured_media_url":"https:\/\/elglobal.do\/wp-content\/uploads\/2025\/11\/689646a1f3a34.jpeg","jetpack_sharing_enabled":true,"_links":{"self":[{"href":"https:\/\/elglobal.do\/index.php\/wp-json\/wp\/v2\/posts\/3846","targetHints":{"allow":["GET"]}}],"collection":[{"href":"https:\/\/elglobal.do\/index.php\/wp-json\/wp\/v2\/posts"}],"about":[{"href":"https:\/\/elglobal.do\/index.php\/wp-json\/wp\/v2\/types\/post"}],"author":[{"embeddable":true,"href":"https:\/\/elglobal.do\/index.php\/wp-json\/wp\/v2\/users\/1"}],"replies":[{"embeddable":true,"href":"https:\/\/elglobal.do\/index.php\/wp-json\/wp\/v2\/comments?post=3846"}],"version-history":[{"count":1,"href":"https:\/\/elglobal.do\/index.php\/wp-json\/wp\/v2\/posts\/3846\/revisions"}],"predecessor-version":[{"id":3848,"href":"https:\/\/elglobal.do\/index.php\/wp-json\/wp\/v2\/posts\/3846\/revisions\/3848"}],"wp:featuredmedia":[{"embeddable":true,"href":"https:\/\/elglobal.do\/index.php\/wp-json\/wp\/v2\/media\/3847"}],"wp:attachment":[{"href":"https:\/\/elglobal.do\/index.php\/wp-json\/wp\/v2\/media?parent=3846"}],"wp:term":[{"taxonomy":"category","embeddable":true,"href":"https:\/\/elglobal.do\/index.php\/wp-json\/wp\/v2\/categories?post=3846"},{"taxonomy":"post_tag","embeddable":true,"href":"https:\/\/elglobal.do\/index.php\/wp-json\/wp\/v2\/tags?post=3846"}],"curies":[{"name":"wp","href":"https:\/\/api.w.org\/{rel}","templated":true}]}}