{"id":3850,"date":"2025-11-12T18:18:39","date_gmt":"2025-11-12T22:18:39","guid":{"rendered":"https:\/\/elglobal.do\/?p=3850"},"modified":"2025-11-12T18:18:42","modified_gmt":"2025-11-12T22:18:42","slug":"el-inabie-socializa-condiciones-para-licitaciones-del-almuerzo-escolar-en-proximos-anos-lectivos","status":"publish","type":"post","link":"https:\/\/elglobal.do\/index.php\/2025\/11\/12\/el-inabie-socializa-condiciones-para-licitaciones-del-almuerzo-escolar-en-proximos-anos-lectivos\/","title":{"rendered":"El INABIE socializa condiciones para licitaciones del almuerzo escolar en pr\u00f3ximos a\u00f1os lectivos"},"content":{"rendered":"\n<p><em>El plazo para la presentaci\u00f3n de observaciones est\u00e1 abierto hasta el 19 de noviembre de 2025<\/em><\/p>\n\n\n\n<p><\/p>\n\n\n\n<figure class=\"wp-block-image size-large\"><img loading=\"lazy\" decoding=\"async\" width=\"1024\" height=\"895\" src=\"https:\/\/elglobal.do\/wp-content\/uploads\/2025\/11\/INABIE-1024x895.jpeg\" alt=\"\" class=\"wp-image-3851\" srcset=\"https:\/\/elglobal.do\/wp-content\/uploads\/2025\/11\/INABIE-1024x895.jpeg 1024w, https:\/\/elglobal.do\/wp-content\/uploads\/2025\/11\/INABIE-300x262.jpeg 300w, https:\/\/elglobal.do\/wp-content\/uploads\/2025\/11\/INABIE-768x671.jpeg 768w, https:\/\/elglobal.do\/wp-content\/uploads\/2025\/11\/INABIE.jpeg 1280w\" sizes=\"auto, (max-width: 1024px) 100vw, 1024px\" \/><\/figure>\n\n\n\n<p><strong>Santo Domingo. \u2013<\/strong> El Instituto Nacional de Bienestar Estudiantil (INABIE), convoca a los interesados en el Programa de Alimentaci\u00f3n Escolar (PAE), a participar en la consulta p\u00fablica del proyecto del pliego de condiciones, referencia <strong>INABIE-CCC-LPN-2025-0045,<\/strong> para la contrataci\u00f3n de los servicios de almuerzo de la Jornada Escolar Extendida y su distribuci\u00f3n en los centros educativos p\u00fablicos, durante los per\u00edodos lectivos 2026-2027 y 2027-2028.<\/p>\n\n\n\n<p>Este proceso tiene como prop\u00f3sito fortalecer la transparencia institucional, promover la participaci\u00f3n de la ciudadan\u00eda y garantizar la igualdad de oportunidades para todos los oferentes del almuerzo escolar, quienes podr\u00e1n presentar sus observaciones y sugerencias sobre las especificaciones del pliego, siempre que se ajusten a las normativas.<\/p>\n\n\n\n<p>Los interesados pueden acceder al documento en el banner principal del portal institucional https:\/\/inabie.gob.do\/ y remitir sus opiniones u observaciones, desde este mi\u00e9rcoles 12 hasta el mi\u00e9rcoles 19 de noviembre de 2025 a las 3:00 de la tarde, a trav\u00e9s del Sistema Electr\u00f3nico de Contrataciones P\u00fablicas (SECP): <a href=\"https:\/\/comunidad.comprasdominicana.gob.do\/STS\/DGCP\/Login.aspx\">www.portaltransaccional.gob.do<\/a> y en la p\u00e1gina web de la instituci\u00f3n: <a href=\"https:\/\/inabie.gob.do\/transparencia\/compras-y-contrataciones\">https:\/\/inabie.gob.do\/transparencia\/compras-y-contrataciones<\/a>.<\/p>\n\n\n\n<p>La socializaci\u00f3n del pliego se realiza en cumplimiento de la Ley No. 340-06 sobre Compras y Contrataciones P\u00fablicas de Bienes, Servicios, Obras y Concesiones y su Reglamento de Aplicaci\u00f3n instruido mediante el Decreto n\u00fam.416-23. Esta convocatoria est\u00e1 dirigida a micro, peque\u00f1as y medianas empresas (MIPYMES).<\/p>\n\n\n\n<p>Una vez finalizado el proceso de consulta, el INABIE evaluar\u00e1 las observaciones recibidas y determinar\u00e1 la viabilidad de incorporarlas en el pliego oficial, siempre en estricto apego a las normativas establecidas por la Direcci\u00f3n General de Contrataciones P\u00fablicas (DGCP).<\/p>\n\n\n\n<p>La Direcci\u00f3n Ejecutiva del INABIE asegur\u00f3 que los procesos de compra para la contrataci\u00f3n del almuerzo escolar a nivel nacional se realizar\u00e1n en estricto apego al marco legal, garantizando as\u00ed transparencia e igualdad de participaci\u00f3n para todas las empresas interesadas.<\/p>\n\n\n\n<p><\/p>\n","protected":false},"excerpt":{"rendered":"<p>El plazo para la presentaci\u00f3n de observaciones est\u00e1 abierto hasta el 19 de noviembre de 2025 Santo Domingo. \u2013 El Instituto Nacional de Bienestar Estudiantil (INABIE), convoca a los interesados&hellip; <\/p>\n","protected":false},"author":1,"featured_media":3851,"comment_status":"open","ping_status":"open","sticky":false,"template":"","format":"standard","meta":{"_jetpack_memberships_contains_paid_content":false,"footnotes":""},"categories":[329,14],"tags":[2005,98,648,2004,2003],"class_list":["post-3850","post","type-post","status-publish","format-standard","has-post-thumbnail","hentry","category-educacion-nacionales","category-slider","tag-almuerzoescolar-pae","tag-elglobalinformativo","tag-inabie-2","tag-licitaciones","tag-socializa"],"yoast_head":"<!-- This site is optimized with the Yoast SEO plugin v26.9 - https:\/\/yoast.com\/product\/yoast-seo-wordpress\/ -->\n<title>El INABIE socializa condiciones para licitaciones del almuerzo escolar en pr\u00f3ximos a\u00f1os lectivos - EL GLOBAL INFORMATIVO<\/title>\n<meta name=\"robots\" content=\"index, follow, max-snippet:-1, max-image-preview:large, max-video-preview:-1\" \/>\n<link rel=\"canonical\" href=\"https:\/\/elglobal.do\/index.php\/2025\/11\/12\/el-inabie-socializa-condiciones-para-licitaciones-del-almuerzo-escolar-en-proximos-anos-lectivos\/\" \/>\n<meta property=\"og:locale\" content=\"es_ES\" \/>\n<meta property=\"og:type\" content=\"article\" \/>\n<meta property=\"og:title\" content=\"El INABIE socializa condiciones para licitaciones del almuerzo escolar en pr\u00f3ximos a\u00f1os lectivos - EL GLOBAL INFORMATIVO\" \/>\n<meta property=\"og:description\" content=\"El plazo para la presentaci\u00f3n de observaciones est\u00e1 abierto hasta el 19 de noviembre de 2025 Santo Domingo. \u2013 El Instituto Nacional de Bienestar Estudiantil (INABIE), convoca a los interesados&hellip;\" \/>\n<meta property=\"og:url\" content=\"https:\/\/elglobal.do\/index.php\/2025\/11\/12\/el-inabie-socializa-condiciones-para-licitaciones-del-almuerzo-escolar-en-proximos-anos-lectivos\/\" \/>\n<meta property=\"og:site_name\" content=\"EL GLOBAL INFORMATIVO\" \/>\n<meta property=\"article:published_time\" content=\"2025-11-12T22:18:39+00:00\" \/>\n<meta property=\"article:modified_time\" content=\"2025-11-12T22:18:42+00:00\" \/>\n<meta property=\"og:image\" content=\"https:\/\/elglobal.do\/wp-content\/uploads\/2025\/11\/INABIE.jpeg\" \/>\n\t<meta property=\"og:image:width\" content=\"1280\" \/>\n\t<meta property=\"og:image:height\" content=\"1119\" \/>\n\t<meta property=\"og:image:type\" content=\"image\/jpeg\" \/>\n<meta name=\"author\" content=\"EL GLOBAL\" \/>\n<meta name=\"twitter:card\" content=\"summary_large_image\" \/>\n<meta name=\"twitter:label1\" content=\"Escrito por\" \/>\n\t<meta name=\"twitter:data1\" content=\"EL GLOBAL\" \/>\n\t<meta name=\"twitter:label2\" content=\"Tiempo de lectura\" \/>\n\t<meta name=\"twitter:data2\" content=\"2 minutos\" \/>\n<script type=\"application\/ld+json\" class=\"yoast-schema-graph\">{\"@context\":\"https:\/\/schema.org\",\"@graph\":[{\"@type\":\"Article\",\"@id\":\"https:\/\/elglobal.do\/index.php\/2025\/11\/12\/el-inabie-socializa-condiciones-para-licitaciones-del-almuerzo-escolar-en-proximos-anos-lectivos\/#article\",\"isPartOf\":{\"@id\":\"https:\/\/elglobal.do\/index.php\/2025\/11\/12\/el-inabie-socializa-condiciones-para-licitaciones-del-almuerzo-escolar-en-proximos-anos-lectivos\/\"},\"author\":{\"name\":\"EL GLOBAL\",\"@id\":\"https:\/\/elglobal.do\/#\/schema\/person\/0c97ec2c7714fb605d230c292f64d55f\"},\"headline\":\"El INABIE socializa condiciones para licitaciones del almuerzo escolar en pr\u00f3ximos a\u00f1os lectivos\",\"datePublished\":\"2025-11-12T22:18:39+00:00\",\"dateModified\":\"2025-11-12T22:18:42+00:00\",\"mainEntityOfPage\":{\"@id\":\"https:\/\/elglobal.do\/index.php\/2025\/11\/12\/el-inabie-socializa-condiciones-para-licitaciones-del-almuerzo-escolar-en-proximos-anos-lectivos\/\"},\"wordCount\":357,\"commentCount\":0,\"publisher\":{\"@id\":\"https:\/\/elglobal.do\/#organization\"},\"image\":{\"@id\":\"https:\/\/elglobal.do\/index.php\/2025\/11\/12\/el-inabie-socializa-condiciones-para-licitaciones-del-almuerzo-escolar-en-proximos-anos-lectivos\/#primaryimage\"},\"thumbnailUrl\":\"https:\/\/elglobal.do\/wp-content\/uploads\/2025\/11\/INABIE.jpeg\",\"keywords\":[\"#AlmuerzoEscolar #PAE\",\"#ElGlobalInformativo\",\"#INABIE\",\"#licitaciones\",\"#socializa\"],\"articleSection\":[\"EDUCACI\u00d3N\",\"NOTICIAS RELEVANTES\"],\"inLanguage\":\"es\",\"potentialAction\":[{\"@type\":\"CommentAction\",\"name\":\"Comment\",\"target\":[\"https:\/\/elglobal.do\/index.php\/2025\/11\/12\/el-inabie-socializa-condiciones-para-licitaciones-del-almuerzo-escolar-en-proximos-anos-lectivos\/#respond\"]}]},{\"@type\":\"WebPage\",\"@id\":\"https:\/\/elglobal.do\/index.php\/2025\/11\/12\/el-inabie-socializa-condiciones-para-licitaciones-del-almuerzo-escolar-en-proximos-anos-lectivos\/\",\"url\":\"https:\/\/elglobal.do\/index.php\/2025\/11\/12\/el-inabie-socializa-condiciones-para-licitaciones-del-almuerzo-escolar-en-proximos-anos-lectivos\/\",\"name\":\"El INABIE socializa condiciones para licitaciones del almuerzo escolar en pr\u00f3ximos a\u00f1os lectivos - EL GLOBAL INFORMATIVO\",\"isPartOf\":{\"@id\":\"https:\/\/elglobal.do\/#website\"},\"primaryImageOfPage\":{\"@id\":\"https:\/\/elglobal.do\/index.php\/2025\/11\/12\/el-inabie-socializa-condiciones-para-licitaciones-del-almuerzo-escolar-en-proximos-anos-lectivos\/#primaryimage\"},\"image\":{\"@id\":\"https:\/\/elglobal.do\/index.php\/2025\/11\/12\/el-inabie-socializa-condiciones-para-licitaciones-del-almuerzo-escolar-en-proximos-anos-lectivos\/#primaryimage\"},\"thumbnailUrl\":\"https:\/\/elglobal.do\/wp-content\/uploads\/2025\/11\/INABIE.jpeg\",\"datePublished\":\"2025-11-12T22:18:39+00:00\",\"dateModified\":\"2025-11-12T22:18:42+00:00\",\"breadcrumb\":{\"@id\":\"https:\/\/elglobal.do\/index.php\/2025\/11\/12\/el-inabie-socializa-condiciones-para-licitaciones-del-almuerzo-escolar-en-proximos-anos-lectivos\/#breadcrumb\"},\"inLanguage\":\"es\",\"potentialAction\":[{\"@type\":\"ReadAction\",\"target\":[\"https:\/\/elglobal.do\/index.php\/2025\/11\/12\/el-inabie-socializa-condiciones-para-licitaciones-del-almuerzo-escolar-en-proximos-anos-lectivos\/\"]}]},{\"@type\":\"ImageObject\",\"inLanguage\":\"es\",\"@id\":\"https:\/\/elglobal.do\/index.php\/2025\/11\/12\/el-inabie-socializa-condiciones-para-licitaciones-del-almuerzo-escolar-en-proximos-anos-lectivos\/#primaryimage\",\"url\":\"https:\/\/elglobal.do\/wp-content\/uploads\/2025\/11\/INABIE.jpeg\",\"contentUrl\":\"https:\/\/elglobal.do\/wp-content\/uploads\/2025\/11\/INABIE.jpeg\",\"width\":1280,\"height\":1119},{\"@type\":\"BreadcrumbList\",\"@id\":\"https:\/\/elglobal.do\/index.php\/2025\/11\/12\/el-inabie-socializa-condiciones-para-licitaciones-del-almuerzo-escolar-en-proximos-anos-lectivos\/#breadcrumb\",\"itemListElement\":[{\"@type\":\"ListItem\",\"position\":1,\"name\":\"Portada\",\"item\":\"https:\/\/elglobal.do\/\"},{\"@type\":\"ListItem\",\"position\":2,\"name\":\"El INABIE socializa condiciones para licitaciones del almuerzo escolar en pr\u00f3ximos a\u00f1os lectivos\"}]},{\"@type\":\"WebSite\",\"@id\":\"https:\/\/elglobal.do\/#website\",\"url\":\"https:\/\/elglobal.do\/\",\"name\":\"EL GLOBAL INFORMATIVO\",\"description\":\"Peri\u00f3dico digital de la Rep\u00fablica Dominicana que ofrece noticias, novedades, pol\u00edtica y las \u00faltimas actualidades, con informaci\u00f3n veraz y oportuna para mantenerte siempre informad\",\"publisher\":{\"@id\":\"https:\/\/elglobal.do\/#organization\"},\"potentialAction\":[{\"@type\":\"SearchAction\",\"target\":{\"@type\":\"EntryPoint\",\"urlTemplate\":\"https:\/\/elglobal.do\/?s={search_term_string}\"},\"query-input\":{\"@type\":\"PropertyValueSpecification\",\"valueRequired\":true,\"valueName\":\"search_term_string\"}}],\"inLanguage\":\"es\"},{\"@type\":\"Organization\",\"@id\":\"https:\/\/elglobal.do\/#organization\",\"name\":\"EL GLOBAL.DO INFORMATIVO\",\"url\":\"https:\/\/elglobal.do\/\",\"logo\":{\"@type\":\"ImageObject\",\"inLanguage\":\"es\",\"@id\":\"https:\/\/elglobal.do\/#\/schema\/logo\/image\/\",\"url\":\"https:\/\/elglobal.do\/wp-content\/uploads\/2025\/08\/icon.png\",\"contentUrl\":\"https:\/\/elglobal.do\/wp-content\/uploads\/2025\/08\/icon.png\",\"width\":512,\"height\":512,\"caption\":\"EL GLOBAL.DO INFORMATIVO\"},\"image\":{\"@id\":\"https:\/\/elglobal.do\/#\/schema\/logo\/image\/\"}},{\"@type\":\"Person\",\"@id\":\"https:\/\/elglobal.do\/#\/schema\/person\/0c97ec2c7714fb605d230c292f64d55f\",\"name\":\"EL GLOBAL\",\"image\":{\"@type\":\"ImageObject\",\"inLanguage\":\"es\",\"@id\":\"https:\/\/elglobal.do\/#\/schema\/person\/image\/\",\"url\":\"https:\/\/secure.gravatar.com\/avatar\/081cfb6cf99faddc6f4e23a0c11ab98c5cf302925382d1c88dc3ed757ab910a3?s=96&d=mm&r=g\",\"contentUrl\":\"https:\/\/secure.gravatar.com\/avatar\/081cfb6cf99faddc6f4e23a0c11ab98c5cf302925382d1c88dc3ed757ab910a3?s=96&d=mm&r=g\",\"caption\":\"EL GLOBAL\"},\"description\":\"El Global Informativo es un peri\u00f3dico digital de Rep\u00fablica Dominicana que se dedica a cubrir temas importantes, como la pol\u00edtica local, geopol\u00edtica, econom\u00eda, tecnolog\u00eda, noticias internacionales y eventos relacionados con la gesti\u00f3n social, cultural y humana. Su objetivo principal es mantener a la poblaci\u00f3n informada, ofreciendo una visi\u00f3n amplia y actualizada de lo que sucede tanto en el pa\u00eds como en el mundo. Est\u00e1 dirigido por un grupo de periodistas experimentados, lo que garantiza la calidad y la precisi\u00f3n de la informaci\u00f3n que ofrecen. Tiene su sede en la ciudad de Santo Domingo y es parte integral del portafolio de la empresa, MC Global S.R.L.\",\"sameAs\":[\"https:\/\/elglobal.do\",\"https:\/\/www.instagram.com\/elglobal.do_informativo\/\"],\"url\":\"https:\/\/elglobal.do\/index.php\/author\/elglobaluserpro\/\"}]}<\/script>\n<!-- \/ Yoast SEO plugin. -->","yoast_head_json":{"title":"El INABIE socializa condiciones para licitaciones del almuerzo escolar en pr\u00f3ximos a\u00f1os lectivos - EL GLOBAL INFORMATIVO","robots":{"index":"index","follow":"follow","max-snippet":"max-snippet:-1","max-image-preview":"max-image-preview:large","max-video-preview":"max-video-preview:-1"},"canonical":"https:\/\/elglobal.do\/index.php\/2025\/11\/12\/el-inabie-socializa-condiciones-para-licitaciones-del-almuerzo-escolar-en-proximos-anos-lectivos\/","og_locale":"es_ES","og_type":"article","og_title":"El INABIE socializa condiciones para licitaciones del almuerzo escolar en pr\u00f3ximos a\u00f1os lectivos - EL GLOBAL INFORMATIVO","og_description":"El plazo para la presentaci\u00f3n de observaciones est\u00e1 abierto hasta el 19 de noviembre de 2025 Santo Domingo. \u2013 El Instituto Nacional de Bienestar Estudiantil (INABIE), convoca a los interesados&hellip;","og_url":"https:\/\/elglobal.do\/index.php\/2025\/11\/12\/el-inabie-socializa-condiciones-para-licitaciones-del-almuerzo-escolar-en-proximos-anos-lectivos\/","og_site_name":"EL GLOBAL INFORMATIVO","article_published_time":"2025-11-12T22:18:39+00:00","article_modified_time":"2025-11-12T22:18:42+00:00","og_image":[{"width":1280,"height":1119,"url":"https:\/\/elglobal.do\/wp-content\/uploads\/2025\/11\/INABIE.jpeg","type":"image\/jpeg"}],"author":"EL GLOBAL","twitter_card":"summary_large_image","twitter_misc":{"Escrito por":"EL GLOBAL","Tiempo de lectura":"2 minutos"},"schema":{"@context":"https:\/\/schema.org","@graph":[{"@type":"Article","@id":"https:\/\/elglobal.do\/index.php\/2025\/11\/12\/el-inabie-socializa-condiciones-para-licitaciones-del-almuerzo-escolar-en-proximos-anos-lectivos\/#article","isPartOf":{"@id":"https:\/\/elglobal.do\/index.php\/2025\/11\/12\/el-inabie-socializa-condiciones-para-licitaciones-del-almuerzo-escolar-en-proximos-anos-lectivos\/"},"author":{"name":"EL GLOBAL","@id":"https:\/\/elglobal.do\/#\/schema\/person\/0c97ec2c7714fb605d230c292f64d55f"},"headline":"El INABIE socializa condiciones para licitaciones del almuerzo escolar en pr\u00f3ximos a\u00f1os lectivos","datePublished":"2025-11-12T22:18:39+00:00","dateModified":"2025-11-12T22:18:42+00:00","mainEntityOfPage":{"@id":"https:\/\/elglobal.do\/index.php\/2025\/11\/12\/el-inabie-socializa-condiciones-para-licitaciones-del-almuerzo-escolar-en-proximos-anos-lectivos\/"},"wordCount":357,"commentCount":0,"publisher":{"@id":"https:\/\/elglobal.do\/#organization"},"image":{"@id":"https:\/\/elglobal.do\/index.php\/2025\/11\/12\/el-inabie-socializa-condiciones-para-licitaciones-del-almuerzo-escolar-en-proximos-anos-lectivos\/#primaryimage"},"thumbnailUrl":"https:\/\/elglobal.do\/wp-content\/uploads\/2025\/11\/INABIE.jpeg","keywords":["#AlmuerzoEscolar #PAE","#ElGlobalInformativo","#INABIE","#licitaciones","#socializa"],"articleSection":["EDUCACI\u00d3N","NOTICIAS RELEVANTES"],"inLanguage":"es","potentialAction":[{"@type":"CommentAction","name":"Comment","target":["https:\/\/elglobal.do\/index.php\/2025\/11\/12\/el-inabie-socializa-condiciones-para-licitaciones-del-almuerzo-escolar-en-proximos-anos-lectivos\/#respond"]}]},{"@type":"WebPage","@id":"https:\/\/elglobal.do\/index.php\/2025\/11\/12\/el-inabie-socializa-condiciones-para-licitaciones-del-almuerzo-escolar-en-proximos-anos-lectivos\/","url":"https:\/\/elglobal.do\/index.php\/2025\/11\/12\/el-inabie-socializa-condiciones-para-licitaciones-del-almuerzo-escolar-en-proximos-anos-lectivos\/","name":"El INABIE socializa condiciones para licitaciones del almuerzo escolar en pr\u00f3ximos a\u00f1os lectivos - EL GLOBAL INFORMATIVO","isPartOf":{"@id":"https:\/\/elglobal.do\/#website"},"primaryImageOfPage":{"@id":"https:\/\/elglobal.do\/index.php\/2025\/11\/12\/el-inabie-socializa-condiciones-para-licitaciones-del-almuerzo-escolar-en-proximos-anos-lectivos\/#primaryimage"},"image":{"@id":"https:\/\/elglobal.do\/index.php\/2025\/11\/12\/el-inabie-socializa-condiciones-para-licitaciones-del-almuerzo-escolar-en-proximos-anos-lectivos\/#primaryimage"},"thumbnailUrl":"https:\/\/elglobal.do\/wp-content\/uploads\/2025\/11\/INABIE.jpeg","datePublished":"2025-11-12T22:18:39+00:00","dateModified":"2025-11-12T22:18:42+00:00","breadcrumb":{"@id":"https:\/\/elglobal.do\/index.php\/2025\/11\/12\/el-inabie-socializa-condiciones-para-licitaciones-del-almuerzo-escolar-en-proximos-anos-lectivos\/#breadcrumb"},"inLanguage":"es","potentialAction":[{"@type":"ReadAction","target":["https:\/\/elglobal.do\/index.php\/2025\/11\/12\/el-inabie-socializa-condiciones-para-licitaciones-del-almuerzo-escolar-en-proximos-anos-lectivos\/"]}]},{"@type":"ImageObject","inLanguage":"es","@id":"https:\/\/elglobal.do\/index.php\/2025\/11\/12\/el-inabie-socializa-condiciones-para-licitaciones-del-almuerzo-escolar-en-proximos-anos-lectivos\/#primaryimage","url":"https:\/\/elglobal.do\/wp-content\/uploads\/2025\/11\/INABIE.jpeg","contentUrl":"https:\/\/elglobal.do\/wp-content\/uploads\/2025\/11\/INABIE.jpeg","width":1280,"height":1119},{"@type":"BreadcrumbList","@id":"https:\/\/elglobal.do\/index.php\/2025\/11\/12\/el-inabie-socializa-condiciones-para-licitaciones-del-almuerzo-escolar-en-proximos-anos-lectivos\/#breadcrumb","itemListElement":[{"@type":"ListItem","position":1,"name":"Portada","item":"https:\/\/elglobal.do\/"},{"@type":"ListItem","position":2,"name":"El INABIE socializa condiciones para licitaciones del almuerzo escolar en pr\u00f3ximos a\u00f1os lectivos"}]},{"@type":"WebSite","@id":"https:\/\/elglobal.do\/#website","url":"https:\/\/elglobal.do\/","name":"EL GLOBAL INFORMATIVO","description":"Peri\u00f3dico digital de la Rep\u00fablica Dominicana que ofrece noticias, novedades, pol\u00edtica y las \u00faltimas actualidades, con informaci\u00f3n veraz y oportuna para mantenerte siempre informad","publisher":{"@id":"https:\/\/elglobal.do\/#organization"},"potentialAction":[{"@type":"SearchAction","target":{"@type":"EntryPoint","urlTemplate":"https:\/\/elglobal.do\/?s={search_term_string}"},"query-input":{"@type":"PropertyValueSpecification","valueRequired":true,"valueName":"search_term_string"}}],"inLanguage":"es"},{"@type":"Organization","@id":"https:\/\/elglobal.do\/#organization","name":"EL GLOBAL.DO INFORMATIVO","url":"https:\/\/elglobal.do\/","logo":{"@type":"ImageObject","inLanguage":"es","@id":"https:\/\/elglobal.do\/#\/schema\/logo\/image\/","url":"https:\/\/elglobal.do\/wp-content\/uploads\/2025\/08\/icon.png","contentUrl":"https:\/\/elglobal.do\/wp-content\/uploads\/2025\/08\/icon.png","width":512,"height":512,"caption":"EL GLOBAL.DO INFORMATIVO"},"image":{"@id":"https:\/\/elglobal.do\/#\/schema\/logo\/image\/"}},{"@type":"Person","@id":"https:\/\/elglobal.do\/#\/schema\/person\/0c97ec2c7714fb605d230c292f64d55f","name":"EL GLOBAL","image":{"@type":"ImageObject","inLanguage":"es","@id":"https:\/\/elglobal.do\/#\/schema\/person\/image\/","url":"https:\/\/secure.gravatar.com\/avatar\/081cfb6cf99faddc6f4e23a0c11ab98c5cf302925382d1c88dc3ed757ab910a3?s=96&d=mm&r=g","contentUrl":"https:\/\/secure.gravatar.com\/avatar\/081cfb6cf99faddc6f4e23a0c11ab98c5cf302925382d1c88dc3ed757ab910a3?s=96&d=mm&r=g","caption":"EL GLOBAL"},"description":"El Global Informativo es un peri\u00f3dico digital de Rep\u00fablica Dominicana que se dedica a cubrir temas importantes, como la pol\u00edtica local, geopol\u00edtica, econom\u00eda, tecnolog\u00eda, noticias internacionales y eventos relacionados con la gesti\u00f3n social, cultural y humana. Su objetivo principal es mantener a la poblaci\u00f3n informada, ofreciendo una visi\u00f3n amplia y actualizada de lo que sucede tanto en el pa\u00eds como en el mundo. Est\u00e1 dirigido por un grupo de periodistas experimentados, lo que garantiza la calidad y la precisi\u00f3n de la informaci\u00f3n que ofrecen. Tiene su sede en la ciudad de Santo Domingo y es parte integral del portafolio de la empresa, MC Global S.R.L.","sameAs":["https:\/\/elglobal.do","https:\/\/www.instagram.com\/elglobal.do_informativo\/"],"url":"https:\/\/elglobal.do\/index.php\/author\/elglobaluserpro\/"}]}},"jetpack_featured_media_url":"https:\/\/elglobal.do\/wp-content\/uploads\/2025\/11\/INABIE.jpeg","jetpack_sharing_enabled":true,"_links":{"self":[{"href":"https:\/\/elglobal.do\/index.php\/wp-json\/wp\/v2\/posts\/3850","targetHints":{"allow":["GET"]}}],"collection":[{"href":"https:\/\/elglobal.do\/index.php\/wp-json\/wp\/v2\/posts"}],"about":[{"href":"https:\/\/elglobal.do\/index.php\/wp-json\/wp\/v2\/types\/post"}],"author":[{"embeddable":true,"href":"https:\/\/elglobal.do\/index.php\/wp-json\/wp\/v2\/users\/1"}],"replies":[{"embeddable":true,"href":"https:\/\/elglobal.do\/index.php\/wp-json\/wp\/v2\/comments?post=3850"}],"version-history":[{"count":1,"href":"https:\/\/elglobal.do\/index.php\/wp-json\/wp\/v2\/posts\/3850\/revisions"}],"predecessor-version":[{"id":3852,"href":"https:\/\/elglobal.do\/index.php\/wp-json\/wp\/v2\/posts\/3850\/revisions\/3852"}],"wp:featuredmedia":[{"embeddable":true,"href":"https:\/\/elglobal.do\/index.php\/wp-json\/wp\/v2\/media\/3851"}],"wp:attachment":[{"href":"https:\/\/elglobal.do\/index.php\/wp-json\/wp\/v2\/media?parent=3850"}],"wp:term":[{"taxonomy":"category","embeddable":true,"href":"https:\/\/elglobal.do\/index.php\/wp-json\/wp\/v2\/categories?post=3850"},{"taxonomy":"post_tag","embeddable":true,"href":"https:\/\/elglobal.do\/index.php\/wp-json\/wp\/v2\/tags?post=3850"}],"curies":[{"name":"wp","href":"https:\/\/api.w.org\/{rel}","templated":true}]}}