{"id":3887,"date":"2025-11-13T13:13:40","date_gmt":"2025-11-13T17:13:40","guid":{"rendered":"https:\/\/elglobal.do\/?p=3887"},"modified":"2025-11-13T13:13:43","modified_gmt":"2025-11-13T17:13:43","slug":"el-espejismo-de-la-rectitud-narcopolitica-y-el-desafio-institucional-en-republica-dominicana","status":"publish","type":"post","link":"https:\/\/elglobal.do\/index.php\/2025\/11\/13\/el-espejismo-de-la-rectitud-narcopolitica-y-el-desafio-institucional-en-republica-dominicana\/","title":{"rendered":"El Espejismo de la Rectitud Narcopol\u00edtica y el Desaf\u00edo Institucional en Rep\u00fablica Dominicana"},"content":{"rendered":"\n<figure class=\"wp-block-image size-full\"><img loading=\"lazy\" decoding=\"async\" width=\"929\" height=\"972\" src=\"https:\/\/elglobal.do\/wp-content\/uploads\/2025\/08\/Julio-Ledesma-1.jpg\" alt=\"\" class=\"wp-image-1411\" srcset=\"https:\/\/elglobal.do\/wp-content\/uploads\/2025\/08\/Julio-Ledesma-1.jpg 929w, https:\/\/elglobal.do\/wp-content\/uploads\/2025\/08\/Julio-Ledesma-1-287x300.jpg 287w, https:\/\/elglobal.do\/wp-content\/uploads\/2025\/08\/Julio-Ledesma-1-768x804.jpg 768w\" sizes=\"auto, (max-width: 929px) 100vw, 929px\" \/><figcaption class=\"wp-element-caption\"><em>Por: Julio \u00c1ngel Ledesma Jurista y Analista Social<\/em><\/figcaption><\/figure>\n\n\n\n<p><\/p>\n\n\n\n<p><strong>\u200b<\/strong>La Rep\u00fablica Dominicana se encuentra en una encrucijada peligrosa. El auge implacable del narcotr\u00e1fico ha trascendido las esferas del crimen organizado, penetrando profundamente en el tejido social y, lo que es m\u00e1s alarmante, en las estructuras de poder del Estado. La narcopol\u00edtica no es un fantasma del pasado; es una realidad palpable que corroe la fe p\u00fablica y desnaturaliza el ejercicio democr\u00e1tico.&nbsp;<\/p>\n\n\n\n<p>El fen\u00f3meno del narcotr\u00e1fico en nuestro pa\u00eds se ha consolidado gracias a una red de complicidades que a menudo cuenta con la anuencia o la participaci\u00f3n de figuras influyentes. En la presente administraci\u00f3n, la ciudadan\u00eda ha observado con inquietud c\u00f3mo personas cercanas al gobierno se han se\u00f1alado o directamente vinculadas a actos de corrupci\u00f3n y, en algunos casos, al propio narcotr\u00e1fico.<\/p>\n\n\n\n<p>\u200bSi bien el Estado ha dado lo que algunos calificar\u00edan de \u00abrespuesta contundente\u00bb con arrestos y procesos judiciales contra funcionarios o individuos relacionados con la gesti\u00f3n actual, estas acciones no pueden verse como un fin en s\u00ed mismas. Es un imperativo \u00e9tico y legal que la justicia act\u00fae con independencia, sin importar la cercan\u00eda o el cargo del implicado. Sin embargo, la percepci\u00f3n de la selectividad judicial persiste.<\/p>\n\n\n\n<p>\u200bEl verdadero desaf\u00edo se presenta cuando los tent\u00e1culos del crimen organizado alcanzan a las personas muy cercanas a la figura principal del Estado. El rumor persistente sobre posibles extradiciones de estas figuras no solo pone a prueba la voluntad pol\u00edtica del actual gobierno de enfrentar la corrupci\u00f3n de manera frontal, sino que tambi\u00e9n ejerce una presi\u00f3n internacional ineludible. La lucha contra el narcotr\u00e1fico no puede ser una herramienta de imagen; debe ser un compromiso real, doloroso y sin concesiones, incluso si implica sacrificar capital pol\u00edtico y enfrentar a aliados.<\/p>\n\n\n\n<p>\u200b\u200bLa mera represi\u00f3n es insuficiente. Para desmantelar el narcotr\u00e1fico y la criminalidad organizada que degrada nuestra sociedad, la Rep\u00fablica Dominicana debe implementar una estrategia integral y permanente basada en ejes como, el fortalecimiento de la inteligencia financiera, dotando a la UAF de la autonom\u00eda, los recursos tecnol\u00f3gicos y el personal capacitado para rastrear y congelar activos provenientes del lavado de dinero. El dinero es el ox\u00edgeno del crimen organizado; cortarlo es vital.<\/p>\n\n\n\n<p>\u200bTambi\u00e9n, las declaraciones juradas de patrimonios y realizarles auditor\u00edas cruzadas e independientes de los patrimonios de funcionarios p\u00fablicos y sus familiares cercanos, con especial \u00e9nfasis en el enriquecimiento inexplicable.<\/p>\n\n\n\n<p>\u200bLa reforma y depuraci\u00f3n de los cuerpos de seguridad, justicia, la Polic\u00eda y DNCD, establecerles un <em>mecanismo de vetting<\/em> riguroso y permanente (pruebas de pol\u00edgrafo, toxicolog\u00eda, an\u00e1lisis patrimonial y de historial) para cada agente, especialmente aquellos en posiciones sensibles. La infiltraci\u00f3n policial es el principal motor de impunidad.<\/p>\n\n\n\n<p>\u200bEn el Sistema Judicial, blindar a jueces y fiscales que llevan casos de crimen organizado, garantizando su seguridad y reforzando su independencia mediante la transparencia total en sus procesos de nombramiento y ascenso.<\/p>\n\n\n\n<p>\u200bLa cooperaci\u00f3n internacional debe ser contundente, las extradiciones sin demora, y utilizar la herramienta de la extradici\u00f3n no solo como respuesta a la presi\u00f3n externa, sino como una pol\u00edtica de Estado para enviar el mensaje claro de que no habr\u00e1 santuario para los narcotraficantes que operan en territorio dominicano.<\/p>\n\n\n\n<p>\u200bHacer un intercambio de informaci\u00f3n y fortalecer los acuerdos de inteligencia con agencias de EE. UU. (DEA) y Europa para monitorear las rutas y las redes de financiamiento transnacional.<\/p>\n\n\n\n<p>\u200bPrevenir a la sociedad y recuperar el territorio mediante una inversi\u00f3n social focalizada en desarrollar programas de prevenci\u00f3n del consumo y la delincuencia en los barrios vulnerables, que son el principal reservorio de reclutas para el microtr\u00e1fico. La educaci\u00f3n y la oportunidad econ\u00f3mica son los ant\u00eddotos a la desesperanza que alimenta el crimen.<\/p>\n\n\n\n<p>\u200bEn conclusi\u00f3n, la lucha contra la narcopol\u00edtica no es una tarea de una sola gesti\u00f3n, sino un desaf\u00edo generacional. La respuesta del Estado debe ser institucional y no personalista. Solo una voluntad pol\u00edtica inquebrantable, respaldada por instituciones fuertes y transparentes, puede liberarnos de este lastre tan cruel y degradante que amenaza con convertir nuestra democracia en el espejismo de la rectitud.<\/p>\n","protected":false},"excerpt":{"rendered":"<p>\u200bLa Rep\u00fablica Dominicana se encuentra en una encrucijada peligrosa. El auge implacable del narcotr\u00e1fico ha trascendido las esferas del crimen organizado, penetrando profundamente en el tejido social y, lo que&hellip; <\/p>\n","protected":false},"author":1,"featured_media":1411,"comment_status":"open","ping_status":"open","sticky":false,"template":"","format":"standard","meta":{"_jetpack_memberships_contains_paid_content":false,"footnotes":""},"categories":[20],"tags":[2030,98,2028,2031,2029,1209],"class_list":["post-3887","post","type-post","status-publish","format-standard","has-post-thumbnail","hentry","category-opinion","tag-desafioinstitucional","tag-elglobalinformativo","tag-espejismo","tag-narcopolitica","tag-rectitud","tag-republicadominicana"],"yoast_head":"<!-- This site is optimized with the Yoast SEO plugin v26.9 - https:\/\/yoast.com\/product\/yoast-seo-wordpress\/ -->\n<title>El Espejismo de la Rectitud Narcopol\u00edtica y el Desaf\u00edo Institucional en Rep\u00fablica Dominicana - EL GLOBAL INFORMATIVO<\/title>\n<meta name=\"robots\" content=\"index, follow, max-snippet:-1, max-image-preview:large, max-video-preview:-1\" \/>\n<link rel=\"canonical\" href=\"https:\/\/elglobal.do\/index.php\/2025\/11\/13\/el-espejismo-de-la-rectitud-narcopolitica-y-el-desafio-institucional-en-republica-dominicana\/\" \/>\n<meta property=\"og:locale\" content=\"es_ES\" \/>\n<meta property=\"og:type\" content=\"article\" \/>\n<meta property=\"og:title\" content=\"El Espejismo de la Rectitud Narcopol\u00edtica y el Desaf\u00edo Institucional en Rep\u00fablica Dominicana - EL GLOBAL INFORMATIVO\" \/>\n<meta property=\"og:description\" content=\"\u200bLa Rep\u00fablica Dominicana se encuentra en una encrucijada peligrosa. El auge implacable del narcotr\u00e1fico ha trascendido las esferas del crimen organizado, penetrando profundamente en el tejido social y, lo que&hellip;\" \/>\n<meta property=\"og:url\" content=\"https:\/\/elglobal.do\/index.php\/2025\/11\/13\/el-espejismo-de-la-rectitud-narcopolitica-y-el-desafio-institucional-en-republica-dominicana\/\" \/>\n<meta property=\"og:site_name\" content=\"EL GLOBAL INFORMATIVO\" \/>\n<meta property=\"article:published_time\" content=\"2025-11-13T17:13:40+00:00\" \/>\n<meta property=\"article:modified_time\" content=\"2025-11-13T17:13:43+00:00\" \/>\n<meta property=\"og:image\" content=\"https:\/\/elglobal.do\/wp-content\/uploads\/2025\/08\/Julio-Ledesma-1.jpg\" \/>\n\t<meta property=\"og:image:width\" content=\"929\" \/>\n\t<meta property=\"og:image:height\" content=\"972\" \/>\n\t<meta property=\"og:image:type\" content=\"image\/jpeg\" \/>\n<meta name=\"author\" content=\"EL GLOBAL\" \/>\n<meta name=\"twitter:card\" content=\"summary_large_image\" \/>\n<meta name=\"twitter:label1\" content=\"Escrito por\" \/>\n\t<meta name=\"twitter:data1\" content=\"EL GLOBAL\" \/>\n\t<meta name=\"twitter:label2\" content=\"Tiempo de lectura\" \/>\n\t<meta name=\"twitter:data2\" content=\"4 minutos\" \/>\n<script type=\"application\/ld+json\" class=\"yoast-schema-graph\">{\"@context\":\"https:\/\/schema.org\",\"@graph\":[{\"@type\":\"Article\",\"@id\":\"https:\/\/elglobal.do\/index.php\/2025\/11\/13\/el-espejismo-de-la-rectitud-narcopolitica-y-el-desafio-institucional-en-republica-dominicana\/#article\",\"isPartOf\":{\"@id\":\"https:\/\/elglobal.do\/index.php\/2025\/11\/13\/el-espejismo-de-la-rectitud-narcopolitica-y-el-desafio-institucional-en-republica-dominicana\/\"},\"author\":{\"name\":\"EL GLOBAL\",\"@id\":\"https:\/\/elglobal.do\/#\/schema\/person\/0c97ec2c7714fb605d230c292f64d55f\"},\"headline\":\"El Espejismo de la Rectitud Narcopol\u00edtica y el Desaf\u00edo Institucional en Rep\u00fablica Dominicana\",\"datePublished\":\"2025-11-13T17:13:40+00:00\",\"dateModified\":\"2025-11-13T17:13:43+00:00\",\"mainEntityOfPage\":{\"@id\":\"https:\/\/elglobal.do\/index.php\/2025\/11\/13\/el-espejismo-de-la-rectitud-narcopolitica-y-el-desafio-institucional-en-republica-dominicana\/\"},\"wordCount\":739,\"commentCount\":1,\"publisher\":{\"@id\":\"https:\/\/elglobal.do\/#organization\"},\"image\":{\"@id\":\"https:\/\/elglobal.do\/index.php\/2025\/11\/13\/el-espejismo-de-la-rectitud-narcopolitica-y-el-desafio-institucional-en-republica-dominicana\/#primaryimage\"},\"thumbnailUrl\":\"https:\/\/elglobal.do\/wp-content\/uploads\/2025\/08\/Julio-Ledesma-1.jpg\",\"keywords\":[\"#Desaf\u00edoInstitucional\",\"#ElGlobalInformativo\",\"#Espejismo\",\"#Narcopol\u00edtica\",\"#Rectitud\",\"#Rep\u00fablicaDominicana\"],\"articleSection\":[\"OPINI\u00d3N\"],\"inLanguage\":\"es\",\"potentialAction\":[{\"@type\":\"CommentAction\",\"name\":\"Comment\",\"target\":[\"https:\/\/elglobal.do\/index.php\/2025\/11\/13\/el-espejismo-de-la-rectitud-narcopolitica-y-el-desafio-institucional-en-republica-dominicana\/#respond\"]}]},{\"@type\":\"WebPage\",\"@id\":\"https:\/\/elglobal.do\/index.php\/2025\/11\/13\/el-espejismo-de-la-rectitud-narcopolitica-y-el-desafio-institucional-en-republica-dominicana\/\",\"url\":\"https:\/\/elglobal.do\/index.php\/2025\/11\/13\/el-espejismo-de-la-rectitud-narcopolitica-y-el-desafio-institucional-en-republica-dominicana\/\",\"name\":\"El Espejismo de la Rectitud Narcopol\u00edtica y el Desaf\u00edo Institucional en Rep\u00fablica Dominicana - EL GLOBAL INFORMATIVO\",\"isPartOf\":{\"@id\":\"https:\/\/elglobal.do\/#website\"},\"primaryImageOfPage\":{\"@id\":\"https:\/\/elglobal.do\/index.php\/2025\/11\/13\/el-espejismo-de-la-rectitud-narcopolitica-y-el-desafio-institucional-en-republica-dominicana\/#primaryimage\"},\"image\":{\"@id\":\"https:\/\/elglobal.do\/index.php\/2025\/11\/13\/el-espejismo-de-la-rectitud-narcopolitica-y-el-desafio-institucional-en-republica-dominicana\/#primaryimage\"},\"thumbnailUrl\":\"https:\/\/elglobal.do\/wp-content\/uploads\/2025\/08\/Julio-Ledesma-1.jpg\",\"datePublished\":\"2025-11-13T17:13:40+00:00\",\"dateModified\":\"2025-11-13T17:13:43+00:00\",\"breadcrumb\":{\"@id\":\"https:\/\/elglobal.do\/index.php\/2025\/11\/13\/el-espejismo-de-la-rectitud-narcopolitica-y-el-desafio-institucional-en-republica-dominicana\/#breadcrumb\"},\"inLanguage\":\"es\",\"potentialAction\":[{\"@type\":\"ReadAction\",\"target\":[\"https:\/\/elglobal.do\/index.php\/2025\/11\/13\/el-espejismo-de-la-rectitud-narcopolitica-y-el-desafio-institucional-en-republica-dominicana\/\"]}]},{\"@type\":\"ImageObject\",\"inLanguage\":\"es\",\"@id\":\"https:\/\/elglobal.do\/index.php\/2025\/11\/13\/el-espejismo-de-la-rectitud-narcopolitica-y-el-desafio-institucional-en-republica-dominicana\/#primaryimage\",\"url\":\"https:\/\/elglobal.do\/wp-content\/uploads\/2025\/08\/Julio-Ledesma-1.jpg\",\"contentUrl\":\"https:\/\/elglobal.do\/wp-content\/uploads\/2025\/08\/Julio-Ledesma-1.jpg\",\"width\":929,\"height\":972},{\"@type\":\"BreadcrumbList\",\"@id\":\"https:\/\/elglobal.do\/index.php\/2025\/11\/13\/el-espejismo-de-la-rectitud-narcopolitica-y-el-desafio-institucional-en-republica-dominicana\/#breadcrumb\",\"itemListElement\":[{\"@type\":\"ListItem\",\"position\":1,\"name\":\"Portada\",\"item\":\"https:\/\/elglobal.do\/\"},{\"@type\":\"ListItem\",\"position\":2,\"name\":\"El Espejismo de la Rectitud Narcopol\u00edtica y el Desaf\u00edo Institucional en Rep\u00fablica Dominicana\"}]},{\"@type\":\"WebSite\",\"@id\":\"https:\/\/elglobal.do\/#website\",\"url\":\"https:\/\/elglobal.do\/\",\"name\":\"EL GLOBAL INFORMATIVO\",\"description\":\"Peri\u00f3dico digital de la Rep\u00fablica Dominicana que ofrece noticias, novedades, pol\u00edtica y las \u00faltimas actualidades, con informaci\u00f3n veraz y oportuna para mantenerte siempre informad\",\"publisher\":{\"@id\":\"https:\/\/elglobal.do\/#organization\"},\"potentialAction\":[{\"@type\":\"SearchAction\",\"target\":{\"@type\":\"EntryPoint\",\"urlTemplate\":\"https:\/\/elglobal.do\/?s={search_term_string}\"},\"query-input\":{\"@type\":\"PropertyValueSpecification\",\"valueRequired\":true,\"valueName\":\"search_term_string\"}}],\"inLanguage\":\"es\"},{\"@type\":\"Organization\",\"@id\":\"https:\/\/elglobal.do\/#organization\",\"name\":\"EL GLOBAL.DO INFORMATIVO\",\"url\":\"https:\/\/elglobal.do\/\",\"logo\":{\"@type\":\"ImageObject\",\"inLanguage\":\"es\",\"@id\":\"https:\/\/elglobal.do\/#\/schema\/logo\/image\/\",\"url\":\"https:\/\/elglobal.do\/wp-content\/uploads\/2025\/08\/icon.png\",\"contentUrl\":\"https:\/\/elglobal.do\/wp-content\/uploads\/2025\/08\/icon.png\",\"width\":512,\"height\":512,\"caption\":\"EL GLOBAL.DO INFORMATIVO\"},\"image\":{\"@id\":\"https:\/\/elglobal.do\/#\/schema\/logo\/image\/\"}},{\"@type\":\"Person\",\"@id\":\"https:\/\/elglobal.do\/#\/schema\/person\/0c97ec2c7714fb605d230c292f64d55f\",\"name\":\"EL GLOBAL\",\"image\":{\"@type\":\"ImageObject\",\"inLanguage\":\"es\",\"@id\":\"https:\/\/elglobal.do\/#\/schema\/person\/image\/\",\"url\":\"https:\/\/secure.gravatar.com\/avatar\/081cfb6cf99faddc6f4e23a0c11ab98c5cf302925382d1c88dc3ed757ab910a3?s=96&d=mm&r=g\",\"contentUrl\":\"https:\/\/secure.gravatar.com\/avatar\/081cfb6cf99faddc6f4e23a0c11ab98c5cf302925382d1c88dc3ed757ab910a3?s=96&d=mm&r=g\",\"caption\":\"EL GLOBAL\"},\"description\":\"El Global Informativo es un peri\u00f3dico digital de Rep\u00fablica Dominicana que se dedica a cubrir temas importantes, como la pol\u00edtica local, geopol\u00edtica, econom\u00eda, tecnolog\u00eda, noticias internacionales y eventos relacionados con la gesti\u00f3n social, cultural y humana. Su objetivo principal es mantener a la poblaci\u00f3n informada, ofreciendo una visi\u00f3n amplia y actualizada de lo que sucede tanto en el pa\u00eds como en el mundo. Est\u00e1 dirigido por un grupo de periodistas experimentados, lo que garantiza la calidad y la precisi\u00f3n de la informaci\u00f3n que ofrecen. Tiene su sede en la ciudad de Santo Domingo y es parte integral del portafolio de la empresa, MC Global S.R.L.\",\"sameAs\":[\"https:\/\/elglobal.do\",\"https:\/\/www.instagram.com\/elglobal.do_informativo\/\"],\"url\":\"https:\/\/elglobal.do\/index.php\/author\/elglobaluserpro\/\"}]}<\/script>\n<!-- \/ Yoast SEO plugin. -->","yoast_head_json":{"title":"El Espejismo de la Rectitud Narcopol\u00edtica y el Desaf\u00edo Institucional en Rep\u00fablica Dominicana - EL GLOBAL INFORMATIVO","robots":{"index":"index","follow":"follow","max-snippet":"max-snippet:-1","max-image-preview":"max-image-preview:large","max-video-preview":"max-video-preview:-1"},"canonical":"https:\/\/elglobal.do\/index.php\/2025\/11\/13\/el-espejismo-de-la-rectitud-narcopolitica-y-el-desafio-institucional-en-republica-dominicana\/","og_locale":"es_ES","og_type":"article","og_title":"El Espejismo de la Rectitud Narcopol\u00edtica y el Desaf\u00edo Institucional en Rep\u00fablica Dominicana - EL GLOBAL INFORMATIVO","og_description":"\u200bLa Rep\u00fablica Dominicana se encuentra en una encrucijada peligrosa. El auge implacable del narcotr\u00e1fico ha trascendido las esferas del crimen organizado, penetrando profundamente en el tejido social y, lo que&hellip;","og_url":"https:\/\/elglobal.do\/index.php\/2025\/11\/13\/el-espejismo-de-la-rectitud-narcopolitica-y-el-desafio-institucional-en-republica-dominicana\/","og_site_name":"EL GLOBAL INFORMATIVO","article_published_time":"2025-11-13T17:13:40+00:00","article_modified_time":"2025-11-13T17:13:43+00:00","og_image":[{"width":929,"height":972,"url":"https:\/\/elglobal.do\/wp-content\/uploads\/2025\/08\/Julio-Ledesma-1.jpg","type":"image\/jpeg"}],"author":"EL GLOBAL","twitter_card":"summary_large_image","twitter_misc":{"Escrito por":"EL GLOBAL","Tiempo de lectura":"4 minutos"},"schema":{"@context":"https:\/\/schema.org","@graph":[{"@type":"Article","@id":"https:\/\/elglobal.do\/index.php\/2025\/11\/13\/el-espejismo-de-la-rectitud-narcopolitica-y-el-desafio-institucional-en-republica-dominicana\/#article","isPartOf":{"@id":"https:\/\/elglobal.do\/index.php\/2025\/11\/13\/el-espejismo-de-la-rectitud-narcopolitica-y-el-desafio-institucional-en-republica-dominicana\/"},"author":{"name":"EL GLOBAL","@id":"https:\/\/elglobal.do\/#\/schema\/person\/0c97ec2c7714fb605d230c292f64d55f"},"headline":"El Espejismo de la Rectitud Narcopol\u00edtica y el Desaf\u00edo Institucional en Rep\u00fablica Dominicana","datePublished":"2025-11-13T17:13:40+00:00","dateModified":"2025-11-13T17:13:43+00:00","mainEntityOfPage":{"@id":"https:\/\/elglobal.do\/index.php\/2025\/11\/13\/el-espejismo-de-la-rectitud-narcopolitica-y-el-desafio-institucional-en-republica-dominicana\/"},"wordCount":739,"commentCount":1,"publisher":{"@id":"https:\/\/elglobal.do\/#organization"},"image":{"@id":"https:\/\/elglobal.do\/index.php\/2025\/11\/13\/el-espejismo-de-la-rectitud-narcopolitica-y-el-desafio-institucional-en-republica-dominicana\/#primaryimage"},"thumbnailUrl":"https:\/\/elglobal.do\/wp-content\/uploads\/2025\/08\/Julio-Ledesma-1.jpg","keywords":["#Desaf\u00edoInstitucional","#ElGlobalInformativo","#Espejismo","#Narcopol\u00edtica","#Rectitud","#Rep\u00fablicaDominicana"],"articleSection":["OPINI\u00d3N"],"inLanguage":"es","potentialAction":[{"@type":"CommentAction","name":"Comment","target":["https:\/\/elglobal.do\/index.php\/2025\/11\/13\/el-espejismo-de-la-rectitud-narcopolitica-y-el-desafio-institucional-en-republica-dominicana\/#respond"]}]},{"@type":"WebPage","@id":"https:\/\/elglobal.do\/index.php\/2025\/11\/13\/el-espejismo-de-la-rectitud-narcopolitica-y-el-desafio-institucional-en-republica-dominicana\/","url":"https:\/\/elglobal.do\/index.php\/2025\/11\/13\/el-espejismo-de-la-rectitud-narcopolitica-y-el-desafio-institucional-en-republica-dominicana\/","name":"El Espejismo de la Rectitud Narcopol\u00edtica y el Desaf\u00edo Institucional en Rep\u00fablica Dominicana - EL GLOBAL INFORMATIVO","isPartOf":{"@id":"https:\/\/elglobal.do\/#website"},"primaryImageOfPage":{"@id":"https:\/\/elglobal.do\/index.php\/2025\/11\/13\/el-espejismo-de-la-rectitud-narcopolitica-y-el-desafio-institucional-en-republica-dominicana\/#primaryimage"},"image":{"@id":"https:\/\/elglobal.do\/index.php\/2025\/11\/13\/el-espejismo-de-la-rectitud-narcopolitica-y-el-desafio-institucional-en-republica-dominicana\/#primaryimage"},"thumbnailUrl":"https:\/\/elglobal.do\/wp-content\/uploads\/2025\/08\/Julio-Ledesma-1.jpg","datePublished":"2025-11-13T17:13:40+00:00","dateModified":"2025-11-13T17:13:43+00:00","breadcrumb":{"@id":"https:\/\/elglobal.do\/index.php\/2025\/11\/13\/el-espejismo-de-la-rectitud-narcopolitica-y-el-desafio-institucional-en-republica-dominicana\/#breadcrumb"},"inLanguage":"es","potentialAction":[{"@type":"ReadAction","target":["https:\/\/elglobal.do\/index.php\/2025\/11\/13\/el-espejismo-de-la-rectitud-narcopolitica-y-el-desafio-institucional-en-republica-dominicana\/"]}]},{"@type":"ImageObject","inLanguage":"es","@id":"https:\/\/elglobal.do\/index.php\/2025\/11\/13\/el-espejismo-de-la-rectitud-narcopolitica-y-el-desafio-institucional-en-republica-dominicana\/#primaryimage","url":"https:\/\/elglobal.do\/wp-content\/uploads\/2025\/08\/Julio-Ledesma-1.jpg","contentUrl":"https:\/\/elglobal.do\/wp-content\/uploads\/2025\/08\/Julio-Ledesma-1.jpg","width":929,"height":972},{"@type":"BreadcrumbList","@id":"https:\/\/elglobal.do\/index.php\/2025\/11\/13\/el-espejismo-de-la-rectitud-narcopolitica-y-el-desafio-institucional-en-republica-dominicana\/#breadcrumb","itemListElement":[{"@type":"ListItem","position":1,"name":"Portada","item":"https:\/\/elglobal.do\/"},{"@type":"ListItem","position":2,"name":"El Espejismo de la Rectitud Narcopol\u00edtica y el Desaf\u00edo Institucional en Rep\u00fablica Dominicana"}]},{"@type":"WebSite","@id":"https:\/\/elglobal.do\/#website","url":"https:\/\/elglobal.do\/","name":"EL GLOBAL INFORMATIVO","description":"Peri\u00f3dico digital de la Rep\u00fablica Dominicana que ofrece noticias, novedades, pol\u00edtica y las \u00faltimas actualidades, con informaci\u00f3n veraz y oportuna para mantenerte siempre informad","publisher":{"@id":"https:\/\/elglobal.do\/#organization"},"potentialAction":[{"@type":"SearchAction","target":{"@type":"EntryPoint","urlTemplate":"https:\/\/elglobal.do\/?s={search_term_string}"},"query-input":{"@type":"PropertyValueSpecification","valueRequired":true,"valueName":"search_term_string"}}],"inLanguage":"es"},{"@type":"Organization","@id":"https:\/\/elglobal.do\/#organization","name":"EL GLOBAL.DO INFORMATIVO","url":"https:\/\/elglobal.do\/","logo":{"@type":"ImageObject","inLanguage":"es","@id":"https:\/\/elglobal.do\/#\/schema\/logo\/image\/","url":"https:\/\/elglobal.do\/wp-content\/uploads\/2025\/08\/icon.png","contentUrl":"https:\/\/elglobal.do\/wp-content\/uploads\/2025\/08\/icon.png","width":512,"height":512,"caption":"EL GLOBAL.DO INFORMATIVO"},"image":{"@id":"https:\/\/elglobal.do\/#\/schema\/logo\/image\/"}},{"@type":"Person","@id":"https:\/\/elglobal.do\/#\/schema\/person\/0c97ec2c7714fb605d230c292f64d55f","name":"EL GLOBAL","image":{"@type":"ImageObject","inLanguage":"es","@id":"https:\/\/elglobal.do\/#\/schema\/person\/image\/","url":"https:\/\/secure.gravatar.com\/avatar\/081cfb6cf99faddc6f4e23a0c11ab98c5cf302925382d1c88dc3ed757ab910a3?s=96&d=mm&r=g","contentUrl":"https:\/\/secure.gravatar.com\/avatar\/081cfb6cf99faddc6f4e23a0c11ab98c5cf302925382d1c88dc3ed757ab910a3?s=96&d=mm&r=g","caption":"EL GLOBAL"},"description":"El Global Informativo es un peri\u00f3dico digital de Rep\u00fablica Dominicana que se dedica a cubrir temas importantes, como la pol\u00edtica local, geopol\u00edtica, econom\u00eda, tecnolog\u00eda, noticias internacionales y eventos relacionados con la gesti\u00f3n social, cultural y humana. Su objetivo principal es mantener a la poblaci\u00f3n informada, ofreciendo una visi\u00f3n amplia y actualizada de lo que sucede tanto en el pa\u00eds como en el mundo. Est\u00e1 dirigido por un grupo de periodistas experimentados, lo que garantiza la calidad y la precisi\u00f3n de la informaci\u00f3n que ofrecen. Tiene su sede en la ciudad de Santo Domingo y es parte integral del portafolio de la empresa, MC Global S.R.L.","sameAs":["https:\/\/elglobal.do","https:\/\/www.instagram.com\/elglobal.do_informativo\/"],"url":"https:\/\/elglobal.do\/index.php\/author\/elglobaluserpro\/"}]}},"jetpack_featured_media_url":"https:\/\/elglobal.do\/wp-content\/uploads\/2025\/08\/Julio-Ledesma-1.jpg","jetpack_sharing_enabled":true,"_links":{"self":[{"href":"https:\/\/elglobal.do\/index.php\/wp-json\/wp\/v2\/posts\/3887","targetHints":{"allow":["GET"]}}],"collection":[{"href":"https:\/\/elglobal.do\/index.php\/wp-json\/wp\/v2\/posts"}],"about":[{"href":"https:\/\/elglobal.do\/index.php\/wp-json\/wp\/v2\/types\/post"}],"author":[{"embeddable":true,"href":"https:\/\/elglobal.do\/index.php\/wp-json\/wp\/v2\/users\/1"}],"replies":[{"embeddable":true,"href":"https:\/\/elglobal.do\/index.php\/wp-json\/wp\/v2\/comments?post=3887"}],"version-history":[{"count":1,"href":"https:\/\/elglobal.do\/index.php\/wp-json\/wp\/v2\/posts\/3887\/revisions"}],"predecessor-version":[{"id":3900,"href":"https:\/\/elglobal.do\/index.php\/wp-json\/wp\/v2\/posts\/3887\/revisions\/3900"}],"wp:featuredmedia":[{"embeddable":true,"href":"https:\/\/elglobal.do\/index.php\/wp-json\/wp\/v2\/media\/1411"}],"wp:attachment":[{"href":"https:\/\/elglobal.do\/index.php\/wp-json\/wp\/v2\/media?parent=3887"}],"wp:term":[{"taxonomy":"category","embeddable":true,"href":"https:\/\/elglobal.do\/index.php\/wp-json\/wp\/v2\/categories?post=3887"},{"taxonomy":"post_tag","embeddable":true,"href":"https:\/\/elglobal.do\/index.php\/wp-json\/wp\/v2\/tags?post=3887"}],"curies":[{"name":"wp","href":"https:\/\/api.w.org\/{rel}","templated":true}]}}