{"id":3909,"date":"2025-11-14T10:01:53","date_gmt":"2025-11-14T14:01:53","guid":{"rendered":"https:\/\/elglobal.do\/?p=3909"},"modified":"2025-11-14T10:16:42","modified_gmt":"2025-11-14T14:16:42","slug":"presidente-abinader-juramenta-nuevos-policias-formados","status":"publish","type":"post","link":"https:\/\/elglobal.do\/index.php\/2025\/11\/14\/presidente-abinader-juramenta-nuevos-policias-formados\/","title":{"rendered":"Presidente Abinader juramenta nuevos polic\u00edas formados"},"content":{"rendered":"\n<figure class=\"wp-block-image size-large\"><img loading=\"lazy\" decoding=\"async\" width=\"1024\" height=\"683\" src=\"https:\/\/elglobal.do\/wp-content\/uploads\/2025\/11\/Graduacion-1024x683.jpeg\" alt=\"\" class=\"wp-image-3916\" srcset=\"https:\/\/elglobal.do\/wp-content\/uploads\/2025\/11\/Graduacion-1024x683.jpeg 1024w, https:\/\/elglobal.do\/wp-content\/uploads\/2025\/11\/Graduacion-300x200.jpeg 300w, https:\/\/elglobal.do\/wp-content\/uploads\/2025\/11\/Graduacion-768x512.jpeg 768w, https:\/\/elglobal.do\/wp-content\/uploads\/2025\/11\/Graduacion.jpeg 1280w\" sizes=\"auto, (max-width: 1024px) 100vw, 1024px\" \/><\/figure>\n\n\n\n<p><strong>Santo Domingo. \u2013 <\/strong>El presidente Luis Abinader, jurament\u00f3 a 2,421 nuevos agentes de la tercera promoci\u00f3n del modelo educativo de la Reforma de la Polic\u00eda Nacional, alcanzando un total de 6,500 miembros formados bajo este nuevo ejemplo que impulsa el Gobierno, con \u00e9nfasis en los valores, la disciplina y la vocaci\u00f3n de servicio.<\/p>\n\n\n\n<p>Tras tomar el juramento a los nuevos miembros de la Polic\u00eda en el Coliseo Teo Cruz, de&nbsp; las promociones 146 \u201cMar\u00eda Trinidad S\u00e1nchez\u201d de la Escuela de Entrenamiento Policial de Hatillo, San Crist\u00f3bal y 147 \u201cHermanas Mirabal\u201d del Campus Gaspar Hern\u00e1ndez, Espaillat, el jefe de Estado felicit\u00f3 a los padres y madres de los graduandos por el apoyo, sacrificio y dedicaci\u00f3n brindados durante el proceso de formaci\u00f3n, al tiempo que los exhort\u00f3 a sentirse orgullosos de ver a sus hijos servir a la patria con honor, disciplina y compromiso ciudadano.<\/p>\n\n\n\n<p>El jefe de Estado entreg\u00f3 los diplomas a los j\u00f3venes Rossibel Danerys De la Rosa Flori\u00e1n y Josu\u00e9 De los Santos Campusano, quienes recibieron el reconocimiento en representaci\u00f3n de todos los graduandos, simbolizando el orgullo, la dedicaci\u00f3n y el compromiso de esta nueva generaci\u00f3n de servidores p\u00fablicos.<\/p>\n\n\n\n<p>Durante la ceremonia de graduaci\u00f3n del \u00abCurso B\u00e1sico de Formaci\u00f3n Policial\u201d, la ministra de Interior y Polic\u00eda, Faride Raful, destac\u00f3 la visi\u00f3n de Estado del presidente Luis Abinader y reafirm\u00f3 el compromiso del Gobierno con la equidad, la transparencia y la modernizaci\u00f3n de la Polic\u00eda Nacional, al tiempo que celebr\u00f3 la graduaci\u00f3n de 2,421 nuevos agentes, entre ellos 1,408 hombres y 1,013 mujeres, una promoci\u00f3n que representa un paso firme hacia la meta de incorporar 20,000 nuevos miembros a la instituci\u00f3n para el a\u00f1o 2028.<\/p>\n\n\n\n<p>La funcionaria inform\u00f3 que, de este grupo, 1,800 se integrar\u00e1n al programa piloto del nuevo modelo de patrullaje que se implementa en distintas zonas del pa\u00eds, donde ser\u00e1n monitoreados y evaluados de forma continua, tanto en su desempe\u00f1o como en las condiciones necesarias para ejercer su labor con honor y eficiencia. Adem\u00e1s, 621 de los graduados pasar\u00e1n a formar parte de la Direcci\u00f3n Central de Prevenci\u00f3n de la Polic\u00eda Nacional, fortaleciendo as\u00ed las acciones de seguridad ciudadana. \u201cUstedes representan hoy la satisfacci\u00f3n del deber cumplido en una primera etapa y el desaf\u00edo de seguir trabajando para mejorar. Su presencia en la Polic\u00eda Nacional aumenta las esperanzas de hombres y mujeres que aspiran a una polic\u00eda que, como su mismo logo lo dice, es para proteger y servir\u201d.<\/p>\n\n\n\n<p>La presidenta de la Comisi\u00f3n de Reforma Educativa, Mu-Kien Adriana Sang Ben, explic\u00f3 que su participaci\u00f3n en el proceso de reforma policial responde a la visi\u00f3n del presidente Abinader de fortalecer la educaci\u00f3n continuada dentro de la instituci\u00f3n, un pilar esencial para lograr una transformaci\u00f3n estructural sostenible.<\/p>\n\n\n\n<p>Sang Ben resalt\u00f3 que se han desarrollado m\u00faltiples programas formativos enfocados en derechos humanos y actualizaci\u00f3n profesional, con el apoyo de las polic\u00edas de Chile y Colombia. Destac\u00f3 que el mandato presidencial se ha cumplido con responsabilidad, avanzando hacia la meta de contar con 20,000 nuevos agentes para 2028 y explic\u00f3 que para abril del pr\u00f3ximo a\u00f1o se espera alcanzar la cifra de 9,000 agentes graduados, lo que representa casi el 50% de la meta establecida. Indic\u00f3 que, hasta la fecha, ya se han formado alrededor de 6,500 polic\u00edas, y con la pr\u00f3xima graduaci\u00f3n de abril se prev\u00e9 superar significativamente ese n\u00famero, fortaleciendo as\u00ed el proceso de transformaci\u00f3n y profesionalizaci\u00f3n de la instituci\u00f3n.<\/p>\n","protected":false},"excerpt":{"rendered":"<p>Santo Domingo. \u2013 El presidente Luis Abinader, jurament\u00f3 a 2,421 nuevos agentes de la tercera promoci\u00f3n del modelo educativo de la Reforma de la Polic\u00eda Nacional, alcanzando un total de&hellip; <\/p>\n","protected":false},"author":1,"featured_media":3915,"comment_status":"open","ping_status":"open","sticky":false,"template":"","format":"standard","meta":{"_jetpack_memberships_contains_paid_content":false,"footnotes":""},"categories":[40,14],"tags":[2051,98,2050,1060,2049,371],"class_list":["post-3909","post","type-post","status-publish","format-standard","has-post-thumbnail","hentry","category-nacionales","category-slider","tag-disciplina","tag-elglobalinformativo","tag-formacion","tag-graduacion","tag-nuevosagentes-policias","tag-servicio"],"yoast_head":"<!-- This site is optimized with the Yoast SEO plugin v26.9 - https:\/\/yoast.com\/product\/yoast-seo-wordpress\/ -->\n<title>Presidente Abinader juramenta nuevos polic\u00edas formados - EL GLOBAL INFORMATIVO<\/title>\n<meta name=\"robots\" content=\"index, follow, max-snippet:-1, max-image-preview:large, max-video-preview:-1\" \/>\n<link rel=\"canonical\" href=\"https:\/\/elglobal.do\/index.php\/2025\/11\/14\/presidente-abinader-juramenta-nuevos-policias-formados\/\" \/>\n<meta property=\"og:locale\" content=\"es_ES\" \/>\n<meta property=\"og:type\" content=\"article\" \/>\n<meta property=\"og:title\" content=\"Presidente Abinader juramenta nuevos polic\u00edas formados - EL GLOBAL INFORMATIVO\" \/>\n<meta property=\"og:description\" content=\"Santo Domingo. \u2013 El presidente Luis Abinader, jurament\u00f3 a 2,421 nuevos agentes de la tercera promoci\u00f3n del modelo educativo de la Reforma de la Polic\u00eda Nacional, alcanzando un total de&hellip;\" \/>\n<meta property=\"og:url\" content=\"https:\/\/elglobal.do\/index.php\/2025\/11\/14\/presidente-abinader-juramenta-nuevos-policias-formados\/\" \/>\n<meta property=\"og:site_name\" content=\"EL GLOBAL INFORMATIVO\" \/>\n<meta property=\"article:published_time\" content=\"2025-11-14T14:01:53+00:00\" \/>\n<meta property=\"article:modified_time\" content=\"2025-11-14T14:16:42+00:00\" \/>\n<meta property=\"og:image\" content=\"https:\/\/elglobal.do\/wp-content\/uploads\/2025\/11\/Policia.jpeg\" \/>\n\t<meta property=\"og:image:width\" content=\"1280\" \/>\n\t<meta property=\"og:image:height\" content=\"1144\" \/>\n\t<meta property=\"og:image:type\" content=\"image\/jpeg\" \/>\n<meta name=\"author\" content=\"EL GLOBAL\" \/>\n<meta name=\"twitter:card\" content=\"summary_large_image\" \/>\n<meta name=\"twitter:label1\" content=\"Escrito por\" \/>\n\t<meta name=\"twitter:data1\" content=\"EL GLOBAL\" \/>\n\t<meta name=\"twitter:label2\" content=\"Tiempo de lectura\" \/>\n\t<meta name=\"twitter:data2\" content=\"3 minutos\" \/>\n<script type=\"application\/ld+json\" class=\"yoast-schema-graph\">{\"@context\":\"https:\/\/schema.org\",\"@graph\":[{\"@type\":\"Article\",\"@id\":\"https:\/\/elglobal.do\/index.php\/2025\/11\/14\/presidente-abinader-juramenta-nuevos-policias-formados\/#article\",\"isPartOf\":{\"@id\":\"https:\/\/elglobal.do\/index.php\/2025\/11\/14\/presidente-abinader-juramenta-nuevos-policias-formados\/\"},\"author\":{\"name\":\"EL GLOBAL\",\"@id\":\"https:\/\/elglobal.do\/#\/schema\/person\/0c97ec2c7714fb605d230c292f64d55f\"},\"headline\":\"Presidente Abinader juramenta nuevos polic\u00edas formados\",\"datePublished\":\"2025-11-14T14:01:53+00:00\",\"dateModified\":\"2025-11-14T14:16:42+00:00\",\"mainEntityOfPage\":{\"@id\":\"https:\/\/elglobal.do\/index.php\/2025\/11\/14\/presidente-abinader-juramenta-nuevos-policias-formados\/\"},\"wordCount\":611,\"commentCount\":0,\"publisher\":{\"@id\":\"https:\/\/elglobal.do\/#organization\"},\"image\":{\"@id\":\"https:\/\/elglobal.do\/index.php\/2025\/11\/14\/presidente-abinader-juramenta-nuevos-policias-formados\/#primaryimage\"},\"thumbnailUrl\":\"https:\/\/elglobal.do\/wp-content\/uploads\/2025\/11\/Policia.jpeg\",\"keywords\":[\"#disciplina\",\"#ElGlobalInformativo\",\"#formaci\u00f3n\",\"#graduaci\u00f3n\",\"#NuevosAgentes #Polic\u00edas\",\"#servicio\"],\"articleSection\":[\"NACIONALES\",\"NOTICIAS RELEVANTES\"],\"inLanguage\":\"es\",\"potentialAction\":[{\"@type\":\"CommentAction\",\"name\":\"Comment\",\"target\":[\"https:\/\/elglobal.do\/index.php\/2025\/11\/14\/presidente-abinader-juramenta-nuevos-policias-formados\/#respond\"]}]},{\"@type\":\"WebPage\",\"@id\":\"https:\/\/elglobal.do\/index.php\/2025\/11\/14\/presidente-abinader-juramenta-nuevos-policias-formados\/\",\"url\":\"https:\/\/elglobal.do\/index.php\/2025\/11\/14\/presidente-abinader-juramenta-nuevos-policias-formados\/\",\"name\":\"Presidente Abinader juramenta nuevos polic\u00edas formados - EL GLOBAL INFORMATIVO\",\"isPartOf\":{\"@id\":\"https:\/\/elglobal.do\/#website\"},\"primaryImageOfPage\":{\"@id\":\"https:\/\/elglobal.do\/index.php\/2025\/11\/14\/presidente-abinader-juramenta-nuevos-policias-formados\/#primaryimage\"},\"image\":{\"@id\":\"https:\/\/elglobal.do\/index.php\/2025\/11\/14\/presidente-abinader-juramenta-nuevos-policias-formados\/#primaryimage\"},\"thumbnailUrl\":\"https:\/\/elglobal.do\/wp-content\/uploads\/2025\/11\/Policia.jpeg\",\"datePublished\":\"2025-11-14T14:01:53+00:00\",\"dateModified\":\"2025-11-14T14:16:42+00:00\",\"breadcrumb\":{\"@id\":\"https:\/\/elglobal.do\/index.php\/2025\/11\/14\/presidente-abinader-juramenta-nuevos-policias-formados\/#breadcrumb\"},\"inLanguage\":\"es\",\"potentialAction\":[{\"@type\":\"ReadAction\",\"target\":[\"https:\/\/elglobal.do\/index.php\/2025\/11\/14\/presidente-abinader-juramenta-nuevos-policias-formados\/\"]}]},{\"@type\":\"ImageObject\",\"inLanguage\":\"es\",\"@id\":\"https:\/\/elglobal.do\/index.php\/2025\/11\/14\/presidente-abinader-juramenta-nuevos-policias-formados\/#primaryimage\",\"url\":\"https:\/\/elglobal.do\/wp-content\/uploads\/2025\/11\/Policia.jpeg\",\"contentUrl\":\"https:\/\/elglobal.do\/wp-content\/uploads\/2025\/11\/Policia.jpeg\",\"width\":1280,\"height\":1144},{\"@type\":\"BreadcrumbList\",\"@id\":\"https:\/\/elglobal.do\/index.php\/2025\/11\/14\/presidente-abinader-juramenta-nuevos-policias-formados\/#breadcrumb\",\"itemListElement\":[{\"@type\":\"ListItem\",\"position\":1,\"name\":\"Portada\",\"item\":\"https:\/\/elglobal.do\/\"},{\"@type\":\"ListItem\",\"position\":2,\"name\":\"Presidente Abinader juramenta nuevos polic\u00edas formados\"}]},{\"@type\":\"WebSite\",\"@id\":\"https:\/\/elglobal.do\/#website\",\"url\":\"https:\/\/elglobal.do\/\",\"name\":\"EL GLOBAL INFORMATIVO\",\"description\":\"Peri\u00f3dico digital de la Rep\u00fablica Dominicana que ofrece noticias, novedades, pol\u00edtica y las \u00faltimas actualidades, con informaci\u00f3n veraz y oportuna para mantenerte siempre informad\",\"publisher\":{\"@id\":\"https:\/\/elglobal.do\/#organization\"},\"potentialAction\":[{\"@type\":\"SearchAction\",\"target\":{\"@type\":\"EntryPoint\",\"urlTemplate\":\"https:\/\/elglobal.do\/?s={search_term_string}\"},\"query-input\":{\"@type\":\"PropertyValueSpecification\",\"valueRequired\":true,\"valueName\":\"search_term_string\"}}],\"inLanguage\":\"es\"},{\"@type\":\"Organization\",\"@id\":\"https:\/\/elglobal.do\/#organization\",\"name\":\"EL GLOBAL.DO INFORMATIVO\",\"url\":\"https:\/\/elglobal.do\/\",\"logo\":{\"@type\":\"ImageObject\",\"inLanguage\":\"es\",\"@id\":\"https:\/\/elglobal.do\/#\/schema\/logo\/image\/\",\"url\":\"https:\/\/elglobal.do\/wp-content\/uploads\/2025\/08\/icon.png\",\"contentUrl\":\"https:\/\/elglobal.do\/wp-content\/uploads\/2025\/08\/icon.png\",\"width\":512,\"height\":512,\"caption\":\"EL GLOBAL.DO INFORMATIVO\"},\"image\":{\"@id\":\"https:\/\/elglobal.do\/#\/schema\/logo\/image\/\"}},{\"@type\":\"Person\",\"@id\":\"https:\/\/elglobal.do\/#\/schema\/person\/0c97ec2c7714fb605d230c292f64d55f\",\"name\":\"EL GLOBAL\",\"image\":{\"@type\":\"ImageObject\",\"inLanguage\":\"es\",\"@id\":\"https:\/\/elglobal.do\/#\/schema\/person\/image\/\",\"url\":\"https:\/\/secure.gravatar.com\/avatar\/081cfb6cf99faddc6f4e23a0c11ab98c5cf302925382d1c88dc3ed757ab910a3?s=96&d=mm&r=g\",\"contentUrl\":\"https:\/\/secure.gravatar.com\/avatar\/081cfb6cf99faddc6f4e23a0c11ab98c5cf302925382d1c88dc3ed757ab910a3?s=96&d=mm&r=g\",\"caption\":\"EL GLOBAL\"},\"description\":\"El Global Informativo es un peri\u00f3dico digital de Rep\u00fablica Dominicana que se dedica a cubrir temas importantes, como la pol\u00edtica local, geopol\u00edtica, econom\u00eda, tecnolog\u00eda, noticias internacionales y eventos relacionados con la gesti\u00f3n social, cultural y humana. Su objetivo principal es mantener a la poblaci\u00f3n informada, ofreciendo una visi\u00f3n amplia y actualizada de lo que sucede tanto en el pa\u00eds como en el mundo. Est\u00e1 dirigido por un grupo de periodistas experimentados, lo que garantiza la calidad y la precisi\u00f3n de la informaci\u00f3n que ofrecen. Tiene su sede en la ciudad de Santo Domingo y es parte integral del portafolio de la empresa, MC Global S.R.L.\",\"sameAs\":[\"https:\/\/elglobal.do\",\"https:\/\/www.instagram.com\/elglobal.do_informativo\/\"],\"url\":\"https:\/\/elglobal.do\/index.php\/author\/elglobaluserpro\/\"}]}<\/script>\n<!-- \/ Yoast SEO plugin. -->","yoast_head_json":{"title":"Presidente Abinader juramenta nuevos polic\u00edas formados - EL GLOBAL INFORMATIVO","robots":{"index":"index","follow":"follow","max-snippet":"max-snippet:-1","max-image-preview":"max-image-preview:large","max-video-preview":"max-video-preview:-1"},"canonical":"https:\/\/elglobal.do\/index.php\/2025\/11\/14\/presidente-abinader-juramenta-nuevos-policias-formados\/","og_locale":"es_ES","og_type":"article","og_title":"Presidente Abinader juramenta nuevos polic\u00edas formados - EL GLOBAL INFORMATIVO","og_description":"Santo Domingo. \u2013 El presidente Luis Abinader, jurament\u00f3 a 2,421 nuevos agentes de la tercera promoci\u00f3n del modelo educativo de la Reforma de la Polic\u00eda Nacional, alcanzando un total de&hellip;","og_url":"https:\/\/elglobal.do\/index.php\/2025\/11\/14\/presidente-abinader-juramenta-nuevos-policias-formados\/","og_site_name":"EL GLOBAL INFORMATIVO","article_published_time":"2025-11-14T14:01:53+00:00","article_modified_time":"2025-11-14T14:16:42+00:00","og_image":[{"width":1280,"height":1144,"url":"https:\/\/elglobal.do\/wp-content\/uploads\/2025\/11\/Policia.jpeg","type":"image\/jpeg"}],"author":"EL GLOBAL","twitter_card":"summary_large_image","twitter_misc":{"Escrito por":"EL GLOBAL","Tiempo de lectura":"3 minutos"},"schema":{"@context":"https:\/\/schema.org","@graph":[{"@type":"Article","@id":"https:\/\/elglobal.do\/index.php\/2025\/11\/14\/presidente-abinader-juramenta-nuevos-policias-formados\/#article","isPartOf":{"@id":"https:\/\/elglobal.do\/index.php\/2025\/11\/14\/presidente-abinader-juramenta-nuevos-policias-formados\/"},"author":{"name":"EL GLOBAL","@id":"https:\/\/elglobal.do\/#\/schema\/person\/0c97ec2c7714fb605d230c292f64d55f"},"headline":"Presidente Abinader juramenta nuevos polic\u00edas formados","datePublished":"2025-11-14T14:01:53+00:00","dateModified":"2025-11-14T14:16:42+00:00","mainEntityOfPage":{"@id":"https:\/\/elglobal.do\/index.php\/2025\/11\/14\/presidente-abinader-juramenta-nuevos-policias-formados\/"},"wordCount":611,"commentCount":0,"publisher":{"@id":"https:\/\/elglobal.do\/#organization"},"image":{"@id":"https:\/\/elglobal.do\/index.php\/2025\/11\/14\/presidente-abinader-juramenta-nuevos-policias-formados\/#primaryimage"},"thumbnailUrl":"https:\/\/elglobal.do\/wp-content\/uploads\/2025\/11\/Policia.jpeg","keywords":["#disciplina","#ElGlobalInformativo","#formaci\u00f3n","#graduaci\u00f3n","#NuevosAgentes #Polic\u00edas","#servicio"],"articleSection":["NACIONALES","NOTICIAS RELEVANTES"],"inLanguage":"es","potentialAction":[{"@type":"CommentAction","name":"Comment","target":["https:\/\/elglobal.do\/index.php\/2025\/11\/14\/presidente-abinader-juramenta-nuevos-policias-formados\/#respond"]}]},{"@type":"WebPage","@id":"https:\/\/elglobal.do\/index.php\/2025\/11\/14\/presidente-abinader-juramenta-nuevos-policias-formados\/","url":"https:\/\/elglobal.do\/index.php\/2025\/11\/14\/presidente-abinader-juramenta-nuevos-policias-formados\/","name":"Presidente Abinader juramenta nuevos polic\u00edas formados - EL GLOBAL INFORMATIVO","isPartOf":{"@id":"https:\/\/elglobal.do\/#website"},"primaryImageOfPage":{"@id":"https:\/\/elglobal.do\/index.php\/2025\/11\/14\/presidente-abinader-juramenta-nuevos-policias-formados\/#primaryimage"},"image":{"@id":"https:\/\/elglobal.do\/index.php\/2025\/11\/14\/presidente-abinader-juramenta-nuevos-policias-formados\/#primaryimage"},"thumbnailUrl":"https:\/\/elglobal.do\/wp-content\/uploads\/2025\/11\/Policia.jpeg","datePublished":"2025-11-14T14:01:53+00:00","dateModified":"2025-11-14T14:16:42+00:00","breadcrumb":{"@id":"https:\/\/elglobal.do\/index.php\/2025\/11\/14\/presidente-abinader-juramenta-nuevos-policias-formados\/#breadcrumb"},"inLanguage":"es","potentialAction":[{"@type":"ReadAction","target":["https:\/\/elglobal.do\/index.php\/2025\/11\/14\/presidente-abinader-juramenta-nuevos-policias-formados\/"]}]},{"@type":"ImageObject","inLanguage":"es","@id":"https:\/\/elglobal.do\/index.php\/2025\/11\/14\/presidente-abinader-juramenta-nuevos-policias-formados\/#primaryimage","url":"https:\/\/elglobal.do\/wp-content\/uploads\/2025\/11\/Policia.jpeg","contentUrl":"https:\/\/elglobal.do\/wp-content\/uploads\/2025\/11\/Policia.jpeg","width":1280,"height":1144},{"@type":"BreadcrumbList","@id":"https:\/\/elglobal.do\/index.php\/2025\/11\/14\/presidente-abinader-juramenta-nuevos-policias-formados\/#breadcrumb","itemListElement":[{"@type":"ListItem","position":1,"name":"Portada","item":"https:\/\/elglobal.do\/"},{"@type":"ListItem","position":2,"name":"Presidente Abinader juramenta nuevos polic\u00edas formados"}]},{"@type":"WebSite","@id":"https:\/\/elglobal.do\/#website","url":"https:\/\/elglobal.do\/","name":"EL GLOBAL INFORMATIVO","description":"Peri\u00f3dico digital de la Rep\u00fablica Dominicana que ofrece noticias, novedades, pol\u00edtica y las \u00faltimas actualidades, con informaci\u00f3n veraz y oportuna para mantenerte siempre informad","publisher":{"@id":"https:\/\/elglobal.do\/#organization"},"potentialAction":[{"@type":"SearchAction","target":{"@type":"EntryPoint","urlTemplate":"https:\/\/elglobal.do\/?s={search_term_string}"},"query-input":{"@type":"PropertyValueSpecification","valueRequired":true,"valueName":"search_term_string"}}],"inLanguage":"es"},{"@type":"Organization","@id":"https:\/\/elglobal.do\/#organization","name":"EL GLOBAL.DO INFORMATIVO","url":"https:\/\/elglobal.do\/","logo":{"@type":"ImageObject","inLanguage":"es","@id":"https:\/\/elglobal.do\/#\/schema\/logo\/image\/","url":"https:\/\/elglobal.do\/wp-content\/uploads\/2025\/08\/icon.png","contentUrl":"https:\/\/elglobal.do\/wp-content\/uploads\/2025\/08\/icon.png","width":512,"height":512,"caption":"EL GLOBAL.DO INFORMATIVO"},"image":{"@id":"https:\/\/elglobal.do\/#\/schema\/logo\/image\/"}},{"@type":"Person","@id":"https:\/\/elglobal.do\/#\/schema\/person\/0c97ec2c7714fb605d230c292f64d55f","name":"EL GLOBAL","image":{"@type":"ImageObject","inLanguage":"es","@id":"https:\/\/elglobal.do\/#\/schema\/person\/image\/","url":"https:\/\/secure.gravatar.com\/avatar\/081cfb6cf99faddc6f4e23a0c11ab98c5cf302925382d1c88dc3ed757ab910a3?s=96&d=mm&r=g","contentUrl":"https:\/\/secure.gravatar.com\/avatar\/081cfb6cf99faddc6f4e23a0c11ab98c5cf302925382d1c88dc3ed757ab910a3?s=96&d=mm&r=g","caption":"EL GLOBAL"},"description":"El Global Informativo es un peri\u00f3dico digital de Rep\u00fablica Dominicana que se dedica a cubrir temas importantes, como la pol\u00edtica local, geopol\u00edtica, econom\u00eda, tecnolog\u00eda, noticias internacionales y eventos relacionados con la gesti\u00f3n social, cultural y humana. Su objetivo principal es mantener a la poblaci\u00f3n informada, ofreciendo una visi\u00f3n amplia y actualizada de lo que sucede tanto en el pa\u00eds como en el mundo. Est\u00e1 dirigido por un grupo de periodistas experimentados, lo que garantiza la calidad y la precisi\u00f3n de la informaci\u00f3n que ofrecen. Tiene su sede en la ciudad de Santo Domingo y es parte integral del portafolio de la empresa, MC Global S.R.L.","sameAs":["https:\/\/elglobal.do","https:\/\/www.instagram.com\/elglobal.do_informativo\/"],"url":"https:\/\/elglobal.do\/index.php\/author\/elglobaluserpro\/"}]}},"jetpack_featured_media_url":"https:\/\/elglobal.do\/wp-content\/uploads\/2025\/11\/Policia.jpeg","jetpack_sharing_enabled":true,"_links":{"self":[{"href":"https:\/\/elglobal.do\/index.php\/wp-json\/wp\/v2\/posts\/3909","targetHints":{"allow":["GET"]}}],"collection":[{"href":"https:\/\/elglobal.do\/index.php\/wp-json\/wp\/v2\/posts"}],"about":[{"href":"https:\/\/elglobal.do\/index.php\/wp-json\/wp\/v2\/types\/post"}],"author":[{"embeddable":true,"href":"https:\/\/elglobal.do\/index.php\/wp-json\/wp\/v2\/users\/1"}],"replies":[{"embeddable":true,"href":"https:\/\/elglobal.do\/index.php\/wp-json\/wp\/v2\/comments?post=3909"}],"version-history":[{"count":1,"href":"https:\/\/elglobal.do\/index.php\/wp-json\/wp\/v2\/posts\/3909\/revisions"}],"predecessor-version":[{"id":3917,"href":"https:\/\/elglobal.do\/index.php\/wp-json\/wp\/v2\/posts\/3909\/revisions\/3917"}],"wp:featuredmedia":[{"embeddable":true,"href":"https:\/\/elglobal.do\/index.php\/wp-json\/wp\/v2\/media\/3915"}],"wp:attachment":[{"href":"https:\/\/elglobal.do\/index.php\/wp-json\/wp\/v2\/media?parent=3909"}],"wp:term":[{"taxonomy":"category","embeddable":true,"href":"https:\/\/elglobal.do\/index.php\/wp-json\/wp\/v2\/categories?post=3909"},{"taxonomy":"post_tag","embeddable":true,"href":"https:\/\/elglobal.do\/index.php\/wp-json\/wp\/v2\/tags?post=3909"}],"curies":[{"name":"wp","href":"https:\/\/api.w.org\/{rel}","templated":true}]}}