{"id":3948,"date":"2025-11-15T11:52:48","date_gmt":"2025-11-15T15:52:48","guid":{"rendered":"https:\/\/elglobal.do\/?p=3948"},"modified":"2025-11-15T11:57:32","modified_gmt":"2025-11-15T15:57:32","slug":"ya-me-decidi-pero-no-puedo-decirles-que-sera-dice-trump-sobre-venezuela","status":"publish","type":"post","link":"https:\/\/elglobal.do\/index.php\/2025\/11\/15\/ya-me-decidi-pero-no-puedo-decirles-que-sera-dice-trump-sobre-venezuela\/","title":{"rendered":"\u00abYa me decid\u00ed, pero no puedo decirles qu\u00e9 ser\u00e1\u00bb dice Trump sobre Venezuela"},"content":{"rendered":"\n<figure class=\"wp-block-image size-full\"><img loading=\"lazy\" decoding=\"async\" width=\"800\" height=\"533\" src=\"https:\/\/elglobal.do\/wp-content\/uploads\/2025\/11\/Trump.jpeg\" alt=\"\" class=\"wp-image-3950\" srcset=\"https:\/\/elglobal.do\/wp-content\/uploads\/2025\/11\/Trump.jpeg 800w, https:\/\/elglobal.do\/wp-content\/uploads\/2025\/11\/Trump-300x200.jpeg 300w, https:\/\/elglobal.do\/wp-content\/uploads\/2025\/11\/Trump-768x512.jpeg 768w\" sizes=\"auto, (max-width: 800px) 100vw, 800px\" \/><figcaption class=\"wp-element-caption\"><em>El presidente de Estados Unidos, Donald Trump<\/em><\/figcaption><\/figure>\n\n\n\n<p><\/p>\n\n\n\n<p><strong>Washington, Estados Unidos. &#8211;<\/strong> El presidente de Estados Unidos, Donald Trump, dijo ayer \u00abya me decid\u00ed\u00bb, al ser cuestionado por periodistas sobre sus reuniones sobre Venezuela y sus siguientes acciones militares.<\/p>\n\n\n\n<p>Trump asegur\u00f3 tener una decisi\u00f3n, pero agreg\u00f3 que no puede decir \u00abqu\u00e9 ser\u00e1\u00bb, cuando una periodista le cuestion\u00f3 sobre las varias reuniones que ha sostenido con el Pent\u00e1gono sobre las acciones militares desplegadas en el Caribe cerca de Venezuela.<\/p>\n\n\n\n<p>Las breves palabras del presidente, capturadas en audio por una periodista, tuvieron lugar en su caminata rumbo al avi\u00f3n presidencial en el cual sali\u00f3 esta tarde de Washington D.C. rumbo a Florida para pasar el fin de semana.<\/p>\n\n\n\n<p>Una hora antes de su salida de la Casa Blanca, el <em>Washington Post<\/em> revel\u00f3 en exclusiva que el mandatario hab\u00eda estado reunido este viernes con el secretario de Guerra, Pete Hegseth, y otras autoridades del Pent\u00e1gono para discutir \u00abuna serie de opciones\u00bb puestas sobre la mesa para avanzar con la estrategia militar contra Venezuela.<\/p>\n\n\n\n<p>El diario capitalino cit\u00f3 a un funcionario bajo anonimato que afirm\u00f3 que las fuerzas desplegadas en el Caribe estaban esperando \u00f3rdenes para atacar y responder a nuevos operativos.<\/p>\n\n\n\n<p>El mismo funcionario dijo que Trump es \u00abmuy bueno para mantener la ambig\u00fcedad estrat\u00e9gica, y algo que hace muy bien es no dictar ni transmitir a nuestros adversarios lo que quiere hacer a continuaci\u00f3n\u00bb.<\/p>\n\n\n\n<p>Adem\u00e1s, el Comando Sur public\u00f3 un nuevo video de otra embarcaci\u00f3n en el Caribe siendo eliminada con cuatro supuestos narcotraficantes a bordo, quienes fueron \u00abasesinados\u00bb, seg\u00fan la publicaci\u00f3n en X.<\/p>\n\n\n\n<p>Desde el jueves, la Administraci\u00f3n Trump ha enmarcado su despliegue militar cerca de Venezuela bajo el nombre de &#8216;Lanza del Sur&#8217;, una misi\u00f3n que ha generado incertidumbre por no conocer detalles de sus alcances y que de acuerdo con Hegseth tiene como objetivo eliminar las drogas que son traficadas rumbo a territorio norteamericano.<\/p>\n\n\n\n<p>Fuente: Agencia EFE<\/p>\n\n\n\n<p><\/p>\n","protected":false},"excerpt":{"rendered":"<p>Washington, Estados Unidos. &#8211; El presidente de Estados Unidos, Donald Trump, dijo ayer \u00abya me decid\u00ed\u00bb, al ser cuestionado por periodistas sobre sus reuniones sobre Venezuela y sus siguientes acciones&hellip; <\/p>\n","protected":false},"author":1,"featured_media":3950,"comment_status":"open","ping_status":"open","sticky":false,"template":"","format":"standard","meta":{"_jetpack_memberships_contains_paid_content":false,"footnotes":""},"categories":[1,14],"tags":[2077,1272,98,236,171,1099],"class_list":["post-3948","post","type-post","status-publish","format-standard","has-post-thumbnail","hentry","category-categoria-internacionales","category-slider","tag-decision","tag-donaldtrump-2","tag-elglobalinformativo","tag-estadosunidos","tag-internacionales","tag-venezuela"],"yoast_head":"<!-- This site is optimized with the Yoast SEO plugin v26.9 - https:\/\/yoast.com\/product\/yoast-seo-wordpress\/ -->\n<title>&quot;Ya me decid\u00ed, pero no puedo decirles qu\u00e9 ser\u00e1&quot; dice Trump sobre Venezuela - EL GLOBAL INFORMATIVO<\/title>\n<meta name=\"robots\" content=\"index, follow, max-snippet:-1, max-image-preview:large, max-video-preview:-1\" \/>\n<link rel=\"canonical\" href=\"https:\/\/elglobal.do\/index.php\/2025\/11\/15\/ya-me-decidi-pero-no-puedo-decirles-que-sera-dice-trump-sobre-venezuela\/\" \/>\n<meta property=\"og:locale\" content=\"es_ES\" \/>\n<meta property=\"og:type\" content=\"article\" \/>\n<meta property=\"og:title\" content=\"&quot;Ya me decid\u00ed, pero no puedo decirles qu\u00e9 ser\u00e1&quot; dice Trump sobre Venezuela - EL GLOBAL INFORMATIVO\" \/>\n<meta property=\"og:description\" content=\"Washington, Estados Unidos. &#8211; El presidente de Estados Unidos, Donald Trump, dijo ayer \u00abya me decid\u00ed\u00bb, al ser cuestionado por periodistas sobre sus reuniones sobre Venezuela y sus siguientes acciones&hellip;\" \/>\n<meta property=\"og:url\" content=\"https:\/\/elglobal.do\/index.php\/2025\/11\/15\/ya-me-decidi-pero-no-puedo-decirles-que-sera-dice-trump-sobre-venezuela\/\" \/>\n<meta property=\"og:site_name\" content=\"EL GLOBAL INFORMATIVO\" \/>\n<meta property=\"article:published_time\" content=\"2025-11-15T15:52:48+00:00\" \/>\n<meta property=\"article:modified_time\" content=\"2025-11-15T15:57:32+00:00\" \/>\n<meta property=\"og:image\" content=\"https:\/\/elglobal.do\/wp-content\/uploads\/2025\/11\/Trump.jpeg\" \/>\n\t<meta property=\"og:image:width\" content=\"800\" \/>\n\t<meta property=\"og:image:height\" content=\"533\" \/>\n\t<meta property=\"og:image:type\" content=\"image\/jpeg\" \/>\n<meta name=\"author\" content=\"EL GLOBAL\" \/>\n<meta name=\"twitter:card\" content=\"summary_large_image\" \/>\n<meta name=\"twitter:label1\" content=\"Escrito por\" \/>\n\t<meta name=\"twitter:data1\" content=\"EL GLOBAL\" \/>\n\t<meta name=\"twitter:label2\" content=\"Tiempo de lectura\" \/>\n\t<meta name=\"twitter:data2\" content=\"2 minutos\" \/>\n<script type=\"application\/ld+json\" class=\"yoast-schema-graph\">{\"@context\":\"https:\/\/schema.org\",\"@graph\":[{\"@type\":\"Article\",\"@id\":\"https:\/\/elglobal.do\/index.php\/2025\/11\/15\/ya-me-decidi-pero-no-puedo-decirles-que-sera-dice-trump-sobre-venezuela\/#article\",\"isPartOf\":{\"@id\":\"https:\/\/elglobal.do\/index.php\/2025\/11\/15\/ya-me-decidi-pero-no-puedo-decirles-que-sera-dice-trump-sobre-venezuela\/\"},\"author\":{\"name\":\"EL GLOBAL\",\"@id\":\"https:\/\/elglobal.do\/#\/schema\/person\/0c97ec2c7714fb605d230c292f64d55f\"},\"headline\":\"\u00abYa me decid\u00ed, pero no puedo decirles qu\u00e9 ser\u00e1\u00bb dice Trump sobre Venezuela\",\"datePublished\":\"2025-11-15T15:52:48+00:00\",\"dateModified\":\"2025-11-15T15:57:32+00:00\",\"mainEntityOfPage\":{\"@id\":\"https:\/\/elglobal.do\/index.php\/2025\/11\/15\/ya-me-decidi-pero-no-puedo-decirles-que-sera-dice-trump-sobre-venezuela\/\"},\"wordCount\":345,\"commentCount\":0,\"publisher\":{\"@id\":\"https:\/\/elglobal.do\/#organization\"},\"image\":{\"@id\":\"https:\/\/elglobal.do\/index.php\/2025\/11\/15\/ya-me-decidi-pero-no-puedo-decirles-que-sera-dice-trump-sobre-venezuela\/#primaryimage\"},\"thumbnailUrl\":\"https:\/\/elglobal.do\/wp-content\/uploads\/2025\/11\/Trump.jpeg\",\"keywords\":[\"#decisi\u00f3n\",\"#DonaldTrump\",\"#ElGlobalInformativo\",\"#EstadosUnidos\",\"#Internacionales\",\"#Venezuela\"],\"articleSection\":[\"INTERNACIONALES\",\"NOTICIAS RELEVANTES\"],\"inLanguage\":\"es\",\"potentialAction\":[{\"@type\":\"CommentAction\",\"name\":\"Comment\",\"target\":[\"https:\/\/elglobal.do\/index.php\/2025\/11\/15\/ya-me-decidi-pero-no-puedo-decirles-que-sera-dice-trump-sobre-venezuela\/#respond\"]}]},{\"@type\":\"WebPage\",\"@id\":\"https:\/\/elglobal.do\/index.php\/2025\/11\/15\/ya-me-decidi-pero-no-puedo-decirles-que-sera-dice-trump-sobre-venezuela\/\",\"url\":\"https:\/\/elglobal.do\/index.php\/2025\/11\/15\/ya-me-decidi-pero-no-puedo-decirles-que-sera-dice-trump-sobre-venezuela\/\",\"name\":\"\\\"Ya me decid\u00ed, pero no puedo decirles qu\u00e9 ser\u00e1\\\" dice Trump sobre Venezuela - EL GLOBAL INFORMATIVO\",\"isPartOf\":{\"@id\":\"https:\/\/elglobal.do\/#website\"},\"primaryImageOfPage\":{\"@id\":\"https:\/\/elglobal.do\/index.php\/2025\/11\/15\/ya-me-decidi-pero-no-puedo-decirles-que-sera-dice-trump-sobre-venezuela\/#primaryimage\"},\"image\":{\"@id\":\"https:\/\/elglobal.do\/index.php\/2025\/11\/15\/ya-me-decidi-pero-no-puedo-decirles-que-sera-dice-trump-sobre-venezuela\/#primaryimage\"},\"thumbnailUrl\":\"https:\/\/elglobal.do\/wp-content\/uploads\/2025\/11\/Trump.jpeg\",\"datePublished\":\"2025-11-15T15:52:48+00:00\",\"dateModified\":\"2025-11-15T15:57:32+00:00\",\"breadcrumb\":{\"@id\":\"https:\/\/elglobal.do\/index.php\/2025\/11\/15\/ya-me-decidi-pero-no-puedo-decirles-que-sera-dice-trump-sobre-venezuela\/#breadcrumb\"},\"inLanguage\":\"es\",\"potentialAction\":[{\"@type\":\"ReadAction\",\"target\":[\"https:\/\/elglobal.do\/index.php\/2025\/11\/15\/ya-me-decidi-pero-no-puedo-decirles-que-sera-dice-trump-sobre-venezuela\/\"]}]},{\"@type\":\"ImageObject\",\"inLanguage\":\"es\",\"@id\":\"https:\/\/elglobal.do\/index.php\/2025\/11\/15\/ya-me-decidi-pero-no-puedo-decirles-que-sera-dice-trump-sobre-venezuela\/#primaryimage\",\"url\":\"https:\/\/elglobal.do\/wp-content\/uploads\/2025\/11\/Trump.jpeg\",\"contentUrl\":\"https:\/\/elglobal.do\/wp-content\/uploads\/2025\/11\/Trump.jpeg\",\"width\":800,\"height\":533},{\"@type\":\"BreadcrumbList\",\"@id\":\"https:\/\/elglobal.do\/index.php\/2025\/11\/15\/ya-me-decidi-pero-no-puedo-decirles-que-sera-dice-trump-sobre-venezuela\/#breadcrumb\",\"itemListElement\":[{\"@type\":\"ListItem\",\"position\":1,\"name\":\"Portada\",\"item\":\"https:\/\/elglobal.do\/\"},{\"@type\":\"ListItem\",\"position\":2,\"name\":\"\u00abYa me decid\u00ed, pero no puedo decirles qu\u00e9 ser\u00e1\u00bb dice Trump sobre Venezuela\"}]},{\"@type\":\"WebSite\",\"@id\":\"https:\/\/elglobal.do\/#website\",\"url\":\"https:\/\/elglobal.do\/\",\"name\":\"EL GLOBAL INFORMATIVO\",\"description\":\"Peri\u00f3dico digital de la Rep\u00fablica Dominicana que ofrece noticias, novedades, pol\u00edtica y las \u00faltimas actualidades, con informaci\u00f3n veraz y oportuna para mantenerte siempre informad\",\"publisher\":{\"@id\":\"https:\/\/elglobal.do\/#organization\"},\"potentialAction\":[{\"@type\":\"SearchAction\",\"target\":{\"@type\":\"EntryPoint\",\"urlTemplate\":\"https:\/\/elglobal.do\/?s={search_term_string}\"},\"query-input\":{\"@type\":\"PropertyValueSpecification\",\"valueRequired\":true,\"valueName\":\"search_term_string\"}}],\"inLanguage\":\"es\"},{\"@type\":\"Organization\",\"@id\":\"https:\/\/elglobal.do\/#organization\",\"name\":\"EL GLOBAL.DO INFORMATIVO\",\"url\":\"https:\/\/elglobal.do\/\",\"logo\":{\"@type\":\"ImageObject\",\"inLanguage\":\"es\",\"@id\":\"https:\/\/elglobal.do\/#\/schema\/logo\/image\/\",\"url\":\"https:\/\/elglobal.do\/wp-content\/uploads\/2025\/08\/icon.png\",\"contentUrl\":\"https:\/\/elglobal.do\/wp-content\/uploads\/2025\/08\/icon.png\",\"width\":512,\"height\":512,\"caption\":\"EL GLOBAL.DO INFORMATIVO\"},\"image\":{\"@id\":\"https:\/\/elglobal.do\/#\/schema\/logo\/image\/\"}},{\"@type\":\"Person\",\"@id\":\"https:\/\/elglobal.do\/#\/schema\/person\/0c97ec2c7714fb605d230c292f64d55f\",\"name\":\"EL GLOBAL\",\"image\":{\"@type\":\"ImageObject\",\"inLanguage\":\"es\",\"@id\":\"https:\/\/elglobal.do\/#\/schema\/person\/image\/\",\"url\":\"https:\/\/secure.gravatar.com\/avatar\/081cfb6cf99faddc6f4e23a0c11ab98c5cf302925382d1c88dc3ed757ab910a3?s=96&d=mm&r=g\",\"contentUrl\":\"https:\/\/secure.gravatar.com\/avatar\/081cfb6cf99faddc6f4e23a0c11ab98c5cf302925382d1c88dc3ed757ab910a3?s=96&d=mm&r=g\",\"caption\":\"EL GLOBAL\"},\"description\":\"El Global Informativo es un peri\u00f3dico digital de Rep\u00fablica Dominicana que se dedica a cubrir temas importantes, como la pol\u00edtica local, geopol\u00edtica, econom\u00eda, tecnolog\u00eda, noticias internacionales y eventos relacionados con la gesti\u00f3n social, cultural y humana. Su objetivo principal es mantener a la poblaci\u00f3n informada, ofreciendo una visi\u00f3n amplia y actualizada de lo que sucede tanto en el pa\u00eds como en el mundo. Est\u00e1 dirigido por un grupo de periodistas experimentados, lo que garantiza la calidad y la precisi\u00f3n de la informaci\u00f3n que ofrecen. Tiene su sede en la ciudad de Santo Domingo y es parte integral del portafolio de la empresa, MC Global S.R.L.\",\"sameAs\":[\"https:\/\/elglobal.do\",\"https:\/\/www.instagram.com\/elglobal.do_informativo\/\"],\"url\":\"https:\/\/elglobal.do\/index.php\/author\/elglobaluserpro\/\"}]}<\/script>\n<!-- \/ Yoast SEO plugin. -->","yoast_head_json":{"title":"\"Ya me decid\u00ed, pero no puedo decirles qu\u00e9 ser\u00e1\" dice Trump sobre Venezuela - EL GLOBAL INFORMATIVO","robots":{"index":"index","follow":"follow","max-snippet":"max-snippet:-1","max-image-preview":"max-image-preview:large","max-video-preview":"max-video-preview:-1"},"canonical":"https:\/\/elglobal.do\/index.php\/2025\/11\/15\/ya-me-decidi-pero-no-puedo-decirles-que-sera-dice-trump-sobre-venezuela\/","og_locale":"es_ES","og_type":"article","og_title":"\"Ya me decid\u00ed, pero no puedo decirles qu\u00e9 ser\u00e1\" dice Trump sobre Venezuela - EL GLOBAL INFORMATIVO","og_description":"Washington, Estados Unidos. &#8211; El presidente de Estados Unidos, Donald Trump, dijo ayer \u00abya me decid\u00ed\u00bb, al ser cuestionado por periodistas sobre sus reuniones sobre Venezuela y sus siguientes acciones&hellip;","og_url":"https:\/\/elglobal.do\/index.php\/2025\/11\/15\/ya-me-decidi-pero-no-puedo-decirles-que-sera-dice-trump-sobre-venezuela\/","og_site_name":"EL GLOBAL INFORMATIVO","article_published_time":"2025-11-15T15:52:48+00:00","article_modified_time":"2025-11-15T15:57:32+00:00","og_image":[{"width":800,"height":533,"url":"https:\/\/elglobal.do\/wp-content\/uploads\/2025\/11\/Trump.jpeg","type":"image\/jpeg"}],"author":"EL GLOBAL","twitter_card":"summary_large_image","twitter_misc":{"Escrito por":"EL GLOBAL","Tiempo de lectura":"2 minutos"},"schema":{"@context":"https:\/\/schema.org","@graph":[{"@type":"Article","@id":"https:\/\/elglobal.do\/index.php\/2025\/11\/15\/ya-me-decidi-pero-no-puedo-decirles-que-sera-dice-trump-sobre-venezuela\/#article","isPartOf":{"@id":"https:\/\/elglobal.do\/index.php\/2025\/11\/15\/ya-me-decidi-pero-no-puedo-decirles-que-sera-dice-trump-sobre-venezuela\/"},"author":{"name":"EL GLOBAL","@id":"https:\/\/elglobal.do\/#\/schema\/person\/0c97ec2c7714fb605d230c292f64d55f"},"headline":"\u00abYa me decid\u00ed, pero no puedo decirles qu\u00e9 ser\u00e1\u00bb dice Trump sobre Venezuela","datePublished":"2025-11-15T15:52:48+00:00","dateModified":"2025-11-15T15:57:32+00:00","mainEntityOfPage":{"@id":"https:\/\/elglobal.do\/index.php\/2025\/11\/15\/ya-me-decidi-pero-no-puedo-decirles-que-sera-dice-trump-sobre-venezuela\/"},"wordCount":345,"commentCount":0,"publisher":{"@id":"https:\/\/elglobal.do\/#organization"},"image":{"@id":"https:\/\/elglobal.do\/index.php\/2025\/11\/15\/ya-me-decidi-pero-no-puedo-decirles-que-sera-dice-trump-sobre-venezuela\/#primaryimage"},"thumbnailUrl":"https:\/\/elglobal.do\/wp-content\/uploads\/2025\/11\/Trump.jpeg","keywords":["#decisi\u00f3n","#DonaldTrump","#ElGlobalInformativo","#EstadosUnidos","#Internacionales","#Venezuela"],"articleSection":["INTERNACIONALES","NOTICIAS RELEVANTES"],"inLanguage":"es","potentialAction":[{"@type":"CommentAction","name":"Comment","target":["https:\/\/elglobal.do\/index.php\/2025\/11\/15\/ya-me-decidi-pero-no-puedo-decirles-que-sera-dice-trump-sobre-venezuela\/#respond"]}]},{"@type":"WebPage","@id":"https:\/\/elglobal.do\/index.php\/2025\/11\/15\/ya-me-decidi-pero-no-puedo-decirles-que-sera-dice-trump-sobre-venezuela\/","url":"https:\/\/elglobal.do\/index.php\/2025\/11\/15\/ya-me-decidi-pero-no-puedo-decirles-que-sera-dice-trump-sobre-venezuela\/","name":"\"Ya me decid\u00ed, pero no puedo decirles qu\u00e9 ser\u00e1\" dice Trump sobre Venezuela - EL GLOBAL INFORMATIVO","isPartOf":{"@id":"https:\/\/elglobal.do\/#website"},"primaryImageOfPage":{"@id":"https:\/\/elglobal.do\/index.php\/2025\/11\/15\/ya-me-decidi-pero-no-puedo-decirles-que-sera-dice-trump-sobre-venezuela\/#primaryimage"},"image":{"@id":"https:\/\/elglobal.do\/index.php\/2025\/11\/15\/ya-me-decidi-pero-no-puedo-decirles-que-sera-dice-trump-sobre-venezuela\/#primaryimage"},"thumbnailUrl":"https:\/\/elglobal.do\/wp-content\/uploads\/2025\/11\/Trump.jpeg","datePublished":"2025-11-15T15:52:48+00:00","dateModified":"2025-11-15T15:57:32+00:00","breadcrumb":{"@id":"https:\/\/elglobal.do\/index.php\/2025\/11\/15\/ya-me-decidi-pero-no-puedo-decirles-que-sera-dice-trump-sobre-venezuela\/#breadcrumb"},"inLanguage":"es","potentialAction":[{"@type":"ReadAction","target":["https:\/\/elglobal.do\/index.php\/2025\/11\/15\/ya-me-decidi-pero-no-puedo-decirles-que-sera-dice-trump-sobre-venezuela\/"]}]},{"@type":"ImageObject","inLanguage":"es","@id":"https:\/\/elglobal.do\/index.php\/2025\/11\/15\/ya-me-decidi-pero-no-puedo-decirles-que-sera-dice-trump-sobre-venezuela\/#primaryimage","url":"https:\/\/elglobal.do\/wp-content\/uploads\/2025\/11\/Trump.jpeg","contentUrl":"https:\/\/elglobal.do\/wp-content\/uploads\/2025\/11\/Trump.jpeg","width":800,"height":533},{"@type":"BreadcrumbList","@id":"https:\/\/elglobal.do\/index.php\/2025\/11\/15\/ya-me-decidi-pero-no-puedo-decirles-que-sera-dice-trump-sobre-venezuela\/#breadcrumb","itemListElement":[{"@type":"ListItem","position":1,"name":"Portada","item":"https:\/\/elglobal.do\/"},{"@type":"ListItem","position":2,"name":"\u00abYa me decid\u00ed, pero no puedo decirles qu\u00e9 ser\u00e1\u00bb dice Trump sobre Venezuela"}]},{"@type":"WebSite","@id":"https:\/\/elglobal.do\/#website","url":"https:\/\/elglobal.do\/","name":"EL GLOBAL INFORMATIVO","description":"Peri\u00f3dico digital de la Rep\u00fablica Dominicana que ofrece noticias, novedades, pol\u00edtica y las \u00faltimas actualidades, con informaci\u00f3n veraz y oportuna para mantenerte siempre informad","publisher":{"@id":"https:\/\/elglobal.do\/#organization"},"potentialAction":[{"@type":"SearchAction","target":{"@type":"EntryPoint","urlTemplate":"https:\/\/elglobal.do\/?s={search_term_string}"},"query-input":{"@type":"PropertyValueSpecification","valueRequired":true,"valueName":"search_term_string"}}],"inLanguage":"es"},{"@type":"Organization","@id":"https:\/\/elglobal.do\/#organization","name":"EL GLOBAL.DO INFORMATIVO","url":"https:\/\/elglobal.do\/","logo":{"@type":"ImageObject","inLanguage":"es","@id":"https:\/\/elglobal.do\/#\/schema\/logo\/image\/","url":"https:\/\/elglobal.do\/wp-content\/uploads\/2025\/08\/icon.png","contentUrl":"https:\/\/elglobal.do\/wp-content\/uploads\/2025\/08\/icon.png","width":512,"height":512,"caption":"EL GLOBAL.DO INFORMATIVO"},"image":{"@id":"https:\/\/elglobal.do\/#\/schema\/logo\/image\/"}},{"@type":"Person","@id":"https:\/\/elglobal.do\/#\/schema\/person\/0c97ec2c7714fb605d230c292f64d55f","name":"EL GLOBAL","image":{"@type":"ImageObject","inLanguage":"es","@id":"https:\/\/elglobal.do\/#\/schema\/person\/image\/","url":"https:\/\/secure.gravatar.com\/avatar\/081cfb6cf99faddc6f4e23a0c11ab98c5cf302925382d1c88dc3ed757ab910a3?s=96&d=mm&r=g","contentUrl":"https:\/\/secure.gravatar.com\/avatar\/081cfb6cf99faddc6f4e23a0c11ab98c5cf302925382d1c88dc3ed757ab910a3?s=96&d=mm&r=g","caption":"EL GLOBAL"},"description":"El Global Informativo es un peri\u00f3dico digital de Rep\u00fablica Dominicana que se dedica a cubrir temas importantes, como la pol\u00edtica local, geopol\u00edtica, econom\u00eda, tecnolog\u00eda, noticias internacionales y eventos relacionados con la gesti\u00f3n social, cultural y humana. Su objetivo principal es mantener a la poblaci\u00f3n informada, ofreciendo una visi\u00f3n amplia y actualizada de lo que sucede tanto en el pa\u00eds como en el mundo. Est\u00e1 dirigido por un grupo de periodistas experimentados, lo que garantiza la calidad y la precisi\u00f3n de la informaci\u00f3n que ofrecen. Tiene su sede en la ciudad de Santo Domingo y es parte integral del portafolio de la empresa, MC Global S.R.L.","sameAs":["https:\/\/elglobal.do","https:\/\/www.instagram.com\/elglobal.do_informativo\/"],"url":"https:\/\/elglobal.do\/index.php\/author\/elglobaluserpro\/"}]}},"jetpack_featured_media_url":"https:\/\/elglobal.do\/wp-content\/uploads\/2025\/11\/Trump.jpeg","jetpack_sharing_enabled":true,"_links":{"self":[{"href":"https:\/\/elglobal.do\/index.php\/wp-json\/wp\/v2\/posts\/3948","targetHints":{"allow":["GET"]}}],"collection":[{"href":"https:\/\/elglobal.do\/index.php\/wp-json\/wp\/v2\/posts"}],"about":[{"href":"https:\/\/elglobal.do\/index.php\/wp-json\/wp\/v2\/types\/post"}],"author":[{"embeddable":true,"href":"https:\/\/elglobal.do\/index.php\/wp-json\/wp\/v2\/users\/1"}],"replies":[{"embeddable":true,"href":"https:\/\/elglobal.do\/index.php\/wp-json\/wp\/v2\/comments?post=3948"}],"version-history":[{"count":2,"href":"https:\/\/elglobal.do\/index.php\/wp-json\/wp\/v2\/posts\/3948\/revisions"}],"predecessor-version":[{"id":3952,"href":"https:\/\/elglobal.do\/index.php\/wp-json\/wp\/v2\/posts\/3948\/revisions\/3952"}],"wp:featuredmedia":[{"embeddable":true,"href":"https:\/\/elglobal.do\/index.php\/wp-json\/wp\/v2\/media\/3950"}],"wp:attachment":[{"href":"https:\/\/elglobal.do\/index.php\/wp-json\/wp\/v2\/media?parent=3948"}],"wp:term":[{"taxonomy":"category","embeddable":true,"href":"https:\/\/elglobal.do\/index.php\/wp-json\/wp\/v2\/categories?post=3948"},{"taxonomy":"post_tag","embeddable":true,"href":"https:\/\/elglobal.do\/index.php\/wp-json\/wp\/v2\/tags?post=3948"}],"curies":[{"name":"wp","href":"https:\/\/api.w.org\/{rel}","templated":true}]}}