{"id":3960,"date":"2025-11-15T23:41:15","date_gmt":"2025-11-16T03:41:15","guid":{"rendered":"https:\/\/elglobal.do\/?p=3960"},"modified":"2025-11-15T23:41:17","modified_gmt":"2025-11-16T03:41:17","slug":"raquel-pena-moviliza-entidades-gubernamentales-para-servicios-gratuitos-a-la-ciudadania","status":"publish","type":"post","link":"https:\/\/elglobal.do\/index.php\/2025\/11\/15\/raquel-pena-moviliza-entidades-gubernamentales-para-servicios-gratuitos-a-la-ciudadania\/","title":{"rendered":"Raquel Pe\u00f1a moviliza entidades gubernamentales para servicios gratuitos a la ciudadan\u00eda"},"content":{"rendered":"\n<p><em>La iniciativa forma parte de la visi\u00f3n del presidente Luis Abinader orientada a fortalecer la vida familiar y garantizar m\u00e1s apoyo estatal en los territorios.<\/em><\/p>\n\n\n\n<figure class=\"wp-block-image size-large\"><img loading=\"lazy\" decoding=\"async\" width=\"1024\" height=\"683\" src=\"https:\/\/elglobal.do\/wp-content\/uploads\/2025\/11\/Entidades-1024x683.jpeg\" alt=\"\" class=\"wp-image-3962\" srcset=\"https:\/\/elglobal.do\/wp-content\/uploads\/2025\/11\/Entidades-1024x683.jpeg 1024w, https:\/\/elglobal.do\/wp-content\/uploads\/2025\/11\/Entidades-300x200.jpeg 300w, https:\/\/elglobal.do\/wp-content\/uploads\/2025\/11\/Entidades-768x512.jpeg 768w, https:\/\/elglobal.do\/wp-content\/uploads\/2025\/11\/Entidades-1536x1024.jpeg 1536w, https:\/\/elglobal.do\/wp-content\/uploads\/2025\/11\/Entidades-2048x1366.jpeg 2048w\" sizes=\"auto, (max-width: 1024px) 100vw, 1024px\" \/><\/figure>\n\n\n\n<p><strong>Santiago. \u2013<\/strong> La vicepresidenta de la Rep\u00fablica, Raquel Pe\u00f1a, dej\u00f3 iniciada la segunda edici\u00f3n del programa \u201cEstamos en Familia\u201d, una jornada de participaci\u00f3n y atenci\u00f3n integral dirigida a las familias dominicanas mediante el despliegue de m\u00e1s de treinta instituciones p\u00fablicas que acercan servicios esenciales de manera gratuita.<\/p>\n\n\n\n<p>Este a\u00f1o, la iniciativa impulsada por el Gabinete de la Familia llega a Santiago, donde busca ampliar su alcance y beneficiar a miles de personas con acceso directo a programas sociales, jornadas m\u00e9dicas, actividades educativas y espacios recreativos.<\/p>\n\n\n\n<p>Raquel Pe\u00f1a explic\u00f3 que \u201cEstamos en Familia\u201d nace de la visi\u00f3n del presidente Luis Abinader, orientada a colocar a las familias en el centro de las pol\u00edticas p\u00fablicas. Se\u00f1al\u00f3 que el Gobierno trabaja para que cada decisi\u00f3n se traduzca en mayor bienestar en los hogares y en m\u00e1s apoyo comunitario.<\/p>\n\n\n\n<p><\/p>\n\n\n\n<figure class=\"wp-block-image size-large\"><img loading=\"lazy\" decoding=\"async\" width=\"1024\" height=\"683\" src=\"https:\/\/elglobal.do\/wp-content\/uploads\/2025\/11\/Vice-1024x683.jpeg\" alt=\"\" class=\"wp-image-3963\" srcset=\"https:\/\/elglobal.do\/wp-content\/uploads\/2025\/11\/Vice-1024x683.jpeg 1024w, https:\/\/elglobal.do\/wp-content\/uploads\/2025\/11\/Vice-300x200.jpeg 300w, https:\/\/elglobal.do\/wp-content\/uploads\/2025\/11\/Vice-768x512.jpeg 768w, https:\/\/elglobal.do\/wp-content\/uploads\/2025\/11\/Vice-1536x1024.jpeg 1536w, https:\/\/elglobal.do\/wp-content\/uploads\/2025\/11\/Vice-2048x1366.jpeg 2048w\" sizes=\"auto, (max-width: 1024px) 100vw, 1024px\" \/><\/figure>\n\n\n\n<p><\/p>\n\n\n\n<p>La vicepresidenta destac\u00f3 que cada organismo que participa en la jornada, enmarcada en el D\u00eda Nacional de la Familia, contribuye a un esfuerzo estatal basado en acompa\u00f1amiento real y presencia activa del Gobierno en los territorios.<\/p>\n\n\n\n<p>\u201cLa Rep\u00fablica Dominicana que aspiramos construir se fortalece desde los hogares, desde la educaci\u00f3n, desde la convivencia diaria. Por eso estos encuentros reflejan una visi\u00f3n que prioriza la vida familiar y reconoce su importancia para el desarrollo del pa\u00eds\u201d, expres\u00f3 Pe\u00f1a.<\/p>\n\n\n\n<p>El coordinador del Gabinete de la Familia, Milc\u00edades Franjul, reiter\u00f3 su compromiso de continuar impulsando pol\u00edticas que fortalezcan la convivencia familiar y la formaci\u00f3n en valores.<\/p>\n\n\n\n<p>De su lado, la gobernadora Rosa Santos afirm\u00f3 que la jornada refleja el apoyo del Gobierno a las familias de la provincia.<\/p>\n\n\n\n<p>Mientras, el senador Daniel Rivera llam\u00f3 a dedicar m\u00e1s tiempo a los v\u00ednculos familiares.<\/p>\n\n\n\n<p>Posteriormente, el alcalde Ulises Rodr\u00edguez se\u00f1al\u00f3 que desde el Gobierno Central y las autoridades locales se trabaja de manera alineada para garantizar que cada hogar cuente con servicios dignos y cercanos.<\/p>\n\n\n\n<p>Durante la jornada, las familias reciben servicios m\u00e9dicos, programas sociales, actividades art\u00edsticas, espacios de orientaci\u00f3n y apoyo comunitario.<\/p>\n\n\n\n<p>El evento cuenta con el respaldo de los ministerios de Interior y Polic\u00eda, de Educaci\u00f3n, de Salud P\u00fablica y Asistencia Social, de Agricultura, de Cultura, de Deportes y Recreaci\u00f3n, y de Turismo.<\/p>\n\n\n\n<p>Asimismo, la colaboraci\u00f3n de las direcciones de Desarrollo Social Sup\u00e9rate, de Asistencia Social y Alimentaci\u00f3n Comunitaria, de Proyectos Estrat\u00e9gicos y Especiales de la Presidencia, el Gabinete de Coordinaci\u00f3n de Pol\u00edticas Sociales, el Instituto Nacional de Bienestar Estudiantil (INABIE), y el Instituto Dominicano de las Telecomunicaciones (INDOTEL).<\/p>\n\n\n\n<p>De igual modo, el Servicio Nacional de Salud, Seguro Nacional de Salud, la Liga Municipal Dominicana, Pro Consumidor, el Fondo Especial para el Desarrollo Agropecuario, el Instituto Nacional de Educaci\u00f3n F\u00edsica, Instituto de Estabilizaci\u00f3n de Precios (INESPRE), Instituto de Aviaci\u00f3n Civil, el Instituto de Auxilios y Viviendas (INAVI), Consejo Nacional de Discapacidad, Consejo Nacional de la Persona Envejeciente (CONAPE), Direcci\u00f3n de Jubilaciones y Pensiones, la Comisi\u00f3n Presidencial de Apoyo Barrial, y el Hemocentro Nacional.<\/p>\n\n\n\n<p>Tambi\u00e9n, la Polic\u00eda Nacional, Polic\u00eda Comunitaria, Direcci\u00f3n General de Seguridad de Tr\u00e1nsito y Transporte Terrestre, Defensa Civil, el Banco de Reservas y la Asociaci\u00f3n para el Desarrollo Incorporado (APEDI).<\/p>\n","protected":false},"excerpt":{"rendered":"<p>La iniciativa forma parte de la visi\u00f3n del presidente Luis Abinader orientada a fortalecer la vida familiar y garantizar m\u00e1s apoyo estatal en los territorios. Santiago. \u2013 La vicepresidenta de&hellip; <\/p>\n","protected":false},"author":1,"featured_media":3961,"comment_status":"open","ping_status":"open","sticky":false,"template":"","format":"standard","meta":{"_jetpack_memberships_contains_paid_content":false,"footnotes":""},"categories":[40,14],"tags":[2079,98,2078,642,2067],"class_list":["post-3960","post","type-post","status-publish","format-standard","has-post-thumbnail","hentry","category-nacionales","category-slider","tag-ciudadania","tag-elglobalinformativo","tag-jornada-serviciosgratuitos","tag-raquelpena","tag-vicepresidenta"],"yoast_head":"<!-- This site is optimized with the Yoast SEO plugin v26.9 - https:\/\/yoast.com\/product\/yoast-seo-wordpress\/ -->\n<title>Raquel Pe\u00f1a moviliza entidades gubernamentales para servicios gratuitos a la ciudadan\u00eda - EL GLOBAL INFORMATIVO<\/title>\n<meta name=\"robots\" content=\"index, follow, max-snippet:-1, max-image-preview:large, max-video-preview:-1\" \/>\n<link rel=\"canonical\" href=\"https:\/\/elglobal.do\/index.php\/2025\/11\/15\/raquel-pena-moviliza-entidades-gubernamentales-para-servicios-gratuitos-a-la-ciudadania\/\" \/>\n<meta property=\"og:locale\" content=\"es_ES\" \/>\n<meta property=\"og:type\" content=\"article\" \/>\n<meta property=\"og:title\" content=\"Raquel Pe\u00f1a moviliza entidades gubernamentales para servicios gratuitos a la ciudadan\u00eda - EL GLOBAL INFORMATIVO\" \/>\n<meta property=\"og:description\" content=\"La iniciativa forma parte de la visi\u00f3n del presidente Luis Abinader orientada a fortalecer la vida familiar y garantizar m\u00e1s apoyo estatal en los territorios. Santiago. \u2013 La vicepresidenta de&hellip;\" \/>\n<meta property=\"og:url\" content=\"https:\/\/elglobal.do\/index.php\/2025\/11\/15\/raquel-pena-moviliza-entidades-gubernamentales-para-servicios-gratuitos-a-la-ciudadania\/\" \/>\n<meta property=\"og:site_name\" content=\"EL GLOBAL INFORMATIVO\" \/>\n<meta property=\"article:published_time\" content=\"2025-11-16T03:41:15+00:00\" \/>\n<meta property=\"article:modified_time\" content=\"2025-11-16T03:41:17+00:00\" \/>\n<meta property=\"og:image\" content=\"https:\/\/elglobal.do\/wp-content\/uploads\/2025\/11\/Moviliza-scaled.jpeg\" \/>\n\t<meta property=\"og:image:width\" content=\"2560\" \/>\n\t<meta property=\"og:image:height\" content=\"1707\" \/>\n\t<meta property=\"og:image:type\" content=\"image\/jpeg\" \/>\n<meta name=\"author\" content=\"EL GLOBAL\" \/>\n<meta name=\"twitter:card\" content=\"summary_large_image\" \/>\n<meta name=\"twitter:label1\" content=\"Escrito por\" \/>\n\t<meta name=\"twitter:data1\" content=\"EL GLOBAL\" \/>\n\t<meta name=\"twitter:label2\" content=\"Tiempo de lectura\" \/>\n\t<meta name=\"twitter:data2\" content=\"4 minutos\" \/>\n<script type=\"application\/ld+json\" class=\"yoast-schema-graph\">{\"@context\":\"https:\/\/schema.org\",\"@graph\":[{\"@type\":\"Article\",\"@id\":\"https:\/\/elglobal.do\/index.php\/2025\/11\/15\/raquel-pena-moviliza-entidades-gubernamentales-para-servicios-gratuitos-a-la-ciudadania\/#article\",\"isPartOf\":{\"@id\":\"https:\/\/elglobal.do\/index.php\/2025\/11\/15\/raquel-pena-moviliza-entidades-gubernamentales-para-servicios-gratuitos-a-la-ciudadania\/\"},\"author\":{\"name\":\"EL GLOBAL\",\"@id\":\"https:\/\/elglobal.do\/#\/schema\/person\/0c97ec2c7714fb605d230c292f64d55f\"},\"headline\":\"Raquel Pe\u00f1a moviliza entidades gubernamentales para servicios gratuitos a la ciudadan\u00eda\",\"datePublished\":\"2025-11-16T03:41:15+00:00\",\"dateModified\":\"2025-11-16T03:41:17+00:00\",\"mainEntityOfPage\":{\"@id\":\"https:\/\/elglobal.do\/index.php\/2025\/11\/15\/raquel-pena-moviliza-entidades-gubernamentales-para-servicios-gratuitos-a-la-ciudadania\/\"},\"wordCount\":598,\"commentCount\":0,\"publisher\":{\"@id\":\"https:\/\/elglobal.do\/#organization\"},\"image\":{\"@id\":\"https:\/\/elglobal.do\/index.php\/2025\/11\/15\/raquel-pena-moviliza-entidades-gubernamentales-para-servicios-gratuitos-a-la-ciudadania\/#primaryimage\"},\"thumbnailUrl\":\"https:\/\/elglobal.do\/wp-content\/uploads\/2025\/11\/Moviliza-scaled.jpeg\",\"keywords\":[\"#Ciudadan\u00eda\",\"#ElGlobalInformativo\",\"#jornada #ServiciosGratuitos\",\"#RaquelPe\u00f1a\",\"#vicepresidenta\"],\"articleSection\":[\"NACIONALES\",\"NOTICIAS RELEVANTES\"],\"inLanguage\":\"es\",\"potentialAction\":[{\"@type\":\"CommentAction\",\"name\":\"Comment\",\"target\":[\"https:\/\/elglobal.do\/index.php\/2025\/11\/15\/raquel-pena-moviliza-entidades-gubernamentales-para-servicios-gratuitos-a-la-ciudadania\/#respond\"]}]},{\"@type\":\"WebPage\",\"@id\":\"https:\/\/elglobal.do\/index.php\/2025\/11\/15\/raquel-pena-moviliza-entidades-gubernamentales-para-servicios-gratuitos-a-la-ciudadania\/\",\"url\":\"https:\/\/elglobal.do\/index.php\/2025\/11\/15\/raquel-pena-moviliza-entidades-gubernamentales-para-servicios-gratuitos-a-la-ciudadania\/\",\"name\":\"Raquel Pe\u00f1a moviliza entidades gubernamentales para servicios gratuitos a la ciudadan\u00eda - EL GLOBAL INFORMATIVO\",\"isPartOf\":{\"@id\":\"https:\/\/elglobal.do\/#website\"},\"primaryImageOfPage\":{\"@id\":\"https:\/\/elglobal.do\/index.php\/2025\/11\/15\/raquel-pena-moviliza-entidades-gubernamentales-para-servicios-gratuitos-a-la-ciudadania\/#primaryimage\"},\"image\":{\"@id\":\"https:\/\/elglobal.do\/index.php\/2025\/11\/15\/raquel-pena-moviliza-entidades-gubernamentales-para-servicios-gratuitos-a-la-ciudadania\/#primaryimage\"},\"thumbnailUrl\":\"https:\/\/elglobal.do\/wp-content\/uploads\/2025\/11\/Moviliza-scaled.jpeg\",\"datePublished\":\"2025-11-16T03:41:15+00:00\",\"dateModified\":\"2025-11-16T03:41:17+00:00\",\"breadcrumb\":{\"@id\":\"https:\/\/elglobal.do\/index.php\/2025\/11\/15\/raquel-pena-moviliza-entidades-gubernamentales-para-servicios-gratuitos-a-la-ciudadania\/#breadcrumb\"},\"inLanguage\":\"es\",\"potentialAction\":[{\"@type\":\"ReadAction\",\"target\":[\"https:\/\/elglobal.do\/index.php\/2025\/11\/15\/raquel-pena-moviliza-entidades-gubernamentales-para-servicios-gratuitos-a-la-ciudadania\/\"]}]},{\"@type\":\"ImageObject\",\"inLanguage\":\"es\",\"@id\":\"https:\/\/elglobal.do\/index.php\/2025\/11\/15\/raquel-pena-moviliza-entidades-gubernamentales-para-servicios-gratuitos-a-la-ciudadania\/#primaryimage\",\"url\":\"https:\/\/elglobal.do\/wp-content\/uploads\/2025\/11\/Moviliza-scaled.jpeg\",\"contentUrl\":\"https:\/\/elglobal.do\/wp-content\/uploads\/2025\/11\/Moviliza-scaled.jpeg\",\"width\":2560,\"height\":1707},{\"@type\":\"BreadcrumbList\",\"@id\":\"https:\/\/elglobal.do\/index.php\/2025\/11\/15\/raquel-pena-moviliza-entidades-gubernamentales-para-servicios-gratuitos-a-la-ciudadania\/#breadcrumb\",\"itemListElement\":[{\"@type\":\"ListItem\",\"position\":1,\"name\":\"Portada\",\"item\":\"https:\/\/elglobal.do\/\"},{\"@type\":\"ListItem\",\"position\":2,\"name\":\"Raquel Pe\u00f1a moviliza entidades gubernamentales para servicios gratuitos a la ciudadan\u00eda\"}]},{\"@type\":\"WebSite\",\"@id\":\"https:\/\/elglobal.do\/#website\",\"url\":\"https:\/\/elglobal.do\/\",\"name\":\"EL GLOBAL INFORMATIVO\",\"description\":\"Peri\u00f3dico digital de la Rep\u00fablica Dominicana que ofrece noticias, novedades, pol\u00edtica y las \u00faltimas actualidades, con informaci\u00f3n veraz y oportuna para mantenerte siempre informad\",\"publisher\":{\"@id\":\"https:\/\/elglobal.do\/#organization\"},\"potentialAction\":[{\"@type\":\"SearchAction\",\"target\":{\"@type\":\"EntryPoint\",\"urlTemplate\":\"https:\/\/elglobal.do\/?s={search_term_string}\"},\"query-input\":{\"@type\":\"PropertyValueSpecification\",\"valueRequired\":true,\"valueName\":\"search_term_string\"}}],\"inLanguage\":\"es\"},{\"@type\":\"Organization\",\"@id\":\"https:\/\/elglobal.do\/#organization\",\"name\":\"EL GLOBAL.DO INFORMATIVO\",\"url\":\"https:\/\/elglobal.do\/\",\"logo\":{\"@type\":\"ImageObject\",\"inLanguage\":\"es\",\"@id\":\"https:\/\/elglobal.do\/#\/schema\/logo\/image\/\",\"url\":\"https:\/\/elglobal.do\/wp-content\/uploads\/2025\/08\/icon.png\",\"contentUrl\":\"https:\/\/elglobal.do\/wp-content\/uploads\/2025\/08\/icon.png\",\"width\":512,\"height\":512,\"caption\":\"EL GLOBAL.DO INFORMATIVO\"},\"image\":{\"@id\":\"https:\/\/elglobal.do\/#\/schema\/logo\/image\/\"}},{\"@type\":\"Person\",\"@id\":\"https:\/\/elglobal.do\/#\/schema\/person\/0c97ec2c7714fb605d230c292f64d55f\",\"name\":\"EL GLOBAL\",\"image\":{\"@type\":\"ImageObject\",\"inLanguage\":\"es\",\"@id\":\"https:\/\/elglobal.do\/#\/schema\/person\/image\/\",\"url\":\"https:\/\/secure.gravatar.com\/avatar\/081cfb6cf99faddc6f4e23a0c11ab98c5cf302925382d1c88dc3ed757ab910a3?s=96&d=mm&r=g\",\"contentUrl\":\"https:\/\/secure.gravatar.com\/avatar\/081cfb6cf99faddc6f4e23a0c11ab98c5cf302925382d1c88dc3ed757ab910a3?s=96&d=mm&r=g\",\"caption\":\"EL GLOBAL\"},\"description\":\"El Global Informativo es un peri\u00f3dico digital de Rep\u00fablica Dominicana que se dedica a cubrir temas importantes, como la pol\u00edtica local, geopol\u00edtica, econom\u00eda, tecnolog\u00eda, noticias internacionales y eventos relacionados con la gesti\u00f3n social, cultural y humana. Su objetivo principal es mantener a la poblaci\u00f3n informada, ofreciendo una visi\u00f3n amplia y actualizada de lo que sucede tanto en el pa\u00eds como en el mundo. Est\u00e1 dirigido por un grupo de periodistas experimentados, lo que garantiza la calidad y la precisi\u00f3n de la informaci\u00f3n que ofrecen. Tiene su sede en la ciudad de Santo Domingo y es parte integral del portafolio de la empresa, MC Global S.R.L.\",\"sameAs\":[\"https:\/\/elglobal.do\",\"https:\/\/www.instagram.com\/elglobal.do_informativo\/\"],\"url\":\"https:\/\/elglobal.do\/index.php\/author\/elglobaluserpro\/\"}]}<\/script>\n<!-- \/ Yoast SEO plugin. -->","yoast_head_json":{"title":"Raquel Pe\u00f1a moviliza entidades gubernamentales para servicios gratuitos a la ciudadan\u00eda - EL GLOBAL INFORMATIVO","robots":{"index":"index","follow":"follow","max-snippet":"max-snippet:-1","max-image-preview":"max-image-preview:large","max-video-preview":"max-video-preview:-1"},"canonical":"https:\/\/elglobal.do\/index.php\/2025\/11\/15\/raquel-pena-moviliza-entidades-gubernamentales-para-servicios-gratuitos-a-la-ciudadania\/","og_locale":"es_ES","og_type":"article","og_title":"Raquel Pe\u00f1a moviliza entidades gubernamentales para servicios gratuitos a la ciudadan\u00eda - EL GLOBAL INFORMATIVO","og_description":"La iniciativa forma parte de la visi\u00f3n del presidente Luis Abinader orientada a fortalecer la vida familiar y garantizar m\u00e1s apoyo estatal en los territorios. Santiago. \u2013 La vicepresidenta de&hellip;","og_url":"https:\/\/elglobal.do\/index.php\/2025\/11\/15\/raquel-pena-moviliza-entidades-gubernamentales-para-servicios-gratuitos-a-la-ciudadania\/","og_site_name":"EL GLOBAL INFORMATIVO","article_published_time":"2025-11-16T03:41:15+00:00","article_modified_time":"2025-11-16T03:41:17+00:00","og_image":[{"width":2560,"height":1707,"url":"https:\/\/elglobal.do\/wp-content\/uploads\/2025\/11\/Moviliza-scaled.jpeg","type":"image\/jpeg"}],"author":"EL GLOBAL","twitter_card":"summary_large_image","twitter_misc":{"Escrito por":"EL GLOBAL","Tiempo de lectura":"4 minutos"},"schema":{"@context":"https:\/\/schema.org","@graph":[{"@type":"Article","@id":"https:\/\/elglobal.do\/index.php\/2025\/11\/15\/raquel-pena-moviliza-entidades-gubernamentales-para-servicios-gratuitos-a-la-ciudadania\/#article","isPartOf":{"@id":"https:\/\/elglobal.do\/index.php\/2025\/11\/15\/raquel-pena-moviliza-entidades-gubernamentales-para-servicios-gratuitos-a-la-ciudadania\/"},"author":{"name":"EL GLOBAL","@id":"https:\/\/elglobal.do\/#\/schema\/person\/0c97ec2c7714fb605d230c292f64d55f"},"headline":"Raquel Pe\u00f1a moviliza entidades gubernamentales para servicios gratuitos a la ciudadan\u00eda","datePublished":"2025-11-16T03:41:15+00:00","dateModified":"2025-11-16T03:41:17+00:00","mainEntityOfPage":{"@id":"https:\/\/elglobal.do\/index.php\/2025\/11\/15\/raquel-pena-moviliza-entidades-gubernamentales-para-servicios-gratuitos-a-la-ciudadania\/"},"wordCount":598,"commentCount":0,"publisher":{"@id":"https:\/\/elglobal.do\/#organization"},"image":{"@id":"https:\/\/elglobal.do\/index.php\/2025\/11\/15\/raquel-pena-moviliza-entidades-gubernamentales-para-servicios-gratuitos-a-la-ciudadania\/#primaryimage"},"thumbnailUrl":"https:\/\/elglobal.do\/wp-content\/uploads\/2025\/11\/Moviliza-scaled.jpeg","keywords":["#Ciudadan\u00eda","#ElGlobalInformativo","#jornada #ServiciosGratuitos","#RaquelPe\u00f1a","#vicepresidenta"],"articleSection":["NACIONALES","NOTICIAS RELEVANTES"],"inLanguage":"es","potentialAction":[{"@type":"CommentAction","name":"Comment","target":["https:\/\/elglobal.do\/index.php\/2025\/11\/15\/raquel-pena-moviliza-entidades-gubernamentales-para-servicios-gratuitos-a-la-ciudadania\/#respond"]}]},{"@type":"WebPage","@id":"https:\/\/elglobal.do\/index.php\/2025\/11\/15\/raquel-pena-moviliza-entidades-gubernamentales-para-servicios-gratuitos-a-la-ciudadania\/","url":"https:\/\/elglobal.do\/index.php\/2025\/11\/15\/raquel-pena-moviliza-entidades-gubernamentales-para-servicios-gratuitos-a-la-ciudadania\/","name":"Raquel Pe\u00f1a moviliza entidades gubernamentales para servicios gratuitos a la ciudadan\u00eda - EL GLOBAL INFORMATIVO","isPartOf":{"@id":"https:\/\/elglobal.do\/#website"},"primaryImageOfPage":{"@id":"https:\/\/elglobal.do\/index.php\/2025\/11\/15\/raquel-pena-moviliza-entidades-gubernamentales-para-servicios-gratuitos-a-la-ciudadania\/#primaryimage"},"image":{"@id":"https:\/\/elglobal.do\/index.php\/2025\/11\/15\/raquel-pena-moviliza-entidades-gubernamentales-para-servicios-gratuitos-a-la-ciudadania\/#primaryimage"},"thumbnailUrl":"https:\/\/elglobal.do\/wp-content\/uploads\/2025\/11\/Moviliza-scaled.jpeg","datePublished":"2025-11-16T03:41:15+00:00","dateModified":"2025-11-16T03:41:17+00:00","breadcrumb":{"@id":"https:\/\/elglobal.do\/index.php\/2025\/11\/15\/raquel-pena-moviliza-entidades-gubernamentales-para-servicios-gratuitos-a-la-ciudadania\/#breadcrumb"},"inLanguage":"es","potentialAction":[{"@type":"ReadAction","target":["https:\/\/elglobal.do\/index.php\/2025\/11\/15\/raquel-pena-moviliza-entidades-gubernamentales-para-servicios-gratuitos-a-la-ciudadania\/"]}]},{"@type":"ImageObject","inLanguage":"es","@id":"https:\/\/elglobal.do\/index.php\/2025\/11\/15\/raquel-pena-moviliza-entidades-gubernamentales-para-servicios-gratuitos-a-la-ciudadania\/#primaryimage","url":"https:\/\/elglobal.do\/wp-content\/uploads\/2025\/11\/Moviliza-scaled.jpeg","contentUrl":"https:\/\/elglobal.do\/wp-content\/uploads\/2025\/11\/Moviliza-scaled.jpeg","width":2560,"height":1707},{"@type":"BreadcrumbList","@id":"https:\/\/elglobal.do\/index.php\/2025\/11\/15\/raquel-pena-moviliza-entidades-gubernamentales-para-servicios-gratuitos-a-la-ciudadania\/#breadcrumb","itemListElement":[{"@type":"ListItem","position":1,"name":"Portada","item":"https:\/\/elglobal.do\/"},{"@type":"ListItem","position":2,"name":"Raquel Pe\u00f1a moviliza entidades gubernamentales para servicios gratuitos a la ciudadan\u00eda"}]},{"@type":"WebSite","@id":"https:\/\/elglobal.do\/#website","url":"https:\/\/elglobal.do\/","name":"EL GLOBAL INFORMATIVO","description":"Peri\u00f3dico digital de la Rep\u00fablica Dominicana que ofrece noticias, novedades, pol\u00edtica y las \u00faltimas actualidades, con informaci\u00f3n veraz y oportuna para mantenerte siempre informad","publisher":{"@id":"https:\/\/elglobal.do\/#organization"},"potentialAction":[{"@type":"SearchAction","target":{"@type":"EntryPoint","urlTemplate":"https:\/\/elglobal.do\/?s={search_term_string}"},"query-input":{"@type":"PropertyValueSpecification","valueRequired":true,"valueName":"search_term_string"}}],"inLanguage":"es"},{"@type":"Organization","@id":"https:\/\/elglobal.do\/#organization","name":"EL GLOBAL.DO INFORMATIVO","url":"https:\/\/elglobal.do\/","logo":{"@type":"ImageObject","inLanguage":"es","@id":"https:\/\/elglobal.do\/#\/schema\/logo\/image\/","url":"https:\/\/elglobal.do\/wp-content\/uploads\/2025\/08\/icon.png","contentUrl":"https:\/\/elglobal.do\/wp-content\/uploads\/2025\/08\/icon.png","width":512,"height":512,"caption":"EL GLOBAL.DO INFORMATIVO"},"image":{"@id":"https:\/\/elglobal.do\/#\/schema\/logo\/image\/"}},{"@type":"Person","@id":"https:\/\/elglobal.do\/#\/schema\/person\/0c97ec2c7714fb605d230c292f64d55f","name":"EL GLOBAL","image":{"@type":"ImageObject","inLanguage":"es","@id":"https:\/\/elglobal.do\/#\/schema\/person\/image\/","url":"https:\/\/secure.gravatar.com\/avatar\/081cfb6cf99faddc6f4e23a0c11ab98c5cf302925382d1c88dc3ed757ab910a3?s=96&d=mm&r=g","contentUrl":"https:\/\/secure.gravatar.com\/avatar\/081cfb6cf99faddc6f4e23a0c11ab98c5cf302925382d1c88dc3ed757ab910a3?s=96&d=mm&r=g","caption":"EL GLOBAL"},"description":"El Global Informativo es un peri\u00f3dico digital de Rep\u00fablica Dominicana que se dedica a cubrir temas importantes, como la pol\u00edtica local, geopol\u00edtica, econom\u00eda, tecnolog\u00eda, noticias internacionales y eventos relacionados con la gesti\u00f3n social, cultural y humana. Su objetivo principal es mantener a la poblaci\u00f3n informada, ofreciendo una visi\u00f3n amplia y actualizada de lo que sucede tanto en el pa\u00eds como en el mundo. Est\u00e1 dirigido por un grupo de periodistas experimentados, lo que garantiza la calidad y la precisi\u00f3n de la informaci\u00f3n que ofrecen. Tiene su sede en la ciudad de Santo Domingo y es parte integral del portafolio de la empresa, MC Global S.R.L.","sameAs":["https:\/\/elglobal.do","https:\/\/www.instagram.com\/elglobal.do_informativo\/"],"url":"https:\/\/elglobal.do\/index.php\/author\/elglobaluserpro\/"}]}},"jetpack_featured_media_url":"https:\/\/elglobal.do\/wp-content\/uploads\/2025\/11\/Moviliza-scaled.jpeg","jetpack_sharing_enabled":true,"_links":{"self":[{"href":"https:\/\/elglobal.do\/index.php\/wp-json\/wp\/v2\/posts\/3960","targetHints":{"allow":["GET"]}}],"collection":[{"href":"https:\/\/elglobal.do\/index.php\/wp-json\/wp\/v2\/posts"}],"about":[{"href":"https:\/\/elglobal.do\/index.php\/wp-json\/wp\/v2\/types\/post"}],"author":[{"embeddable":true,"href":"https:\/\/elglobal.do\/index.php\/wp-json\/wp\/v2\/users\/1"}],"replies":[{"embeddable":true,"href":"https:\/\/elglobal.do\/index.php\/wp-json\/wp\/v2\/comments?post=3960"}],"version-history":[{"count":1,"href":"https:\/\/elglobal.do\/index.php\/wp-json\/wp\/v2\/posts\/3960\/revisions"}],"predecessor-version":[{"id":3964,"href":"https:\/\/elglobal.do\/index.php\/wp-json\/wp\/v2\/posts\/3960\/revisions\/3964"}],"wp:featuredmedia":[{"embeddable":true,"href":"https:\/\/elglobal.do\/index.php\/wp-json\/wp\/v2\/media\/3961"}],"wp:attachment":[{"href":"https:\/\/elglobal.do\/index.php\/wp-json\/wp\/v2\/media?parent=3960"}],"wp:term":[{"taxonomy":"category","embeddable":true,"href":"https:\/\/elglobal.do\/index.php\/wp-json\/wp\/v2\/categories?post=3960"},{"taxonomy":"post_tag","embeddable":true,"href":"https:\/\/elglobal.do\/index.php\/wp-json\/wp\/v2\/tags?post=3960"}],"curies":[{"name":"wp","href":"https:\/\/api.w.org\/{rel}","templated":true}]}}