{"id":3965,"date":"2025-11-16T13:08:10","date_gmt":"2025-11-16T17:08:10","guid":{"rendered":"https:\/\/elglobal.do\/?p=3965"},"modified":"2025-11-16T13:08:12","modified_gmt":"2025-11-16T17:08:12","slug":"designan-a-jhael-isa-tavarez-como-nuevo-director-de-la-opret","status":"publish","type":"post","link":"https:\/\/elglobal.do\/index.php\/2025\/11\/16\/designan-a-jhael-isa-tavarez-como-nuevo-director-de-la-opret\/","title":{"rendered":"Designan a Jhael Isa Tav\u00e1rez como nuevo director de la OPRET"},"content":{"rendered":"\n<p><em>La medida procura reorganizar las instituciones vinculadas al Sistema Integrado de Transporte y ordena la presentaci\u00f3n de una propuesta normativa y operativa unificada en un plazo no mayor de 120 d\u00edas<\/em>.<\/p>\n\n\n\n<figure class=\"wp-block-image size-full\"><img loading=\"lazy\" decoding=\"async\" width=\"800\" height=\"533\" src=\"https:\/\/elglobal.do\/wp-content\/uploads\/2025\/11\/Jhael-Isa.jpg\" alt=\"\" class=\"wp-image-3966\" srcset=\"https:\/\/elglobal.do\/wp-content\/uploads\/2025\/11\/Jhael-Isa.jpg 800w, https:\/\/elglobal.do\/wp-content\/uploads\/2025\/11\/Jhael-Isa-300x200.jpg 300w, https:\/\/elglobal.do\/wp-content\/uploads\/2025\/11\/Jhael-Isa-768x512.jpg 768w\" sizes=\"auto, (max-width: 800px) 100vw, 800px\" \/><figcaption class=\"wp-element-caption\"><em>Jhael Isa Tav\u00e1rez, nuevo director de la OPRET<\/em><\/figcaption><\/figure>\n\n\n\n<p><strong>Santo Domingo. &#8211;<\/strong> El presidente de la Rep\u00fablica,&nbsp;Luis Abinader, design\u00f3 a&nbsp;Jhael Isa Tav\u00e1rez&nbsp;como director ejecutivo de la&nbsp;Oficina para el Reordenamiento del Transporte&nbsp;(OPRET), mediante el&nbsp;Decreto n\u00fam. 652-25, el cual dispone una reorganizaci\u00f3n del&nbsp;Sistema Integrado de Transporte, orientada a \u00aboptimizar la planificaci\u00f3n, operaci\u00f3n y sostenibilidad del transporte p\u00fablico masivo en todo el territorio nacional\u00bb.<\/p>\n\n\n\n<p>Como parte de estas disposiciones, en cumplimiento del decreto, Isa tambi\u00e9n fungir\u00e1, a t\u00edtulo honor\u00edfico, como director ejecutivo del Fideicomiso para el Desarrollo del Sistema de Transporte Masivo (FITRAM), \u00f3rgano responsable del dise\u00f1o, construcci\u00f3n, operaci\u00f3n y mantenimiento de la Red Nacional de&nbsp;Transporte P\u00fablico Masivo.<\/p>\n\n\n\n<p>Isa Tav\u00e1rez, tiene una trayectoria vinculada al desarrollo del transporte masivo.&nbsp;<\/p>\n\n\n\n<p>Hasta la fecha se desempe\u00f1aba como director ejecutivo del FITRAM, desde donde supervis\u00f3 proyectos clave como el\u00a0Monorriel y Telef\u00e9rico de Santiago, adem\u00e1s de las L\u00edneas 1, 2 y 3 del Telef\u00e9rico de Santo Domingo, que forman parte del Sistema Integrado de Transporte.<\/p>\n\n\n\n<p>Es ingeniero civil egresado del INTEC, cuenta con una maestr\u00eda en Ingenier\u00eda de Transporte obtenida en el <em>Rensselaer Polytechnic Institute (RPI)<\/em> en Nueva York, mediante la prestigiosa beca <em>Fulbright<\/em>. Actualmente cursa un doctorado en Sistemas de Ingenier\u00eda Civil con concentraci\u00f3n en Transporte en la Universidad Polit\u00e9cnica de Madrid (UPM).<\/p>\n\n\n\n<p>Desde el Ministerio de la Presidencia, donde ha trabajado por m\u00e1s de una d\u00e9cada, ha impulsado iniciativas estrat\u00e9gicas de movilidad y ha coordinado la implementaci\u00f3n de proyectos de infraestructura orientados a la modernizaci\u00f3n del transporte p\u00fablico.&nbsp;<\/p>\n\n\n\n<p>Su experiencia incluye consultor\u00edas especializadas y participaci\u00f3n constante en foros y conferencias internacionales sobre&nbsp;movilidad sostenible.<\/p>\n\n\n\n<p>El&nbsp;ingeniero&nbsp;Isa Tav\u00e1rez, ha sido citado como una de las figuras t\u00e9cnicas m\u00e1s influyentes en la transformaci\u00f3n del&nbsp;transporte masivo&nbsp;en el pa\u00eds, aportando una visi\u00f3n orientada a la sostenibilidad y a la integraci\u00f3n de modelos de movilidad ajustados a est\u00e1ndares internacionales.<\/p>\n\n\n\n<p>El&nbsp;decreto de Abinader, reconoce que el sistema de transporte masivo constituye un servicio nacional de uso p\u00fablico, por lo que resulta de inter\u00e9s prioritario del gobierno la incorporaci\u00f3n de modos alternativos de transporte terrestre que coadyuven a una distribuci\u00f3n m\u00e1s equilibrada del patrimonio y a frenar el deterioro progresivo del medioambiente, en mejora de la&nbsp;movilidad urbana.&nbsp;<\/p>\n\n\n\n<p>Para esos fines dispone que se priorice la eficacia del servicio y la&nbsp;eficiencia&nbsp;en el manejo de los recursos para la prestaci\u00f3n del mismo, procurando que las distintas entidades p\u00fablicas involucradas trabajen de manera coordinada, oportuna y transparente.<\/p>\n\n\n\n<p><\/p>\n","protected":false},"excerpt":{"rendered":"<p>La medida procura reorganizar las instituciones vinculadas al Sistema Integrado de Transporte y ordena la presentaci\u00f3n de una propuesta normativa y operativa unificada en un plazo no mayor de 120&hellip; <\/p>\n","protected":false},"author":1,"featured_media":3966,"comment_status":"open","ping_status":"open","sticky":false,"template":"","format":"standard","meta":{"_jetpack_memberships_contains_paid_content":false,"footnotes":""},"categories":[40,14],"tags":[578,2081,1883,2080,88,819],"class_list":["post-3965","post","type-post","status-publish","format-standard","has-post-thumbnail","hentry","category-nacionales","category-slider","tag-decreto","tag-designan","tag-director","tag-jhaelisatavarez","tag-opret","tag-transporte"],"yoast_head":"<!-- This site is optimized with the Yoast SEO plugin v26.9 - https:\/\/yoast.com\/product\/yoast-seo-wordpress\/ -->\n<title>Designan a Jhael Isa Tav\u00e1rez como nuevo director de la OPRET - EL GLOBAL INFORMATIVO<\/title>\n<meta name=\"robots\" content=\"index, follow, max-snippet:-1, max-image-preview:large, max-video-preview:-1\" \/>\n<link rel=\"canonical\" href=\"https:\/\/elglobal.do\/index.php\/2025\/11\/16\/designan-a-jhael-isa-tavarez-como-nuevo-director-de-la-opret\/\" \/>\n<meta property=\"og:locale\" content=\"es_ES\" \/>\n<meta property=\"og:type\" content=\"article\" \/>\n<meta property=\"og:title\" content=\"Designan a Jhael Isa Tav\u00e1rez como nuevo director de la OPRET - EL GLOBAL INFORMATIVO\" \/>\n<meta property=\"og:description\" content=\"La medida procura reorganizar las instituciones vinculadas al Sistema Integrado de Transporte y ordena la presentaci\u00f3n de una propuesta normativa y operativa unificada en un plazo no mayor de 120&hellip;\" \/>\n<meta property=\"og:url\" content=\"https:\/\/elglobal.do\/index.php\/2025\/11\/16\/designan-a-jhael-isa-tavarez-como-nuevo-director-de-la-opret\/\" \/>\n<meta property=\"og:site_name\" content=\"EL GLOBAL INFORMATIVO\" \/>\n<meta property=\"article:published_time\" content=\"2025-11-16T17:08:10+00:00\" \/>\n<meta property=\"article:modified_time\" content=\"2025-11-16T17:08:12+00:00\" \/>\n<meta property=\"og:image\" content=\"https:\/\/elglobal.do\/wp-content\/uploads\/2025\/11\/Jhael-Isa.jpg\" \/>\n\t<meta property=\"og:image:width\" content=\"800\" \/>\n\t<meta property=\"og:image:height\" content=\"533\" \/>\n\t<meta property=\"og:image:type\" content=\"image\/jpeg\" \/>\n<meta name=\"author\" content=\"EL GLOBAL\" \/>\n<meta name=\"twitter:card\" content=\"summary_large_image\" \/>\n<meta name=\"twitter:label1\" content=\"Escrito por\" \/>\n\t<meta name=\"twitter:data1\" content=\"EL GLOBAL\" \/>\n\t<meta name=\"twitter:label2\" content=\"Tiempo de lectura\" \/>\n\t<meta name=\"twitter:data2\" content=\"3 minutos\" \/>\n<script type=\"application\/ld+json\" class=\"yoast-schema-graph\">{\"@context\":\"https:\/\/schema.org\",\"@graph\":[{\"@type\":\"Article\",\"@id\":\"https:\/\/elglobal.do\/index.php\/2025\/11\/16\/designan-a-jhael-isa-tavarez-como-nuevo-director-de-la-opret\/#article\",\"isPartOf\":{\"@id\":\"https:\/\/elglobal.do\/index.php\/2025\/11\/16\/designan-a-jhael-isa-tavarez-como-nuevo-director-de-la-opret\/\"},\"author\":{\"name\":\"EL GLOBAL\",\"@id\":\"https:\/\/elglobal.do\/#\/schema\/person\/0c97ec2c7714fb605d230c292f64d55f\"},\"headline\":\"Designan a Jhael Isa Tav\u00e1rez como nuevo director de la OPRET\",\"datePublished\":\"2025-11-16T17:08:10+00:00\",\"dateModified\":\"2025-11-16T17:08:12+00:00\",\"mainEntityOfPage\":{\"@id\":\"https:\/\/elglobal.do\/index.php\/2025\/11\/16\/designan-a-jhael-isa-tavarez-como-nuevo-director-de-la-opret\/\"},\"wordCount\":517,\"commentCount\":0,\"publisher\":{\"@id\":\"https:\/\/elglobal.do\/#organization\"},\"image\":{\"@id\":\"https:\/\/elglobal.do\/index.php\/2025\/11\/16\/designan-a-jhael-isa-tavarez-como-nuevo-director-de-la-opret\/#primaryimage\"},\"thumbnailUrl\":\"https:\/\/elglobal.do\/wp-content\/uploads\/2025\/11\/Jhael-Isa.jpg\",\"keywords\":[\"#decreto\",\"#Designan\",\"#Director\",\"#JhaelIsaTav\u00e1rez\",\"#OPRET\",\"#Transporte\"],\"articleSection\":[\"NACIONALES\",\"NOTICIAS RELEVANTES\"],\"inLanguage\":\"es\",\"potentialAction\":[{\"@type\":\"CommentAction\",\"name\":\"Comment\",\"target\":[\"https:\/\/elglobal.do\/index.php\/2025\/11\/16\/designan-a-jhael-isa-tavarez-como-nuevo-director-de-la-opret\/#respond\"]}]},{\"@type\":\"WebPage\",\"@id\":\"https:\/\/elglobal.do\/index.php\/2025\/11\/16\/designan-a-jhael-isa-tavarez-como-nuevo-director-de-la-opret\/\",\"url\":\"https:\/\/elglobal.do\/index.php\/2025\/11\/16\/designan-a-jhael-isa-tavarez-como-nuevo-director-de-la-opret\/\",\"name\":\"Designan a Jhael Isa Tav\u00e1rez como nuevo director de la OPRET - EL GLOBAL INFORMATIVO\",\"isPartOf\":{\"@id\":\"https:\/\/elglobal.do\/#website\"},\"primaryImageOfPage\":{\"@id\":\"https:\/\/elglobal.do\/index.php\/2025\/11\/16\/designan-a-jhael-isa-tavarez-como-nuevo-director-de-la-opret\/#primaryimage\"},\"image\":{\"@id\":\"https:\/\/elglobal.do\/index.php\/2025\/11\/16\/designan-a-jhael-isa-tavarez-como-nuevo-director-de-la-opret\/#primaryimage\"},\"thumbnailUrl\":\"https:\/\/elglobal.do\/wp-content\/uploads\/2025\/11\/Jhael-Isa.jpg\",\"datePublished\":\"2025-11-16T17:08:10+00:00\",\"dateModified\":\"2025-11-16T17:08:12+00:00\",\"breadcrumb\":{\"@id\":\"https:\/\/elglobal.do\/index.php\/2025\/11\/16\/designan-a-jhael-isa-tavarez-como-nuevo-director-de-la-opret\/#breadcrumb\"},\"inLanguage\":\"es\",\"potentialAction\":[{\"@type\":\"ReadAction\",\"target\":[\"https:\/\/elglobal.do\/index.php\/2025\/11\/16\/designan-a-jhael-isa-tavarez-como-nuevo-director-de-la-opret\/\"]}]},{\"@type\":\"ImageObject\",\"inLanguage\":\"es\",\"@id\":\"https:\/\/elglobal.do\/index.php\/2025\/11\/16\/designan-a-jhael-isa-tavarez-como-nuevo-director-de-la-opret\/#primaryimage\",\"url\":\"https:\/\/elglobal.do\/wp-content\/uploads\/2025\/11\/Jhael-Isa.jpg\",\"contentUrl\":\"https:\/\/elglobal.do\/wp-content\/uploads\/2025\/11\/Jhael-Isa.jpg\",\"width\":800,\"height\":533},{\"@type\":\"BreadcrumbList\",\"@id\":\"https:\/\/elglobal.do\/index.php\/2025\/11\/16\/designan-a-jhael-isa-tavarez-como-nuevo-director-de-la-opret\/#breadcrumb\",\"itemListElement\":[{\"@type\":\"ListItem\",\"position\":1,\"name\":\"Portada\",\"item\":\"https:\/\/elglobal.do\/\"},{\"@type\":\"ListItem\",\"position\":2,\"name\":\"Designan a Jhael Isa Tav\u00e1rez como nuevo director de la OPRET\"}]},{\"@type\":\"WebSite\",\"@id\":\"https:\/\/elglobal.do\/#website\",\"url\":\"https:\/\/elglobal.do\/\",\"name\":\"EL GLOBAL INFORMATIVO\",\"description\":\"Peri\u00f3dico digital de la Rep\u00fablica Dominicana que ofrece noticias, novedades, pol\u00edtica y las \u00faltimas actualidades, con informaci\u00f3n veraz y oportuna para mantenerte siempre informad\",\"publisher\":{\"@id\":\"https:\/\/elglobal.do\/#organization\"},\"potentialAction\":[{\"@type\":\"SearchAction\",\"target\":{\"@type\":\"EntryPoint\",\"urlTemplate\":\"https:\/\/elglobal.do\/?s={search_term_string}\"},\"query-input\":{\"@type\":\"PropertyValueSpecification\",\"valueRequired\":true,\"valueName\":\"search_term_string\"}}],\"inLanguage\":\"es\"},{\"@type\":\"Organization\",\"@id\":\"https:\/\/elglobal.do\/#organization\",\"name\":\"EL GLOBAL.DO INFORMATIVO\",\"url\":\"https:\/\/elglobal.do\/\",\"logo\":{\"@type\":\"ImageObject\",\"inLanguage\":\"es\",\"@id\":\"https:\/\/elglobal.do\/#\/schema\/logo\/image\/\",\"url\":\"https:\/\/elglobal.do\/wp-content\/uploads\/2025\/08\/icon.png\",\"contentUrl\":\"https:\/\/elglobal.do\/wp-content\/uploads\/2025\/08\/icon.png\",\"width\":512,\"height\":512,\"caption\":\"EL GLOBAL.DO INFORMATIVO\"},\"image\":{\"@id\":\"https:\/\/elglobal.do\/#\/schema\/logo\/image\/\"}},{\"@type\":\"Person\",\"@id\":\"https:\/\/elglobal.do\/#\/schema\/person\/0c97ec2c7714fb605d230c292f64d55f\",\"name\":\"EL GLOBAL\",\"image\":{\"@type\":\"ImageObject\",\"inLanguage\":\"es\",\"@id\":\"https:\/\/elglobal.do\/#\/schema\/person\/image\/\",\"url\":\"https:\/\/secure.gravatar.com\/avatar\/081cfb6cf99faddc6f4e23a0c11ab98c5cf302925382d1c88dc3ed757ab910a3?s=96&d=mm&r=g\",\"contentUrl\":\"https:\/\/secure.gravatar.com\/avatar\/081cfb6cf99faddc6f4e23a0c11ab98c5cf302925382d1c88dc3ed757ab910a3?s=96&d=mm&r=g\",\"caption\":\"EL GLOBAL\"},\"description\":\"El Global Informativo es un peri\u00f3dico digital de Rep\u00fablica Dominicana que se dedica a cubrir temas importantes, como la pol\u00edtica local, geopol\u00edtica, econom\u00eda, tecnolog\u00eda, noticias internacionales y eventos relacionados con la gesti\u00f3n social, cultural y humana. Su objetivo principal es mantener a la poblaci\u00f3n informada, ofreciendo una visi\u00f3n amplia y actualizada de lo que sucede tanto en el pa\u00eds como en el mundo. Est\u00e1 dirigido por un grupo de periodistas experimentados, lo que garantiza la calidad y la precisi\u00f3n de la informaci\u00f3n que ofrecen. Tiene su sede en la ciudad de Santo Domingo y es parte integral del portafolio de la empresa, MC Global S.R.L.\",\"sameAs\":[\"https:\/\/elglobal.do\",\"https:\/\/www.instagram.com\/elglobal.do_informativo\/\"],\"url\":\"https:\/\/elglobal.do\/index.php\/author\/elglobaluserpro\/\"}]}<\/script>\n<!-- \/ Yoast SEO plugin. -->","yoast_head_json":{"title":"Designan a Jhael Isa Tav\u00e1rez como nuevo director de la OPRET - EL GLOBAL INFORMATIVO","robots":{"index":"index","follow":"follow","max-snippet":"max-snippet:-1","max-image-preview":"max-image-preview:large","max-video-preview":"max-video-preview:-1"},"canonical":"https:\/\/elglobal.do\/index.php\/2025\/11\/16\/designan-a-jhael-isa-tavarez-como-nuevo-director-de-la-opret\/","og_locale":"es_ES","og_type":"article","og_title":"Designan a Jhael Isa Tav\u00e1rez como nuevo director de la OPRET - EL GLOBAL INFORMATIVO","og_description":"La medida procura reorganizar las instituciones vinculadas al Sistema Integrado de Transporte y ordena la presentaci\u00f3n de una propuesta normativa y operativa unificada en un plazo no mayor de 120&hellip;","og_url":"https:\/\/elglobal.do\/index.php\/2025\/11\/16\/designan-a-jhael-isa-tavarez-como-nuevo-director-de-la-opret\/","og_site_name":"EL GLOBAL INFORMATIVO","article_published_time":"2025-11-16T17:08:10+00:00","article_modified_time":"2025-11-16T17:08:12+00:00","og_image":[{"width":800,"height":533,"url":"https:\/\/elglobal.do\/wp-content\/uploads\/2025\/11\/Jhael-Isa.jpg","type":"image\/jpeg"}],"author":"EL GLOBAL","twitter_card":"summary_large_image","twitter_misc":{"Escrito por":"EL GLOBAL","Tiempo de lectura":"3 minutos"},"schema":{"@context":"https:\/\/schema.org","@graph":[{"@type":"Article","@id":"https:\/\/elglobal.do\/index.php\/2025\/11\/16\/designan-a-jhael-isa-tavarez-como-nuevo-director-de-la-opret\/#article","isPartOf":{"@id":"https:\/\/elglobal.do\/index.php\/2025\/11\/16\/designan-a-jhael-isa-tavarez-como-nuevo-director-de-la-opret\/"},"author":{"name":"EL GLOBAL","@id":"https:\/\/elglobal.do\/#\/schema\/person\/0c97ec2c7714fb605d230c292f64d55f"},"headline":"Designan a Jhael Isa Tav\u00e1rez como nuevo director de la OPRET","datePublished":"2025-11-16T17:08:10+00:00","dateModified":"2025-11-16T17:08:12+00:00","mainEntityOfPage":{"@id":"https:\/\/elglobal.do\/index.php\/2025\/11\/16\/designan-a-jhael-isa-tavarez-como-nuevo-director-de-la-opret\/"},"wordCount":517,"commentCount":0,"publisher":{"@id":"https:\/\/elglobal.do\/#organization"},"image":{"@id":"https:\/\/elglobal.do\/index.php\/2025\/11\/16\/designan-a-jhael-isa-tavarez-como-nuevo-director-de-la-opret\/#primaryimage"},"thumbnailUrl":"https:\/\/elglobal.do\/wp-content\/uploads\/2025\/11\/Jhael-Isa.jpg","keywords":["#decreto","#Designan","#Director","#JhaelIsaTav\u00e1rez","#OPRET","#Transporte"],"articleSection":["NACIONALES","NOTICIAS RELEVANTES"],"inLanguage":"es","potentialAction":[{"@type":"CommentAction","name":"Comment","target":["https:\/\/elglobal.do\/index.php\/2025\/11\/16\/designan-a-jhael-isa-tavarez-como-nuevo-director-de-la-opret\/#respond"]}]},{"@type":"WebPage","@id":"https:\/\/elglobal.do\/index.php\/2025\/11\/16\/designan-a-jhael-isa-tavarez-como-nuevo-director-de-la-opret\/","url":"https:\/\/elglobal.do\/index.php\/2025\/11\/16\/designan-a-jhael-isa-tavarez-como-nuevo-director-de-la-opret\/","name":"Designan a Jhael Isa Tav\u00e1rez como nuevo director de la OPRET - EL GLOBAL INFORMATIVO","isPartOf":{"@id":"https:\/\/elglobal.do\/#website"},"primaryImageOfPage":{"@id":"https:\/\/elglobal.do\/index.php\/2025\/11\/16\/designan-a-jhael-isa-tavarez-como-nuevo-director-de-la-opret\/#primaryimage"},"image":{"@id":"https:\/\/elglobal.do\/index.php\/2025\/11\/16\/designan-a-jhael-isa-tavarez-como-nuevo-director-de-la-opret\/#primaryimage"},"thumbnailUrl":"https:\/\/elglobal.do\/wp-content\/uploads\/2025\/11\/Jhael-Isa.jpg","datePublished":"2025-11-16T17:08:10+00:00","dateModified":"2025-11-16T17:08:12+00:00","breadcrumb":{"@id":"https:\/\/elglobal.do\/index.php\/2025\/11\/16\/designan-a-jhael-isa-tavarez-como-nuevo-director-de-la-opret\/#breadcrumb"},"inLanguage":"es","potentialAction":[{"@type":"ReadAction","target":["https:\/\/elglobal.do\/index.php\/2025\/11\/16\/designan-a-jhael-isa-tavarez-como-nuevo-director-de-la-opret\/"]}]},{"@type":"ImageObject","inLanguage":"es","@id":"https:\/\/elglobal.do\/index.php\/2025\/11\/16\/designan-a-jhael-isa-tavarez-como-nuevo-director-de-la-opret\/#primaryimage","url":"https:\/\/elglobal.do\/wp-content\/uploads\/2025\/11\/Jhael-Isa.jpg","contentUrl":"https:\/\/elglobal.do\/wp-content\/uploads\/2025\/11\/Jhael-Isa.jpg","width":800,"height":533},{"@type":"BreadcrumbList","@id":"https:\/\/elglobal.do\/index.php\/2025\/11\/16\/designan-a-jhael-isa-tavarez-como-nuevo-director-de-la-opret\/#breadcrumb","itemListElement":[{"@type":"ListItem","position":1,"name":"Portada","item":"https:\/\/elglobal.do\/"},{"@type":"ListItem","position":2,"name":"Designan a Jhael Isa Tav\u00e1rez como nuevo director de la OPRET"}]},{"@type":"WebSite","@id":"https:\/\/elglobal.do\/#website","url":"https:\/\/elglobal.do\/","name":"EL GLOBAL INFORMATIVO","description":"Peri\u00f3dico digital de la Rep\u00fablica Dominicana que ofrece noticias, novedades, pol\u00edtica y las \u00faltimas actualidades, con informaci\u00f3n veraz y oportuna para mantenerte siempre informad","publisher":{"@id":"https:\/\/elglobal.do\/#organization"},"potentialAction":[{"@type":"SearchAction","target":{"@type":"EntryPoint","urlTemplate":"https:\/\/elglobal.do\/?s={search_term_string}"},"query-input":{"@type":"PropertyValueSpecification","valueRequired":true,"valueName":"search_term_string"}}],"inLanguage":"es"},{"@type":"Organization","@id":"https:\/\/elglobal.do\/#organization","name":"EL GLOBAL.DO INFORMATIVO","url":"https:\/\/elglobal.do\/","logo":{"@type":"ImageObject","inLanguage":"es","@id":"https:\/\/elglobal.do\/#\/schema\/logo\/image\/","url":"https:\/\/elglobal.do\/wp-content\/uploads\/2025\/08\/icon.png","contentUrl":"https:\/\/elglobal.do\/wp-content\/uploads\/2025\/08\/icon.png","width":512,"height":512,"caption":"EL GLOBAL.DO INFORMATIVO"},"image":{"@id":"https:\/\/elglobal.do\/#\/schema\/logo\/image\/"}},{"@type":"Person","@id":"https:\/\/elglobal.do\/#\/schema\/person\/0c97ec2c7714fb605d230c292f64d55f","name":"EL GLOBAL","image":{"@type":"ImageObject","inLanguage":"es","@id":"https:\/\/elglobal.do\/#\/schema\/person\/image\/","url":"https:\/\/secure.gravatar.com\/avatar\/081cfb6cf99faddc6f4e23a0c11ab98c5cf302925382d1c88dc3ed757ab910a3?s=96&d=mm&r=g","contentUrl":"https:\/\/secure.gravatar.com\/avatar\/081cfb6cf99faddc6f4e23a0c11ab98c5cf302925382d1c88dc3ed757ab910a3?s=96&d=mm&r=g","caption":"EL GLOBAL"},"description":"El Global Informativo es un peri\u00f3dico digital de Rep\u00fablica Dominicana que se dedica a cubrir temas importantes, como la pol\u00edtica local, geopol\u00edtica, econom\u00eda, tecnolog\u00eda, noticias internacionales y eventos relacionados con la gesti\u00f3n social, cultural y humana. Su objetivo principal es mantener a la poblaci\u00f3n informada, ofreciendo una visi\u00f3n amplia y actualizada de lo que sucede tanto en el pa\u00eds como en el mundo. Est\u00e1 dirigido por un grupo de periodistas experimentados, lo que garantiza la calidad y la precisi\u00f3n de la informaci\u00f3n que ofrecen. Tiene su sede en la ciudad de Santo Domingo y es parte integral del portafolio de la empresa, MC Global S.R.L.","sameAs":["https:\/\/elglobal.do","https:\/\/www.instagram.com\/elglobal.do_informativo\/"],"url":"https:\/\/elglobal.do\/index.php\/author\/elglobaluserpro\/"}]}},"jetpack_featured_media_url":"https:\/\/elglobal.do\/wp-content\/uploads\/2025\/11\/Jhael-Isa.jpg","jetpack_sharing_enabled":true,"_links":{"self":[{"href":"https:\/\/elglobal.do\/index.php\/wp-json\/wp\/v2\/posts\/3965","targetHints":{"allow":["GET"]}}],"collection":[{"href":"https:\/\/elglobal.do\/index.php\/wp-json\/wp\/v2\/posts"}],"about":[{"href":"https:\/\/elglobal.do\/index.php\/wp-json\/wp\/v2\/types\/post"}],"author":[{"embeddable":true,"href":"https:\/\/elglobal.do\/index.php\/wp-json\/wp\/v2\/users\/1"}],"replies":[{"embeddable":true,"href":"https:\/\/elglobal.do\/index.php\/wp-json\/wp\/v2\/comments?post=3965"}],"version-history":[{"count":1,"href":"https:\/\/elglobal.do\/index.php\/wp-json\/wp\/v2\/posts\/3965\/revisions"}],"predecessor-version":[{"id":3967,"href":"https:\/\/elglobal.do\/index.php\/wp-json\/wp\/v2\/posts\/3965\/revisions\/3967"}],"wp:featuredmedia":[{"embeddable":true,"href":"https:\/\/elglobal.do\/index.php\/wp-json\/wp\/v2\/media\/3966"}],"wp:attachment":[{"href":"https:\/\/elglobal.do\/index.php\/wp-json\/wp\/v2\/media?parent=3965"}],"wp:term":[{"taxonomy":"category","embeddable":true,"href":"https:\/\/elglobal.do\/index.php\/wp-json\/wp\/v2\/categories?post=3965"},{"taxonomy":"post_tag","embeddable":true,"href":"https:\/\/elglobal.do\/index.php\/wp-json\/wp\/v2\/tags?post=3965"}],"curies":[{"name":"wp","href":"https:\/\/api.w.org\/{rel}","templated":true}]}}