{"id":3984,"date":"2025-11-17T10:44:54","date_gmt":"2025-11-17T14:44:54","guid":{"rendered":"https:\/\/elglobal.do\/?p=3984"},"modified":"2025-11-17T10:44:56","modified_gmt":"2025-11-17T14:44:56","slug":"ministerio-de-salud-y-ops-capacitan-periodistas-para-fortalecer-comunicacion-responsable","status":"publish","type":"post","link":"https:\/\/elglobal.do\/index.php\/2025\/11\/17\/ministerio-de-salud-y-ops-capacitan-periodistas-para-fortalecer-comunicacion-responsable\/","title":{"rendered":"Ministerio de Salud y OPS capacitan periodistas para fortalecer  comunicaci\u00f3n responsable"},"content":{"rendered":"\n<figure class=\"wp-block-image size-large\"><img loading=\"lazy\" decoding=\"async\" width=\"1024\" height=\"682\" src=\"https:\/\/elglobal.do\/wp-content\/uploads\/2025\/11\/image-63-1024x682.png\" alt=\"\" class=\"wp-image-3985\" srcset=\"https:\/\/elglobal.do\/wp-content\/uploads\/2025\/11\/image-63-1024x682.png 1024w, https:\/\/elglobal.do\/wp-content\/uploads\/2025\/11\/image-63-300x200.png 300w, https:\/\/elglobal.do\/wp-content\/uploads\/2025\/11\/image-63-768x511.png 768w, https:\/\/elglobal.do\/wp-content\/uploads\/2025\/11\/image-63.png 1280w\" sizes=\"auto, (max-width: 1024px) 100vw, 1024px\" \/><\/figure>\n\n\n\n<p><strong>San Pedro de Macor\u00eds.- <\/strong>El Ministerio de Salud, junto a la Organizaci\u00f3n Panamericana de la Salud (OPS), desarroll\u00f3 durante tres d\u00edas un taller dirigido a periodistas y profesionales de la comunicaci\u00f3n, con el prop\u00f3sito de fortalecer las competencias necesarias para producir contenidos informativos responsables, respetuosos y centrados en la protecci\u00f3n de la dignidad humana.<\/p>\n\n\n\n<p>La capacitaci\u00f3n fue impartida por Tatiana Santos, consultora internacional de la Organizaci\u00f3n Panamericana de la Salud (OPS), y Bernardino Vitoy, asesor internacional de Promoci\u00f3n de Salud, Curso de Vida y Determinantes, de OPS, quienes ofrecieron t\u00e9cnicas y criterios actualizados para mejorar el tratamiento de informaciones relacionadas con personas en situaci\u00f3n de vulnerabilidad.<\/p>\n\n\n\n<p>Los facilitadores destacaron la importancia del rigor en el lenguaje y del uso preciso de los t\u00e9rminos, especialmente al abordar temas vinculados a salud, violencia o procesos judiciales.<\/p>\n\n\n\n<p>Uno de los puntos centrales del taller fue el manejo responsable de informaciones que involucran v\u00edctimas, personas menores de edad, individuos accidentados o cualquier persona cuya integridad pueda estar comprometida. Los especialistas recordaron el deber \u00e9tico de no revelar identidades en situaciones de riesgo, de utilizar adecuadamente el t\u00e9rmino feminicidio y de respetar las etapas del proceso penal para evitar conclusiones anticipadas o afectaciones a las investigaciones.<\/p>\n\n\n\n<p>Tambi\u00e9n se enfocaron en  la necesidad de difundir las l\u00edneas y servicios de ayuda disponibles para la poblaci\u00f3n, y procurar un abordaje humano en la cobertura de los hechos.<\/p>\n\n\n\n<p>Posteriormente, se introdujeron herramientas pr\u00e1cticas para escribir de manera m\u00e1s integradora y respetuosa, promoviendo expresiones que abarquen a todas las personas. Durante esta parte del taller se presentaron ejemplos como, usar \u201cla ni\u00f1ez\u201d en lugar de \u201clos ni\u00f1os, o las ni\u00f1as\u201d, o emplear t\u00e9rminos como \u201cla humanidad\u201d para referirse al conjunto de hombres y mujeres.<\/p>\n\n\n\n<p>Los participantes compartieron reflexiones sobre los desaf\u00edos del ejercicio period\u00edstico actual y coincidieron en la importancia de actualizar criterios y fortalecer la responsabilidad profesional para garantizar que la informaci\u00f3n que llega a la ciudadan\u00eda sea precisa, segura y respetuosa de los derechos humanos.<\/p>\n\n\n\n<p>Asimismo, reconocieron el rol fundamental del periodismo en investigar y comunicar las respuestas institucionales del Estado, aportando claridad en la redacci\u00f3n de la informaci\u00f3n.<\/p>\n\n\n\n<p>Durante el taller tambi\u00e9n estuvieron presentes Kharla Pimentel, consultora nacional de comunicaci\u00f3nes OPS; Rosmery M\u00e9ndez, encargada de Prensa del Ministerio de Salud; Betty Rodr\u00edguez, encargada del Programa Poblaciones Vulnerables del MISPAS y Carol Mart\u00ednez, presidenta del C\u00edrculo de Periodistas de la Salud (Cipesa), quienes acompa\u00f1aron el proceso formativo y reafirmaron el compromiso interinstitucional de promover una comunicaci\u00f3n que priorice la dignidad humana y el bienestar colectivo.<\/p>\n","protected":false},"excerpt":{"rendered":"<p>San Pedro de Macor\u00eds.- El Ministerio de Salud, junto a la Organizaci\u00f3n Panamericana de la Salud (OPS), desarroll\u00f3 durante tres d\u00edas un taller dirigido a periodistas y profesionales de la&hellip; <\/p>\n","protected":false},"author":1,"featured_media":3985,"comment_status":"open","ping_status":"open","sticky":false,"template":"","format":"standard","meta":{"_jetpack_memberships_contains_paid_content":false,"footnotes":""},"categories":[40],"tags":[2098,1985,2099,1662,2097,387,1929,102],"class_list":["post-3984","post","type-post","status-publish","format-standard","has-post-thumbnail","hentry","category-nacionales","tag-comunicacionresponsable","tag-fortalecer","tag-manejodeinformaciones","tag-ministeriodesalud","tag-ops","tag-periodismo","tag-periodistas","tag-taller"],"yoast_head":"<!-- This site is optimized with the Yoast SEO plugin v26.9 - https:\/\/yoast.com\/product\/yoast-seo-wordpress\/ -->\n<title>Ministerio de Salud y OPS capacitan periodistas para fortalecer comunicaci\u00f3n responsable - EL GLOBAL INFORMATIVO<\/title>\n<meta name=\"robots\" content=\"index, follow, max-snippet:-1, max-image-preview:large, max-video-preview:-1\" \/>\n<link rel=\"canonical\" href=\"https:\/\/elglobal.do\/index.php\/2025\/11\/17\/ministerio-de-salud-y-ops-capacitan-periodistas-para-fortalecer-comunicacion-responsable\/\" \/>\n<meta property=\"og:locale\" content=\"es_ES\" \/>\n<meta property=\"og:type\" content=\"article\" \/>\n<meta property=\"og:title\" content=\"Ministerio de Salud y OPS capacitan periodistas para fortalecer comunicaci\u00f3n responsable - EL GLOBAL INFORMATIVO\" \/>\n<meta property=\"og:description\" content=\"San Pedro de Macor\u00eds.- El Ministerio de Salud, junto a la Organizaci\u00f3n Panamericana de la Salud (OPS), desarroll\u00f3 durante tres d\u00edas un taller dirigido a periodistas y profesionales de la&hellip;\" \/>\n<meta property=\"og:url\" content=\"https:\/\/elglobal.do\/index.php\/2025\/11\/17\/ministerio-de-salud-y-ops-capacitan-periodistas-para-fortalecer-comunicacion-responsable\/\" \/>\n<meta property=\"og:site_name\" content=\"EL GLOBAL INFORMATIVO\" \/>\n<meta property=\"article:published_time\" content=\"2025-11-17T14:44:54+00:00\" \/>\n<meta property=\"article:modified_time\" content=\"2025-11-17T14:44:56+00:00\" \/>\n<meta property=\"og:image\" content=\"https:\/\/elglobal.do\/wp-content\/uploads\/2025\/11\/image-63.png\" \/>\n\t<meta property=\"og:image:width\" content=\"1280\" \/>\n\t<meta property=\"og:image:height\" content=\"852\" \/>\n\t<meta property=\"og:image:type\" content=\"image\/png\" \/>\n<meta name=\"author\" content=\"EL GLOBAL\" \/>\n<meta name=\"twitter:card\" content=\"summary_large_image\" \/>\n<meta name=\"twitter:label1\" content=\"Escrito por\" \/>\n\t<meta name=\"twitter:data1\" content=\"EL GLOBAL\" \/>\n\t<meta name=\"twitter:label2\" content=\"Tiempo de lectura\" \/>\n\t<meta name=\"twitter:data2\" content=\"3 minutos\" \/>\n<script type=\"application\/ld+json\" class=\"yoast-schema-graph\">{\"@context\":\"https:\/\/schema.org\",\"@graph\":[{\"@type\":\"Article\",\"@id\":\"https:\/\/elglobal.do\/index.php\/2025\/11\/17\/ministerio-de-salud-y-ops-capacitan-periodistas-para-fortalecer-comunicacion-responsable\/#article\",\"isPartOf\":{\"@id\":\"https:\/\/elglobal.do\/index.php\/2025\/11\/17\/ministerio-de-salud-y-ops-capacitan-periodistas-para-fortalecer-comunicacion-responsable\/\"},\"author\":{\"name\":\"EL GLOBAL\",\"@id\":\"https:\/\/elglobal.do\/#\/schema\/person\/0c97ec2c7714fb605d230c292f64d55f\"},\"headline\":\"Ministerio de Salud y OPS capacitan periodistas para fortalecer comunicaci\u00f3n responsable\",\"datePublished\":\"2025-11-17T14:44:54+00:00\",\"dateModified\":\"2025-11-17T14:44:56+00:00\",\"mainEntityOfPage\":{\"@id\":\"https:\/\/elglobal.do\/index.php\/2025\/11\/17\/ministerio-de-salud-y-ops-capacitan-periodistas-para-fortalecer-comunicacion-responsable\/\"},\"wordCount\":468,\"commentCount\":0,\"publisher\":{\"@id\":\"https:\/\/elglobal.do\/#organization\"},\"image\":{\"@id\":\"https:\/\/elglobal.do\/index.php\/2025\/11\/17\/ministerio-de-salud-y-ops-capacitan-periodistas-para-fortalecer-comunicacion-responsable\/#primaryimage\"},\"thumbnailUrl\":\"https:\/\/elglobal.do\/wp-content\/uploads\/2025\/11\/image-63.png\",\"keywords\":[\"#Comunicaci\u00f3nresponsable\",\"#Fortalecer\",\"#ManejodeInformaciones\",\"#MinisteriodeSalud\",\"#OPS\",\"#Periodismo\",\"#Periodistas\",\"#Taller\"],\"articleSection\":[\"NACIONALES\"],\"inLanguage\":\"es\",\"potentialAction\":[{\"@type\":\"CommentAction\",\"name\":\"Comment\",\"target\":[\"https:\/\/elglobal.do\/index.php\/2025\/11\/17\/ministerio-de-salud-y-ops-capacitan-periodistas-para-fortalecer-comunicacion-responsable\/#respond\"]}]},{\"@type\":\"WebPage\",\"@id\":\"https:\/\/elglobal.do\/index.php\/2025\/11\/17\/ministerio-de-salud-y-ops-capacitan-periodistas-para-fortalecer-comunicacion-responsable\/\",\"url\":\"https:\/\/elglobal.do\/index.php\/2025\/11\/17\/ministerio-de-salud-y-ops-capacitan-periodistas-para-fortalecer-comunicacion-responsable\/\",\"name\":\"Ministerio de Salud y OPS capacitan periodistas para fortalecer comunicaci\u00f3n responsable - EL GLOBAL INFORMATIVO\",\"isPartOf\":{\"@id\":\"https:\/\/elglobal.do\/#website\"},\"primaryImageOfPage\":{\"@id\":\"https:\/\/elglobal.do\/index.php\/2025\/11\/17\/ministerio-de-salud-y-ops-capacitan-periodistas-para-fortalecer-comunicacion-responsable\/#primaryimage\"},\"image\":{\"@id\":\"https:\/\/elglobal.do\/index.php\/2025\/11\/17\/ministerio-de-salud-y-ops-capacitan-periodistas-para-fortalecer-comunicacion-responsable\/#primaryimage\"},\"thumbnailUrl\":\"https:\/\/elglobal.do\/wp-content\/uploads\/2025\/11\/image-63.png\",\"datePublished\":\"2025-11-17T14:44:54+00:00\",\"dateModified\":\"2025-11-17T14:44:56+00:00\",\"breadcrumb\":{\"@id\":\"https:\/\/elglobal.do\/index.php\/2025\/11\/17\/ministerio-de-salud-y-ops-capacitan-periodistas-para-fortalecer-comunicacion-responsable\/#breadcrumb\"},\"inLanguage\":\"es\",\"potentialAction\":[{\"@type\":\"ReadAction\",\"target\":[\"https:\/\/elglobal.do\/index.php\/2025\/11\/17\/ministerio-de-salud-y-ops-capacitan-periodistas-para-fortalecer-comunicacion-responsable\/\"]}]},{\"@type\":\"ImageObject\",\"inLanguage\":\"es\",\"@id\":\"https:\/\/elglobal.do\/index.php\/2025\/11\/17\/ministerio-de-salud-y-ops-capacitan-periodistas-para-fortalecer-comunicacion-responsable\/#primaryimage\",\"url\":\"https:\/\/elglobal.do\/wp-content\/uploads\/2025\/11\/image-63.png\",\"contentUrl\":\"https:\/\/elglobal.do\/wp-content\/uploads\/2025\/11\/image-63.png\",\"width\":1280,\"height\":852},{\"@type\":\"BreadcrumbList\",\"@id\":\"https:\/\/elglobal.do\/index.php\/2025\/11\/17\/ministerio-de-salud-y-ops-capacitan-periodistas-para-fortalecer-comunicacion-responsable\/#breadcrumb\",\"itemListElement\":[{\"@type\":\"ListItem\",\"position\":1,\"name\":\"Portada\",\"item\":\"https:\/\/elglobal.do\/\"},{\"@type\":\"ListItem\",\"position\":2,\"name\":\"Ministerio de Salud y OPS capacitan periodistas para fortalecer comunicaci\u00f3n responsable\"}]},{\"@type\":\"WebSite\",\"@id\":\"https:\/\/elglobal.do\/#website\",\"url\":\"https:\/\/elglobal.do\/\",\"name\":\"EL GLOBAL INFORMATIVO\",\"description\":\"Peri\u00f3dico digital de la Rep\u00fablica Dominicana que ofrece noticias, novedades, pol\u00edtica y las \u00faltimas actualidades, con informaci\u00f3n veraz y oportuna para mantenerte siempre informad\",\"publisher\":{\"@id\":\"https:\/\/elglobal.do\/#organization\"},\"potentialAction\":[{\"@type\":\"SearchAction\",\"target\":{\"@type\":\"EntryPoint\",\"urlTemplate\":\"https:\/\/elglobal.do\/?s={search_term_string}\"},\"query-input\":{\"@type\":\"PropertyValueSpecification\",\"valueRequired\":true,\"valueName\":\"search_term_string\"}}],\"inLanguage\":\"es\"},{\"@type\":\"Organization\",\"@id\":\"https:\/\/elglobal.do\/#organization\",\"name\":\"EL GLOBAL.DO INFORMATIVO\",\"url\":\"https:\/\/elglobal.do\/\",\"logo\":{\"@type\":\"ImageObject\",\"inLanguage\":\"es\",\"@id\":\"https:\/\/elglobal.do\/#\/schema\/logo\/image\/\",\"url\":\"https:\/\/elglobal.do\/wp-content\/uploads\/2025\/08\/icon.png\",\"contentUrl\":\"https:\/\/elglobal.do\/wp-content\/uploads\/2025\/08\/icon.png\",\"width\":512,\"height\":512,\"caption\":\"EL GLOBAL.DO INFORMATIVO\"},\"image\":{\"@id\":\"https:\/\/elglobal.do\/#\/schema\/logo\/image\/\"}},{\"@type\":\"Person\",\"@id\":\"https:\/\/elglobal.do\/#\/schema\/person\/0c97ec2c7714fb605d230c292f64d55f\",\"name\":\"EL GLOBAL\",\"image\":{\"@type\":\"ImageObject\",\"inLanguage\":\"es\",\"@id\":\"https:\/\/elglobal.do\/#\/schema\/person\/image\/\",\"url\":\"https:\/\/secure.gravatar.com\/avatar\/081cfb6cf99faddc6f4e23a0c11ab98c5cf302925382d1c88dc3ed757ab910a3?s=96&d=mm&r=g\",\"contentUrl\":\"https:\/\/secure.gravatar.com\/avatar\/081cfb6cf99faddc6f4e23a0c11ab98c5cf302925382d1c88dc3ed757ab910a3?s=96&d=mm&r=g\",\"caption\":\"EL GLOBAL\"},\"description\":\"El Global Informativo es un peri\u00f3dico digital de Rep\u00fablica Dominicana que se dedica a cubrir temas importantes, como la pol\u00edtica local, geopol\u00edtica, econom\u00eda, tecnolog\u00eda, noticias internacionales y eventos relacionados con la gesti\u00f3n social, cultural y humana. Su objetivo principal es mantener a la poblaci\u00f3n informada, ofreciendo una visi\u00f3n amplia y actualizada de lo que sucede tanto en el pa\u00eds como en el mundo. Est\u00e1 dirigido por un grupo de periodistas experimentados, lo que garantiza la calidad y la precisi\u00f3n de la informaci\u00f3n que ofrecen. Tiene su sede en la ciudad de Santo Domingo y es parte integral del portafolio de la empresa, MC Global S.R.L.\",\"sameAs\":[\"https:\/\/elglobal.do\",\"https:\/\/www.instagram.com\/elglobal.do_informativo\/\"],\"url\":\"https:\/\/elglobal.do\/index.php\/author\/elglobaluserpro\/\"}]}<\/script>\n<!-- \/ Yoast SEO plugin. -->","yoast_head_json":{"title":"Ministerio de Salud y OPS capacitan periodistas para fortalecer comunicaci\u00f3n responsable - EL GLOBAL INFORMATIVO","robots":{"index":"index","follow":"follow","max-snippet":"max-snippet:-1","max-image-preview":"max-image-preview:large","max-video-preview":"max-video-preview:-1"},"canonical":"https:\/\/elglobal.do\/index.php\/2025\/11\/17\/ministerio-de-salud-y-ops-capacitan-periodistas-para-fortalecer-comunicacion-responsable\/","og_locale":"es_ES","og_type":"article","og_title":"Ministerio de Salud y OPS capacitan periodistas para fortalecer comunicaci\u00f3n responsable - EL GLOBAL INFORMATIVO","og_description":"San Pedro de Macor\u00eds.- El Ministerio de Salud, junto a la Organizaci\u00f3n Panamericana de la Salud (OPS), desarroll\u00f3 durante tres d\u00edas un taller dirigido a periodistas y profesionales de la&hellip;","og_url":"https:\/\/elglobal.do\/index.php\/2025\/11\/17\/ministerio-de-salud-y-ops-capacitan-periodistas-para-fortalecer-comunicacion-responsable\/","og_site_name":"EL GLOBAL INFORMATIVO","article_published_time":"2025-11-17T14:44:54+00:00","article_modified_time":"2025-11-17T14:44:56+00:00","og_image":[{"width":1280,"height":852,"url":"https:\/\/elglobal.do\/wp-content\/uploads\/2025\/11\/image-63.png","type":"image\/png"}],"author":"EL GLOBAL","twitter_card":"summary_large_image","twitter_misc":{"Escrito por":"EL GLOBAL","Tiempo de lectura":"3 minutos"},"schema":{"@context":"https:\/\/schema.org","@graph":[{"@type":"Article","@id":"https:\/\/elglobal.do\/index.php\/2025\/11\/17\/ministerio-de-salud-y-ops-capacitan-periodistas-para-fortalecer-comunicacion-responsable\/#article","isPartOf":{"@id":"https:\/\/elglobal.do\/index.php\/2025\/11\/17\/ministerio-de-salud-y-ops-capacitan-periodistas-para-fortalecer-comunicacion-responsable\/"},"author":{"name":"EL GLOBAL","@id":"https:\/\/elglobal.do\/#\/schema\/person\/0c97ec2c7714fb605d230c292f64d55f"},"headline":"Ministerio de Salud y OPS capacitan periodistas para fortalecer comunicaci\u00f3n responsable","datePublished":"2025-11-17T14:44:54+00:00","dateModified":"2025-11-17T14:44:56+00:00","mainEntityOfPage":{"@id":"https:\/\/elglobal.do\/index.php\/2025\/11\/17\/ministerio-de-salud-y-ops-capacitan-periodistas-para-fortalecer-comunicacion-responsable\/"},"wordCount":468,"commentCount":0,"publisher":{"@id":"https:\/\/elglobal.do\/#organization"},"image":{"@id":"https:\/\/elglobal.do\/index.php\/2025\/11\/17\/ministerio-de-salud-y-ops-capacitan-periodistas-para-fortalecer-comunicacion-responsable\/#primaryimage"},"thumbnailUrl":"https:\/\/elglobal.do\/wp-content\/uploads\/2025\/11\/image-63.png","keywords":["#Comunicaci\u00f3nresponsable","#Fortalecer","#ManejodeInformaciones","#MinisteriodeSalud","#OPS","#Periodismo","#Periodistas","#Taller"],"articleSection":["NACIONALES"],"inLanguage":"es","potentialAction":[{"@type":"CommentAction","name":"Comment","target":["https:\/\/elglobal.do\/index.php\/2025\/11\/17\/ministerio-de-salud-y-ops-capacitan-periodistas-para-fortalecer-comunicacion-responsable\/#respond"]}]},{"@type":"WebPage","@id":"https:\/\/elglobal.do\/index.php\/2025\/11\/17\/ministerio-de-salud-y-ops-capacitan-periodistas-para-fortalecer-comunicacion-responsable\/","url":"https:\/\/elglobal.do\/index.php\/2025\/11\/17\/ministerio-de-salud-y-ops-capacitan-periodistas-para-fortalecer-comunicacion-responsable\/","name":"Ministerio de Salud y OPS capacitan periodistas para fortalecer comunicaci\u00f3n responsable - EL GLOBAL INFORMATIVO","isPartOf":{"@id":"https:\/\/elglobal.do\/#website"},"primaryImageOfPage":{"@id":"https:\/\/elglobal.do\/index.php\/2025\/11\/17\/ministerio-de-salud-y-ops-capacitan-periodistas-para-fortalecer-comunicacion-responsable\/#primaryimage"},"image":{"@id":"https:\/\/elglobal.do\/index.php\/2025\/11\/17\/ministerio-de-salud-y-ops-capacitan-periodistas-para-fortalecer-comunicacion-responsable\/#primaryimage"},"thumbnailUrl":"https:\/\/elglobal.do\/wp-content\/uploads\/2025\/11\/image-63.png","datePublished":"2025-11-17T14:44:54+00:00","dateModified":"2025-11-17T14:44:56+00:00","breadcrumb":{"@id":"https:\/\/elglobal.do\/index.php\/2025\/11\/17\/ministerio-de-salud-y-ops-capacitan-periodistas-para-fortalecer-comunicacion-responsable\/#breadcrumb"},"inLanguage":"es","potentialAction":[{"@type":"ReadAction","target":["https:\/\/elglobal.do\/index.php\/2025\/11\/17\/ministerio-de-salud-y-ops-capacitan-periodistas-para-fortalecer-comunicacion-responsable\/"]}]},{"@type":"ImageObject","inLanguage":"es","@id":"https:\/\/elglobal.do\/index.php\/2025\/11\/17\/ministerio-de-salud-y-ops-capacitan-periodistas-para-fortalecer-comunicacion-responsable\/#primaryimage","url":"https:\/\/elglobal.do\/wp-content\/uploads\/2025\/11\/image-63.png","contentUrl":"https:\/\/elglobal.do\/wp-content\/uploads\/2025\/11\/image-63.png","width":1280,"height":852},{"@type":"BreadcrumbList","@id":"https:\/\/elglobal.do\/index.php\/2025\/11\/17\/ministerio-de-salud-y-ops-capacitan-periodistas-para-fortalecer-comunicacion-responsable\/#breadcrumb","itemListElement":[{"@type":"ListItem","position":1,"name":"Portada","item":"https:\/\/elglobal.do\/"},{"@type":"ListItem","position":2,"name":"Ministerio de Salud y OPS capacitan periodistas para fortalecer comunicaci\u00f3n responsable"}]},{"@type":"WebSite","@id":"https:\/\/elglobal.do\/#website","url":"https:\/\/elglobal.do\/","name":"EL GLOBAL INFORMATIVO","description":"Peri\u00f3dico digital de la Rep\u00fablica Dominicana que ofrece noticias, novedades, pol\u00edtica y las \u00faltimas actualidades, con informaci\u00f3n veraz y oportuna para mantenerte siempre informad","publisher":{"@id":"https:\/\/elglobal.do\/#organization"},"potentialAction":[{"@type":"SearchAction","target":{"@type":"EntryPoint","urlTemplate":"https:\/\/elglobal.do\/?s={search_term_string}"},"query-input":{"@type":"PropertyValueSpecification","valueRequired":true,"valueName":"search_term_string"}}],"inLanguage":"es"},{"@type":"Organization","@id":"https:\/\/elglobal.do\/#organization","name":"EL GLOBAL.DO INFORMATIVO","url":"https:\/\/elglobal.do\/","logo":{"@type":"ImageObject","inLanguage":"es","@id":"https:\/\/elglobal.do\/#\/schema\/logo\/image\/","url":"https:\/\/elglobal.do\/wp-content\/uploads\/2025\/08\/icon.png","contentUrl":"https:\/\/elglobal.do\/wp-content\/uploads\/2025\/08\/icon.png","width":512,"height":512,"caption":"EL GLOBAL.DO INFORMATIVO"},"image":{"@id":"https:\/\/elglobal.do\/#\/schema\/logo\/image\/"}},{"@type":"Person","@id":"https:\/\/elglobal.do\/#\/schema\/person\/0c97ec2c7714fb605d230c292f64d55f","name":"EL GLOBAL","image":{"@type":"ImageObject","inLanguage":"es","@id":"https:\/\/elglobal.do\/#\/schema\/person\/image\/","url":"https:\/\/secure.gravatar.com\/avatar\/081cfb6cf99faddc6f4e23a0c11ab98c5cf302925382d1c88dc3ed757ab910a3?s=96&d=mm&r=g","contentUrl":"https:\/\/secure.gravatar.com\/avatar\/081cfb6cf99faddc6f4e23a0c11ab98c5cf302925382d1c88dc3ed757ab910a3?s=96&d=mm&r=g","caption":"EL GLOBAL"},"description":"El Global Informativo es un peri\u00f3dico digital de Rep\u00fablica Dominicana que se dedica a cubrir temas importantes, como la pol\u00edtica local, geopol\u00edtica, econom\u00eda, tecnolog\u00eda, noticias internacionales y eventos relacionados con la gesti\u00f3n social, cultural y humana. Su objetivo principal es mantener a la poblaci\u00f3n informada, ofreciendo una visi\u00f3n amplia y actualizada de lo que sucede tanto en el pa\u00eds como en el mundo. Est\u00e1 dirigido por un grupo de periodistas experimentados, lo que garantiza la calidad y la precisi\u00f3n de la informaci\u00f3n que ofrecen. Tiene su sede en la ciudad de Santo Domingo y es parte integral del portafolio de la empresa, MC Global S.R.L.","sameAs":["https:\/\/elglobal.do","https:\/\/www.instagram.com\/elglobal.do_informativo\/"],"url":"https:\/\/elglobal.do\/index.php\/author\/elglobaluserpro\/"}]}},"jetpack_featured_media_url":"https:\/\/elglobal.do\/wp-content\/uploads\/2025\/11\/image-63.png","jetpack_sharing_enabled":true,"_links":{"self":[{"href":"https:\/\/elglobal.do\/index.php\/wp-json\/wp\/v2\/posts\/3984","targetHints":{"allow":["GET"]}}],"collection":[{"href":"https:\/\/elglobal.do\/index.php\/wp-json\/wp\/v2\/posts"}],"about":[{"href":"https:\/\/elglobal.do\/index.php\/wp-json\/wp\/v2\/types\/post"}],"author":[{"embeddable":true,"href":"https:\/\/elglobal.do\/index.php\/wp-json\/wp\/v2\/users\/1"}],"replies":[{"embeddable":true,"href":"https:\/\/elglobal.do\/index.php\/wp-json\/wp\/v2\/comments?post=3984"}],"version-history":[{"count":1,"href":"https:\/\/elglobal.do\/index.php\/wp-json\/wp\/v2\/posts\/3984\/revisions"}],"predecessor-version":[{"id":3989,"href":"https:\/\/elglobal.do\/index.php\/wp-json\/wp\/v2\/posts\/3984\/revisions\/3989"}],"wp:featuredmedia":[{"embeddable":true,"href":"https:\/\/elglobal.do\/index.php\/wp-json\/wp\/v2\/media\/3985"}],"wp:attachment":[{"href":"https:\/\/elglobal.do\/index.php\/wp-json\/wp\/v2\/media?parent=3984"}],"wp:term":[{"taxonomy":"category","embeddable":true,"href":"https:\/\/elglobal.do\/index.php\/wp-json\/wp\/v2\/categories?post=3984"},{"taxonomy":"post_tag","embeddable":true,"href":"https:\/\/elglobal.do\/index.php\/wp-json\/wp\/v2\/tags?post=3984"}],"curies":[{"name":"wp","href":"https:\/\/api.w.org\/{rel}","templated":true}]}}