{"id":399,"date":"2025-07-31T13:26:43","date_gmt":"2025-07-31T17:26:43","guid":{"rendered":"https:\/\/elglobal.do\/?p=399"},"modified":"2025-07-31T13:27:18","modified_gmt":"2025-07-31T17:27:18","slug":"identifican-persona-fallecida-y-herida-en-mg-kitchen-autor-del-hecho-fue-arrestado","status":"publish","type":"post","link":"https:\/\/elglobal.do\/index.php\/2025\/07\/31\/identifican-persona-fallecida-y-herida-en-mg-kitchen-autor-del-hecho-fue-arrestado\/","title":{"rendered":"Identifican persona fallecida y herida en MG Kitchen; autor del hecho fue arrestado"},"content":{"rendered":"\n<p><em><strong>La persona se\u00f1alada como el autor de los hechos fue identificado como Jos\u00e9 Alexander de los Santos, quien se encuentra detenido en el Departamento de Investigaciones de la Polic\u00eda Nacional.<\/strong><\/em><\/p>\n\n\n\n<figure class=\"wp-block-image size-full\"><img loading=\"lazy\" decoding=\"async\" width=\"950\" height=\"465\" src=\"https:\/\/elglobal.do\/wp-content\/uploads\/2025\/07\/image-1.jpeg\" alt=\"\" class=\"wp-image-400\" srcset=\"https:\/\/elglobal.do\/wp-content\/uploads\/2025\/07\/image-1.jpeg 950w, https:\/\/elglobal.do\/wp-content\/uploads\/2025\/07\/image-1-300x147.jpeg 300w, https:\/\/elglobal.do\/wp-content\/uploads\/2025\/07\/image-1-768x376.jpeg 768w\" sizes=\"auto, (max-width: 950px) 100vw, 950px\" \/><figcaption class=\"wp-element-caption\"><em>La persona fallecida se identific\u00f3 como Alexander Pilier, alias Alex Geed, de 30 a\u00f1os de edad \/<strong>Rosa Luna<\/strong><\/em><\/figcaption><\/figure>\n\n\n\n<p><strong>Santo Domingo, RD.\u00a0<\/strong>El vocero de la Polic\u00eda Nacional inform\u00f3 que se trata de<strong>\u00a0Alexander Pilier, alias Alex Geed,<\/strong>\u00a0de 30 a\u00f1os de edad, la persona que result\u00f3 muerta tras un tiroteo registrado la ma\u00f1ana de este jueves en el restaurante MG Kitchen, ubicado en la avenida Gustavo Mej\u00eda Ricart.<\/p>\n\n\n\n<p>Al ser entrevistado en el programa \u201cEl Sol de la ma\u00f1ana\u201d, Diego Pesqueira tambi\u00e9n inform\u00f3 que el herido fue identificado como&nbsp;<strong>Williard Castro Collado<\/strong>, de 23 a\u00f1os.&nbsp;<\/p>\n\n\n\n<p>Asimismo, la persona se\u00f1alada como el autor de los hechos fue identificado como&nbsp;<strong>Jos\u00e9 Alexander de los Santos<\/strong>, quien se encuentra detenido en el Departamento de Investigaciones de la Polic\u00eda Nacional.<\/p>\n\n\n\n<p>Seg\u00fan miembros del cuerpo de investigaci\u00f3n, el hecho ocurri\u00f3 alrededor de las 7:00 de la ma\u00f1ana, cuando las personas acudieron al restaurante a desayunar.<\/p>\n\n\n\n<p>De acuerdo a Pesqueira el hombre falleci\u00f3 mientras recib\u00eda atenciones m\u00e9dicas en un centro de salud. Mientras que respecto a la salud de Williard Castro Collado, se indic\u00f3 que \u00abest\u00e1 estable\u00bb.&nbsp;<\/p>\n\n\n\n<p>No es la primera vez que en el lugar ocurren este tipo de situaciones. En 2022 tambi\u00e9n se registr\u00f3 un hecho de sangre en el lugar que provoc\u00f3 la muerte de&nbsp;<strong>Edwin Jos\u00e9 Mej\u00eda de 47 a\u00f1os&nbsp;<\/strong>y dej\u00f3 a otras dos<\/p>\n\n\n\n<p>Fuente: <a href=\"https:\/\/listindiario.com\/la-republica\/20250731\/identifican-persona-fallecida-herida-mg-kitchen-autor-hecho-arrestado_868298.html\">https:\/\/listindiario.com\/la-republica\/20250731\/identifican-persona-fallecida-herida-mg-kitchen-autor-hecho-arrestado_868298.html<\/a> <\/p>\n","protected":false},"excerpt":{"rendered":"<p>La persona se\u00f1alada como el autor de los hechos fue identificado como Jos\u00e9 Alexander de los Santos, quien se encuentra detenido en el Departamento de Investigaciones de la Polic\u00eda Nacional.&hellip; <\/p>\n","protected":false},"author":1,"featured_media":400,"comment_status":"open","ping_status":"open","sticky":false,"template":"","format":"standard","meta":{"_jetpack_memberships_contains_paid_content":false,"footnotes":""},"categories":[40],"tags":[57,59,58],"class_list":["post-399","post","type-post","status-publish","format-standard","has-post-thumbnail","hentry","category-nacionales","tag-muerte","tag-policianacional","tag-trajedia"],"yoast_head":"<!-- This site is optimized with the Yoast SEO plugin v26.9 - https:\/\/yoast.com\/product\/yoast-seo-wordpress\/ -->\n<title>Identifican persona fallecida y herida en MG Kitchen; autor del hecho fue arrestado - EL GLOBAL INFORMATIVO<\/title>\n<meta name=\"robots\" content=\"index, follow, max-snippet:-1, max-image-preview:large, max-video-preview:-1\" \/>\n<link rel=\"canonical\" href=\"https:\/\/elglobal.do\/index.php\/2025\/07\/31\/identifican-persona-fallecida-y-herida-en-mg-kitchen-autor-del-hecho-fue-arrestado\/\" \/>\n<meta property=\"og:locale\" content=\"es_ES\" \/>\n<meta property=\"og:type\" content=\"article\" \/>\n<meta property=\"og:title\" content=\"Identifican persona fallecida y herida en MG Kitchen; autor del hecho fue arrestado - EL GLOBAL INFORMATIVO\" \/>\n<meta property=\"og:description\" content=\"La persona se\u00f1alada como el autor de los hechos fue identificado como Jos\u00e9 Alexander de los Santos, quien se encuentra detenido en el Departamento de Investigaciones de la Polic\u00eda Nacional.&hellip;\" \/>\n<meta property=\"og:url\" content=\"https:\/\/elglobal.do\/index.php\/2025\/07\/31\/identifican-persona-fallecida-y-herida-en-mg-kitchen-autor-del-hecho-fue-arrestado\/\" \/>\n<meta property=\"og:site_name\" content=\"EL GLOBAL INFORMATIVO\" \/>\n<meta property=\"article:published_time\" content=\"2025-07-31T17:26:43+00:00\" \/>\n<meta property=\"article:modified_time\" content=\"2025-07-31T17:27:18+00:00\" \/>\n<meta property=\"og:image\" content=\"https:\/\/elglobal.do\/wp-content\/uploads\/2025\/07\/image-1.jpeg\" \/>\n\t<meta property=\"og:image:width\" content=\"950\" \/>\n\t<meta property=\"og:image:height\" content=\"465\" \/>\n\t<meta property=\"og:image:type\" content=\"image\/jpeg\" \/>\n<meta name=\"author\" content=\"EL GLOBAL\" \/>\n<meta name=\"twitter:card\" content=\"summary_large_image\" \/>\n<meta name=\"twitter:label1\" content=\"Escrito por\" \/>\n\t<meta name=\"twitter:data1\" content=\"EL GLOBAL\" \/>\n\t<meta name=\"twitter:label2\" content=\"Tiempo de lectura\" \/>\n\t<meta name=\"twitter:data2\" content=\"1 minuto\" \/>\n<script type=\"application\/ld+json\" class=\"yoast-schema-graph\">{\"@context\":\"https:\/\/schema.org\",\"@graph\":[{\"@type\":\"Article\",\"@id\":\"https:\/\/elglobal.do\/index.php\/2025\/07\/31\/identifican-persona-fallecida-y-herida-en-mg-kitchen-autor-del-hecho-fue-arrestado\/#article\",\"isPartOf\":{\"@id\":\"https:\/\/elglobal.do\/index.php\/2025\/07\/31\/identifican-persona-fallecida-y-herida-en-mg-kitchen-autor-del-hecho-fue-arrestado\/\"},\"author\":{\"name\":\"EL GLOBAL\",\"@id\":\"https:\/\/elglobal.do\/#\/schema\/person\/0c97ec2c7714fb605d230c292f64d55f\"},\"headline\":\"Identifican persona fallecida y herida en MG Kitchen; autor del hecho fue arrestado\",\"datePublished\":\"2025-07-31T17:26:43+00:00\",\"dateModified\":\"2025-07-31T17:27:18+00:00\",\"mainEntityOfPage\":{\"@id\":\"https:\/\/elglobal.do\/index.php\/2025\/07\/31\/identifican-persona-fallecida-y-herida-en-mg-kitchen-autor-del-hecho-fue-arrestado\/\"},\"wordCount\":293,\"commentCount\":0,\"publisher\":{\"@id\":\"https:\/\/elglobal.do\/#organization\"},\"image\":{\"@id\":\"https:\/\/elglobal.do\/index.php\/2025\/07\/31\/identifican-persona-fallecida-y-herida-en-mg-kitchen-autor-del-hecho-fue-arrestado\/#primaryimage\"},\"thumbnailUrl\":\"https:\/\/elglobal.do\/wp-content\/uploads\/2025\/07\/image-1.jpeg\",\"keywords\":[\"#Muerte\",\"#PoliciaNacional\",\"#Trajedia\"],\"articleSection\":[\"NACIONALES\"],\"inLanguage\":\"es\",\"potentialAction\":[{\"@type\":\"CommentAction\",\"name\":\"Comment\",\"target\":[\"https:\/\/elglobal.do\/index.php\/2025\/07\/31\/identifican-persona-fallecida-y-herida-en-mg-kitchen-autor-del-hecho-fue-arrestado\/#respond\"]}]},{\"@type\":\"WebPage\",\"@id\":\"https:\/\/elglobal.do\/index.php\/2025\/07\/31\/identifican-persona-fallecida-y-herida-en-mg-kitchen-autor-del-hecho-fue-arrestado\/\",\"url\":\"https:\/\/elglobal.do\/index.php\/2025\/07\/31\/identifican-persona-fallecida-y-herida-en-mg-kitchen-autor-del-hecho-fue-arrestado\/\",\"name\":\"Identifican persona fallecida y herida en MG Kitchen; autor del hecho fue arrestado - EL GLOBAL INFORMATIVO\",\"isPartOf\":{\"@id\":\"https:\/\/elglobal.do\/#website\"},\"primaryImageOfPage\":{\"@id\":\"https:\/\/elglobal.do\/index.php\/2025\/07\/31\/identifican-persona-fallecida-y-herida-en-mg-kitchen-autor-del-hecho-fue-arrestado\/#primaryimage\"},\"image\":{\"@id\":\"https:\/\/elglobal.do\/index.php\/2025\/07\/31\/identifican-persona-fallecida-y-herida-en-mg-kitchen-autor-del-hecho-fue-arrestado\/#primaryimage\"},\"thumbnailUrl\":\"https:\/\/elglobal.do\/wp-content\/uploads\/2025\/07\/image-1.jpeg\",\"datePublished\":\"2025-07-31T17:26:43+00:00\",\"dateModified\":\"2025-07-31T17:27:18+00:00\",\"breadcrumb\":{\"@id\":\"https:\/\/elglobal.do\/index.php\/2025\/07\/31\/identifican-persona-fallecida-y-herida-en-mg-kitchen-autor-del-hecho-fue-arrestado\/#breadcrumb\"},\"inLanguage\":\"es\",\"potentialAction\":[{\"@type\":\"ReadAction\",\"target\":[\"https:\/\/elglobal.do\/index.php\/2025\/07\/31\/identifican-persona-fallecida-y-herida-en-mg-kitchen-autor-del-hecho-fue-arrestado\/\"]}]},{\"@type\":\"ImageObject\",\"inLanguage\":\"es\",\"@id\":\"https:\/\/elglobal.do\/index.php\/2025\/07\/31\/identifican-persona-fallecida-y-herida-en-mg-kitchen-autor-del-hecho-fue-arrestado\/#primaryimage\",\"url\":\"https:\/\/elglobal.do\/wp-content\/uploads\/2025\/07\/image-1.jpeg\",\"contentUrl\":\"https:\/\/elglobal.do\/wp-content\/uploads\/2025\/07\/image-1.jpeg\",\"width\":950,\"height\":465},{\"@type\":\"BreadcrumbList\",\"@id\":\"https:\/\/elglobal.do\/index.php\/2025\/07\/31\/identifican-persona-fallecida-y-herida-en-mg-kitchen-autor-del-hecho-fue-arrestado\/#breadcrumb\",\"itemListElement\":[{\"@type\":\"ListItem\",\"position\":1,\"name\":\"Portada\",\"item\":\"https:\/\/elglobal.do\/\"},{\"@type\":\"ListItem\",\"position\":2,\"name\":\"Identifican persona fallecida y herida en MG Kitchen; autor del hecho fue arrestado\"}]},{\"@type\":\"WebSite\",\"@id\":\"https:\/\/elglobal.do\/#website\",\"url\":\"https:\/\/elglobal.do\/\",\"name\":\"EL GLOBAL INFORMATIVO\",\"description\":\"Peri\u00f3dico digital de la Rep\u00fablica Dominicana que ofrece noticias, novedades, pol\u00edtica y las \u00faltimas actualidades, con informaci\u00f3n veraz y oportuna para mantenerte siempre informad\",\"publisher\":{\"@id\":\"https:\/\/elglobal.do\/#organization\"},\"potentialAction\":[{\"@type\":\"SearchAction\",\"target\":{\"@type\":\"EntryPoint\",\"urlTemplate\":\"https:\/\/elglobal.do\/?s={search_term_string}\"},\"query-input\":{\"@type\":\"PropertyValueSpecification\",\"valueRequired\":true,\"valueName\":\"search_term_string\"}}],\"inLanguage\":\"es\"},{\"@type\":\"Organization\",\"@id\":\"https:\/\/elglobal.do\/#organization\",\"name\":\"EL GLOBAL.DO INFORMATIVO\",\"url\":\"https:\/\/elglobal.do\/\",\"logo\":{\"@type\":\"ImageObject\",\"inLanguage\":\"es\",\"@id\":\"https:\/\/elglobal.do\/#\/schema\/logo\/image\/\",\"url\":\"https:\/\/elglobal.do\/wp-content\/uploads\/2025\/08\/icon.png\",\"contentUrl\":\"https:\/\/elglobal.do\/wp-content\/uploads\/2025\/08\/icon.png\",\"width\":512,\"height\":512,\"caption\":\"EL GLOBAL.DO INFORMATIVO\"},\"image\":{\"@id\":\"https:\/\/elglobal.do\/#\/schema\/logo\/image\/\"}},{\"@type\":\"Person\",\"@id\":\"https:\/\/elglobal.do\/#\/schema\/person\/0c97ec2c7714fb605d230c292f64d55f\",\"name\":\"EL GLOBAL\",\"image\":{\"@type\":\"ImageObject\",\"inLanguage\":\"es\",\"@id\":\"https:\/\/elglobal.do\/#\/schema\/person\/image\/\",\"url\":\"https:\/\/secure.gravatar.com\/avatar\/081cfb6cf99faddc6f4e23a0c11ab98c5cf302925382d1c88dc3ed757ab910a3?s=96&d=mm&r=g\",\"contentUrl\":\"https:\/\/secure.gravatar.com\/avatar\/081cfb6cf99faddc6f4e23a0c11ab98c5cf302925382d1c88dc3ed757ab910a3?s=96&d=mm&r=g\",\"caption\":\"EL GLOBAL\"},\"description\":\"El Global Informativo es un peri\u00f3dico digital de Rep\u00fablica Dominicana que se dedica a cubrir temas importantes, como la pol\u00edtica local, geopol\u00edtica, econom\u00eda, tecnolog\u00eda, noticias internacionales y eventos relacionados con la gesti\u00f3n social, cultural y humana. Su objetivo principal es mantener a la poblaci\u00f3n informada, ofreciendo una visi\u00f3n amplia y actualizada de lo que sucede tanto en el pa\u00eds como en el mundo. Est\u00e1 dirigido por un grupo de periodistas experimentados, lo que garantiza la calidad y la precisi\u00f3n de la informaci\u00f3n que ofrecen. Tiene su sede en la ciudad de Santo Domingo y es parte integral del portafolio de la empresa, MC Global S.R.L.\",\"sameAs\":[\"https:\/\/elglobal.do\",\"https:\/\/www.instagram.com\/elglobal.do_informativo\/\"],\"url\":\"https:\/\/elglobal.do\/index.php\/author\/elglobaluserpro\/\"}]}<\/script>\n<!-- \/ Yoast SEO plugin. -->","yoast_head_json":{"title":"Identifican persona fallecida y herida en MG Kitchen; autor del hecho fue arrestado - EL GLOBAL INFORMATIVO","robots":{"index":"index","follow":"follow","max-snippet":"max-snippet:-1","max-image-preview":"max-image-preview:large","max-video-preview":"max-video-preview:-1"},"canonical":"https:\/\/elglobal.do\/index.php\/2025\/07\/31\/identifican-persona-fallecida-y-herida-en-mg-kitchen-autor-del-hecho-fue-arrestado\/","og_locale":"es_ES","og_type":"article","og_title":"Identifican persona fallecida y herida en MG Kitchen; autor del hecho fue arrestado - EL GLOBAL INFORMATIVO","og_description":"La persona se\u00f1alada como el autor de los hechos fue identificado como Jos\u00e9 Alexander de los Santos, quien se encuentra detenido en el Departamento de Investigaciones de la Polic\u00eda Nacional.&hellip;","og_url":"https:\/\/elglobal.do\/index.php\/2025\/07\/31\/identifican-persona-fallecida-y-herida-en-mg-kitchen-autor-del-hecho-fue-arrestado\/","og_site_name":"EL GLOBAL INFORMATIVO","article_published_time":"2025-07-31T17:26:43+00:00","article_modified_time":"2025-07-31T17:27:18+00:00","og_image":[{"width":950,"height":465,"url":"https:\/\/elglobal.do\/wp-content\/uploads\/2025\/07\/image-1.jpeg","type":"image\/jpeg"}],"author":"EL GLOBAL","twitter_card":"summary_large_image","twitter_misc":{"Escrito por":"EL GLOBAL","Tiempo de lectura":"1 minuto"},"schema":{"@context":"https:\/\/schema.org","@graph":[{"@type":"Article","@id":"https:\/\/elglobal.do\/index.php\/2025\/07\/31\/identifican-persona-fallecida-y-herida-en-mg-kitchen-autor-del-hecho-fue-arrestado\/#article","isPartOf":{"@id":"https:\/\/elglobal.do\/index.php\/2025\/07\/31\/identifican-persona-fallecida-y-herida-en-mg-kitchen-autor-del-hecho-fue-arrestado\/"},"author":{"name":"EL GLOBAL","@id":"https:\/\/elglobal.do\/#\/schema\/person\/0c97ec2c7714fb605d230c292f64d55f"},"headline":"Identifican persona fallecida y herida en MG Kitchen; autor del hecho fue arrestado","datePublished":"2025-07-31T17:26:43+00:00","dateModified":"2025-07-31T17:27:18+00:00","mainEntityOfPage":{"@id":"https:\/\/elglobal.do\/index.php\/2025\/07\/31\/identifican-persona-fallecida-y-herida-en-mg-kitchen-autor-del-hecho-fue-arrestado\/"},"wordCount":293,"commentCount":0,"publisher":{"@id":"https:\/\/elglobal.do\/#organization"},"image":{"@id":"https:\/\/elglobal.do\/index.php\/2025\/07\/31\/identifican-persona-fallecida-y-herida-en-mg-kitchen-autor-del-hecho-fue-arrestado\/#primaryimage"},"thumbnailUrl":"https:\/\/elglobal.do\/wp-content\/uploads\/2025\/07\/image-1.jpeg","keywords":["#Muerte","#PoliciaNacional","#Trajedia"],"articleSection":["NACIONALES"],"inLanguage":"es","potentialAction":[{"@type":"CommentAction","name":"Comment","target":["https:\/\/elglobal.do\/index.php\/2025\/07\/31\/identifican-persona-fallecida-y-herida-en-mg-kitchen-autor-del-hecho-fue-arrestado\/#respond"]}]},{"@type":"WebPage","@id":"https:\/\/elglobal.do\/index.php\/2025\/07\/31\/identifican-persona-fallecida-y-herida-en-mg-kitchen-autor-del-hecho-fue-arrestado\/","url":"https:\/\/elglobal.do\/index.php\/2025\/07\/31\/identifican-persona-fallecida-y-herida-en-mg-kitchen-autor-del-hecho-fue-arrestado\/","name":"Identifican persona fallecida y herida en MG Kitchen; autor del hecho fue arrestado - EL GLOBAL INFORMATIVO","isPartOf":{"@id":"https:\/\/elglobal.do\/#website"},"primaryImageOfPage":{"@id":"https:\/\/elglobal.do\/index.php\/2025\/07\/31\/identifican-persona-fallecida-y-herida-en-mg-kitchen-autor-del-hecho-fue-arrestado\/#primaryimage"},"image":{"@id":"https:\/\/elglobal.do\/index.php\/2025\/07\/31\/identifican-persona-fallecida-y-herida-en-mg-kitchen-autor-del-hecho-fue-arrestado\/#primaryimage"},"thumbnailUrl":"https:\/\/elglobal.do\/wp-content\/uploads\/2025\/07\/image-1.jpeg","datePublished":"2025-07-31T17:26:43+00:00","dateModified":"2025-07-31T17:27:18+00:00","breadcrumb":{"@id":"https:\/\/elglobal.do\/index.php\/2025\/07\/31\/identifican-persona-fallecida-y-herida-en-mg-kitchen-autor-del-hecho-fue-arrestado\/#breadcrumb"},"inLanguage":"es","potentialAction":[{"@type":"ReadAction","target":["https:\/\/elglobal.do\/index.php\/2025\/07\/31\/identifican-persona-fallecida-y-herida-en-mg-kitchen-autor-del-hecho-fue-arrestado\/"]}]},{"@type":"ImageObject","inLanguage":"es","@id":"https:\/\/elglobal.do\/index.php\/2025\/07\/31\/identifican-persona-fallecida-y-herida-en-mg-kitchen-autor-del-hecho-fue-arrestado\/#primaryimage","url":"https:\/\/elglobal.do\/wp-content\/uploads\/2025\/07\/image-1.jpeg","contentUrl":"https:\/\/elglobal.do\/wp-content\/uploads\/2025\/07\/image-1.jpeg","width":950,"height":465},{"@type":"BreadcrumbList","@id":"https:\/\/elglobal.do\/index.php\/2025\/07\/31\/identifican-persona-fallecida-y-herida-en-mg-kitchen-autor-del-hecho-fue-arrestado\/#breadcrumb","itemListElement":[{"@type":"ListItem","position":1,"name":"Portada","item":"https:\/\/elglobal.do\/"},{"@type":"ListItem","position":2,"name":"Identifican persona fallecida y herida en MG Kitchen; autor del hecho fue arrestado"}]},{"@type":"WebSite","@id":"https:\/\/elglobal.do\/#website","url":"https:\/\/elglobal.do\/","name":"EL GLOBAL INFORMATIVO","description":"Peri\u00f3dico digital de la Rep\u00fablica Dominicana que ofrece noticias, novedades, pol\u00edtica y las \u00faltimas actualidades, con informaci\u00f3n veraz y oportuna para mantenerte siempre informad","publisher":{"@id":"https:\/\/elglobal.do\/#organization"},"potentialAction":[{"@type":"SearchAction","target":{"@type":"EntryPoint","urlTemplate":"https:\/\/elglobal.do\/?s={search_term_string}"},"query-input":{"@type":"PropertyValueSpecification","valueRequired":true,"valueName":"search_term_string"}}],"inLanguage":"es"},{"@type":"Organization","@id":"https:\/\/elglobal.do\/#organization","name":"EL GLOBAL.DO INFORMATIVO","url":"https:\/\/elglobal.do\/","logo":{"@type":"ImageObject","inLanguage":"es","@id":"https:\/\/elglobal.do\/#\/schema\/logo\/image\/","url":"https:\/\/elglobal.do\/wp-content\/uploads\/2025\/08\/icon.png","contentUrl":"https:\/\/elglobal.do\/wp-content\/uploads\/2025\/08\/icon.png","width":512,"height":512,"caption":"EL GLOBAL.DO INFORMATIVO"},"image":{"@id":"https:\/\/elglobal.do\/#\/schema\/logo\/image\/"}},{"@type":"Person","@id":"https:\/\/elglobal.do\/#\/schema\/person\/0c97ec2c7714fb605d230c292f64d55f","name":"EL GLOBAL","image":{"@type":"ImageObject","inLanguage":"es","@id":"https:\/\/elglobal.do\/#\/schema\/person\/image\/","url":"https:\/\/secure.gravatar.com\/avatar\/081cfb6cf99faddc6f4e23a0c11ab98c5cf302925382d1c88dc3ed757ab910a3?s=96&d=mm&r=g","contentUrl":"https:\/\/secure.gravatar.com\/avatar\/081cfb6cf99faddc6f4e23a0c11ab98c5cf302925382d1c88dc3ed757ab910a3?s=96&d=mm&r=g","caption":"EL GLOBAL"},"description":"El Global Informativo es un peri\u00f3dico digital de Rep\u00fablica Dominicana que se dedica a cubrir temas importantes, como la pol\u00edtica local, geopol\u00edtica, econom\u00eda, tecnolog\u00eda, noticias internacionales y eventos relacionados con la gesti\u00f3n social, cultural y humana. Su objetivo principal es mantener a la poblaci\u00f3n informada, ofreciendo una visi\u00f3n amplia y actualizada de lo que sucede tanto en el pa\u00eds como en el mundo. Est\u00e1 dirigido por un grupo de periodistas experimentados, lo que garantiza la calidad y la precisi\u00f3n de la informaci\u00f3n que ofrecen. Tiene su sede en la ciudad de Santo Domingo y es parte integral del portafolio de la empresa, MC Global S.R.L.","sameAs":["https:\/\/elglobal.do","https:\/\/www.instagram.com\/elglobal.do_informativo\/"],"url":"https:\/\/elglobal.do\/index.php\/author\/elglobaluserpro\/"}]}},"jetpack_featured_media_url":"https:\/\/elglobal.do\/wp-content\/uploads\/2025\/07\/image-1.jpeg","jetpack_sharing_enabled":true,"_links":{"self":[{"href":"https:\/\/elglobal.do\/index.php\/wp-json\/wp\/v2\/posts\/399","targetHints":{"allow":["GET"]}}],"collection":[{"href":"https:\/\/elglobal.do\/index.php\/wp-json\/wp\/v2\/posts"}],"about":[{"href":"https:\/\/elglobal.do\/index.php\/wp-json\/wp\/v2\/types\/post"}],"author":[{"embeddable":true,"href":"https:\/\/elglobal.do\/index.php\/wp-json\/wp\/v2\/users\/1"}],"replies":[{"embeddable":true,"href":"https:\/\/elglobal.do\/index.php\/wp-json\/wp\/v2\/comments?post=399"}],"version-history":[{"count":1,"href":"https:\/\/elglobal.do\/index.php\/wp-json\/wp\/v2\/posts\/399\/revisions"}],"predecessor-version":[{"id":401,"href":"https:\/\/elglobal.do\/index.php\/wp-json\/wp\/v2\/posts\/399\/revisions\/401"}],"wp:featuredmedia":[{"embeddable":true,"href":"https:\/\/elglobal.do\/index.php\/wp-json\/wp\/v2\/media\/400"}],"wp:attachment":[{"href":"https:\/\/elglobal.do\/index.php\/wp-json\/wp\/v2\/media?parent=399"}],"wp:term":[{"taxonomy":"category","embeddable":true,"href":"https:\/\/elglobal.do\/index.php\/wp-json\/wp\/v2\/categories?post=399"},{"taxonomy":"post_tag","embeddable":true,"href":"https:\/\/elglobal.do\/index.php\/wp-json\/wp\/v2\/tags?post=399"}],"curies":[{"name":"wp","href":"https:\/\/api.w.org\/{rel}","templated":true}]}}