{"id":4018,"date":"2025-11-19T15:43:30","date_gmt":"2025-11-19T19:43:30","guid":{"rendered":"https:\/\/elglobal.do\/?p=4018"},"modified":"2025-11-19T15:43:32","modified_gmt":"2025-11-19T19:43:32","slug":"coca-cola-enciende-su-tradicional-arbol-navideno-en-la-ciudad-colonial","status":"publish","type":"post","link":"https:\/\/elglobal.do\/index.php\/2025\/11\/19\/coca-cola-enciende-su-tradicional-arbol-navideno-en-la-ciudad-colonial\/","title":{"rendered":"Coca-Cola enciende su tradicional \u00e1rbol navide\u00f1o en la Ciudad Colonial"},"content":{"rendered":"\n<figure class=\"wp-block-image size-large\"><img loading=\"lazy\" decoding=\"async\" width=\"1024\" height=\"682\" src=\"https:\/\/elglobal.do\/wp-content\/uploads\/2025\/11\/c57db578-33de-4dec-b922-c81ec3b50845-1024x682.jpg\" alt=\"\" class=\"wp-image-4020\" srcset=\"https:\/\/elglobal.do\/wp-content\/uploads\/2025\/11\/c57db578-33de-4dec-b922-c81ec3b50845-1024x682.jpg 1024w, https:\/\/elglobal.do\/wp-content\/uploads\/2025\/11\/c57db578-33de-4dec-b922-c81ec3b50845-300x200.jpg 300w, https:\/\/elglobal.do\/wp-content\/uploads\/2025\/11\/c57db578-33de-4dec-b922-c81ec3b50845-768x512.jpg 768w, https:\/\/elglobal.do\/wp-content\/uploads\/2025\/11\/c57db578-33de-4dec-b922-c81ec3b50845-1536x1023.jpg 1536w, https:\/\/elglobal.do\/wp-content\/uploads\/2025\/11\/c57db578-33de-4dec-b922-c81ec3b50845.jpg 1600w\" sizes=\"auto, (max-width: 1024px) 100vw, 1024px\" \/><\/figure>\n\n\n\n<p><strong>Santo Domingo. \u2013<\/strong> El Sistema Coca-Cola, conformado por la compa\u00f1\u00eda Coca-Cola y su socio embotellador, Bepensa Dominicana, dio inicio oficial a la Navidad en Rep\u00fablica Dominicana con el emblem\u00e1tico encendido de su \u00e1rbol navide\u00f1o en la Plaza Espa\u00f1a, en la Ciudad Colonial, con un vibrante y colorido espect\u00e1culo para toda la familia.<\/p>\n\n\n\n<p>El \u00e1rbol, de 60 pies de altura, se convirti\u00f3 en el escenario de una celebraci\u00f3n llena de magia, m\u00fasica en vivo, la visita de Santa Claus, din\u00e1micas familiares y experiencias interactivas dise\u00f1adas para compartir la frescura y la alegr\u00eda propias de la temporada.<\/p>\n\n\n\n<p>Este a\u00f1o, Coca-Cola presenta su campa\u00f1a \u201cToma una Coca-Cola. Vive el Esp\u00edritu Navide\u00f1o\u201d, una invitaci\u00f3n a redescubrir la conexi\u00f3n humana y transformar el ajetreo t\u00edpico de la \u00e9poca en momentos de pausa y felicidad compartida.<\/p>\n\n\n\n<p>\u201cCreemos que la Navidad es un tiempo para reconectarnos, celebrar juntos y disfrutar los peque\u00f1os momentos que realmente importan. Con esta campa\u00f1a, lo que buscamos es inspirar a las personas a vivir el esp\u00edritu navide\u00f1o con optimismo y alegr\u00eda, recordando que cada encuentro puede convertirse en algo especial cuando se comparte una Coca-Cola\u00bb expres\u00f3 Ana Virginia Garc\u00eda, directora de Marketing de Coca-Cola Rep\u00fablica Dominicana. Adem\u00e1s, agreg\u00f3 que la marca refuerza su compromiso de difundir la alegr\u00eda fomentando momentos de frescura.<br><\/p>\n\n\n\n<figure class=\"wp-block-image size-large\"><img loading=\"lazy\" decoding=\"async\" width=\"1024\" height=\"682\" src=\"https:\/\/elglobal.do\/wp-content\/uploads\/2025\/11\/bdea0ef7-4992-4fe5-b652-86926cd6c468-1024x682.jpg\" alt=\"\" class=\"wp-image-4021\" srcset=\"https:\/\/elglobal.do\/wp-content\/uploads\/2025\/11\/bdea0ef7-4992-4fe5-b652-86926cd6c468-1024x682.jpg 1024w, https:\/\/elglobal.do\/wp-content\/uploads\/2025\/11\/bdea0ef7-4992-4fe5-b652-86926cd6c468-300x200.jpg 300w, https:\/\/elglobal.do\/wp-content\/uploads\/2025\/11\/bdea0ef7-4992-4fe5-b652-86926cd6c468-768x512.jpg 768w, https:\/\/elglobal.do\/wp-content\/uploads\/2025\/11\/bdea0ef7-4992-4fe5-b652-86926cd6c468-1536x1023.jpg 1536w, https:\/\/elglobal.do\/wp-content\/uploads\/2025\/11\/bdea0ef7-4992-4fe5-b652-86926cd6c468.jpg 1600w\" sizes=\"auto, (max-width: 1024px) 100vw, 1024px\" \/><\/figure>\n\n\n\n<p><\/p>\n\n\n\n<p>Mientras que C\u00e9sar de Le\u00f3n, director de Mercadeo de Bepensa Dominicana, anunci\u00f3 que la marca tambi\u00e9n llevar\u00e1 la magia de la temporada a distintas comunidades del pa\u00eds. \u201cEstaremos desarrollando la Ruta de Santa, con actividades en supermercados, plazas comerciales y restaurantes de comida r\u00e1pida, para regalar momentos inspiradores a todos los dominicanos. Y, adem\u00e1s, a trav\u00e9s de nuestra plataforma <em>Coke Studio<\/em>, estaremos patrocinando conciertos y otras actividades que promuevan vivir la magia de esta temporada tan especial y esperada por todos\u201d.<\/p>\n\n\n\n<p>Agregaron que la compa\u00f1\u00eda tendr\u00e1 presencia en centros comerciales de Santo Domingo como Downtown Center y Sambil, donde las familias podr\u00e1n disfrutar de actividades especiales, incluyendo la tradicional foto con Santa Claus, como parte de su programa festivo.<\/p>\n\n\n\n<p><br>Con todas estas acciones, el Sistema Coca-Cola reafirma su papel como \u00edcono de la Navidad en Rep\u00fablica Dominicana, invitando a las personas a renovar su esp\u00edritu navide\u00f1o, a compartir con los suyos y a celebrar los momentos que unen, inspiran y llenan de alegr\u00eda los corazones.<\/p>\n\n\n\n<p><\/p>\n","protected":false},"excerpt":{"rendered":"<p>Santo Domingo. \u2013 El Sistema Coca-Cola, conformado por la compa\u00f1\u00eda Coca-Cola y su socio embotellador, Bepensa Dominicana, dio inicio oficial a la Navidad en Rep\u00fablica Dominicana con el emblem\u00e1tico encendido&hellip; <\/p>\n","protected":false},"author":1,"featured_media":4019,"comment_status":"open","ping_status":"open","sticky":false,"template":"","format":"standard","meta":{"_jetpack_memberships_contains_paid_content":false,"footnotes":""},"categories":[327],"tags":[2129,2130,324,2127,98,1928,2128],"class_list":["post-4018","post","type-post","status-publish","format-standard","has-post-thumbnail","hentry","category-sociales","tag-arbolnavideno","tag-bepensadominicana","tag-ciudadcolonial","tag-coca-cola","tag-elglobalinformativo","tag-navidad","tag-tradicion"],"yoast_head":"<!-- This site is optimized with the Yoast SEO plugin v26.9 - https:\/\/yoast.com\/product\/yoast-seo-wordpress\/ -->\n<title>Coca-Cola enciende su tradicional \u00e1rbol navide\u00f1o en la Ciudad Colonial - EL GLOBAL INFORMATIVO<\/title>\n<meta name=\"robots\" content=\"index, follow, max-snippet:-1, max-image-preview:large, max-video-preview:-1\" \/>\n<link rel=\"canonical\" href=\"https:\/\/elglobal.do\/index.php\/2025\/11\/19\/coca-cola-enciende-su-tradicional-arbol-navideno-en-la-ciudad-colonial\/\" \/>\n<meta property=\"og:locale\" content=\"es_ES\" \/>\n<meta property=\"og:type\" content=\"article\" \/>\n<meta property=\"og:title\" content=\"Coca-Cola enciende su tradicional \u00e1rbol navide\u00f1o en la Ciudad Colonial - EL GLOBAL INFORMATIVO\" \/>\n<meta property=\"og:description\" content=\"Santo Domingo. \u2013 El Sistema Coca-Cola, conformado por la compa\u00f1\u00eda Coca-Cola y su socio embotellador, Bepensa Dominicana, dio inicio oficial a la Navidad en Rep\u00fablica Dominicana con el emblem\u00e1tico encendido&hellip;\" \/>\n<meta property=\"og:url\" content=\"https:\/\/elglobal.do\/index.php\/2025\/11\/19\/coca-cola-enciende-su-tradicional-arbol-navideno-en-la-ciudad-colonial\/\" \/>\n<meta property=\"og:site_name\" content=\"EL GLOBAL INFORMATIVO\" \/>\n<meta property=\"article:published_time\" content=\"2025-11-19T19:43:30+00:00\" \/>\n<meta property=\"article:modified_time\" content=\"2025-11-19T19:43:32+00:00\" \/>\n<meta property=\"og:image\" content=\"https:\/\/elglobal.do\/wp-content\/uploads\/2025\/11\/be53ab14-1dd1-4d46-8024-949fffe073c8.jpg\" \/>\n\t<meta property=\"og:image:width\" content=\"1600\" \/>\n\t<meta property=\"og:image:height\" content=\"1066\" \/>\n\t<meta property=\"og:image:type\" content=\"image\/jpeg\" \/>\n<meta name=\"author\" content=\"EL GLOBAL\" \/>\n<meta name=\"twitter:card\" content=\"summary_large_image\" \/>\n<meta name=\"twitter:label1\" content=\"Escrito por\" \/>\n\t<meta name=\"twitter:data1\" content=\"EL GLOBAL\" \/>\n\t<meta name=\"twitter:label2\" content=\"Tiempo de lectura\" \/>\n\t<meta name=\"twitter:data2\" content=\"3 minutos\" \/>\n<script type=\"application\/ld+json\" class=\"yoast-schema-graph\">{\"@context\":\"https:\/\/schema.org\",\"@graph\":[{\"@type\":\"Article\",\"@id\":\"https:\/\/elglobal.do\/index.php\/2025\/11\/19\/coca-cola-enciende-su-tradicional-arbol-navideno-en-la-ciudad-colonial\/#article\",\"isPartOf\":{\"@id\":\"https:\/\/elglobal.do\/index.php\/2025\/11\/19\/coca-cola-enciende-su-tradicional-arbol-navideno-en-la-ciudad-colonial\/\"},\"author\":{\"name\":\"EL GLOBAL\",\"@id\":\"https:\/\/elglobal.do\/#\/schema\/person\/0c97ec2c7714fb605d230c292f64d55f\"},\"headline\":\"Coca-Cola enciende su tradicional \u00e1rbol navide\u00f1o en la Ciudad Colonial\",\"datePublished\":\"2025-11-19T19:43:30+00:00\",\"dateModified\":\"2025-11-19T19:43:32+00:00\",\"mainEntityOfPage\":{\"@id\":\"https:\/\/elglobal.do\/index.php\/2025\/11\/19\/coca-cola-enciende-su-tradicional-arbol-navideno-en-la-ciudad-colonial\/\"},\"wordCount\":424,\"commentCount\":0,\"publisher\":{\"@id\":\"https:\/\/elglobal.do\/#organization\"},\"image\":{\"@id\":\"https:\/\/elglobal.do\/index.php\/2025\/11\/19\/coca-cola-enciende-su-tradicional-arbol-navideno-en-la-ciudad-colonial\/#primaryimage\"},\"thumbnailUrl\":\"https:\/\/elglobal.do\/wp-content\/uploads\/2025\/11\/be53ab14-1dd1-4d46-8024-949fffe073c8.jpg\",\"keywords\":[\"#\u00c1rbolNavide\u00f1o\",\"#BepensaDominicana\",\"#CiudadColonial\",\"#Coca-Cola\",\"#ElGlobalInformativo\",\"#Navidad\",\"#Tradici\u00f3n\"],\"articleSection\":[\"SOCIALES\"],\"inLanguage\":\"es\",\"potentialAction\":[{\"@type\":\"CommentAction\",\"name\":\"Comment\",\"target\":[\"https:\/\/elglobal.do\/index.php\/2025\/11\/19\/coca-cola-enciende-su-tradicional-arbol-navideno-en-la-ciudad-colonial\/#respond\"]}]},{\"@type\":\"WebPage\",\"@id\":\"https:\/\/elglobal.do\/index.php\/2025\/11\/19\/coca-cola-enciende-su-tradicional-arbol-navideno-en-la-ciudad-colonial\/\",\"url\":\"https:\/\/elglobal.do\/index.php\/2025\/11\/19\/coca-cola-enciende-su-tradicional-arbol-navideno-en-la-ciudad-colonial\/\",\"name\":\"Coca-Cola enciende su tradicional \u00e1rbol navide\u00f1o en la Ciudad Colonial - EL GLOBAL INFORMATIVO\",\"isPartOf\":{\"@id\":\"https:\/\/elglobal.do\/#website\"},\"primaryImageOfPage\":{\"@id\":\"https:\/\/elglobal.do\/index.php\/2025\/11\/19\/coca-cola-enciende-su-tradicional-arbol-navideno-en-la-ciudad-colonial\/#primaryimage\"},\"image\":{\"@id\":\"https:\/\/elglobal.do\/index.php\/2025\/11\/19\/coca-cola-enciende-su-tradicional-arbol-navideno-en-la-ciudad-colonial\/#primaryimage\"},\"thumbnailUrl\":\"https:\/\/elglobal.do\/wp-content\/uploads\/2025\/11\/be53ab14-1dd1-4d46-8024-949fffe073c8.jpg\",\"datePublished\":\"2025-11-19T19:43:30+00:00\",\"dateModified\":\"2025-11-19T19:43:32+00:00\",\"breadcrumb\":{\"@id\":\"https:\/\/elglobal.do\/index.php\/2025\/11\/19\/coca-cola-enciende-su-tradicional-arbol-navideno-en-la-ciudad-colonial\/#breadcrumb\"},\"inLanguage\":\"es\",\"potentialAction\":[{\"@type\":\"ReadAction\",\"target\":[\"https:\/\/elglobal.do\/index.php\/2025\/11\/19\/coca-cola-enciende-su-tradicional-arbol-navideno-en-la-ciudad-colonial\/\"]}]},{\"@type\":\"ImageObject\",\"inLanguage\":\"es\",\"@id\":\"https:\/\/elglobal.do\/index.php\/2025\/11\/19\/coca-cola-enciende-su-tradicional-arbol-navideno-en-la-ciudad-colonial\/#primaryimage\",\"url\":\"https:\/\/elglobal.do\/wp-content\/uploads\/2025\/11\/be53ab14-1dd1-4d46-8024-949fffe073c8.jpg\",\"contentUrl\":\"https:\/\/elglobal.do\/wp-content\/uploads\/2025\/11\/be53ab14-1dd1-4d46-8024-949fffe073c8.jpg\",\"width\":1600,\"height\":1066},{\"@type\":\"BreadcrumbList\",\"@id\":\"https:\/\/elglobal.do\/index.php\/2025\/11\/19\/coca-cola-enciende-su-tradicional-arbol-navideno-en-la-ciudad-colonial\/#breadcrumb\",\"itemListElement\":[{\"@type\":\"ListItem\",\"position\":1,\"name\":\"Portada\",\"item\":\"https:\/\/elglobal.do\/\"},{\"@type\":\"ListItem\",\"position\":2,\"name\":\"Coca-Cola enciende su tradicional \u00e1rbol navide\u00f1o en la Ciudad Colonial\"}]},{\"@type\":\"WebSite\",\"@id\":\"https:\/\/elglobal.do\/#website\",\"url\":\"https:\/\/elglobal.do\/\",\"name\":\"EL GLOBAL INFORMATIVO\",\"description\":\"Peri\u00f3dico digital de la Rep\u00fablica Dominicana que ofrece noticias, novedades, pol\u00edtica y las \u00faltimas actualidades, con informaci\u00f3n veraz y oportuna para mantenerte siempre informad\",\"publisher\":{\"@id\":\"https:\/\/elglobal.do\/#organization\"},\"potentialAction\":[{\"@type\":\"SearchAction\",\"target\":{\"@type\":\"EntryPoint\",\"urlTemplate\":\"https:\/\/elglobal.do\/?s={search_term_string}\"},\"query-input\":{\"@type\":\"PropertyValueSpecification\",\"valueRequired\":true,\"valueName\":\"search_term_string\"}}],\"inLanguage\":\"es\"},{\"@type\":\"Organization\",\"@id\":\"https:\/\/elglobal.do\/#organization\",\"name\":\"EL GLOBAL.DO INFORMATIVO\",\"url\":\"https:\/\/elglobal.do\/\",\"logo\":{\"@type\":\"ImageObject\",\"inLanguage\":\"es\",\"@id\":\"https:\/\/elglobal.do\/#\/schema\/logo\/image\/\",\"url\":\"https:\/\/elglobal.do\/wp-content\/uploads\/2025\/08\/icon.png\",\"contentUrl\":\"https:\/\/elglobal.do\/wp-content\/uploads\/2025\/08\/icon.png\",\"width\":512,\"height\":512,\"caption\":\"EL GLOBAL.DO INFORMATIVO\"},\"image\":{\"@id\":\"https:\/\/elglobal.do\/#\/schema\/logo\/image\/\"}},{\"@type\":\"Person\",\"@id\":\"https:\/\/elglobal.do\/#\/schema\/person\/0c97ec2c7714fb605d230c292f64d55f\",\"name\":\"EL GLOBAL\",\"image\":{\"@type\":\"ImageObject\",\"inLanguage\":\"es\",\"@id\":\"https:\/\/elglobal.do\/#\/schema\/person\/image\/\",\"url\":\"https:\/\/secure.gravatar.com\/avatar\/081cfb6cf99faddc6f4e23a0c11ab98c5cf302925382d1c88dc3ed757ab910a3?s=96&d=mm&r=g\",\"contentUrl\":\"https:\/\/secure.gravatar.com\/avatar\/081cfb6cf99faddc6f4e23a0c11ab98c5cf302925382d1c88dc3ed757ab910a3?s=96&d=mm&r=g\",\"caption\":\"EL GLOBAL\"},\"description\":\"El Global Informativo es un peri\u00f3dico digital de Rep\u00fablica Dominicana que se dedica a cubrir temas importantes, como la pol\u00edtica local, geopol\u00edtica, econom\u00eda, tecnolog\u00eda, noticias internacionales y eventos relacionados con la gesti\u00f3n social, cultural y humana. Su objetivo principal es mantener a la poblaci\u00f3n informada, ofreciendo una visi\u00f3n amplia y actualizada de lo que sucede tanto en el pa\u00eds como en el mundo. Est\u00e1 dirigido por un grupo de periodistas experimentados, lo que garantiza la calidad y la precisi\u00f3n de la informaci\u00f3n que ofrecen. Tiene su sede en la ciudad de Santo Domingo y es parte integral del portafolio de la empresa, MC Global S.R.L.\",\"sameAs\":[\"https:\/\/elglobal.do\",\"https:\/\/www.instagram.com\/elglobal.do_informativo\/\"],\"url\":\"https:\/\/elglobal.do\/index.php\/author\/elglobaluserpro\/\"}]}<\/script>\n<!-- \/ Yoast SEO plugin. -->","yoast_head_json":{"title":"Coca-Cola enciende su tradicional \u00e1rbol navide\u00f1o en la Ciudad Colonial - EL GLOBAL INFORMATIVO","robots":{"index":"index","follow":"follow","max-snippet":"max-snippet:-1","max-image-preview":"max-image-preview:large","max-video-preview":"max-video-preview:-1"},"canonical":"https:\/\/elglobal.do\/index.php\/2025\/11\/19\/coca-cola-enciende-su-tradicional-arbol-navideno-en-la-ciudad-colonial\/","og_locale":"es_ES","og_type":"article","og_title":"Coca-Cola enciende su tradicional \u00e1rbol navide\u00f1o en la Ciudad Colonial - EL GLOBAL INFORMATIVO","og_description":"Santo Domingo. \u2013 El Sistema Coca-Cola, conformado por la compa\u00f1\u00eda Coca-Cola y su socio embotellador, Bepensa Dominicana, dio inicio oficial a la Navidad en Rep\u00fablica Dominicana con el emblem\u00e1tico encendido&hellip;","og_url":"https:\/\/elglobal.do\/index.php\/2025\/11\/19\/coca-cola-enciende-su-tradicional-arbol-navideno-en-la-ciudad-colonial\/","og_site_name":"EL GLOBAL INFORMATIVO","article_published_time":"2025-11-19T19:43:30+00:00","article_modified_time":"2025-11-19T19:43:32+00:00","og_image":[{"width":1600,"height":1066,"url":"https:\/\/elglobal.do\/wp-content\/uploads\/2025\/11\/be53ab14-1dd1-4d46-8024-949fffe073c8.jpg","type":"image\/jpeg"}],"author":"EL GLOBAL","twitter_card":"summary_large_image","twitter_misc":{"Escrito por":"EL GLOBAL","Tiempo de lectura":"3 minutos"},"schema":{"@context":"https:\/\/schema.org","@graph":[{"@type":"Article","@id":"https:\/\/elglobal.do\/index.php\/2025\/11\/19\/coca-cola-enciende-su-tradicional-arbol-navideno-en-la-ciudad-colonial\/#article","isPartOf":{"@id":"https:\/\/elglobal.do\/index.php\/2025\/11\/19\/coca-cola-enciende-su-tradicional-arbol-navideno-en-la-ciudad-colonial\/"},"author":{"name":"EL GLOBAL","@id":"https:\/\/elglobal.do\/#\/schema\/person\/0c97ec2c7714fb605d230c292f64d55f"},"headline":"Coca-Cola enciende su tradicional \u00e1rbol navide\u00f1o en la Ciudad Colonial","datePublished":"2025-11-19T19:43:30+00:00","dateModified":"2025-11-19T19:43:32+00:00","mainEntityOfPage":{"@id":"https:\/\/elglobal.do\/index.php\/2025\/11\/19\/coca-cola-enciende-su-tradicional-arbol-navideno-en-la-ciudad-colonial\/"},"wordCount":424,"commentCount":0,"publisher":{"@id":"https:\/\/elglobal.do\/#organization"},"image":{"@id":"https:\/\/elglobal.do\/index.php\/2025\/11\/19\/coca-cola-enciende-su-tradicional-arbol-navideno-en-la-ciudad-colonial\/#primaryimage"},"thumbnailUrl":"https:\/\/elglobal.do\/wp-content\/uploads\/2025\/11\/be53ab14-1dd1-4d46-8024-949fffe073c8.jpg","keywords":["#\u00c1rbolNavide\u00f1o","#BepensaDominicana","#CiudadColonial","#Coca-Cola","#ElGlobalInformativo","#Navidad","#Tradici\u00f3n"],"articleSection":["SOCIALES"],"inLanguage":"es","potentialAction":[{"@type":"CommentAction","name":"Comment","target":["https:\/\/elglobal.do\/index.php\/2025\/11\/19\/coca-cola-enciende-su-tradicional-arbol-navideno-en-la-ciudad-colonial\/#respond"]}]},{"@type":"WebPage","@id":"https:\/\/elglobal.do\/index.php\/2025\/11\/19\/coca-cola-enciende-su-tradicional-arbol-navideno-en-la-ciudad-colonial\/","url":"https:\/\/elglobal.do\/index.php\/2025\/11\/19\/coca-cola-enciende-su-tradicional-arbol-navideno-en-la-ciudad-colonial\/","name":"Coca-Cola enciende su tradicional \u00e1rbol navide\u00f1o en la Ciudad Colonial - EL GLOBAL INFORMATIVO","isPartOf":{"@id":"https:\/\/elglobal.do\/#website"},"primaryImageOfPage":{"@id":"https:\/\/elglobal.do\/index.php\/2025\/11\/19\/coca-cola-enciende-su-tradicional-arbol-navideno-en-la-ciudad-colonial\/#primaryimage"},"image":{"@id":"https:\/\/elglobal.do\/index.php\/2025\/11\/19\/coca-cola-enciende-su-tradicional-arbol-navideno-en-la-ciudad-colonial\/#primaryimage"},"thumbnailUrl":"https:\/\/elglobal.do\/wp-content\/uploads\/2025\/11\/be53ab14-1dd1-4d46-8024-949fffe073c8.jpg","datePublished":"2025-11-19T19:43:30+00:00","dateModified":"2025-11-19T19:43:32+00:00","breadcrumb":{"@id":"https:\/\/elglobal.do\/index.php\/2025\/11\/19\/coca-cola-enciende-su-tradicional-arbol-navideno-en-la-ciudad-colonial\/#breadcrumb"},"inLanguage":"es","potentialAction":[{"@type":"ReadAction","target":["https:\/\/elglobal.do\/index.php\/2025\/11\/19\/coca-cola-enciende-su-tradicional-arbol-navideno-en-la-ciudad-colonial\/"]}]},{"@type":"ImageObject","inLanguage":"es","@id":"https:\/\/elglobal.do\/index.php\/2025\/11\/19\/coca-cola-enciende-su-tradicional-arbol-navideno-en-la-ciudad-colonial\/#primaryimage","url":"https:\/\/elglobal.do\/wp-content\/uploads\/2025\/11\/be53ab14-1dd1-4d46-8024-949fffe073c8.jpg","contentUrl":"https:\/\/elglobal.do\/wp-content\/uploads\/2025\/11\/be53ab14-1dd1-4d46-8024-949fffe073c8.jpg","width":1600,"height":1066},{"@type":"BreadcrumbList","@id":"https:\/\/elglobal.do\/index.php\/2025\/11\/19\/coca-cola-enciende-su-tradicional-arbol-navideno-en-la-ciudad-colonial\/#breadcrumb","itemListElement":[{"@type":"ListItem","position":1,"name":"Portada","item":"https:\/\/elglobal.do\/"},{"@type":"ListItem","position":2,"name":"Coca-Cola enciende su tradicional \u00e1rbol navide\u00f1o en la Ciudad Colonial"}]},{"@type":"WebSite","@id":"https:\/\/elglobal.do\/#website","url":"https:\/\/elglobal.do\/","name":"EL GLOBAL INFORMATIVO","description":"Peri\u00f3dico digital de la Rep\u00fablica Dominicana que ofrece noticias, novedades, pol\u00edtica y las \u00faltimas actualidades, con informaci\u00f3n veraz y oportuna para mantenerte siempre informad","publisher":{"@id":"https:\/\/elglobal.do\/#organization"},"potentialAction":[{"@type":"SearchAction","target":{"@type":"EntryPoint","urlTemplate":"https:\/\/elglobal.do\/?s={search_term_string}"},"query-input":{"@type":"PropertyValueSpecification","valueRequired":true,"valueName":"search_term_string"}}],"inLanguage":"es"},{"@type":"Organization","@id":"https:\/\/elglobal.do\/#organization","name":"EL GLOBAL.DO INFORMATIVO","url":"https:\/\/elglobal.do\/","logo":{"@type":"ImageObject","inLanguage":"es","@id":"https:\/\/elglobal.do\/#\/schema\/logo\/image\/","url":"https:\/\/elglobal.do\/wp-content\/uploads\/2025\/08\/icon.png","contentUrl":"https:\/\/elglobal.do\/wp-content\/uploads\/2025\/08\/icon.png","width":512,"height":512,"caption":"EL GLOBAL.DO INFORMATIVO"},"image":{"@id":"https:\/\/elglobal.do\/#\/schema\/logo\/image\/"}},{"@type":"Person","@id":"https:\/\/elglobal.do\/#\/schema\/person\/0c97ec2c7714fb605d230c292f64d55f","name":"EL GLOBAL","image":{"@type":"ImageObject","inLanguage":"es","@id":"https:\/\/elglobal.do\/#\/schema\/person\/image\/","url":"https:\/\/secure.gravatar.com\/avatar\/081cfb6cf99faddc6f4e23a0c11ab98c5cf302925382d1c88dc3ed757ab910a3?s=96&d=mm&r=g","contentUrl":"https:\/\/secure.gravatar.com\/avatar\/081cfb6cf99faddc6f4e23a0c11ab98c5cf302925382d1c88dc3ed757ab910a3?s=96&d=mm&r=g","caption":"EL GLOBAL"},"description":"El Global Informativo es un peri\u00f3dico digital de Rep\u00fablica Dominicana que se dedica a cubrir temas importantes, como la pol\u00edtica local, geopol\u00edtica, econom\u00eda, tecnolog\u00eda, noticias internacionales y eventos relacionados con la gesti\u00f3n social, cultural y humana. Su objetivo principal es mantener a la poblaci\u00f3n informada, ofreciendo una visi\u00f3n amplia y actualizada de lo que sucede tanto en el pa\u00eds como en el mundo. Est\u00e1 dirigido por un grupo de periodistas experimentados, lo que garantiza la calidad y la precisi\u00f3n de la informaci\u00f3n que ofrecen. Tiene su sede en la ciudad de Santo Domingo y es parte integral del portafolio de la empresa, MC Global S.R.L.","sameAs":["https:\/\/elglobal.do","https:\/\/www.instagram.com\/elglobal.do_informativo\/"],"url":"https:\/\/elglobal.do\/index.php\/author\/elglobaluserpro\/"}]}},"jetpack_featured_media_url":"https:\/\/elglobal.do\/wp-content\/uploads\/2025\/11\/be53ab14-1dd1-4d46-8024-949fffe073c8.jpg","jetpack_sharing_enabled":true,"_links":{"self":[{"href":"https:\/\/elglobal.do\/index.php\/wp-json\/wp\/v2\/posts\/4018","targetHints":{"allow":["GET"]}}],"collection":[{"href":"https:\/\/elglobal.do\/index.php\/wp-json\/wp\/v2\/posts"}],"about":[{"href":"https:\/\/elglobal.do\/index.php\/wp-json\/wp\/v2\/types\/post"}],"author":[{"embeddable":true,"href":"https:\/\/elglobal.do\/index.php\/wp-json\/wp\/v2\/users\/1"}],"replies":[{"embeddable":true,"href":"https:\/\/elglobal.do\/index.php\/wp-json\/wp\/v2\/comments?post=4018"}],"version-history":[{"count":1,"href":"https:\/\/elglobal.do\/index.php\/wp-json\/wp\/v2\/posts\/4018\/revisions"}],"predecessor-version":[{"id":4022,"href":"https:\/\/elglobal.do\/index.php\/wp-json\/wp\/v2\/posts\/4018\/revisions\/4022"}],"wp:featuredmedia":[{"embeddable":true,"href":"https:\/\/elglobal.do\/index.php\/wp-json\/wp\/v2\/media\/4019"}],"wp:attachment":[{"href":"https:\/\/elglobal.do\/index.php\/wp-json\/wp\/v2\/media?parent=4018"}],"wp:term":[{"taxonomy":"category","embeddable":true,"href":"https:\/\/elglobal.do\/index.php\/wp-json\/wp\/v2\/categories?post=4018"},{"taxonomy":"post_tag","embeddable":true,"href":"https:\/\/elglobal.do\/index.php\/wp-json\/wp\/v2\/tags?post=4018"}],"curies":[{"name":"wp","href":"https:\/\/api.w.org\/{rel}","templated":true}]}}