{"id":402,"date":"2025-07-31T13:53:41","date_gmt":"2025-07-31T17:53:41","guid":{"rendered":"https:\/\/elglobal.do\/?p=402"},"modified":"2025-07-31T13:53:42","modified_gmt":"2025-07-31T17:53:42","slug":"inauguracion-del-hospital-traumatologico-de-higuey-responde-a-una-deuda-historica-con-la-provincia-la-altagracia","status":"publish","type":"post","link":"https:\/\/elglobal.do\/index.php\/2025\/07\/31\/inauguracion-del-hospital-traumatologico-de-higuey-responde-a-una-deuda-historica-con-la-provincia-la-altagracia\/","title":{"rendered":"Inauguraci\u00f3n del Hospital Traumatol\u00f3gico de Hig\u00fcey responde a una deuda hist\u00f3rica con la provincia La Altagracia"},"content":{"rendered":"\n<p><strong>\u201c<\/strong><em><strong>La inauguraci\u00f3n de este centro de salud representa un firme paso hacia la consolidaci\u00f3n de la red traumatol\u00f3gica anunciada en el 2022<strong>\u201d<\/strong>, destac\u00f3 el presidente Luis Abinader.<\/strong><\/em><\/p>\n\n\n\n<p><strong>Hig\u00fcey. \u2013<\/strong> El presidente Luis Abinader inaugur\u00f3 este jueves el Hospital Traumatol\u00f3gico de Hig\u00fcey, el primero especializado en su categor\u00eda en toda la regi\u00f3n Este del pa\u00eds, marcando un hito en el fortalecimiento del sistema de salud p\u00fablica y dando respuesta a <a href=\"https:\/\/presidencia.gob.do\/noticias\/presidente-abinader-inaugurara-nuevo-hospital-traumatologico-y-tres-escuelas\">una deuda hist\u00f3rica con la provincia La Altagracia.<\/a><\/p>\n\n\n\n<p>La apertura de este centro, que lleva atenci\u00f3n digna y r\u00e1pida respuesta a emergencias, tuvo una inversi\u00f3n de casi RD$1,000 millones de pesos y representa un avance significativo en los servicios m\u00e9dicos especializados en la zona reduciendo la necesidad de traslados a centros lejanos, agilizando los tiempos de respuesta y salvando vidas en toda la regi\u00f3n Este.<\/p>\n\n\n\n<p>Durante el acto, <strong>el presidente Abinader<\/strong> destac\u00f3 que la inauguraci\u00f3n del nuevo Hospital Traumatol\u00f3gico de Hig\u00fcey representa un paso firme hacia la consolidaci\u00f3n de la red de trauma anunciada en 2022, y un cambio profundo en el modelo de atenci\u00f3n en salud del pa\u00eds. \u00abEsto es un cambio sustancial y transformador en el sector salud\u00bb.<\/p>\n\n\n\n<p>Explic\u00f3 que uno de los principales retos hist\u00f3ricos del sistema de salud ha sido la atenci\u00f3n oportuna a v\u00edctimas de accidentes de tr\u00e1nsito y adelant\u00f3 que el gobierno trabaja en el desarrollo de una aplicaci\u00f3n digital que permitir\u00e1 activar de inmediato el protocolo de la red de traumas en caso de accidentes en carretera, optimizando los tiempos de respuesta y canalizando de forma eficiente los traslados hacia los centros adecuados.<\/p>\n\n\n\n<p>Asimismo, resalt\u00f3 que, el <strong>Gobierno est\u00e1 construyendo otras redes especializadas<\/strong>, entre ellas una red de di\u00e1lisis y pie diab\u00e9tico, que podr\u00eda estar completada en un 70% antes de finalizar el a\u00f1o, y una red de servicios oncol\u00f3gicos. <strong>\u201cEsta estructura permite que los pacientes no tengan que trasladarse desde municipios hasta las cabeceras provinciales o hasta Santo Domingo para recibir atenci\u00f3n especializada. En el caso de la di\u00e1lisis, eso significa un alivio significativo para muchas familias\u201d<\/strong>.<\/p>\n\n\n\n<figure class=\"wp-block-image size-large\"><img loading=\"lazy\" decoding=\"async\" width=\"1024\" height=\"683\" src=\"https:\/\/elglobal.do\/wp-content\/uploads\/2025\/07\/Hospital-1024x683.jpeg\" alt=\"\" class=\"wp-image-404\" srcset=\"https:\/\/elglobal.do\/wp-content\/uploads\/2025\/07\/Hospital-1024x683.jpeg 1024w, https:\/\/elglobal.do\/wp-content\/uploads\/2025\/07\/Hospital-300x200.jpeg 300w, https:\/\/elglobal.do\/wp-content\/uploads\/2025\/07\/Hospital-768x512.jpeg 768w, https:\/\/elglobal.do\/wp-content\/uploads\/2025\/07\/Hospital-1536x1024.jpeg 1536w, https:\/\/elglobal.do\/wp-content\/uploads\/2025\/07\/Hospital-2048x1366.jpeg 2048w\" sizes=\"auto, (max-width: 1024px) 100vw, 1024px\" \/><\/figure>\n\n\n\n<p><\/p>\n\n\n\n<p><strong>\u201cEstamos construyendo una verdadera red nacional de traumas. Antes solo exist\u00edan tres hospitales traumatol\u00f3gicos en todo el pa\u00eds: dos en Santo Domingo y uno en La Vega, construido en la gesti\u00f3n del presidente Hip\u00f3lito Mej\u00eda. Hoy estamos cambiando eso con hechos\u201d<\/strong>, afirm\u00f3 Abinader.<\/p>\n\n\n\n<p>El jefe de Estado inform\u00f3 que ya se encuentra en construcci\u00f3n el Hospital Traumatol\u00f3gico de Sos\u00faa, que se entregar\u00e1 en 2026 y dar\u00e1 soporte a la regi\u00f3n norte, especialmente en zonas de alta actividad tur\u00edstica y comercial y est\u00e1n avanzando en el desarrollo de los hospitales traumatol\u00f3gicos de San Crist\u00f3bal y Mao, lo que permitir\u00e1 establecer una cobertura nacional efectiva y equilibrada.<\/p>\n\n\n\n<p>Asimismo, destac\u00f3 que el nuevo Hospital Regional Docente San Vicente de Pa\u00fal, en San Francisco de Macor\u00eds, contar\u00e1 con una moderna \u00e1rea de trauma, equipada y dise\u00f1ada para ofrecer atenci\u00f3n especializada de alta complejidad en el nordeste del pa\u00eds.<\/p>\n\n\n\n<p>Finalmente, el mandatario reafirm\u00f3 su compromiso con el fortalecimiento del sistema de salud en todo el territorio nacional y asegur\u00f3 que avanzan en salud con pasos firmes y resultados visibles en cada rinc\u00f3n del pa\u00eds. \u00abNos sentimos orgullosos, pero sobre todo muy comprometidos a seguir trabajando cada d\u00eda para servir mejor al pueblo dominicano\u201d.<\/p>\n\n\n\n<p><strong>Ampliaci\u00f3n de red hospitalaria del pa\u00eds<\/strong><\/p>\n\n\n\n<p>De su lado, <strong>el ministro de Vivienda y Edificaciones (MIVED), Carlos Bonilla<\/strong>, se\u00f1al\u00f3 que con esta entrega del hospital ya son 11 hospitales entregados por el MIVED en tan solo 5 a\u00f1os, a los que se suman 11 Centros de Diagn\u00f3stico y Atenci\u00f3n Primaria, cinco nuevas emergencias, una unidad oncopedi\u00e1trica, dos unidades de hemodi\u00e1lisis y un centro psicosocial.<\/p>\n\n\n\n<p>En tanto, <strong>el director del Servicio Nacional de Salud (SNS), Mario Lama<\/strong>, destac\u00f3 el compromiso del presidente Abinader con la descentralizaci\u00f3n y el fortalecimiento de la red nacional de atenci\u00f3n traumatol\u00f3gica. Se\u00f1al\u00f3 que, antes del actual gobierno, los servicios de trauma estaban concentrados en apenas tres hospitales, dos en Santo Domingo y uno en La Vega, mientras que ahora se avanza en una cobertura m\u00e1s equitativa, como evidencia la entrega del Hospital Traumatol\u00f3gico de Azua en febrero y ahora el de Hig\u00fcey\u201c.<\/p>\n\n\n\n<p>Inform\u00f3 que el proceso de puesta en funcionamiento ser\u00e1 progresivo: el 18 de agosto inician las consultas externas; el 1 de septiembre se activan los servicios de laboratorio, rayos X y sonograf\u00eda; el 15 de septiembre se incorpora la tomograf\u00eda y la resonancia; y el 6 de octubre entran en operaci\u00f3n la emergencia, internamiento, quir\u00f3fanos y cuidados intensivos. Finalmente, el 13 de octubre se habilita el \u00e1rea de fisioterapia, con el objetivo de lograr la operatividad total del hospital en solo dos meses y medio.<\/p>\n\n\n\n<p>Tambi\u00e9n, <strong>el ministro de Salud P\u00fablica, V\u00edctor Atallah<\/strong>, destac\u00f3 la visi\u00f3n del jefe de Estado quien pone el pensamiento en el pueblo y dise\u00f1a pol\u00edticas p\u00fablicas para transformar la salud de la naci\u00f3n y resalt\u00f3 que, con este hospital se tiene respuesta a los accidentados a una distancia menor de 60 a 90 minutos para que reciban atenci\u00f3n oportuna r\u00e1pida y efectiva.<\/p>\n\n\n\n<p>Este hospital traumatol\u00f3gico, cuya construcci\u00f3n inici\u00f3 en diciembre del 2023 y se realiz\u00f3 en tiempo r\u00e9cord, cuenta con consulta externa, adem\u00e1s de cuatro consultorios de especialidades generales y un laboratorio. Adem\u00e1s, tiene una moderna unidad de emergencia que incluye \u00e1reas de triaje para casos leves, moderados y graves, as\u00ed como un espacio especializado para trauma shock.<\/p>\n\n\n\n<p>Igualmente dispone de una unidad de fisioterapia, que incorpora terapia del habla, electroterapia, tratamientos con parafina, apoyo psicol\u00f3gico y un gimnasio para adultos. Tambi\u00e9n, una unidad quir\u00fargica, con tres quir\u00f3fanos generales, \u00e1rea de soporte, salas prequir\u00fargicas con tres camas y \u00e1reas postquir\u00fargicas con capacidad de seis pacientes.<\/p>\n\n\n\n<p>A esto se suma una unidad de cuidados intensivos (UCI), compuesta por siete cub\u00edculos y dos cub\u00edculos aislados, destinados a pacientes que requieran mayores atenciones m\u00e9dicas, adem\u00e1s de \u00e1rea de im\u00e1genes que incluye rayos X, sonograf\u00eda y resonancia magn\u00e9tica.<\/p>\n\n\n\n<p>En febrero de este a\u00f1o, el presidente Abinader entreg\u00f3 el Hospital Regional Traumatol\u00f3gico de Azua, al servicio de la regi\u00f3n sur, con tecnolog\u00eda de punta y personal altamente capacitado.<\/p>\n\n\n\n<p>En el acto de inauguraci\u00f3n estuvieron presentes, el ministro de Educaci\u00f3n, Luis Miguel De Camps; el senador por la provincia la Altagracia, Rafael Duluc; la gobernadora, Daysi De \u00d3leo y la alcaldesa del municipio de Hig\u00fcey, Karina Arista.<\/p>\n","protected":false},"excerpt":{"rendered":"<p>\u201cLa inauguraci\u00f3n de este centro de salud representa un firme paso hacia la consolidaci\u00f3n de la red traumatol\u00f3gica anunciada en el 2022\u201d, destac\u00f3 el presidente Luis Abinader. Hig\u00fcey. \u2013 El&hellip; <\/p>\n","protected":false},"author":1,"featured_media":403,"comment_status":"open","ping_status":"open","sticky":false,"template":"","format":"standard","meta":{"_jetpack_memberships_contains_paid_content":false,"footnotes":""},"categories":[40],"tags":[63,62,60,61],"class_list":["post-402","post","type-post","status-publish","format-standard","has-post-thumbnail","hentry","category-nacionales","tag-higuey","tag-gobierno","tag-hospital","tag-salud"],"yoast_head":"<!-- This site is optimized with the Yoast SEO plugin v26.9 - https:\/\/yoast.com\/product\/yoast-seo-wordpress\/ -->\n<title>Inauguraci\u00f3n del Hospital Traumatol\u00f3gico de Hig\u00fcey responde a una deuda hist\u00f3rica con la provincia La Altagracia - EL GLOBAL INFORMATIVO<\/title>\n<meta name=\"robots\" content=\"index, follow, max-snippet:-1, max-image-preview:large, max-video-preview:-1\" \/>\n<link rel=\"canonical\" href=\"https:\/\/elglobal.do\/index.php\/2025\/07\/31\/inauguracion-del-hospital-traumatologico-de-higuey-responde-a-una-deuda-historica-con-la-provincia-la-altagracia\/\" \/>\n<meta property=\"og:locale\" content=\"es_ES\" \/>\n<meta property=\"og:type\" content=\"article\" \/>\n<meta property=\"og:title\" content=\"Inauguraci\u00f3n del Hospital Traumatol\u00f3gico de Hig\u00fcey responde a una deuda hist\u00f3rica con la provincia La Altagracia - EL GLOBAL INFORMATIVO\" \/>\n<meta property=\"og:description\" content=\"\u201cLa inauguraci\u00f3n de este centro de salud representa un firme paso hacia la consolidaci\u00f3n de la red traumatol\u00f3gica anunciada en el 2022\u201d, destac\u00f3 el presidente Luis Abinader. Hig\u00fcey. \u2013 El&hellip;\" \/>\n<meta property=\"og:url\" content=\"https:\/\/elglobal.do\/index.php\/2025\/07\/31\/inauguracion-del-hospital-traumatologico-de-higuey-responde-a-una-deuda-historica-con-la-provincia-la-altagracia\/\" \/>\n<meta property=\"og:site_name\" content=\"EL GLOBAL INFORMATIVO\" \/>\n<meta property=\"article:published_time\" content=\"2025-07-31T17:53:41+00:00\" \/>\n<meta property=\"article:modified_time\" content=\"2025-07-31T17:53:42+00:00\" \/>\n<meta property=\"og:image\" content=\"https:\/\/elglobal.do\/wp-content\/uploads\/2025\/07\/Presidente-scaled.jpg\" \/>\n\t<meta property=\"og:image:width\" content=\"2560\" \/>\n\t<meta property=\"og:image:height\" content=\"1718\" \/>\n\t<meta property=\"og:image:type\" content=\"image\/jpeg\" \/>\n<meta name=\"author\" content=\"EL GLOBAL\" \/>\n<meta name=\"twitter:card\" content=\"summary_large_image\" \/>\n<meta name=\"twitter:label1\" content=\"Escrito por\" \/>\n\t<meta name=\"twitter:data1\" content=\"EL GLOBAL\" \/>\n\t<meta name=\"twitter:label2\" content=\"Tiempo de lectura\" \/>\n\t<meta name=\"twitter:data2\" content=\"6 minutos\" \/>\n<script type=\"application\/ld+json\" class=\"yoast-schema-graph\">{\"@context\":\"https:\/\/schema.org\",\"@graph\":[{\"@type\":\"Article\",\"@id\":\"https:\/\/elglobal.do\/index.php\/2025\/07\/31\/inauguracion-del-hospital-traumatologico-de-higuey-responde-a-una-deuda-historica-con-la-provincia-la-altagracia\/#article\",\"isPartOf\":{\"@id\":\"https:\/\/elglobal.do\/index.php\/2025\/07\/31\/inauguracion-del-hospital-traumatologico-de-higuey-responde-a-una-deuda-historica-con-la-provincia-la-altagracia\/\"},\"author\":{\"name\":\"EL GLOBAL\",\"@id\":\"https:\/\/elglobal.do\/#\/schema\/person\/0c97ec2c7714fb605d230c292f64d55f\"},\"headline\":\"Inauguraci\u00f3n del Hospital Traumatol\u00f3gico de Hig\u00fcey responde a una deuda hist\u00f3rica con la provincia La Altagracia\",\"datePublished\":\"2025-07-31T17:53:41+00:00\",\"dateModified\":\"2025-07-31T17:53:42+00:00\",\"mainEntityOfPage\":{\"@id\":\"https:\/\/elglobal.do\/index.php\/2025\/07\/31\/inauguracion-del-hospital-traumatologico-de-higuey-responde-a-una-deuda-historica-con-la-provincia-la-altagracia\/\"},\"wordCount\":1148,\"commentCount\":0,\"publisher\":{\"@id\":\"https:\/\/elglobal.do\/#organization\"},\"image\":{\"@id\":\"https:\/\/elglobal.do\/index.php\/2025\/07\/31\/inauguracion-del-hospital-traumatologico-de-higuey-responde-a-una-deuda-historica-con-la-provincia-la-altagracia\/#primaryimage\"},\"thumbnailUrl\":\"https:\/\/elglobal.do\/wp-content\/uploads\/2025\/07\/Presidente-scaled.jpg\",\"keywords\":[\"# Hig\u00fcey\",\"#Gobierno\",\"#Hospital\",\"#Salud\"],\"articleSection\":[\"NACIONALES\"],\"inLanguage\":\"es\",\"potentialAction\":[{\"@type\":\"CommentAction\",\"name\":\"Comment\",\"target\":[\"https:\/\/elglobal.do\/index.php\/2025\/07\/31\/inauguracion-del-hospital-traumatologico-de-higuey-responde-a-una-deuda-historica-con-la-provincia-la-altagracia\/#respond\"]}]},{\"@type\":\"WebPage\",\"@id\":\"https:\/\/elglobal.do\/index.php\/2025\/07\/31\/inauguracion-del-hospital-traumatologico-de-higuey-responde-a-una-deuda-historica-con-la-provincia-la-altagracia\/\",\"url\":\"https:\/\/elglobal.do\/index.php\/2025\/07\/31\/inauguracion-del-hospital-traumatologico-de-higuey-responde-a-una-deuda-historica-con-la-provincia-la-altagracia\/\",\"name\":\"Inauguraci\u00f3n del Hospital Traumatol\u00f3gico de Hig\u00fcey responde a una deuda hist\u00f3rica con la provincia La Altagracia - EL GLOBAL INFORMATIVO\",\"isPartOf\":{\"@id\":\"https:\/\/elglobal.do\/#website\"},\"primaryImageOfPage\":{\"@id\":\"https:\/\/elglobal.do\/index.php\/2025\/07\/31\/inauguracion-del-hospital-traumatologico-de-higuey-responde-a-una-deuda-historica-con-la-provincia-la-altagracia\/#primaryimage\"},\"image\":{\"@id\":\"https:\/\/elglobal.do\/index.php\/2025\/07\/31\/inauguracion-del-hospital-traumatologico-de-higuey-responde-a-una-deuda-historica-con-la-provincia-la-altagracia\/#primaryimage\"},\"thumbnailUrl\":\"https:\/\/elglobal.do\/wp-content\/uploads\/2025\/07\/Presidente-scaled.jpg\",\"datePublished\":\"2025-07-31T17:53:41+00:00\",\"dateModified\":\"2025-07-31T17:53:42+00:00\",\"breadcrumb\":{\"@id\":\"https:\/\/elglobal.do\/index.php\/2025\/07\/31\/inauguracion-del-hospital-traumatologico-de-higuey-responde-a-una-deuda-historica-con-la-provincia-la-altagracia\/#breadcrumb\"},\"inLanguage\":\"es\",\"potentialAction\":[{\"@type\":\"ReadAction\",\"target\":[\"https:\/\/elglobal.do\/index.php\/2025\/07\/31\/inauguracion-del-hospital-traumatologico-de-higuey-responde-a-una-deuda-historica-con-la-provincia-la-altagracia\/\"]}]},{\"@type\":\"ImageObject\",\"inLanguage\":\"es\",\"@id\":\"https:\/\/elglobal.do\/index.php\/2025\/07\/31\/inauguracion-del-hospital-traumatologico-de-higuey-responde-a-una-deuda-historica-con-la-provincia-la-altagracia\/#primaryimage\",\"url\":\"https:\/\/elglobal.do\/wp-content\/uploads\/2025\/07\/Presidente-scaled.jpg\",\"contentUrl\":\"https:\/\/elglobal.do\/wp-content\/uploads\/2025\/07\/Presidente-scaled.jpg\",\"width\":2560,\"height\":1718},{\"@type\":\"BreadcrumbList\",\"@id\":\"https:\/\/elglobal.do\/index.php\/2025\/07\/31\/inauguracion-del-hospital-traumatologico-de-higuey-responde-a-una-deuda-historica-con-la-provincia-la-altagracia\/#breadcrumb\",\"itemListElement\":[{\"@type\":\"ListItem\",\"position\":1,\"name\":\"Portada\",\"item\":\"https:\/\/elglobal.do\/\"},{\"@type\":\"ListItem\",\"position\":2,\"name\":\"Inauguraci\u00f3n del Hospital Traumatol\u00f3gico de Hig\u00fcey responde a una deuda hist\u00f3rica con la provincia La Altagracia\"}]},{\"@type\":\"WebSite\",\"@id\":\"https:\/\/elglobal.do\/#website\",\"url\":\"https:\/\/elglobal.do\/\",\"name\":\"EL GLOBAL INFORMATIVO\",\"description\":\"Peri\u00f3dico digital de la Rep\u00fablica Dominicana que ofrece noticias, novedades, pol\u00edtica y las \u00faltimas actualidades, con informaci\u00f3n veraz y oportuna para mantenerte siempre informad\",\"publisher\":{\"@id\":\"https:\/\/elglobal.do\/#organization\"},\"potentialAction\":[{\"@type\":\"SearchAction\",\"target\":{\"@type\":\"EntryPoint\",\"urlTemplate\":\"https:\/\/elglobal.do\/?s={search_term_string}\"},\"query-input\":{\"@type\":\"PropertyValueSpecification\",\"valueRequired\":true,\"valueName\":\"search_term_string\"}}],\"inLanguage\":\"es\"},{\"@type\":\"Organization\",\"@id\":\"https:\/\/elglobal.do\/#organization\",\"name\":\"EL GLOBAL.DO INFORMATIVO\",\"url\":\"https:\/\/elglobal.do\/\",\"logo\":{\"@type\":\"ImageObject\",\"inLanguage\":\"es\",\"@id\":\"https:\/\/elglobal.do\/#\/schema\/logo\/image\/\",\"url\":\"https:\/\/elglobal.do\/wp-content\/uploads\/2025\/08\/icon.png\",\"contentUrl\":\"https:\/\/elglobal.do\/wp-content\/uploads\/2025\/08\/icon.png\",\"width\":512,\"height\":512,\"caption\":\"EL GLOBAL.DO INFORMATIVO\"},\"image\":{\"@id\":\"https:\/\/elglobal.do\/#\/schema\/logo\/image\/\"}},{\"@type\":\"Person\",\"@id\":\"https:\/\/elglobal.do\/#\/schema\/person\/0c97ec2c7714fb605d230c292f64d55f\",\"name\":\"EL GLOBAL\",\"image\":{\"@type\":\"ImageObject\",\"inLanguage\":\"es\",\"@id\":\"https:\/\/elglobal.do\/#\/schema\/person\/image\/\",\"url\":\"https:\/\/secure.gravatar.com\/avatar\/081cfb6cf99faddc6f4e23a0c11ab98c5cf302925382d1c88dc3ed757ab910a3?s=96&d=mm&r=g\",\"contentUrl\":\"https:\/\/secure.gravatar.com\/avatar\/081cfb6cf99faddc6f4e23a0c11ab98c5cf302925382d1c88dc3ed757ab910a3?s=96&d=mm&r=g\",\"caption\":\"EL GLOBAL\"},\"description\":\"El Global Informativo es un peri\u00f3dico digital de Rep\u00fablica Dominicana que se dedica a cubrir temas importantes, como la pol\u00edtica local, geopol\u00edtica, econom\u00eda, tecnolog\u00eda, noticias internacionales y eventos relacionados con la gesti\u00f3n social, cultural y humana. Su objetivo principal es mantener a la poblaci\u00f3n informada, ofreciendo una visi\u00f3n amplia y actualizada de lo que sucede tanto en el pa\u00eds como en el mundo. Est\u00e1 dirigido por un grupo de periodistas experimentados, lo que garantiza la calidad y la precisi\u00f3n de la informaci\u00f3n que ofrecen. Tiene su sede en la ciudad de Santo Domingo y es parte integral del portafolio de la empresa, MC Global S.R.L.\",\"sameAs\":[\"https:\/\/elglobal.do\",\"https:\/\/www.instagram.com\/elglobal.do_informativo\/\"],\"url\":\"https:\/\/elglobal.do\/index.php\/author\/elglobaluserpro\/\"}]}<\/script>\n<!-- \/ Yoast SEO plugin. -->","yoast_head_json":{"title":"Inauguraci\u00f3n del Hospital Traumatol\u00f3gico de Hig\u00fcey responde a una deuda hist\u00f3rica con la provincia La Altagracia - EL GLOBAL INFORMATIVO","robots":{"index":"index","follow":"follow","max-snippet":"max-snippet:-1","max-image-preview":"max-image-preview:large","max-video-preview":"max-video-preview:-1"},"canonical":"https:\/\/elglobal.do\/index.php\/2025\/07\/31\/inauguracion-del-hospital-traumatologico-de-higuey-responde-a-una-deuda-historica-con-la-provincia-la-altagracia\/","og_locale":"es_ES","og_type":"article","og_title":"Inauguraci\u00f3n del Hospital Traumatol\u00f3gico de Hig\u00fcey responde a una deuda hist\u00f3rica con la provincia La Altagracia - EL GLOBAL INFORMATIVO","og_description":"\u201cLa inauguraci\u00f3n de este centro de salud representa un firme paso hacia la consolidaci\u00f3n de la red traumatol\u00f3gica anunciada en el 2022\u201d, destac\u00f3 el presidente Luis Abinader. Hig\u00fcey. \u2013 El&hellip;","og_url":"https:\/\/elglobal.do\/index.php\/2025\/07\/31\/inauguracion-del-hospital-traumatologico-de-higuey-responde-a-una-deuda-historica-con-la-provincia-la-altagracia\/","og_site_name":"EL GLOBAL INFORMATIVO","article_published_time":"2025-07-31T17:53:41+00:00","article_modified_time":"2025-07-31T17:53:42+00:00","og_image":[{"width":2560,"height":1718,"url":"https:\/\/elglobal.do\/wp-content\/uploads\/2025\/07\/Presidente-scaled.jpg","type":"image\/jpeg"}],"author":"EL GLOBAL","twitter_card":"summary_large_image","twitter_misc":{"Escrito por":"EL GLOBAL","Tiempo de lectura":"6 minutos"},"schema":{"@context":"https:\/\/schema.org","@graph":[{"@type":"Article","@id":"https:\/\/elglobal.do\/index.php\/2025\/07\/31\/inauguracion-del-hospital-traumatologico-de-higuey-responde-a-una-deuda-historica-con-la-provincia-la-altagracia\/#article","isPartOf":{"@id":"https:\/\/elglobal.do\/index.php\/2025\/07\/31\/inauguracion-del-hospital-traumatologico-de-higuey-responde-a-una-deuda-historica-con-la-provincia-la-altagracia\/"},"author":{"name":"EL GLOBAL","@id":"https:\/\/elglobal.do\/#\/schema\/person\/0c97ec2c7714fb605d230c292f64d55f"},"headline":"Inauguraci\u00f3n del Hospital Traumatol\u00f3gico de Hig\u00fcey responde a una deuda hist\u00f3rica con la provincia La Altagracia","datePublished":"2025-07-31T17:53:41+00:00","dateModified":"2025-07-31T17:53:42+00:00","mainEntityOfPage":{"@id":"https:\/\/elglobal.do\/index.php\/2025\/07\/31\/inauguracion-del-hospital-traumatologico-de-higuey-responde-a-una-deuda-historica-con-la-provincia-la-altagracia\/"},"wordCount":1148,"commentCount":0,"publisher":{"@id":"https:\/\/elglobal.do\/#organization"},"image":{"@id":"https:\/\/elglobal.do\/index.php\/2025\/07\/31\/inauguracion-del-hospital-traumatologico-de-higuey-responde-a-una-deuda-historica-con-la-provincia-la-altagracia\/#primaryimage"},"thumbnailUrl":"https:\/\/elglobal.do\/wp-content\/uploads\/2025\/07\/Presidente-scaled.jpg","keywords":["# Hig\u00fcey","#Gobierno","#Hospital","#Salud"],"articleSection":["NACIONALES"],"inLanguage":"es","potentialAction":[{"@type":"CommentAction","name":"Comment","target":["https:\/\/elglobal.do\/index.php\/2025\/07\/31\/inauguracion-del-hospital-traumatologico-de-higuey-responde-a-una-deuda-historica-con-la-provincia-la-altagracia\/#respond"]}]},{"@type":"WebPage","@id":"https:\/\/elglobal.do\/index.php\/2025\/07\/31\/inauguracion-del-hospital-traumatologico-de-higuey-responde-a-una-deuda-historica-con-la-provincia-la-altagracia\/","url":"https:\/\/elglobal.do\/index.php\/2025\/07\/31\/inauguracion-del-hospital-traumatologico-de-higuey-responde-a-una-deuda-historica-con-la-provincia-la-altagracia\/","name":"Inauguraci\u00f3n del Hospital Traumatol\u00f3gico de Hig\u00fcey responde a una deuda hist\u00f3rica con la provincia La Altagracia - EL GLOBAL INFORMATIVO","isPartOf":{"@id":"https:\/\/elglobal.do\/#website"},"primaryImageOfPage":{"@id":"https:\/\/elglobal.do\/index.php\/2025\/07\/31\/inauguracion-del-hospital-traumatologico-de-higuey-responde-a-una-deuda-historica-con-la-provincia-la-altagracia\/#primaryimage"},"image":{"@id":"https:\/\/elglobal.do\/index.php\/2025\/07\/31\/inauguracion-del-hospital-traumatologico-de-higuey-responde-a-una-deuda-historica-con-la-provincia-la-altagracia\/#primaryimage"},"thumbnailUrl":"https:\/\/elglobal.do\/wp-content\/uploads\/2025\/07\/Presidente-scaled.jpg","datePublished":"2025-07-31T17:53:41+00:00","dateModified":"2025-07-31T17:53:42+00:00","breadcrumb":{"@id":"https:\/\/elglobal.do\/index.php\/2025\/07\/31\/inauguracion-del-hospital-traumatologico-de-higuey-responde-a-una-deuda-historica-con-la-provincia-la-altagracia\/#breadcrumb"},"inLanguage":"es","potentialAction":[{"@type":"ReadAction","target":["https:\/\/elglobal.do\/index.php\/2025\/07\/31\/inauguracion-del-hospital-traumatologico-de-higuey-responde-a-una-deuda-historica-con-la-provincia-la-altagracia\/"]}]},{"@type":"ImageObject","inLanguage":"es","@id":"https:\/\/elglobal.do\/index.php\/2025\/07\/31\/inauguracion-del-hospital-traumatologico-de-higuey-responde-a-una-deuda-historica-con-la-provincia-la-altagracia\/#primaryimage","url":"https:\/\/elglobal.do\/wp-content\/uploads\/2025\/07\/Presidente-scaled.jpg","contentUrl":"https:\/\/elglobal.do\/wp-content\/uploads\/2025\/07\/Presidente-scaled.jpg","width":2560,"height":1718},{"@type":"BreadcrumbList","@id":"https:\/\/elglobal.do\/index.php\/2025\/07\/31\/inauguracion-del-hospital-traumatologico-de-higuey-responde-a-una-deuda-historica-con-la-provincia-la-altagracia\/#breadcrumb","itemListElement":[{"@type":"ListItem","position":1,"name":"Portada","item":"https:\/\/elglobal.do\/"},{"@type":"ListItem","position":2,"name":"Inauguraci\u00f3n del Hospital Traumatol\u00f3gico de Hig\u00fcey responde a una deuda hist\u00f3rica con la provincia La Altagracia"}]},{"@type":"WebSite","@id":"https:\/\/elglobal.do\/#website","url":"https:\/\/elglobal.do\/","name":"EL GLOBAL INFORMATIVO","description":"Peri\u00f3dico digital de la Rep\u00fablica Dominicana que ofrece noticias, novedades, pol\u00edtica y las \u00faltimas actualidades, con informaci\u00f3n veraz y oportuna para mantenerte siempre informad","publisher":{"@id":"https:\/\/elglobal.do\/#organization"},"potentialAction":[{"@type":"SearchAction","target":{"@type":"EntryPoint","urlTemplate":"https:\/\/elglobal.do\/?s={search_term_string}"},"query-input":{"@type":"PropertyValueSpecification","valueRequired":true,"valueName":"search_term_string"}}],"inLanguage":"es"},{"@type":"Organization","@id":"https:\/\/elglobal.do\/#organization","name":"EL GLOBAL.DO INFORMATIVO","url":"https:\/\/elglobal.do\/","logo":{"@type":"ImageObject","inLanguage":"es","@id":"https:\/\/elglobal.do\/#\/schema\/logo\/image\/","url":"https:\/\/elglobal.do\/wp-content\/uploads\/2025\/08\/icon.png","contentUrl":"https:\/\/elglobal.do\/wp-content\/uploads\/2025\/08\/icon.png","width":512,"height":512,"caption":"EL GLOBAL.DO INFORMATIVO"},"image":{"@id":"https:\/\/elglobal.do\/#\/schema\/logo\/image\/"}},{"@type":"Person","@id":"https:\/\/elglobal.do\/#\/schema\/person\/0c97ec2c7714fb605d230c292f64d55f","name":"EL GLOBAL","image":{"@type":"ImageObject","inLanguage":"es","@id":"https:\/\/elglobal.do\/#\/schema\/person\/image\/","url":"https:\/\/secure.gravatar.com\/avatar\/081cfb6cf99faddc6f4e23a0c11ab98c5cf302925382d1c88dc3ed757ab910a3?s=96&d=mm&r=g","contentUrl":"https:\/\/secure.gravatar.com\/avatar\/081cfb6cf99faddc6f4e23a0c11ab98c5cf302925382d1c88dc3ed757ab910a3?s=96&d=mm&r=g","caption":"EL GLOBAL"},"description":"El Global Informativo es un peri\u00f3dico digital de Rep\u00fablica Dominicana que se dedica a cubrir temas importantes, como la pol\u00edtica local, geopol\u00edtica, econom\u00eda, tecnolog\u00eda, noticias internacionales y eventos relacionados con la gesti\u00f3n social, cultural y humana. Su objetivo principal es mantener a la poblaci\u00f3n informada, ofreciendo una visi\u00f3n amplia y actualizada de lo que sucede tanto en el pa\u00eds como en el mundo. Est\u00e1 dirigido por un grupo de periodistas experimentados, lo que garantiza la calidad y la precisi\u00f3n de la informaci\u00f3n que ofrecen. Tiene su sede en la ciudad de Santo Domingo y es parte integral del portafolio de la empresa, MC Global S.R.L.","sameAs":["https:\/\/elglobal.do","https:\/\/www.instagram.com\/elglobal.do_informativo\/"],"url":"https:\/\/elglobal.do\/index.php\/author\/elglobaluserpro\/"}]}},"jetpack_featured_media_url":"https:\/\/elglobal.do\/wp-content\/uploads\/2025\/07\/Presidente-scaled.jpg","jetpack_sharing_enabled":true,"_links":{"self":[{"href":"https:\/\/elglobal.do\/index.php\/wp-json\/wp\/v2\/posts\/402","targetHints":{"allow":["GET"]}}],"collection":[{"href":"https:\/\/elglobal.do\/index.php\/wp-json\/wp\/v2\/posts"}],"about":[{"href":"https:\/\/elglobal.do\/index.php\/wp-json\/wp\/v2\/types\/post"}],"author":[{"embeddable":true,"href":"https:\/\/elglobal.do\/index.php\/wp-json\/wp\/v2\/users\/1"}],"replies":[{"embeddable":true,"href":"https:\/\/elglobal.do\/index.php\/wp-json\/wp\/v2\/comments?post=402"}],"version-history":[{"count":1,"href":"https:\/\/elglobal.do\/index.php\/wp-json\/wp\/v2\/posts\/402\/revisions"}],"predecessor-version":[{"id":405,"href":"https:\/\/elglobal.do\/index.php\/wp-json\/wp\/v2\/posts\/402\/revisions\/405"}],"wp:featuredmedia":[{"embeddable":true,"href":"https:\/\/elglobal.do\/index.php\/wp-json\/wp\/v2\/media\/403"}],"wp:attachment":[{"href":"https:\/\/elglobal.do\/index.php\/wp-json\/wp\/v2\/media?parent=402"}],"wp:term":[{"taxonomy":"category","embeddable":true,"href":"https:\/\/elglobal.do\/index.php\/wp-json\/wp\/v2\/categories?post=402"},{"taxonomy":"post_tag","embeddable":true,"href":"https:\/\/elglobal.do\/index.php\/wp-json\/wp\/v2\/tags?post=402"}],"curies":[{"name":"wp","href":"https:\/\/api.w.org\/{rel}","templated":true}]}}