{"id":4027,"date":"2025-11-19T23:12:27","date_gmt":"2025-11-20T03:12:27","guid":{"rendered":"https:\/\/elglobal.do\/?p=4027"},"modified":"2025-11-19T23:12:30","modified_gmt":"2025-11-20T03:12:30","slug":"embajada-dominicana-expone-en-roma-arte-dominicano-contemporaneo","status":"publish","type":"post","link":"https:\/\/elglobal.do\/index.php\/2025\/11\/19\/embajada-dominicana-expone-en-roma-arte-dominicano-contemporaneo\/","title":{"rendered":"Embajada Dominicana expone en Roma Arte Dominicano Contempor\u00e1neo"},"content":{"rendered":"\n<figure class=\"wp-block-image size-full\"><img loading=\"lazy\" decoding=\"async\" width=\"945\" height=\"639\" src=\"https:\/\/elglobal.do\/wp-content\/uploads\/2025\/11\/Roma.jpeg\" alt=\"\" class=\"wp-image-4031\" srcset=\"https:\/\/elglobal.do\/wp-content\/uploads\/2025\/11\/Roma.jpeg 945w, https:\/\/elglobal.do\/wp-content\/uploads\/2025\/11\/Roma-300x203.jpeg 300w, https:\/\/elglobal.do\/wp-content\/uploads\/2025\/11\/Roma-768x519.jpeg 768w\" sizes=\"auto, (max-width: 945px) 100vw, 945px\" \/><\/figure>\n\n\n\n<p><strong>Roma, Italia.<\/strong>&#8211; La Embajada de la Rep\u00fablica Dominicana ante la Santa Sede, en coordinaci\u00f3n con el Instituto Cervantes de Roma, presentar\u00e1 la exposici\u00f3n \u201cRutas de Esperanza: Arte Dominicano Contempor\u00e1neo\u201d, una destacada muestra colectiva que celebra la fuerza creativa y el dinamismo del arte dominicano actual. El evento se inscribe dentro del A\u00f1o Jubilar 2025: Jubileo de la Esperanza, uno de los acontecimientos culturales y espirituales m\u00e1s relevantes del calendario internacional.<\/p>\n\n\n\n<p>\u201cRutas de Esperanza\u201d propone un encuentro entre el lenguaje pl\u00e1stico contempor\u00e1neo y la dimensi\u00f3n espiritual que marca el A\u00f1o Jubilar. A trav\u00e9s de colores caribe\u00f1os, simbolismos, narrativas migratorias y miradas \u00edntimas sobre la identidad, los artistas convocados exploran temas como la fe, la memoria, la resiliencia, la convivencia intercultural y el viaje interior del ser humano.<\/p>\n\n\n\n<p>Se trata de una propuesta en la que lo sagrado convive con la modernidad, y donde la esperanza se convierte en un puente emocional capaz de trascender culturas. Cada obra invita al espectador a conectarse con historias y experiencias que, aunque nacen en el Caribe, se reconocen universales.<\/p>\n\n\n\n<p>El Embajador de la Rep\u00fablica Dominicana ante la Santa Sede V\u00edctor Su\u00e1rez, destac\u00f3 que esta exposici\u00f3n representa un firme compromiso con la promoci\u00f3n cultural del pa\u00eds:<\/p>\n\n\n\n<p>&nbsp;\u201cComo embajador, asumo el compromiso de promover la cultura dominicana y fortalecer los lazos entre nuestras naciones. Agradecemos profundamente al Instituto Cervantes por su colaboraci\u00f3n y apoyo, as\u00ed como a cada artista que exhibe sus obras. Su talento proyecta nuestra identidad en un espacio tan significativo como la ciudad eterna, Roma. Juntos, construimos un puente de di\u00e1logo y encuentro que enriquecer\u00e1 nuestras comunidades y fomentar\u00e1 un entendimiento m\u00e1s profundo entre nuestros pueblos\u201d.<\/p>\n\n\n\n<p>Ubicada en la Piazza Navona, epicentro cultural y espiritual durante el Jubileo, la exposici\u00f3n permitir\u00e1 que miles de visitantes internacionales entren en contacto con la creaci\u00f3n art\u00edstica dominicana. Con esta iniciativa, la Embajada reafirma su prop\u00f3sito de difundir, valorar y posicionar el arte nacional en escenarios de alta visibilidad internacional.<\/p>\n\n\n\n<p>\u201cRutas de Esperanza\u201d aspira a convertirse en un espacio de reflexi\u00f3n, admiraci\u00f3n y acercamiento a la sensibilidad creativa dominicana, a la vez que constituye un testimonio del compromiso diplom\u00e1tico del pa\u00eds con el arte, el di\u00e1logo intercultural y la proyecci\u00f3n de su identidad en el mundo.<\/p>\n\n\n\n<p>La exposici\u00f3n ser\u00e1 inaugurada el jueves 20 de noviembre de 2025 a las 18:00 horas en la prestigiosa Sala Dal\u00ed del Instituto Cervantes de Roma, situada en la emblem\u00e1tica Piazza Navona, uno de los puntos m\u00e1s visitados por peregrinos y turistas durante el Jubileo. La muestra permanecer\u00e1 abierta hasta el 10 de enero de 2026.<\/p>\n\n\n\n<p>Bajo la curadur\u00eda de Julian Kunhardt, la exhibici\u00f3n re\u00fane obras de Soraya Abu Naba\u2019a, Guadalupe Casasnovas, Robert Castillo, Sim\u00f3n de los Santos, Jared Guerra Mirabal, Melanio Guzm\u00e1n, Lizander Jim\u00e9nez, Vanessa Languasco, Priscila L\u00f3pez Loyo, Iris P\u00e9rez, Yermine Richardson, Victoria Thomen, Ruddy Taveras y Juan Trinidad. Asimismo, contar\u00e1 con la participaci\u00f3n especial de la curadora italiana Rita Cerciello, quien colaborar\u00e1 en la puesta en sala de las esculturas del artista Juan Trinidad.<\/p>\n\n\n\n<p><\/p>\n","protected":false},"excerpt":{"rendered":"<p>Roma, Italia.&#8211; La Embajada de la Rep\u00fablica Dominicana ante la Santa Sede, en coordinaci\u00f3n con el Instituto Cervantes de Roma, presentar\u00e1 la exposici\u00f3n \u201cRutas de Esperanza: Arte Dominicano Contempor\u00e1neo\u201d, una&hellip; <\/p>\n","protected":false},"author":1,"featured_media":4030,"comment_status":"open","ping_status":"open","sticky":false,"template":"","format":"standard","meta":{"_jetpack_memberships_contains_paid_content":false,"footnotes":""},"categories":[22,14],"tags":[2136,243,1561,98,1043,1209,2134,2135,2013],"class_list":["post-4027","post","type-post","status-publish","format-standard","has-post-thumbnail","hentry","category-cultura","category-slider","tag-artedominicanocontemporaneo","tag-cultura","tag-dinamismo","tag-elglobalinformativo","tag-embajada","tag-republicadominicana","tag-roma","tag-rutasdeesperanza","tag-santasede"],"yoast_head":"<!-- This site is optimized with the Yoast SEO plugin v26.9 - https:\/\/yoast.com\/product\/yoast-seo-wordpress\/ -->\n<title>Embajada Dominicana expone en Roma Arte Dominicano Contempor\u00e1neo - EL GLOBAL INFORMATIVO<\/title>\n<meta name=\"robots\" content=\"index, follow, max-snippet:-1, max-image-preview:large, max-video-preview:-1\" \/>\n<link rel=\"canonical\" href=\"https:\/\/elglobal.do\/index.php\/2025\/11\/19\/embajada-dominicana-expone-en-roma-arte-dominicano-contemporaneo\/\" \/>\n<meta property=\"og:locale\" content=\"es_ES\" \/>\n<meta property=\"og:type\" content=\"article\" \/>\n<meta property=\"og:title\" content=\"Embajada Dominicana expone en Roma Arte Dominicano Contempor\u00e1neo - EL GLOBAL INFORMATIVO\" \/>\n<meta property=\"og:description\" content=\"Roma, Italia.&#8211; La Embajada de la Rep\u00fablica Dominicana ante la Santa Sede, en coordinaci\u00f3n con el Instituto Cervantes de Roma, presentar\u00e1 la exposici\u00f3n \u201cRutas de Esperanza: Arte Dominicano Contempor\u00e1neo\u201d, una&hellip;\" \/>\n<meta property=\"og:url\" content=\"https:\/\/elglobal.do\/index.php\/2025\/11\/19\/embajada-dominicana-expone-en-roma-arte-dominicano-contemporaneo\/\" \/>\n<meta property=\"og:site_name\" content=\"EL GLOBAL INFORMATIVO\" \/>\n<meta property=\"article:published_time\" content=\"2025-11-20T03:12:27+00:00\" \/>\n<meta property=\"article:modified_time\" content=\"2025-11-20T03:12:30+00:00\" \/>\n<meta property=\"og:image\" content=\"https:\/\/elglobal.do\/wp-content\/uploads\/2025\/11\/Exposicion.jpg\" \/>\n\t<meta property=\"og:image:width\" content=\"1003\" \/>\n\t<meta property=\"og:image:height\" content=\"713\" \/>\n\t<meta property=\"og:image:type\" content=\"image\/jpeg\" \/>\n<meta name=\"author\" content=\"EL GLOBAL\" \/>\n<meta name=\"twitter:card\" content=\"summary_large_image\" \/>\n<meta name=\"twitter:label1\" content=\"Escrito por\" \/>\n\t<meta name=\"twitter:data1\" content=\"EL GLOBAL\" \/>\n\t<meta name=\"twitter:label2\" content=\"Tiempo de lectura\" \/>\n\t<meta name=\"twitter:data2\" content=\"3 minutos\" \/>\n<script type=\"application\/ld+json\" class=\"yoast-schema-graph\">{\"@context\":\"https:\/\/schema.org\",\"@graph\":[{\"@type\":\"Article\",\"@id\":\"https:\/\/elglobal.do\/index.php\/2025\/11\/19\/embajada-dominicana-expone-en-roma-arte-dominicano-contemporaneo\/#article\",\"isPartOf\":{\"@id\":\"https:\/\/elglobal.do\/index.php\/2025\/11\/19\/embajada-dominicana-expone-en-roma-arte-dominicano-contemporaneo\/\"},\"author\":{\"name\":\"EL GLOBAL\",\"@id\":\"https:\/\/elglobal.do\/#\/schema\/person\/0c97ec2c7714fb605d230c292f64d55f\"},\"headline\":\"Embajada Dominicana expone en Roma Arte Dominicano Contempor\u00e1neo\",\"datePublished\":\"2025-11-20T03:12:27+00:00\",\"dateModified\":\"2025-11-20T03:12:30+00:00\",\"mainEntityOfPage\":{\"@id\":\"https:\/\/elglobal.do\/index.php\/2025\/11\/19\/embajada-dominicana-expone-en-roma-arte-dominicano-contemporaneo\/\"},\"wordCount\":543,\"commentCount\":0,\"publisher\":{\"@id\":\"https:\/\/elglobal.do\/#organization\"},\"image\":{\"@id\":\"https:\/\/elglobal.do\/index.php\/2025\/11\/19\/embajada-dominicana-expone-en-roma-arte-dominicano-contemporaneo\/#primaryimage\"},\"thumbnailUrl\":\"https:\/\/elglobal.do\/wp-content\/uploads\/2025\/11\/Exposicion.jpg\",\"keywords\":[\"#ArteDominicanoContempor\u00e1neo\",\"#Cultura\",\"#dinamismo\",\"#ElGlobalInformativo\",\"#Embajada\",\"#Rep\u00fablicaDominicana\",\"#Roma\",\"#RutasdeEsperanza\",\"#SantaSede\"],\"articleSection\":[\"CULTURA\",\"NOTICIAS RELEVANTES\"],\"inLanguage\":\"es\",\"potentialAction\":[{\"@type\":\"CommentAction\",\"name\":\"Comment\",\"target\":[\"https:\/\/elglobal.do\/index.php\/2025\/11\/19\/embajada-dominicana-expone-en-roma-arte-dominicano-contemporaneo\/#respond\"]}]},{\"@type\":\"WebPage\",\"@id\":\"https:\/\/elglobal.do\/index.php\/2025\/11\/19\/embajada-dominicana-expone-en-roma-arte-dominicano-contemporaneo\/\",\"url\":\"https:\/\/elglobal.do\/index.php\/2025\/11\/19\/embajada-dominicana-expone-en-roma-arte-dominicano-contemporaneo\/\",\"name\":\"Embajada Dominicana expone en Roma Arte Dominicano Contempor\u00e1neo - EL GLOBAL INFORMATIVO\",\"isPartOf\":{\"@id\":\"https:\/\/elglobal.do\/#website\"},\"primaryImageOfPage\":{\"@id\":\"https:\/\/elglobal.do\/index.php\/2025\/11\/19\/embajada-dominicana-expone-en-roma-arte-dominicano-contemporaneo\/#primaryimage\"},\"image\":{\"@id\":\"https:\/\/elglobal.do\/index.php\/2025\/11\/19\/embajada-dominicana-expone-en-roma-arte-dominicano-contemporaneo\/#primaryimage\"},\"thumbnailUrl\":\"https:\/\/elglobal.do\/wp-content\/uploads\/2025\/11\/Exposicion.jpg\",\"datePublished\":\"2025-11-20T03:12:27+00:00\",\"dateModified\":\"2025-11-20T03:12:30+00:00\",\"breadcrumb\":{\"@id\":\"https:\/\/elglobal.do\/index.php\/2025\/11\/19\/embajada-dominicana-expone-en-roma-arte-dominicano-contemporaneo\/#breadcrumb\"},\"inLanguage\":\"es\",\"potentialAction\":[{\"@type\":\"ReadAction\",\"target\":[\"https:\/\/elglobal.do\/index.php\/2025\/11\/19\/embajada-dominicana-expone-en-roma-arte-dominicano-contemporaneo\/\"]}]},{\"@type\":\"ImageObject\",\"inLanguage\":\"es\",\"@id\":\"https:\/\/elglobal.do\/index.php\/2025\/11\/19\/embajada-dominicana-expone-en-roma-arte-dominicano-contemporaneo\/#primaryimage\",\"url\":\"https:\/\/elglobal.do\/wp-content\/uploads\/2025\/11\/Exposicion.jpg\",\"contentUrl\":\"https:\/\/elglobal.do\/wp-content\/uploads\/2025\/11\/Exposicion.jpg\",\"width\":1003,\"height\":713},{\"@type\":\"BreadcrumbList\",\"@id\":\"https:\/\/elglobal.do\/index.php\/2025\/11\/19\/embajada-dominicana-expone-en-roma-arte-dominicano-contemporaneo\/#breadcrumb\",\"itemListElement\":[{\"@type\":\"ListItem\",\"position\":1,\"name\":\"Portada\",\"item\":\"https:\/\/elglobal.do\/\"},{\"@type\":\"ListItem\",\"position\":2,\"name\":\"Embajada Dominicana expone en Roma Arte Dominicano Contempor\u00e1neo\"}]},{\"@type\":\"WebSite\",\"@id\":\"https:\/\/elglobal.do\/#website\",\"url\":\"https:\/\/elglobal.do\/\",\"name\":\"EL GLOBAL INFORMATIVO\",\"description\":\"Peri\u00f3dico digital de la Rep\u00fablica Dominicana que ofrece noticias, novedades, pol\u00edtica y las \u00faltimas actualidades, con informaci\u00f3n veraz y oportuna para mantenerte siempre informad\",\"publisher\":{\"@id\":\"https:\/\/elglobal.do\/#organization\"},\"potentialAction\":[{\"@type\":\"SearchAction\",\"target\":{\"@type\":\"EntryPoint\",\"urlTemplate\":\"https:\/\/elglobal.do\/?s={search_term_string}\"},\"query-input\":{\"@type\":\"PropertyValueSpecification\",\"valueRequired\":true,\"valueName\":\"search_term_string\"}}],\"inLanguage\":\"es\"},{\"@type\":\"Organization\",\"@id\":\"https:\/\/elglobal.do\/#organization\",\"name\":\"EL GLOBAL.DO INFORMATIVO\",\"url\":\"https:\/\/elglobal.do\/\",\"logo\":{\"@type\":\"ImageObject\",\"inLanguage\":\"es\",\"@id\":\"https:\/\/elglobal.do\/#\/schema\/logo\/image\/\",\"url\":\"https:\/\/elglobal.do\/wp-content\/uploads\/2025\/08\/icon.png\",\"contentUrl\":\"https:\/\/elglobal.do\/wp-content\/uploads\/2025\/08\/icon.png\",\"width\":512,\"height\":512,\"caption\":\"EL GLOBAL.DO INFORMATIVO\"},\"image\":{\"@id\":\"https:\/\/elglobal.do\/#\/schema\/logo\/image\/\"}},{\"@type\":\"Person\",\"@id\":\"https:\/\/elglobal.do\/#\/schema\/person\/0c97ec2c7714fb605d230c292f64d55f\",\"name\":\"EL GLOBAL\",\"image\":{\"@type\":\"ImageObject\",\"inLanguage\":\"es\",\"@id\":\"https:\/\/elglobal.do\/#\/schema\/person\/image\/\",\"url\":\"https:\/\/secure.gravatar.com\/avatar\/081cfb6cf99faddc6f4e23a0c11ab98c5cf302925382d1c88dc3ed757ab910a3?s=96&d=mm&r=g\",\"contentUrl\":\"https:\/\/secure.gravatar.com\/avatar\/081cfb6cf99faddc6f4e23a0c11ab98c5cf302925382d1c88dc3ed757ab910a3?s=96&d=mm&r=g\",\"caption\":\"EL GLOBAL\"},\"description\":\"El Global Informativo es un peri\u00f3dico digital de Rep\u00fablica Dominicana que se dedica a cubrir temas importantes, como la pol\u00edtica local, geopol\u00edtica, econom\u00eda, tecnolog\u00eda, noticias internacionales y eventos relacionados con la gesti\u00f3n social, cultural y humana. Su objetivo principal es mantener a la poblaci\u00f3n informada, ofreciendo una visi\u00f3n amplia y actualizada de lo que sucede tanto en el pa\u00eds como en el mundo. Est\u00e1 dirigido por un grupo de periodistas experimentados, lo que garantiza la calidad y la precisi\u00f3n de la informaci\u00f3n que ofrecen. Tiene su sede en la ciudad de Santo Domingo y es parte integral del portafolio de la empresa, MC Global S.R.L.\",\"sameAs\":[\"https:\/\/elglobal.do\",\"https:\/\/www.instagram.com\/elglobal.do_informativo\/\"],\"url\":\"https:\/\/elglobal.do\/index.php\/author\/elglobaluserpro\/\"}]}<\/script>\n<!-- \/ Yoast SEO plugin. -->","yoast_head_json":{"title":"Embajada Dominicana expone en Roma Arte Dominicano Contempor\u00e1neo - EL GLOBAL INFORMATIVO","robots":{"index":"index","follow":"follow","max-snippet":"max-snippet:-1","max-image-preview":"max-image-preview:large","max-video-preview":"max-video-preview:-1"},"canonical":"https:\/\/elglobal.do\/index.php\/2025\/11\/19\/embajada-dominicana-expone-en-roma-arte-dominicano-contemporaneo\/","og_locale":"es_ES","og_type":"article","og_title":"Embajada Dominicana expone en Roma Arte Dominicano Contempor\u00e1neo - EL GLOBAL INFORMATIVO","og_description":"Roma, Italia.&#8211; La Embajada de la Rep\u00fablica Dominicana ante la Santa Sede, en coordinaci\u00f3n con el Instituto Cervantes de Roma, presentar\u00e1 la exposici\u00f3n \u201cRutas de Esperanza: Arte Dominicano Contempor\u00e1neo\u201d, una&hellip;","og_url":"https:\/\/elglobal.do\/index.php\/2025\/11\/19\/embajada-dominicana-expone-en-roma-arte-dominicano-contemporaneo\/","og_site_name":"EL GLOBAL INFORMATIVO","article_published_time":"2025-11-20T03:12:27+00:00","article_modified_time":"2025-11-20T03:12:30+00:00","og_image":[{"width":1003,"height":713,"url":"https:\/\/elglobal.do\/wp-content\/uploads\/2025\/11\/Exposicion.jpg","type":"image\/jpeg"}],"author":"EL GLOBAL","twitter_card":"summary_large_image","twitter_misc":{"Escrito por":"EL GLOBAL","Tiempo de lectura":"3 minutos"},"schema":{"@context":"https:\/\/schema.org","@graph":[{"@type":"Article","@id":"https:\/\/elglobal.do\/index.php\/2025\/11\/19\/embajada-dominicana-expone-en-roma-arte-dominicano-contemporaneo\/#article","isPartOf":{"@id":"https:\/\/elglobal.do\/index.php\/2025\/11\/19\/embajada-dominicana-expone-en-roma-arte-dominicano-contemporaneo\/"},"author":{"name":"EL GLOBAL","@id":"https:\/\/elglobal.do\/#\/schema\/person\/0c97ec2c7714fb605d230c292f64d55f"},"headline":"Embajada Dominicana expone en Roma Arte Dominicano Contempor\u00e1neo","datePublished":"2025-11-20T03:12:27+00:00","dateModified":"2025-11-20T03:12:30+00:00","mainEntityOfPage":{"@id":"https:\/\/elglobal.do\/index.php\/2025\/11\/19\/embajada-dominicana-expone-en-roma-arte-dominicano-contemporaneo\/"},"wordCount":543,"commentCount":0,"publisher":{"@id":"https:\/\/elglobal.do\/#organization"},"image":{"@id":"https:\/\/elglobal.do\/index.php\/2025\/11\/19\/embajada-dominicana-expone-en-roma-arte-dominicano-contemporaneo\/#primaryimage"},"thumbnailUrl":"https:\/\/elglobal.do\/wp-content\/uploads\/2025\/11\/Exposicion.jpg","keywords":["#ArteDominicanoContempor\u00e1neo","#Cultura","#dinamismo","#ElGlobalInformativo","#Embajada","#Rep\u00fablicaDominicana","#Roma","#RutasdeEsperanza","#SantaSede"],"articleSection":["CULTURA","NOTICIAS RELEVANTES"],"inLanguage":"es","potentialAction":[{"@type":"CommentAction","name":"Comment","target":["https:\/\/elglobal.do\/index.php\/2025\/11\/19\/embajada-dominicana-expone-en-roma-arte-dominicano-contemporaneo\/#respond"]}]},{"@type":"WebPage","@id":"https:\/\/elglobal.do\/index.php\/2025\/11\/19\/embajada-dominicana-expone-en-roma-arte-dominicano-contemporaneo\/","url":"https:\/\/elglobal.do\/index.php\/2025\/11\/19\/embajada-dominicana-expone-en-roma-arte-dominicano-contemporaneo\/","name":"Embajada Dominicana expone en Roma Arte Dominicano Contempor\u00e1neo - EL GLOBAL INFORMATIVO","isPartOf":{"@id":"https:\/\/elglobal.do\/#website"},"primaryImageOfPage":{"@id":"https:\/\/elglobal.do\/index.php\/2025\/11\/19\/embajada-dominicana-expone-en-roma-arte-dominicano-contemporaneo\/#primaryimage"},"image":{"@id":"https:\/\/elglobal.do\/index.php\/2025\/11\/19\/embajada-dominicana-expone-en-roma-arte-dominicano-contemporaneo\/#primaryimage"},"thumbnailUrl":"https:\/\/elglobal.do\/wp-content\/uploads\/2025\/11\/Exposicion.jpg","datePublished":"2025-11-20T03:12:27+00:00","dateModified":"2025-11-20T03:12:30+00:00","breadcrumb":{"@id":"https:\/\/elglobal.do\/index.php\/2025\/11\/19\/embajada-dominicana-expone-en-roma-arte-dominicano-contemporaneo\/#breadcrumb"},"inLanguage":"es","potentialAction":[{"@type":"ReadAction","target":["https:\/\/elglobal.do\/index.php\/2025\/11\/19\/embajada-dominicana-expone-en-roma-arte-dominicano-contemporaneo\/"]}]},{"@type":"ImageObject","inLanguage":"es","@id":"https:\/\/elglobal.do\/index.php\/2025\/11\/19\/embajada-dominicana-expone-en-roma-arte-dominicano-contemporaneo\/#primaryimage","url":"https:\/\/elglobal.do\/wp-content\/uploads\/2025\/11\/Exposicion.jpg","contentUrl":"https:\/\/elglobal.do\/wp-content\/uploads\/2025\/11\/Exposicion.jpg","width":1003,"height":713},{"@type":"BreadcrumbList","@id":"https:\/\/elglobal.do\/index.php\/2025\/11\/19\/embajada-dominicana-expone-en-roma-arte-dominicano-contemporaneo\/#breadcrumb","itemListElement":[{"@type":"ListItem","position":1,"name":"Portada","item":"https:\/\/elglobal.do\/"},{"@type":"ListItem","position":2,"name":"Embajada Dominicana expone en Roma Arte Dominicano Contempor\u00e1neo"}]},{"@type":"WebSite","@id":"https:\/\/elglobal.do\/#website","url":"https:\/\/elglobal.do\/","name":"EL GLOBAL INFORMATIVO","description":"Peri\u00f3dico digital de la Rep\u00fablica Dominicana que ofrece noticias, novedades, pol\u00edtica y las \u00faltimas actualidades, con informaci\u00f3n veraz y oportuna para mantenerte siempre informad","publisher":{"@id":"https:\/\/elglobal.do\/#organization"},"potentialAction":[{"@type":"SearchAction","target":{"@type":"EntryPoint","urlTemplate":"https:\/\/elglobal.do\/?s={search_term_string}"},"query-input":{"@type":"PropertyValueSpecification","valueRequired":true,"valueName":"search_term_string"}}],"inLanguage":"es"},{"@type":"Organization","@id":"https:\/\/elglobal.do\/#organization","name":"EL GLOBAL.DO INFORMATIVO","url":"https:\/\/elglobal.do\/","logo":{"@type":"ImageObject","inLanguage":"es","@id":"https:\/\/elglobal.do\/#\/schema\/logo\/image\/","url":"https:\/\/elglobal.do\/wp-content\/uploads\/2025\/08\/icon.png","contentUrl":"https:\/\/elglobal.do\/wp-content\/uploads\/2025\/08\/icon.png","width":512,"height":512,"caption":"EL GLOBAL.DO INFORMATIVO"},"image":{"@id":"https:\/\/elglobal.do\/#\/schema\/logo\/image\/"}},{"@type":"Person","@id":"https:\/\/elglobal.do\/#\/schema\/person\/0c97ec2c7714fb605d230c292f64d55f","name":"EL GLOBAL","image":{"@type":"ImageObject","inLanguage":"es","@id":"https:\/\/elglobal.do\/#\/schema\/person\/image\/","url":"https:\/\/secure.gravatar.com\/avatar\/081cfb6cf99faddc6f4e23a0c11ab98c5cf302925382d1c88dc3ed757ab910a3?s=96&d=mm&r=g","contentUrl":"https:\/\/secure.gravatar.com\/avatar\/081cfb6cf99faddc6f4e23a0c11ab98c5cf302925382d1c88dc3ed757ab910a3?s=96&d=mm&r=g","caption":"EL GLOBAL"},"description":"El Global Informativo es un peri\u00f3dico digital de Rep\u00fablica Dominicana que se dedica a cubrir temas importantes, como la pol\u00edtica local, geopol\u00edtica, econom\u00eda, tecnolog\u00eda, noticias internacionales y eventos relacionados con la gesti\u00f3n social, cultural y humana. Su objetivo principal es mantener a la poblaci\u00f3n informada, ofreciendo una visi\u00f3n amplia y actualizada de lo que sucede tanto en el pa\u00eds como en el mundo. Est\u00e1 dirigido por un grupo de periodistas experimentados, lo que garantiza la calidad y la precisi\u00f3n de la informaci\u00f3n que ofrecen. Tiene su sede en la ciudad de Santo Domingo y es parte integral del portafolio de la empresa, MC Global S.R.L.","sameAs":["https:\/\/elglobal.do","https:\/\/www.instagram.com\/elglobal.do_informativo\/"],"url":"https:\/\/elglobal.do\/index.php\/author\/elglobaluserpro\/"}]}},"jetpack_featured_media_url":"https:\/\/elglobal.do\/wp-content\/uploads\/2025\/11\/Exposicion.jpg","jetpack_sharing_enabled":true,"_links":{"self":[{"href":"https:\/\/elglobal.do\/index.php\/wp-json\/wp\/v2\/posts\/4027","targetHints":{"allow":["GET"]}}],"collection":[{"href":"https:\/\/elglobal.do\/index.php\/wp-json\/wp\/v2\/posts"}],"about":[{"href":"https:\/\/elglobal.do\/index.php\/wp-json\/wp\/v2\/types\/post"}],"author":[{"embeddable":true,"href":"https:\/\/elglobal.do\/index.php\/wp-json\/wp\/v2\/users\/1"}],"replies":[{"embeddable":true,"href":"https:\/\/elglobal.do\/index.php\/wp-json\/wp\/v2\/comments?post=4027"}],"version-history":[{"count":1,"href":"https:\/\/elglobal.do\/index.php\/wp-json\/wp\/v2\/posts\/4027\/revisions"}],"predecessor-version":[{"id":4032,"href":"https:\/\/elglobal.do\/index.php\/wp-json\/wp\/v2\/posts\/4027\/revisions\/4032"}],"wp:featuredmedia":[{"embeddable":true,"href":"https:\/\/elglobal.do\/index.php\/wp-json\/wp\/v2\/media\/4030"}],"wp:attachment":[{"href":"https:\/\/elglobal.do\/index.php\/wp-json\/wp\/v2\/media?parent=4027"}],"wp:term":[{"taxonomy":"category","embeddable":true,"href":"https:\/\/elglobal.do\/index.php\/wp-json\/wp\/v2\/categories?post=4027"},{"taxonomy":"post_tag","embeddable":true,"href":"https:\/\/elglobal.do\/index.php\/wp-json\/wp\/v2\/tags?post=4027"}],"curies":[{"name":"wp","href":"https:\/\/api.w.org\/{rel}","templated":true}]}}