{"id":4033,"date":"2025-11-19T23:51:23","date_gmt":"2025-11-20T03:51:23","guid":{"rendered":"https:\/\/elglobal.do\/?p=4033"},"modified":"2025-11-19T23:51:25","modified_gmt":"2025-11-20T03:51:25","slug":"inversionistas-de-peru-destacan-seguridad-juridica-de-republica-dominicana","status":"publish","type":"post","link":"https:\/\/elglobal.do\/index.php\/2025\/11\/19\/inversionistas-de-peru-destacan-seguridad-juridica-de-republica-dominicana\/","title":{"rendered":"Inversionistas de Per\u00fa destacan seguridad jur\u00eddica de Rep\u00fablica Dominicana"},"content":{"rendered":"\n<figure class=\"wp-block-image size-large\"><img loading=\"lazy\" decoding=\"async\" width=\"1024\" height=\"576\" src=\"https:\/\/elglobal.do\/wp-content\/uploads\/2025\/11\/WhatsApp-Image-2025-11-19-at-11.26.46-PM-1024x576.jpeg\" alt=\"\" class=\"wp-image-4035\" srcset=\"https:\/\/elglobal.do\/wp-content\/uploads\/2025\/11\/WhatsApp-Image-2025-11-19-at-11.26.46-PM-1024x576.jpeg 1024w, https:\/\/elglobal.do\/wp-content\/uploads\/2025\/11\/WhatsApp-Image-2025-11-19-at-11.26.46-PM-300x169.jpeg 300w, https:\/\/elglobal.do\/wp-content\/uploads\/2025\/11\/WhatsApp-Image-2025-11-19-at-11.26.46-PM-768x432.jpeg 768w, https:\/\/elglobal.do\/wp-content\/uploads\/2025\/11\/WhatsApp-Image-2025-11-19-at-11.26.46-PM-1536x864.jpeg 1536w, https:\/\/elglobal.do\/wp-content\/uploads\/2025\/11\/WhatsApp-Image-2025-11-19-at-11.26.46-PM.jpeg 1600w\" sizes=\"auto, (max-width: 1024px) 100vw, 1024px\" \/><\/figure>\n\n\n\n<p><strong>Punta Cana, La Altagracia. \u2013<\/strong> La empresa Inversiones e Inmobiliaria Huacahina, destac\u00f3 la seguridad jur\u00eddica de la Rep\u00fablica Dominicana, raz\u00f3n que les ha permitido la entrega de 1,500 nuevos t\u00edtulos de propiedad para adquirientes de solares y villas del proyecto residencial Alta Vista Village, ubicado en el estrat\u00e9gico corredor tur\u00edstico Punta Cana\u2013Hig\u00fcey.<\/p>\n\n\n\n<p>Con una inversi\u00f3n respaldada por capital internacional y una visi\u00f3n de desarrollo urbano sostenible, los inversionistas peruanos realizaron esta segunda fase de titulaciones, con la que se consolida la formalizaci\u00f3n de la propiedad, uno de los pilares clave para dinamizar la econom\u00eda, garantizar seguridad jur\u00eddica y facilitar el acceso al cr\u00e9dito y la inversi\u00f3n patrimonial a largo plazo.<\/p>\n\n\n\n<p>El proyecto Alta Vista Village incluye lotes residenciales desde 216 m\u00b2, villas de 2 y 3 habitaciones y una infraestructura que integra calles asfaltadas, control de acceso, \u00e1reas verdes, piscinas y casas club. Las fases 1, 2, 4, 5 y 6 se encuentran completamente vendidas, mientras que la s\u00e9ptima etapa est\u00e1 en desarrollo.<\/p>\n\n\n\n<p>La iniciativa que se establece con una inversi\u00f3n de m\u00e1s de 40 millones de d\u00f3lares, tambi\u00e9n contribuye a la generaci\u00f3n de m\u00e1s de 120 empleos directos y 800 indirectos, as\u00ed como al dinamismo del sector construcci\u00f3n.<\/p>\n\n\n\n<p>Actualmente, el proyecto cuenta con 85 villas terminadas y listas para entrega, mientras se trabaja en la entrega de 252 unidades adicionales previstas para enero del pr\u00f3ximo a\u00f1o. Se proyecta que para junio de 2026 se habr\u00e1 completado un total superior a las 500 villas entregadas. En cuanto a los solares, la primera etapa ya ha sido finalizada, la segunda se encuentra en su fase de cierre y ya se iniciaron los trabajos de la tercera etapa.<\/p>\n\n\n\n<figure class=\"wp-block-image size-large\"><img loading=\"lazy\" decoding=\"async\" width=\"1024\" height=\"576\" src=\"https:\/\/elglobal.do\/wp-content\/uploads\/2025\/11\/e2a19758-7444-434e-a3c5-252be5dda6aa-1024x576.jpg\" alt=\"\" class=\"wp-image-4036\" srcset=\"https:\/\/elglobal.do\/wp-content\/uploads\/2025\/11\/e2a19758-7444-434e-a3c5-252be5dda6aa-1024x576.jpg 1024w, https:\/\/elglobal.do\/wp-content\/uploads\/2025\/11\/e2a19758-7444-434e-a3c5-252be5dda6aa-300x169.jpg 300w, https:\/\/elglobal.do\/wp-content\/uploads\/2025\/11\/e2a19758-7444-434e-a3c5-252be5dda6aa-768x432.jpg 768w, https:\/\/elglobal.do\/wp-content\/uploads\/2025\/11\/e2a19758-7444-434e-a3c5-252be5dda6aa-1536x864.jpg 1536w, https:\/\/elglobal.do\/wp-content\/uploads\/2025\/11\/e2a19758-7444-434e-a3c5-252be5dda6aa.jpg 1600w\" sizes=\"auto, (max-width: 1024px) 100vw, 1024px\" \/><\/figure>\n\n\n\n<p>Durante un encuentro con la prensa, los ejecutivos destacaron que la entrega de t\u00edtulos represent\u00f3 \u201cun paso decisivo para ofrecer seguridad y respaldo a las familias que confiaron en este proyecto\u201d, el cual se ha convertido en uno de los desarrollos urban\u00edsticos de mayor crecimiento en la regi\u00f3n Este.<\/p>\n\n\n\n<p>\u201cEs importante resaltar el apoyo que hemos tenido del gobierno dominicano que nos ha facilitado los tr\u00e1mites como inversionistas extranjeros, y nos han ayudado a obtener los permisos y todos los documentos correspondientes para entregar los t\u00edtulos de propiedad\u201d, expres\u00f3 Ismael Rubio, CEO de Inversiones Huacachina.<\/p>\n\n\n\n<p>En ese sentido, el alcalde de La Otra Banda, Alexander Rodr\u00edguez, manifest\u00f3 que estos certificados de t\u00edtulo dan garant\u00eda de que la inversi\u00f3n que se est\u00e1 haciendo en la zona viene con una seguridad que ayudar\u00e1 a revolucionar la inversi\u00f3n.<\/p>\n\n\n\n<p>En tanto que, M\u00e9lido Marte, director regional de REMAX expres\u00f3 que el turismo inmobiliario tiene potencial para ser la industria insignia de la Rep\u00fablica Dominicana. \u201cNuestra marca pa\u00eds ha ido acompa\u00f1ando a este grupo de desarrolladores que han venido del Per\u00fa, atra\u00eddos por nuestra econom\u00eda, por nuestro mercado, y han apostado a nuestro pa\u00eds\u201d, declar\u00f3.<\/p>\n\n\n\n<p>Con la entrega de estos 1,500 t\u00edtulos, la empresa reforz\u00f3 su compromiso con el desarrollo ordenado del corredor Punta Cana\u2013Hig\u00fcey, una de las zonas de mayor expansi\u00f3n inmobiliaria del pa\u00eds.<\/p>\n\n\n\n<p>Los inversionistas explicaron que, la formalizaci\u00f3n de las propiedades permiti\u00f3 a los propietarios acceder a cr\u00e9dito, invertir en ampliaciones y garantizar la valorizaci\u00f3n futura de sus inmuebles. <\/p>\n\n\n\n<figure class=\"wp-block-image size-large\"><img loading=\"lazy\" decoding=\"async\" width=\"1024\" height=\"576\" src=\"https:\/\/elglobal.do\/wp-content\/uploads\/2025\/11\/c4e1efde-7a18-4b04-80dd-f3f3f7af5048-1024x576.jpg\" alt=\"\" class=\"wp-image-4037\" srcset=\"https:\/\/elglobal.do\/wp-content\/uploads\/2025\/11\/c4e1efde-7a18-4b04-80dd-f3f3f7af5048-1024x576.jpg 1024w, https:\/\/elglobal.do\/wp-content\/uploads\/2025\/11\/c4e1efde-7a18-4b04-80dd-f3f3f7af5048-300x169.jpg 300w, https:\/\/elglobal.do\/wp-content\/uploads\/2025\/11\/c4e1efde-7a18-4b04-80dd-f3f3f7af5048-768x432.jpg 768w, https:\/\/elglobal.do\/wp-content\/uploads\/2025\/11\/c4e1efde-7a18-4b04-80dd-f3f3f7af5048-1536x864.jpg 1536w, https:\/\/elglobal.do\/wp-content\/uploads\/2025\/11\/c4e1efde-7a18-4b04-80dd-f3f3f7af5048.jpg 1600w\" sizes=\"auto, (max-width: 1024px) 100vw, 1024px\" \/><\/figure>\n\n\n\n<p>Las villas incluyen dise\u00f1os de una sola planta, patios amplios, dos parqueos y acceso a las \u00e1reas recreativas del complejo.<\/p>\n","protected":false},"excerpt":{"rendered":"<p>Punta Cana, La Altagracia. \u2013 La empresa Inversiones e Inmobiliaria Huacahina, destac\u00f3 la seguridad jur\u00eddica de la Rep\u00fablica Dominicana, raz\u00f3n que les ha permitido la entrega de 1,500 nuevos t\u00edtulos&hellip; <\/p>\n","protected":false},"author":1,"featured_media":4034,"comment_status":"open","ping_status":"open","sticky":false,"template":"","format":"standard","meta":{"_jetpack_memberships_contains_paid_content":false,"footnotes":""},"categories":[10,14],"tags":[2138,2137,98,1779,2139],"class_list":["post-4033","post","type-post","status-publish","format-standard","has-post-thumbnail","hentry","category-economia","category-slider","tag-altavistavillage","tag-desarrolloinmobiliario-puntacana","tag-elglobalinformativo","tag-inversionextranjera","tag-nuevostitulos"],"yoast_head":"<!-- This site is optimized with the Yoast SEO plugin v26.9 - https:\/\/yoast.com\/product\/yoast-seo-wordpress\/ -->\n<title>Inversionistas de Per\u00fa destacan seguridad jur\u00eddica de Rep\u00fablica Dominicana - EL GLOBAL INFORMATIVO<\/title>\n<meta name=\"robots\" content=\"index, follow, max-snippet:-1, max-image-preview:large, max-video-preview:-1\" \/>\n<link rel=\"canonical\" href=\"https:\/\/elglobal.do\/index.php\/2025\/11\/19\/inversionistas-de-peru-destacan-seguridad-juridica-de-republica-dominicana\/\" \/>\n<meta property=\"og:locale\" content=\"es_ES\" \/>\n<meta property=\"og:type\" content=\"article\" \/>\n<meta property=\"og:title\" content=\"Inversionistas de Per\u00fa destacan seguridad jur\u00eddica de Rep\u00fablica Dominicana - EL GLOBAL INFORMATIVO\" \/>\n<meta property=\"og:description\" content=\"Punta Cana, La Altagracia. \u2013 La empresa Inversiones e Inmobiliaria Huacahina, destac\u00f3 la seguridad jur\u00eddica de la Rep\u00fablica Dominicana, raz\u00f3n que les ha permitido la entrega de 1,500 nuevos t\u00edtulos&hellip;\" \/>\n<meta property=\"og:url\" content=\"https:\/\/elglobal.do\/index.php\/2025\/11\/19\/inversionistas-de-peru-destacan-seguridad-juridica-de-republica-dominicana\/\" \/>\n<meta property=\"og:site_name\" content=\"EL GLOBAL INFORMATIVO\" \/>\n<meta property=\"article:published_time\" content=\"2025-11-20T03:51:23+00:00\" \/>\n<meta property=\"article:modified_time\" content=\"2025-11-20T03:51:25+00:00\" \/>\n<meta property=\"og:image\" content=\"https:\/\/elglobal.do\/wp-content\/uploads\/2025\/11\/c5844eb1-aecc-49d6-8d67-6458f31e22a1.jpg\" \/>\n\t<meta property=\"og:image:width\" content=\"1600\" \/>\n\t<meta property=\"og:image:height\" content=\"900\" \/>\n\t<meta property=\"og:image:type\" content=\"image\/jpeg\" \/>\n<meta name=\"author\" content=\"EL GLOBAL\" \/>\n<meta name=\"twitter:card\" content=\"summary_large_image\" \/>\n<meta name=\"twitter:label1\" content=\"Escrito por\" \/>\n\t<meta name=\"twitter:data1\" content=\"EL GLOBAL\" \/>\n\t<meta name=\"twitter:label2\" content=\"Tiempo de lectura\" \/>\n\t<meta name=\"twitter:data2\" content=\"4 minutos\" \/>\n<script type=\"application\/ld+json\" class=\"yoast-schema-graph\">{\"@context\":\"https:\/\/schema.org\",\"@graph\":[{\"@type\":\"Article\",\"@id\":\"https:\/\/elglobal.do\/index.php\/2025\/11\/19\/inversionistas-de-peru-destacan-seguridad-juridica-de-republica-dominicana\/#article\",\"isPartOf\":{\"@id\":\"https:\/\/elglobal.do\/index.php\/2025\/11\/19\/inversionistas-de-peru-destacan-seguridad-juridica-de-republica-dominicana\/\"},\"author\":{\"name\":\"EL GLOBAL\",\"@id\":\"https:\/\/elglobal.do\/#\/schema\/person\/0c97ec2c7714fb605d230c292f64d55f\"},\"headline\":\"Inversionistas de Per\u00fa destacan seguridad jur\u00eddica de Rep\u00fablica Dominicana\",\"datePublished\":\"2025-11-20T03:51:23+00:00\",\"dateModified\":\"2025-11-20T03:51:25+00:00\",\"mainEntityOfPage\":{\"@id\":\"https:\/\/elglobal.do\/index.php\/2025\/11\/19\/inversionistas-de-peru-destacan-seguridad-juridica-de-republica-dominicana\/\"},\"wordCount\":587,\"commentCount\":0,\"publisher\":{\"@id\":\"https:\/\/elglobal.do\/#organization\"},\"image\":{\"@id\":\"https:\/\/elglobal.do\/index.php\/2025\/11\/19\/inversionistas-de-peru-destacan-seguridad-juridica-de-republica-dominicana\/#primaryimage\"},\"thumbnailUrl\":\"https:\/\/elglobal.do\/wp-content\/uploads\/2025\/11\/c5844eb1-aecc-49d6-8d67-6458f31e22a1.jpg\",\"keywords\":[\"#AltaVistaVillage\",\"#DesarrolloInmobiliario #PuntaCana\",\"#ElGlobalInformativo\",\"#Inversi\u00f3nExtranjera\",\"#NuevosT\u00edtulos\"],\"articleSection\":[\"ECONOM\u00cdA\",\"NOTICIAS RELEVANTES\"],\"inLanguage\":\"es\",\"potentialAction\":[{\"@type\":\"CommentAction\",\"name\":\"Comment\",\"target\":[\"https:\/\/elglobal.do\/index.php\/2025\/11\/19\/inversionistas-de-peru-destacan-seguridad-juridica-de-republica-dominicana\/#respond\"]}]},{\"@type\":\"WebPage\",\"@id\":\"https:\/\/elglobal.do\/index.php\/2025\/11\/19\/inversionistas-de-peru-destacan-seguridad-juridica-de-republica-dominicana\/\",\"url\":\"https:\/\/elglobal.do\/index.php\/2025\/11\/19\/inversionistas-de-peru-destacan-seguridad-juridica-de-republica-dominicana\/\",\"name\":\"Inversionistas de Per\u00fa destacan seguridad jur\u00eddica de Rep\u00fablica Dominicana - EL GLOBAL INFORMATIVO\",\"isPartOf\":{\"@id\":\"https:\/\/elglobal.do\/#website\"},\"primaryImageOfPage\":{\"@id\":\"https:\/\/elglobal.do\/index.php\/2025\/11\/19\/inversionistas-de-peru-destacan-seguridad-juridica-de-republica-dominicana\/#primaryimage\"},\"image\":{\"@id\":\"https:\/\/elglobal.do\/index.php\/2025\/11\/19\/inversionistas-de-peru-destacan-seguridad-juridica-de-republica-dominicana\/#primaryimage\"},\"thumbnailUrl\":\"https:\/\/elglobal.do\/wp-content\/uploads\/2025\/11\/c5844eb1-aecc-49d6-8d67-6458f31e22a1.jpg\",\"datePublished\":\"2025-11-20T03:51:23+00:00\",\"dateModified\":\"2025-11-20T03:51:25+00:00\",\"breadcrumb\":{\"@id\":\"https:\/\/elglobal.do\/index.php\/2025\/11\/19\/inversionistas-de-peru-destacan-seguridad-juridica-de-republica-dominicana\/#breadcrumb\"},\"inLanguage\":\"es\",\"potentialAction\":[{\"@type\":\"ReadAction\",\"target\":[\"https:\/\/elglobal.do\/index.php\/2025\/11\/19\/inversionistas-de-peru-destacan-seguridad-juridica-de-republica-dominicana\/\"]}]},{\"@type\":\"ImageObject\",\"inLanguage\":\"es\",\"@id\":\"https:\/\/elglobal.do\/index.php\/2025\/11\/19\/inversionistas-de-peru-destacan-seguridad-juridica-de-republica-dominicana\/#primaryimage\",\"url\":\"https:\/\/elglobal.do\/wp-content\/uploads\/2025\/11\/c5844eb1-aecc-49d6-8d67-6458f31e22a1.jpg\",\"contentUrl\":\"https:\/\/elglobal.do\/wp-content\/uploads\/2025\/11\/c5844eb1-aecc-49d6-8d67-6458f31e22a1.jpg\",\"width\":1600,\"height\":900},{\"@type\":\"BreadcrumbList\",\"@id\":\"https:\/\/elglobal.do\/index.php\/2025\/11\/19\/inversionistas-de-peru-destacan-seguridad-juridica-de-republica-dominicana\/#breadcrumb\",\"itemListElement\":[{\"@type\":\"ListItem\",\"position\":1,\"name\":\"Portada\",\"item\":\"https:\/\/elglobal.do\/\"},{\"@type\":\"ListItem\",\"position\":2,\"name\":\"Inversionistas de Per\u00fa destacan seguridad jur\u00eddica de Rep\u00fablica Dominicana\"}]},{\"@type\":\"WebSite\",\"@id\":\"https:\/\/elglobal.do\/#website\",\"url\":\"https:\/\/elglobal.do\/\",\"name\":\"EL GLOBAL INFORMATIVO\",\"description\":\"Peri\u00f3dico digital de la Rep\u00fablica Dominicana que ofrece noticias, novedades, pol\u00edtica y las \u00faltimas actualidades, con informaci\u00f3n veraz y oportuna para mantenerte siempre informad\",\"publisher\":{\"@id\":\"https:\/\/elglobal.do\/#organization\"},\"potentialAction\":[{\"@type\":\"SearchAction\",\"target\":{\"@type\":\"EntryPoint\",\"urlTemplate\":\"https:\/\/elglobal.do\/?s={search_term_string}\"},\"query-input\":{\"@type\":\"PropertyValueSpecification\",\"valueRequired\":true,\"valueName\":\"search_term_string\"}}],\"inLanguage\":\"es\"},{\"@type\":\"Organization\",\"@id\":\"https:\/\/elglobal.do\/#organization\",\"name\":\"EL GLOBAL.DO INFORMATIVO\",\"url\":\"https:\/\/elglobal.do\/\",\"logo\":{\"@type\":\"ImageObject\",\"inLanguage\":\"es\",\"@id\":\"https:\/\/elglobal.do\/#\/schema\/logo\/image\/\",\"url\":\"https:\/\/elglobal.do\/wp-content\/uploads\/2025\/08\/icon.png\",\"contentUrl\":\"https:\/\/elglobal.do\/wp-content\/uploads\/2025\/08\/icon.png\",\"width\":512,\"height\":512,\"caption\":\"EL GLOBAL.DO INFORMATIVO\"},\"image\":{\"@id\":\"https:\/\/elglobal.do\/#\/schema\/logo\/image\/\"}},{\"@type\":\"Person\",\"@id\":\"https:\/\/elglobal.do\/#\/schema\/person\/0c97ec2c7714fb605d230c292f64d55f\",\"name\":\"EL GLOBAL\",\"image\":{\"@type\":\"ImageObject\",\"inLanguage\":\"es\",\"@id\":\"https:\/\/elglobal.do\/#\/schema\/person\/image\/\",\"url\":\"https:\/\/secure.gravatar.com\/avatar\/081cfb6cf99faddc6f4e23a0c11ab98c5cf302925382d1c88dc3ed757ab910a3?s=96&d=mm&r=g\",\"contentUrl\":\"https:\/\/secure.gravatar.com\/avatar\/081cfb6cf99faddc6f4e23a0c11ab98c5cf302925382d1c88dc3ed757ab910a3?s=96&d=mm&r=g\",\"caption\":\"EL GLOBAL\"},\"description\":\"El Global Informativo es un peri\u00f3dico digital de Rep\u00fablica Dominicana que se dedica a cubrir temas importantes, como la pol\u00edtica local, geopol\u00edtica, econom\u00eda, tecnolog\u00eda, noticias internacionales y eventos relacionados con la gesti\u00f3n social, cultural y humana. Su objetivo principal es mantener a la poblaci\u00f3n informada, ofreciendo una visi\u00f3n amplia y actualizada de lo que sucede tanto en el pa\u00eds como en el mundo. Est\u00e1 dirigido por un grupo de periodistas experimentados, lo que garantiza la calidad y la precisi\u00f3n de la informaci\u00f3n que ofrecen. Tiene su sede en la ciudad de Santo Domingo y es parte integral del portafolio de la empresa, MC Global S.R.L.\",\"sameAs\":[\"https:\/\/elglobal.do\",\"https:\/\/www.instagram.com\/elglobal.do_informativo\/\"],\"url\":\"https:\/\/elglobal.do\/index.php\/author\/elglobaluserpro\/\"}]}<\/script>\n<!-- \/ Yoast SEO plugin. -->","yoast_head_json":{"title":"Inversionistas de Per\u00fa destacan seguridad jur\u00eddica de Rep\u00fablica Dominicana - EL GLOBAL INFORMATIVO","robots":{"index":"index","follow":"follow","max-snippet":"max-snippet:-1","max-image-preview":"max-image-preview:large","max-video-preview":"max-video-preview:-1"},"canonical":"https:\/\/elglobal.do\/index.php\/2025\/11\/19\/inversionistas-de-peru-destacan-seguridad-juridica-de-republica-dominicana\/","og_locale":"es_ES","og_type":"article","og_title":"Inversionistas de Per\u00fa destacan seguridad jur\u00eddica de Rep\u00fablica Dominicana - EL GLOBAL INFORMATIVO","og_description":"Punta Cana, La Altagracia. \u2013 La empresa Inversiones e Inmobiliaria Huacahina, destac\u00f3 la seguridad jur\u00eddica de la Rep\u00fablica Dominicana, raz\u00f3n que les ha permitido la entrega de 1,500 nuevos t\u00edtulos&hellip;","og_url":"https:\/\/elglobal.do\/index.php\/2025\/11\/19\/inversionistas-de-peru-destacan-seguridad-juridica-de-republica-dominicana\/","og_site_name":"EL GLOBAL INFORMATIVO","article_published_time":"2025-11-20T03:51:23+00:00","article_modified_time":"2025-11-20T03:51:25+00:00","og_image":[{"width":1600,"height":900,"url":"https:\/\/elglobal.do\/wp-content\/uploads\/2025\/11\/c5844eb1-aecc-49d6-8d67-6458f31e22a1.jpg","type":"image\/jpeg"}],"author":"EL GLOBAL","twitter_card":"summary_large_image","twitter_misc":{"Escrito por":"EL GLOBAL","Tiempo de lectura":"4 minutos"},"schema":{"@context":"https:\/\/schema.org","@graph":[{"@type":"Article","@id":"https:\/\/elglobal.do\/index.php\/2025\/11\/19\/inversionistas-de-peru-destacan-seguridad-juridica-de-republica-dominicana\/#article","isPartOf":{"@id":"https:\/\/elglobal.do\/index.php\/2025\/11\/19\/inversionistas-de-peru-destacan-seguridad-juridica-de-republica-dominicana\/"},"author":{"name":"EL GLOBAL","@id":"https:\/\/elglobal.do\/#\/schema\/person\/0c97ec2c7714fb605d230c292f64d55f"},"headline":"Inversionistas de Per\u00fa destacan seguridad jur\u00eddica de Rep\u00fablica Dominicana","datePublished":"2025-11-20T03:51:23+00:00","dateModified":"2025-11-20T03:51:25+00:00","mainEntityOfPage":{"@id":"https:\/\/elglobal.do\/index.php\/2025\/11\/19\/inversionistas-de-peru-destacan-seguridad-juridica-de-republica-dominicana\/"},"wordCount":587,"commentCount":0,"publisher":{"@id":"https:\/\/elglobal.do\/#organization"},"image":{"@id":"https:\/\/elglobal.do\/index.php\/2025\/11\/19\/inversionistas-de-peru-destacan-seguridad-juridica-de-republica-dominicana\/#primaryimage"},"thumbnailUrl":"https:\/\/elglobal.do\/wp-content\/uploads\/2025\/11\/c5844eb1-aecc-49d6-8d67-6458f31e22a1.jpg","keywords":["#AltaVistaVillage","#DesarrolloInmobiliario #PuntaCana","#ElGlobalInformativo","#Inversi\u00f3nExtranjera","#NuevosT\u00edtulos"],"articleSection":["ECONOM\u00cdA","NOTICIAS RELEVANTES"],"inLanguage":"es","potentialAction":[{"@type":"CommentAction","name":"Comment","target":["https:\/\/elglobal.do\/index.php\/2025\/11\/19\/inversionistas-de-peru-destacan-seguridad-juridica-de-republica-dominicana\/#respond"]}]},{"@type":"WebPage","@id":"https:\/\/elglobal.do\/index.php\/2025\/11\/19\/inversionistas-de-peru-destacan-seguridad-juridica-de-republica-dominicana\/","url":"https:\/\/elglobal.do\/index.php\/2025\/11\/19\/inversionistas-de-peru-destacan-seguridad-juridica-de-republica-dominicana\/","name":"Inversionistas de Per\u00fa destacan seguridad jur\u00eddica de Rep\u00fablica Dominicana - EL GLOBAL INFORMATIVO","isPartOf":{"@id":"https:\/\/elglobal.do\/#website"},"primaryImageOfPage":{"@id":"https:\/\/elglobal.do\/index.php\/2025\/11\/19\/inversionistas-de-peru-destacan-seguridad-juridica-de-republica-dominicana\/#primaryimage"},"image":{"@id":"https:\/\/elglobal.do\/index.php\/2025\/11\/19\/inversionistas-de-peru-destacan-seguridad-juridica-de-republica-dominicana\/#primaryimage"},"thumbnailUrl":"https:\/\/elglobal.do\/wp-content\/uploads\/2025\/11\/c5844eb1-aecc-49d6-8d67-6458f31e22a1.jpg","datePublished":"2025-11-20T03:51:23+00:00","dateModified":"2025-11-20T03:51:25+00:00","breadcrumb":{"@id":"https:\/\/elglobal.do\/index.php\/2025\/11\/19\/inversionistas-de-peru-destacan-seguridad-juridica-de-republica-dominicana\/#breadcrumb"},"inLanguage":"es","potentialAction":[{"@type":"ReadAction","target":["https:\/\/elglobal.do\/index.php\/2025\/11\/19\/inversionistas-de-peru-destacan-seguridad-juridica-de-republica-dominicana\/"]}]},{"@type":"ImageObject","inLanguage":"es","@id":"https:\/\/elglobal.do\/index.php\/2025\/11\/19\/inversionistas-de-peru-destacan-seguridad-juridica-de-republica-dominicana\/#primaryimage","url":"https:\/\/elglobal.do\/wp-content\/uploads\/2025\/11\/c5844eb1-aecc-49d6-8d67-6458f31e22a1.jpg","contentUrl":"https:\/\/elglobal.do\/wp-content\/uploads\/2025\/11\/c5844eb1-aecc-49d6-8d67-6458f31e22a1.jpg","width":1600,"height":900},{"@type":"BreadcrumbList","@id":"https:\/\/elglobal.do\/index.php\/2025\/11\/19\/inversionistas-de-peru-destacan-seguridad-juridica-de-republica-dominicana\/#breadcrumb","itemListElement":[{"@type":"ListItem","position":1,"name":"Portada","item":"https:\/\/elglobal.do\/"},{"@type":"ListItem","position":2,"name":"Inversionistas de Per\u00fa destacan seguridad jur\u00eddica de Rep\u00fablica Dominicana"}]},{"@type":"WebSite","@id":"https:\/\/elglobal.do\/#website","url":"https:\/\/elglobal.do\/","name":"EL GLOBAL INFORMATIVO","description":"Peri\u00f3dico digital de la Rep\u00fablica Dominicana que ofrece noticias, novedades, pol\u00edtica y las \u00faltimas actualidades, con informaci\u00f3n veraz y oportuna para mantenerte siempre informad","publisher":{"@id":"https:\/\/elglobal.do\/#organization"},"potentialAction":[{"@type":"SearchAction","target":{"@type":"EntryPoint","urlTemplate":"https:\/\/elglobal.do\/?s={search_term_string}"},"query-input":{"@type":"PropertyValueSpecification","valueRequired":true,"valueName":"search_term_string"}}],"inLanguage":"es"},{"@type":"Organization","@id":"https:\/\/elglobal.do\/#organization","name":"EL GLOBAL.DO INFORMATIVO","url":"https:\/\/elglobal.do\/","logo":{"@type":"ImageObject","inLanguage":"es","@id":"https:\/\/elglobal.do\/#\/schema\/logo\/image\/","url":"https:\/\/elglobal.do\/wp-content\/uploads\/2025\/08\/icon.png","contentUrl":"https:\/\/elglobal.do\/wp-content\/uploads\/2025\/08\/icon.png","width":512,"height":512,"caption":"EL GLOBAL.DO INFORMATIVO"},"image":{"@id":"https:\/\/elglobal.do\/#\/schema\/logo\/image\/"}},{"@type":"Person","@id":"https:\/\/elglobal.do\/#\/schema\/person\/0c97ec2c7714fb605d230c292f64d55f","name":"EL GLOBAL","image":{"@type":"ImageObject","inLanguage":"es","@id":"https:\/\/elglobal.do\/#\/schema\/person\/image\/","url":"https:\/\/secure.gravatar.com\/avatar\/081cfb6cf99faddc6f4e23a0c11ab98c5cf302925382d1c88dc3ed757ab910a3?s=96&d=mm&r=g","contentUrl":"https:\/\/secure.gravatar.com\/avatar\/081cfb6cf99faddc6f4e23a0c11ab98c5cf302925382d1c88dc3ed757ab910a3?s=96&d=mm&r=g","caption":"EL GLOBAL"},"description":"El Global Informativo es un peri\u00f3dico digital de Rep\u00fablica Dominicana que se dedica a cubrir temas importantes, como la pol\u00edtica local, geopol\u00edtica, econom\u00eda, tecnolog\u00eda, noticias internacionales y eventos relacionados con la gesti\u00f3n social, cultural y humana. Su objetivo principal es mantener a la poblaci\u00f3n informada, ofreciendo una visi\u00f3n amplia y actualizada de lo que sucede tanto en el pa\u00eds como en el mundo. Est\u00e1 dirigido por un grupo de periodistas experimentados, lo que garantiza la calidad y la precisi\u00f3n de la informaci\u00f3n que ofrecen. Tiene su sede en la ciudad de Santo Domingo y es parte integral del portafolio de la empresa, MC Global S.R.L.","sameAs":["https:\/\/elglobal.do","https:\/\/www.instagram.com\/elglobal.do_informativo\/"],"url":"https:\/\/elglobal.do\/index.php\/author\/elglobaluserpro\/"}]}},"jetpack_featured_media_url":"https:\/\/elglobal.do\/wp-content\/uploads\/2025\/11\/c5844eb1-aecc-49d6-8d67-6458f31e22a1.jpg","jetpack_sharing_enabled":true,"_links":{"self":[{"href":"https:\/\/elglobal.do\/index.php\/wp-json\/wp\/v2\/posts\/4033","targetHints":{"allow":["GET"]}}],"collection":[{"href":"https:\/\/elglobal.do\/index.php\/wp-json\/wp\/v2\/posts"}],"about":[{"href":"https:\/\/elglobal.do\/index.php\/wp-json\/wp\/v2\/types\/post"}],"author":[{"embeddable":true,"href":"https:\/\/elglobal.do\/index.php\/wp-json\/wp\/v2\/users\/1"}],"replies":[{"embeddable":true,"href":"https:\/\/elglobal.do\/index.php\/wp-json\/wp\/v2\/comments?post=4033"}],"version-history":[{"count":1,"href":"https:\/\/elglobal.do\/index.php\/wp-json\/wp\/v2\/posts\/4033\/revisions"}],"predecessor-version":[{"id":4038,"href":"https:\/\/elglobal.do\/index.php\/wp-json\/wp\/v2\/posts\/4033\/revisions\/4038"}],"wp:featuredmedia":[{"embeddable":true,"href":"https:\/\/elglobal.do\/index.php\/wp-json\/wp\/v2\/media\/4034"}],"wp:attachment":[{"href":"https:\/\/elglobal.do\/index.php\/wp-json\/wp\/v2\/media?parent=4033"}],"wp:term":[{"taxonomy":"category","embeddable":true,"href":"https:\/\/elglobal.do\/index.php\/wp-json\/wp\/v2\/categories?post=4033"},{"taxonomy":"post_tag","embeddable":true,"href":"https:\/\/elglobal.do\/index.php\/wp-json\/wp\/v2\/tags?post=4033"}],"curies":[{"name":"wp","href":"https:\/\/api.w.org\/{rel}","templated":true}]}}