{"id":4043,"date":"2025-11-20T11:02:44","date_gmt":"2025-11-20T15:02:44","guid":{"rendered":"https:\/\/elglobal.do\/?p=4043"},"modified":"2025-11-20T11:02:48","modified_gmt":"2025-11-20T15:02:48","slug":"iglesia-catolica-se-alinea-con-clero-evangelico-ante-fallo-del-tc","status":"publish","type":"post","link":"https:\/\/elglobal.do\/index.php\/2025\/11\/20\/iglesia-catolica-se-alinea-con-clero-evangelico-ante-fallo-del-tc\/","title":{"rendered":"Iglesia Cat\u00f3lica se alinea con clero evang\u00e9lico ante fallo del TC"},"content":{"rendered":"\n<figure class=\"wp-block-image size-full is-resized\"><img loading=\"lazy\" decoding=\"async\" width=\"800\" height=\"534\" src=\"https:\/\/elglobal.do\/wp-content\/uploads\/2025\/11\/image-70.png\" alt=\"\" class=\"wp-image-4044\" style=\"width:716px;height:auto\" srcset=\"https:\/\/elglobal.do\/wp-content\/uploads\/2025\/11\/image-70.png 800w, https:\/\/elglobal.do\/wp-content\/uploads\/2025\/11\/image-70-300x200.png 300w, https:\/\/elglobal.do\/wp-content\/uploads\/2025\/11\/image-70-768x513.png 768w\" sizes=\"auto, (max-width: 800px) 100vw, 800px\" \/><\/figure>\n\n\n\n<p><strong>Santo Domingo.-<\/strong> La reciente sentencia del Tribunal Constitucional (TC) que despenaliza las relaciones homosexuales en el seno de la Polic\u00eda Nacional y las Fuerzas Armadas ha provocado una convergencia de condena entre las principales confesiones cristianas del pa\u00eds, cat\u00f3licos y evang\u00e9licos.<\/p>\n\n\n\n<p id=\"m83279-83278-83280\">El nuevo obispo coadjutor de Santo Domingo, Monse\u00f1or Carlos Tom\u00e1s Morel Dipl\u00e1n, se ha erigido en la figura de la Iglesia Cat\u00f3lica que tilda el fallo de \u00abdesacertado\u00bb e \u00abinconveniente\u00bb, reforzando el clamor de grupos como la Mesa de Di\u00e1logo y Representaci\u00f3n Cristiana y el Consejo Dominicano de Unidad Evang\u00e9lica (Codue).<\/p>\n\n\n\n<p>En el centro de la controversia, el obispo Morel Dipl\u00e1n manifest\u00f3 su profunda preocupaci\u00f3n por la decisi\u00f3n judicial, exponiendo que el TC \u00abdebi\u00f3 ponderar mucho mejor el tema\u00bb.<\/p>\n\n\n\n<p id=\"m83289-83288-83290\">Desde su perspectiva, al anular los art\u00edculos que castigaban la \u00absodom\u00eda\u00bb en los C\u00f3digos de Justicia, el tribunal est\u00e1 \u00ababriendo puertas en instituciones importantes como la Polic\u00eda Nacional a la homosexualidad\u00bb.<\/p>\n\n\n\n<p id=\"m83294-83293-83295\">El prelado insiste en la necesidad de cautela social, se\u00f1alando que la medida \u00abmanda una mala se\u00f1al para la sociedad\u00bb.<\/p>\n\n\n\n<p id=\"m83299-83298-83300\">Su principal argumento se centra en la protecci\u00f3n de la estructura familiar tradicional: \u00abHay que cuidar y resguardar los valores familiares, la unidad entre el hombre y la mujer\u00bb.<\/p>\n\n\n\n<p id=\"m83304-83303-83305\">Adem\u00e1s, el obispo sugiri\u00f3 que el manejo de estos temas, la homosexualidad, se est\u00e1 realizando de manera sutil, trayendo a colaci\u00f3n acciones previas como la boda entre dos hombres oficiada por el exembajador de Estados Unidos, James \u00abWally\u00bb Brewster.<\/p>\n\n\n\n<p id=\"m83309-83308-83310\">El obispo concluy\u00f3 con una rotunda desaprobaci\u00f3n: \u00abDe manera que no veo conveniente, creo que es un paso desacertado de parte de la instituci\u00f3n (Tribunal Constitucional)\u00bb.<\/p>\n\n\n\n<p><strong>Evang\u00e9licos: \u00abUna aberraci\u00f3n \u00e9tica\u00bb<\/strong><\/p>\n\n\n\n<p id=\"m83319-83318-83320\">La voz del obispo Morel Dipl\u00e1n se integra y potencia la airada respuesta que ya hab\u00eda emitido la comunidad evang\u00e9lica, estableciendo un frente cristiano unificado.<\/p>\n\n\n\n<p id=\"m83324-83323-83325\">Mesa de Di\u00e1logo y Representaci\u00f3n Cristiana calific\u00f3 la Sentencia TC\/1225\/25 como una \u00ababerraci\u00f3n \u00e9tica\u00bb y un \u00abgolpe directo a los principios morales, \u00e9ticos y espirituales\u00bb de la naci\u00f3n.<\/p>\n\n\n\n<p id=\"m83329-83328-83330\">Consideran que la decisi\u00f3n es \u00abinconstitucional\u00bb porque desconoce el marco val\u00f3rico de la Carta Magna, y que introducir estas pr\u00e1cticas es \u00abquebrar la esencia misma del cuerpo castrense\u00bb.<\/p>\n\n\n\n<p id=\"m83334-83333-83335\">Por su parte, el Consejo Dominicano de Unidad Evang\u00e9lica (Codue) asegur\u00f3, a trav\u00e9s de su presidente, Feliciano Lacen, que el fallo constituye \u00abun atentado directo contra las buenas costumbres, la moral p\u00fablica y los valores tradicionales\u00bb.<\/p>\n\n\n\n<p id=\"m83339-83338-83340\">Advirtieron que la sentencia crear\u00e1 un \u00abpeligroso precedente\u00bb y cataloga el acto como un \u00abproceso de erosi\u00f3n cultural\u00bb.<\/p>\n\n\n\n<p id=\"m83344-83343-83345\">Ambas entidades instaron a las autoridades competentes a \u00abrevisar, revertir o dejar sin efecto esta decisi\u00f3n\u00bb para evitar fracturas en el orden disciplinario y moral del pa\u00eds, reflejando la misma preocupaci\u00f3n por la moral y la disciplina que expres\u00f3 el obispo coadjutor.<\/p>\n\n\n\n<p id=\"m83349-83348-83350\">La unidad de las iglesias se levanta contra el fallo que declar\u00f3 inconstitucionales el art\u00edculo 210 de la Ley 285 (C\u00f3digo de Justicia de la Polic\u00eda Nacional) y el art\u00edculo 260 de la Ley 3483 (C\u00f3digo de Justicia de las Fuerzas Armadas).<\/p>\n\n\n\n<p id=\"m83354-83353-83355\">Las normas eliminadas sancionaban la \u00absodom\u00eda\u00bb (conc\u00fabito entre personas del mismo sexo) con penas de prisi\u00f3n correccional de dos meses a dos a\u00f1os.<\/p>\n\n\n\n<p id=\"m83359-83358-83360\">El Tribunal Constitucional determin\u00f3 que estas normas violaban el principio de razonabilidad y discriminaban de manera injustificada a las personas por su orientaci\u00f3n sexual, afectando derechos como la intimidad, el libre desarrollo de la personalidad y el derecho al trabajo.<\/p>\n\n\n\n<p id=\"m83364-83363-83365\">Sin embargo, el fallo no fue un\u00e1nime porque la magistrada Eunisis V\u00e1squez Acosta emiti\u00f3 un voto disidente, argumentando que las normas debieron ser analizadas bajo la \u00f3ptica del r\u00e9gimen especial de disciplina militar.<\/p>\n\n\n\n<p id=\"m83369-83368-83370\">En este r\u00e9gimen especial, agreg\u00f3 Acosta, la restricci\u00f3n de ciertos derechos fundamentales est\u00e1 permitida por exigencias funcionales de cohesi\u00f3n y orden, postura que indirectamente respalda la preocupaci\u00f3n de las iglesias sobre el impacto disciplinario de la sentencia.<\/p>\n\n\n\n<p><\/p>\n","protected":false},"excerpt":{"rendered":"<p>Santo Domingo.- La reciente sentencia del Tribunal Constitucional (TC) que despenaliza las relaciones homosexuales en el seno de la Polic\u00eda Nacional y las Fuerzas Armadas ha provocado una convergencia de&hellip; <\/p>\n","protected":false},"author":1,"featured_media":4044,"comment_status":"open","ping_status":"open","sticky":false,"template":"","format":"standard","meta":{"_jetpack_memberships_contains_paid_content":false,"footnotes":""},"categories":[40,14],"tags":[2144,2145,2140,2143,59],"class_list":["post-4043","post","type-post","status-publish","format-standard","has-post-thumbnail","hentry","category-nacionales","category-slider","tag-cleroevangelico","tag-fallotc","tag-fuerzasarmadas","tag-iglesiacatolica","tag-policianacional"],"yoast_head":"<!-- This site is optimized with the Yoast SEO plugin v26.9 - https:\/\/yoast.com\/product\/yoast-seo-wordpress\/ -->\n<title>Iglesia Cat\u00f3lica se alinea con clero evang\u00e9lico ante fallo del TC - EL GLOBAL INFORMATIVO<\/title>\n<meta name=\"robots\" content=\"index, follow, max-snippet:-1, max-image-preview:large, max-video-preview:-1\" \/>\n<link rel=\"canonical\" href=\"https:\/\/elglobal.do\/index.php\/2025\/11\/20\/iglesia-catolica-se-alinea-con-clero-evangelico-ante-fallo-del-tc\/\" \/>\n<meta property=\"og:locale\" content=\"es_ES\" \/>\n<meta property=\"og:type\" content=\"article\" \/>\n<meta property=\"og:title\" content=\"Iglesia Cat\u00f3lica se alinea con clero evang\u00e9lico ante fallo del TC - EL GLOBAL INFORMATIVO\" \/>\n<meta property=\"og:description\" content=\"Santo Domingo.- La reciente sentencia del Tribunal Constitucional (TC) que despenaliza las relaciones homosexuales en el seno de la Polic\u00eda Nacional y las Fuerzas Armadas ha provocado una convergencia de&hellip;\" \/>\n<meta property=\"og:url\" content=\"https:\/\/elglobal.do\/index.php\/2025\/11\/20\/iglesia-catolica-se-alinea-con-clero-evangelico-ante-fallo-del-tc\/\" \/>\n<meta property=\"og:site_name\" content=\"EL GLOBAL INFORMATIVO\" \/>\n<meta property=\"article:published_time\" content=\"2025-11-20T15:02:44+00:00\" \/>\n<meta property=\"article:modified_time\" content=\"2025-11-20T15:02:48+00:00\" \/>\n<meta property=\"og:image\" content=\"https:\/\/elglobal.do\/wp-content\/uploads\/2025\/11\/image-70.png\" \/>\n\t<meta property=\"og:image:width\" content=\"800\" \/>\n\t<meta property=\"og:image:height\" content=\"534\" \/>\n\t<meta property=\"og:image:type\" content=\"image\/png\" \/>\n<meta name=\"author\" content=\"EL GLOBAL\" \/>\n<meta name=\"twitter:card\" content=\"summary_large_image\" \/>\n<meta name=\"twitter:label1\" content=\"Escrito por\" \/>\n\t<meta name=\"twitter:data1\" content=\"EL GLOBAL\" \/>\n\t<meta name=\"twitter:label2\" content=\"Tiempo de lectura\" \/>\n\t<meta name=\"twitter:data2\" content=\"4 minutos\" \/>\n<script type=\"application\/ld+json\" class=\"yoast-schema-graph\">{\"@context\":\"https:\/\/schema.org\",\"@graph\":[{\"@type\":\"Article\",\"@id\":\"https:\/\/elglobal.do\/index.php\/2025\/11\/20\/iglesia-catolica-se-alinea-con-clero-evangelico-ante-fallo-del-tc\/#article\",\"isPartOf\":{\"@id\":\"https:\/\/elglobal.do\/index.php\/2025\/11\/20\/iglesia-catolica-se-alinea-con-clero-evangelico-ante-fallo-del-tc\/\"},\"author\":{\"name\":\"EL GLOBAL\",\"@id\":\"https:\/\/elglobal.do\/#\/schema\/person\/0c97ec2c7714fb605d230c292f64d55f\"},\"headline\":\"Iglesia Cat\u00f3lica se alinea con clero evang\u00e9lico ante fallo del TC\",\"datePublished\":\"2025-11-20T15:02:44+00:00\",\"dateModified\":\"2025-11-20T15:02:48+00:00\",\"mainEntityOfPage\":{\"@id\":\"https:\/\/elglobal.do\/index.php\/2025\/11\/20\/iglesia-catolica-se-alinea-con-clero-evangelico-ante-fallo-del-tc\/\"},\"wordCount\":692,\"commentCount\":0,\"publisher\":{\"@id\":\"https:\/\/elglobal.do\/#organization\"},\"image\":{\"@id\":\"https:\/\/elglobal.do\/index.php\/2025\/11\/20\/iglesia-catolica-se-alinea-con-clero-evangelico-ante-fallo-del-tc\/#primaryimage\"},\"thumbnailUrl\":\"https:\/\/elglobal.do\/wp-content\/uploads\/2025\/11\/image-70.png\",\"keywords\":[\"#Cleroevang\u00e9lico\",\"#FalloTC\",\"#FuerzasArmadas\",\"#IglesiaCat\u00f3lica\",\"#PoliciaNacional\"],\"articleSection\":[\"NACIONALES\",\"NOTICIAS RELEVANTES\"],\"inLanguage\":\"es\",\"potentialAction\":[{\"@type\":\"CommentAction\",\"name\":\"Comment\",\"target\":[\"https:\/\/elglobal.do\/index.php\/2025\/11\/20\/iglesia-catolica-se-alinea-con-clero-evangelico-ante-fallo-del-tc\/#respond\"]}]},{\"@type\":\"WebPage\",\"@id\":\"https:\/\/elglobal.do\/index.php\/2025\/11\/20\/iglesia-catolica-se-alinea-con-clero-evangelico-ante-fallo-del-tc\/\",\"url\":\"https:\/\/elglobal.do\/index.php\/2025\/11\/20\/iglesia-catolica-se-alinea-con-clero-evangelico-ante-fallo-del-tc\/\",\"name\":\"Iglesia Cat\u00f3lica se alinea con clero evang\u00e9lico ante fallo del TC - EL GLOBAL INFORMATIVO\",\"isPartOf\":{\"@id\":\"https:\/\/elglobal.do\/#website\"},\"primaryImageOfPage\":{\"@id\":\"https:\/\/elglobal.do\/index.php\/2025\/11\/20\/iglesia-catolica-se-alinea-con-clero-evangelico-ante-fallo-del-tc\/#primaryimage\"},\"image\":{\"@id\":\"https:\/\/elglobal.do\/index.php\/2025\/11\/20\/iglesia-catolica-se-alinea-con-clero-evangelico-ante-fallo-del-tc\/#primaryimage\"},\"thumbnailUrl\":\"https:\/\/elglobal.do\/wp-content\/uploads\/2025\/11\/image-70.png\",\"datePublished\":\"2025-11-20T15:02:44+00:00\",\"dateModified\":\"2025-11-20T15:02:48+00:00\",\"breadcrumb\":{\"@id\":\"https:\/\/elglobal.do\/index.php\/2025\/11\/20\/iglesia-catolica-se-alinea-con-clero-evangelico-ante-fallo-del-tc\/#breadcrumb\"},\"inLanguage\":\"es\",\"potentialAction\":[{\"@type\":\"ReadAction\",\"target\":[\"https:\/\/elglobal.do\/index.php\/2025\/11\/20\/iglesia-catolica-se-alinea-con-clero-evangelico-ante-fallo-del-tc\/\"]}]},{\"@type\":\"ImageObject\",\"inLanguage\":\"es\",\"@id\":\"https:\/\/elglobal.do\/index.php\/2025\/11\/20\/iglesia-catolica-se-alinea-con-clero-evangelico-ante-fallo-del-tc\/#primaryimage\",\"url\":\"https:\/\/elglobal.do\/wp-content\/uploads\/2025\/11\/image-70.png\",\"contentUrl\":\"https:\/\/elglobal.do\/wp-content\/uploads\/2025\/11\/image-70.png\",\"width\":800,\"height\":534},{\"@type\":\"BreadcrumbList\",\"@id\":\"https:\/\/elglobal.do\/index.php\/2025\/11\/20\/iglesia-catolica-se-alinea-con-clero-evangelico-ante-fallo-del-tc\/#breadcrumb\",\"itemListElement\":[{\"@type\":\"ListItem\",\"position\":1,\"name\":\"Portada\",\"item\":\"https:\/\/elglobal.do\/\"},{\"@type\":\"ListItem\",\"position\":2,\"name\":\"Iglesia Cat\u00f3lica se alinea con clero evang\u00e9lico ante fallo del TC\"}]},{\"@type\":\"WebSite\",\"@id\":\"https:\/\/elglobal.do\/#website\",\"url\":\"https:\/\/elglobal.do\/\",\"name\":\"EL GLOBAL INFORMATIVO\",\"description\":\"Peri\u00f3dico digital de la Rep\u00fablica Dominicana que ofrece noticias, novedades, pol\u00edtica y las \u00faltimas actualidades, con informaci\u00f3n veraz y oportuna para mantenerte siempre informad\",\"publisher\":{\"@id\":\"https:\/\/elglobal.do\/#organization\"},\"potentialAction\":[{\"@type\":\"SearchAction\",\"target\":{\"@type\":\"EntryPoint\",\"urlTemplate\":\"https:\/\/elglobal.do\/?s={search_term_string}\"},\"query-input\":{\"@type\":\"PropertyValueSpecification\",\"valueRequired\":true,\"valueName\":\"search_term_string\"}}],\"inLanguage\":\"es\"},{\"@type\":\"Organization\",\"@id\":\"https:\/\/elglobal.do\/#organization\",\"name\":\"EL GLOBAL.DO INFORMATIVO\",\"url\":\"https:\/\/elglobal.do\/\",\"logo\":{\"@type\":\"ImageObject\",\"inLanguage\":\"es\",\"@id\":\"https:\/\/elglobal.do\/#\/schema\/logo\/image\/\",\"url\":\"https:\/\/elglobal.do\/wp-content\/uploads\/2025\/08\/icon.png\",\"contentUrl\":\"https:\/\/elglobal.do\/wp-content\/uploads\/2025\/08\/icon.png\",\"width\":512,\"height\":512,\"caption\":\"EL GLOBAL.DO INFORMATIVO\"},\"image\":{\"@id\":\"https:\/\/elglobal.do\/#\/schema\/logo\/image\/\"}},{\"@type\":\"Person\",\"@id\":\"https:\/\/elglobal.do\/#\/schema\/person\/0c97ec2c7714fb605d230c292f64d55f\",\"name\":\"EL GLOBAL\",\"image\":{\"@type\":\"ImageObject\",\"inLanguage\":\"es\",\"@id\":\"https:\/\/elglobal.do\/#\/schema\/person\/image\/\",\"url\":\"https:\/\/secure.gravatar.com\/avatar\/081cfb6cf99faddc6f4e23a0c11ab98c5cf302925382d1c88dc3ed757ab910a3?s=96&d=mm&r=g\",\"contentUrl\":\"https:\/\/secure.gravatar.com\/avatar\/081cfb6cf99faddc6f4e23a0c11ab98c5cf302925382d1c88dc3ed757ab910a3?s=96&d=mm&r=g\",\"caption\":\"EL GLOBAL\"},\"description\":\"El Global Informativo es un peri\u00f3dico digital de Rep\u00fablica Dominicana que se dedica a cubrir temas importantes, como la pol\u00edtica local, geopol\u00edtica, econom\u00eda, tecnolog\u00eda, noticias internacionales y eventos relacionados con la gesti\u00f3n social, cultural y humana. Su objetivo principal es mantener a la poblaci\u00f3n informada, ofreciendo una visi\u00f3n amplia y actualizada de lo que sucede tanto en el pa\u00eds como en el mundo. Est\u00e1 dirigido por un grupo de periodistas experimentados, lo que garantiza la calidad y la precisi\u00f3n de la informaci\u00f3n que ofrecen. Tiene su sede en la ciudad de Santo Domingo y es parte integral del portafolio de la empresa, MC Global S.R.L.\",\"sameAs\":[\"https:\/\/elglobal.do\",\"https:\/\/www.instagram.com\/elglobal.do_informativo\/\"],\"url\":\"https:\/\/elglobal.do\/index.php\/author\/elglobaluserpro\/\"}]}<\/script>\n<!-- \/ Yoast SEO plugin. -->","yoast_head_json":{"title":"Iglesia Cat\u00f3lica se alinea con clero evang\u00e9lico ante fallo del TC - EL GLOBAL INFORMATIVO","robots":{"index":"index","follow":"follow","max-snippet":"max-snippet:-1","max-image-preview":"max-image-preview:large","max-video-preview":"max-video-preview:-1"},"canonical":"https:\/\/elglobal.do\/index.php\/2025\/11\/20\/iglesia-catolica-se-alinea-con-clero-evangelico-ante-fallo-del-tc\/","og_locale":"es_ES","og_type":"article","og_title":"Iglesia Cat\u00f3lica se alinea con clero evang\u00e9lico ante fallo del TC - EL GLOBAL INFORMATIVO","og_description":"Santo Domingo.- La reciente sentencia del Tribunal Constitucional (TC) que despenaliza las relaciones homosexuales en el seno de la Polic\u00eda Nacional y las Fuerzas Armadas ha provocado una convergencia de&hellip;","og_url":"https:\/\/elglobal.do\/index.php\/2025\/11\/20\/iglesia-catolica-se-alinea-con-clero-evangelico-ante-fallo-del-tc\/","og_site_name":"EL GLOBAL INFORMATIVO","article_published_time":"2025-11-20T15:02:44+00:00","article_modified_time":"2025-11-20T15:02:48+00:00","og_image":[{"width":800,"height":534,"url":"https:\/\/elglobal.do\/wp-content\/uploads\/2025\/11\/image-70.png","type":"image\/png"}],"author":"EL GLOBAL","twitter_card":"summary_large_image","twitter_misc":{"Escrito por":"EL GLOBAL","Tiempo de lectura":"4 minutos"},"schema":{"@context":"https:\/\/schema.org","@graph":[{"@type":"Article","@id":"https:\/\/elglobal.do\/index.php\/2025\/11\/20\/iglesia-catolica-se-alinea-con-clero-evangelico-ante-fallo-del-tc\/#article","isPartOf":{"@id":"https:\/\/elglobal.do\/index.php\/2025\/11\/20\/iglesia-catolica-se-alinea-con-clero-evangelico-ante-fallo-del-tc\/"},"author":{"name":"EL GLOBAL","@id":"https:\/\/elglobal.do\/#\/schema\/person\/0c97ec2c7714fb605d230c292f64d55f"},"headline":"Iglesia Cat\u00f3lica se alinea con clero evang\u00e9lico ante fallo del TC","datePublished":"2025-11-20T15:02:44+00:00","dateModified":"2025-11-20T15:02:48+00:00","mainEntityOfPage":{"@id":"https:\/\/elglobal.do\/index.php\/2025\/11\/20\/iglesia-catolica-se-alinea-con-clero-evangelico-ante-fallo-del-tc\/"},"wordCount":692,"commentCount":0,"publisher":{"@id":"https:\/\/elglobal.do\/#organization"},"image":{"@id":"https:\/\/elglobal.do\/index.php\/2025\/11\/20\/iglesia-catolica-se-alinea-con-clero-evangelico-ante-fallo-del-tc\/#primaryimage"},"thumbnailUrl":"https:\/\/elglobal.do\/wp-content\/uploads\/2025\/11\/image-70.png","keywords":["#Cleroevang\u00e9lico","#FalloTC","#FuerzasArmadas","#IglesiaCat\u00f3lica","#PoliciaNacional"],"articleSection":["NACIONALES","NOTICIAS RELEVANTES"],"inLanguage":"es","potentialAction":[{"@type":"CommentAction","name":"Comment","target":["https:\/\/elglobal.do\/index.php\/2025\/11\/20\/iglesia-catolica-se-alinea-con-clero-evangelico-ante-fallo-del-tc\/#respond"]}]},{"@type":"WebPage","@id":"https:\/\/elglobal.do\/index.php\/2025\/11\/20\/iglesia-catolica-se-alinea-con-clero-evangelico-ante-fallo-del-tc\/","url":"https:\/\/elglobal.do\/index.php\/2025\/11\/20\/iglesia-catolica-se-alinea-con-clero-evangelico-ante-fallo-del-tc\/","name":"Iglesia Cat\u00f3lica se alinea con clero evang\u00e9lico ante fallo del TC - EL GLOBAL INFORMATIVO","isPartOf":{"@id":"https:\/\/elglobal.do\/#website"},"primaryImageOfPage":{"@id":"https:\/\/elglobal.do\/index.php\/2025\/11\/20\/iglesia-catolica-se-alinea-con-clero-evangelico-ante-fallo-del-tc\/#primaryimage"},"image":{"@id":"https:\/\/elglobal.do\/index.php\/2025\/11\/20\/iglesia-catolica-se-alinea-con-clero-evangelico-ante-fallo-del-tc\/#primaryimage"},"thumbnailUrl":"https:\/\/elglobal.do\/wp-content\/uploads\/2025\/11\/image-70.png","datePublished":"2025-11-20T15:02:44+00:00","dateModified":"2025-11-20T15:02:48+00:00","breadcrumb":{"@id":"https:\/\/elglobal.do\/index.php\/2025\/11\/20\/iglesia-catolica-se-alinea-con-clero-evangelico-ante-fallo-del-tc\/#breadcrumb"},"inLanguage":"es","potentialAction":[{"@type":"ReadAction","target":["https:\/\/elglobal.do\/index.php\/2025\/11\/20\/iglesia-catolica-se-alinea-con-clero-evangelico-ante-fallo-del-tc\/"]}]},{"@type":"ImageObject","inLanguage":"es","@id":"https:\/\/elglobal.do\/index.php\/2025\/11\/20\/iglesia-catolica-se-alinea-con-clero-evangelico-ante-fallo-del-tc\/#primaryimage","url":"https:\/\/elglobal.do\/wp-content\/uploads\/2025\/11\/image-70.png","contentUrl":"https:\/\/elglobal.do\/wp-content\/uploads\/2025\/11\/image-70.png","width":800,"height":534},{"@type":"BreadcrumbList","@id":"https:\/\/elglobal.do\/index.php\/2025\/11\/20\/iglesia-catolica-se-alinea-con-clero-evangelico-ante-fallo-del-tc\/#breadcrumb","itemListElement":[{"@type":"ListItem","position":1,"name":"Portada","item":"https:\/\/elglobal.do\/"},{"@type":"ListItem","position":2,"name":"Iglesia Cat\u00f3lica se alinea con clero evang\u00e9lico ante fallo del TC"}]},{"@type":"WebSite","@id":"https:\/\/elglobal.do\/#website","url":"https:\/\/elglobal.do\/","name":"EL GLOBAL INFORMATIVO","description":"Peri\u00f3dico digital de la Rep\u00fablica Dominicana que ofrece noticias, novedades, pol\u00edtica y las \u00faltimas actualidades, con informaci\u00f3n veraz y oportuna para mantenerte siempre informad","publisher":{"@id":"https:\/\/elglobal.do\/#organization"},"potentialAction":[{"@type":"SearchAction","target":{"@type":"EntryPoint","urlTemplate":"https:\/\/elglobal.do\/?s={search_term_string}"},"query-input":{"@type":"PropertyValueSpecification","valueRequired":true,"valueName":"search_term_string"}}],"inLanguage":"es"},{"@type":"Organization","@id":"https:\/\/elglobal.do\/#organization","name":"EL GLOBAL.DO INFORMATIVO","url":"https:\/\/elglobal.do\/","logo":{"@type":"ImageObject","inLanguage":"es","@id":"https:\/\/elglobal.do\/#\/schema\/logo\/image\/","url":"https:\/\/elglobal.do\/wp-content\/uploads\/2025\/08\/icon.png","contentUrl":"https:\/\/elglobal.do\/wp-content\/uploads\/2025\/08\/icon.png","width":512,"height":512,"caption":"EL GLOBAL.DO INFORMATIVO"},"image":{"@id":"https:\/\/elglobal.do\/#\/schema\/logo\/image\/"}},{"@type":"Person","@id":"https:\/\/elglobal.do\/#\/schema\/person\/0c97ec2c7714fb605d230c292f64d55f","name":"EL GLOBAL","image":{"@type":"ImageObject","inLanguage":"es","@id":"https:\/\/elglobal.do\/#\/schema\/person\/image\/","url":"https:\/\/secure.gravatar.com\/avatar\/081cfb6cf99faddc6f4e23a0c11ab98c5cf302925382d1c88dc3ed757ab910a3?s=96&d=mm&r=g","contentUrl":"https:\/\/secure.gravatar.com\/avatar\/081cfb6cf99faddc6f4e23a0c11ab98c5cf302925382d1c88dc3ed757ab910a3?s=96&d=mm&r=g","caption":"EL GLOBAL"},"description":"El Global Informativo es un peri\u00f3dico digital de Rep\u00fablica Dominicana que se dedica a cubrir temas importantes, como la pol\u00edtica local, geopol\u00edtica, econom\u00eda, tecnolog\u00eda, noticias internacionales y eventos relacionados con la gesti\u00f3n social, cultural y humana. Su objetivo principal es mantener a la poblaci\u00f3n informada, ofreciendo una visi\u00f3n amplia y actualizada de lo que sucede tanto en el pa\u00eds como en el mundo. Est\u00e1 dirigido por un grupo de periodistas experimentados, lo que garantiza la calidad y la precisi\u00f3n de la informaci\u00f3n que ofrecen. Tiene su sede en la ciudad de Santo Domingo y es parte integral del portafolio de la empresa, MC Global S.R.L.","sameAs":["https:\/\/elglobal.do","https:\/\/www.instagram.com\/elglobal.do_informativo\/"],"url":"https:\/\/elglobal.do\/index.php\/author\/elglobaluserpro\/"}]}},"jetpack_featured_media_url":"https:\/\/elglobal.do\/wp-content\/uploads\/2025\/11\/image-70.png","jetpack_sharing_enabled":true,"_links":{"self":[{"href":"https:\/\/elglobal.do\/index.php\/wp-json\/wp\/v2\/posts\/4043","targetHints":{"allow":["GET"]}}],"collection":[{"href":"https:\/\/elglobal.do\/index.php\/wp-json\/wp\/v2\/posts"}],"about":[{"href":"https:\/\/elglobal.do\/index.php\/wp-json\/wp\/v2\/types\/post"}],"author":[{"embeddable":true,"href":"https:\/\/elglobal.do\/index.php\/wp-json\/wp\/v2\/users\/1"}],"replies":[{"embeddable":true,"href":"https:\/\/elglobal.do\/index.php\/wp-json\/wp\/v2\/comments?post=4043"}],"version-history":[{"count":1,"href":"https:\/\/elglobal.do\/index.php\/wp-json\/wp\/v2\/posts\/4043\/revisions"}],"predecessor-version":[{"id":4045,"href":"https:\/\/elglobal.do\/index.php\/wp-json\/wp\/v2\/posts\/4043\/revisions\/4045"}],"wp:featuredmedia":[{"embeddable":true,"href":"https:\/\/elglobal.do\/index.php\/wp-json\/wp\/v2\/media\/4044"}],"wp:attachment":[{"href":"https:\/\/elglobal.do\/index.php\/wp-json\/wp\/v2\/media?parent=4043"}],"wp:term":[{"taxonomy":"category","embeddable":true,"href":"https:\/\/elglobal.do\/index.php\/wp-json\/wp\/v2\/categories?post=4043"},{"taxonomy":"post_tag","embeddable":true,"href":"https:\/\/elglobal.do\/index.php\/wp-json\/wp\/v2\/tags?post=4043"}],"curies":[{"name":"wp","href":"https:\/\/api.w.org\/{rel}","templated":true}]}}