{"id":4046,"date":"2025-11-20T12:51:23","date_gmt":"2025-11-20T16:51:23","guid":{"rendered":"https:\/\/elglobal.do\/?p=4046"},"modified":"2025-11-20T12:51:25","modified_gmt":"2025-11-20T16:51:25","slug":"ataques-dejan-25-muertes-en-gaza","status":"publish","type":"post","link":"https:\/\/elglobal.do\/index.php\/2025\/11\/20\/ataques-dejan-25-muertes-en-gaza\/","title":{"rendered":"Ataques dejan 25 muertes en Gaza"},"content":{"rendered":"\n<figure class=\"wp-block-image size-large\"><img loading=\"lazy\" decoding=\"async\" width=\"1024\" height=\"576\" src=\"https:\/\/elglobal.do\/wp-content\/uploads\/2025\/11\/image-71-1024x576.png\" alt=\"\" class=\"wp-image-4047\" srcset=\"https:\/\/elglobal.do\/wp-content\/uploads\/2025\/11\/image-71-1024x576.png 1024w, https:\/\/elglobal.do\/wp-content\/uploads\/2025\/11\/image-71-300x169.png 300w, https:\/\/elglobal.do\/wp-content\/uploads\/2025\/11\/image-71-768x432.png 768w, https:\/\/elglobal.do\/wp-content\/uploads\/2025\/11\/image-71.png 1480w\" sizes=\"auto, (max-width: 1024px) 100vw, 1024px\" \/><\/figure>\n\n\n\n<p><strong>Gaza.-<\/strong> El ministerio de Sanidad gazat\u00ed inform\u00f3 de que los hospitales de la Franja han recibido un n\u00famero preliminar de 25 muertos y m\u00e1s de 77 heridos despu\u00e9s de que el Ej\u00e9rcito de Israel lanzara una oleada de bombardeos a lo largo del enclave a lo largo de este mi\u00e9rcoles.<\/p>\n\n\n\n<p>\u00abEl balance provisional de muertos y heridos atendidos en hospitales de la Franja de Gaza durante la escalada de violencia de esta tarde asciende hasta el momento a 25 muertos y m\u00e1s de 77 heridos, incluyendo casos graves\u00bb, afirma un comunicado de Sanidad.<\/p>\n\n\n\n<p>Seg\u00fan registros hospitalarios de los hospitales gazat\u00edes Al Ahli, Nasser y Shifa, un bombardeo contra una instalaci\u00f3n de la UNRWA en la zona oeste de Jan Yunis (sur de la Franja de Gaza) provoc\u00f3 la muerte de cuatro personas y heridas a varias m\u00e1s. Seg\u00fan las fuentes, un hombre muri\u00f3 tambi\u00e9n por fuego israel\u00ed en la zona de Qizan Al Najjar.<\/p>\n\n\n\n<p>Adem\u00e1s, dos ni\u00f1os murieron en un ataque con dron contra el barrio de Al Buraq, tambi\u00e9n en Jan Yunis.<\/p>\n\n\n\n<p>Fuentes sanitarias informaron a EFE de cuatro muertes m\u00e1s ocurridas al sur del enclave a ra\u00edz de ataques israel\u00edes cuya ubicaci\u00f3n exacta no puntualizaron.<\/p>\n\n\n\n<p>Diez de las v\u00edctimas, entre ellas un ni\u00f1o, fallecieron en un bombardeo contra un edificio del Ministerio de Dotaciones en el \u00e1rea de Zait\u00fan, al este de la ciudad de Gaza (norte). En la misma \u00e1rea de la capital, un ataque con dron en el cruce de Shujaiya, en la calle Salah al Din, caus\u00f3 un muerto y decenas de heridos.<\/p>\n\n\n\n<p>Adem\u00e1s, el hospital Al Ahli inform\u00f3 de la muerte de un enfermero de este hospital en un ataque israel\u00ed contra la casa de la familia Balbul en la calle Mushtaha del este de la ciudad de Gaza<\/p>\n\n\n\n<p>Seg\u00fan las fuentes m\u00e9dicas, algunos de los ataques se han producido tambi\u00e9n al oeste de la l\u00ednea amarilla, fuera de la zona controlada por Israel.<\/p>\n\n\n\n<p>La l\u00ednea amarilla es la demarcaci\u00f3n imaginaria a la que se retiraron las tropas israel\u00edes (a\u00fan dentro de Gaza) al entrar en vigor el alto el fuego. Entre esta l\u00ednea y la frontera entre Gaza e Israel todo el per\u00edmetro, m\u00e1s del 50 % del enclave, est\u00e1 bajo control militar del Ej\u00e9rcito.<\/p>\n\n\n\n<p>Desde entonces, casi cada d\u00eda se han producido muertos por fuego israel\u00ed en la zona circundante a dicha l\u00ednea, en ataques que Israel defiende se producen contra milicianos pero que en varias ocasiones han costado la vida a mujeres y ni\u00f1os que intentaban ir a ver lo que queda de sus casas.<\/p>\n\n\n\n<p>Seg\u00fan asegur\u00f3 este mi\u00e9rcoles el Gobierno de Gaza, dependiente del grupo islamista Ham\u00e1s, Israel ha violado al menos 393 veces el alto el fuego desde que entr\u00f3 en vigor y matado a m\u00e1s de 300 personas, adem\u00e1s de detener \u00abarbitrariamente\u00bb a 35 ciudadanos palestinos durante incursiones y redadas.&nbsp;<\/p>\n\n\n\n<p><\/p>\n","protected":false},"excerpt":{"rendered":"<p>Gaza.- El ministerio de Sanidad gazat\u00ed inform\u00f3 de que los hospitales de la Franja han recibido un n\u00famero preliminar de 25 muertos y m\u00e1s de 77 heridos despu\u00e9s de que&hellip; <\/p>\n","protected":false},"author":1,"featured_media":4047,"comment_status":"open","ping_status":"open","sticky":false,"template":"","format":"standard","meta":{"_jetpack_memberships_contains_paid_content":false,"footnotes":""},"categories":[1],"tags":[1252,651,2146,1536],"class_list":["post-4046","post","type-post","status-publish","format-standard","has-post-thumbnail","hentry","category-categoria-internacionales","tag-ataques","tag-gaza","tag-ministrodesanidad","tag-muertes"],"yoast_head":"<!-- This site is optimized with the Yoast SEO plugin v26.9 - https:\/\/yoast.com\/product\/yoast-seo-wordpress\/ -->\n<title>Ataques dejan 25 muertes en Gaza - EL GLOBAL INFORMATIVO<\/title>\n<meta name=\"robots\" content=\"index, follow, max-snippet:-1, max-image-preview:large, max-video-preview:-1\" \/>\n<link rel=\"canonical\" href=\"https:\/\/elglobal.do\/index.php\/2025\/11\/20\/ataques-dejan-25-muertes-en-gaza\/\" \/>\n<meta property=\"og:locale\" content=\"es_ES\" \/>\n<meta property=\"og:type\" content=\"article\" \/>\n<meta property=\"og:title\" content=\"Ataques dejan 25 muertes en Gaza - EL GLOBAL INFORMATIVO\" \/>\n<meta property=\"og:description\" content=\"Gaza.- El ministerio de Sanidad gazat\u00ed inform\u00f3 de que los hospitales de la Franja han recibido un n\u00famero preliminar de 25 muertos y m\u00e1s de 77 heridos despu\u00e9s de que&hellip;\" \/>\n<meta property=\"og:url\" content=\"https:\/\/elglobal.do\/index.php\/2025\/11\/20\/ataques-dejan-25-muertes-en-gaza\/\" \/>\n<meta property=\"og:site_name\" content=\"EL GLOBAL INFORMATIVO\" \/>\n<meta property=\"article:published_time\" content=\"2025-11-20T16:51:23+00:00\" \/>\n<meta property=\"article:modified_time\" content=\"2025-11-20T16:51:25+00:00\" \/>\n<meta property=\"og:image\" content=\"https:\/\/elglobal.do\/wp-content\/uploads\/2025\/11\/image-71.png\" \/>\n\t<meta property=\"og:image:width\" content=\"1480\" \/>\n\t<meta property=\"og:image:height\" content=\"833\" \/>\n\t<meta property=\"og:image:type\" content=\"image\/png\" \/>\n<meta name=\"author\" content=\"EL GLOBAL\" \/>\n<meta name=\"twitter:card\" content=\"summary_large_image\" \/>\n<meta name=\"twitter:label1\" content=\"Escrito por\" \/>\n\t<meta name=\"twitter:data1\" content=\"EL GLOBAL\" \/>\n\t<meta name=\"twitter:label2\" content=\"Tiempo de lectura\" \/>\n\t<meta name=\"twitter:data2\" content=\"3 minutos\" \/>\n<script type=\"application\/ld+json\" class=\"yoast-schema-graph\">{\"@context\":\"https:\/\/schema.org\",\"@graph\":[{\"@type\":\"Article\",\"@id\":\"https:\/\/elglobal.do\/index.php\/2025\/11\/20\/ataques-dejan-25-muertes-en-gaza\/#article\",\"isPartOf\":{\"@id\":\"https:\/\/elglobal.do\/index.php\/2025\/11\/20\/ataques-dejan-25-muertes-en-gaza\/\"},\"author\":{\"name\":\"EL GLOBAL\",\"@id\":\"https:\/\/elglobal.do\/#\/schema\/person\/0c97ec2c7714fb605d230c292f64d55f\"},\"headline\":\"Ataques dejan 25 muertes en Gaza\",\"datePublished\":\"2025-11-20T16:51:23+00:00\",\"dateModified\":\"2025-11-20T16:51:25+00:00\",\"mainEntityOfPage\":{\"@id\":\"https:\/\/elglobal.do\/index.php\/2025\/11\/20\/ataques-dejan-25-muertes-en-gaza\/\"},\"wordCount\":513,\"commentCount\":0,\"publisher\":{\"@id\":\"https:\/\/elglobal.do\/#organization\"},\"image\":{\"@id\":\"https:\/\/elglobal.do\/index.php\/2025\/11\/20\/ataques-dejan-25-muertes-en-gaza\/#primaryimage\"},\"thumbnailUrl\":\"https:\/\/elglobal.do\/wp-content\/uploads\/2025\/11\/image-71.png\",\"keywords\":[\"#Ataques\",\"#Gaza\",\"#MinistrodeSanidad\",\"#Muertes\"],\"articleSection\":[\"INTERNACIONALES\"],\"inLanguage\":\"es\",\"potentialAction\":[{\"@type\":\"CommentAction\",\"name\":\"Comment\",\"target\":[\"https:\/\/elglobal.do\/index.php\/2025\/11\/20\/ataques-dejan-25-muertes-en-gaza\/#respond\"]}]},{\"@type\":\"WebPage\",\"@id\":\"https:\/\/elglobal.do\/index.php\/2025\/11\/20\/ataques-dejan-25-muertes-en-gaza\/\",\"url\":\"https:\/\/elglobal.do\/index.php\/2025\/11\/20\/ataques-dejan-25-muertes-en-gaza\/\",\"name\":\"Ataques dejan 25 muertes en Gaza - EL GLOBAL INFORMATIVO\",\"isPartOf\":{\"@id\":\"https:\/\/elglobal.do\/#website\"},\"primaryImageOfPage\":{\"@id\":\"https:\/\/elglobal.do\/index.php\/2025\/11\/20\/ataques-dejan-25-muertes-en-gaza\/#primaryimage\"},\"image\":{\"@id\":\"https:\/\/elglobal.do\/index.php\/2025\/11\/20\/ataques-dejan-25-muertes-en-gaza\/#primaryimage\"},\"thumbnailUrl\":\"https:\/\/elglobal.do\/wp-content\/uploads\/2025\/11\/image-71.png\",\"datePublished\":\"2025-11-20T16:51:23+00:00\",\"dateModified\":\"2025-11-20T16:51:25+00:00\",\"breadcrumb\":{\"@id\":\"https:\/\/elglobal.do\/index.php\/2025\/11\/20\/ataques-dejan-25-muertes-en-gaza\/#breadcrumb\"},\"inLanguage\":\"es\",\"potentialAction\":[{\"@type\":\"ReadAction\",\"target\":[\"https:\/\/elglobal.do\/index.php\/2025\/11\/20\/ataques-dejan-25-muertes-en-gaza\/\"]}]},{\"@type\":\"ImageObject\",\"inLanguage\":\"es\",\"@id\":\"https:\/\/elglobal.do\/index.php\/2025\/11\/20\/ataques-dejan-25-muertes-en-gaza\/#primaryimage\",\"url\":\"https:\/\/elglobal.do\/wp-content\/uploads\/2025\/11\/image-71.png\",\"contentUrl\":\"https:\/\/elglobal.do\/wp-content\/uploads\/2025\/11\/image-71.png\",\"width\":1480,\"height\":833},{\"@type\":\"BreadcrumbList\",\"@id\":\"https:\/\/elglobal.do\/index.php\/2025\/11\/20\/ataques-dejan-25-muertes-en-gaza\/#breadcrumb\",\"itemListElement\":[{\"@type\":\"ListItem\",\"position\":1,\"name\":\"Portada\",\"item\":\"https:\/\/elglobal.do\/\"},{\"@type\":\"ListItem\",\"position\":2,\"name\":\"Ataques dejan 25 muertes en Gaza\"}]},{\"@type\":\"WebSite\",\"@id\":\"https:\/\/elglobal.do\/#website\",\"url\":\"https:\/\/elglobal.do\/\",\"name\":\"EL GLOBAL INFORMATIVO\",\"description\":\"Peri\u00f3dico digital de la Rep\u00fablica Dominicana que ofrece noticias, novedades, pol\u00edtica y las \u00faltimas actualidades, con informaci\u00f3n veraz y oportuna para mantenerte siempre informad\",\"publisher\":{\"@id\":\"https:\/\/elglobal.do\/#organization\"},\"potentialAction\":[{\"@type\":\"SearchAction\",\"target\":{\"@type\":\"EntryPoint\",\"urlTemplate\":\"https:\/\/elglobal.do\/?s={search_term_string}\"},\"query-input\":{\"@type\":\"PropertyValueSpecification\",\"valueRequired\":true,\"valueName\":\"search_term_string\"}}],\"inLanguage\":\"es\"},{\"@type\":\"Organization\",\"@id\":\"https:\/\/elglobal.do\/#organization\",\"name\":\"EL GLOBAL.DO INFORMATIVO\",\"url\":\"https:\/\/elglobal.do\/\",\"logo\":{\"@type\":\"ImageObject\",\"inLanguage\":\"es\",\"@id\":\"https:\/\/elglobal.do\/#\/schema\/logo\/image\/\",\"url\":\"https:\/\/elglobal.do\/wp-content\/uploads\/2025\/08\/icon.png\",\"contentUrl\":\"https:\/\/elglobal.do\/wp-content\/uploads\/2025\/08\/icon.png\",\"width\":512,\"height\":512,\"caption\":\"EL GLOBAL.DO INFORMATIVO\"},\"image\":{\"@id\":\"https:\/\/elglobal.do\/#\/schema\/logo\/image\/\"}},{\"@type\":\"Person\",\"@id\":\"https:\/\/elglobal.do\/#\/schema\/person\/0c97ec2c7714fb605d230c292f64d55f\",\"name\":\"EL GLOBAL\",\"image\":{\"@type\":\"ImageObject\",\"inLanguage\":\"es\",\"@id\":\"https:\/\/elglobal.do\/#\/schema\/person\/image\/\",\"url\":\"https:\/\/secure.gravatar.com\/avatar\/081cfb6cf99faddc6f4e23a0c11ab98c5cf302925382d1c88dc3ed757ab910a3?s=96&d=mm&r=g\",\"contentUrl\":\"https:\/\/secure.gravatar.com\/avatar\/081cfb6cf99faddc6f4e23a0c11ab98c5cf302925382d1c88dc3ed757ab910a3?s=96&d=mm&r=g\",\"caption\":\"EL GLOBAL\"},\"description\":\"El Global Informativo es un peri\u00f3dico digital de Rep\u00fablica Dominicana que se dedica a cubrir temas importantes, como la pol\u00edtica local, geopol\u00edtica, econom\u00eda, tecnolog\u00eda, noticias internacionales y eventos relacionados con la gesti\u00f3n social, cultural y humana. Su objetivo principal es mantener a la poblaci\u00f3n informada, ofreciendo una visi\u00f3n amplia y actualizada de lo que sucede tanto en el pa\u00eds como en el mundo. Est\u00e1 dirigido por un grupo de periodistas experimentados, lo que garantiza la calidad y la precisi\u00f3n de la informaci\u00f3n que ofrecen. Tiene su sede en la ciudad de Santo Domingo y es parte integral del portafolio de la empresa, MC Global S.R.L.\",\"sameAs\":[\"https:\/\/elglobal.do\",\"https:\/\/www.instagram.com\/elglobal.do_informativo\/\"],\"url\":\"https:\/\/elglobal.do\/index.php\/author\/elglobaluserpro\/\"}]}<\/script>\n<!-- \/ Yoast SEO plugin. -->","yoast_head_json":{"title":"Ataques dejan 25 muertes en Gaza - EL GLOBAL INFORMATIVO","robots":{"index":"index","follow":"follow","max-snippet":"max-snippet:-1","max-image-preview":"max-image-preview:large","max-video-preview":"max-video-preview:-1"},"canonical":"https:\/\/elglobal.do\/index.php\/2025\/11\/20\/ataques-dejan-25-muertes-en-gaza\/","og_locale":"es_ES","og_type":"article","og_title":"Ataques dejan 25 muertes en Gaza - EL GLOBAL INFORMATIVO","og_description":"Gaza.- El ministerio de Sanidad gazat\u00ed inform\u00f3 de que los hospitales de la Franja han recibido un n\u00famero preliminar de 25 muertos y m\u00e1s de 77 heridos despu\u00e9s de que&hellip;","og_url":"https:\/\/elglobal.do\/index.php\/2025\/11\/20\/ataques-dejan-25-muertes-en-gaza\/","og_site_name":"EL GLOBAL INFORMATIVO","article_published_time":"2025-11-20T16:51:23+00:00","article_modified_time":"2025-11-20T16:51:25+00:00","og_image":[{"width":1480,"height":833,"url":"https:\/\/elglobal.do\/wp-content\/uploads\/2025\/11\/image-71.png","type":"image\/png"}],"author":"EL GLOBAL","twitter_card":"summary_large_image","twitter_misc":{"Escrito por":"EL GLOBAL","Tiempo de lectura":"3 minutos"},"schema":{"@context":"https:\/\/schema.org","@graph":[{"@type":"Article","@id":"https:\/\/elglobal.do\/index.php\/2025\/11\/20\/ataques-dejan-25-muertes-en-gaza\/#article","isPartOf":{"@id":"https:\/\/elglobal.do\/index.php\/2025\/11\/20\/ataques-dejan-25-muertes-en-gaza\/"},"author":{"name":"EL GLOBAL","@id":"https:\/\/elglobal.do\/#\/schema\/person\/0c97ec2c7714fb605d230c292f64d55f"},"headline":"Ataques dejan 25 muertes en Gaza","datePublished":"2025-11-20T16:51:23+00:00","dateModified":"2025-11-20T16:51:25+00:00","mainEntityOfPage":{"@id":"https:\/\/elglobal.do\/index.php\/2025\/11\/20\/ataques-dejan-25-muertes-en-gaza\/"},"wordCount":513,"commentCount":0,"publisher":{"@id":"https:\/\/elglobal.do\/#organization"},"image":{"@id":"https:\/\/elglobal.do\/index.php\/2025\/11\/20\/ataques-dejan-25-muertes-en-gaza\/#primaryimage"},"thumbnailUrl":"https:\/\/elglobal.do\/wp-content\/uploads\/2025\/11\/image-71.png","keywords":["#Ataques","#Gaza","#MinistrodeSanidad","#Muertes"],"articleSection":["INTERNACIONALES"],"inLanguage":"es","potentialAction":[{"@type":"CommentAction","name":"Comment","target":["https:\/\/elglobal.do\/index.php\/2025\/11\/20\/ataques-dejan-25-muertes-en-gaza\/#respond"]}]},{"@type":"WebPage","@id":"https:\/\/elglobal.do\/index.php\/2025\/11\/20\/ataques-dejan-25-muertes-en-gaza\/","url":"https:\/\/elglobal.do\/index.php\/2025\/11\/20\/ataques-dejan-25-muertes-en-gaza\/","name":"Ataques dejan 25 muertes en Gaza - EL GLOBAL INFORMATIVO","isPartOf":{"@id":"https:\/\/elglobal.do\/#website"},"primaryImageOfPage":{"@id":"https:\/\/elglobal.do\/index.php\/2025\/11\/20\/ataques-dejan-25-muertes-en-gaza\/#primaryimage"},"image":{"@id":"https:\/\/elglobal.do\/index.php\/2025\/11\/20\/ataques-dejan-25-muertes-en-gaza\/#primaryimage"},"thumbnailUrl":"https:\/\/elglobal.do\/wp-content\/uploads\/2025\/11\/image-71.png","datePublished":"2025-11-20T16:51:23+00:00","dateModified":"2025-11-20T16:51:25+00:00","breadcrumb":{"@id":"https:\/\/elglobal.do\/index.php\/2025\/11\/20\/ataques-dejan-25-muertes-en-gaza\/#breadcrumb"},"inLanguage":"es","potentialAction":[{"@type":"ReadAction","target":["https:\/\/elglobal.do\/index.php\/2025\/11\/20\/ataques-dejan-25-muertes-en-gaza\/"]}]},{"@type":"ImageObject","inLanguage":"es","@id":"https:\/\/elglobal.do\/index.php\/2025\/11\/20\/ataques-dejan-25-muertes-en-gaza\/#primaryimage","url":"https:\/\/elglobal.do\/wp-content\/uploads\/2025\/11\/image-71.png","contentUrl":"https:\/\/elglobal.do\/wp-content\/uploads\/2025\/11\/image-71.png","width":1480,"height":833},{"@type":"BreadcrumbList","@id":"https:\/\/elglobal.do\/index.php\/2025\/11\/20\/ataques-dejan-25-muertes-en-gaza\/#breadcrumb","itemListElement":[{"@type":"ListItem","position":1,"name":"Portada","item":"https:\/\/elglobal.do\/"},{"@type":"ListItem","position":2,"name":"Ataques dejan 25 muertes en Gaza"}]},{"@type":"WebSite","@id":"https:\/\/elglobal.do\/#website","url":"https:\/\/elglobal.do\/","name":"EL GLOBAL INFORMATIVO","description":"Peri\u00f3dico digital de la Rep\u00fablica Dominicana que ofrece noticias, novedades, pol\u00edtica y las \u00faltimas actualidades, con informaci\u00f3n veraz y oportuna para mantenerte siempre informad","publisher":{"@id":"https:\/\/elglobal.do\/#organization"},"potentialAction":[{"@type":"SearchAction","target":{"@type":"EntryPoint","urlTemplate":"https:\/\/elglobal.do\/?s={search_term_string}"},"query-input":{"@type":"PropertyValueSpecification","valueRequired":true,"valueName":"search_term_string"}}],"inLanguage":"es"},{"@type":"Organization","@id":"https:\/\/elglobal.do\/#organization","name":"EL GLOBAL.DO INFORMATIVO","url":"https:\/\/elglobal.do\/","logo":{"@type":"ImageObject","inLanguage":"es","@id":"https:\/\/elglobal.do\/#\/schema\/logo\/image\/","url":"https:\/\/elglobal.do\/wp-content\/uploads\/2025\/08\/icon.png","contentUrl":"https:\/\/elglobal.do\/wp-content\/uploads\/2025\/08\/icon.png","width":512,"height":512,"caption":"EL GLOBAL.DO INFORMATIVO"},"image":{"@id":"https:\/\/elglobal.do\/#\/schema\/logo\/image\/"}},{"@type":"Person","@id":"https:\/\/elglobal.do\/#\/schema\/person\/0c97ec2c7714fb605d230c292f64d55f","name":"EL GLOBAL","image":{"@type":"ImageObject","inLanguage":"es","@id":"https:\/\/elglobal.do\/#\/schema\/person\/image\/","url":"https:\/\/secure.gravatar.com\/avatar\/081cfb6cf99faddc6f4e23a0c11ab98c5cf302925382d1c88dc3ed757ab910a3?s=96&d=mm&r=g","contentUrl":"https:\/\/secure.gravatar.com\/avatar\/081cfb6cf99faddc6f4e23a0c11ab98c5cf302925382d1c88dc3ed757ab910a3?s=96&d=mm&r=g","caption":"EL GLOBAL"},"description":"El Global Informativo es un peri\u00f3dico digital de Rep\u00fablica Dominicana que se dedica a cubrir temas importantes, como la pol\u00edtica local, geopol\u00edtica, econom\u00eda, tecnolog\u00eda, noticias internacionales y eventos relacionados con la gesti\u00f3n social, cultural y humana. Su objetivo principal es mantener a la poblaci\u00f3n informada, ofreciendo una visi\u00f3n amplia y actualizada de lo que sucede tanto en el pa\u00eds como en el mundo. Est\u00e1 dirigido por un grupo de periodistas experimentados, lo que garantiza la calidad y la precisi\u00f3n de la informaci\u00f3n que ofrecen. Tiene su sede en la ciudad de Santo Domingo y es parte integral del portafolio de la empresa, MC Global S.R.L.","sameAs":["https:\/\/elglobal.do","https:\/\/www.instagram.com\/elglobal.do_informativo\/"],"url":"https:\/\/elglobal.do\/index.php\/author\/elglobaluserpro\/"}]}},"jetpack_featured_media_url":"https:\/\/elglobal.do\/wp-content\/uploads\/2025\/11\/image-71.png","jetpack_sharing_enabled":true,"_links":{"self":[{"href":"https:\/\/elglobal.do\/index.php\/wp-json\/wp\/v2\/posts\/4046","targetHints":{"allow":["GET"]}}],"collection":[{"href":"https:\/\/elglobal.do\/index.php\/wp-json\/wp\/v2\/posts"}],"about":[{"href":"https:\/\/elglobal.do\/index.php\/wp-json\/wp\/v2\/types\/post"}],"author":[{"embeddable":true,"href":"https:\/\/elglobal.do\/index.php\/wp-json\/wp\/v2\/users\/1"}],"replies":[{"embeddable":true,"href":"https:\/\/elglobal.do\/index.php\/wp-json\/wp\/v2\/comments?post=4046"}],"version-history":[{"count":1,"href":"https:\/\/elglobal.do\/index.php\/wp-json\/wp\/v2\/posts\/4046\/revisions"}],"predecessor-version":[{"id":4048,"href":"https:\/\/elglobal.do\/index.php\/wp-json\/wp\/v2\/posts\/4046\/revisions\/4048"}],"wp:featuredmedia":[{"embeddable":true,"href":"https:\/\/elglobal.do\/index.php\/wp-json\/wp\/v2\/media\/4047"}],"wp:attachment":[{"href":"https:\/\/elglobal.do\/index.php\/wp-json\/wp\/v2\/media?parent=4046"}],"wp:term":[{"taxonomy":"category","embeddable":true,"href":"https:\/\/elglobal.do\/index.php\/wp-json\/wp\/v2\/categories?post=4046"},{"taxonomy":"post_tag","embeddable":true,"href":"https:\/\/elglobal.do\/index.php\/wp-json\/wp\/v2\/tags?post=4046"}],"curies":[{"name":"wp","href":"https:\/\/api.w.org\/{rel}","templated":true}]}}