{"id":4065,"date":"2025-11-23T11:31:49","date_gmt":"2025-11-23T15:31:49","guid":{"rendered":"https:\/\/elglobal.do\/?p=4065"},"modified":"2025-11-23T11:31:52","modified_gmt":"2025-11-23T15:31:52","slug":"flujo-de-aire-fresco-genera-temperaturas-agradables-y-chubascos-aislados","status":"publish","type":"post","link":"https:\/\/elglobal.do\/index.php\/2025\/11\/23\/flujo-de-aire-fresco-genera-temperaturas-agradables-y-chubascos-aislados\/","title":{"rendered":"Flujo de aire fresco genera temperaturas agradables y chubascos aislados"},"content":{"rendered":"\n<p><em>No se descarta la presencia de neblina en zonas monta\u00f1osas<\/em><\/p>\n\n\n\n<figure class=\"wp-block-image size-full\"><img loading=\"lazy\" decoding=\"async\" width=\"627\" height=\"352\" src=\"https:\/\/elglobal.do\/wp-content\/uploads\/2025\/11\/Temperatura-fresca.jpg\" alt=\"\" class=\"wp-image-4066\" srcset=\"https:\/\/elglobal.do\/wp-content\/uploads\/2025\/11\/Temperatura-fresca.jpg 627w, https:\/\/elglobal.do\/wp-content\/uploads\/2025\/11\/Temperatura-fresca-300x168.jpg 300w\" sizes=\"auto, (max-width: 627px) 100vw, 627px\" \/><\/figure>\n\n\n\n<p><strong>Santo Domingo. &#8211;<\/strong>Durante las primeras horas de este domingo se observan campos nubosos desplazados por el viento del noreste, generando lluvias dispersas sobre provincias como Puerto Plata, Espaillat, Hermanas Mirabal, Hato Mayor, Saman\u00e1, Santiago, entre otras zonas.<\/p>\n\n\n\n<p>EI Instituto Dominicano de Meteorolog\u00eda (Indoemt) pronostica, despu\u00e9s del mediod\u00eda, predominar\u00e1 un ambiente mayormente despejado en la mayor\u00eda de las provincias. Las lluvias que puedan presentarse ser\u00e1n aisladas y de corta duraci\u00f3n, especialmente en sectores de la cordillera Central y el noreste del pa\u00eds.<\/p>\n\n\n\n<p>Para ma\u00f1ana lunes, persistir\u00e1 un ambiente relativamente seco y estable. Se espera un cielo mayormente despejado en gran parte del territorio nacional, con lluvias muy aisladas y d\u00e9biles durante la madrugada, primeras horas del d\u00eda o en horas nocturnas, producto del arrastre de humedad por el viento del este\/noreste hacia la costa norte, el Cibao y la cordillera Central.<\/p>\n\n\n\n<p>Las temperaturas comenzar\u00e1n a sentirse m\u00e1s agradables y frescas, especialmente durante la noche y la madrugada, principalmente en zonas monta\u00f1osas y valles del interior. No se descarta la presencia de neblina en \u00e1reas altas. Estas condiciones m\u00e1s fr\u00edas se deben al ingreso de aire fresco empujado por el viento del este\/noreste, que continuar\u00e1 predominando en los pr\u00f3ximos d\u00edas.<\/p>\n\n\n\n<p>El Gran Santo Domingo habr\u00e1 nubes dispersas y la temperatura m\u00ednima estar\u00e1 entre 20 \u00b0C y 22 \u00b0C y la m\u00e1xima entre 30 \u00b0C y 32 \u00b0C.<\/p>\n\n\n\n<p><\/p>\n","protected":false},"excerpt":{"rendered":"<p>No se descarta la presencia de neblina en zonas monta\u00f1osas Santo Domingo. &#8211;Durante las primeras horas de este domingo se observan campos nubosos desplazados por el viento del noreste, generando&hellip; <\/p>\n","protected":false},"author":1,"featured_media":4066,"comment_status":"open","ping_status":"open","sticky":false,"template":"","format":"standard","meta":{"_jetpack_memberships_contains_paid_content":false,"footnotes":""},"categories":[120,14],"tags":[2159,2160,98,2158,2161],"class_list":["post-4065","post","type-post","status-publish","format-standard","has-post-thumbnail","hentry","category-clima","category-slider","tag-airefresco","tag-chubascosaislados","tag-elglobalinformativo","tag-pronosticos","tag-temperaturasagradables"],"yoast_head":"<!-- This site is optimized with the Yoast SEO plugin v26.9 - https:\/\/yoast.com\/product\/yoast-seo-wordpress\/ -->\n<title>Flujo de aire fresco genera temperaturas agradables y chubascos aislados - EL GLOBAL INFORMATIVO<\/title>\n<meta name=\"robots\" content=\"index, follow, max-snippet:-1, max-image-preview:large, max-video-preview:-1\" \/>\n<link rel=\"canonical\" href=\"https:\/\/elglobal.do\/index.php\/2025\/11\/23\/flujo-de-aire-fresco-genera-temperaturas-agradables-y-chubascos-aislados\/\" \/>\n<meta property=\"og:locale\" content=\"es_ES\" \/>\n<meta property=\"og:type\" content=\"article\" \/>\n<meta property=\"og:title\" content=\"Flujo de aire fresco genera temperaturas agradables y chubascos aislados - EL GLOBAL INFORMATIVO\" \/>\n<meta property=\"og:description\" content=\"No se descarta la presencia de neblina en zonas monta\u00f1osas Santo Domingo. &#8211;Durante las primeras horas de este domingo se observan campos nubosos desplazados por el viento del noreste, generando&hellip;\" \/>\n<meta property=\"og:url\" content=\"https:\/\/elglobal.do\/index.php\/2025\/11\/23\/flujo-de-aire-fresco-genera-temperaturas-agradables-y-chubascos-aislados\/\" \/>\n<meta property=\"og:site_name\" content=\"EL GLOBAL INFORMATIVO\" \/>\n<meta property=\"article:published_time\" content=\"2025-11-23T15:31:49+00:00\" \/>\n<meta property=\"article:modified_time\" content=\"2025-11-23T15:31:52+00:00\" \/>\n<meta property=\"og:image\" content=\"https:\/\/elglobal.do\/wp-content\/uploads\/2025\/11\/Temperatura-fresca.jpg\" \/>\n\t<meta property=\"og:image:width\" content=\"627\" \/>\n\t<meta property=\"og:image:height\" content=\"352\" \/>\n\t<meta property=\"og:image:type\" content=\"image\/jpeg\" \/>\n<meta name=\"author\" content=\"EL GLOBAL\" \/>\n<meta name=\"twitter:card\" content=\"summary_large_image\" \/>\n<meta name=\"twitter:label1\" content=\"Escrito por\" \/>\n\t<meta name=\"twitter:data1\" content=\"EL GLOBAL\" \/>\n\t<meta name=\"twitter:label2\" content=\"Tiempo de lectura\" \/>\n\t<meta name=\"twitter:data2\" content=\"2 minutos\" \/>\n<script type=\"application\/ld+json\" class=\"yoast-schema-graph\">{\"@context\":\"https:\/\/schema.org\",\"@graph\":[{\"@type\":\"Article\",\"@id\":\"https:\/\/elglobal.do\/index.php\/2025\/11\/23\/flujo-de-aire-fresco-genera-temperaturas-agradables-y-chubascos-aislados\/#article\",\"isPartOf\":{\"@id\":\"https:\/\/elglobal.do\/index.php\/2025\/11\/23\/flujo-de-aire-fresco-genera-temperaturas-agradables-y-chubascos-aislados\/\"},\"author\":{\"name\":\"EL GLOBAL\",\"@id\":\"https:\/\/elglobal.do\/#\/schema\/person\/0c97ec2c7714fb605d230c292f64d55f\"},\"headline\":\"Flujo de aire fresco genera temperaturas agradables y chubascos aislados\",\"datePublished\":\"2025-11-23T15:31:49+00:00\",\"dateModified\":\"2025-11-23T15:31:52+00:00\",\"mainEntityOfPage\":{\"@id\":\"https:\/\/elglobal.do\/index.php\/2025\/11\/23\/flujo-de-aire-fresco-genera-temperaturas-agradables-y-chubascos-aislados\/\"},\"wordCount\":263,\"commentCount\":0,\"publisher\":{\"@id\":\"https:\/\/elglobal.do\/#organization\"},\"image\":{\"@id\":\"https:\/\/elglobal.do\/index.php\/2025\/11\/23\/flujo-de-aire-fresco-genera-temperaturas-agradables-y-chubascos-aislados\/#primaryimage\"},\"thumbnailUrl\":\"https:\/\/elglobal.do\/wp-content\/uploads\/2025\/11\/Temperatura-fresca.jpg\",\"keywords\":[\"#AireFresco\",\"#ChubascosAislados\",\"#ElGlobalInformativo\",\"#Pron\u00f3sticos\",\"#TemperaturasAgradables\"],\"articleSection\":[\"CLIMA\",\"NOTICIAS RELEVANTES\"],\"inLanguage\":\"es\",\"potentialAction\":[{\"@type\":\"CommentAction\",\"name\":\"Comment\",\"target\":[\"https:\/\/elglobal.do\/index.php\/2025\/11\/23\/flujo-de-aire-fresco-genera-temperaturas-agradables-y-chubascos-aislados\/#respond\"]}]},{\"@type\":\"WebPage\",\"@id\":\"https:\/\/elglobal.do\/index.php\/2025\/11\/23\/flujo-de-aire-fresco-genera-temperaturas-agradables-y-chubascos-aislados\/\",\"url\":\"https:\/\/elglobal.do\/index.php\/2025\/11\/23\/flujo-de-aire-fresco-genera-temperaturas-agradables-y-chubascos-aislados\/\",\"name\":\"Flujo de aire fresco genera temperaturas agradables y chubascos aislados - EL GLOBAL INFORMATIVO\",\"isPartOf\":{\"@id\":\"https:\/\/elglobal.do\/#website\"},\"primaryImageOfPage\":{\"@id\":\"https:\/\/elglobal.do\/index.php\/2025\/11\/23\/flujo-de-aire-fresco-genera-temperaturas-agradables-y-chubascos-aislados\/#primaryimage\"},\"image\":{\"@id\":\"https:\/\/elglobal.do\/index.php\/2025\/11\/23\/flujo-de-aire-fresco-genera-temperaturas-agradables-y-chubascos-aislados\/#primaryimage\"},\"thumbnailUrl\":\"https:\/\/elglobal.do\/wp-content\/uploads\/2025\/11\/Temperatura-fresca.jpg\",\"datePublished\":\"2025-11-23T15:31:49+00:00\",\"dateModified\":\"2025-11-23T15:31:52+00:00\",\"breadcrumb\":{\"@id\":\"https:\/\/elglobal.do\/index.php\/2025\/11\/23\/flujo-de-aire-fresco-genera-temperaturas-agradables-y-chubascos-aislados\/#breadcrumb\"},\"inLanguage\":\"es\",\"potentialAction\":[{\"@type\":\"ReadAction\",\"target\":[\"https:\/\/elglobal.do\/index.php\/2025\/11\/23\/flujo-de-aire-fresco-genera-temperaturas-agradables-y-chubascos-aislados\/\"]}]},{\"@type\":\"ImageObject\",\"inLanguage\":\"es\",\"@id\":\"https:\/\/elglobal.do\/index.php\/2025\/11\/23\/flujo-de-aire-fresco-genera-temperaturas-agradables-y-chubascos-aislados\/#primaryimage\",\"url\":\"https:\/\/elglobal.do\/wp-content\/uploads\/2025\/11\/Temperatura-fresca.jpg\",\"contentUrl\":\"https:\/\/elglobal.do\/wp-content\/uploads\/2025\/11\/Temperatura-fresca.jpg\",\"width\":627,\"height\":352},{\"@type\":\"BreadcrumbList\",\"@id\":\"https:\/\/elglobal.do\/index.php\/2025\/11\/23\/flujo-de-aire-fresco-genera-temperaturas-agradables-y-chubascos-aislados\/#breadcrumb\",\"itemListElement\":[{\"@type\":\"ListItem\",\"position\":1,\"name\":\"Portada\",\"item\":\"https:\/\/elglobal.do\/\"},{\"@type\":\"ListItem\",\"position\":2,\"name\":\"Flujo de aire fresco genera temperaturas agradables y chubascos aislados\"}]},{\"@type\":\"WebSite\",\"@id\":\"https:\/\/elglobal.do\/#website\",\"url\":\"https:\/\/elglobal.do\/\",\"name\":\"EL GLOBAL INFORMATIVO\",\"description\":\"Peri\u00f3dico digital de la Rep\u00fablica Dominicana que ofrece noticias, novedades, pol\u00edtica y las \u00faltimas actualidades, con informaci\u00f3n veraz y oportuna para mantenerte siempre informad\",\"publisher\":{\"@id\":\"https:\/\/elglobal.do\/#organization\"},\"potentialAction\":[{\"@type\":\"SearchAction\",\"target\":{\"@type\":\"EntryPoint\",\"urlTemplate\":\"https:\/\/elglobal.do\/?s={search_term_string}\"},\"query-input\":{\"@type\":\"PropertyValueSpecification\",\"valueRequired\":true,\"valueName\":\"search_term_string\"}}],\"inLanguage\":\"es\"},{\"@type\":\"Organization\",\"@id\":\"https:\/\/elglobal.do\/#organization\",\"name\":\"EL GLOBAL.DO INFORMATIVO\",\"url\":\"https:\/\/elglobal.do\/\",\"logo\":{\"@type\":\"ImageObject\",\"inLanguage\":\"es\",\"@id\":\"https:\/\/elglobal.do\/#\/schema\/logo\/image\/\",\"url\":\"https:\/\/elglobal.do\/wp-content\/uploads\/2025\/08\/icon.png\",\"contentUrl\":\"https:\/\/elglobal.do\/wp-content\/uploads\/2025\/08\/icon.png\",\"width\":512,\"height\":512,\"caption\":\"EL GLOBAL.DO INFORMATIVO\"},\"image\":{\"@id\":\"https:\/\/elglobal.do\/#\/schema\/logo\/image\/\"}},{\"@type\":\"Person\",\"@id\":\"https:\/\/elglobal.do\/#\/schema\/person\/0c97ec2c7714fb605d230c292f64d55f\",\"name\":\"EL GLOBAL\",\"image\":{\"@type\":\"ImageObject\",\"inLanguage\":\"es\",\"@id\":\"https:\/\/elglobal.do\/#\/schema\/person\/image\/\",\"url\":\"https:\/\/secure.gravatar.com\/avatar\/081cfb6cf99faddc6f4e23a0c11ab98c5cf302925382d1c88dc3ed757ab910a3?s=96&d=mm&r=g\",\"contentUrl\":\"https:\/\/secure.gravatar.com\/avatar\/081cfb6cf99faddc6f4e23a0c11ab98c5cf302925382d1c88dc3ed757ab910a3?s=96&d=mm&r=g\",\"caption\":\"EL GLOBAL\"},\"description\":\"El Global Informativo es un peri\u00f3dico digital de Rep\u00fablica Dominicana que se dedica a cubrir temas importantes, como la pol\u00edtica local, geopol\u00edtica, econom\u00eda, tecnolog\u00eda, noticias internacionales y eventos relacionados con la gesti\u00f3n social, cultural y humana. Su objetivo principal es mantener a la poblaci\u00f3n informada, ofreciendo una visi\u00f3n amplia y actualizada de lo que sucede tanto en el pa\u00eds como en el mundo. Est\u00e1 dirigido por un grupo de periodistas experimentados, lo que garantiza la calidad y la precisi\u00f3n de la informaci\u00f3n que ofrecen. Tiene su sede en la ciudad de Santo Domingo y es parte integral del portafolio de la empresa, MC Global S.R.L.\",\"sameAs\":[\"https:\/\/elglobal.do\",\"https:\/\/www.instagram.com\/elglobal.do_informativo\/\"],\"url\":\"https:\/\/elglobal.do\/index.php\/author\/elglobaluserpro\/\"}]}<\/script>\n<!-- \/ Yoast SEO plugin. -->","yoast_head_json":{"title":"Flujo de aire fresco genera temperaturas agradables y chubascos aislados - EL GLOBAL INFORMATIVO","robots":{"index":"index","follow":"follow","max-snippet":"max-snippet:-1","max-image-preview":"max-image-preview:large","max-video-preview":"max-video-preview:-1"},"canonical":"https:\/\/elglobal.do\/index.php\/2025\/11\/23\/flujo-de-aire-fresco-genera-temperaturas-agradables-y-chubascos-aislados\/","og_locale":"es_ES","og_type":"article","og_title":"Flujo de aire fresco genera temperaturas agradables y chubascos aislados - EL GLOBAL INFORMATIVO","og_description":"No se descarta la presencia de neblina en zonas monta\u00f1osas Santo Domingo. &#8211;Durante las primeras horas de este domingo se observan campos nubosos desplazados por el viento del noreste, generando&hellip;","og_url":"https:\/\/elglobal.do\/index.php\/2025\/11\/23\/flujo-de-aire-fresco-genera-temperaturas-agradables-y-chubascos-aislados\/","og_site_name":"EL GLOBAL INFORMATIVO","article_published_time":"2025-11-23T15:31:49+00:00","article_modified_time":"2025-11-23T15:31:52+00:00","og_image":[{"width":627,"height":352,"url":"https:\/\/elglobal.do\/wp-content\/uploads\/2025\/11\/Temperatura-fresca.jpg","type":"image\/jpeg"}],"author":"EL GLOBAL","twitter_card":"summary_large_image","twitter_misc":{"Escrito por":"EL GLOBAL","Tiempo de lectura":"2 minutos"},"schema":{"@context":"https:\/\/schema.org","@graph":[{"@type":"Article","@id":"https:\/\/elglobal.do\/index.php\/2025\/11\/23\/flujo-de-aire-fresco-genera-temperaturas-agradables-y-chubascos-aislados\/#article","isPartOf":{"@id":"https:\/\/elglobal.do\/index.php\/2025\/11\/23\/flujo-de-aire-fresco-genera-temperaturas-agradables-y-chubascos-aislados\/"},"author":{"name":"EL GLOBAL","@id":"https:\/\/elglobal.do\/#\/schema\/person\/0c97ec2c7714fb605d230c292f64d55f"},"headline":"Flujo de aire fresco genera temperaturas agradables y chubascos aislados","datePublished":"2025-11-23T15:31:49+00:00","dateModified":"2025-11-23T15:31:52+00:00","mainEntityOfPage":{"@id":"https:\/\/elglobal.do\/index.php\/2025\/11\/23\/flujo-de-aire-fresco-genera-temperaturas-agradables-y-chubascos-aislados\/"},"wordCount":263,"commentCount":0,"publisher":{"@id":"https:\/\/elglobal.do\/#organization"},"image":{"@id":"https:\/\/elglobal.do\/index.php\/2025\/11\/23\/flujo-de-aire-fresco-genera-temperaturas-agradables-y-chubascos-aislados\/#primaryimage"},"thumbnailUrl":"https:\/\/elglobal.do\/wp-content\/uploads\/2025\/11\/Temperatura-fresca.jpg","keywords":["#AireFresco","#ChubascosAislados","#ElGlobalInformativo","#Pron\u00f3sticos","#TemperaturasAgradables"],"articleSection":["CLIMA","NOTICIAS RELEVANTES"],"inLanguage":"es","potentialAction":[{"@type":"CommentAction","name":"Comment","target":["https:\/\/elglobal.do\/index.php\/2025\/11\/23\/flujo-de-aire-fresco-genera-temperaturas-agradables-y-chubascos-aislados\/#respond"]}]},{"@type":"WebPage","@id":"https:\/\/elglobal.do\/index.php\/2025\/11\/23\/flujo-de-aire-fresco-genera-temperaturas-agradables-y-chubascos-aislados\/","url":"https:\/\/elglobal.do\/index.php\/2025\/11\/23\/flujo-de-aire-fresco-genera-temperaturas-agradables-y-chubascos-aislados\/","name":"Flujo de aire fresco genera temperaturas agradables y chubascos aislados - EL GLOBAL INFORMATIVO","isPartOf":{"@id":"https:\/\/elglobal.do\/#website"},"primaryImageOfPage":{"@id":"https:\/\/elglobal.do\/index.php\/2025\/11\/23\/flujo-de-aire-fresco-genera-temperaturas-agradables-y-chubascos-aislados\/#primaryimage"},"image":{"@id":"https:\/\/elglobal.do\/index.php\/2025\/11\/23\/flujo-de-aire-fresco-genera-temperaturas-agradables-y-chubascos-aislados\/#primaryimage"},"thumbnailUrl":"https:\/\/elglobal.do\/wp-content\/uploads\/2025\/11\/Temperatura-fresca.jpg","datePublished":"2025-11-23T15:31:49+00:00","dateModified":"2025-11-23T15:31:52+00:00","breadcrumb":{"@id":"https:\/\/elglobal.do\/index.php\/2025\/11\/23\/flujo-de-aire-fresco-genera-temperaturas-agradables-y-chubascos-aislados\/#breadcrumb"},"inLanguage":"es","potentialAction":[{"@type":"ReadAction","target":["https:\/\/elglobal.do\/index.php\/2025\/11\/23\/flujo-de-aire-fresco-genera-temperaturas-agradables-y-chubascos-aislados\/"]}]},{"@type":"ImageObject","inLanguage":"es","@id":"https:\/\/elglobal.do\/index.php\/2025\/11\/23\/flujo-de-aire-fresco-genera-temperaturas-agradables-y-chubascos-aislados\/#primaryimage","url":"https:\/\/elglobal.do\/wp-content\/uploads\/2025\/11\/Temperatura-fresca.jpg","contentUrl":"https:\/\/elglobal.do\/wp-content\/uploads\/2025\/11\/Temperatura-fresca.jpg","width":627,"height":352},{"@type":"BreadcrumbList","@id":"https:\/\/elglobal.do\/index.php\/2025\/11\/23\/flujo-de-aire-fresco-genera-temperaturas-agradables-y-chubascos-aislados\/#breadcrumb","itemListElement":[{"@type":"ListItem","position":1,"name":"Portada","item":"https:\/\/elglobal.do\/"},{"@type":"ListItem","position":2,"name":"Flujo de aire fresco genera temperaturas agradables y chubascos aislados"}]},{"@type":"WebSite","@id":"https:\/\/elglobal.do\/#website","url":"https:\/\/elglobal.do\/","name":"EL GLOBAL INFORMATIVO","description":"Peri\u00f3dico digital de la Rep\u00fablica Dominicana que ofrece noticias, novedades, pol\u00edtica y las \u00faltimas actualidades, con informaci\u00f3n veraz y oportuna para mantenerte siempre informad","publisher":{"@id":"https:\/\/elglobal.do\/#organization"},"potentialAction":[{"@type":"SearchAction","target":{"@type":"EntryPoint","urlTemplate":"https:\/\/elglobal.do\/?s={search_term_string}"},"query-input":{"@type":"PropertyValueSpecification","valueRequired":true,"valueName":"search_term_string"}}],"inLanguage":"es"},{"@type":"Organization","@id":"https:\/\/elglobal.do\/#organization","name":"EL GLOBAL.DO INFORMATIVO","url":"https:\/\/elglobal.do\/","logo":{"@type":"ImageObject","inLanguage":"es","@id":"https:\/\/elglobal.do\/#\/schema\/logo\/image\/","url":"https:\/\/elglobal.do\/wp-content\/uploads\/2025\/08\/icon.png","contentUrl":"https:\/\/elglobal.do\/wp-content\/uploads\/2025\/08\/icon.png","width":512,"height":512,"caption":"EL GLOBAL.DO INFORMATIVO"},"image":{"@id":"https:\/\/elglobal.do\/#\/schema\/logo\/image\/"}},{"@type":"Person","@id":"https:\/\/elglobal.do\/#\/schema\/person\/0c97ec2c7714fb605d230c292f64d55f","name":"EL GLOBAL","image":{"@type":"ImageObject","inLanguage":"es","@id":"https:\/\/elglobal.do\/#\/schema\/person\/image\/","url":"https:\/\/secure.gravatar.com\/avatar\/081cfb6cf99faddc6f4e23a0c11ab98c5cf302925382d1c88dc3ed757ab910a3?s=96&d=mm&r=g","contentUrl":"https:\/\/secure.gravatar.com\/avatar\/081cfb6cf99faddc6f4e23a0c11ab98c5cf302925382d1c88dc3ed757ab910a3?s=96&d=mm&r=g","caption":"EL GLOBAL"},"description":"El Global Informativo es un peri\u00f3dico digital de Rep\u00fablica Dominicana que se dedica a cubrir temas importantes, como la pol\u00edtica local, geopol\u00edtica, econom\u00eda, tecnolog\u00eda, noticias internacionales y eventos relacionados con la gesti\u00f3n social, cultural y humana. Su objetivo principal es mantener a la poblaci\u00f3n informada, ofreciendo una visi\u00f3n amplia y actualizada de lo que sucede tanto en el pa\u00eds como en el mundo. Est\u00e1 dirigido por un grupo de periodistas experimentados, lo que garantiza la calidad y la precisi\u00f3n de la informaci\u00f3n que ofrecen. Tiene su sede en la ciudad de Santo Domingo y es parte integral del portafolio de la empresa, MC Global S.R.L.","sameAs":["https:\/\/elglobal.do","https:\/\/www.instagram.com\/elglobal.do_informativo\/"],"url":"https:\/\/elglobal.do\/index.php\/author\/elglobaluserpro\/"}]}},"jetpack_featured_media_url":"https:\/\/elglobal.do\/wp-content\/uploads\/2025\/11\/Temperatura-fresca.jpg","jetpack_sharing_enabled":true,"_links":{"self":[{"href":"https:\/\/elglobal.do\/index.php\/wp-json\/wp\/v2\/posts\/4065","targetHints":{"allow":["GET"]}}],"collection":[{"href":"https:\/\/elglobal.do\/index.php\/wp-json\/wp\/v2\/posts"}],"about":[{"href":"https:\/\/elglobal.do\/index.php\/wp-json\/wp\/v2\/types\/post"}],"author":[{"embeddable":true,"href":"https:\/\/elglobal.do\/index.php\/wp-json\/wp\/v2\/users\/1"}],"replies":[{"embeddable":true,"href":"https:\/\/elglobal.do\/index.php\/wp-json\/wp\/v2\/comments?post=4065"}],"version-history":[{"count":1,"href":"https:\/\/elglobal.do\/index.php\/wp-json\/wp\/v2\/posts\/4065\/revisions"}],"predecessor-version":[{"id":4067,"href":"https:\/\/elglobal.do\/index.php\/wp-json\/wp\/v2\/posts\/4065\/revisions\/4067"}],"wp:featuredmedia":[{"embeddable":true,"href":"https:\/\/elglobal.do\/index.php\/wp-json\/wp\/v2\/media\/4066"}],"wp:attachment":[{"href":"https:\/\/elglobal.do\/index.php\/wp-json\/wp\/v2\/media?parent=4065"}],"wp:term":[{"taxonomy":"category","embeddable":true,"href":"https:\/\/elglobal.do\/index.php\/wp-json\/wp\/v2\/categories?post=4065"},{"taxonomy":"post_tag","embeddable":true,"href":"https:\/\/elglobal.do\/index.php\/wp-json\/wp\/v2\/tags?post=4065"}],"curies":[{"name":"wp","href":"https:\/\/api.w.org\/{rel}","templated":true}]}}