{"id":407,"date":"2025-07-31T14:51:34","date_gmt":"2025-07-31T18:51:34","guid":{"rendered":"https:\/\/elglobal.do\/?p=407"},"modified":"2025-08-04T17:44:08","modified_gmt":"2025-08-04T21:44:08","slug":"mark-zuckerberg-anuncio-el-poderoso-plan-de-meta-para-crear-una-superinteligencia-personal","status":"publish","type":"post","link":"https:\/\/elglobal.do\/index.php\/2025\/07\/31\/mark-zuckerberg-anuncio-el-poderoso-plan-de-meta-para-crear-una-superinteligencia-personal\/","title":{"rendered":"Mark Zuckerberg anunci\u00f3 el poderoso plan de Meta para crear una \u201csuperinteligencia personal\u201d"},"content":{"rendered":"\n<p><strong><em>El CEO de la empresa revel\u00f3 que la iniciativa busca integrar esta inteligencia artificial en la vida diaria mediante dispositivos como gafas inteligentes. A diferencia de sus competidores, no priorizar\u00e1 la automatizaci\u00f3n laboral, sino el apoyo personal y la creatividad individual<\/em><\/strong>.<\/p>\n\n\n\n<figure class=\"wp-block-image size-large\"><img loading=\"lazy\" decoding=\"async\" width=\"1024\" height=\"608\" src=\"https:\/\/elglobal.do\/wp-content\/uploads\/2025\/07\/IA-1024x608.webp\" alt=\"\" class=\"wp-image-409\" srcset=\"https:\/\/elglobal.do\/wp-content\/uploads\/2025\/07\/IA-1024x608.webp 1024w, https:\/\/elglobal.do\/wp-content\/uploads\/2025\/07\/IA-300x178.webp 300w, https:\/\/elglobal.do\/wp-content\/uploads\/2025\/07\/IA-768x456.webp 768w, https:\/\/elglobal.do\/wp-content\/uploads\/2025\/07\/IA.webp 1476w\" sizes=\"auto, (max-width: 1024px) 100vw, 1024px\" \/><\/figure>\n\n\n\n<p><\/p>\n\n\n\n<p>En sus redes sociales el empresario dio varios detalles sobre este avance que pretende traer varias transformaciones importantes, <strong>\u201cse est\u00e1 trabajando en un proyecto destinado a desarrollar una superinteligencia artificial accesible para toda la poblaci\u00f3n mundial\u201d<\/strong>.<\/p>\n\n\n\n<p>A trav\u00e9s de un video publicado en su cuenta de Instagram, el empresario present\u00f3 la iniciativa como una de las mayores apuestas de la campa\u00f1a hasta la fecha, subrayando el objetivo de transformar la forma en que las personas interact\u00faan con la inteligencia artificial en su vida diaria.<\/p>\n\n\n\n<p>El proyecto presentado por Mark Zuckerberg&nbsp;<strong>se orienta a proporcionar una superinteligencia capaz de asistir a los usuarios en tareas cotidianas<\/strong>, pero tambi\u00e9n en el desarrollo personal.<\/p>\n\n\n\n<p>Seg\u00fan sus palabras, la visi\u00f3n de Meta difiere del planteamiento de otras empresas tecnol\u00f3gicas,&nbsp;<strong>porque prioriza el apoyo a las metas individuales en vez de la automatizaci\u00f3n total del trabajo.<\/strong><\/p>\n\n\n\n<p>\u201cHay una gran pregunta abierta sobre hacia d\u00f3nde debemos dirigir la superinteligencia. Soy muy optimista sobre los avances cient\u00edficos y econ\u00f3micos, pero creo que un impacto m\u00e1s significativo vendr\u00e1 de que todo el mundo tenga superinteligencia personal para ayudarle a conseguir sus objetivos\u201d, explic\u00f3 el CEO.<\/p>\n\n\n\n<p><em>La mayor\u00eda de los desarrollos se enfocan en optimizar procesos operativos<\/em>.<\/p>\n\n\n\n<p><strong>Zuckerberg enfatiz\u00f3 que el desarrollo de esta tecnolog\u00eda estar\u00e1 alineado con las necesidades humanas m\u00e1s all\u00e1 de la productividad<\/strong>, con un \u00e9nfasis especial en la creatividad, la cultura y la mejora de la calidad de vida. Meta, sostuvo, busca poner el poder de la tecnolog\u00eda \u201cen manos de las personas para que lo dirijan hacia lo que valoran en sus vidas\u201d.<\/p>\n\n\n\n<p><strong>\u00bfQu\u00e9 diferencia a la visi\u00f3n de Zuckerberg respecto de otras empresas de IA?<\/strong><\/p>\n\n\n\n<p>Durante el anuncio, Zuckerberg marc\u00f3 distancia frente a competidores que priorizan el uso de la inteligencia artificial para la automatizaci\u00f3n laboral. \u201cEsta visi\u00f3n es diferente de la de otros en la industria que quieren dirigir la <strong>IA<\/strong> a la automatizaci\u00f3n de todo el trabajo valioso. En Meta, creemos en poner el poder de la superinteligencia en manos de las personas\u201d, destac\u00f3.<\/p>\n\n\n\n<p>La propuesta presentada por Meta busca evolucionar desde el enfoque tradicional que asocia la inteligencia artificial con la sustituci\u00f3n de tareas mec\u00e1nicas o rutinarias,&nbsp;<strong>hacia una IA orientada al apoyo emocional<\/strong>, el crecimiento personal y el fortalecimiento de v\u00ednculos.<\/p>\n\n\n\n<p><em>Los lentes inteligentes ser\u00e1n un buen complemento en esta expansi\u00f3n<\/em>.<\/p>\n\n\n\n<p><strong>\u00bfC\u00f3mo planea Meta incorporar la superinteligencia en la vida diaria de las personas?<\/strong><\/p>\n\n\n\n<p><strong>Zuckerberg describi\u00f3 un futuro en el que los dispositivos personales ser\u00e1n la principal v\u00eda de interacci\u00f3n con la superinteligencia.<\/strong>&nbsp;Los productos previstos incluyen gafas inteligentes capaces de ver y o\u00edr lo que experimenta el usuario, con la capacidad de interactuar todo el d\u00eda.<\/p>\n\n\n\n<p>\u201cCreo que los dispositivos personales, como las gafas que pueden ver lo que vemos, o\u00edr lo que o\u00edmos e interactuar con nosotros a lo largo del d\u00eda van a convertirse en nuestros principales dispositivos inform\u00e1ticos\u201d, anticip\u00f3.<\/p>\n\n\n\n<p><strong>Meta cuenta con los recursos tecnol\u00f3gicos y la infraestructura necesarios para impulsar este cambio.<\/strong>&nbsp;Zuckerberg remarc\u00f3 la capacidad de la empresa para construir la infraestructura de gran escala que requiere la superinteligencia personal y distribuirla luego a miles de millones de personas en todo el mundo.<\/p>\n\n\n\n<p><em>La humanidad ha presentado varios cambios en su forma de relacionarse y subsistir<\/em>.<\/p>\n\n\n\n<p><strong>\u00bfPor qu\u00e9 Meta considera a la superinteligencia como el siguiente avance tecnol\u00f3gico?<\/strong><\/p>\n\n\n\n<p>En su declaraci\u00f3n,&nbsp;<strong>Zuckerberg propuso una analog\u00eda hist\u00f3rica<\/strong>, para argumentar el impacto transformador de la tecnolog\u00eda a lo largo de la historia.<\/p>\n\n\n\n<p>Record\u00f3 que hace dos siglos, la mayor\u00eda de las personas eran agricultores, y que hoy una m\u00ednima fracci\u00f3n se dedica a la producci\u00f3n de alimentos,\u00a0en gran parte gracias a las innovaciones tecnol\u00f3gicas<strong>.<\/strong>\u00a0<strong>\u201cLos avances tecnol\u00f3gicos han permitido a gran parte de la humanidad centrarse menos en la subsistencia y m\u00e1s en las actividades que elige\u201d<\/strong>, afirm\u00f3.<\/p>\n\n\n\n<p>El CEO expres\u00f3 su esperanza de que la superinteligencia acelere esta tendencia, permitiendo que las personas dediquen menos tiempo a tareas repetitivas y m\u00e1s a la creatividad, la cultura, las relaciones personales y el disfrute de la vida.<\/p>\n\n\n\n<p>Fuentes de consulta: <\/p>\n\n\n\n<p><a href=\"https:\/\/www.infobae.com\/tecno\/2025\/07\/30\/mark-zuckerberg-anuncio-el-poderoso-plan-de-meta-para-crear-una-superinteligencia-personal\/?outputType=amp-type\">https:\/\/www.infobae.com\/tecno\/2025\/07\/30\/mark-zuckerberg-anuncio-el-poderoso-plan-de-meta-para-crear-una-superinteligencia-personal\/?outputType=amp-type<\/a><\/p>\n\n\n\n<p><a href=\"http:\/\/www.instagram.com\/zuck\/\">http:\/\/www.instagram.com\/zuck\/<\/a><\/p>\n\n\n\n<p><a href=\"https:\/\/www.infobae.com\/tecno\/2025\/04\/28\/la-universidad-no-prepara-para-los-trabajos-que-se-necesitan-en-la-actualidad-mark-zuckerberg-creador-de-facebook-se-confeso\/\" target=\"_blank\" rel=\"noreferrer noopener\"><em>Mark Zuckerberg, CEO de Meta, anunci\u00f3 que desde Meta Superintelligence Labs<\/em><\/a><strong><\/strong><\/p>\n\n\n\n<p><a href=\"https:\/\/www.infobae.com\/tecno\/2025\/07\/25\/mark-zuckerberg-lanza-una-atractiva-oferta-salarial-300-millones-de-dolares-por-los-mejores-expertos-en-ia\/\" target=\"_blank\" rel=\"noreferrer noopener\"><em>mayores apuestas de la compa\u00f1\u00eda hasta la fecha<\/em><\/a><\/p>\n\n\n\n<p><\/p>\n","protected":false},"excerpt":{"rendered":"<p>El CEO de la empresa revel\u00f3 que la iniciativa busca integrar esta inteligencia artificial en la vida diaria mediante dispositivos como gafas inteligentes. A diferencia de sus competidores, no priorizar\u00e1&hellip; <\/p>\n","protected":false},"author":1,"featured_media":408,"comment_status":"open","ping_status":"open","sticky":false,"template":"","format":"standard","meta":{"_jetpack_memberships_contains_paid_content":false,"footnotes":""},"categories":[1],"tags":[66,68,65,67],"class_list":["post-407","post","type-post","status-publish","format-standard","has-post-thumbnail","hentry","category-categoria-internacionales","tag-ia","tag-lentesinteligentes","tag-markzuckerberg-2","tag-meta"],"yoast_head":"<!-- This site is optimized with the Yoast SEO plugin v26.9 - https:\/\/yoast.com\/product\/yoast-seo-wordpress\/ -->\n<title>Mark Zuckerberg anunci\u00f3 el poderoso plan de Meta para crear una \u201csuperinteligencia personal\u201d - EL GLOBAL INFORMATIVO<\/title>\n<meta name=\"robots\" content=\"index, follow, max-snippet:-1, max-image-preview:large, max-video-preview:-1\" \/>\n<link rel=\"canonical\" href=\"https:\/\/elglobal.do\/index.php\/2025\/07\/31\/mark-zuckerberg-anuncio-el-poderoso-plan-de-meta-para-crear-una-superinteligencia-personal\/\" \/>\n<meta property=\"og:locale\" content=\"es_ES\" \/>\n<meta property=\"og:type\" content=\"article\" \/>\n<meta property=\"og:title\" content=\"Mark Zuckerberg anunci\u00f3 el poderoso plan de Meta para crear una \u201csuperinteligencia personal\u201d - EL GLOBAL INFORMATIVO\" \/>\n<meta property=\"og:description\" content=\"El CEO de la empresa revel\u00f3 que la iniciativa busca integrar esta inteligencia artificial en la vida diaria mediante dispositivos como gafas inteligentes. A diferencia de sus competidores, no priorizar\u00e1&hellip;\" \/>\n<meta property=\"og:url\" content=\"https:\/\/elglobal.do\/index.php\/2025\/07\/31\/mark-zuckerberg-anuncio-el-poderoso-plan-de-meta-para-crear-una-superinteligencia-personal\/\" \/>\n<meta property=\"og:site_name\" content=\"EL GLOBAL INFORMATIVO\" \/>\n<meta property=\"article:published_time\" content=\"2025-07-31T18:51:34+00:00\" \/>\n<meta property=\"article:modified_time\" content=\"2025-08-04T21:44:08+00:00\" \/>\n<meta property=\"og:image\" content=\"https:\/\/elglobal.do\/wp-content\/uploads\/2025\/07\/Mack.png\" \/>\n\t<meta property=\"og:image:width\" content=\"273\" \/>\n\t<meta property=\"og:image:height\" content=\"341\" \/>\n\t<meta property=\"og:image:type\" content=\"image\/png\" \/>\n<meta name=\"author\" content=\"EL GLOBAL\" \/>\n<meta name=\"twitter:card\" content=\"summary_large_image\" \/>\n<meta name=\"twitter:label1\" content=\"Escrito por\" \/>\n\t<meta name=\"twitter:data1\" content=\"EL GLOBAL\" \/>\n\t<meta name=\"twitter:label2\" content=\"Tiempo de lectura\" \/>\n\t<meta name=\"twitter:data2\" content=\"4 minutos\" \/>\n<script type=\"application\/ld+json\" class=\"yoast-schema-graph\">{\"@context\":\"https:\/\/schema.org\",\"@graph\":[{\"@type\":\"Article\",\"@id\":\"https:\/\/elglobal.do\/index.php\/2025\/07\/31\/mark-zuckerberg-anuncio-el-poderoso-plan-de-meta-para-crear-una-superinteligencia-personal\/#article\",\"isPartOf\":{\"@id\":\"https:\/\/elglobal.do\/index.php\/2025\/07\/31\/mark-zuckerberg-anuncio-el-poderoso-plan-de-meta-para-crear-una-superinteligencia-personal\/\"},\"author\":{\"name\":\"EL GLOBAL\",\"@id\":\"https:\/\/elglobal.do\/#\/schema\/person\/0c97ec2c7714fb605d230c292f64d55f\"},\"headline\":\"Mark Zuckerberg anunci\u00f3 el poderoso plan de Meta para crear una \u201csuperinteligencia personal\u201d\",\"datePublished\":\"2025-07-31T18:51:34+00:00\",\"dateModified\":\"2025-08-04T21:44:08+00:00\",\"mainEntityOfPage\":{\"@id\":\"https:\/\/elglobal.do\/index.php\/2025\/07\/31\/mark-zuckerberg-anuncio-el-poderoso-plan-de-meta-para-crear-una-superinteligencia-personal\/\"},\"wordCount\":809,\"commentCount\":0,\"publisher\":{\"@id\":\"https:\/\/elglobal.do\/#organization\"},\"image\":{\"@id\":\"https:\/\/elglobal.do\/index.php\/2025\/07\/31\/mark-zuckerberg-anuncio-el-poderoso-plan-de-meta-para-crear-una-superinteligencia-personal\/#primaryimage\"},\"thumbnailUrl\":\"https:\/\/elglobal.do\/wp-content\/uploads\/2025\/07\/Mack.png\",\"keywords\":[\"#IA\",\"#lentesinteligentes\",\"#MarkZuckerberg\",\"#Meta\"],\"articleSection\":[\"INTERNACIONALES\"],\"inLanguage\":\"es\",\"potentialAction\":[{\"@type\":\"CommentAction\",\"name\":\"Comment\",\"target\":[\"https:\/\/elglobal.do\/index.php\/2025\/07\/31\/mark-zuckerberg-anuncio-el-poderoso-plan-de-meta-para-crear-una-superinteligencia-personal\/#respond\"]}]},{\"@type\":\"WebPage\",\"@id\":\"https:\/\/elglobal.do\/index.php\/2025\/07\/31\/mark-zuckerberg-anuncio-el-poderoso-plan-de-meta-para-crear-una-superinteligencia-personal\/\",\"url\":\"https:\/\/elglobal.do\/index.php\/2025\/07\/31\/mark-zuckerberg-anuncio-el-poderoso-plan-de-meta-para-crear-una-superinteligencia-personal\/\",\"name\":\"Mark Zuckerberg anunci\u00f3 el poderoso plan de Meta para crear una \u201csuperinteligencia personal\u201d - EL GLOBAL INFORMATIVO\",\"isPartOf\":{\"@id\":\"https:\/\/elglobal.do\/#website\"},\"primaryImageOfPage\":{\"@id\":\"https:\/\/elglobal.do\/index.php\/2025\/07\/31\/mark-zuckerberg-anuncio-el-poderoso-plan-de-meta-para-crear-una-superinteligencia-personal\/#primaryimage\"},\"image\":{\"@id\":\"https:\/\/elglobal.do\/index.php\/2025\/07\/31\/mark-zuckerberg-anuncio-el-poderoso-plan-de-meta-para-crear-una-superinteligencia-personal\/#primaryimage\"},\"thumbnailUrl\":\"https:\/\/elglobal.do\/wp-content\/uploads\/2025\/07\/Mack.png\",\"datePublished\":\"2025-07-31T18:51:34+00:00\",\"dateModified\":\"2025-08-04T21:44:08+00:00\",\"breadcrumb\":{\"@id\":\"https:\/\/elglobal.do\/index.php\/2025\/07\/31\/mark-zuckerberg-anuncio-el-poderoso-plan-de-meta-para-crear-una-superinteligencia-personal\/#breadcrumb\"},\"inLanguage\":\"es\",\"potentialAction\":[{\"@type\":\"ReadAction\",\"target\":[\"https:\/\/elglobal.do\/index.php\/2025\/07\/31\/mark-zuckerberg-anuncio-el-poderoso-plan-de-meta-para-crear-una-superinteligencia-personal\/\"]}]},{\"@type\":\"ImageObject\",\"inLanguage\":\"es\",\"@id\":\"https:\/\/elglobal.do\/index.php\/2025\/07\/31\/mark-zuckerberg-anuncio-el-poderoso-plan-de-meta-para-crear-una-superinteligencia-personal\/#primaryimage\",\"url\":\"https:\/\/elglobal.do\/wp-content\/uploads\/2025\/07\/Mack.png\",\"contentUrl\":\"https:\/\/elglobal.do\/wp-content\/uploads\/2025\/07\/Mack.png\",\"width\":273,\"height\":341},{\"@type\":\"BreadcrumbList\",\"@id\":\"https:\/\/elglobal.do\/index.php\/2025\/07\/31\/mark-zuckerberg-anuncio-el-poderoso-plan-de-meta-para-crear-una-superinteligencia-personal\/#breadcrumb\",\"itemListElement\":[{\"@type\":\"ListItem\",\"position\":1,\"name\":\"Portada\",\"item\":\"https:\/\/elglobal.do\/\"},{\"@type\":\"ListItem\",\"position\":2,\"name\":\"Mark Zuckerberg anunci\u00f3 el poderoso plan de Meta para crear una \u201csuperinteligencia personal\u201d\"}]},{\"@type\":\"WebSite\",\"@id\":\"https:\/\/elglobal.do\/#website\",\"url\":\"https:\/\/elglobal.do\/\",\"name\":\"EL GLOBAL INFORMATIVO\",\"description\":\"Peri\u00f3dico digital de la Rep\u00fablica Dominicana que ofrece noticias, novedades, pol\u00edtica y las \u00faltimas actualidades, con informaci\u00f3n veraz y oportuna para mantenerte siempre informad\",\"publisher\":{\"@id\":\"https:\/\/elglobal.do\/#organization\"},\"potentialAction\":[{\"@type\":\"SearchAction\",\"target\":{\"@type\":\"EntryPoint\",\"urlTemplate\":\"https:\/\/elglobal.do\/?s={search_term_string}\"},\"query-input\":{\"@type\":\"PropertyValueSpecification\",\"valueRequired\":true,\"valueName\":\"search_term_string\"}}],\"inLanguage\":\"es\"},{\"@type\":\"Organization\",\"@id\":\"https:\/\/elglobal.do\/#organization\",\"name\":\"EL GLOBAL.DO INFORMATIVO\",\"url\":\"https:\/\/elglobal.do\/\",\"logo\":{\"@type\":\"ImageObject\",\"inLanguage\":\"es\",\"@id\":\"https:\/\/elglobal.do\/#\/schema\/logo\/image\/\",\"url\":\"https:\/\/elglobal.do\/wp-content\/uploads\/2025\/08\/icon.png\",\"contentUrl\":\"https:\/\/elglobal.do\/wp-content\/uploads\/2025\/08\/icon.png\",\"width\":512,\"height\":512,\"caption\":\"EL GLOBAL.DO INFORMATIVO\"},\"image\":{\"@id\":\"https:\/\/elglobal.do\/#\/schema\/logo\/image\/\"}},{\"@type\":\"Person\",\"@id\":\"https:\/\/elglobal.do\/#\/schema\/person\/0c97ec2c7714fb605d230c292f64d55f\",\"name\":\"EL GLOBAL\",\"image\":{\"@type\":\"ImageObject\",\"inLanguage\":\"es\",\"@id\":\"https:\/\/elglobal.do\/#\/schema\/person\/image\/\",\"url\":\"https:\/\/secure.gravatar.com\/avatar\/081cfb6cf99faddc6f4e23a0c11ab98c5cf302925382d1c88dc3ed757ab910a3?s=96&d=mm&r=g\",\"contentUrl\":\"https:\/\/secure.gravatar.com\/avatar\/081cfb6cf99faddc6f4e23a0c11ab98c5cf302925382d1c88dc3ed757ab910a3?s=96&d=mm&r=g\",\"caption\":\"EL GLOBAL\"},\"description\":\"El Global Informativo es un peri\u00f3dico digital de Rep\u00fablica Dominicana que se dedica a cubrir temas importantes, como la pol\u00edtica local, geopol\u00edtica, econom\u00eda, tecnolog\u00eda, noticias internacionales y eventos relacionados con la gesti\u00f3n social, cultural y humana. Su objetivo principal es mantener a la poblaci\u00f3n informada, ofreciendo una visi\u00f3n amplia y actualizada de lo que sucede tanto en el pa\u00eds como en el mundo. Est\u00e1 dirigido por un grupo de periodistas experimentados, lo que garantiza la calidad y la precisi\u00f3n de la informaci\u00f3n que ofrecen. Tiene su sede en la ciudad de Santo Domingo y es parte integral del portafolio de la empresa, MC Global S.R.L.\",\"sameAs\":[\"https:\/\/elglobal.do\",\"https:\/\/www.instagram.com\/elglobal.do_informativo\/\"],\"url\":\"https:\/\/elglobal.do\/index.php\/author\/elglobaluserpro\/\"}]}<\/script>\n<!-- \/ Yoast SEO plugin. -->","yoast_head_json":{"title":"Mark Zuckerberg anunci\u00f3 el poderoso plan de Meta para crear una \u201csuperinteligencia personal\u201d - EL GLOBAL INFORMATIVO","robots":{"index":"index","follow":"follow","max-snippet":"max-snippet:-1","max-image-preview":"max-image-preview:large","max-video-preview":"max-video-preview:-1"},"canonical":"https:\/\/elglobal.do\/index.php\/2025\/07\/31\/mark-zuckerberg-anuncio-el-poderoso-plan-de-meta-para-crear-una-superinteligencia-personal\/","og_locale":"es_ES","og_type":"article","og_title":"Mark Zuckerberg anunci\u00f3 el poderoso plan de Meta para crear una \u201csuperinteligencia personal\u201d - EL GLOBAL INFORMATIVO","og_description":"El CEO de la empresa revel\u00f3 que la iniciativa busca integrar esta inteligencia artificial en la vida diaria mediante dispositivos como gafas inteligentes. A diferencia de sus competidores, no priorizar\u00e1&hellip;","og_url":"https:\/\/elglobal.do\/index.php\/2025\/07\/31\/mark-zuckerberg-anuncio-el-poderoso-plan-de-meta-para-crear-una-superinteligencia-personal\/","og_site_name":"EL GLOBAL INFORMATIVO","article_published_time":"2025-07-31T18:51:34+00:00","article_modified_time":"2025-08-04T21:44:08+00:00","og_image":[{"width":273,"height":341,"url":"https:\/\/elglobal.do\/wp-content\/uploads\/2025\/07\/Mack.png","type":"image\/png"}],"author":"EL GLOBAL","twitter_card":"summary_large_image","twitter_misc":{"Escrito por":"EL GLOBAL","Tiempo de lectura":"4 minutos"},"schema":{"@context":"https:\/\/schema.org","@graph":[{"@type":"Article","@id":"https:\/\/elglobal.do\/index.php\/2025\/07\/31\/mark-zuckerberg-anuncio-el-poderoso-plan-de-meta-para-crear-una-superinteligencia-personal\/#article","isPartOf":{"@id":"https:\/\/elglobal.do\/index.php\/2025\/07\/31\/mark-zuckerberg-anuncio-el-poderoso-plan-de-meta-para-crear-una-superinteligencia-personal\/"},"author":{"name":"EL GLOBAL","@id":"https:\/\/elglobal.do\/#\/schema\/person\/0c97ec2c7714fb605d230c292f64d55f"},"headline":"Mark Zuckerberg anunci\u00f3 el poderoso plan de Meta para crear una \u201csuperinteligencia personal\u201d","datePublished":"2025-07-31T18:51:34+00:00","dateModified":"2025-08-04T21:44:08+00:00","mainEntityOfPage":{"@id":"https:\/\/elglobal.do\/index.php\/2025\/07\/31\/mark-zuckerberg-anuncio-el-poderoso-plan-de-meta-para-crear-una-superinteligencia-personal\/"},"wordCount":809,"commentCount":0,"publisher":{"@id":"https:\/\/elglobal.do\/#organization"},"image":{"@id":"https:\/\/elglobal.do\/index.php\/2025\/07\/31\/mark-zuckerberg-anuncio-el-poderoso-plan-de-meta-para-crear-una-superinteligencia-personal\/#primaryimage"},"thumbnailUrl":"https:\/\/elglobal.do\/wp-content\/uploads\/2025\/07\/Mack.png","keywords":["#IA","#lentesinteligentes","#MarkZuckerberg","#Meta"],"articleSection":["INTERNACIONALES"],"inLanguage":"es","potentialAction":[{"@type":"CommentAction","name":"Comment","target":["https:\/\/elglobal.do\/index.php\/2025\/07\/31\/mark-zuckerberg-anuncio-el-poderoso-plan-de-meta-para-crear-una-superinteligencia-personal\/#respond"]}]},{"@type":"WebPage","@id":"https:\/\/elglobal.do\/index.php\/2025\/07\/31\/mark-zuckerberg-anuncio-el-poderoso-plan-de-meta-para-crear-una-superinteligencia-personal\/","url":"https:\/\/elglobal.do\/index.php\/2025\/07\/31\/mark-zuckerberg-anuncio-el-poderoso-plan-de-meta-para-crear-una-superinteligencia-personal\/","name":"Mark Zuckerberg anunci\u00f3 el poderoso plan de Meta para crear una \u201csuperinteligencia personal\u201d - EL GLOBAL INFORMATIVO","isPartOf":{"@id":"https:\/\/elglobal.do\/#website"},"primaryImageOfPage":{"@id":"https:\/\/elglobal.do\/index.php\/2025\/07\/31\/mark-zuckerberg-anuncio-el-poderoso-plan-de-meta-para-crear-una-superinteligencia-personal\/#primaryimage"},"image":{"@id":"https:\/\/elglobal.do\/index.php\/2025\/07\/31\/mark-zuckerberg-anuncio-el-poderoso-plan-de-meta-para-crear-una-superinteligencia-personal\/#primaryimage"},"thumbnailUrl":"https:\/\/elglobal.do\/wp-content\/uploads\/2025\/07\/Mack.png","datePublished":"2025-07-31T18:51:34+00:00","dateModified":"2025-08-04T21:44:08+00:00","breadcrumb":{"@id":"https:\/\/elglobal.do\/index.php\/2025\/07\/31\/mark-zuckerberg-anuncio-el-poderoso-plan-de-meta-para-crear-una-superinteligencia-personal\/#breadcrumb"},"inLanguage":"es","potentialAction":[{"@type":"ReadAction","target":["https:\/\/elglobal.do\/index.php\/2025\/07\/31\/mark-zuckerberg-anuncio-el-poderoso-plan-de-meta-para-crear-una-superinteligencia-personal\/"]}]},{"@type":"ImageObject","inLanguage":"es","@id":"https:\/\/elglobal.do\/index.php\/2025\/07\/31\/mark-zuckerberg-anuncio-el-poderoso-plan-de-meta-para-crear-una-superinteligencia-personal\/#primaryimage","url":"https:\/\/elglobal.do\/wp-content\/uploads\/2025\/07\/Mack.png","contentUrl":"https:\/\/elglobal.do\/wp-content\/uploads\/2025\/07\/Mack.png","width":273,"height":341},{"@type":"BreadcrumbList","@id":"https:\/\/elglobal.do\/index.php\/2025\/07\/31\/mark-zuckerberg-anuncio-el-poderoso-plan-de-meta-para-crear-una-superinteligencia-personal\/#breadcrumb","itemListElement":[{"@type":"ListItem","position":1,"name":"Portada","item":"https:\/\/elglobal.do\/"},{"@type":"ListItem","position":2,"name":"Mark Zuckerberg anunci\u00f3 el poderoso plan de Meta para crear una \u201csuperinteligencia personal\u201d"}]},{"@type":"WebSite","@id":"https:\/\/elglobal.do\/#website","url":"https:\/\/elglobal.do\/","name":"EL GLOBAL INFORMATIVO","description":"Peri\u00f3dico digital de la Rep\u00fablica Dominicana que ofrece noticias, novedades, pol\u00edtica y las \u00faltimas actualidades, con informaci\u00f3n veraz y oportuna para mantenerte siempre informad","publisher":{"@id":"https:\/\/elglobal.do\/#organization"},"potentialAction":[{"@type":"SearchAction","target":{"@type":"EntryPoint","urlTemplate":"https:\/\/elglobal.do\/?s={search_term_string}"},"query-input":{"@type":"PropertyValueSpecification","valueRequired":true,"valueName":"search_term_string"}}],"inLanguage":"es"},{"@type":"Organization","@id":"https:\/\/elglobal.do\/#organization","name":"EL GLOBAL.DO INFORMATIVO","url":"https:\/\/elglobal.do\/","logo":{"@type":"ImageObject","inLanguage":"es","@id":"https:\/\/elglobal.do\/#\/schema\/logo\/image\/","url":"https:\/\/elglobal.do\/wp-content\/uploads\/2025\/08\/icon.png","contentUrl":"https:\/\/elglobal.do\/wp-content\/uploads\/2025\/08\/icon.png","width":512,"height":512,"caption":"EL GLOBAL.DO INFORMATIVO"},"image":{"@id":"https:\/\/elglobal.do\/#\/schema\/logo\/image\/"}},{"@type":"Person","@id":"https:\/\/elglobal.do\/#\/schema\/person\/0c97ec2c7714fb605d230c292f64d55f","name":"EL GLOBAL","image":{"@type":"ImageObject","inLanguage":"es","@id":"https:\/\/elglobal.do\/#\/schema\/person\/image\/","url":"https:\/\/secure.gravatar.com\/avatar\/081cfb6cf99faddc6f4e23a0c11ab98c5cf302925382d1c88dc3ed757ab910a3?s=96&d=mm&r=g","contentUrl":"https:\/\/secure.gravatar.com\/avatar\/081cfb6cf99faddc6f4e23a0c11ab98c5cf302925382d1c88dc3ed757ab910a3?s=96&d=mm&r=g","caption":"EL GLOBAL"},"description":"El Global Informativo es un peri\u00f3dico digital de Rep\u00fablica Dominicana que se dedica a cubrir temas importantes, como la pol\u00edtica local, geopol\u00edtica, econom\u00eda, tecnolog\u00eda, noticias internacionales y eventos relacionados con la gesti\u00f3n social, cultural y humana. Su objetivo principal es mantener a la poblaci\u00f3n informada, ofreciendo una visi\u00f3n amplia y actualizada de lo que sucede tanto en el pa\u00eds como en el mundo. Est\u00e1 dirigido por un grupo de periodistas experimentados, lo que garantiza la calidad y la precisi\u00f3n de la informaci\u00f3n que ofrecen. Tiene su sede en la ciudad de Santo Domingo y es parte integral del portafolio de la empresa, MC Global S.R.L.","sameAs":["https:\/\/elglobal.do","https:\/\/www.instagram.com\/elglobal.do_informativo\/"],"url":"https:\/\/elglobal.do\/index.php\/author\/elglobaluserpro\/"}]}},"jetpack_featured_media_url":"https:\/\/elglobal.do\/wp-content\/uploads\/2025\/07\/Mack.png","jetpack_sharing_enabled":true,"_links":{"self":[{"href":"https:\/\/elglobal.do\/index.php\/wp-json\/wp\/v2\/posts\/407","targetHints":{"allow":["GET"]}}],"collection":[{"href":"https:\/\/elglobal.do\/index.php\/wp-json\/wp\/v2\/posts"}],"about":[{"href":"https:\/\/elglobal.do\/index.php\/wp-json\/wp\/v2\/types\/post"}],"author":[{"embeddable":true,"href":"https:\/\/elglobal.do\/index.php\/wp-json\/wp\/v2\/users\/1"}],"replies":[{"embeddable":true,"href":"https:\/\/elglobal.do\/index.php\/wp-json\/wp\/v2\/comments?post=407"}],"version-history":[{"count":1,"href":"https:\/\/elglobal.do\/index.php\/wp-json\/wp\/v2\/posts\/407\/revisions"}],"predecessor-version":[{"id":410,"href":"https:\/\/elglobal.do\/index.php\/wp-json\/wp\/v2\/posts\/407\/revisions\/410"}],"wp:featuredmedia":[{"embeddable":true,"href":"https:\/\/elglobal.do\/index.php\/wp-json\/wp\/v2\/media\/408"}],"wp:attachment":[{"href":"https:\/\/elglobal.do\/index.php\/wp-json\/wp\/v2\/media?parent=407"}],"wp:term":[{"taxonomy":"category","embeddable":true,"href":"https:\/\/elglobal.do\/index.php\/wp-json\/wp\/v2\/categories?post=407"},{"taxonomy":"post_tag","embeddable":true,"href":"https:\/\/elglobal.do\/index.php\/wp-json\/wp\/v2\/tags?post=407"}],"curies":[{"name":"wp","href":"https:\/\/api.w.org\/{rel}","templated":true}]}}