{"id":4073,"date":"2025-11-24T23:24:36","date_gmt":"2025-11-25T03:24:36","guid":{"rendered":"https:\/\/elglobal.do\/?p=4073"},"modified":"2025-11-24T23:28:38","modified_gmt":"2025-11-25T03:28:38","slug":"anamara-celebra-encuentro-empresarial-en-su-47-aniversario","status":"publish","type":"post","link":"https:\/\/elglobal.do\/index.php\/2025\/11\/24\/anamara-celebra-encuentro-empresarial-en-su-47-aniversario\/","title":{"rendered":"ANAMARA celebra Encuentro Empresarial en su 47 aniversario"},"content":{"rendered":"\n<figure class=\"wp-block-image size-large\"><img loading=\"lazy\" decoding=\"async\" width=\"1024\" height=\"522\" src=\"https:\/\/elglobal.do\/wp-content\/uploads\/2025\/11\/ANAMARA-1024x522.jpeg\" alt=\"\" class=\"wp-image-4119\" srcset=\"https:\/\/elglobal.do\/wp-content\/uploads\/2025\/11\/ANAMARA-1024x522.jpeg 1024w, https:\/\/elglobal.do\/wp-content\/uploads\/2025\/11\/ANAMARA-300x153.jpeg 300w, https:\/\/elglobal.do\/wp-content\/uploads\/2025\/11\/ANAMARA-768x392.jpeg 768w, https:\/\/elglobal.do\/wp-content\/uploads\/2025\/11\/ANAMARA-1536x783.jpeg 1536w, https:\/\/elglobal.do\/wp-content\/uploads\/2025\/11\/ANAMARA.jpeg 1600w\" sizes=\"auto, (max-width: 1024px) 100vw, 1024px\" \/><\/figure>\n\n\n\n<p><strong>Santo Domingo\u2013 <\/strong>La Asociaci\u00f3n Nacional de Importadores y Distribuidores de Repuestos Automotrices, Accesorios y de Movilidad (ANAMARA, ORG.), celebr\u00f3 su Encuentro Empresarial 2025, un evento que reuni\u00f3 a sus empresas asociadas en el marco de la conmemoraci\u00f3n del 47 aniversario de la instituci\u00f3n.<\/p>\n\n\n\n<p>La jornada inici\u00f3 con las palabras de bienvenida del presidente del Consejo Directivo de ANAMARA, Juan Manuel N\u00fa\u00f1ez Gonz\u00e1lez, quien destac\u00f3 el crecimiento de la asociaci\u00f3n, el fortalecimiento institucional y el compromiso continuo con la transparencia, la competencia justa y el desarrollo del sector automotriz.<\/p>\n\n\n\n<p>El programa incluy\u00f3 una serie de conferencias magistrales y espacios de di\u00e1logo orientados a temas econ\u00f3micos, regulatorios, sostenibles y de relevo generacional, todos dise\u00f1ados para aportar valor y actualizaci\u00f3n a los empresarios del sector.<\/p>\n\n\n\n<p>La primera ponencia estuvo a cargo del economista Bernardo Fuente, segundo vicepresidente de Estudios Econ\u00f3micos en el Banco BHD Le\u00f3n, quien present\u00f3 el an\u00e1lisis \u201cRasgos Principales de la Econom\u00eda de la Rep\u00fablica Dominicana 2024 \u2013 2025\u201d, ofreciendo una visi\u00f3n clara sobre las tendencias macroecon\u00f3micas y su impacto en el mercado local.<\/p>\n\n\n\n<p>&nbsp;Seguido, la ingeniera Mariely Ponciano, directora ejecutiva de NUVI, imparti\u00f3 la conferencia \u201cResponsabilidad extendida del productor, importador y comercializador\u201d, destacando los avances del pa\u00eds en materia de econom\u00eda circular, sostenibilidad y gesti\u00f3n de residuos.<\/p>\n\n\n\n<p>Posteriormente, la consultora Lya Mata, directora de Asuntos P\u00fablicos de Blue Compass Consulting, present\u00f3 el informe \u201cAcciones del mercado importador y competencia desleal\u201d, abordando los desaf\u00edos actuales y las acciones regulatorias necesarias para combatir el comercio il\u00edcito.<\/p>\n\n\n\n<p>El evento que desarroll\u00f3 en el Sal\u00f3n Churchill III del Hotel Intercontinental, tambi\u00e9n cont\u00f3 con la participaci\u00f3n de Jennifer Troncoso, directora ejecutiva de ONEC, quien expuso sobre el trabajo de la Coalici\u00f3n Dominicana por la Competencia Justa (Codocom) y la importancia del comercio responsable en el pa\u00eds.<\/p>\n\n\n\n<p>Tras un almuerzo institucional, los asistentes disfrutaron de la conferencia magistral de cierre a cargo del experto internacional argentino Mart\u00edn Quir\u00f3s, consultor y autor especializado en empresas familiares, con el tema: \u201cDe empresa familiar a familia empresarial: C\u00f3mo conseguir el \u00e9xito futuro\u201d.<\/p>\n\n\n\n<p>El encuentro finaliz\u00f3 con un enriquecedor Panel Familiar de Relevo Generacional, con la participaci\u00f3n de representantes de Grupo KyG, Importadora La Plaza y Arias Motors, quienes compartieron experiencias reales de transici\u00f3n, liderazgo y continuidad empresarial.<\/p>\n\n\n\n<p>El presidente de ANAMARA, Juan Manuel N\u00fa\u00f1ez, ofreci\u00f3 las palabras de cierre, agradeciendo la participaci\u00f3n de todos y destacando los valores que han sostenido a la asociaci\u00f3n por casi cinco d\u00e9cadas: respeto, transparencia, unidad y compromiso.<\/p>\n\n\n\n<p>ANAMARA ORG., es una asociaci\u00f3n sin fines de lucro, de beneficio mutuo creada para mantener y encauzar la actividad comercial de los asociados por las v\u00edas de \u00e9tica comercial y de la competencia legal, en un ambiente de cordialidad y comprensi\u00f3n entre todos los sectores de la vida nacional.<\/p>\n\n\n\n<p>ANAMARA reafirm\u00f3 su misi\u00f3n de continuar fortaleciendo la industria automotriz dominicana, promoviendo buenas pr\u00e1cticas, competitividad y colaboraci\u00f3n entre sus m\u00e1s de 100 empresas afiliadas.<\/p>\n","protected":false},"excerpt":{"rendered":"<p>Santo Domingo\u2013 La Asociaci\u00f3n Nacional de Importadores y Distribuidores de Repuestos Automotrices, Accesorios y de Movilidad (ANAMARA, ORG.), celebr\u00f3 su Encuentro Empresarial 2025, un evento que reuni\u00f3 a sus empresas&hellip; <\/p>\n","protected":false},"author":1,"featured_media":4119,"comment_status":"open","ping_status":"open","sticky":false,"template":"","format":"standard","meta":{"_jetpack_memberships_contains_paid_content":false,"footnotes":""},"categories":[10],"tags":[2193,2192,946,98,554],"class_list":["post-4073","post","type-post","status-publish","format-standard","has-post-thumbnail","hentry","category-economia","tag-anamara","tag-aniversario","tag-economia-3","tag-elglobalinformativo","tag-encuentro"],"yoast_head":"<!-- This site is optimized with the Yoast SEO plugin v26.9 - https:\/\/yoast.com\/product\/yoast-seo-wordpress\/ -->\n<title>ANAMARA celebra Encuentro Empresarial en su 47 aniversario - EL GLOBAL INFORMATIVO<\/title>\n<meta name=\"robots\" content=\"index, follow, max-snippet:-1, max-image-preview:large, max-video-preview:-1\" \/>\n<link rel=\"canonical\" href=\"https:\/\/elglobal.do\/index.php\/2025\/11\/24\/anamara-celebra-encuentro-empresarial-en-su-47-aniversario\/\" \/>\n<meta property=\"og:locale\" content=\"es_ES\" \/>\n<meta property=\"og:type\" content=\"article\" \/>\n<meta property=\"og:title\" content=\"ANAMARA celebra Encuentro Empresarial en su 47 aniversario - EL GLOBAL INFORMATIVO\" \/>\n<meta property=\"og:description\" content=\"Santo Domingo\u2013 La Asociaci\u00f3n Nacional de Importadores y Distribuidores de Repuestos Automotrices, Accesorios y de Movilidad (ANAMARA, ORG.), celebr\u00f3 su Encuentro Empresarial 2025, un evento que reuni\u00f3 a sus empresas&hellip;\" \/>\n<meta property=\"og:url\" content=\"https:\/\/elglobal.do\/index.php\/2025\/11\/24\/anamara-celebra-encuentro-empresarial-en-su-47-aniversario\/\" \/>\n<meta property=\"og:site_name\" content=\"EL GLOBAL INFORMATIVO\" \/>\n<meta property=\"article:published_time\" content=\"2025-11-25T03:24:36+00:00\" \/>\n<meta property=\"article:modified_time\" content=\"2025-11-25T03:28:38+00:00\" \/>\n<meta property=\"og:image\" content=\"https:\/\/elglobal.do\/wp-content\/uploads\/2025\/11\/ANAMARA.jpeg\" \/>\n\t<meta property=\"og:image:width\" content=\"1600\" \/>\n\t<meta property=\"og:image:height\" content=\"816\" \/>\n\t<meta property=\"og:image:type\" content=\"image\/jpeg\" \/>\n<meta name=\"author\" content=\"EL GLOBAL\" \/>\n<meta name=\"twitter:card\" content=\"summary_large_image\" \/>\n<meta name=\"twitter:label1\" content=\"Escrito por\" \/>\n\t<meta name=\"twitter:data1\" content=\"EL GLOBAL\" \/>\n\t<meta name=\"twitter:label2\" content=\"Tiempo de lectura\" \/>\n\t<meta name=\"twitter:data2\" content=\"3 minutos\" \/>\n<script type=\"application\/ld+json\" class=\"yoast-schema-graph\">{\"@context\":\"https:\/\/schema.org\",\"@graph\":[{\"@type\":\"Article\",\"@id\":\"https:\/\/elglobal.do\/index.php\/2025\/11\/24\/anamara-celebra-encuentro-empresarial-en-su-47-aniversario\/#article\",\"isPartOf\":{\"@id\":\"https:\/\/elglobal.do\/index.php\/2025\/11\/24\/anamara-celebra-encuentro-empresarial-en-su-47-aniversario\/\"},\"author\":{\"name\":\"EL GLOBAL\",\"@id\":\"https:\/\/elglobal.do\/#\/schema\/person\/0c97ec2c7714fb605d230c292f64d55f\"},\"headline\":\"ANAMARA celebra Encuentro Empresarial en su 47 aniversario\",\"datePublished\":\"2025-11-25T03:24:36+00:00\",\"dateModified\":\"2025-11-25T03:28:38+00:00\",\"mainEntityOfPage\":{\"@id\":\"https:\/\/elglobal.do\/index.php\/2025\/11\/24\/anamara-celebra-encuentro-empresarial-en-su-47-aniversario\/\"},\"wordCount\":523,\"commentCount\":0,\"publisher\":{\"@id\":\"https:\/\/elglobal.do\/#organization\"},\"image\":{\"@id\":\"https:\/\/elglobal.do\/index.php\/2025\/11\/24\/anamara-celebra-encuentro-empresarial-en-su-47-aniversario\/#primaryimage\"},\"thumbnailUrl\":\"https:\/\/elglobal.do\/wp-content\/uploads\/2025\/11\/ANAMARA.jpeg\",\"keywords\":[\"#ANAMARA\",\"#aniversario\",\"#Econom\u00eda\",\"#ElGlobalInformativo\",\"#Encuentro\"],\"articleSection\":[\"ECONOM\u00cdA\"],\"inLanguage\":\"es\",\"potentialAction\":[{\"@type\":\"CommentAction\",\"name\":\"Comment\",\"target\":[\"https:\/\/elglobal.do\/index.php\/2025\/11\/24\/anamara-celebra-encuentro-empresarial-en-su-47-aniversario\/#respond\"]}]},{\"@type\":\"WebPage\",\"@id\":\"https:\/\/elglobal.do\/index.php\/2025\/11\/24\/anamara-celebra-encuentro-empresarial-en-su-47-aniversario\/\",\"url\":\"https:\/\/elglobal.do\/index.php\/2025\/11\/24\/anamara-celebra-encuentro-empresarial-en-su-47-aniversario\/\",\"name\":\"ANAMARA celebra Encuentro Empresarial en su 47 aniversario - EL GLOBAL INFORMATIVO\",\"isPartOf\":{\"@id\":\"https:\/\/elglobal.do\/#website\"},\"primaryImageOfPage\":{\"@id\":\"https:\/\/elglobal.do\/index.php\/2025\/11\/24\/anamara-celebra-encuentro-empresarial-en-su-47-aniversario\/#primaryimage\"},\"image\":{\"@id\":\"https:\/\/elglobal.do\/index.php\/2025\/11\/24\/anamara-celebra-encuentro-empresarial-en-su-47-aniversario\/#primaryimage\"},\"thumbnailUrl\":\"https:\/\/elglobal.do\/wp-content\/uploads\/2025\/11\/ANAMARA.jpeg\",\"datePublished\":\"2025-11-25T03:24:36+00:00\",\"dateModified\":\"2025-11-25T03:28:38+00:00\",\"breadcrumb\":{\"@id\":\"https:\/\/elglobal.do\/index.php\/2025\/11\/24\/anamara-celebra-encuentro-empresarial-en-su-47-aniversario\/#breadcrumb\"},\"inLanguage\":\"es\",\"potentialAction\":[{\"@type\":\"ReadAction\",\"target\":[\"https:\/\/elglobal.do\/index.php\/2025\/11\/24\/anamara-celebra-encuentro-empresarial-en-su-47-aniversario\/\"]}]},{\"@type\":\"ImageObject\",\"inLanguage\":\"es\",\"@id\":\"https:\/\/elglobal.do\/index.php\/2025\/11\/24\/anamara-celebra-encuentro-empresarial-en-su-47-aniversario\/#primaryimage\",\"url\":\"https:\/\/elglobal.do\/wp-content\/uploads\/2025\/11\/ANAMARA.jpeg\",\"contentUrl\":\"https:\/\/elglobal.do\/wp-content\/uploads\/2025\/11\/ANAMARA.jpeg\",\"width\":1600,\"height\":816},{\"@type\":\"BreadcrumbList\",\"@id\":\"https:\/\/elglobal.do\/index.php\/2025\/11\/24\/anamara-celebra-encuentro-empresarial-en-su-47-aniversario\/#breadcrumb\",\"itemListElement\":[{\"@type\":\"ListItem\",\"position\":1,\"name\":\"Portada\",\"item\":\"https:\/\/elglobal.do\/\"},{\"@type\":\"ListItem\",\"position\":2,\"name\":\"ANAMARA celebra Encuentro Empresarial en su 47 aniversario\"}]},{\"@type\":\"WebSite\",\"@id\":\"https:\/\/elglobal.do\/#website\",\"url\":\"https:\/\/elglobal.do\/\",\"name\":\"EL GLOBAL INFORMATIVO\",\"description\":\"Peri\u00f3dico digital de la Rep\u00fablica Dominicana que ofrece noticias, novedades, pol\u00edtica y las \u00faltimas actualidades, con informaci\u00f3n veraz y oportuna para mantenerte siempre informad\",\"publisher\":{\"@id\":\"https:\/\/elglobal.do\/#organization\"},\"potentialAction\":[{\"@type\":\"SearchAction\",\"target\":{\"@type\":\"EntryPoint\",\"urlTemplate\":\"https:\/\/elglobal.do\/?s={search_term_string}\"},\"query-input\":{\"@type\":\"PropertyValueSpecification\",\"valueRequired\":true,\"valueName\":\"search_term_string\"}}],\"inLanguage\":\"es\"},{\"@type\":\"Organization\",\"@id\":\"https:\/\/elglobal.do\/#organization\",\"name\":\"EL GLOBAL.DO INFORMATIVO\",\"url\":\"https:\/\/elglobal.do\/\",\"logo\":{\"@type\":\"ImageObject\",\"inLanguage\":\"es\",\"@id\":\"https:\/\/elglobal.do\/#\/schema\/logo\/image\/\",\"url\":\"https:\/\/elglobal.do\/wp-content\/uploads\/2025\/08\/icon.png\",\"contentUrl\":\"https:\/\/elglobal.do\/wp-content\/uploads\/2025\/08\/icon.png\",\"width\":512,\"height\":512,\"caption\":\"EL GLOBAL.DO INFORMATIVO\"},\"image\":{\"@id\":\"https:\/\/elglobal.do\/#\/schema\/logo\/image\/\"}},{\"@type\":\"Person\",\"@id\":\"https:\/\/elglobal.do\/#\/schema\/person\/0c97ec2c7714fb605d230c292f64d55f\",\"name\":\"EL GLOBAL\",\"image\":{\"@type\":\"ImageObject\",\"inLanguage\":\"es\",\"@id\":\"https:\/\/elglobal.do\/#\/schema\/person\/image\/\",\"url\":\"https:\/\/secure.gravatar.com\/avatar\/081cfb6cf99faddc6f4e23a0c11ab98c5cf302925382d1c88dc3ed757ab910a3?s=96&d=mm&r=g\",\"contentUrl\":\"https:\/\/secure.gravatar.com\/avatar\/081cfb6cf99faddc6f4e23a0c11ab98c5cf302925382d1c88dc3ed757ab910a3?s=96&d=mm&r=g\",\"caption\":\"EL GLOBAL\"},\"description\":\"El Global Informativo es un peri\u00f3dico digital de Rep\u00fablica Dominicana que se dedica a cubrir temas importantes, como la pol\u00edtica local, geopol\u00edtica, econom\u00eda, tecnolog\u00eda, noticias internacionales y eventos relacionados con la gesti\u00f3n social, cultural y humana. Su objetivo principal es mantener a la poblaci\u00f3n informada, ofreciendo una visi\u00f3n amplia y actualizada de lo que sucede tanto en el pa\u00eds como en el mundo. Est\u00e1 dirigido por un grupo de periodistas experimentados, lo que garantiza la calidad y la precisi\u00f3n de la informaci\u00f3n que ofrecen. Tiene su sede en la ciudad de Santo Domingo y es parte integral del portafolio de la empresa, MC Global S.R.L.\",\"sameAs\":[\"https:\/\/elglobal.do\",\"https:\/\/www.instagram.com\/elglobal.do_informativo\/\"],\"url\":\"https:\/\/elglobal.do\/index.php\/author\/elglobaluserpro\/\"}]}<\/script>\n<!-- \/ Yoast SEO plugin. -->","yoast_head_json":{"title":"ANAMARA celebra Encuentro Empresarial en su 47 aniversario - EL GLOBAL INFORMATIVO","robots":{"index":"index","follow":"follow","max-snippet":"max-snippet:-1","max-image-preview":"max-image-preview:large","max-video-preview":"max-video-preview:-1"},"canonical":"https:\/\/elglobal.do\/index.php\/2025\/11\/24\/anamara-celebra-encuentro-empresarial-en-su-47-aniversario\/","og_locale":"es_ES","og_type":"article","og_title":"ANAMARA celebra Encuentro Empresarial en su 47 aniversario - EL GLOBAL INFORMATIVO","og_description":"Santo Domingo\u2013 La Asociaci\u00f3n Nacional de Importadores y Distribuidores de Repuestos Automotrices, Accesorios y de Movilidad (ANAMARA, ORG.), celebr\u00f3 su Encuentro Empresarial 2025, un evento que reuni\u00f3 a sus empresas&hellip;","og_url":"https:\/\/elglobal.do\/index.php\/2025\/11\/24\/anamara-celebra-encuentro-empresarial-en-su-47-aniversario\/","og_site_name":"EL GLOBAL INFORMATIVO","article_published_time":"2025-11-25T03:24:36+00:00","article_modified_time":"2025-11-25T03:28:38+00:00","og_image":[{"width":1600,"height":816,"url":"https:\/\/elglobal.do\/wp-content\/uploads\/2025\/11\/ANAMARA.jpeg","type":"image\/jpeg"}],"author":"EL GLOBAL","twitter_card":"summary_large_image","twitter_misc":{"Escrito por":"EL GLOBAL","Tiempo de lectura":"3 minutos"},"schema":{"@context":"https:\/\/schema.org","@graph":[{"@type":"Article","@id":"https:\/\/elglobal.do\/index.php\/2025\/11\/24\/anamara-celebra-encuentro-empresarial-en-su-47-aniversario\/#article","isPartOf":{"@id":"https:\/\/elglobal.do\/index.php\/2025\/11\/24\/anamara-celebra-encuentro-empresarial-en-su-47-aniversario\/"},"author":{"name":"EL GLOBAL","@id":"https:\/\/elglobal.do\/#\/schema\/person\/0c97ec2c7714fb605d230c292f64d55f"},"headline":"ANAMARA celebra Encuentro Empresarial en su 47 aniversario","datePublished":"2025-11-25T03:24:36+00:00","dateModified":"2025-11-25T03:28:38+00:00","mainEntityOfPage":{"@id":"https:\/\/elglobal.do\/index.php\/2025\/11\/24\/anamara-celebra-encuentro-empresarial-en-su-47-aniversario\/"},"wordCount":523,"commentCount":0,"publisher":{"@id":"https:\/\/elglobal.do\/#organization"},"image":{"@id":"https:\/\/elglobal.do\/index.php\/2025\/11\/24\/anamara-celebra-encuentro-empresarial-en-su-47-aniversario\/#primaryimage"},"thumbnailUrl":"https:\/\/elglobal.do\/wp-content\/uploads\/2025\/11\/ANAMARA.jpeg","keywords":["#ANAMARA","#aniversario","#Econom\u00eda","#ElGlobalInformativo","#Encuentro"],"articleSection":["ECONOM\u00cdA"],"inLanguage":"es","potentialAction":[{"@type":"CommentAction","name":"Comment","target":["https:\/\/elglobal.do\/index.php\/2025\/11\/24\/anamara-celebra-encuentro-empresarial-en-su-47-aniversario\/#respond"]}]},{"@type":"WebPage","@id":"https:\/\/elglobal.do\/index.php\/2025\/11\/24\/anamara-celebra-encuentro-empresarial-en-su-47-aniversario\/","url":"https:\/\/elglobal.do\/index.php\/2025\/11\/24\/anamara-celebra-encuentro-empresarial-en-su-47-aniversario\/","name":"ANAMARA celebra Encuentro Empresarial en su 47 aniversario - EL GLOBAL INFORMATIVO","isPartOf":{"@id":"https:\/\/elglobal.do\/#website"},"primaryImageOfPage":{"@id":"https:\/\/elglobal.do\/index.php\/2025\/11\/24\/anamara-celebra-encuentro-empresarial-en-su-47-aniversario\/#primaryimage"},"image":{"@id":"https:\/\/elglobal.do\/index.php\/2025\/11\/24\/anamara-celebra-encuentro-empresarial-en-su-47-aniversario\/#primaryimage"},"thumbnailUrl":"https:\/\/elglobal.do\/wp-content\/uploads\/2025\/11\/ANAMARA.jpeg","datePublished":"2025-11-25T03:24:36+00:00","dateModified":"2025-11-25T03:28:38+00:00","breadcrumb":{"@id":"https:\/\/elglobal.do\/index.php\/2025\/11\/24\/anamara-celebra-encuentro-empresarial-en-su-47-aniversario\/#breadcrumb"},"inLanguage":"es","potentialAction":[{"@type":"ReadAction","target":["https:\/\/elglobal.do\/index.php\/2025\/11\/24\/anamara-celebra-encuentro-empresarial-en-su-47-aniversario\/"]}]},{"@type":"ImageObject","inLanguage":"es","@id":"https:\/\/elglobal.do\/index.php\/2025\/11\/24\/anamara-celebra-encuentro-empresarial-en-su-47-aniversario\/#primaryimage","url":"https:\/\/elglobal.do\/wp-content\/uploads\/2025\/11\/ANAMARA.jpeg","contentUrl":"https:\/\/elglobal.do\/wp-content\/uploads\/2025\/11\/ANAMARA.jpeg","width":1600,"height":816},{"@type":"BreadcrumbList","@id":"https:\/\/elglobal.do\/index.php\/2025\/11\/24\/anamara-celebra-encuentro-empresarial-en-su-47-aniversario\/#breadcrumb","itemListElement":[{"@type":"ListItem","position":1,"name":"Portada","item":"https:\/\/elglobal.do\/"},{"@type":"ListItem","position":2,"name":"ANAMARA celebra Encuentro Empresarial en su 47 aniversario"}]},{"@type":"WebSite","@id":"https:\/\/elglobal.do\/#website","url":"https:\/\/elglobal.do\/","name":"EL GLOBAL INFORMATIVO","description":"Peri\u00f3dico digital de la Rep\u00fablica Dominicana que ofrece noticias, novedades, pol\u00edtica y las \u00faltimas actualidades, con informaci\u00f3n veraz y oportuna para mantenerte siempre informad","publisher":{"@id":"https:\/\/elglobal.do\/#organization"},"potentialAction":[{"@type":"SearchAction","target":{"@type":"EntryPoint","urlTemplate":"https:\/\/elglobal.do\/?s={search_term_string}"},"query-input":{"@type":"PropertyValueSpecification","valueRequired":true,"valueName":"search_term_string"}}],"inLanguage":"es"},{"@type":"Organization","@id":"https:\/\/elglobal.do\/#organization","name":"EL GLOBAL.DO INFORMATIVO","url":"https:\/\/elglobal.do\/","logo":{"@type":"ImageObject","inLanguage":"es","@id":"https:\/\/elglobal.do\/#\/schema\/logo\/image\/","url":"https:\/\/elglobal.do\/wp-content\/uploads\/2025\/08\/icon.png","contentUrl":"https:\/\/elglobal.do\/wp-content\/uploads\/2025\/08\/icon.png","width":512,"height":512,"caption":"EL GLOBAL.DO INFORMATIVO"},"image":{"@id":"https:\/\/elglobal.do\/#\/schema\/logo\/image\/"}},{"@type":"Person","@id":"https:\/\/elglobal.do\/#\/schema\/person\/0c97ec2c7714fb605d230c292f64d55f","name":"EL GLOBAL","image":{"@type":"ImageObject","inLanguage":"es","@id":"https:\/\/elglobal.do\/#\/schema\/person\/image\/","url":"https:\/\/secure.gravatar.com\/avatar\/081cfb6cf99faddc6f4e23a0c11ab98c5cf302925382d1c88dc3ed757ab910a3?s=96&d=mm&r=g","contentUrl":"https:\/\/secure.gravatar.com\/avatar\/081cfb6cf99faddc6f4e23a0c11ab98c5cf302925382d1c88dc3ed757ab910a3?s=96&d=mm&r=g","caption":"EL GLOBAL"},"description":"El Global Informativo es un peri\u00f3dico digital de Rep\u00fablica Dominicana que se dedica a cubrir temas importantes, como la pol\u00edtica local, geopol\u00edtica, econom\u00eda, tecnolog\u00eda, noticias internacionales y eventos relacionados con la gesti\u00f3n social, cultural y humana. Su objetivo principal es mantener a la poblaci\u00f3n informada, ofreciendo una visi\u00f3n amplia y actualizada de lo que sucede tanto en el pa\u00eds como en el mundo. Est\u00e1 dirigido por un grupo de periodistas experimentados, lo que garantiza la calidad y la precisi\u00f3n de la informaci\u00f3n que ofrecen. Tiene su sede en la ciudad de Santo Domingo y es parte integral del portafolio de la empresa, MC Global S.R.L.","sameAs":["https:\/\/elglobal.do","https:\/\/www.instagram.com\/elglobal.do_informativo\/"],"url":"https:\/\/elglobal.do\/index.php\/author\/elglobaluserpro\/"}]}},"jetpack_featured_media_url":"https:\/\/elglobal.do\/wp-content\/uploads\/2025\/11\/ANAMARA.jpeg","jetpack_sharing_enabled":true,"_links":{"self":[{"href":"https:\/\/elglobal.do\/index.php\/wp-json\/wp\/v2\/posts\/4073","targetHints":{"allow":["GET"]}}],"collection":[{"href":"https:\/\/elglobal.do\/index.php\/wp-json\/wp\/v2\/posts"}],"about":[{"href":"https:\/\/elglobal.do\/index.php\/wp-json\/wp\/v2\/types\/post"}],"author":[{"embeddable":true,"href":"https:\/\/elglobal.do\/index.php\/wp-json\/wp\/v2\/users\/1"}],"replies":[{"embeddable":true,"href":"https:\/\/elglobal.do\/index.php\/wp-json\/wp\/v2\/comments?post=4073"}],"version-history":[{"count":2,"href":"https:\/\/elglobal.do\/index.php\/wp-json\/wp\/v2\/posts\/4073\/revisions"}],"predecessor-version":[{"id":4122,"href":"https:\/\/elglobal.do\/index.php\/wp-json\/wp\/v2\/posts\/4073\/revisions\/4122"}],"wp:featuredmedia":[{"embeddable":true,"href":"https:\/\/elglobal.do\/index.php\/wp-json\/wp\/v2\/media\/4119"}],"wp:attachment":[{"href":"https:\/\/elglobal.do\/index.php\/wp-json\/wp\/v2\/media?parent=4073"}],"wp:term":[{"taxonomy":"category","embeddable":true,"href":"https:\/\/elglobal.do\/index.php\/wp-json\/wp\/v2\/categories?post=4073"},{"taxonomy":"post_tag","embeddable":true,"href":"https:\/\/elglobal.do\/index.php\/wp-json\/wp\/v2\/tags?post=4073"}],"curies":[{"name":"wp","href":"https:\/\/api.w.org\/{rel}","templated":true}]}}