{"id":4082,"date":"2025-11-24T11:49:03","date_gmt":"2025-11-24T15:49:03","guid":{"rendered":"https:\/\/elglobal.do\/?p=4082"},"modified":"2025-11-24T11:49:05","modified_gmt":"2025-11-24T15:49:05","slug":"raquel-pena-da-un-paso-por-la-familia-junto-a-cientos-de-feligreses-catolicos","status":"publish","type":"post","link":"https:\/\/elglobal.do\/index.php\/2025\/11\/24\/raquel-pena-da-un-paso-por-la-familia-junto-a-cientos-de-feligreses-catolicos\/","title":{"rendered":"Raquel Pe\u00f1a da \u201cun paso por la familia\u201d junto a cientos de feligreses cat\u00f3licos"},"content":{"rendered":"\n<p><em>La vicepresidenta particip\u00f3 en la misa que marc\u00f3 el cierre oficial de la caminata anual dedicada a la unidad familiar.<\/em><\/p>\n\n\n\n<figure class=\"wp-block-image size-large\"><img loading=\"lazy\" decoding=\"async\" width=\"1024\" height=\"683\" src=\"https:\/\/elglobal.do\/wp-content\/uploads\/2025\/11\/Un-paso-1024x683.jpeg\" alt=\"\" class=\"wp-image-4086\" srcset=\"https:\/\/elglobal.do\/wp-content\/uploads\/2025\/11\/Un-paso-1024x683.jpeg 1024w, https:\/\/elglobal.do\/wp-content\/uploads\/2025\/11\/Un-paso-300x200.jpeg 300w, https:\/\/elglobal.do\/wp-content\/uploads\/2025\/11\/Un-paso-768x512.jpeg 768w, https:\/\/elglobal.do\/wp-content\/uploads\/2025\/11\/Un-paso-1536x1024.jpeg 1536w, https:\/\/elglobal.do\/wp-content\/uploads\/2025\/11\/Un-paso-2048x1366.jpeg 2048w\" sizes=\"auto, (max-width: 1024px) 100vw, 1024px\" \/><\/figure>\n\n\n\n<p><strong>Santiago. \u2013<\/strong> \u00a0La vicepresidenta de la Rep\u00fablica, Raquel Pe\u00f1a, particip\u00f3 junto a la Iglesia Cat\u00f3lica en la concentraci\u00f3n \u201cUn Paso por mi Familia\u201d, con el prop\u00f3sito de fortalecer los hogares dominicanos a trav\u00e9s de la integraci\u00f3n familiar y la vivencia de los valores cristianos.<\/p>\n\n\n\n<p>El tradicional recorrido es organizado por la Vicar\u00eda Episcopal de Familia y Vida de la Arquidi\u00f3cesis de Santo Domingo y de Santiago y forma parte central de las actividades del mes dedicado a la familia.<\/p>\n\n\n\n<p>Durante la misa, la vicepresidenta proclam\u00f3 la segunda lectura, tomada de la carta del ap\u00f3stol San Pablo a los Colosenses (1, 12-20), un texto que resalta la centralidad de Cristo y su misi\u00f3n como cabeza de la Iglesia.<\/p>\n\n\n\n<p>Para la vicemandataria, esta actividad \u201ces un llamado a la uni\u00f3n de la familia y una invitaci\u00f3n a mantener la fe como gu\u00eda de nuestros hogares, para que Jesucristo sea centro y compa\u00f1\u00eda constante de todas las familias dominicanas\u201d.<\/p>\n\n\n\n<p>La actividad se celebr\u00f3 en la ciudad de Santiago, e inici\u00f3 pasadas las 7:00 de la ma\u00f1ana en el Estadio Cibao y concluy\u00f3 en el Parque Central, donde se llev\u00f3 a cabo una eucarist\u00eda presidida por el arzobispo metropolitano, monse\u00f1or H\u00e9ctor Rafael Rodr\u00edguez.<\/p>\n\n\n\n<p>En su homil\u00eda, monse\u00f1or Rodr\u00edguez llam\u00f3 a fortalecer la familia desde todos los \u00e1mbitos de la vida nacional, la Iglesia, el Gobierno y la sociedad, asimismo, exhort\u00f3 a recuperar espacios de di\u00e1logo y convivencia en los hogares.<\/p>\n\n\n\n<p>\u201cLa familia debe preservarse para el bien de toda la naci\u00f3n. Las familias necesitan que Cristo reine en sus hogares\u201d, expres\u00f3 el arzobispo, destacando la importancia de promover ambientes donde la oraci\u00f3n, el respeto y la resoluci\u00f3n pac\u00edfica de conflictos sean parte del d\u00eda a d\u00eda.<\/p>\n\n\n\n<p>\u201cUn Paso por mi Familia\u201d naci\u00f3 en 2012 y, desde entonces, se ha consolidado como una tradici\u00f3n multitudinaria que re\u00fane a obispos, sacerdotes, di\u00e1conos, religiosas y miles de fieles que marchan con banderolas y signos de testimonio a favor de la familia dominicana.<\/p>\n\n\n\n<p><\/p>\n","protected":false},"excerpt":{"rendered":"<p>La vicepresidenta particip\u00f3 en la misa que marc\u00f3 el cierre oficial de la caminata anual dedicada a la unidad familiar. Santiago. \u2013 \u00a0La vicepresidenta de la Rep\u00fablica, Raquel Pe\u00f1a, particip\u00f3&hellip; <\/p>\n","protected":false},"author":1,"featured_media":4085,"comment_status":"open","ping_status":"open","sticky":false,"template":"","format":"standard","meta":{"_jetpack_memberships_contains_paid_content":false,"footnotes":""},"categories":[40,14],"tags":[98,2164,642,2165,2167,2166],"class_list":["post-4082","post","type-post","status-publish","format-standard","has-post-thumbnail","hentry","category-nacionales","category-slider","tag-elglobalinformativo","tag-integracion","tag-raquelpena","tag-unpasoporlafamilia","tag-valores","tag-vivencia"],"yoast_head":"<!-- This site is optimized with the Yoast SEO plugin v26.9 - https:\/\/yoast.com\/product\/yoast-seo-wordpress\/ -->\n<title>Raquel Pe\u00f1a da \u201cun paso por la familia\u201d junto a cientos de feligreses cat\u00f3licos - EL GLOBAL INFORMATIVO<\/title>\n<meta name=\"robots\" content=\"index, follow, max-snippet:-1, max-image-preview:large, max-video-preview:-1\" \/>\n<link rel=\"canonical\" href=\"https:\/\/elglobal.do\/index.php\/2025\/11\/24\/raquel-pena-da-un-paso-por-la-familia-junto-a-cientos-de-feligreses-catolicos\/\" \/>\n<meta property=\"og:locale\" content=\"es_ES\" \/>\n<meta property=\"og:type\" content=\"article\" \/>\n<meta property=\"og:title\" content=\"Raquel Pe\u00f1a da \u201cun paso por la familia\u201d junto a cientos de feligreses cat\u00f3licos - EL GLOBAL INFORMATIVO\" \/>\n<meta property=\"og:description\" content=\"La vicepresidenta particip\u00f3 en la misa que marc\u00f3 el cierre oficial de la caminata anual dedicada a la unidad familiar. Santiago. \u2013 \u00a0La vicepresidenta de la Rep\u00fablica, Raquel Pe\u00f1a, particip\u00f3&hellip;\" \/>\n<meta property=\"og:url\" content=\"https:\/\/elglobal.do\/index.php\/2025\/11\/24\/raquel-pena-da-un-paso-por-la-familia-junto-a-cientos-de-feligreses-catolicos\/\" \/>\n<meta property=\"og:site_name\" content=\"EL GLOBAL INFORMATIVO\" \/>\n<meta property=\"article:published_time\" content=\"2025-11-24T15:49:03+00:00\" \/>\n<meta property=\"article:modified_time\" content=\"2025-11-24T15:49:05+00:00\" \/>\n<meta property=\"og:image\" content=\"https:\/\/elglobal.do\/wp-content\/uploads\/2025\/11\/Raquel-Pena-scaled.jpeg\" \/>\n\t<meta property=\"og:image:width\" content=\"2560\" \/>\n\t<meta property=\"og:image:height\" content=\"1707\" \/>\n\t<meta property=\"og:image:type\" content=\"image\/jpeg\" \/>\n<meta name=\"author\" content=\"EL GLOBAL\" \/>\n<meta name=\"twitter:card\" content=\"summary_large_image\" \/>\n<meta name=\"twitter:label1\" content=\"Escrito por\" \/>\n\t<meta name=\"twitter:data1\" content=\"EL GLOBAL\" \/>\n\t<meta name=\"twitter:label2\" content=\"Tiempo de lectura\" \/>\n\t<meta name=\"twitter:data2\" content=\"2 minutos\" \/>\n<script type=\"application\/ld+json\" class=\"yoast-schema-graph\">{\"@context\":\"https:\/\/schema.org\",\"@graph\":[{\"@type\":\"Article\",\"@id\":\"https:\/\/elglobal.do\/index.php\/2025\/11\/24\/raquel-pena-da-un-paso-por-la-familia-junto-a-cientos-de-feligreses-catolicos\/#article\",\"isPartOf\":{\"@id\":\"https:\/\/elglobal.do\/index.php\/2025\/11\/24\/raquel-pena-da-un-paso-por-la-familia-junto-a-cientos-de-feligreses-catolicos\/\"},\"author\":{\"name\":\"EL GLOBAL\",\"@id\":\"https:\/\/elglobal.do\/#\/schema\/person\/0c97ec2c7714fb605d230c292f64d55f\"},\"headline\":\"Raquel Pe\u00f1a da \u201cun paso por la familia\u201d junto a cientos de feligreses cat\u00f3licos\",\"datePublished\":\"2025-11-24T15:49:03+00:00\",\"dateModified\":\"2025-11-24T15:49:05+00:00\",\"mainEntityOfPage\":{\"@id\":\"https:\/\/elglobal.do\/index.php\/2025\/11\/24\/raquel-pena-da-un-paso-por-la-familia-junto-a-cientos-de-feligreses-catolicos\/\"},\"wordCount\":390,\"commentCount\":0,\"publisher\":{\"@id\":\"https:\/\/elglobal.do\/#organization\"},\"image\":{\"@id\":\"https:\/\/elglobal.do\/index.php\/2025\/11\/24\/raquel-pena-da-un-paso-por-la-familia-junto-a-cientos-de-feligreses-catolicos\/#primaryimage\"},\"thumbnailUrl\":\"https:\/\/elglobal.do\/wp-content\/uploads\/2025\/11\/Raquel-Pena-scaled.jpeg\",\"keywords\":[\"#ElGlobalInformativo\",\"#integraci\u00f3n\",\"#RaquelPe\u00f1a\",\"#UnPasoporlaFamilia\",\"#valores\",\"#vivencia\"],\"articleSection\":[\"NACIONALES\",\"NOTICIAS RELEVANTES\"],\"inLanguage\":\"es\",\"potentialAction\":[{\"@type\":\"CommentAction\",\"name\":\"Comment\",\"target\":[\"https:\/\/elglobal.do\/index.php\/2025\/11\/24\/raquel-pena-da-un-paso-por-la-familia-junto-a-cientos-de-feligreses-catolicos\/#respond\"]}]},{\"@type\":\"WebPage\",\"@id\":\"https:\/\/elglobal.do\/index.php\/2025\/11\/24\/raquel-pena-da-un-paso-por-la-familia-junto-a-cientos-de-feligreses-catolicos\/\",\"url\":\"https:\/\/elglobal.do\/index.php\/2025\/11\/24\/raquel-pena-da-un-paso-por-la-familia-junto-a-cientos-de-feligreses-catolicos\/\",\"name\":\"Raquel Pe\u00f1a da \u201cun paso por la familia\u201d junto a cientos de feligreses cat\u00f3licos - EL GLOBAL INFORMATIVO\",\"isPartOf\":{\"@id\":\"https:\/\/elglobal.do\/#website\"},\"primaryImageOfPage\":{\"@id\":\"https:\/\/elglobal.do\/index.php\/2025\/11\/24\/raquel-pena-da-un-paso-por-la-familia-junto-a-cientos-de-feligreses-catolicos\/#primaryimage\"},\"image\":{\"@id\":\"https:\/\/elglobal.do\/index.php\/2025\/11\/24\/raquel-pena-da-un-paso-por-la-familia-junto-a-cientos-de-feligreses-catolicos\/#primaryimage\"},\"thumbnailUrl\":\"https:\/\/elglobal.do\/wp-content\/uploads\/2025\/11\/Raquel-Pena-scaled.jpeg\",\"datePublished\":\"2025-11-24T15:49:03+00:00\",\"dateModified\":\"2025-11-24T15:49:05+00:00\",\"breadcrumb\":{\"@id\":\"https:\/\/elglobal.do\/index.php\/2025\/11\/24\/raquel-pena-da-un-paso-por-la-familia-junto-a-cientos-de-feligreses-catolicos\/#breadcrumb\"},\"inLanguage\":\"es\",\"potentialAction\":[{\"@type\":\"ReadAction\",\"target\":[\"https:\/\/elglobal.do\/index.php\/2025\/11\/24\/raquel-pena-da-un-paso-por-la-familia-junto-a-cientos-de-feligreses-catolicos\/\"]}]},{\"@type\":\"ImageObject\",\"inLanguage\":\"es\",\"@id\":\"https:\/\/elglobal.do\/index.php\/2025\/11\/24\/raquel-pena-da-un-paso-por-la-familia-junto-a-cientos-de-feligreses-catolicos\/#primaryimage\",\"url\":\"https:\/\/elglobal.do\/wp-content\/uploads\/2025\/11\/Raquel-Pena-scaled.jpeg\",\"contentUrl\":\"https:\/\/elglobal.do\/wp-content\/uploads\/2025\/11\/Raquel-Pena-scaled.jpeg\",\"width\":2560,\"height\":1707},{\"@type\":\"BreadcrumbList\",\"@id\":\"https:\/\/elglobal.do\/index.php\/2025\/11\/24\/raquel-pena-da-un-paso-por-la-familia-junto-a-cientos-de-feligreses-catolicos\/#breadcrumb\",\"itemListElement\":[{\"@type\":\"ListItem\",\"position\":1,\"name\":\"Portada\",\"item\":\"https:\/\/elglobal.do\/\"},{\"@type\":\"ListItem\",\"position\":2,\"name\":\"Raquel Pe\u00f1a da \u201cun paso por la familia\u201d junto a cientos de feligreses cat\u00f3licos\"}]},{\"@type\":\"WebSite\",\"@id\":\"https:\/\/elglobal.do\/#website\",\"url\":\"https:\/\/elglobal.do\/\",\"name\":\"EL GLOBAL INFORMATIVO\",\"description\":\"Peri\u00f3dico digital de la Rep\u00fablica Dominicana que ofrece noticias, novedades, pol\u00edtica y las \u00faltimas actualidades, con informaci\u00f3n veraz y oportuna para mantenerte siempre informad\",\"publisher\":{\"@id\":\"https:\/\/elglobal.do\/#organization\"},\"potentialAction\":[{\"@type\":\"SearchAction\",\"target\":{\"@type\":\"EntryPoint\",\"urlTemplate\":\"https:\/\/elglobal.do\/?s={search_term_string}\"},\"query-input\":{\"@type\":\"PropertyValueSpecification\",\"valueRequired\":true,\"valueName\":\"search_term_string\"}}],\"inLanguage\":\"es\"},{\"@type\":\"Organization\",\"@id\":\"https:\/\/elglobal.do\/#organization\",\"name\":\"EL GLOBAL.DO INFORMATIVO\",\"url\":\"https:\/\/elglobal.do\/\",\"logo\":{\"@type\":\"ImageObject\",\"inLanguage\":\"es\",\"@id\":\"https:\/\/elglobal.do\/#\/schema\/logo\/image\/\",\"url\":\"https:\/\/elglobal.do\/wp-content\/uploads\/2025\/08\/icon.png\",\"contentUrl\":\"https:\/\/elglobal.do\/wp-content\/uploads\/2025\/08\/icon.png\",\"width\":512,\"height\":512,\"caption\":\"EL GLOBAL.DO INFORMATIVO\"},\"image\":{\"@id\":\"https:\/\/elglobal.do\/#\/schema\/logo\/image\/\"}},{\"@type\":\"Person\",\"@id\":\"https:\/\/elglobal.do\/#\/schema\/person\/0c97ec2c7714fb605d230c292f64d55f\",\"name\":\"EL GLOBAL\",\"image\":{\"@type\":\"ImageObject\",\"inLanguage\":\"es\",\"@id\":\"https:\/\/elglobal.do\/#\/schema\/person\/image\/\",\"url\":\"https:\/\/secure.gravatar.com\/avatar\/081cfb6cf99faddc6f4e23a0c11ab98c5cf302925382d1c88dc3ed757ab910a3?s=96&d=mm&r=g\",\"contentUrl\":\"https:\/\/secure.gravatar.com\/avatar\/081cfb6cf99faddc6f4e23a0c11ab98c5cf302925382d1c88dc3ed757ab910a3?s=96&d=mm&r=g\",\"caption\":\"EL GLOBAL\"},\"description\":\"El Global Informativo es un peri\u00f3dico digital de Rep\u00fablica Dominicana que se dedica a cubrir temas importantes, como la pol\u00edtica local, geopol\u00edtica, econom\u00eda, tecnolog\u00eda, noticias internacionales y eventos relacionados con la gesti\u00f3n social, cultural y humana. Su objetivo principal es mantener a la poblaci\u00f3n informada, ofreciendo una visi\u00f3n amplia y actualizada de lo que sucede tanto en el pa\u00eds como en el mundo. Est\u00e1 dirigido por un grupo de periodistas experimentados, lo que garantiza la calidad y la precisi\u00f3n de la informaci\u00f3n que ofrecen. Tiene su sede en la ciudad de Santo Domingo y es parte integral del portafolio de la empresa, MC Global S.R.L.\",\"sameAs\":[\"https:\/\/elglobal.do\",\"https:\/\/www.instagram.com\/elglobal.do_informativo\/\"],\"url\":\"https:\/\/elglobal.do\/index.php\/author\/elglobaluserpro\/\"}]}<\/script>\n<!-- \/ Yoast SEO plugin. -->","yoast_head_json":{"title":"Raquel Pe\u00f1a da \u201cun paso por la familia\u201d junto a cientos de feligreses cat\u00f3licos - EL GLOBAL INFORMATIVO","robots":{"index":"index","follow":"follow","max-snippet":"max-snippet:-1","max-image-preview":"max-image-preview:large","max-video-preview":"max-video-preview:-1"},"canonical":"https:\/\/elglobal.do\/index.php\/2025\/11\/24\/raquel-pena-da-un-paso-por-la-familia-junto-a-cientos-de-feligreses-catolicos\/","og_locale":"es_ES","og_type":"article","og_title":"Raquel Pe\u00f1a da \u201cun paso por la familia\u201d junto a cientos de feligreses cat\u00f3licos - EL GLOBAL INFORMATIVO","og_description":"La vicepresidenta particip\u00f3 en la misa que marc\u00f3 el cierre oficial de la caminata anual dedicada a la unidad familiar. Santiago. \u2013 \u00a0La vicepresidenta de la Rep\u00fablica, Raquel Pe\u00f1a, particip\u00f3&hellip;","og_url":"https:\/\/elglobal.do\/index.php\/2025\/11\/24\/raquel-pena-da-un-paso-por-la-familia-junto-a-cientos-de-feligreses-catolicos\/","og_site_name":"EL GLOBAL INFORMATIVO","article_published_time":"2025-11-24T15:49:03+00:00","article_modified_time":"2025-11-24T15:49:05+00:00","og_image":[{"width":2560,"height":1707,"url":"https:\/\/elglobal.do\/wp-content\/uploads\/2025\/11\/Raquel-Pena-scaled.jpeg","type":"image\/jpeg"}],"author":"EL GLOBAL","twitter_card":"summary_large_image","twitter_misc":{"Escrito por":"EL GLOBAL","Tiempo de lectura":"2 minutos"},"schema":{"@context":"https:\/\/schema.org","@graph":[{"@type":"Article","@id":"https:\/\/elglobal.do\/index.php\/2025\/11\/24\/raquel-pena-da-un-paso-por-la-familia-junto-a-cientos-de-feligreses-catolicos\/#article","isPartOf":{"@id":"https:\/\/elglobal.do\/index.php\/2025\/11\/24\/raquel-pena-da-un-paso-por-la-familia-junto-a-cientos-de-feligreses-catolicos\/"},"author":{"name":"EL GLOBAL","@id":"https:\/\/elglobal.do\/#\/schema\/person\/0c97ec2c7714fb605d230c292f64d55f"},"headline":"Raquel Pe\u00f1a da \u201cun paso por la familia\u201d junto a cientos de feligreses cat\u00f3licos","datePublished":"2025-11-24T15:49:03+00:00","dateModified":"2025-11-24T15:49:05+00:00","mainEntityOfPage":{"@id":"https:\/\/elglobal.do\/index.php\/2025\/11\/24\/raquel-pena-da-un-paso-por-la-familia-junto-a-cientos-de-feligreses-catolicos\/"},"wordCount":390,"commentCount":0,"publisher":{"@id":"https:\/\/elglobal.do\/#organization"},"image":{"@id":"https:\/\/elglobal.do\/index.php\/2025\/11\/24\/raquel-pena-da-un-paso-por-la-familia-junto-a-cientos-de-feligreses-catolicos\/#primaryimage"},"thumbnailUrl":"https:\/\/elglobal.do\/wp-content\/uploads\/2025\/11\/Raquel-Pena-scaled.jpeg","keywords":["#ElGlobalInformativo","#integraci\u00f3n","#RaquelPe\u00f1a","#UnPasoporlaFamilia","#valores","#vivencia"],"articleSection":["NACIONALES","NOTICIAS RELEVANTES"],"inLanguage":"es","potentialAction":[{"@type":"CommentAction","name":"Comment","target":["https:\/\/elglobal.do\/index.php\/2025\/11\/24\/raquel-pena-da-un-paso-por-la-familia-junto-a-cientos-de-feligreses-catolicos\/#respond"]}]},{"@type":"WebPage","@id":"https:\/\/elglobal.do\/index.php\/2025\/11\/24\/raquel-pena-da-un-paso-por-la-familia-junto-a-cientos-de-feligreses-catolicos\/","url":"https:\/\/elglobal.do\/index.php\/2025\/11\/24\/raquel-pena-da-un-paso-por-la-familia-junto-a-cientos-de-feligreses-catolicos\/","name":"Raquel Pe\u00f1a da \u201cun paso por la familia\u201d junto a cientos de feligreses cat\u00f3licos - EL GLOBAL INFORMATIVO","isPartOf":{"@id":"https:\/\/elglobal.do\/#website"},"primaryImageOfPage":{"@id":"https:\/\/elglobal.do\/index.php\/2025\/11\/24\/raquel-pena-da-un-paso-por-la-familia-junto-a-cientos-de-feligreses-catolicos\/#primaryimage"},"image":{"@id":"https:\/\/elglobal.do\/index.php\/2025\/11\/24\/raquel-pena-da-un-paso-por-la-familia-junto-a-cientos-de-feligreses-catolicos\/#primaryimage"},"thumbnailUrl":"https:\/\/elglobal.do\/wp-content\/uploads\/2025\/11\/Raquel-Pena-scaled.jpeg","datePublished":"2025-11-24T15:49:03+00:00","dateModified":"2025-11-24T15:49:05+00:00","breadcrumb":{"@id":"https:\/\/elglobal.do\/index.php\/2025\/11\/24\/raquel-pena-da-un-paso-por-la-familia-junto-a-cientos-de-feligreses-catolicos\/#breadcrumb"},"inLanguage":"es","potentialAction":[{"@type":"ReadAction","target":["https:\/\/elglobal.do\/index.php\/2025\/11\/24\/raquel-pena-da-un-paso-por-la-familia-junto-a-cientos-de-feligreses-catolicos\/"]}]},{"@type":"ImageObject","inLanguage":"es","@id":"https:\/\/elglobal.do\/index.php\/2025\/11\/24\/raquel-pena-da-un-paso-por-la-familia-junto-a-cientos-de-feligreses-catolicos\/#primaryimage","url":"https:\/\/elglobal.do\/wp-content\/uploads\/2025\/11\/Raquel-Pena-scaled.jpeg","contentUrl":"https:\/\/elglobal.do\/wp-content\/uploads\/2025\/11\/Raquel-Pena-scaled.jpeg","width":2560,"height":1707},{"@type":"BreadcrumbList","@id":"https:\/\/elglobal.do\/index.php\/2025\/11\/24\/raquel-pena-da-un-paso-por-la-familia-junto-a-cientos-de-feligreses-catolicos\/#breadcrumb","itemListElement":[{"@type":"ListItem","position":1,"name":"Portada","item":"https:\/\/elglobal.do\/"},{"@type":"ListItem","position":2,"name":"Raquel Pe\u00f1a da \u201cun paso por la familia\u201d junto a cientos de feligreses cat\u00f3licos"}]},{"@type":"WebSite","@id":"https:\/\/elglobal.do\/#website","url":"https:\/\/elglobal.do\/","name":"EL GLOBAL INFORMATIVO","description":"Peri\u00f3dico digital de la Rep\u00fablica Dominicana que ofrece noticias, novedades, pol\u00edtica y las \u00faltimas actualidades, con informaci\u00f3n veraz y oportuna para mantenerte siempre informad","publisher":{"@id":"https:\/\/elglobal.do\/#organization"},"potentialAction":[{"@type":"SearchAction","target":{"@type":"EntryPoint","urlTemplate":"https:\/\/elglobal.do\/?s={search_term_string}"},"query-input":{"@type":"PropertyValueSpecification","valueRequired":true,"valueName":"search_term_string"}}],"inLanguage":"es"},{"@type":"Organization","@id":"https:\/\/elglobal.do\/#organization","name":"EL GLOBAL.DO INFORMATIVO","url":"https:\/\/elglobal.do\/","logo":{"@type":"ImageObject","inLanguage":"es","@id":"https:\/\/elglobal.do\/#\/schema\/logo\/image\/","url":"https:\/\/elglobal.do\/wp-content\/uploads\/2025\/08\/icon.png","contentUrl":"https:\/\/elglobal.do\/wp-content\/uploads\/2025\/08\/icon.png","width":512,"height":512,"caption":"EL GLOBAL.DO INFORMATIVO"},"image":{"@id":"https:\/\/elglobal.do\/#\/schema\/logo\/image\/"}},{"@type":"Person","@id":"https:\/\/elglobal.do\/#\/schema\/person\/0c97ec2c7714fb605d230c292f64d55f","name":"EL GLOBAL","image":{"@type":"ImageObject","inLanguage":"es","@id":"https:\/\/elglobal.do\/#\/schema\/person\/image\/","url":"https:\/\/secure.gravatar.com\/avatar\/081cfb6cf99faddc6f4e23a0c11ab98c5cf302925382d1c88dc3ed757ab910a3?s=96&d=mm&r=g","contentUrl":"https:\/\/secure.gravatar.com\/avatar\/081cfb6cf99faddc6f4e23a0c11ab98c5cf302925382d1c88dc3ed757ab910a3?s=96&d=mm&r=g","caption":"EL GLOBAL"},"description":"El Global Informativo es un peri\u00f3dico digital de Rep\u00fablica Dominicana que se dedica a cubrir temas importantes, como la pol\u00edtica local, geopol\u00edtica, econom\u00eda, tecnolog\u00eda, noticias internacionales y eventos relacionados con la gesti\u00f3n social, cultural y humana. Su objetivo principal es mantener a la poblaci\u00f3n informada, ofreciendo una visi\u00f3n amplia y actualizada de lo que sucede tanto en el pa\u00eds como en el mundo. Est\u00e1 dirigido por un grupo de periodistas experimentados, lo que garantiza la calidad y la precisi\u00f3n de la informaci\u00f3n que ofrecen. Tiene su sede en la ciudad de Santo Domingo y es parte integral del portafolio de la empresa, MC Global S.R.L.","sameAs":["https:\/\/elglobal.do","https:\/\/www.instagram.com\/elglobal.do_informativo\/"],"url":"https:\/\/elglobal.do\/index.php\/author\/elglobaluserpro\/"}]}},"jetpack_featured_media_url":"https:\/\/elglobal.do\/wp-content\/uploads\/2025\/11\/Raquel-Pena-scaled.jpeg","jetpack_sharing_enabled":true,"_links":{"self":[{"href":"https:\/\/elglobal.do\/index.php\/wp-json\/wp\/v2\/posts\/4082","targetHints":{"allow":["GET"]}}],"collection":[{"href":"https:\/\/elglobal.do\/index.php\/wp-json\/wp\/v2\/posts"}],"about":[{"href":"https:\/\/elglobal.do\/index.php\/wp-json\/wp\/v2\/types\/post"}],"author":[{"embeddable":true,"href":"https:\/\/elglobal.do\/index.php\/wp-json\/wp\/v2\/users\/1"}],"replies":[{"embeddable":true,"href":"https:\/\/elglobal.do\/index.php\/wp-json\/wp\/v2\/comments?post=4082"}],"version-history":[{"count":1,"href":"https:\/\/elglobal.do\/index.php\/wp-json\/wp\/v2\/posts\/4082\/revisions"}],"predecessor-version":[{"id":4088,"href":"https:\/\/elglobal.do\/index.php\/wp-json\/wp\/v2\/posts\/4082\/revisions\/4088"}],"wp:featuredmedia":[{"embeddable":true,"href":"https:\/\/elglobal.do\/index.php\/wp-json\/wp\/v2\/media\/4085"}],"wp:attachment":[{"href":"https:\/\/elglobal.do\/index.php\/wp-json\/wp\/v2\/media?parent=4082"}],"wp:term":[{"taxonomy":"category","embeddable":true,"href":"https:\/\/elglobal.do\/index.php\/wp-json\/wp\/v2\/categories?post=4082"},{"taxonomy":"post_tag","embeddable":true,"href":"https:\/\/elglobal.do\/index.php\/wp-json\/wp\/v2\/tags?post=4082"}],"curies":[{"name":"wp","href":"https:\/\/api.w.org\/{rel}","templated":true}]}}