{"id":4083,"date":"2025-11-24T11:48:48","date_gmt":"2025-11-24T15:48:48","guid":{"rendered":"https:\/\/elglobal.do\/?p=4083"},"modified":"2025-11-24T11:48:50","modified_gmt":"2025-11-24T15:48:50","slug":"bolsonaro-alega-intento-quemar-su-tobillera-electronica-en-momento-de-paranoia","status":"publish","type":"post","link":"https:\/\/elglobal.do\/index.php\/2025\/11\/24\/bolsonaro-alega-intento-quemar-su-tobillera-electronica-en-momento-de-paranoia\/","title":{"rendered":"Bolsonaro alega intent\u00f3 quemar su tobillera electr\u00f3nica en momento de \u00abparanoia\u00bb"},"content":{"rendered":"\n<figure class=\"wp-block-image size-full\"><img loading=\"lazy\" decoding=\"async\" width=\"800\" height=\"533\" src=\"https:\/\/elglobal.do\/wp-content\/uploads\/2025\/11\/image-74.png\" alt=\"\" class=\"wp-image-4084\" srcset=\"https:\/\/elglobal.do\/wp-content\/uploads\/2025\/11\/image-74.png 800w, https:\/\/elglobal.do\/wp-content\/uploads\/2025\/11\/image-74-300x200.png 300w, https:\/\/elglobal.do\/wp-content\/uploads\/2025\/11\/image-74-768x512.png 768w\" sizes=\"auto, (max-width: 800px) 100vw, 800px\" \/><\/figure>\n\n\n\n<p><strong>Brasil.-<\/strong>El expresidente brasile\u00f1o\u00a0<strong>Jair Bolsonaro<\/strong>\u00a0aleg\u00f3 este domingo que intent\u00f3 quemar la tobillera que controlaba el cumplimiento de su\u00a0<strong>prisi\u00f3n domiciliaria<\/strong>\u00a0en un momento de \u00ab<strong>paranoia<\/strong>\u00ab, seg\u00fan un documento de la\u00a0<strong>corte<\/strong>\u00a0suprema de justicia.<\/p>\n\n\n\n<p>El exmandatario ultraderechista (2019-2022)&nbsp;<strong>fue condenado en septiembre a 27 a\u00f1os<\/strong>&nbsp;de c\u00e1rcel por intento de golpe de estado contra el izquierdista Luiz In\u00e1cio&nbsp;<strong>Lula<\/strong>&nbsp;da Silva tras perder los comicios en 2022.<\/p>\n\n\n\n<p>Luego de tres meses bajo\u00a0<strong>arresto domiciliario<\/strong>, fue llevado a\u00a0<strong>prisi\u00f3n<\/strong>\u00a0el s\u00e1bado por\u00a0<strong>riesgo de fuga<\/strong>\u00a0despu\u00e9s de que da\u00f1ara parcialmente el aparato con un\u00a0<strong>soldador<\/strong>.<\/p>\n\n\n\n<p><strong>Bolsonaro<\/strong>&nbsp;dijo que \u00abtuvo &#8216;una cierta&nbsp;<strong>paranoia<\/strong>&#8216; de&nbsp;<strong>viernes<\/strong>&nbsp;a s\u00e1bado debido a medicamentos (\u2026) resolviendo entonces, con un&nbsp;<strong>soldador<\/strong>, manipular la tobillera electr\u00f3nica\u00bb, seg\u00fan un documento judicial obtenido por la AFP.<\/p>\n\n\n\n<p>Durante una audiencia de custodia realizada este domingo en Brasilia, el expresidente&nbsp;<strong>dijo a una jueza que<\/strong>&nbsp;\u00abten\u00eda &#8216;<strong>alucinaciones<\/strong>&#8216; de que hab\u00eda alg\u00fan dispositivo de escucha en la tobillera\u00bb, detalla el acta de la diligencia.<\/p>\n\n\n\n<p>La&nbsp;<strong>corte<\/strong>&nbsp;ratific\u00f3 la orden de arresto preventivo contra&nbsp;<strong>Bolsonaro<\/strong>&nbsp;y se\u00f1al\u00f3 que \u00abno hubo ning\u00fan abuso o irregularidad por parte de los&nbsp;<strong>polic\u00edas responsables<\/strong>\u00ab.<\/p>\n\n\n\n<p><strong>Bolsonaro<\/strong>, por su parte, dijo en la audiencia \u00ab<strong>que no ten\u00eda ninguna intenci\u00f3n de fuga<\/strong>&nbsp;y que no hubo ruptura de la correa\u00bb que ataba la tobillera a su cuerpo, seg\u00fan el documento.<\/p>\n\n\n\n<p>El expresidente pas\u00f3 buena parte de la tarde del&nbsp;<strong>viernes<\/strong>&nbsp;intentando abrir la tobillera hasta que \u00abentr\u00f3 en raz\u00f3n\u00bb cerca de la&nbsp;<strong>medianoche<\/strong>&nbsp;y se detuvo, seg\u00fan su declaraci\u00f3n de este domingo.<\/p>\n\n\n\n<p>La&nbsp;<strong>polic\u00eda<\/strong>&nbsp;lleg\u00f3 a la residencia de&nbsp;<strong>Bolsonaro<\/strong>&nbsp;en un acomodado condominio de Brasilia poco despu\u00e9s a hacer una&nbsp;<strong>inspecci\u00f3n<\/strong>.<\/p>\n\n\n\n<p>El exmandatario, en un primer momento, dijo haber golpeado la tobillera contra una&nbsp;<strong>escalera<\/strong>, seg\u00fan los&nbsp;<strong>documentos<\/strong>&nbsp;del proceso.<\/p>\n\n\n\n<p>Pero al ser interrogado admiti\u00f3 haberla intentado quemar con un&nbsp;<strong>soldador<\/strong>&nbsp;por \u00ab<strong>curiosidad<\/strong>\u00ab, consta en un video divulgado por la&nbsp;<strong>corte<\/strong>&nbsp;el s\u00e1bado.<\/p>\n\n\n\n<p>La&nbsp;<strong>defensa<\/strong>&nbsp;anticip\u00f3 que apelar\u00e1 la orden de&nbsp;<strong>prisi\u00f3n<\/strong>&nbsp;preventiva.<\/p>\n","protected":false},"excerpt":{"rendered":"<p>Brasil.-El expresidente brasile\u00f1o\u00a0Jair Bolsonaro\u00a0aleg\u00f3 este domingo que intent\u00f3 quemar la tobillera que controlaba el cumplimiento de su\u00a0prisi\u00f3n domiciliaria\u00a0en un momento de \u00abparanoia\u00ab, seg\u00fan un documento de la\u00a0corte\u00a0suprema de justicia. El&hellip; <\/p>\n","protected":false},"author":1,"featured_media":4084,"comment_status":"open","ping_status":"open","sticky":false,"template":"","format":"standard","meta":{"_jetpack_memberships_contains_paid_content":false,"footnotes":""},"categories":[1],"tags":[169,170,71,2170],"class_list":["post-4083","post","type-post","status-publish","format-standard","has-post-thumbnail","hentry","category-categoria-internacionales","tag-bolsonaro","tag-brasil","tag-condena","tag-paranoia"],"yoast_head":"<!-- This site is optimized with the Yoast SEO plugin v26.9 - https:\/\/yoast.com\/product\/yoast-seo-wordpress\/ -->\n<title>Bolsonaro alega intent\u00f3 quemar su tobillera electr\u00f3nica en momento de &quot;paranoia&quot; - EL GLOBAL INFORMATIVO<\/title>\n<meta name=\"robots\" content=\"index, follow, max-snippet:-1, max-image-preview:large, max-video-preview:-1\" \/>\n<link rel=\"canonical\" href=\"https:\/\/elglobal.do\/index.php\/2025\/11\/24\/bolsonaro-alega-intento-quemar-su-tobillera-electronica-en-momento-de-paranoia\/\" \/>\n<meta property=\"og:locale\" content=\"es_ES\" \/>\n<meta property=\"og:type\" content=\"article\" \/>\n<meta property=\"og:title\" content=\"Bolsonaro alega intent\u00f3 quemar su tobillera electr\u00f3nica en momento de &quot;paranoia&quot; - EL GLOBAL INFORMATIVO\" \/>\n<meta property=\"og:description\" content=\"Brasil.-El expresidente brasile\u00f1o\u00a0Jair Bolsonaro\u00a0aleg\u00f3 este domingo que intent\u00f3 quemar la tobillera que controlaba el cumplimiento de su\u00a0prisi\u00f3n domiciliaria\u00a0en un momento de \u00abparanoia\u00ab, seg\u00fan un documento de la\u00a0corte\u00a0suprema de justicia. El&hellip;\" \/>\n<meta property=\"og:url\" content=\"https:\/\/elglobal.do\/index.php\/2025\/11\/24\/bolsonaro-alega-intento-quemar-su-tobillera-electronica-en-momento-de-paranoia\/\" \/>\n<meta property=\"og:site_name\" content=\"EL GLOBAL INFORMATIVO\" \/>\n<meta property=\"article:published_time\" content=\"2025-11-24T15:48:48+00:00\" \/>\n<meta property=\"article:modified_time\" content=\"2025-11-24T15:48:50+00:00\" \/>\n<meta property=\"og:image\" content=\"https:\/\/elglobal.do\/wp-content\/uploads\/2025\/11\/image-74.png\" \/>\n\t<meta property=\"og:image:width\" content=\"800\" \/>\n\t<meta property=\"og:image:height\" content=\"533\" \/>\n\t<meta property=\"og:image:type\" content=\"image\/png\" \/>\n<meta name=\"author\" content=\"EL GLOBAL\" \/>\n<meta name=\"twitter:card\" content=\"summary_large_image\" \/>\n<meta name=\"twitter:label1\" content=\"Escrito por\" \/>\n\t<meta name=\"twitter:data1\" content=\"EL GLOBAL\" \/>\n\t<meta name=\"twitter:label2\" content=\"Tiempo de lectura\" \/>\n\t<meta name=\"twitter:data2\" content=\"2 minutos\" \/>\n<script type=\"application\/ld+json\" class=\"yoast-schema-graph\">{\"@context\":\"https:\/\/schema.org\",\"@graph\":[{\"@type\":\"Article\",\"@id\":\"https:\/\/elglobal.do\/index.php\/2025\/11\/24\/bolsonaro-alega-intento-quemar-su-tobillera-electronica-en-momento-de-paranoia\/#article\",\"isPartOf\":{\"@id\":\"https:\/\/elglobal.do\/index.php\/2025\/11\/24\/bolsonaro-alega-intento-quemar-su-tobillera-electronica-en-momento-de-paranoia\/\"},\"author\":{\"name\":\"EL GLOBAL\",\"@id\":\"https:\/\/elglobal.do\/#\/schema\/person\/0c97ec2c7714fb605d230c292f64d55f\"},\"headline\":\"Bolsonaro alega intent\u00f3 quemar su tobillera electr\u00f3nica en momento de \u00abparanoia\u00bb\",\"datePublished\":\"2025-11-24T15:48:48+00:00\",\"dateModified\":\"2025-11-24T15:48:50+00:00\",\"mainEntityOfPage\":{\"@id\":\"https:\/\/elglobal.do\/index.php\/2025\/11\/24\/bolsonaro-alega-intento-quemar-su-tobillera-electronica-en-momento-de-paranoia\/\"},\"wordCount\":402,\"commentCount\":0,\"publisher\":{\"@id\":\"https:\/\/elglobal.do\/#organization\"},\"image\":{\"@id\":\"https:\/\/elglobal.do\/index.php\/2025\/11\/24\/bolsonaro-alega-intento-quemar-su-tobillera-electronica-en-momento-de-paranoia\/#primaryimage\"},\"thumbnailUrl\":\"https:\/\/elglobal.do\/wp-content\/uploads\/2025\/11\/image-74.png\",\"keywords\":[\"#Bolsonaro\",\"#Brasil\",\"#Condena\",\"#Paranoia\"],\"articleSection\":[\"INTERNACIONALES\"],\"inLanguage\":\"es\",\"potentialAction\":[{\"@type\":\"CommentAction\",\"name\":\"Comment\",\"target\":[\"https:\/\/elglobal.do\/index.php\/2025\/11\/24\/bolsonaro-alega-intento-quemar-su-tobillera-electronica-en-momento-de-paranoia\/#respond\"]}]},{\"@type\":\"WebPage\",\"@id\":\"https:\/\/elglobal.do\/index.php\/2025\/11\/24\/bolsonaro-alega-intento-quemar-su-tobillera-electronica-en-momento-de-paranoia\/\",\"url\":\"https:\/\/elglobal.do\/index.php\/2025\/11\/24\/bolsonaro-alega-intento-quemar-su-tobillera-electronica-en-momento-de-paranoia\/\",\"name\":\"Bolsonaro alega intent\u00f3 quemar su tobillera electr\u00f3nica en momento de \\\"paranoia\\\" - EL GLOBAL INFORMATIVO\",\"isPartOf\":{\"@id\":\"https:\/\/elglobal.do\/#website\"},\"primaryImageOfPage\":{\"@id\":\"https:\/\/elglobal.do\/index.php\/2025\/11\/24\/bolsonaro-alega-intento-quemar-su-tobillera-electronica-en-momento-de-paranoia\/#primaryimage\"},\"image\":{\"@id\":\"https:\/\/elglobal.do\/index.php\/2025\/11\/24\/bolsonaro-alega-intento-quemar-su-tobillera-electronica-en-momento-de-paranoia\/#primaryimage\"},\"thumbnailUrl\":\"https:\/\/elglobal.do\/wp-content\/uploads\/2025\/11\/image-74.png\",\"datePublished\":\"2025-11-24T15:48:48+00:00\",\"dateModified\":\"2025-11-24T15:48:50+00:00\",\"breadcrumb\":{\"@id\":\"https:\/\/elglobal.do\/index.php\/2025\/11\/24\/bolsonaro-alega-intento-quemar-su-tobillera-electronica-en-momento-de-paranoia\/#breadcrumb\"},\"inLanguage\":\"es\",\"potentialAction\":[{\"@type\":\"ReadAction\",\"target\":[\"https:\/\/elglobal.do\/index.php\/2025\/11\/24\/bolsonaro-alega-intento-quemar-su-tobillera-electronica-en-momento-de-paranoia\/\"]}]},{\"@type\":\"ImageObject\",\"inLanguage\":\"es\",\"@id\":\"https:\/\/elglobal.do\/index.php\/2025\/11\/24\/bolsonaro-alega-intento-quemar-su-tobillera-electronica-en-momento-de-paranoia\/#primaryimage\",\"url\":\"https:\/\/elglobal.do\/wp-content\/uploads\/2025\/11\/image-74.png\",\"contentUrl\":\"https:\/\/elglobal.do\/wp-content\/uploads\/2025\/11\/image-74.png\",\"width\":800,\"height\":533},{\"@type\":\"BreadcrumbList\",\"@id\":\"https:\/\/elglobal.do\/index.php\/2025\/11\/24\/bolsonaro-alega-intento-quemar-su-tobillera-electronica-en-momento-de-paranoia\/#breadcrumb\",\"itemListElement\":[{\"@type\":\"ListItem\",\"position\":1,\"name\":\"Portada\",\"item\":\"https:\/\/elglobal.do\/\"},{\"@type\":\"ListItem\",\"position\":2,\"name\":\"Bolsonaro alega intent\u00f3 quemar su tobillera electr\u00f3nica en momento de \u00abparanoia\u00bb\"}]},{\"@type\":\"WebSite\",\"@id\":\"https:\/\/elglobal.do\/#website\",\"url\":\"https:\/\/elglobal.do\/\",\"name\":\"EL GLOBAL INFORMATIVO\",\"description\":\"Peri\u00f3dico digital de la Rep\u00fablica Dominicana que ofrece noticias, novedades, pol\u00edtica y las \u00faltimas actualidades, con informaci\u00f3n veraz y oportuna para mantenerte siempre informad\",\"publisher\":{\"@id\":\"https:\/\/elglobal.do\/#organization\"},\"potentialAction\":[{\"@type\":\"SearchAction\",\"target\":{\"@type\":\"EntryPoint\",\"urlTemplate\":\"https:\/\/elglobal.do\/?s={search_term_string}\"},\"query-input\":{\"@type\":\"PropertyValueSpecification\",\"valueRequired\":true,\"valueName\":\"search_term_string\"}}],\"inLanguage\":\"es\"},{\"@type\":\"Organization\",\"@id\":\"https:\/\/elglobal.do\/#organization\",\"name\":\"EL GLOBAL.DO INFORMATIVO\",\"url\":\"https:\/\/elglobal.do\/\",\"logo\":{\"@type\":\"ImageObject\",\"inLanguage\":\"es\",\"@id\":\"https:\/\/elglobal.do\/#\/schema\/logo\/image\/\",\"url\":\"https:\/\/elglobal.do\/wp-content\/uploads\/2025\/08\/icon.png\",\"contentUrl\":\"https:\/\/elglobal.do\/wp-content\/uploads\/2025\/08\/icon.png\",\"width\":512,\"height\":512,\"caption\":\"EL GLOBAL.DO INFORMATIVO\"},\"image\":{\"@id\":\"https:\/\/elglobal.do\/#\/schema\/logo\/image\/\"}},{\"@type\":\"Person\",\"@id\":\"https:\/\/elglobal.do\/#\/schema\/person\/0c97ec2c7714fb605d230c292f64d55f\",\"name\":\"EL GLOBAL\",\"image\":{\"@type\":\"ImageObject\",\"inLanguage\":\"es\",\"@id\":\"https:\/\/elglobal.do\/#\/schema\/person\/image\/\",\"url\":\"https:\/\/secure.gravatar.com\/avatar\/081cfb6cf99faddc6f4e23a0c11ab98c5cf302925382d1c88dc3ed757ab910a3?s=96&d=mm&r=g\",\"contentUrl\":\"https:\/\/secure.gravatar.com\/avatar\/081cfb6cf99faddc6f4e23a0c11ab98c5cf302925382d1c88dc3ed757ab910a3?s=96&d=mm&r=g\",\"caption\":\"EL GLOBAL\"},\"description\":\"El Global Informativo es un peri\u00f3dico digital de Rep\u00fablica Dominicana que se dedica a cubrir temas importantes, como la pol\u00edtica local, geopol\u00edtica, econom\u00eda, tecnolog\u00eda, noticias internacionales y eventos relacionados con la gesti\u00f3n social, cultural y humana. Su objetivo principal es mantener a la poblaci\u00f3n informada, ofreciendo una visi\u00f3n amplia y actualizada de lo que sucede tanto en el pa\u00eds como en el mundo. Est\u00e1 dirigido por un grupo de periodistas experimentados, lo que garantiza la calidad y la precisi\u00f3n de la informaci\u00f3n que ofrecen. Tiene su sede en la ciudad de Santo Domingo y es parte integral del portafolio de la empresa, MC Global S.R.L.\",\"sameAs\":[\"https:\/\/elglobal.do\",\"https:\/\/www.instagram.com\/elglobal.do_informativo\/\"],\"url\":\"https:\/\/elglobal.do\/index.php\/author\/elglobaluserpro\/\"}]}<\/script>\n<!-- \/ Yoast SEO plugin. -->","yoast_head_json":{"title":"Bolsonaro alega intent\u00f3 quemar su tobillera electr\u00f3nica en momento de \"paranoia\" - EL GLOBAL INFORMATIVO","robots":{"index":"index","follow":"follow","max-snippet":"max-snippet:-1","max-image-preview":"max-image-preview:large","max-video-preview":"max-video-preview:-1"},"canonical":"https:\/\/elglobal.do\/index.php\/2025\/11\/24\/bolsonaro-alega-intento-quemar-su-tobillera-electronica-en-momento-de-paranoia\/","og_locale":"es_ES","og_type":"article","og_title":"Bolsonaro alega intent\u00f3 quemar su tobillera electr\u00f3nica en momento de \"paranoia\" - EL GLOBAL INFORMATIVO","og_description":"Brasil.-El expresidente brasile\u00f1o\u00a0Jair Bolsonaro\u00a0aleg\u00f3 este domingo que intent\u00f3 quemar la tobillera que controlaba el cumplimiento de su\u00a0prisi\u00f3n domiciliaria\u00a0en un momento de \u00abparanoia\u00ab, seg\u00fan un documento de la\u00a0corte\u00a0suprema de justicia. El&hellip;","og_url":"https:\/\/elglobal.do\/index.php\/2025\/11\/24\/bolsonaro-alega-intento-quemar-su-tobillera-electronica-en-momento-de-paranoia\/","og_site_name":"EL GLOBAL INFORMATIVO","article_published_time":"2025-11-24T15:48:48+00:00","article_modified_time":"2025-11-24T15:48:50+00:00","og_image":[{"width":800,"height":533,"url":"https:\/\/elglobal.do\/wp-content\/uploads\/2025\/11\/image-74.png","type":"image\/png"}],"author":"EL GLOBAL","twitter_card":"summary_large_image","twitter_misc":{"Escrito por":"EL GLOBAL","Tiempo de lectura":"2 minutos"},"schema":{"@context":"https:\/\/schema.org","@graph":[{"@type":"Article","@id":"https:\/\/elglobal.do\/index.php\/2025\/11\/24\/bolsonaro-alega-intento-quemar-su-tobillera-electronica-en-momento-de-paranoia\/#article","isPartOf":{"@id":"https:\/\/elglobal.do\/index.php\/2025\/11\/24\/bolsonaro-alega-intento-quemar-su-tobillera-electronica-en-momento-de-paranoia\/"},"author":{"name":"EL GLOBAL","@id":"https:\/\/elglobal.do\/#\/schema\/person\/0c97ec2c7714fb605d230c292f64d55f"},"headline":"Bolsonaro alega intent\u00f3 quemar su tobillera electr\u00f3nica en momento de \u00abparanoia\u00bb","datePublished":"2025-11-24T15:48:48+00:00","dateModified":"2025-11-24T15:48:50+00:00","mainEntityOfPage":{"@id":"https:\/\/elglobal.do\/index.php\/2025\/11\/24\/bolsonaro-alega-intento-quemar-su-tobillera-electronica-en-momento-de-paranoia\/"},"wordCount":402,"commentCount":0,"publisher":{"@id":"https:\/\/elglobal.do\/#organization"},"image":{"@id":"https:\/\/elglobal.do\/index.php\/2025\/11\/24\/bolsonaro-alega-intento-quemar-su-tobillera-electronica-en-momento-de-paranoia\/#primaryimage"},"thumbnailUrl":"https:\/\/elglobal.do\/wp-content\/uploads\/2025\/11\/image-74.png","keywords":["#Bolsonaro","#Brasil","#Condena","#Paranoia"],"articleSection":["INTERNACIONALES"],"inLanguage":"es","potentialAction":[{"@type":"CommentAction","name":"Comment","target":["https:\/\/elglobal.do\/index.php\/2025\/11\/24\/bolsonaro-alega-intento-quemar-su-tobillera-electronica-en-momento-de-paranoia\/#respond"]}]},{"@type":"WebPage","@id":"https:\/\/elglobal.do\/index.php\/2025\/11\/24\/bolsonaro-alega-intento-quemar-su-tobillera-electronica-en-momento-de-paranoia\/","url":"https:\/\/elglobal.do\/index.php\/2025\/11\/24\/bolsonaro-alega-intento-quemar-su-tobillera-electronica-en-momento-de-paranoia\/","name":"Bolsonaro alega intent\u00f3 quemar su tobillera electr\u00f3nica en momento de \"paranoia\" - EL GLOBAL INFORMATIVO","isPartOf":{"@id":"https:\/\/elglobal.do\/#website"},"primaryImageOfPage":{"@id":"https:\/\/elglobal.do\/index.php\/2025\/11\/24\/bolsonaro-alega-intento-quemar-su-tobillera-electronica-en-momento-de-paranoia\/#primaryimage"},"image":{"@id":"https:\/\/elglobal.do\/index.php\/2025\/11\/24\/bolsonaro-alega-intento-quemar-su-tobillera-electronica-en-momento-de-paranoia\/#primaryimage"},"thumbnailUrl":"https:\/\/elglobal.do\/wp-content\/uploads\/2025\/11\/image-74.png","datePublished":"2025-11-24T15:48:48+00:00","dateModified":"2025-11-24T15:48:50+00:00","breadcrumb":{"@id":"https:\/\/elglobal.do\/index.php\/2025\/11\/24\/bolsonaro-alega-intento-quemar-su-tobillera-electronica-en-momento-de-paranoia\/#breadcrumb"},"inLanguage":"es","potentialAction":[{"@type":"ReadAction","target":["https:\/\/elglobal.do\/index.php\/2025\/11\/24\/bolsonaro-alega-intento-quemar-su-tobillera-electronica-en-momento-de-paranoia\/"]}]},{"@type":"ImageObject","inLanguage":"es","@id":"https:\/\/elglobal.do\/index.php\/2025\/11\/24\/bolsonaro-alega-intento-quemar-su-tobillera-electronica-en-momento-de-paranoia\/#primaryimage","url":"https:\/\/elglobal.do\/wp-content\/uploads\/2025\/11\/image-74.png","contentUrl":"https:\/\/elglobal.do\/wp-content\/uploads\/2025\/11\/image-74.png","width":800,"height":533},{"@type":"BreadcrumbList","@id":"https:\/\/elglobal.do\/index.php\/2025\/11\/24\/bolsonaro-alega-intento-quemar-su-tobillera-electronica-en-momento-de-paranoia\/#breadcrumb","itemListElement":[{"@type":"ListItem","position":1,"name":"Portada","item":"https:\/\/elglobal.do\/"},{"@type":"ListItem","position":2,"name":"Bolsonaro alega intent\u00f3 quemar su tobillera electr\u00f3nica en momento de \u00abparanoia\u00bb"}]},{"@type":"WebSite","@id":"https:\/\/elglobal.do\/#website","url":"https:\/\/elglobal.do\/","name":"EL GLOBAL INFORMATIVO","description":"Peri\u00f3dico digital de la Rep\u00fablica Dominicana que ofrece noticias, novedades, pol\u00edtica y las \u00faltimas actualidades, con informaci\u00f3n veraz y oportuna para mantenerte siempre informad","publisher":{"@id":"https:\/\/elglobal.do\/#organization"},"potentialAction":[{"@type":"SearchAction","target":{"@type":"EntryPoint","urlTemplate":"https:\/\/elglobal.do\/?s={search_term_string}"},"query-input":{"@type":"PropertyValueSpecification","valueRequired":true,"valueName":"search_term_string"}}],"inLanguage":"es"},{"@type":"Organization","@id":"https:\/\/elglobal.do\/#organization","name":"EL GLOBAL.DO INFORMATIVO","url":"https:\/\/elglobal.do\/","logo":{"@type":"ImageObject","inLanguage":"es","@id":"https:\/\/elglobal.do\/#\/schema\/logo\/image\/","url":"https:\/\/elglobal.do\/wp-content\/uploads\/2025\/08\/icon.png","contentUrl":"https:\/\/elglobal.do\/wp-content\/uploads\/2025\/08\/icon.png","width":512,"height":512,"caption":"EL GLOBAL.DO INFORMATIVO"},"image":{"@id":"https:\/\/elglobal.do\/#\/schema\/logo\/image\/"}},{"@type":"Person","@id":"https:\/\/elglobal.do\/#\/schema\/person\/0c97ec2c7714fb605d230c292f64d55f","name":"EL GLOBAL","image":{"@type":"ImageObject","inLanguage":"es","@id":"https:\/\/elglobal.do\/#\/schema\/person\/image\/","url":"https:\/\/secure.gravatar.com\/avatar\/081cfb6cf99faddc6f4e23a0c11ab98c5cf302925382d1c88dc3ed757ab910a3?s=96&d=mm&r=g","contentUrl":"https:\/\/secure.gravatar.com\/avatar\/081cfb6cf99faddc6f4e23a0c11ab98c5cf302925382d1c88dc3ed757ab910a3?s=96&d=mm&r=g","caption":"EL GLOBAL"},"description":"El Global Informativo es un peri\u00f3dico digital de Rep\u00fablica Dominicana que se dedica a cubrir temas importantes, como la pol\u00edtica local, geopol\u00edtica, econom\u00eda, tecnolog\u00eda, noticias internacionales y eventos relacionados con la gesti\u00f3n social, cultural y humana. Su objetivo principal es mantener a la poblaci\u00f3n informada, ofreciendo una visi\u00f3n amplia y actualizada de lo que sucede tanto en el pa\u00eds como en el mundo. Est\u00e1 dirigido por un grupo de periodistas experimentados, lo que garantiza la calidad y la precisi\u00f3n de la informaci\u00f3n que ofrecen. Tiene su sede en la ciudad de Santo Domingo y es parte integral del portafolio de la empresa, MC Global S.R.L.","sameAs":["https:\/\/elglobal.do","https:\/\/www.instagram.com\/elglobal.do_informativo\/"],"url":"https:\/\/elglobal.do\/index.php\/author\/elglobaluserpro\/"}]}},"jetpack_featured_media_url":"https:\/\/elglobal.do\/wp-content\/uploads\/2025\/11\/image-74.png","jetpack_sharing_enabled":true,"_links":{"self":[{"href":"https:\/\/elglobal.do\/index.php\/wp-json\/wp\/v2\/posts\/4083","targetHints":{"allow":["GET"]}}],"collection":[{"href":"https:\/\/elglobal.do\/index.php\/wp-json\/wp\/v2\/posts"}],"about":[{"href":"https:\/\/elglobal.do\/index.php\/wp-json\/wp\/v2\/types\/post"}],"author":[{"embeddable":true,"href":"https:\/\/elglobal.do\/index.php\/wp-json\/wp\/v2\/users\/1"}],"replies":[{"embeddable":true,"href":"https:\/\/elglobal.do\/index.php\/wp-json\/wp\/v2\/comments?post=4083"}],"version-history":[{"count":1,"href":"https:\/\/elglobal.do\/index.php\/wp-json\/wp\/v2\/posts\/4083\/revisions"}],"predecessor-version":[{"id":4087,"href":"https:\/\/elglobal.do\/index.php\/wp-json\/wp\/v2\/posts\/4083\/revisions\/4087"}],"wp:featuredmedia":[{"embeddable":true,"href":"https:\/\/elglobal.do\/index.php\/wp-json\/wp\/v2\/media\/4084"}],"wp:attachment":[{"href":"https:\/\/elglobal.do\/index.php\/wp-json\/wp\/v2\/media?parent=4083"}],"wp:term":[{"taxonomy":"category","embeddable":true,"href":"https:\/\/elglobal.do\/index.php\/wp-json\/wp\/v2\/categories?post=4083"},{"taxonomy":"post_tag","embeddable":true,"href":"https:\/\/elglobal.do\/index.php\/wp-json\/wp\/v2\/tags?post=4083"}],"curies":[{"name":"wp","href":"https:\/\/api.w.org\/{rel}","templated":true}]}}