{"id":4109,"date":"2025-11-24T14:57:04","date_gmt":"2025-11-24T18:57:04","guid":{"rendered":"https:\/\/elglobal.do\/?p=4109"},"modified":"2025-11-24T14:57:06","modified_gmt":"2025-11-24T18:57:06","slug":"conversatorio-para-novios-abordara-celebracion-de-bodas-conscientes-en-republica-dominicana","status":"publish","type":"post","link":"https:\/\/elglobal.do\/index.php\/2025\/11\/24\/conversatorio-para-novios-abordara-celebracion-de-bodas-conscientes-en-republica-dominicana\/","title":{"rendered":"Conversatorio para Novios abordar\u00e1 celebraci\u00f3n de bodas conscientes en Rep\u00fablica Dominicana"},"content":{"rendered":"\n<p><em>El evento se llevar\u00e1 a cabo el 14 y 15 de febrero de 2026<\/em><\/p>\n\n\n\n<figure class=\"wp-block-image size-large\"><img loading=\"lazy\" decoding=\"async\" width=\"907\" height=\"1024\" src=\"https:\/\/elglobal.do\/wp-content\/uploads\/2025\/11\/Novios-907x1024.jpeg\" alt=\"\" class=\"wp-image-4113\" srcset=\"https:\/\/elglobal.do\/wp-content\/uploads\/2025\/11\/Novios-907x1024.jpeg 907w, https:\/\/elglobal.do\/wp-content\/uploads\/2025\/11\/Novios-266x300.jpeg 266w, https:\/\/elglobal.do\/wp-content\/uploads\/2025\/11\/Novios-768x867.jpeg 768w, https:\/\/elglobal.do\/wp-content\/uploads\/2025\/11\/Novios.jpeg 1077w\" sizes=\"auto, (max-width: 907px) 100vw, 907px\" \/><\/figure>\n\n\n\n<p><strong>Santo Domingo. \u2013 <\/strong>La empresa Events Planner realizar\u00e1 una nueva versi\u00f3n de su \u201cConversatorio para Novios\u201d, enfocada en promover pr\u00e1cticas conscientes y sostenibles en la organizaci\u00f3n de bodas y eventos en el pa\u00eds.<\/p>\n\n\n\n<p>El evento se llevar\u00e1 a cabo el s\u00e1bado 14 y domingo 15 de febrero de 2026 en el Hotel Embassy Suites by Hilton Santo Domingo, y busca inspirar a las parejas a organizar celebraciones que reflejen su historia de amor y, al mismo tiempo, contribuyan al cuidado del medio ambiente.<\/p>\n\n\n\n<p>Durante las dos jornadas, se abordar\u00e1n temas como la selecci\u00f3n de suplidores locales, el uso de materiales biodegradables, locaciones con pr\u00e1cticas verdes, movilidad sostenible, vajillas comportables, flores preservadas y la sustituci\u00f3n de impresos por recursos digitales. Tambi\u00e9n se destacar\u00e1 la importancia de men\u00fas locales y de temporada y la donaci\u00f3n de excedentes a organizaciones comunitarias.<\/p>\n\n\n\n<p>El conversatorio incluir\u00e1, adem\u00e1s, un panel de finanzas en pareja, un taller de relaciones afectivas y din\u00e1micas de cocteler\u00eda, combinando aprendizaje y experiencias pr\u00e1cticas para los novios.<\/p>\n\n\n\n<p>Con esta iniciativa, Events Planner impulsa bodas planificadas desde la intenci\u00f3n y la autenticidad, donde cada decisi\u00f3n tiene un prop\u00f3sito definido. El enfoque fomenta el cuidado del presupuesto, la valoraci\u00f3n del trabajo de los suplidores, el respeto al entorno natural y la integraci\u00f3n de elementos culturales locales.<\/p>\n\n\n\n<p>\u201cBuscamos ense\u00f1ar que el amor tambi\u00e9n se celebra de manera consciente, motivando a las parejas a integrar esta visi\u00f3n en su historia de vida y organizar bodas que cuiden el entorno, generando un impacto positivo social y econ\u00f3mico\u201d, expres\u00f3 Yaniris P\u00e9rez, CEO de Events Planner, quien tambi\u00e9n es vicepresidenta de la Asociaci\u00f3n de Bodas y Eventos de la Rep\u00fablica Dominicana (ABERD).<\/p>\n\n\n\n<p>En la actividad estuvieron presente el director de operaciones de Events Planner, Enny Guerrero, as\u00ed como suplidores aliados que formar\u00e1n parte del Conversatorio Para Novios 2026.<\/p>\n","protected":false},"excerpt":{"rendered":"<p>El evento se llevar\u00e1 a cabo el 14 y 15 de febrero de 2026 Santo Domingo. \u2013 La empresa Events Planner realizar\u00e1 una nueva versi\u00f3n de su \u201cConversatorio para Novios\u201d,&hellip; <\/p>\n","protected":false},"author":1,"featured_media":4113,"comment_status":"open","ping_status":"open","sticky":false,"template":"","format":"standard","meta":{"_jetpack_memberships_contains_paid_content":false,"footnotes":""},"categories":[327],"tags":[2186,2189,98,2188,724],"class_list":["post-4109","post","type-post","status-publish","format-standard","has-post-thumbnail","hentry","category-sociales","tag-bodasconscientes","tag-conversatorio","tag-elglobalinformativo","tag-eventsplanner","tag-sociales"],"yoast_head":"<!-- This site is optimized with the Yoast SEO plugin v26.9 - https:\/\/yoast.com\/product\/yoast-seo-wordpress\/ -->\n<title>Conversatorio para Novios abordar\u00e1 celebraci\u00f3n de bodas conscientes en Rep\u00fablica Dominicana - EL GLOBAL INFORMATIVO<\/title>\n<meta name=\"robots\" content=\"index, follow, max-snippet:-1, max-image-preview:large, max-video-preview:-1\" \/>\n<link rel=\"canonical\" href=\"https:\/\/elglobal.do\/index.php\/2025\/11\/24\/conversatorio-para-novios-abordara-celebracion-de-bodas-conscientes-en-republica-dominicana\/\" \/>\n<meta property=\"og:locale\" content=\"es_ES\" \/>\n<meta property=\"og:type\" content=\"article\" \/>\n<meta property=\"og:title\" content=\"Conversatorio para Novios abordar\u00e1 celebraci\u00f3n de bodas conscientes en Rep\u00fablica Dominicana - EL GLOBAL INFORMATIVO\" \/>\n<meta property=\"og:description\" content=\"El evento se llevar\u00e1 a cabo el 14 y 15 de febrero de 2026 Santo Domingo. \u2013 La empresa Events Planner realizar\u00e1 una nueva versi\u00f3n de su \u201cConversatorio para Novios\u201d,&hellip;\" \/>\n<meta property=\"og:url\" content=\"https:\/\/elglobal.do\/index.php\/2025\/11\/24\/conversatorio-para-novios-abordara-celebracion-de-bodas-conscientes-en-republica-dominicana\/\" \/>\n<meta property=\"og:site_name\" content=\"EL GLOBAL INFORMATIVO\" \/>\n<meta property=\"article:published_time\" content=\"2025-11-24T18:57:04+00:00\" \/>\n<meta property=\"article:modified_time\" content=\"2025-11-24T18:57:06+00:00\" \/>\n<meta property=\"og:image\" content=\"https:\/\/elglobal.do\/wp-content\/uploads\/2025\/11\/Novios.jpeg\" \/>\n\t<meta property=\"og:image:width\" content=\"1077\" \/>\n\t<meta property=\"og:image:height\" content=\"1216\" \/>\n\t<meta property=\"og:image:type\" content=\"image\/jpeg\" \/>\n<meta name=\"author\" content=\"EL GLOBAL\" \/>\n<meta name=\"twitter:card\" content=\"summary_large_image\" \/>\n<meta name=\"twitter:label1\" content=\"Escrito por\" \/>\n\t<meta name=\"twitter:data1\" content=\"EL GLOBAL\" \/>\n\t<meta name=\"twitter:label2\" content=\"Tiempo de lectura\" \/>\n\t<meta name=\"twitter:data2\" content=\"2 minutos\" \/>\n<script type=\"application\/ld+json\" class=\"yoast-schema-graph\">{\"@context\":\"https:\/\/schema.org\",\"@graph\":[{\"@type\":\"Article\",\"@id\":\"https:\/\/elglobal.do\/index.php\/2025\/11\/24\/conversatorio-para-novios-abordara-celebracion-de-bodas-conscientes-en-republica-dominicana\/#article\",\"isPartOf\":{\"@id\":\"https:\/\/elglobal.do\/index.php\/2025\/11\/24\/conversatorio-para-novios-abordara-celebracion-de-bodas-conscientes-en-republica-dominicana\/\"},\"author\":{\"name\":\"EL GLOBAL\",\"@id\":\"https:\/\/elglobal.do\/#\/schema\/person\/0c97ec2c7714fb605d230c292f64d55f\"},\"headline\":\"Conversatorio para Novios abordar\u00e1 celebraci\u00f3n de bodas conscientes en Rep\u00fablica Dominicana\",\"datePublished\":\"2025-11-24T18:57:04+00:00\",\"dateModified\":\"2025-11-24T18:57:06+00:00\",\"mainEntityOfPage\":{\"@id\":\"https:\/\/elglobal.do\/index.php\/2025\/11\/24\/conversatorio-para-novios-abordara-celebracion-de-bodas-conscientes-en-republica-dominicana\/\"},\"wordCount\":348,\"commentCount\":0,\"publisher\":{\"@id\":\"https:\/\/elglobal.do\/#organization\"},\"image\":{\"@id\":\"https:\/\/elglobal.do\/index.php\/2025\/11\/24\/conversatorio-para-novios-abordara-celebracion-de-bodas-conscientes-en-republica-dominicana\/#primaryimage\"},\"thumbnailUrl\":\"https:\/\/elglobal.do\/wp-content\/uploads\/2025\/11\/Novios.jpeg\",\"keywords\":[\"#BodasConscientes\",\"#Conversatorio\",\"#ElGlobalInformativo\",\"#EventsPlanner\",\"#Sociales\"],\"articleSection\":[\"SOCIALES\"],\"inLanguage\":\"es\",\"potentialAction\":[{\"@type\":\"CommentAction\",\"name\":\"Comment\",\"target\":[\"https:\/\/elglobal.do\/index.php\/2025\/11\/24\/conversatorio-para-novios-abordara-celebracion-de-bodas-conscientes-en-republica-dominicana\/#respond\"]}]},{\"@type\":\"WebPage\",\"@id\":\"https:\/\/elglobal.do\/index.php\/2025\/11\/24\/conversatorio-para-novios-abordara-celebracion-de-bodas-conscientes-en-republica-dominicana\/\",\"url\":\"https:\/\/elglobal.do\/index.php\/2025\/11\/24\/conversatorio-para-novios-abordara-celebracion-de-bodas-conscientes-en-republica-dominicana\/\",\"name\":\"Conversatorio para Novios abordar\u00e1 celebraci\u00f3n de bodas conscientes en Rep\u00fablica Dominicana - EL GLOBAL INFORMATIVO\",\"isPartOf\":{\"@id\":\"https:\/\/elglobal.do\/#website\"},\"primaryImageOfPage\":{\"@id\":\"https:\/\/elglobal.do\/index.php\/2025\/11\/24\/conversatorio-para-novios-abordara-celebracion-de-bodas-conscientes-en-republica-dominicana\/#primaryimage\"},\"image\":{\"@id\":\"https:\/\/elglobal.do\/index.php\/2025\/11\/24\/conversatorio-para-novios-abordara-celebracion-de-bodas-conscientes-en-republica-dominicana\/#primaryimage\"},\"thumbnailUrl\":\"https:\/\/elglobal.do\/wp-content\/uploads\/2025\/11\/Novios.jpeg\",\"datePublished\":\"2025-11-24T18:57:04+00:00\",\"dateModified\":\"2025-11-24T18:57:06+00:00\",\"breadcrumb\":{\"@id\":\"https:\/\/elglobal.do\/index.php\/2025\/11\/24\/conversatorio-para-novios-abordara-celebracion-de-bodas-conscientes-en-republica-dominicana\/#breadcrumb\"},\"inLanguage\":\"es\",\"potentialAction\":[{\"@type\":\"ReadAction\",\"target\":[\"https:\/\/elglobal.do\/index.php\/2025\/11\/24\/conversatorio-para-novios-abordara-celebracion-de-bodas-conscientes-en-republica-dominicana\/\"]}]},{\"@type\":\"ImageObject\",\"inLanguage\":\"es\",\"@id\":\"https:\/\/elglobal.do\/index.php\/2025\/11\/24\/conversatorio-para-novios-abordara-celebracion-de-bodas-conscientes-en-republica-dominicana\/#primaryimage\",\"url\":\"https:\/\/elglobal.do\/wp-content\/uploads\/2025\/11\/Novios.jpeg\",\"contentUrl\":\"https:\/\/elglobal.do\/wp-content\/uploads\/2025\/11\/Novios.jpeg\",\"width\":1077,\"height\":1216},{\"@type\":\"BreadcrumbList\",\"@id\":\"https:\/\/elglobal.do\/index.php\/2025\/11\/24\/conversatorio-para-novios-abordara-celebracion-de-bodas-conscientes-en-republica-dominicana\/#breadcrumb\",\"itemListElement\":[{\"@type\":\"ListItem\",\"position\":1,\"name\":\"Portada\",\"item\":\"https:\/\/elglobal.do\/\"},{\"@type\":\"ListItem\",\"position\":2,\"name\":\"Conversatorio para Novios abordar\u00e1 celebraci\u00f3n de bodas conscientes en Rep\u00fablica Dominicana\"}]},{\"@type\":\"WebSite\",\"@id\":\"https:\/\/elglobal.do\/#website\",\"url\":\"https:\/\/elglobal.do\/\",\"name\":\"EL GLOBAL INFORMATIVO\",\"description\":\"Peri\u00f3dico digital de la Rep\u00fablica Dominicana que ofrece noticias, novedades, pol\u00edtica y las \u00faltimas actualidades, con informaci\u00f3n veraz y oportuna para mantenerte siempre informad\",\"publisher\":{\"@id\":\"https:\/\/elglobal.do\/#organization\"},\"potentialAction\":[{\"@type\":\"SearchAction\",\"target\":{\"@type\":\"EntryPoint\",\"urlTemplate\":\"https:\/\/elglobal.do\/?s={search_term_string}\"},\"query-input\":{\"@type\":\"PropertyValueSpecification\",\"valueRequired\":true,\"valueName\":\"search_term_string\"}}],\"inLanguage\":\"es\"},{\"@type\":\"Organization\",\"@id\":\"https:\/\/elglobal.do\/#organization\",\"name\":\"EL GLOBAL.DO INFORMATIVO\",\"url\":\"https:\/\/elglobal.do\/\",\"logo\":{\"@type\":\"ImageObject\",\"inLanguage\":\"es\",\"@id\":\"https:\/\/elglobal.do\/#\/schema\/logo\/image\/\",\"url\":\"https:\/\/elglobal.do\/wp-content\/uploads\/2025\/08\/icon.png\",\"contentUrl\":\"https:\/\/elglobal.do\/wp-content\/uploads\/2025\/08\/icon.png\",\"width\":512,\"height\":512,\"caption\":\"EL GLOBAL.DO INFORMATIVO\"},\"image\":{\"@id\":\"https:\/\/elglobal.do\/#\/schema\/logo\/image\/\"}},{\"@type\":\"Person\",\"@id\":\"https:\/\/elglobal.do\/#\/schema\/person\/0c97ec2c7714fb605d230c292f64d55f\",\"name\":\"EL GLOBAL\",\"image\":{\"@type\":\"ImageObject\",\"inLanguage\":\"es\",\"@id\":\"https:\/\/elglobal.do\/#\/schema\/person\/image\/\",\"url\":\"https:\/\/secure.gravatar.com\/avatar\/081cfb6cf99faddc6f4e23a0c11ab98c5cf302925382d1c88dc3ed757ab910a3?s=96&d=mm&r=g\",\"contentUrl\":\"https:\/\/secure.gravatar.com\/avatar\/081cfb6cf99faddc6f4e23a0c11ab98c5cf302925382d1c88dc3ed757ab910a3?s=96&d=mm&r=g\",\"caption\":\"EL GLOBAL\"},\"description\":\"El Global Informativo es un peri\u00f3dico digital de Rep\u00fablica Dominicana que se dedica a cubrir temas importantes, como la pol\u00edtica local, geopol\u00edtica, econom\u00eda, tecnolog\u00eda, noticias internacionales y eventos relacionados con la gesti\u00f3n social, cultural y humana. Su objetivo principal es mantener a la poblaci\u00f3n informada, ofreciendo una visi\u00f3n amplia y actualizada de lo que sucede tanto en el pa\u00eds como en el mundo. Est\u00e1 dirigido por un grupo de periodistas experimentados, lo que garantiza la calidad y la precisi\u00f3n de la informaci\u00f3n que ofrecen. Tiene su sede en la ciudad de Santo Domingo y es parte integral del portafolio de la empresa, MC Global S.R.L.\",\"sameAs\":[\"https:\/\/elglobal.do\",\"https:\/\/www.instagram.com\/elglobal.do_informativo\/\"],\"url\":\"https:\/\/elglobal.do\/index.php\/author\/elglobaluserpro\/\"}]}<\/script>\n<!-- \/ Yoast SEO plugin. -->","yoast_head_json":{"title":"Conversatorio para Novios abordar\u00e1 celebraci\u00f3n de bodas conscientes en Rep\u00fablica Dominicana - EL GLOBAL INFORMATIVO","robots":{"index":"index","follow":"follow","max-snippet":"max-snippet:-1","max-image-preview":"max-image-preview:large","max-video-preview":"max-video-preview:-1"},"canonical":"https:\/\/elglobal.do\/index.php\/2025\/11\/24\/conversatorio-para-novios-abordara-celebracion-de-bodas-conscientes-en-republica-dominicana\/","og_locale":"es_ES","og_type":"article","og_title":"Conversatorio para Novios abordar\u00e1 celebraci\u00f3n de bodas conscientes en Rep\u00fablica Dominicana - EL GLOBAL INFORMATIVO","og_description":"El evento se llevar\u00e1 a cabo el 14 y 15 de febrero de 2026 Santo Domingo. \u2013 La empresa Events Planner realizar\u00e1 una nueva versi\u00f3n de su \u201cConversatorio para Novios\u201d,&hellip;","og_url":"https:\/\/elglobal.do\/index.php\/2025\/11\/24\/conversatorio-para-novios-abordara-celebracion-de-bodas-conscientes-en-republica-dominicana\/","og_site_name":"EL GLOBAL INFORMATIVO","article_published_time":"2025-11-24T18:57:04+00:00","article_modified_time":"2025-11-24T18:57:06+00:00","og_image":[{"width":1077,"height":1216,"url":"https:\/\/elglobal.do\/wp-content\/uploads\/2025\/11\/Novios.jpeg","type":"image\/jpeg"}],"author":"EL GLOBAL","twitter_card":"summary_large_image","twitter_misc":{"Escrito por":"EL GLOBAL","Tiempo de lectura":"2 minutos"},"schema":{"@context":"https:\/\/schema.org","@graph":[{"@type":"Article","@id":"https:\/\/elglobal.do\/index.php\/2025\/11\/24\/conversatorio-para-novios-abordara-celebracion-de-bodas-conscientes-en-republica-dominicana\/#article","isPartOf":{"@id":"https:\/\/elglobal.do\/index.php\/2025\/11\/24\/conversatorio-para-novios-abordara-celebracion-de-bodas-conscientes-en-republica-dominicana\/"},"author":{"name":"EL GLOBAL","@id":"https:\/\/elglobal.do\/#\/schema\/person\/0c97ec2c7714fb605d230c292f64d55f"},"headline":"Conversatorio para Novios abordar\u00e1 celebraci\u00f3n de bodas conscientes en Rep\u00fablica Dominicana","datePublished":"2025-11-24T18:57:04+00:00","dateModified":"2025-11-24T18:57:06+00:00","mainEntityOfPage":{"@id":"https:\/\/elglobal.do\/index.php\/2025\/11\/24\/conversatorio-para-novios-abordara-celebracion-de-bodas-conscientes-en-republica-dominicana\/"},"wordCount":348,"commentCount":0,"publisher":{"@id":"https:\/\/elglobal.do\/#organization"},"image":{"@id":"https:\/\/elglobal.do\/index.php\/2025\/11\/24\/conversatorio-para-novios-abordara-celebracion-de-bodas-conscientes-en-republica-dominicana\/#primaryimage"},"thumbnailUrl":"https:\/\/elglobal.do\/wp-content\/uploads\/2025\/11\/Novios.jpeg","keywords":["#BodasConscientes","#Conversatorio","#ElGlobalInformativo","#EventsPlanner","#Sociales"],"articleSection":["SOCIALES"],"inLanguage":"es","potentialAction":[{"@type":"CommentAction","name":"Comment","target":["https:\/\/elglobal.do\/index.php\/2025\/11\/24\/conversatorio-para-novios-abordara-celebracion-de-bodas-conscientes-en-republica-dominicana\/#respond"]}]},{"@type":"WebPage","@id":"https:\/\/elglobal.do\/index.php\/2025\/11\/24\/conversatorio-para-novios-abordara-celebracion-de-bodas-conscientes-en-republica-dominicana\/","url":"https:\/\/elglobal.do\/index.php\/2025\/11\/24\/conversatorio-para-novios-abordara-celebracion-de-bodas-conscientes-en-republica-dominicana\/","name":"Conversatorio para Novios abordar\u00e1 celebraci\u00f3n de bodas conscientes en Rep\u00fablica Dominicana - EL GLOBAL INFORMATIVO","isPartOf":{"@id":"https:\/\/elglobal.do\/#website"},"primaryImageOfPage":{"@id":"https:\/\/elglobal.do\/index.php\/2025\/11\/24\/conversatorio-para-novios-abordara-celebracion-de-bodas-conscientes-en-republica-dominicana\/#primaryimage"},"image":{"@id":"https:\/\/elglobal.do\/index.php\/2025\/11\/24\/conversatorio-para-novios-abordara-celebracion-de-bodas-conscientes-en-republica-dominicana\/#primaryimage"},"thumbnailUrl":"https:\/\/elglobal.do\/wp-content\/uploads\/2025\/11\/Novios.jpeg","datePublished":"2025-11-24T18:57:04+00:00","dateModified":"2025-11-24T18:57:06+00:00","breadcrumb":{"@id":"https:\/\/elglobal.do\/index.php\/2025\/11\/24\/conversatorio-para-novios-abordara-celebracion-de-bodas-conscientes-en-republica-dominicana\/#breadcrumb"},"inLanguage":"es","potentialAction":[{"@type":"ReadAction","target":["https:\/\/elglobal.do\/index.php\/2025\/11\/24\/conversatorio-para-novios-abordara-celebracion-de-bodas-conscientes-en-republica-dominicana\/"]}]},{"@type":"ImageObject","inLanguage":"es","@id":"https:\/\/elglobal.do\/index.php\/2025\/11\/24\/conversatorio-para-novios-abordara-celebracion-de-bodas-conscientes-en-republica-dominicana\/#primaryimage","url":"https:\/\/elglobal.do\/wp-content\/uploads\/2025\/11\/Novios.jpeg","contentUrl":"https:\/\/elglobal.do\/wp-content\/uploads\/2025\/11\/Novios.jpeg","width":1077,"height":1216},{"@type":"BreadcrumbList","@id":"https:\/\/elglobal.do\/index.php\/2025\/11\/24\/conversatorio-para-novios-abordara-celebracion-de-bodas-conscientes-en-republica-dominicana\/#breadcrumb","itemListElement":[{"@type":"ListItem","position":1,"name":"Portada","item":"https:\/\/elglobal.do\/"},{"@type":"ListItem","position":2,"name":"Conversatorio para Novios abordar\u00e1 celebraci\u00f3n de bodas conscientes en Rep\u00fablica Dominicana"}]},{"@type":"WebSite","@id":"https:\/\/elglobal.do\/#website","url":"https:\/\/elglobal.do\/","name":"EL GLOBAL INFORMATIVO","description":"Peri\u00f3dico digital de la Rep\u00fablica Dominicana que ofrece noticias, novedades, pol\u00edtica y las \u00faltimas actualidades, con informaci\u00f3n veraz y oportuna para mantenerte siempre informad","publisher":{"@id":"https:\/\/elglobal.do\/#organization"},"potentialAction":[{"@type":"SearchAction","target":{"@type":"EntryPoint","urlTemplate":"https:\/\/elglobal.do\/?s={search_term_string}"},"query-input":{"@type":"PropertyValueSpecification","valueRequired":true,"valueName":"search_term_string"}}],"inLanguage":"es"},{"@type":"Organization","@id":"https:\/\/elglobal.do\/#organization","name":"EL GLOBAL.DO INFORMATIVO","url":"https:\/\/elglobal.do\/","logo":{"@type":"ImageObject","inLanguage":"es","@id":"https:\/\/elglobal.do\/#\/schema\/logo\/image\/","url":"https:\/\/elglobal.do\/wp-content\/uploads\/2025\/08\/icon.png","contentUrl":"https:\/\/elglobal.do\/wp-content\/uploads\/2025\/08\/icon.png","width":512,"height":512,"caption":"EL GLOBAL.DO INFORMATIVO"},"image":{"@id":"https:\/\/elglobal.do\/#\/schema\/logo\/image\/"}},{"@type":"Person","@id":"https:\/\/elglobal.do\/#\/schema\/person\/0c97ec2c7714fb605d230c292f64d55f","name":"EL GLOBAL","image":{"@type":"ImageObject","inLanguage":"es","@id":"https:\/\/elglobal.do\/#\/schema\/person\/image\/","url":"https:\/\/secure.gravatar.com\/avatar\/081cfb6cf99faddc6f4e23a0c11ab98c5cf302925382d1c88dc3ed757ab910a3?s=96&d=mm&r=g","contentUrl":"https:\/\/secure.gravatar.com\/avatar\/081cfb6cf99faddc6f4e23a0c11ab98c5cf302925382d1c88dc3ed757ab910a3?s=96&d=mm&r=g","caption":"EL GLOBAL"},"description":"El Global Informativo es un peri\u00f3dico digital de Rep\u00fablica Dominicana que se dedica a cubrir temas importantes, como la pol\u00edtica local, geopol\u00edtica, econom\u00eda, tecnolog\u00eda, noticias internacionales y eventos relacionados con la gesti\u00f3n social, cultural y humana. Su objetivo principal es mantener a la poblaci\u00f3n informada, ofreciendo una visi\u00f3n amplia y actualizada de lo que sucede tanto en el pa\u00eds como en el mundo. Est\u00e1 dirigido por un grupo de periodistas experimentados, lo que garantiza la calidad y la precisi\u00f3n de la informaci\u00f3n que ofrecen. Tiene su sede en la ciudad de Santo Domingo y es parte integral del portafolio de la empresa, MC Global S.R.L.","sameAs":["https:\/\/elglobal.do","https:\/\/www.instagram.com\/elglobal.do_informativo\/"],"url":"https:\/\/elglobal.do\/index.php\/author\/elglobaluserpro\/"}]}},"jetpack_featured_media_url":"https:\/\/elglobal.do\/wp-content\/uploads\/2025\/11\/Novios.jpeg","jetpack_sharing_enabled":true,"_links":{"self":[{"href":"https:\/\/elglobal.do\/index.php\/wp-json\/wp\/v2\/posts\/4109","targetHints":{"allow":["GET"]}}],"collection":[{"href":"https:\/\/elglobal.do\/index.php\/wp-json\/wp\/v2\/posts"}],"about":[{"href":"https:\/\/elglobal.do\/index.php\/wp-json\/wp\/v2\/types\/post"}],"author":[{"embeddable":true,"href":"https:\/\/elglobal.do\/index.php\/wp-json\/wp\/v2\/users\/1"}],"replies":[{"embeddable":true,"href":"https:\/\/elglobal.do\/index.php\/wp-json\/wp\/v2\/comments?post=4109"}],"version-history":[{"count":1,"href":"https:\/\/elglobal.do\/index.php\/wp-json\/wp\/v2\/posts\/4109\/revisions"}],"predecessor-version":[{"id":4114,"href":"https:\/\/elglobal.do\/index.php\/wp-json\/wp\/v2\/posts\/4109\/revisions\/4114"}],"wp:featuredmedia":[{"embeddable":true,"href":"https:\/\/elglobal.do\/index.php\/wp-json\/wp\/v2\/media\/4113"}],"wp:attachment":[{"href":"https:\/\/elglobal.do\/index.php\/wp-json\/wp\/v2\/media?parent=4109"}],"wp:term":[{"taxonomy":"category","embeddable":true,"href":"https:\/\/elglobal.do\/index.php\/wp-json\/wp\/v2\/categories?post=4109"},{"taxonomy":"post_tag","embeddable":true,"href":"https:\/\/elglobal.do\/index.php\/wp-json\/wp\/v2\/tags?post=4109"}],"curies":[{"name":"wp","href":"https:\/\/api.w.org\/{rel}","templated":true}]}}