{"id":4115,"date":"2025-11-24T15:51:46","date_gmt":"2025-11-24T19:51:46","guid":{"rendered":"https:\/\/elglobal.do\/?p=4115"},"modified":"2025-11-24T15:51:48","modified_gmt":"2025-11-24T19:51:48","slug":"maimon-celebra-v-edicion-del-festival-gastronomico-del-pescado-y-mariscos-2025","status":"publish","type":"post","link":"https:\/\/elglobal.do\/index.php\/2025\/11\/24\/maimon-celebra-v-edicion-del-festival-gastronomico-del-pescado-y-mariscos-2025\/","title":{"rendered":"Maim\u00f3n celebra V Edici\u00f3n del Festival Gastron\u00f3mico del Pescado y Mariscos 2025"},"content":{"rendered":"\n<figure class=\"wp-block-image size-full\"><img loading=\"lazy\" decoding=\"async\" width=\"863\" height=\"847\" src=\"https:\/\/elglobal.do\/wp-content\/uploads\/2025\/11\/Maimon.jpeg\" alt=\"\" class=\"wp-image-4116\" srcset=\"https:\/\/elglobal.do\/wp-content\/uploads\/2025\/11\/Maimon.jpeg 863w, https:\/\/elglobal.do\/wp-content\/uploads\/2025\/11\/Maimon-300x294.jpeg 300w, https:\/\/elglobal.do\/wp-content\/uploads\/2025\/11\/Maimon-768x754.jpeg 768w\" sizes=\"auto, (max-width: 863px) 100vw, 863px\" \/><\/figure>\n\n\n\n<p><strong>Maim\u00f3n, Puerto Plata. \u2013<\/strong> La V Edici\u00f3n del Festival Gastron\u00f3mico del Pescado y Mariscos 2025, se celebr\u00f3 en el distrito municipal de Maim\u00f3n perteneciente a la provincia de Puerto Plata, con un extraordinario respaldo del p\u00fablico, autoridades locales, representantes diplom\u00e1ticos, turistas y comunitarios, consolid\u00e1ndose como uno de los eventos culinarios y culturales m\u00e1s importantes de la regi\u00f3n Norte y del pa\u00eds.<\/p>\n\n\n\n<p>La actividad fue organizada por Group Impact V\u00e1squez PR, SRL, con el apoyo del Ministerio de Turismo (MITUR) y Amber Cove Carnival, reafirmando a Maim\u00f3n como un destino que potencia la gastronom\u00eda local, el turismo y la proyecci\u00f3n internacional de Puerto Plata.<\/p>\n\n\n\n<p>Ambas delegaciones compartieron su riqueza cultural y elementos de su gastronom\u00eda, fortaleciendo v\u00ednculos de cooperaci\u00f3n con el distrito de Maim\u00f3n.<\/p>\n\n\n\n<p>El festival se dedic\u00f3 a Atahualpa Paulino, destacado dirigente comunitario y director regional de Turismo.<\/p>\n\n\n\n<p>El acto cont\u00f3 con la presencia de las autoridades del Distrito Municipal de Maim\u00f3n.<\/p>\n\n\n\n<p>El Comit\u00e9 Organizador resalt\u00f3 su trayectoria, liderazgo y valiosos aportes al desarrollo tur\u00edstico sostenible de Puerto Plata, as\u00ed como su apoyo continuo a iniciativas gastron\u00f3micas y culturales.<\/p>\n\n\n\n<p>Las autoridades subrayaron que esta dedicatoria reconoce el compromiso de Paulino con el crecimiento de Maim\u00f3n, su rol en iniciativas comunitarias y su contribuci\u00f3n a la promoci\u00f3n de la marca destino Puerto Plata.<\/p>\n\n\n\n<p>La V Edici\u00f3n del Festival Gastron\u00f3mico del Pescado y Mariscos de Maim\u00f3n 2025 reafirm\u00f3 su importancia como plataforma para impulsar el talento culinario local, destacar la cultura marina y dinamizar la econom\u00eda del distrito.<\/p>\n\n\n\n<p>Los asistentes disfrutaron de degustaciones, muestras gastron\u00f3micas, presentaciones culturales y un ambiente cargado de integraci\u00f3n internacional y orgullo comunitario.<\/p>\n\n\n\n<p>El Comit\u00e9 Organizador expres\u00f3 su profundo agradecimiento al Ministerio de Turismo, hotel Blue JackTar, Cervecer\u00eda Presidente, Distrito Municipal de Maim\u00f3n, Amber Cove, Roquelito Garc\u00eda, las instituciones participantes, embajadas, empresas patrocinadoras y a toda la comunidad de Maim\u00f3n.<\/p>\n\n\n\n<p>Asimismo, reafirm\u00f3 su compromiso de continuar elevando este festival para seguir proyectando la riqueza gastron\u00f3mica, cultural y tur\u00edstica del destino.<\/p>\n\n\n\n<p><\/p>\n","protected":false},"excerpt":{"rendered":"<p>Maim\u00f3n, Puerto Plata. \u2013 La V Edici\u00f3n del Festival Gastron\u00f3mico del Pescado y Mariscos 2025, se celebr\u00f3 en el distrito municipal de Maim\u00f3n perteneciente a la provincia de Puerto Plata,&hellip; <\/p>\n","protected":false},"author":1,"featured_media":4116,"comment_status":"open","ping_status":"open","sticky":false,"template":"","format":"standard","meta":{"_jetpack_memberships_contains_paid_content":false,"footnotes":""},"categories":[327],"tags":[98,2190,2191,876,724],"class_list":["post-4115","post","type-post","status-publish","format-standard","has-post-thumbnail","hentry","category-sociales","tag-elglobalinformativo","tag-festival","tag-maimon","tag-puertoplata","tag-sociales"],"yoast_head":"<!-- This site is optimized with the Yoast SEO plugin v26.9 - https:\/\/yoast.com\/product\/yoast-seo-wordpress\/ -->\n<title>Maim\u00f3n celebra V Edici\u00f3n del Festival Gastron\u00f3mico del Pescado y Mariscos 2025 - EL GLOBAL INFORMATIVO<\/title>\n<meta name=\"robots\" content=\"index, follow, max-snippet:-1, max-image-preview:large, max-video-preview:-1\" \/>\n<link rel=\"canonical\" href=\"https:\/\/elglobal.do\/index.php\/2025\/11\/24\/maimon-celebra-v-edicion-del-festival-gastronomico-del-pescado-y-mariscos-2025\/\" \/>\n<meta property=\"og:locale\" content=\"es_ES\" \/>\n<meta property=\"og:type\" content=\"article\" \/>\n<meta property=\"og:title\" content=\"Maim\u00f3n celebra V Edici\u00f3n del Festival Gastron\u00f3mico del Pescado y Mariscos 2025 - EL GLOBAL INFORMATIVO\" \/>\n<meta property=\"og:description\" content=\"Maim\u00f3n, Puerto Plata. \u2013 La V Edici\u00f3n del Festival Gastron\u00f3mico del Pescado y Mariscos 2025, se celebr\u00f3 en el distrito municipal de Maim\u00f3n perteneciente a la provincia de Puerto Plata,&hellip;\" \/>\n<meta property=\"og:url\" content=\"https:\/\/elglobal.do\/index.php\/2025\/11\/24\/maimon-celebra-v-edicion-del-festival-gastronomico-del-pescado-y-mariscos-2025\/\" \/>\n<meta property=\"og:site_name\" content=\"EL GLOBAL INFORMATIVO\" \/>\n<meta property=\"article:published_time\" content=\"2025-11-24T19:51:46+00:00\" \/>\n<meta property=\"article:modified_time\" content=\"2025-11-24T19:51:48+00:00\" \/>\n<meta property=\"og:image\" content=\"https:\/\/elglobal.do\/wp-content\/uploads\/2025\/11\/Maimon.jpeg\" \/>\n\t<meta property=\"og:image:width\" content=\"863\" \/>\n\t<meta property=\"og:image:height\" content=\"847\" \/>\n\t<meta property=\"og:image:type\" content=\"image\/jpeg\" \/>\n<meta name=\"author\" content=\"EL GLOBAL\" \/>\n<meta name=\"twitter:card\" content=\"summary_large_image\" \/>\n<meta name=\"twitter:label1\" content=\"Escrito por\" \/>\n\t<meta name=\"twitter:data1\" content=\"EL GLOBAL\" \/>\n\t<meta name=\"twitter:label2\" content=\"Tiempo de lectura\" \/>\n\t<meta name=\"twitter:data2\" content=\"2 minutos\" \/>\n<script type=\"application\/ld+json\" class=\"yoast-schema-graph\">{\"@context\":\"https:\/\/schema.org\",\"@graph\":[{\"@type\":\"Article\",\"@id\":\"https:\/\/elglobal.do\/index.php\/2025\/11\/24\/maimon-celebra-v-edicion-del-festival-gastronomico-del-pescado-y-mariscos-2025\/#article\",\"isPartOf\":{\"@id\":\"https:\/\/elglobal.do\/index.php\/2025\/11\/24\/maimon-celebra-v-edicion-del-festival-gastronomico-del-pescado-y-mariscos-2025\/\"},\"author\":{\"name\":\"EL GLOBAL\",\"@id\":\"https:\/\/elglobal.do\/#\/schema\/person\/0c97ec2c7714fb605d230c292f64d55f\"},\"headline\":\"Maim\u00f3n celebra V Edici\u00f3n del Festival Gastron\u00f3mico del Pescado y Mariscos 2025\",\"datePublished\":\"2025-11-24T19:51:46+00:00\",\"dateModified\":\"2025-11-24T19:51:48+00:00\",\"mainEntityOfPage\":{\"@id\":\"https:\/\/elglobal.do\/index.php\/2025\/11\/24\/maimon-celebra-v-edicion-del-festival-gastronomico-del-pescado-y-mariscos-2025\/\"},\"wordCount\":369,\"commentCount\":0,\"publisher\":{\"@id\":\"https:\/\/elglobal.do\/#organization\"},\"image\":{\"@id\":\"https:\/\/elglobal.do\/index.php\/2025\/11\/24\/maimon-celebra-v-edicion-del-festival-gastronomico-del-pescado-y-mariscos-2025\/#primaryimage\"},\"thumbnailUrl\":\"https:\/\/elglobal.do\/wp-content\/uploads\/2025\/11\/Maimon.jpeg\",\"keywords\":[\"#ElGlobalInformativo\",\"#Festival\",\"#Maim\u00f3n\",\"#PuertoPlata\",\"#Sociales\"],\"articleSection\":[\"SOCIALES\"],\"inLanguage\":\"es\",\"potentialAction\":[{\"@type\":\"CommentAction\",\"name\":\"Comment\",\"target\":[\"https:\/\/elglobal.do\/index.php\/2025\/11\/24\/maimon-celebra-v-edicion-del-festival-gastronomico-del-pescado-y-mariscos-2025\/#respond\"]}]},{\"@type\":\"WebPage\",\"@id\":\"https:\/\/elglobal.do\/index.php\/2025\/11\/24\/maimon-celebra-v-edicion-del-festival-gastronomico-del-pescado-y-mariscos-2025\/\",\"url\":\"https:\/\/elglobal.do\/index.php\/2025\/11\/24\/maimon-celebra-v-edicion-del-festival-gastronomico-del-pescado-y-mariscos-2025\/\",\"name\":\"Maim\u00f3n celebra V Edici\u00f3n del Festival Gastron\u00f3mico del Pescado y Mariscos 2025 - EL GLOBAL INFORMATIVO\",\"isPartOf\":{\"@id\":\"https:\/\/elglobal.do\/#website\"},\"primaryImageOfPage\":{\"@id\":\"https:\/\/elglobal.do\/index.php\/2025\/11\/24\/maimon-celebra-v-edicion-del-festival-gastronomico-del-pescado-y-mariscos-2025\/#primaryimage\"},\"image\":{\"@id\":\"https:\/\/elglobal.do\/index.php\/2025\/11\/24\/maimon-celebra-v-edicion-del-festival-gastronomico-del-pescado-y-mariscos-2025\/#primaryimage\"},\"thumbnailUrl\":\"https:\/\/elglobal.do\/wp-content\/uploads\/2025\/11\/Maimon.jpeg\",\"datePublished\":\"2025-11-24T19:51:46+00:00\",\"dateModified\":\"2025-11-24T19:51:48+00:00\",\"breadcrumb\":{\"@id\":\"https:\/\/elglobal.do\/index.php\/2025\/11\/24\/maimon-celebra-v-edicion-del-festival-gastronomico-del-pescado-y-mariscos-2025\/#breadcrumb\"},\"inLanguage\":\"es\",\"potentialAction\":[{\"@type\":\"ReadAction\",\"target\":[\"https:\/\/elglobal.do\/index.php\/2025\/11\/24\/maimon-celebra-v-edicion-del-festival-gastronomico-del-pescado-y-mariscos-2025\/\"]}]},{\"@type\":\"ImageObject\",\"inLanguage\":\"es\",\"@id\":\"https:\/\/elglobal.do\/index.php\/2025\/11\/24\/maimon-celebra-v-edicion-del-festival-gastronomico-del-pescado-y-mariscos-2025\/#primaryimage\",\"url\":\"https:\/\/elglobal.do\/wp-content\/uploads\/2025\/11\/Maimon.jpeg\",\"contentUrl\":\"https:\/\/elglobal.do\/wp-content\/uploads\/2025\/11\/Maimon.jpeg\",\"width\":863,\"height\":847},{\"@type\":\"BreadcrumbList\",\"@id\":\"https:\/\/elglobal.do\/index.php\/2025\/11\/24\/maimon-celebra-v-edicion-del-festival-gastronomico-del-pescado-y-mariscos-2025\/#breadcrumb\",\"itemListElement\":[{\"@type\":\"ListItem\",\"position\":1,\"name\":\"Portada\",\"item\":\"https:\/\/elglobal.do\/\"},{\"@type\":\"ListItem\",\"position\":2,\"name\":\"Maim\u00f3n celebra V Edici\u00f3n del Festival Gastron\u00f3mico del Pescado y Mariscos 2025\"}]},{\"@type\":\"WebSite\",\"@id\":\"https:\/\/elglobal.do\/#website\",\"url\":\"https:\/\/elglobal.do\/\",\"name\":\"EL GLOBAL INFORMATIVO\",\"description\":\"Peri\u00f3dico digital de la Rep\u00fablica Dominicana que ofrece noticias, novedades, pol\u00edtica y las \u00faltimas actualidades, con informaci\u00f3n veraz y oportuna para mantenerte siempre informad\",\"publisher\":{\"@id\":\"https:\/\/elglobal.do\/#organization\"},\"potentialAction\":[{\"@type\":\"SearchAction\",\"target\":{\"@type\":\"EntryPoint\",\"urlTemplate\":\"https:\/\/elglobal.do\/?s={search_term_string}\"},\"query-input\":{\"@type\":\"PropertyValueSpecification\",\"valueRequired\":true,\"valueName\":\"search_term_string\"}}],\"inLanguage\":\"es\"},{\"@type\":\"Organization\",\"@id\":\"https:\/\/elglobal.do\/#organization\",\"name\":\"EL GLOBAL.DO INFORMATIVO\",\"url\":\"https:\/\/elglobal.do\/\",\"logo\":{\"@type\":\"ImageObject\",\"inLanguage\":\"es\",\"@id\":\"https:\/\/elglobal.do\/#\/schema\/logo\/image\/\",\"url\":\"https:\/\/elglobal.do\/wp-content\/uploads\/2025\/08\/icon.png\",\"contentUrl\":\"https:\/\/elglobal.do\/wp-content\/uploads\/2025\/08\/icon.png\",\"width\":512,\"height\":512,\"caption\":\"EL GLOBAL.DO INFORMATIVO\"},\"image\":{\"@id\":\"https:\/\/elglobal.do\/#\/schema\/logo\/image\/\"}},{\"@type\":\"Person\",\"@id\":\"https:\/\/elglobal.do\/#\/schema\/person\/0c97ec2c7714fb605d230c292f64d55f\",\"name\":\"EL GLOBAL\",\"image\":{\"@type\":\"ImageObject\",\"inLanguage\":\"es\",\"@id\":\"https:\/\/elglobal.do\/#\/schema\/person\/image\/\",\"url\":\"https:\/\/secure.gravatar.com\/avatar\/081cfb6cf99faddc6f4e23a0c11ab98c5cf302925382d1c88dc3ed757ab910a3?s=96&d=mm&r=g\",\"contentUrl\":\"https:\/\/secure.gravatar.com\/avatar\/081cfb6cf99faddc6f4e23a0c11ab98c5cf302925382d1c88dc3ed757ab910a3?s=96&d=mm&r=g\",\"caption\":\"EL GLOBAL\"},\"description\":\"El Global Informativo es un peri\u00f3dico digital de Rep\u00fablica Dominicana que se dedica a cubrir temas importantes, como la pol\u00edtica local, geopol\u00edtica, econom\u00eda, tecnolog\u00eda, noticias internacionales y eventos relacionados con la gesti\u00f3n social, cultural y humana. Su objetivo principal es mantener a la poblaci\u00f3n informada, ofreciendo una visi\u00f3n amplia y actualizada de lo que sucede tanto en el pa\u00eds como en el mundo. Est\u00e1 dirigido por un grupo de periodistas experimentados, lo que garantiza la calidad y la precisi\u00f3n de la informaci\u00f3n que ofrecen. Tiene su sede en la ciudad de Santo Domingo y es parte integral del portafolio de la empresa, MC Global S.R.L.\",\"sameAs\":[\"https:\/\/elglobal.do\",\"https:\/\/www.instagram.com\/elglobal.do_informativo\/\"],\"url\":\"https:\/\/elglobal.do\/index.php\/author\/elglobaluserpro\/\"}]}<\/script>\n<!-- \/ Yoast SEO plugin. -->","yoast_head_json":{"title":"Maim\u00f3n celebra V Edici\u00f3n del Festival Gastron\u00f3mico del Pescado y Mariscos 2025 - EL GLOBAL INFORMATIVO","robots":{"index":"index","follow":"follow","max-snippet":"max-snippet:-1","max-image-preview":"max-image-preview:large","max-video-preview":"max-video-preview:-1"},"canonical":"https:\/\/elglobal.do\/index.php\/2025\/11\/24\/maimon-celebra-v-edicion-del-festival-gastronomico-del-pescado-y-mariscos-2025\/","og_locale":"es_ES","og_type":"article","og_title":"Maim\u00f3n celebra V Edici\u00f3n del Festival Gastron\u00f3mico del Pescado y Mariscos 2025 - EL GLOBAL INFORMATIVO","og_description":"Maim\u00f3n, Puerto Plata. \u2013 La V Edici\u00f3n del Festival Gastron\u00f3mico del Pescado y Mariscos 2025, se celebr\u00f3 en el distrito municipal de Maim\u00f3n perteneciente a la provincia de Puerto Plata,&hellip;","og_url":"https:\/\/elglobal.do\/index.php\/2025\/11\/24\/maimon-celebra-v-edicion-del-festival-gastronomico-del-pescado-y-mariscos-2025\/","og_site_name":"EL GLOBAL INFORMATIVO","article_published_time":"2025-11-24T19:51:46+00:00","article_modified_time":"2025-11-24T19:51:48+00:00","og_image":[{"width":863,"height":847,"url":"https:\/\/elglobal.do\/wp-content\/uploads\/2025\/11\/Maimon.jpeg","type":"image\/jpeg"}],"author":"EL GLOBAL","twitter_card":"summary_large_image","twitter_misc":{"Escrito por":"EL GLOBAL","Tiempo de lectura":"2 minutos"},"schema":{"@context":"https:\/\/schema.org","@graph":[{"@type":"Article","@id":"https:\/\/elglobal.do\/index.php\/2025\/11\/24\/maimon-celebra-v-edicion-del-festival-gastronomico-del-pescado-y-mariscos-2025\/#article","isPartOf":{"@id":"https:\/\/elglobal.do\/index.php\/2025\/11\/24\/maimon-celebra-v-edicion-del-festival-gastronomico-del-pescado-y-mariscos-2025\/"},"author":{"name":"EL GLOBAL","@id":"https:\/\/elglobal.do\/#\/schema\/person\/0c97ec2c7714fb605d230c292f64d55f"},"headline":"Maim\u00f3n celebra V Edici\u00f3n del Festival Gastron\u00f3mico del Pescado y Mariscos 2025","datePublished":"2025-11-24T19:51:46+00:00","dateModified":"2025-11-24T19:51:48+00:00","mainEntityOfPage":{"@id":"https:\/\/elglobal.do\/index.php\/2025\/11\/24\/maimon-celebra-v-edicion-del-festival-gastronomico-del-pescado-y-mariscos-2025\/"},"wordCount":369,"commentCount":0,"publisher":{"@id":"https:\/\/elglobal.do\/#organization"},"image":{"@id":"https:\/\/elglobal.do\/index.php\/2025\/11\/24\/maimon-celebra-v-edicion-del-festival-gastronomico-del-pescado-y-mariscos-2025\/#primaryimage"},"thumbnailUrl":"https:\/\/elglobal.do\/wp-content\/uploads\/2025\/11\/Maimon.jpeg","keywords":["#ElGlobalInformativo","#Festival","#Maim\u00f3n","#PuertoPlata","#Sociales"],"articleSection":["SOCIALES"],"inLanguage":"es","potentialAction":[{"@type":"CommentAction","name":"Comment","target":["https:\/\/elglobal.do\/index.php\/2025\/11\/24\/maimon-celebra-v-edicion-del-festival-gastronomico-del-pescado-y-mariscos-2025\/#respond"]}]},{"@type":"WebPage","@id":"https:\/\/elglobal.do\/index.php\/2025\/11\/24\/maimon-celebra-v-edicion-del-festival-gastronomico-del-pescado-y-mariscos-2025\/","url":"https:\/\/elglobal.do\/index.php\/2025\/11\/24\/maimon-celebra-v-edicion-del-festival-gastronomico-del-pescado-y-mariscos-2025\/","name":"Maim\u00f3n celebra V Edici\u00f3n del Festival Gastron\u00f3mico del Pescado y Mariscos 2025 - EL GLOBAL INFORMATIVO","isPartOf":{"@id":"https:\/\/elglobal.do\/#website"},"primaryImageOfPage":{"@id":"https:\/\/elglobal.do\/index.php\/2025\/11\/24\/maimon-celebra-v-edicion-del-festival-gastronomico-del-pescado-y-mariscos-2025\/#primaryimage"},"image":{"@id":"https:\/\/elglobal.do\/index.php\/2025\/11\/24\/maimon-celebra-v-edicion-del-festival-gastronomico-del-pescado-y-mariscos-2025\/#primaryimage"},"thumbnailUrl":"https:\/\/elglobal.do\/wp-content\/uploads\/2025\/11\/Maimon.jpeg","datePublished":"2025-11-24T19:51:46+00:00","dateModified":"2025-11-24T19:51:48+00:00","breadcrumb":{"@id":"https:\/\/elglobal.do\/index.php\/2025\/11\/24\/maimon-celebra-v-edicion-del-festival-gastronomico-del-pescado-y-mariscos-2025\/#breadcrumb"},"inLanguage":"es","potentialAction":[{"@type":"ReadAction","target":["https:\/\/elglobal.do\/index.php\/2025\/11\/24\/maimon-celebra-v-edicion-del-festival-gastronomico-del-pescado-y-mariscos-2025\/"]}]},{"@type":"ImageObject","inLanguage":"es","@id":"https:\/\/elglobal.do\/index.php\/2025\/11\/24\/maimon-celebra-v-edicion-del-festival-gastronomico-del-pescado-y-mariscos-2025\/#primaryimage","url":"https:\/\/elglobal.do\/wp-content\/uploads\/2025\/11\/Maimon.jpeg","contentUrl":"https:\/\/elglobal.do\/wp-content\/uploads\/2025\/11\/Maimon.jpeg","width":863,"height":847},{"@type":"BreadcrumbList","@id":"https:\/\/elglobal.do\/index.php\/2025\/11\/24\/maimon-celebra-v-edicion-del-festival-gastronomico-del-pescado-y-mariscos-2025\/#breadcrumb","itemListElement":[{"@type":"ListItem","position":1,"name":"Portada","item":"https:\/\/elglobal.do\/"},{"@type":"ListItem","position":2,"name":"Maim\u00f3n celebra V Edici\u00f3n del Festival Gastron\u00f3mico del Pescado y Mariscos 2025"}]},{"@type":"WebSite","@id":"https:\/\/elglobal.do\/#website","url":"https:\/\/elglobal.do\/","name":"EL GLOBAL INFORMATIVO","description":"Peri\u00f3dico digital de la Rep\u00fablica Dominicana que ofrece noticias, novedades, pol\u00edtica y las \u00faltimas actualidades, con informaci\u00f3n veraz y oportuna para mantenerte siempre informad","publisher":{"@id":"https:\/\/elglobal.do\/#organization"},"potentialAction":[{"@type":"SearchAction","target":{"@type":"EntryPoint","urlTemplate":"https:\/\/elglobal.do\/?s={search_term_string}"},"query-input":{"@type":"PropertyValueSpecification","valueRequired":true,"valueName":"search_term_string"}}],"inLanguage":"es"},{"@type":"Organization","@id":"https:\/\/elglobal.do\/#organization","name":"EL GLOBAL.DO INFORMATIVO","url":"https:\/\/elglobal.do\/","logo":{"@type":"ImageObject","inLanguage":"es","@id":"https:\/\/elglobal.do\/#\/schema\/logo\/image\/","url":"https:\/\/elglobal.do\/wp-content\/uploads\/2025\/08\/icon.png","contentUrl":"https:\/\/elglobal.do\/wp-content\/uploads\/2025\/08\/icon.png","width":512,"height":512,"caption":"EL GLOBAL.DO INFORMATIVO"},"image":{"@id":"https:\/\/elglobal.do\/#\/schema\/logo\/image\/"}},{"@type":"Person","@id":"https:\/\/elglobal.do\/#\/schema\/person\/0c97ec2c7714fb605d230c292f64d55f","name":"EL GLOBAL","image":{"@type":"ImageObject","inLanguage":"es","@id":"https:\/\/elglobal.do\/#\/schema\/person\/image\/","url":"https:\/\/secure.gravatar.com\/avatar\/081cfb6cf99faddc6f4e23a0c11ab98c5cf302925382d1c88dc3ed757ab910a3?s=96&d=mm&r=g","contentUrl":"https:\/\/secure.gravatar.com\/avatar\/081cfb6cf99faddc6f4e23a0c11ab98c5cf302925382d1c88dc3ed757ab910a3?s=96&d=mm&r=g","caption":"EL GLOBAL"},"description":"El Global Informativo es un peri\u00f3dico digital de Rep\u00fablica Dominicana que se dedica a cubrir temas importantes, como la pol\u00edtica local, geopol\u00edtica, econom\u00eda, tecnolog\u00eda, noticias internacionales y eventos relacionados con la gesti\u00f3n social, cultural y humana. Su objetivo principal es mantener a la poblaci\u00f3n informada, ofreciendo una visi\u00f3n amplia y actualizada de lo que sucede tanto en el pa\u00eds como en el mundo. Est\u00e1 dirigido por un grupo de periodistas experimentados, lo que garantiza la calidad y la precisi\u00f3n de la informaci\u00f3n que ofrecen. Tiene su sede en la ciudad de Santo Domingo y es parte integral del portafolio de la empresa, MC Global S.R.L.","sameAs":["https:\/\/elglobal.do","https:\/\/www.instagram.com\/elglobal.do_informativo\/"],"url":"https:\/\/elglobal.do\/index.php\/author\/elglobaluserpro\/"}]}},"jetpack_featured_media_url":"https:\/\/elglobal.do\/wp-content\/uploads\/2025\/11\/Maimon.jpeg","jetpack_sharing_enabled":true,"_links":{"self":[{"href":"https:\/\/elglobal.do\/index.php\/wp-json\/wp\/v2\/posts\/4115","targetHints":{"allow":["GET"]}}],"collection":[{"href":"https:\/\/elglobal.do\/index.php\/wp-json\/wp\/v2\/posts"}],"about":[{"href":"https:\/\/elglobal.do\/index.php\/wp-json\/wp\/v2\/types\/post"}],"author":[{"embeddable":true,"href":"https:\/\/elglobal.do\/index.php\/wp-json\/wp\/v2\/users\/1"}],"replies":[{"embeddable":true,"href":"https:\/\/elglobal.do\/index.php\/wp-json\/wp\/v2\/comments?post=4115"}],"version-history":[{"count":1,"href":"https:\/\/elglobal.do\/index.php\/wp-json\/wp\/v2\/posts\/4115\/revisions"}],"predecessor-version":[{"id":4117,"href":"https:\/\/elglobal.do\/index.php\/wp-json\/wp\/v2\/posts\/4115\/revisions\/4117"}],"wp:featuredmedia":[{"embeddable":true,"href":"https:\/\/elglobal.do\/index.php\/wp-json\/wp\/v2\/media\/4116"}],"wp:attachment":[{"href":"https:\/\/elglobal.do\/index.php\/wp-json\/wp\/v2\/media?parent=4115"}],"wp:term":[{"taxonomy":"category","embeddable":true,"href":"https:\/\/elglobal.do\/index.php\/wp-json\/wp\/v2\/categories?post=4115"},{"taxonomy":"post_tag","embeddable":true,"href":"https:\/\/elglobal.do\/index.php\/wp-json\/wp\/v2\/tags?post=4115"}],"curies":[{"name":"wp","href":"https:\/\/api.w.org\/{rel}","templated":true}]}}