{"id":4156,"date":"2025-11-26T10:47:11","date_gmt":"2025-11-26T14:47:11","guid":{"rendered":"https:\/\/elglobal.do\/?p=4156"},"modified":"2025-11-26T10:47:14","modified_gmt":"2025-11-26T14:47:14","slug":"dirigentes-politicos-consideran-que-paliza-debio-pedir-disculpas-por-caso-narcotrafico","status":"publish","type":"post","link":"https:\/\/elglobal.do\/index.php\/2025\/11\/26\/dirigentes-politicos-consideran-que-paliza-debio-pedir-disculpas-por-caso-narcotrafico\/","title":{"rendered":"Dirigentes pol\u00edticos consideran que Paliza debi\u00f3 pedir disculpas por caso narcotr\u00e1fico"},"content":{"rendered":"\n<figure class=\"wp-block-image size-full is-resized\"><img loading=\"lazy\" decoding=\"async\" width=\"800\" height=\"581\" src=\"https:\/\/elglobal.do\/wp-content\/uploads\/2025\/11\/image-80.png\" alt=\"\" class=\"wp-image-4157\" style=\"width:582px;height:auto\" srcset=\"https:\/\/elglobal.do\/wp-content\/uploads\/2025\/11\/image-80.png 800w, https:\/\/elglobal.do\/wp-content\/uploads\/2025\/11\/image-80-300x218.png 300w, https:\/\/elglobal.do\/wp-content\/uploads\/2025\/11\/image-80-768x558.png 768w\" sizes=\"auto, (max-width: 800px) 100vw, 800px\" \/><\/figure>\n\n\n\n<p><strong>Santo Domingo.-<\/strong>Dirigentes del sistema de partidos pol\u00edticos reaccionaron al discurso realizado por el presidente del\u00a0<strong>Partido Revolucionario Moderno<\/strong>\u00a0(<strong>PRM<\/strong>),\u00a0<strong>Jos\u00e9 Ignacio Paliza<\/strong>, quien asegur\u00f3 que los casos de narcotr\u00e1fico registrados en los \u00faltimos a\u00f1os son el s\u00edmbolo de una Rep\u00fablica Dominicana alejada de la impunidad.<\/p>\n\n\n\n<p id=\"m382-381-383\">Sin embargo, representantes de las organizaciones pol\u00edticas opositoras, incluyendo a una diputada del PRM, coincidieron en que las palabras de Paliza carecieron de un factor importante: la disculpa ante la sociedad.<\/p>\n\n\n\n<p id=\"m387-386-388\">\u201cYo creo que falt\u00f3 algo en ese discurso: falt\u00f3 pedirle excusas al pa\u00eds. Que el PRM le pidiera excusas al pa\u00eds por haberle presentado una boleta donde hay tantas personas cuestionadas y otras extraditadas\u201d, dijo la legisladora<strong>&nbsp;Soraya Su\u00e1rez<\/strong>&nbsp;al ser entrevistada por reporteros en el Congreso Nacional.<\/p>\n\n\n\n<p>Lo mismo expres\u00f3 el vicepresidente de la\u00a0<strong>Fuerza del Pueblo<\/strong>\u00a0(FP),\u00a0<strong>Radham\u00e9s Jim\u00e9nez<\/strong>, al ser entrevistado por este medio.<\/p>\n\n\n\n<p id=\"m402-401-403\">\u201cAl presidente del PRM le falt\u00f3 pedirle una disculpa al pueblo dominicano por el da\u00f1o que la narcopol\u00edtica de su partido le ha causado al pa\u00eds\u201d, manifest\u00f3.<\/p>\n\n\n\n<p id=\"m407-406-408\">Aunque dijo estar consciente de que \u201cel&nbsp;<strong>narcotr\u00e1fico<\/strong>&nbsp;y&nbsp;<strong>lavado de activos<\/strong>\u201d se han sumergido desde \u201chace mucho tiempo\u201d en el sistema de partidos pol\u00edticos, la diputada Su\u00e1rez entiende que el pa\u00eds no puede continuar registrando este tipo de casos.<\/p>\n\n\n\n<p id=\"m412-411-413\">La congresista consider\u00f3 que era el deber del PRM garantizar la&nbsp;<strong>protecci\u00f3n de su boleta electoral<\/strong>, impidiendo la participaci\u00f3n de estos en los procesos electorales.<\/p>\n\n\n\n<p id=\"m417-416-418\">\u201cQue fueran a los tribunales y que hicieran valer su derecho\u2026 Ya nosotros pudi\u00e9ramos decir: Se lo prohibimos, pero el tribunal les dio el derecho\u201d, indic\u00f3.<\/p>\n\n\n\n<p id=\"m422-421-423\">Precisamente, Su\u00e1rez asegur\u00f3 que los integrantes del PRM que proceden de las buenas acciones y oficios correctos fueron v\u00edctimas del<strong>&nbsp;dinero sucio<\/strong>&nbsp;proveniente del&nbsp;<strong>crimen organizado<\/strong>.<\/p>\n\n\n\n<p id=\"m427-426-428\">\u201cAqu\u00ed todos fuimos v\u00edctimas; hubo uno que otro que fue con todo, con dinero sucio. Debimos cuidar esa boleta, debimos haber limitado la participaci\u00f3n de algunos\u201d, dijo.<\/p>\n\n\n\n<p id=\"m432-431-433\">Al responder a la pregunta de un periodista, Su\u00e1rez afirm\u00f3 que el PRM debe hacer una \u201cprofilaxis\u201d para expulsar al narcotr\u00e1fico de sus filas, ya que contradicen las promesas pol\u00edticas realizadas antes de ser electos en 2020 como la principal entidad pol\u00edtica.<\/p>\n\n\n\n<p id=\"m437-436-438\">\u201cDebimos cuidar el sistema de partidos; eso se hace cuando se presentan boletas con personas&#8230; todos los partidos pol\u00edticos. El que tenga que irse, que se vaya; esto no puede continuar as\u00ed en el pa\u00eds, no es verdad que nosotros prometimos un cambio para que cosas que pasaban siguieran pasando&#8230;\u201d, dijo Su\u00e1rez.<\/p>\n\n\n\n<h3 class=\"wp-block-heading\">\u201cEL PRM quiere repartir culpas\u201d<\/h3>\n\n\n\n<p id=\"m442-441-443\">Mientras tanto, dirigentes del Partido Revolucionario Dominicano (PRD), Partido de la Liberaci\u00f3n Dominicana (PLD) y la FP emitieron declaraciones similares, rechazando la visi\u00f3n del PRM de intentar vincular a las dem\u00e1s organizaciones pol\u00edticas opuestas al oficialismo.<\/p>\n\n\n\n<p id=\"m447-446-448\">\u201cNo pretendan repartir culpas. Ese entierro es exclusivo del PRM. Si algo cambi\u00f3 es que los narcos dejaron de esconderse: el PRM los postul\u00f3\u201d, expres\u00f3 en sus redes sociales el secretario de Asuntos Jur\u00eddicos del PLD,&nbsp;<strong>Jos\u00e9 Dant\u00e9s<\/strong>.<\/p>\n\n\n\n<p id=\"m452-451-453\">El vicepresidente de la FP, Radham\u00e9s Jim\u00e9nez, lament\u00f3 que las expresiones realizadas el pasado lunes por Paliza busquen \u201cmeter en un mismo saco a los dem\u00e1s partidos en la&nbsp;<strong>narcopol\u00edtica<\/strong>, cuando todo el pa\u00eds est\u00e1 claro de que las filas del PRM est\u00e1n permeadas por el narcotr\u00e1fico\u201d.<\/p>\n\n\n\n<p id=\"m457-456-458\">Fue una comparecencia penosa, vergonzante y preocupante. Lamentablemente, (los perrem\u00edstas) est\u00e1n cosechando lo que sembraron en la campa\u00f1a de 2020 y 2024, pagando el precio de esa pr\u00e1ctica pol\u00edtica corrupta que tanto da\u00f1o hace a la democracia\u201d, dijo el vicepresidente del PRD, H\u00e9ctor Guzm\u00e1n, en respuesta a preguntas de este diario.<\/p>\n\n\n\n<h3 class=\"wp-block-heading\">Piden m\u00e1s control y regulaci\u00f3n<\/h3>\n\n\n\n<p id=\"m462-461-463\">El presidente de Opci\u00f3n Democr\u00e1tica (OD), Jos\u00e9 Horacio Rodr\u00edguez, consider\u00f3 que la \u00fanica v\u00eda para sacar al narcotr\u00e1fico de la pol\u00edtica es regular y fiscalizar el dinero utilizado en las campa\u00f1as electorales. Para lograrlo, propuso eficientizar las acciones de fiscalizaci\u00f3n y sanci\u00f3n que les corresponden a las autoridades.<\/p>\n\n\n\n<h3 class=\"wp-block-heading\">\u201cNarcotr\u00e1fico ha infiltrado a todos los partidos\u201d<\/h3>\n\n\n\n<p id=\"m467-466-468\">Mientras que el vocero de la bancada del PRM en la C\u00e1mara de Diputados,&nbsp;<strong>Amado D\u00edaz<\/strong>, entiende que el tema del narcotr\u00e1fico no deber\u00eda ser politizado por los partidos pol\u00edticos, ya que \u201ca todos se les ha infiltrado alguien\u201d.<\/p>\n\n\n\n<p id=\"m472-471-473\">\u201cEse es un tema donde todos debemos ponernos de acuerdo. Aqu\u00ed hay un candidato presidencial que tiene que cambiar todo su entorno (porque le han quitado la visa)\u201d, respondi\u00f3 al ser consultado antes de ingresar a la sesi\u00f3n ordinaria desarrollada ayer.<\/p>\n\n\n\n<p><\/p>\n","protected":false},"excerpt":{"rendered":"<p>Santo Domingo.-Dirigentes del sistema de partidos pol\u00edticos reaccionaron al discurso realizado por el presidente del\u00a0Partido Revolucionario Moderno\u00a0(PRM),\u00a0Jos\u00e9 Ignacio Paliza, quien asegur\u00f3 que los casos de narcotr\u00e1fico registrados en los \u00faltimos&hellip; <\/p>\n","protected":false},"author":1,"featured_media":4157,"comment_status":"open","ping_status":"open","sticky":false,"template":"","format":"standard","meta":{"_jetpack_memberships_contains_paid_content":false,"footnotes":""},"categories":[40,14],"tags":[2210,925,1792,964,2209,584],"class_list":["post-4156","post","type-post","status-publish","format-standard","has-post-thumbnail","hentry","category-nacionales","category-slider","tag-disculpas","tag-fp","tag-narcotrafico-2","tag-paliza","tag-politicos","tag-prm"],"yoast_head":"<!-- This site is optimized with the Yoast SEO plugin v26.9 - https:\/\/yoast.com\/product\/yoast-seo-wordpress\/ -->\n<title>Dirigentes pol\u00edticos consideran que Paliza debi\u00f3 pedir disculpas por caso narcotr\u00e1fico - EL GLOBAL INFORMATIVO<\/title>\n<meta name=\"robots\" content=\"index, follow, max-snippet:-1, max-image-preview:large, max-video-preview:-1\" \/>\n<link rel=\"canonical\" href=\"https:\/\/elglobal.do\/index.php\/2025\/11\/26\/dirigentes-politicos-consideran-que-paliza-debio-pedir-disculpas-por-caso-narcotrafico\/\" \/>\n<meta property=\"og:locale\" content=\"es_ES\" \/>\n<meta property=\"og:type\" content=\"article\" \/>\n<meta property=\"og:title\" content=\"Dirigentes pol\u00edticos consideran que Paliza debi\u00f3 pedir disculpas por caso narcotr\u00e1fico - EL GLOBAL INFORMATIVO\" \/>\n<meta property=\"og:description\" content=\"Santo Domingo.-Dirigentes del sistema de partidos pol\u00edticos reaccionaron al discurso realizado por el presidente del\u00a0Partido Revolucionario Moderno\u00a0(PRM),\u00a0Jos\u00e9 Ignacio Paliza, quien asegur\u00f3 que los casos de narcotr\u00e1fico registrados en los \u00faltimos&hellip;\" \/>\n<meta property=\"og:url\" content=\"https:\/\/elglobal.do\/index.php\/2025\/11\/26\/dirigentes-politicos-consideran-que-paliza-debio-pedir-disculpas-por-caso-narcotrafico\/\" \/>\n<meta property=\"og:site_name\" content=\"EL GLOBAL INFORMATIVO\" \/>\n<meta property=\"article:published_time\" content=\"2025-11-26T14:47:11+00:00\" \/>\n<meta property=\"article:modified_time\" content=\"2025-11-26T14:47:14+00:00\" \/>\n<meta property=\"og:image\" content=\"https:\/\/elglobal.do\/wp-content\/uploads\/2025\/11\/image-80.png\" \/>\n\t<meta property=\"og:image:width\" content=\"800\" \/>\n\t<meta property=\"og:image:height\" content=\"581\" \/>\n\t<meta property=\"og:image:type\" content=\"image\/png\" \/>\n<meta name=\"author\" content=\"EL GLOBAL\" \/>\n<meta name=\"twitter:card\" content=\"summary_large_image\" \/>\n<meta name=\"twitter:label1\" content=\"Escrito por\" \/>\n\t<meta name=\"twitter:data1\" content=\"EL GLOBAL\" \/>\n\t<meta name=\"twitter:label2\" content=\"Tiempo de lectura\" \/>\n\t<meta name=\"twitter:data2\" content=\"4 minutos\" \/>\n<script type=\"application\/ld+json\" class=\"yoast-schema-graph\">{\"@context\":\"https:\/\/schema.org\",\"@graph\":[{\"@type\":\"Article\",\"@id\":\"https:\/\/elglobal.do\/index.php\/2025\/11\/26\/dirigentes-politicos-consideran-que-paliza-debio-pedir-disculpas-por-caso-narcotrafico\/#article\",\"isPartOf\":{\"@id\":\"https:\/\/elglobal.do\/index.php\/2025\/11\/26\/dirigentes-politicos-consideran-que-paliza-debio-pedir-disculpas-por-caso-narcotrafico\/\"},\"author\":{\"name\":\"EL GLOBAL\",\"@id\":\"https:\/\/elglobal.do\/#\/schema\/person\/0c97ec2c7714fb605d230c292f64d55f\"},\"headline\":\"Dirigentes pol\u00edticos consideran que Paliza debi\u00f3 pedir disculpas por caso narcotr\u00e1fico\",\"datePublished\":\"2025-11-26T14:47:11+00:00\",\"dateModified\":\"2025-11-26T14:47:14+00:00\",\"mainEntityOfPage\":{\"@id\":\"https:\/\/elglobal.do\/index.php\/2025\/11\/26\/dirigentes-politicos-consideran-que-paliza-debio-pedir-disculpas-por-caso-narcotrafico\/\"},\"wordCount\":819,\"commentCount\":0,\"publisher\":{\"@id\":\"https:\/\/elglobal.do\/#organization\"},\"image\":{\"@id\":\"https:\/\/elglobal.do\/index.php\/2025\/11\/26\/dirigentes-politicos-consideran-que-paliza-debio-pedir-disculpas-por-caso-narcotrafico\/#primaryimage\"},\"thumbnailUrl\":\"https:\/\/elglobal.do\/wp-content\/uploads\/2025\/11\/image-80.png\",\"keywords\":[\"#Disculpas\",\"#FP\",\"#Narcotr\u00e1fico\",\"#Paliza\",\"#pol\u00edticos\",\"#PRM\"],\"articleSection\":[\"NACIONALES\",\"NOTICIAS RELEVANTES\"],\"inLanguage\":\"es\",\"potentialAction\":[{\"@type\":\"CommentAction\",\"name\":\"Comment\",\"target\":[\"https:\/\/elglobal.do\/index.php\/2025\/11\/26\/dirigentes-politicos-consideran-que-paliza-debio-pedir-disculpas-por-caso-narcotrafico\/#respond\"]}]},{\"@type\":\"WebPage\",\"@id\":\"https:\/\/elglobal.do\/index.php\/2025\/11\/26\/dirigentes-politicos-consideran-que-paliza-debio-pedir-disculpas-por-caso-narcotrafico\/\",\"url\":\"https:\/\/elglobal.do\/index.php\/2025\/11\/26\/dirigentes-politicos-consideran-que-paliza-debio-pedir-disculpas-por-caso-narcotrafico\/\",\"name\":\"Dirigentes pol\u00edticos consideran que Paliza debi\u00f3 pedir disculpas por caso narcotr\u00e1fico - EL GLOBAL INFORMATIVO\",\"isPartOf\":{\"@id\":\"https:\/\/elglobal.do\/#website\"},\"primaryImageOfPage\":{\"@id\":\"https:\/\/elglobal.do\/index.php\/2025\/11\/26\/dirigentes-politicos-consideran-que-paliza-debio-pedir-disculpas-por-caso-narcotrafico\/#primaryimage\"},\"image\":{\"@id\":\"https:\/\/elglobal.do\/index.php\/2025\/11\/26\/dirigentes-politicos-consideran-que-paliza-debio-pedir-disculpas-por-caso-narcotrafico\/#primaryimage\"},\"thumbnailUrl\":\"https:\/\/elglobal.do\/wp-content\/uploads\/2025\/11\/image-80.png\",\"datePublished\":\"2025-11-26T14:47:11+00:00\",\"dateModified\":\"2025-11-26T14:47:14+00:00\",\"breadcrumb\":{\"@id\":\"https:\/\/elglobal.do\/index.php\/2025\/11\/26\/dirigentes-politicos-consideran-que-paliza-debio-pedir-disculpas-por-caso-narcotrafico\/#breadcrumb\"},\"inLanguage\":\"es\",\"potentialAction\":[{\"@type\":\"ReadAction\",\"target\":[\"https:\/\/elglobal.do\/index.php\/2025\/11\/26\/dirigentes-politicos-consideran-que-paliza-debio-pedir-disculpas-por-caso-narcotrafico\/\"]}]},{\"@type\":\"ImageObject\",\"inLanguage\":\"es\",\"@id\":\"https:\/\/elglobal.do\/index.php\/2025\/11\/26\/dirigentes-politicos-consideran-que-paliza-debio-pedir-disculpas-por-caso-narcotrafico\/#primaryimage\",\"url\":\"https:\/\/elglobal.do\/wp-content\/uploads\/2025\/11\/image-80.png\",\"contentUrl\":\"https:\/\/elglobal.do\/wp-content\/uploads\/2025\/11\/image-80.png\",\"width\":800,\"height\":581},{\"@type\":\"BreadcrumbList\",\"@id\":\"https:\/\/elglobal.do\/index.php\/2025\/11\/26\/dirigentes-politicos-consideran-que-paliza-debio-pedir-disculpas-por-caso-narcotrafico\/#breadcrumb\",\"itemListElement\":[{\"@type\":\"ListItem\",\"position\":1,\"name\":\"Portada\",\"item\":\"https:\/\/elglobal.do\/\"},{\"@type\":\"ListItem\",\"position\":2,\"name\":\"Dirigentes pol\u00edticos consideran que Paliza debi\u00f3 pedir disculpas por caso narcotr\u00e1fico\"}]},{\"@type\":\"WebSite\",\"@id\":\"https:\/\/elglobal.do\/#website\",\"url\":\"https:\/\/elglobal.do\/\",\"name\":\"EL GLOBAL INFORMATIVO\",\"description\":\"Peri\u00f3dico digital de la Rep\u00fablica Dominicana que ofrece noticias, novedades, pol\u00edtica y las \u00faltimas actualidades, con informaci\u00f3n veraz y oportuna para mantenerte siempre informad\",\"publisher\":{\"@id\":\"https:\/\/elglobal.do\/#organization\"},\"potentialAction\":[{\"@type\":\"SearchAction\",\"target\":{\"@type\":\"EntryPoint\",\"urlTemplate\":\"https:\/\/elglobal.do\/?s={search_term_string}\"},\"query-input\":{\"@type\":\"PropertyValueSpecification\",\"valueRequired\":true,\"valueName\":\"search_term_string\"}}],\"inLanguage\":\"es\"},{\"@type\":\"Organization\",\"@id\":\"https:\/\/elglobal.do\/#organization\",\"name\":\"EL GLOBAL.DO INFORMATIVO\",\"url\":\"https:\/\/elglobal.do\/\",\"logo\":{\"@type\":\"ImageObject\",\"inLanguage\":\"es\",\"@id\":\"https:\/\/elglobal.do\/#\/schema\/logo\/image\/\",\"url\":\"https:\/\/elglobal.do\/wp-content\/uploads\/2025\/08\/icon.png\",\"contentUrl\":\"https:\/\/elglobal.do\/wp-content\/uploads\/2025\/08\/icon.png\",\"width\":512,\"height\":512,\"caption\":\"EL GLOBAL.DO INFORMATIVO\"},\"image\":{\"@id\":\"https:\/\/elglobal.do\/#\/schema\/logo\/image\/\"}},{\"@type\":\"Person\",\"@id\":\"https:\/\/elglobal.do\/#\/schema\/person\/0c97ec2c7714fb605d230c292f64d55f\",\"name\":\"EL GLOBAL\",\"image\":{\"@type\":\"ImageObject\",\"inLanguage\":\"es\",\"@id\":\"https:\/\/elglobal.do\/#\/schema\/person\/image\/\",\"url\":\"https:\/\/secure.gravatar.com\/avatar\/081cfb6cf99faddc6f4e23a0c11ab98c5cf302925382d1c88dc3ed757ab910a3?s=96&d=mm&r=g\",\"contentUrl\":\"https:\/\/secure.gravatar.com\/avatar\/081cfb6cf99faddc6f4e23a0c11ab98c5cf302925382d1c88dc3ed757ab910a3?s=96&d=mm&r=g\",\"caption\":\"EL GLOBAL\"},\"description\":\"El Global Informativo es un peri\u00f3dico digital de Rep\u00fablica Dominicana que se dedica a cubrir temas importantes, como la pol\u00edtica local, geopol\u00edtica, econom\u00eda, tecnolog\u00eda, noticias internacionales y eventos relacionados con la gesti\u00f3n social, cultural y humana. Su objetivo principal es mantener a la poblaci\u00f3n informada, ofreciendo una visi\u00f3n amplia y actualizada de lo que sucede tanto en el pa\u00eds como en el mundo. Est\u00e1 dirigido por un grupo de periodistas experimentados, lo que garantiza la calidad y la precisi\u00f3n de la informaci\u00f3n que ofrecen. Tiene su sede en la ciudad de Santo Domingo y es parte integral del portafolio de la empresa, MC Global S.R.L.\",\"sameAs\":[\"https:\/\/elglobal.do\",\"https:\/\/www.instagram.com\/elglobal.do_informativo\/\"],\"url\":\"https:\/\/elglobal.do\/index.php\/author\/elglobaluserpro\/\"}]}<\/script>\n<!-- \/ Yoast SEO plugin. -->","yoast_head_json":{"title":"Dirigentes pol\u00edticos consideran que Paliza debi\u00f3 pedir disculpas por caso narcotr\u00e1fico - EL GLOBAL INFORMATIVO","robots":{"index":"index","follow":"follow","max-snippet":"max-snippet:-1","max-image-preview":"max-image-preview:large","max-video-preview":"max-video-preview:-1"},"canonical":"https:\/\/elglobal.do\/index.php\/2025\/11\/26\/dirigentes-politicos-consideran-que-paliza-debio-pedir-disculpas-por-caso-narcotrafico\/","og_locale":"es_ES","og_type":"article","og_title":"Dirigentes pol\u00edticos consideran que Paliza debi\u00f3 pedir disculpas por caso narcotr\u00e1fico - EL GLOBAL INFORMATIVO","og_description":"Santo Domingo.-Dirigentes del sistema de partidos pol\u00edticos reaccionaron al discurso realizado por el presidente del\u00a0Partido Revolucionario Moderno\u00a0(PRM),\u00a0Jos\u00e9 Ignacio Paliza, quien asegur\u00f3 que los casos de narcotr\u00e1fico registrados en los \u00faltimos&hellip;","og_url":"https:\/\/elglobal.do\/index.php\/2025\/11\/26\/dirigentes-politicos-consideran-que-paliza-debio-pedir-disculpas-por-caso-narcotrafico\/","og_site_name":"EL GLOBAL INFORMATIVO","article_published_time":"2025-11-26T14:47:11+00:00","article_modified_time":"2025-11-26T14:47:14+00:00","og_image":[{"width":800,"height":581,"url":"https:\/\/elglobal.do\/wp-content\/uploads\/2025\/11\/image-80.png","type":"image\/png"}],"author":"EL GLOBAL","twitter_card":"summary_large_image","twitter_misc":{"Escrito por":"EL GLOBAL","Tiempo de lectura":"4 minutos"},"schema":{"@context":"https:\/\/schema.org","@graph":[{"@type":"Article","@id":"https:\/\/elglobal.do\/index.php\/2025\/11\/26\/dirigentes-politicos-consideran-que-paliza-debio-pedir-disculpas-por-caso-narcotrafico\/#article","isPartOf":{"@id":"https:\/\/elglobal.do\/index.php\/2025\/11\/26\/dirigentes-politicos-consideran-que-paliza-debio-pedir-disculpas-por-caso-narcotrafico\/"},"author":{"name":"EL GLOBAL","@id":"https:\/\/elglobal.do\/#\/schema\/person\/0c97ec2c7714fb605d230c292f64d55f"},"headline":"Dirigentes pol\u00edticos consideran que Paliza debi\u00f3 pedir disculpas por caso narcotr\u00e1fico","datePublished":"2025-11-26T14:47:11+00:00","dateModified":"2025-11-26T14:47:14+00:00","mainEntityOfPage":{"@id":"https:\/\/elglobal.do\/index.php\/2025\/11\/26\/dirigentes-politicos-consideran-que-paliza-debio-pedir-disculpas-por-caso-narcotrafico\/"},"wordCount":819,"commentCount":0,"publisher":{"@id":"https:\/\/elglobal.do\/#organization"},"image":{"@id":"https:\/\/elglobal.do\/index.php\/2025\/11\/26\/dirigentes-politicos-consideran-que-paliza-debio-pedir-disculpas-por-caso-narcotrafico\/#primaryimage"},"thumbnailUrl":"https:\/\/elglobal.do\/wp-content\/uploads\/2025\/11\/image-80.png","keywords":["#Disculpas","#FP","#Narcotr\u00e1fico","#Paliza","#pol\u00edticos","#PRM"],"articleSection":["NACIONALES","NOTICIAS RELEVANTES"],"inLanguage":"es","potentialAction":[{"@type":"CommentAction","name":"Comment","target":["https:\/\/elglobal.do\/index.php\/2025\/11\/26\/dirigentes-politicos-consideran-que-paliza-debio-pedir-disculpas-por-caso-narcotrafico\/#respond"]}]},{"@type":"WebPage","@id":"https:\/\/elglobal.do\/index.php\/2025\/11\/26\/dirigentes-politicos-consideran-que-paliza-debio-pedir-disculpas-por-caso-narcotrafico\/","url":"https:\/\/elglobal.do\/index.php\/2025\/11\/26\/dirigentes-politicos-consideran-que-paliza-debio-pedir-disculpas-por-caso-narcotrafico\/","name":"Dirigentes pol\u00edticos consideran que Paliza debi\u00f3 pedir disculpas por caso narcotr\u00e1fico - EL GLOBAL INFORMATIVO","isPartOf":{"@id":"https:\/\/elglobal.do\/#website"},"primaryImageOfPage":{"@id":"https:\/\/elglobal.do\/index.php\/2025\/11\/26\/dirigentes-politicos-consideran-que-paliza-debio-pedir-disculpas-por-caso-narcotrafico\/#primaryimage"},"image":{"@id":"https:\/\/elglobal.do\/index.php\/2025\/11\/26\/dirigentes-politicos-consideran-que-paliza-debio-pedir-disculpas-por-caso-narcotrafico\/#primaryimage"},"thumbnailUrl":"https:\/\/elglobal.do\/wp-content\/uploads\/2025\/11\/image-80.png","datePublished":"2025-11-26T14:47:11+00:00","dateModified":"2025-11-26T14:47:14+00:00","breadcrumb":{"@id":"https:\/\/elglobal.do\/index.php\/2025\/11\/26\/dirigentes-politicos-consideran-que-paliza-debio-pedir-disculpas-por-caso-narcotrafico\/#breadcrumb"},"inLanguage":"es","potentialAction":[{"@type":"ReadAction","target":["https:\/\/elglobal.do\/index.php\/2025\/11\/26\/dirigentes-politicos-consideran-que-paliza-debio-pedir-disculpas-por-caso-narcotrafico\/"]}]},{"@type":"ImageObject","inLanguage":"es","@id":"https:\/\/elglobal.do\/index.php\/2025\/11\/26\/dirigentes-politicos-consideran-que-paliza-debio-pedir-disculpas-por-caso-narcotrafico\/#primaryimage","url":"https:\/\/elglobal.do\/wp-content\/uploads\/2025\/11\/image-80.png","contentUrl":"https:\/\/elglobal.do\/wp-content\/uploads\/2025\/11\/image-80.png","width":800,"height":581},{"@type":"BreadcrumbList","@id":"https:\/\/elglobal.do\/index.php\/2025\/11\/26\/dirigentes-politicos-consideran-que-paliza-debio-pedir-disculpas-por-caso-narcotrafico\/#breadcrumb","itemListElement":[{"@type":"ListItem","position":1,"name":"Portada","item":"https:\/\/elglobal.do\/"},{"@type":"ListItem","position":2,"name":"Dirigentes pol\u00edticos consideran que Paliza debi\u00f3 pedir disculpas por caso narcotr\u00e1fico"}]},{"@type":"WebSite","@id":"https:\/\/elglobal.do\/#website","url":"https:\/\/elglobal.do\/","name":"EL GLOBAL INFORMATIVO","description":"Peri\u00f3dico digital de la Rep\u00fablica Dominicana que ofrece noticias, novedades, pol\u00edtica y las \u00faltimas actualidades, con informaci\u00f3n veraz y oportuna para mantenerte siempre informad","publisher":{"@id":"https:\/\/elglobal.do\/#organization"},"potentialAction":[{"@type":"SearchAction","target":{"@type":"EntryPoint","urlTemplate":"https:\/\/elglobal.do\/?s={search_term_string}"},"query-input":{"@type":"PropertyValueSpecification","valueRequired":true,"valueName":"search_term_string"}}],"inLanguage":"es"},{"@type":"Organization","@id":"https:\/\/elglobal.do\/#organization","name":"EL GLOBAL.DO INFORMATIVO","url":"https:\/\/elglobal.do\/","logo":{"@type":"ImageObject","inLanguage":"es","@id":"https:\/\/elglobal.do\/#\/schema\/logo\/image\/","url":"https:\/\/elglobal.do\/wp-content\/uploads\/2025\/08\/icon.png","contentUrl":"https:\/\/elglobal.do\/wp-content\/uploads\/2025\/08\/icon.png","width":512,"height":512,"caption":"EL GLOBAL.DO INFORMATIVO"},"image":{"@id":"https:\/\/elglobal.do\/#\/schema\/logo\/image\/"}},{"@type":"Person","@id":"https:\/\/elglobal.do\/#\/schema\/person\/0c97ec2c7714fb605d230c292f64d55f","name":"EL GLOBAL","image":{"@type":"ImageObject","inLanguage":"es","@id":"https:\/\/elglobal.do\/#\/schema\/person\/image\/","url":"https:\/\/secure.gravatar.com\/avatar\/081cfb6cf99faddc6f4e23a0c11ab98c5cf302925382d1c88dc3ed757ab910a3?s=96&d=mm&r=g","contentUrl":"https:\/\/secure.gravatar.com\/avatar\/081cfb6cf99faddc6f4e23a0c11ab98c5cf302925382d1c88dc3ed757ab910a3?s=96&d=mm&r=g","caption":"EL GLOBAL"},"description":"El Global Informativo es un peri\u00f3dico digital de Rep\u00fablica Dominicana que se dedica a cubrir temas importantes, como la pol\u00edtica local, geopol\u00edtica, econom\u00eda, tecnolog\u00eda, noticias internacionales y eventos relacionados con la gesti\u00f3n social, cultural y humana. Su objetivo principal es mantener a la poblaci\u00f3n informada, ofreciendo una visi\u00f3n amplia y actualizada de lo que sucede tanto en el pa\u00eds como en el mundo. Est\u00e1 dirigido por un grupo de periodistas experimentados, lo que garantiza la calidad y la precisi\u00f3n de la informaci\u00f3n que ofrecen. Tiene su sede en la ciudad de Santo Domingo y es parte integral del portafolio de la empresa, MC Global S.R.L.","sameAs":["https:\/\/elglobal.do","https:\/\/www.instagram.com\/elglobal.do_informativo\/"],"url":"https:\/\/elglobal.do\/index.php\/author\/elglobaluserpro\/"}]}},"jetpack_featured_media_url":"https:\/\/elglobal.do\/wp-content\/uploads\/2025\/11\/image-80.png","jetpack_sharing_enabled":true,"_links":{"self":[{"href":"https:\/\/elglobal.do\/index.php\/wp-json\/wp\/v2\/posts\/4156","targetHints":{"allow":["GET"]}}],"collection":[{"href":"https:\/\/elglobal.do\/index.php\/wp-json\/wp\/v2\/posts"}],"about":[{"href":"https:\/\/elglobal.do\/index.php\/wp-json\/wp\/v2\/types\/post"}],"author":[{"embeddable":true,"href":"https:\/\/elglobal.do\/index.php\/wp-json\/wp\/v2\/users\/1"}],"replies":[{"embeddable":true,"href":"https:\/\/elglobal.do\/index.php\/wp-json\/wp\/v2\/comments?post=4156"}],"version-history":[{"count":1,"href":"https:\/\/elglobal.do\/index.php\/wp-json\/wp\/v2\/posts\/4156\/revisions"}],"predecessor-version":[{"id":4158,"href":"https:\/\/elglobal.do\/index.php\/wp-json\/wp\/v2\/posts\/4156\/revisions\/4158"}],"wp:featuredmedia":[{"embeddable":true,"href":"https:\/\/elglobal.do\/index.php\/wp-json\/wp\/v2\/media\/4157"}],"wp:attachment":[{"href":"https:\/\/elglobal.do\/index.php\/wp-json\/wp\/v2\/media?parent=4156"}],"wp:term":[{"taxonomy":"category","embeddable":true,"href":"https:\/\/elglobal.do\/index.php\/wp-json\/wp\/v2\/categories?post=4156"},{"taxonomy":"post_tag","embeddable":true,"href":"https:\/\/elglobal.do\/index.php\/wp-json\/wp\/v2\/tags?post=4156"}],"curies":[{"name":"wp","href":"https:\/\/api.w.org\/{rel}","templated":true}]}}