{"id":4159,"date":"2025-11-26T10:53:49","date_gmt":"2025-11-26T14:53:49","guid":{"rendered":"https:\/\/elglobal.do\/?p=4159"},"modified":"2025-11-26T10:53:52","modified_gmt":"2025-11-26T14:53:52","slug":"venezuela-da-48-horas-a-aerolineas-para-reanudar-vuelos","status":"publish","type":"post","link":"https:\/\/elglobal.do\/index.php\/2025\/11\/26\/venezuela-da-48-horas-a-aerolineas-para-reanudar-vuelos\/","title":{"rendered":"Venezuela da 48 horas a aerol\u00edneas para reanudar vuelos"},"content":{"rendered":"\n<figure class=\"wp-block-image size-full\"><img loading=\"lazy\" decoding=\"async\" width=\"896\" height=\"504\" src=\"https:\/\/elglobal.do\/wp-content\/uploads\/2025\/11\/image-81.png\" alt=\"\" class=\"wp-image-4160\" srcset=\"https:\/\/elglobal.do\/wp-content\/uploads\/2025\/11\/image-81.png 896w, https:\/\/elglobal.do\/wp-content\/uploads\/2025\/11\/image-81-300x169.png 300w, https:\/\/elglobal.do\/wp-content\/uploads\/2025\/11\/image-81-768x432.png 768w\" sizes=\"auto, (max-width: 896px) 100vw, 896px\" \/><\/figure>\n\n\n\n<p><strong>Venezuela.-<\/strong> <strong>Venezuela<\/strong>&nbsp;advirti\u00f3 a las aerol\u00edneas que cancelaron temporalmente sus vuelos que tienen un plazo de&nbsp;<strong>48 horas<\/strong>&nbsp;para retomar sus conexiones o de lo contrario su permiso permanente ser\u00e1 revocado, informaron este martes fuentes del Ministerio de Transporte.<\/p>\n\n\n\n<p>Al menos&nbsp;<strong>siete aerol\u00edneas<\/strong>&nbsp;internacionales suspendieron el fin de semana sus conexiones con&nbsp;<strong>Venezuela<\/strong>&nbsp;despu\u00e9s de que Estados Unidos advirtiera a la aviaci\u00f3n civil sobre un \u00abaumento de la&nbsp;<strong>actividad militar<\/strong>\u00bb en medio de su despliegue en el Caribe.<\/p>\n\n\n\n<p>\u00abTras una reuni\u00f3n ayer entre representantes del gobierno y los representantes de las aerol\u00edneas se les entreg\u00f3 una medida para la restituci\u00f3n de los vuelos en\u00a0<strong>48 horas<\/strong>\u00a0(desde ayer). Si no ser\u00e1 revocado el permiso de vuelo permanente para el pa\u00eds\u00bb, dijo la fuente, que pidi\u00f3 el anonimato.<\/p>\n\n\n\n<p>Las aerol\u00edneas espa\u00f1olas&nbsp;<strong>Iberia<\/strong>&nbsp;y&nbsp;<strong>Air Europa<\/strong>, la portuguesa TAP, la colombiana Avianca, la brasile\u00f1a GOL, la chilena Latam y&nbsp;<strong>Turkish Airlines<\/strong>&nbsp;comunicaron entre el s\u00e1bado y el lunes su decisi\u00f3n de suspender sus conexiones con&nbsp;<strong>Venezuela<\/strong>.<\/p>\n\n\n\n<p>Los vuelos a Madrid de las aerol\u00edneas venezolanas&nbsp;<strong>L\u00e1ser<\/strong>&nbsp;y&nbsp;<strong>Estelar<\/strong>&nbsp;pautados para esta semana fueron reprogramados. Las compa\u00f1\u00edas, sin embargo, mantienen sus conexiones a otros destinos.<\/p>\n\n\n\n<p>Fuentes ligadas al\u00a0<strong>sector aeron\u00e1utico<\/strong>\u00a0en\u00a0<strong>Venezuela<\/strong>\u00a0informaron a la AFP que todas las operaciones de estas aerol\u00edneas se mantendr\u00edan suspendidas al menos hasta el 1\u00ba de diciembre. Turkish se\u00f1al\u00f3 el domingo en un comunicado que su suspensi\u00f3n ser\u00eda hasta el 28 de noviembre.<\/p>\n\n\n\n<p><\/p>\n","protected":false},"excerpt":{"rendered":"<p>Venezuela.- Venezuela&nbsp;advirti\u00f3 a las aerol\u00edneas que cancelaron temporalmente sus vuelos que tienen un plazo de&nbsp;48 horas&nbsp;para retomar sus conexiones o de lo contrario su permiso permanente ser\u00e1 revocado, informaron este&hellip; <\/p>\n","protected":false},"author":1,"featured_media":4160,"comment_status":"open","ping_status":"open","sticky":false,"template":"","format":"standard","meta":{"_jetpack_memberships_contains_paid_content":false,"footnotes":""},"categories":[1],"tags":[2172,1099,418],"class_list":["post-4159","post","type-post","status-publish","format-standard","has-post-thumbnail","hentry","category-categoria-internacionales","tag-aerolineas","tag-venezuela","tag-vuelos"],"yoast_head":"<!-- This site is optimized with the Yoast SEO plugin v26.9 - https:\/\/yoast.com\/product\/yoast-seo-wordpress\/ -->\n<title>Venezuela da 48 horas a aerol\u00edneas para reanudar vuelos - EL GLOBAL INFORMATIVO<\/title>\n<meta name=\"robots\" content=\"index, follow, max-snippet:-1, max-image-preview:large, max-video-preview:-1\" \/>\n<link rel=\"canonical\" href=\"https:\/\/elglobal.do\/index.php\/2025\/11\/26\/venezuela-da-48-horas-a-aerolineas-para-reanudar-vuelos\/\" \/>\n<meta property=\"og:locale\" content=\"es_ES\" \/>\n<meta property=\"og:type\" content=\"article\" \/>\n<meta property=\"og:title\" content=\"Venezuela da 48 horas a aerol\u00edneas para reanudar vuelos - EL GLOBAL INFORMATIVO\" \/>\n<meta property=\"og:description\" content=\"Venezuela.- Venezuela&nbsp;advirti\u00f3 a las aerol\u00edneas que cancelaron temporalmente sus vuelos que tienen un plazo de&nbsp;48 horas&nbsp;para retomar sus conexiones o de lo contrario su permiso permanente ser\u00e1 revocado, informaron este&hellip;\" \/>\n<meta property=\"og:url\" content=\"https:\/\/elglobal.do\/index.php\/2025\/11\/26\/venezuela-da-48-horas-a-aerolineas-para-reanudar-vuelos\/\" \/>\n<meta property=\"og:site_name\" content=\"EL GLOBAL INFORMATIVO\" \/>\n<meta property=\"article:published_time\" content=\"2025-11-26T14:53:49+00:00\" \/>\n<meta property=\"article:modified_time\" content=\"2025-11-26T14:53:52+00:00\" \/>\n<meta property=\"og:image\" content=\"https:\/\/elglobal.do\/wp-content\/uploads\/2025\/11\/image-81.png\" \/>\n\t<meta property=\"og:image:width\" content=\"896\" \/>\n\t<meta property=\"og:image:height\" content=\"504\" \/>\n\t<meta property=\"og:image:type\" content=\"image\/png\" \/>\n<meta name=\"author\" content=\"EL GLOBAL\" \/>\n<meta name=\"twitter:card\" content=\"summary_large_image\" \/>\n<meta name=\"twitter:label1\" content=\"Escrito por\" \/>\n\t<meta name=\"twitter:data1\" content=\"EL GLOBAL\" \/>\n\t<meta name=\"twitter:label2\" content=\"Tiempo de lectura\" \/>\n\t<meta name=\"twitter:data2\" content=\"2 minutos\" \/>\n<script type=\"application\/ld+json\" class=\"yoast-schema-graph\">{\"@context\":\"https:\/\/schema.org\",\"@graph\":[{\"@type\":\"Article\",\"@id\":\"https:\/\/elglobal.do\/index.php\/2025\/11\/26\/venezuela-da-48-horas-a-aerolineas-para-reanudar-vuelos\/#article\",\"isPartOf\":{\"@id\":\"https:\/\/elglobal.do\/index.php\/2025\/11\/26\/venezuela-da-48-horas-a-aerolineas-para-reanudar-vuelos\/\"},\"author\":{\"name\":\"EL GLOBAL\",\"@id\":\"https:\/\/elglobal.do\/#\/schema\/person\/0c97ec2c7714fb605d230c292f64d55f\"},\"headline\":\"Venezuela da 48 horas a aerol\u00edneas para reanudar vuelos\",\"datePublished\":\"2025-11-26T14:53:49+00:00\",\"dateModified\":\"2025-11-26T14:53:52+00:00\",\"mainEntityOfPage\":{\"@id\":\"https:\/\/elglobal.do\/index.php\/2025\/11\/26\/venezuela-da-48-horas-a-aerolineas-para-reanudar-vuelos\/\"},\"wordCount\":281,\"commentCount\":0,\"publisher\":{\"@id\":\"https:\/\/elglobal.do\/#organization\"},\"image\":{\"@id\":\"https:\/\/elglobal.do\/index.php\/2025\/11\/26\/venezuela-da-48-horas-a-aerolineas-para-reanudar-vuelos\/#primaryimage\"},\"thumbnailUrl\":\"https:\/\/elglobal.do\/wp-content\/uploads\/2025\/11\/image-81.png\",\"keywords\":[\"#Aerol\u00edneas\",\"#Venezuela\",\"#Vuelos\"],\"articleSection\":[\"INTERNACIONALES\"],\"inLanguage\":\"es\",\"potentialAction\":[{\"@type\":\"CommentAction\",\"name\":\"Comment\",\"target\":[\"https:\/\/elglobal.do\/index.php\/2025\/11\/26\/venezuela-da-48-horas-a-aerolineas-para-reanudar-vuelos\/#respond\"]}]},{\"@type\":\"WebPage\",\"@id\":\"https:\/\/elglobal.do\/index.php\/2025\/11\/26\/venezuela-da-48-horas-a-aerolineas-para-reanudar-vuelos\/\",\"url\":\"https:\/\/elglobal.do\/index.php\/2025\/11\/26\/venezuela-da-48-horas-a-aerolineas-para-reanudar-vuelos\/\",\"name\":\"Venezuela da 48 horas a aerol\u00edneas para reanudar vuelos - EL GLOBAL INFORMATIVO\",\"isPartOf\":{\"@id\":\"https:\/\/elglobal.do\/#website\"},\"primaryImageOfPage\":{\"@id\":\"https:\/\/elglobal.do\/index.php\/2025\/11\/26\/venezuela-da-48-horas-a-aerolineas-para-reanudar-vuelos\/#primaryimage\"},\"image\":{\"@id\":\"https:\/\/elglobal.do\/index.php\/2025\/11\/26\/venezuela-da-48-horas-a-aerolineas-para-reanudar-vuelos\/#primaryimage\"},\"thumbnailUrl\":\"https:\/\/elglobal.do\/wp-content\/uploads\/2025\/11\/image-81.png\",\"datePublished\":\"2025-11-26T14:53:49+00:00\",\"dateModified\":\"2025-11-26T14:53:52+00:00\",\"breadcrumb\":{\"@id\":\"https:\/\/elglobal.do\/index.php\/2025\/11\/26\/venezuela-da-48-horas-a-aerolineas-para-reanudar-vuelos\/#breadcrumb\"},\"inLanguage\":\"es\",\"potentialAction\":[{\"@type\":\"ReadAction\",\"target\":[\"https:\/\/elglobal.do\/index.php\/2025\/11\/26\/venezuela-da-48-horas-a-aerolineas-para-reanudar-vuelos\/\"]}]},{\"@type\":\"ImageObject\",\"inLanguage\":\"es\",\"@id\":\"https:\/\/elglobal.do\/index.php\/2025\/11\/26\/venezuela-da-48-horas-a-aerolineas-para-reanudar-vuelos\/#primaryimage\",\"url\":\"https:\/\/elglobal.do\/wp-content\/uploads\/2025\/11\/image-81.png\",\"contentUrl\":\"https:\/\/elglobal.do\/wp-content\/uploads\/2025\/11\/image-81.png\",\"width\":896,\"height\":504},{\"@type\":\"BreadcrumbList\",\"@id\":\"https:\/\/elglobal.do\/index.php\/2025\/11\/26\/venezuela-da-48-horas-a-aerolineas-para-reanudar-vuelos\/#breadcrumb\",\"itemListElement\":[{\"@type\":\"ListItem\",\"position\":1,\"name\":\"Portada\",\"item\":\"https:\/\/elglobal.do\/\"},{\"@type\":\"ListItem\",\"position\":2,\"name\":\"Venezuela da 48 horas a aerol\u00edneas para reanudar vuelos\"}]},{\"@type\":\"WebSite\",\"@id\":\"https:\/\/elglobal.do\/#website\",\"url\":\"https:\/\/elglobal.do\/\",\"name\":\"EL GLOBAL INFORMATIVO\",\"description\":\"Peri\u00f3dico digital de la Rep\u00fablica Dominicana que ofrece noticias, novedades, pol\u00edtica y las \u00faltimas actualidades, con informaci\u00f3n veraz y oportuna para mantenerte siempre informad\",\"publisher\":{\"@id\":\"https:\/\/elglobal.do\/#organization\"},\"potentialAction\":[{\"@type\":\"SearchAction\",\"target\":{\"@type\":\"EntryPoint\",\"urlTemplate\":\"https:\/\/elglobal.do\/?s={search_term_string}\"},\"query-input\":{\"@type\":\"PropertyValueSpecification\",\"valueRequired\":true,\"valueName\":\"search_term_string\"}}],\"inLanguage\":\"es\"},{\"@type\":\"Organization\",\"@id\":\"https:\/\/elglobal.do\/#organization\",\"name\":\"EL GLOBAL.DO INFORMATIVO\",\"url\":\"https:\/\/elglobal.do\/\",\"logo\":{\"@type\":\"ImageObject\",\"inLanguage\":\"es\",\"@id\":\"https:\/\/elglobal.do\/#\/schema\/logo\/image\/\",\"url\":\"https:\/\/elglobal.do\/wp-content\/uploads\/2025\/08\/icon.png\",\"contentUrl\":\"https:\/\/elglobal.do\/wp-content\/uploads\/2025\/08\/icon.png\",\"width\":512,\"height\":512,\"caption\":\"EL GLOBAL.DO INFORMATIVO\"},\"image\":{\"@id\":\"https:\/\/elglobal.do\/#\/schema\/logo\/image\/\"}},{\"@type\":\"Person\",\"@id\":\"https:\/\/elglobal.do\/#\/schema\/person\/0c97ec2c7714fb605d230c292f64d55f\",\"name\":\"EL GLOBAL\",\"image\":{\"@type\":\"ImageObject\",\"inLanguage\":\"es\",\"@id\":\"https:\/\/elglobal.do\/#\/schema\/person\/image\/\",\"url\":\"https:\/\/secure.gravatar.com\/avatar\/081cfb6cf99faddc6f4e23a0c11ab98c5cf302925382d1c88dc3ed757ab910a3?s=96&d=mm&r=g\",\"contentUrl\":\"https:\/\/secure.gravatar.com\/avatar\/081cfb6cf99faddc6f4e23a0c11ab98c5cf302925382d1c88dc3ed757ab910a3?s=96&d=mm&r=g\",\"caption\":\"EL GLOBAL\"},\"description\":\"El Global Informativo es un peri\u00f3dico digital de Rep\u00fablica Dominicana que se dedica a cubrir temas importantes, como la pol\u00edtica local, geopol\u00edtica, econom\u00eda, tecnolog\u00eda, noticias internacionales y eventos relacionados con la gesti\u00f3n social, cultural y humana. Su objetivo principal es mantener a la poblaci\u00f3n informada, ofreciendo una visi\u00f3n amplia y actualizada de lo que sucede tanto en el pa\u00eds como en el mundo. Est\u00e1 dirigido por un grupo de periodistas experimentados, lo que garantiza la calidad y la precisi\u00f3n de la informaci\u00f3n que ofrecen. Tiene su sede en la ciudad de Santo Domingo y es parte integral del portafolio de la empresa, MC Global S.R.L.\",\"sameAs\":[\"https:\/\/elglobal.do\",\"https:\/\/www.instagram.com\/elglobal.do_informativo\/\"],\"url\":\"https:\/\/elglobal.do\/index.php\/author\/elglobaluserpro\/\"}]}<\/script>\n<!-- \/ Yoast SEO plugin. -->","yoast_head_json":{"title":"Venezuela da 48 horas a aerol\u00edneas para reanudar vuelos - EL GLOBAL INFORMATIVO","robots":{"index":"index","follow":"follow","max-snippet":"max-snippet:-1","max-image-preview":"max-image-preview:large","max-video-preview":"max-video-preview:-1"},"canonical":"https:\/\/elglobal.do\/index.php\/2025\/11\/26\/venezuela-da-48-horas-a-aerolineas-para-reanudar-vuelos\/","og_locale":"es_ES","og_type":"article","og_title":"Venezuela da 48 horas a aerol\u00edneas para reanudar vuelos - EL GLOBAL INFORMATIVO","og_description":"Venezuela.- Venezuela&nbsp;advirti\u00f3 a las aerol\u00edneas que cancelaron temporalmente sus vuelos que tienen un plazo de&nbsp;48 horas&nbsp;para retomar sus conexiones o de lo contrario su permiso permanente ser\u00e1 revocado, informaron este&hellip;","og_url":"https:\/\/elglobal.do\/index.php\/2025\/11\/26\/venezuela-da-48-horas-a-aerolineas-para-reanudar-vuelos\/","og_site_name":"EL GLOBAL INFORMATIVO","article_published_time":"2025-11-26T14:53:49+00:00","article_modified_time":"2025-11-26T14:53:52+00:00","og_image":[{"width":896,"height":504,"url":"https:\/\/elglobal.do\/wp-content\/uploads\/2025\/11\/image-81.png","type":"image\/png"}],"author":"EL GLOBAL","twitter_card":"summary_large_image","twitter_misc":{"Escrito por":"EL GLOBAL","Tiempo de lectura":"2 minutos"},"schema":{"@context":"https:\/\/schema.org","@graph":[{"@type":"Article","@id":"https:\/\/elglobal.do\/index.php\/2025\/11\/26\/venezuela-da-48-horas-a-aerolineas-para-reanudar-vuelos\/#article","isPartOf":{"@id":"https:\/\/elglobal.do\/index.php\/2025\/11\/26\/venezuela-da-48-horas-a-aerolineas-para-reanudar-vuelos\/"},"author":{"name":"EL GLOBAL","@id":"https:\/\/elglobal.do\/#\/schema\/person\/0c97ec2c7714fb605d230c292f64d55f"},"headline":"Venezuela da 48 horas a aerol\u00edneas para reanudar vuelos","datePublished":"2025-11-26T14:53:49+00:00","dateModified":"2025-11-26T14:53:52+00:00","mainEntityOfPage":{"@id":"https:\/\/elglobal.do\/index.php\/2025\/11\/26\/venezuela-da-48-horas-a-aerolineas-para-reanudar-vuelos\/"},"wordCount":281,"commentCount":0,"publisher":{"@id":"https:\/\/elglobal.do\/#organization"},"image":{"@id":"https:\/\/elglobal.do\/index.php\/2025\/11\/26\/venezuela-da-48-horas-a-aerolineas-para-reanudar-vuelos\/#primaryimage"},"thumbnailUrl":"https:\/\/elglobal.do\/wp-content\/uploads\/2025\/11\/image-81.png","keywords":["#Aerol\u00edneas","#Venezuela","#Vuelos"],"articleSection":["INTERNACIONALES"],"inLanguage":"es","potentialAction":[{"@type":"CommentAction","name":"Comment","target":["https:\/\/elglobal.do\/index.php\/2025\/11\/26\/venezuela-da-48-horas-a-aerolineas-para-reanudar-vuelos\/#respond"]}]},{"@type":"WebPage","@id":"https:\/\/elglobal.do\/index.php\/2025\/11\/26\/venezuela-da-48-horas-a-aerolineas-para-reanudar-vuelos\/","url":"https:\/\/elglobal.do\/index.php\/2025\/11\/26\/venezuela-da-48-horas-a-aerolineas-para-reanudar-vuelos\/","name":"Venezuela da 48 horas a aerol\u00edneas para reanudar vuelos - EL GLOBAL INFORMATIVO","isPartOf":{"@id":"https:\/\/elglobal.do\/#website"},"primaryImageOfPage":{"@id":"https:\/\/elglobal.do\/index.php\/2025\/11\/26\/venezuela-da-48-horas-a-aerolineas-para-reanudar-vuelos\/#primaryimage"},"image":{"@id":"https:\/\/elglobal.do\/index.php\/2025\/11\/26\/venezuela-da-48-horas-a-aerolineas-para-reanudar-vuelos\/#primaryimage"},"thumbnailUrl":"https:\/\/elglobal.do\/wp-content\/uploads\/2025\/11\/image-81.png","datePublished":"2025-11-26T14:53:49+00:00","dateModified":"2025-11-26T14:53:52+00:00","breadcrumb":{"@id":"https:\/\/elglobal.do\/index.php\/2025\/11\/26\/venezuela-da-48-horas-a-aerolineas-para-reanudar-vuelos\/#breadcrumb"},"inLanguage":"es","potentialAction":[{"@type":"ReadAction","target":["https:\/\/elglobal.do\/index.php\/2025\/11\/26\/venezuela-da-48-horas-a-aerolineas-para-reanudar-vuelos\/"]}]},{"@type":"ImageObject","inLanguage":"es","@id":"https:\/\/elglobal.do\/index.php\/2025\/11\/26\/venezuela-da-48-horas-a-aerolineas-para-reanudar-vuelos\/#primaryimage","url":"https:\/\/elglobal.do\/wp-content\/uploads\/2025\/11\/image-81.png","contentUrl":"https:\/\/elglobal.do\/wp-content\/uploads\/2025\/11\/image-81.png","width":896,"height":504},{"@type":"BreadcrumbList","@id":"https:\/\/elglobal.do\/index.php\/2025\/11\/26\/venezuela-da-48-horas-a-aerolineas-para-reanudar-vuelos\/#breadcrumb","itemListElement":[{"@type":"ListItem","position":1,"name":"Portada","item":"https:\/\/elglobal.do\/"},{"@type":"ListItem","position":2,"name":"Venezuela da 48 horas a aerol\u00edneas para reanudar vuelos"}]},{"@type":"WebSite","@id":"https:\/\/elglobal.do\/#website","url":"https:\/\/elglobal.do\/","name":"EL GLOBAL INFORMATIVO","description":"Peri\u00f3dico digital de la Rep\u00fablica Dominicana que ofrece noticias, novedades, pol\u00edtica y las \u00faltimas actualidades, con informaci\u00f3n veraz y oportuna para mantenerte siempre informad","publisher":{"@id":"https:\/\/elglobal.do\/#organization"},"potentialAction":[{"@type":"SearchAction","target":{"@type":"EntryPoint","urlTemplate":"https:\/\/elglobal.do\/?s={search_term_string}"},"query-input":{"@type":"PropertyValueSpecification","valueRequired":true,"valueName":"search_term_string"}}],"inLanguage":"es"},{"@type":"Organization","@id":"https:\/\/elglobal.do\/#organization","name":"EL GLOBAL.DO INFORMATIVO","url":"https:\/\/elglobal.do\/","logo":{"@type":"ImageObject","inLanguage":"es","@id":"https:\/\/elglobal.do\/#\/schema\/logo\/image\/","url":"https:\/\/elglobal.do\/wp-content\/uploads\/2025\/08\/icon.png","contentUrl":"https:\/\/elglobal.do\/wp-content\/uploads\/2025\/08\/icon.png","width":512,"height":512,"caption":"EL GLOBAL.DO INFORMATIVO"},"image":{"@id":"https:\/\/elglobal.do\/#\/schema\/logo\/image\/"}},{"@type":"Person","@id":"https:\/\/elglobal.do\/#\/schema\/person\/0c97ec2c7714fb605d230c292f64d55f","name":"EL GLOBAL","image":{"@type":"ImageObject","inLanguage":"es","@id":"https:\/\/elglobal.do\/#\/schema\/person\/image\/","url":"https:\/\/secure.gravatar.com\/avatar\/081cfb6cf99faddc6f4e23a0c11ab98c5cf302925382d1c88dc3ed757ab910a3?s=96&d=mm&r=g","contentUrl":"https:\/\/secure.gravatar.com\/avatar\/081cfb6cf99faddc6f4e23a0c11ab98c5cf302925382d1c88dc3ed757ab910a3?s=96&d=mm&r=g","caption":"EL GLOBAL"},"description":"El Global Informativo es un peri\u00f3dico digital de Rep\u00fablica Dominicana que se dedica a cubrir temas importantes, como la pol\u00edtica local, geopol\u00edtica, econom\u00eda, tecnolog\u00eda, noticias internacionales y eventos relacionados con la gesti\u00f3n social, cultural y humana. Su objetivo principal es mantener a la poblaci\u00f3n informada, ofreciendo una visi\u00f3n amplia y actualizada de lo que sucede tanto en el pa\u00eds como en el mundo. Est\u00e1 dirigido por un grupo de periodistas experimentados, lo que garantiza la calidad y la precisi\u00f3n de la informaci\u00f3n que ofrecen. Tiene su sede en la ciudad de Santo Domingo y es parte integral del portafolio de la empresa, MC Global S.R.L.","sameAs":["https:\/\/elglobal.do","https:\/\/www.instagram.com\/elglobal.do_informativo\/"],"url":"https:\/\/elglobal.do\/index.php\/author\/elglobaluserpro\/"}]}},"jetpack_featured_media_url":"https:\/\/elglobal.do\/wp-content\/uploads\/2025\/11\/image-81.png","jetpack_sharing_enabled":true,"_links":{"self":[{"href":"https:\/\/elglobal.do\/index.php\/wp-json\/wp\/v2\/posts\/4159","targetHints":{"allow":["GET"]}}],"collection":[{"href":"https:\/\/elglobal.do\/index.php\/wp-json\/wp\/v2\/posts"}],"about":[{"href":"https:\/\/elglobal.do\/index.php\/wp-json\/wp\/v2\/types\/post"}],"author":[{"embeddable":true,"href":"https:\/\/elglobal.do\/index.php\/wp-json\/wp\/v2\/users\/1"}],"replies":[{"embeddable":true,"href":"https:\/\/elglobal.do\/index.php\/wp-json\/wp\/v2\/comments?post=4159"}],"version-history":[{"count":1,"href":"https:\/\/elglobal.do\/index.php\/wp-json\/wp\/v2\/posts\/4159\/revisions"}],"predecessor-version":[{"id":4161,"href":"https:\/\/elglobal.do\/index.php\/wp-json\/wp\/v2\/posts\/4159\/revisions\/4161"}],"wp:featuredmedia":[{"embeddable":true,"href":"https:\/\/elglobal.do\/index.php\/wp-json\/wp\/v2\/media\/4160"}],"wp:attachment":[{"href":"https:\/\/elglobal.do\/index.php\/wp-json\/wp\/v2\/media?parent=4159"}],"wp:term":[{"taxonomy":"category","embeddable":true,"href":"https:\/\/elglobal.do\/index.php\/wp-json\/wp\/v2\/categories?post=4159"},{"taxonomy":"post_tag","embeddable":true,"href":"https:\/\/elglobal.do\/index.php\/wp-json\/wp\/v2\/tags?post=4159"}],"curies":[{"name":"wp","href":"https:\/\/api.w.org\/{rel}","templated":true}]}}