{"id":417,"date":"2025-08-01T14:34:57","date_gmt":"2025-08-01T18:34:57","guid":{"rendered":"https:\/\/elglobal.do\/?p=417"},"modified":"2025-08-01T14:35:01","modified_gmt":"2025-08-01T18:35:01","slug":"un-logro-institucional-en-beneficio-del-pais-es-el-nuevo-codigo-penal-afirma-ricardo-de-los-santos","status":"publish","type":"post","link":"https:\/\/elglobal.do\/index.php\/2025\/08\/01\/un-logro-institucional-en-beneficio-del-pais-es-el-nuevo-codigo-penal-afirma-ricardo-de-los-santos\/","title":{"rendered":"Un logro institucional en beneficio del pa\u00eds, es el nuevo C\u00f3digo Penal, afirma Ricardo de los Santos"},"content":{"rendered":"\n<figure class=\"wp-block-image size-full\"><img loading=\"lazy\" decoding=\"async\" width=\"800\" height=\"392\" src=\"https:\/\/elglobal.do\/wp-content\/uploads\/2025\/08\/Ricardo-de-los-Santos.jpeg\" alt=\"\" class=\"wp-image-418\" srcset=\"https:\/\/elglobal.do\/wp-content\/uploads\/2025\/08\/Ricardo-de-los-Santos.jpeg 800w, https:\/\/elglobal.do\/wp-content\/uploads\/2025\/08\/Ricardo-de-los-Santos-300x147.jpeg 300w, https:\/\/elglobal.do\/wp-content\/uploads\/2025\/08\/Ricardo-de-los-Santos-768x376.jpeg 768w\" sizes=\"auto, (max-width: 800px) 100vw, 800px\" \/><figcaption class=\"wp-element-caption\">Ricardo De los Santos, presidente del Senado<\/figcaption><\/figure>\n\n\n\n<p><strong>Santo Domingo. &#8211;<\/strong> <strong>El presidente del Senado de la Rep\u00fablica, Ricardo de los Santos<\/strong>, calific\u00f3 como un paso hist\u00f3rico y necesario para el pa\u00eds la aprobaci\u00f3n del nuevo <strong>C\u00f3digo Penal de la Rep\u00fablica Dominicana<\/strong> en el d\u00eda de ayer por el Senado Dominicano, al tiempo que reafirm\u00f3 el compromiso de esta instituci\u00f3n con el fortalecimiento del sistema de justicia y la institucionalidad democr\u00e1tica.<\/p>\n\n\n\n<p>\u201cDesde el Senado hemos actuado con sentido de responsabilidad, apertura al di\u00e1logo y rigor t\u00e9cnico para garantizar <strong>un C\u00f3digo Penal moderno<\/strong>, equilibrado y coherente con los valores y desaf\u00edos de la sociedad dominicana\u201d, expres\u00f3 De los Santos, al referirse al texto legislativo.<\/p>\n\n\n\n<p>El legislador reconoci\u00f3 el esfuerzo conjunto entre ambas c\u00e1maras del Congreso Nacional, destacando el esp\u00edritu de colaboraci\u00f3n que ha permitido avanzar de manera significativa en un proceso que durante a\u00f1os estuvo estancado. \u201c<strong>Este avance no es de una sola c\u00e1mara ni de una sola persona, es un logro institucional del Congreso Nacional en beneficio del pueblo dominicano\u201d<\/strong>, puntualiz\u00f3.<\/p>\n\n\n\n<p>Asimismo, De los Santos record\u00f3 que a\u00fan queda trabajo por delante, y se comprometi\u00f3 a que durante el per\u00edodo de <strong><em>&#8216;vacatio legis&#8217;<\/em><\/strong> (tiempo entre la publicaci\u00f3n de una ley y su entrada en vigor) de un a\u00f1o que establece el propio C\u00f3digo, se contin\u00faen realizando los ajustes, an\u00e1lisis y mejoras que la sociedad dominicana demande.<\/p>\n\n\n\n<p>\u201cLo haremos con el mismo compromiso que hemos demostrado siempre: con seriedad, apertura y visi\u00f3n de Estado\u201d, afirm\u00f3.<\/p>\n\n\n\n<p>El presidente del Senado tambi\u00e9n destac\u00f3 que esta nueva legislaci\u00f3n penal responde a los desaf\u00edos del presente, incorporando tipificaciones claras y penas actualizadas para delitos emergentes y de alto impacto social.<\/p>\n\n\n\n<p>Entre los avances m\u00e1s relevantes se incluye la penalizaci\u00f3n del acoso escolar <em>(bullying),<\/em> el ciberacoso (<em>ciberbullying<\/em>), los esquemas de estafa piramidal, la contrataci\u00f3n de sicarios, la corrupci\u00f3n en todas sus formas, el abuso sexual, y la violencia contra la mujer y los menores, as\u00ed como nuevas disposiciones sobre la responsabilidad penal de personas jur\u00eddicas.<\/p>\n\n\n\n<p>Este nuevo C\u00f3digo reemplaza al anterior que data de 1884, y representa un esfuerzo por actualizar el marco penal dominicano a la realidad jur\u00eddica, social y tecnol\u00f3gica del siglo XXI.<br><strong>\u201cDespu\u00e9s de m\u00e1s de 140 a\u00f1os, la Rep\u00fablica Dominicana cuenta finalmente con un instrumento normativo penal que responde al tiempo de hoy, a la realidad del pa\u00eds y a los est\u00e1ndares democr\u00e1ticos modernos\u201d<\/strong>, se\u00f1al\u00f3.<\/p>\n\n\n\n<p>Finalmente, el presidente del Senado reiter\u00f3 que la aprobaci\u00f3n de este instrumento legal representa un avance decisivo en la modernizaci\u00f3n del marco normativo penal, y abre el camino hacia una justicia m\u00e1s efectiva, humana y transparente.<\/p>\n\n\n\n<p>\u201cEstamos dando un paso firme hacia una Rep\u00fablica Dominicana m\u00e1s justa, segura y moderna. Y lo estamos haciendo desde el Congreso, como lo exige una democracia madura y responsable.\u201d<\/p>\n\n\n\n<p>Fuentes para consultar: <\/p>\n\n\n\n<p><a href=\"https:\/\/eldia.com.do\/ricardo-de-los-santos-afirma-nuevo-codigo-penal-es-un-logro-institucional-en-beneficio-del-pais\/\">https:\/\/eldia.com.do\/ricardo-de-los-santos-afirma-nuevo-codigo-penal-es-un-logro-institucional-en-beneficio-del-pais\/<\/a><\/p>\n\n\n\n<p><a href=\"https:\/\/eldia.com.do\/en-legislatura-extraordinaria-el-codigo-penal-es-convertido-en-ley\/\">En legislatura extraordinaria, el C\u00f3digo Penal es convertido en ley<\/a><\/p>\n","protected":false},"excerpt":{"rendered":"<p>Santo Domingo. &#8211; El presidente del Senado de la Rep\u00fablica, Ricardo de los Santos, calific\u00f3 como un paso hist\u00f3rico y necesario para el pa\u00eds la aprobaci\u00f3n del nuevo C\u00f3digo Penal&hellip; <\/p>\n","protected":false},"author":1,"featured_media":418,"comment_status":"open","ping_status":"open","sticky":false,"template":"","format":"standard","meta":{"_jetpack_memberships_contains_paid_content":false,"footnotes":""},"categories":[40],"tags":[55,69,70],"class_list":["post-417","post","type-post","status-publish","format-standard","has-post-thumbnail","hentry","category-nacionales","tag-codigopenal","tag-ricardodelossantos","tag-senadord"],"yoast_head":"<!-- This site is optimized with the Yoast SEO plugin v26.9 - https:\/\/yoast.com\/product\/yoast-seo-wordpress\/ -->\n<title>Un logro institucional en beneficio del pa\u00eds, es el nuevo C\u00f3digo Penal, afirma Ricardo de los Santos - EL GLOBAL INFORMATIVO<\/title>\n<meta name=\"robots\" content=\"index, follow, max-snippet:-1, max-image-preview:large, max-video-preview:-1\" \/>\n<link rel=\"canonical\" href=\"https:\/\/elglobal.do\/index.php\/2025\/08\/01\/un-logro-institucional-en-beneficio-del-pais-es-el-nuevo-codigo-penal-afirma-ricardo-de-los-santos\/\" \/>\n<meta property=\"og:locale\" content=\"es_ES\" \/>\n<meta property=\"og:type\" content=\"article\" \/>\n<meta property=\"og:title\" content=\"Un logro institucional en beneficio del pa\u00eds, es el nuevo C\u00f3digo Penal, afirma Ricardo de los Santos - EL GLOBAL INFORMATIVO\" \/>\n<meta property=\"og:description\" content=\"Santo Domingo. &#8211; El presidente del Senado de la Rep\u00fablica, Ricardo de los Santos, calific\u00f3 como un paso hist\u00f3rico y necesario para el pa\u00eds la aprobaci\u00f3n del nuevo C\u00f3digo Penal&hellip;\" \/>\n<meta property=\"og:url\" content=\"https:\/\/elglobal.do\/index.php\/2025\/08\/01\/un-logro-institucional-en-beneficio-del-pais-es-el-nuevo-codigo-penal-afirma-ricardo-de-los-santos\/\" \/>\n<meta property=\"og:site_name\" content=\"EL GLOBAL INFORMATIVO\" \/>\n<meta property=\"article:published_time\" content=\"2025-08-01T18:34:57+00:00\" \/>\n<meta property=\"article:modified_time\" content=\"2025-08-01T18:35:01+00:00\" \/>\n<meta property=\"og:image\" content=\"https:\/\/elglobal.do\/wp-content\/uploads\/2025\/08\/Ricardo-de-los-Santos.jpeg\" \/>\n\t<meta property=\"og:image:width\" content=\"800\" \/>\n\t<meta property=\"og:image:height\" content=\"392\" \/>\n\t<meta property=\"og:image:type\" content=\"image\/jpeg\" \/>\n<meta name=\"author\" content=\"EL GLOBAL\" \/>\n<meta name=\"twitter:card\" content=\"summary_large_image\" \/>\n<meta name=\"twitter:label1\" content=\"Escrito por\" \/>\n\t<meta name=\"twitter:data1\" content=\"EL GLOBAL\" \/>\n\t<meta name=\"twitter:label2\" content=\"Tiempo de lectura\" \/>\n\t<meta name=\"twitter:data2\" content=\"3 minutos\" \/>\n<script type=\"application\/ld+json\" class=\"yoast-schema-graph\">{\"@context\":\"https:\/\/schema.org\",\"@graph\":[{\"@type\":\"Article\",\"@id\":\"https:\/\/elglobal.do\/index.php\/2025\/08\/01\/un-logro-institucional-en-beneficio-del-pais-es-el-nuevo-codigo-penal-afirma-ricardo-de-los-santos\/#article\",\"isPartOf\":{\"@id\":\"https:\/\/elglobal.do\/index.php\/2025\/08\/01\/un-logro-institucional-en-beneficio-del-pais-es-el-nuevo-codigo-penal-afirma-ricardo-de-los-santos\/\"},\"author\":{\"name\":\"EL GLOBAL\",\"@id\":\"https:\/\/elglobal.do\/#\/schema\/person\/0c97ec2c7714fb605d230c292f64d55f\"},\"headline\":\"Un logro institucional en beneficio del pa\u00eds, es el nuevo C\u00f3digo Penal, afirma Ricardo de los Santos\",\"datePublished\":\"2025-08-01T18:34:57+00:00\",\"dateModified\":\"2025-08-01T18:35:01+00:00\",\"mainEntityOfPage\":{\"@id\":\"https:\/\/elglobal.do\/index.php\/2025\/08\/01\/un-logro-institucional-en-beneficio-del-pais-es-el-nuevo-codigo-penal-afirma-ricardo-de-los-santos\/\"},\"wordCount\":543,\"commentCount\":0,\"publisher\":{\"@id\":\"https:\/\/elglobal.do\/#organization\"},\"image\":{\"@id\":\"https:\/\/elglobal.do\/index.php\/2025\/08\/01\/un-logro-institucional-en-beneficio-del-pais-es-el-nuevo-codigo-penal-afirma-ricardo-de-los-santos\/#primaryimage\"},\"thumbnailUrl\":\"https:\/\/elglobal.do\/wp-content\/uploads\/2025\/08\/Ricardo-de-los-Santos.jpeg\",\"keywords\":[\"#C\u00f3digoPenal\",\"#RicardoDelosSantos\",\"#SenadoRD\"],\"articleSection\":[\"NACIONALES\"],\"inLanguage\":\"es\",\"potentialAction\":[{\"@type\":\"CommentAction\",\"name\":\"Comment\",\"target\":[\"https:\/\/elglobal.do\/index.php\/2025\/08\/01\/un-logro-institucional-en-beneficio-del-pais-es-el-nuevo-codigo-penal-afirma-ricardo-de-los-santos\/#respond\"]}]},{\"@type\":\"WebPage\",\"@id\":\"https:\/\/elglobal.do\/index.php\/2025\/08\/01\/un-logro-institucional-en-beneficio-del-pais-es-el-nuevo-codigo-penal-afirma-ricardo-de-los-santos\/\",\"url\":\"https:\/\/elglobal.do\/index.php\/2025\/08\/01\/un-logro-institucional-en-beneficio-del-pais-es-el-nuevo-codigo-penal-afirma-ricardo-de-los-santos\/\",\"name\":\"Un logro institucional en beneficio del pa\u00eds, es el nuevo C\u00f3digo Penal, afirma Ricardo de los Santos - EL GLOBAL INFORMATIVO\",\"isPartOf\":{\"@id\":\"https:\/\/elglobal.do\/#website\"},\"primaryImageOfPage\":{\"@id\":\"https:\/\/elglobal.do\/index.php\/2025\/08\/01\/un-logro-institucional-en-beneficio-del-pais-es-el-nuevo-codigo-penal-afirma-ricardo-de-los-santos\/#primaryimage\"},\"image\":{\"@id\":\"https:\/\/elglobal.do\/index.php\/2025\/08\/01\/un-logro-institucional-en-beneficio-del-pais-es-el-nuevo-codigo-penal-afirma-ricardo-de-los-santos\/#primaryimage\"},\"thumbnailUrl\":\"https:\/\/elglobal.do\/wp-content\/uploads\/2025\/08\/Ricardo-de-los-Santos.jpeg\",\"datePublished\":\"2025-08-01T18:34:57+00:00\",\"dateModified\":\"2025-08-01T18:35:01+00:00\",\"breadcrumb\":{\"@id\":\"https:\/\/elglobal.do\/index.php\/2025\/08\/01\/un-logro-institucional-en-beneficio-del-pais-es-el-nuevo-codigo-penal-afirma-ricardo-de-los-santos\/#breadcrumb\"},\"inLanguage\":\"es\",\"potentialAction\":[{\"@type\":\"ReadAction\",\"target\":[\"https:\/\/elglobal.do\/index.php\/2025\/08\/01\/un-logro-institucional-en-beneficio-del-pais-es-el-nuevo-codigo-penal-afirma-ricardo-de-los-santos\/\"]}]},{\"@type\":\"ImageObject\",\"inLanguage\":\"es\",\"@id\":\"https:\/\/elglobal.do\/index.php\/2025\/08\/01\/un-logro-institucional-en-beneficio-del-pais-es-el-nuevo-codigo-penal-afirma-ricardo-de-los-santos\/#primaryimage\",\"url\":\"https:\/\/elglobal.do\/wp-content\/uploads\/2025\/08\/Ricardo-de-los-Santos.jpeg\",\"contentUrl\":\"https:\/\/elglobal.do\/wp-content\/uploads\/2025\/08\/Ricardo-de-los-Santos.jpeg\",\"width\":800,\"height\":392},{\"@type\":\"BreadcrumbList\",\"@id\":\"https:\/\/elglobal.do\/index.php\/2025\/08\/01\/un-logro-institucional-en-beneficio-del-pais-es-el-nuevo-codigo-penal-afirma-ricardo-de-los-santos\/#breadcrumb\",\"itemListElement\":[{\"@type\":\"ListItem\",\"position\":1,\"name\":\"Portada\",\"item\":\"https:\/\/elglobal.do\/\"},{\"@type\":\"ListItem\",\"position\":2,\"name\":\"Un logro institucional en beneficio del pa\u00eds, es el nuevo C\u00f3digo Penal, afirma Ricardo de los Santos\"}]},{\"@type\":\"WebSite\",\"@id\":\"https:\/\/elglobal.do\/#website\",\"url\":\"https:\/\/elglobal.do\/\",\"name\":\"EL GLOBAL INFORMATIVO\",\"description\":\"Peri\u00f3dico digital de la Rep\u00fablica Dominicana que ofrece noticias, novedades, pol\u00edtica y las \u00faltimas actualidades, con informaci\u00f3n veraz y oportuna para mantenerte siempre informad\",\"publisher\":{\"@id\":\"https:\/\/elglobal.do\/#organization\"},\"potentialAction\":[{\"@type\":\"SearchAction\",\"target\":{\"@type\":\"EntryPoint\",\"urlTemplate\":\"https:\/\/elglobal.do\/?s={search_term_string}\"},\"query-input\":{\"@type\":\"PropertyValueSpecification\",\"valueRequired\":true,\"valueName\":\"search_term_string\"}}],\"inLanguage\":\"es\"},{\"@type\":\"Organization\",\"@id\":\"https:\/\/elglobal.do\/#organization\",\"name\":\"EL GLOBAL.DO INFORMATIVO\",\"url\":\"https:\/\/elglobal.do\/\",\"logo\":{\"@type\":\"ImageObject\",\"inLanguage\":\"es\",\"@id\":\"https:\/\/elglobal.do\/#\/schema\/logo\/image\/\",\"url\":\"https:\/\/elglobal.do\/wp-content\/uploads\/2025\/08\/icon.png\",\"contentUrl\":\"https:\/\/elglobal.do\/wp-content\/uploads\/2025\/08\/icon.png\",\"width\":512,\"height\":512,\"caption\":\"EL GLOBAL.DO INFORMATIVO\"},\"image\":{\"@id\":\"https:\/\/elglobal.do\/#\/schema\/logo\/image\/\"}},{\"@type\":\"Person\",\"@id\":\"https:\/\/elglobal.do\/#\/schema\/person\/0c97ec2c7714fb605d230c292f64d55f\",\"name\":\"EL GLOBAL\",\"image\":{\"@type\":\"ImageObject\",\"inLanguage\":\"es\",\"@id\":\"https:\/\/elglobal.do\/#\/schema\/person\/image\/\",\"url\":\"https:\/\/secure.gravatar.com\/avatar\/081cfb6cf99faddc6f4e23a0c11ab98c5cf302925382d1c88dc3ed757ab910a3?s=96&d=mm&r=g\",\"contentUrl\":\"https:\/\/secure.gravatar.com\/avatar\/081cfb6cf99faddc6f4e23a0c11ab98c5cf302925382d1c88dc3ed757ab910a3?s=96&d=mm&r=g\",\"caption\":\"EL GLOBAL\"},\"description\":\"El Global Informativo es un peri\u00f3dico digital de Rep\u00fablica Dominicana que se dedica a cubrir temas importantes, como la pol\u00edtica local, geopol\u00edtica, econom\u00eda, tecnolog\u00eda, noticias internacionales y eventos relacionados con la gesti\u00f3n social, cultural y humana. Su objetivo principal es mantener a la poblaci\u00f3n informada, ofreciendo una visi\u00f3n amplia y actualizada de lo que sucede tanto en el pa\u00eds como en el mundo. Est\u00e1 dirigido por un grupo de periodistas experimentados, lo que garantiza la calidad y la precisi\u00f3n de la informaci\u00f3n que ofrecen. Tiene su sede en la ciudad de Santo Domingo y es parte integral del portafolio de la empresa, MC Global S.R.L.\",\"sameAs\":[\"https:\/\/elglobal.do\",\"https:\/\/www.instagram.com\/elglobal.do_informativo\/\"],\"url\":\"https:\/\/elglobal.do\/index.php\/author\/elglobaluserpro\/\"}]}<\/script>\n<!-- \/ Yoast SEO plugin. -->","yoast_head_json":{"title":"Un logro institucional en beneficio del pa\u00eds, es el nuevo C\u00f3digo Penal, afirma Ricardo de los Santos - EL GLOBAL INFORMATIVO","robots":{"index":"index","follow":"follow","max-snippet":"max-snippet:-1","max-image-preview":"max-image-preview:large","max-video-preview":"max-video-preview:-1"},"canonical":"https:\/\/elglobal.do\/index.php\/2025\/08\/01\/un-logro-institucional-en-beneficio-del-pais-es-el-nuevo-codigo-penal-afirma-ricardo-de-los-santos\/","og_locale":"es_ES","og_type":"article","og_title":"Un logro institucional en beneficio del pa\u00eds, es el nuevo C\u00f3digo Penal, afirma Ricardo de los Santos - EL GLOBAL INFORMATIVO","og_description":"Santo Domingo. &#8211; El presidente del Senado de la Rep\u00fablica, Ricardo de los Santos, calific\u00f3 como un paso hist\u00f3rico y necesario para el pa\u00eds la aprobaci\u00f3n del nuevo C\u00f3digo Penal&hellip;","og_url":"https:\/\/elglobal.do\/index.php\/2025\/08\/01\/un-logro-institucional-en-beneficio-del-pais-es-el-nuevo-codigo-penal-afirma-ricardo-de-los-santos\/","og_site_name":"EL GLOBAL INFORMATIVO","article_published_time":"2025-08-01T18:34:57+00:00","article_modified_time":"2025-08-01T18:35:01+00:00","og_image":[{"width":800,"height":392,"url":"https:\/\/elglobal.do\/wp-content\/uploads\/2025\/08\/Ricardo-de-los-Santos.jpeg","type":"image\/jpeg"}],"author":"EL GLOBAL","twitter_card":"summary_large_image","twitter_misc":{"Escrito por":"EL GLOBAL","Tiempo de lectura":"3 minutos"},"schema":{"@context":"https:\/\/schema.org","@graph":[{"@type":"Article","@id":"https:\/\/elglobal.do\/index.php\/2025\/08\/01\/un-logro-institucional-en-beneficio-del-pais-es-el-nuevo-codigo-penal-afirma-ricardo-de-los-santos\/#article","isPartOf":{"@id":"https:\/\/elglobal.do\/index.php\/2025\/08\/01\/un-logro-institucional-en-beneficio-del-pais-es-el-nuevo-codigo-penal-afirma-ricardo-de-los-santos\/"},"author":{"name":"EL GLOBAL","@id":"https:\/\/elglobal.do\/#\/schema\/person\/0c97ec2c7714fb605d230c292f64d55f"},"headline":"Un logro institucional en beneficio del pa\u00eds, es el nuevo C\u00f3digo Penal, afirma Ricardo de los Santos","datePublished":"2025-08-01T18:34:57+00:00","dateModified":"2025-08-01T18:35:01+00:00","mainEntityOfPage":{"@id":"https:\/\/elglobal.do\/index.php\/2025\/08\/01\/un-logro-institucional-en-beneficio-del-pais-es-el-nuevo-codigo-penal-afirma-ricardo-de-los-santos\/"},"wordCount":543,"commentCount":0,"publisher":{"@id":"https:\/\/elglobal.do\/#organization"},"image":{"@id":"https:\/\/elglobal.do\/index.php\/2025\/08\/01\/un-logro-institucional-en-beneficio-del-pais-es-el-nuevo-codigo-penal-afirma-ricardo-de-los-santos\/#primaryimage"},"thumbnailUrl":"https:\/\/elglobal.do\/wp-content\/uploads\/2025\/08\/Ricardo-de-los-Santos.jpeg","keywords":["#C\u00f3digoPenal","#RicardoDelosSantos","#SenadoRD"],"articleSection":["NACIONALES"],"inLanguage":"es","potentialAction":[{"@type":"CommentAction","name":"Comment","target":["https:\/\/elglobal.do\/index.php\/2025\/08\/01\/un-logro-institucional-en-beneficio-del-pais-es-el-nuevo-codigo-penal-afirma-ricardo-de-los-santos\/#respond"]}]},{"@type":"WebPage","@id":"https:\/\/elglobal.do\/index.php\/2025\/08\/01\/un-logro-institucional-en-beneficio-del-pais-es-el-nuevo-codigo-penal-afirma-ricardo-de-los-santos\/","url":"https:\/\/elglobal.do\/index.php\/2025\/08\/01\/un-logro-institucional-en-beneficio-del-pais-es-el-nuevo-codigo-penal-afirma-ricardo-de-los-santos\/","name":"Un logro institucional en beneficio del pa\u00eds, es el nuevo C\u00f3digo Penal, afirma Ricardo de los Santos - EL GLOBAL INFORMATIVO","isPartOf":{"@id":"https:\/\/elglobal.do\/#website"},"primaryImageOfPage":{"@id":"https:\/\/elglobal.do\/index.php\/2025\/08\/01\/un-logro-institucional-en-beneficio-del-pais-es-el-nuevo-codigo-penal-afirma-ricardo-de-los-santos\/#primaryimage"},"image":{"@id":"https:\/\/elglobal.do\/index.php\/2025\/08\/01\/un-logro-institucional-en-beneficio-del-pais-es-el-nuevo-codigo-penal-afirma-ricardo-de-los-santos\/#primaryimage"},"thumbnailUrl":"https:\/\/elglobal.do\/wp-content\/uploads\/2025\/08\/Ricardo-de-los-Santos.jpeg","datePublished":"2025-08-01T18:34:57+00:00","dateModified":"2025-08-01T18:35:01+00:00","breadcrumb":{"@id":"https:\/\/elglobal.do\/index.php\/2025\/08\/01\/un-logro-institucional-en-beneficio-del-pais-es-el-nuevo-codigo-penal-afirma-ricardo-de-los-santos\/#breadcrumb"},"inLanguage":"es","potentialAction":[{"@type":"ReadAction","target":["https:\/\/elglobal.do\/index.php\/2025\/08\/01\/un-logro-institucional-en-beneficio-del-pais-es-el-nuevo-codigo-penal-afirma-ricardo-de-los-santos\/"]}]},{"@type":"ImageObject","inLanguage":"es","@id":"https:\/\/elglobal.do\/index.php\/2025\/08\/01\/un-logro-institucional-en-beneficio-del-pais-es-el-nuevo-codigo-penal-afirma-ricardo-de-los-santos\/#primaryimage","url":"https:\/\/elglobal.do\/wp-content\/uploads\/2025\/08\/Ricardo-de-los-Santos.jpeg","contentUrl":"https:\/\/elglobal.do\/wp-content\/uploads\/2025\/08\/Ricardo-de-los-Santos.jpeg","width":800,"height":392},{"@type":"BreadcrumbList","@id":"https:\/\/elglobal.do\/index.php\/2025\/08\/01\/un-logro-institucional-en-beneficio-del-pais-es-el-nuevo-codigo-penal-afirma-ricardo-de-los-santos\/#breadcrumb","itemListElement":[{"@type":"ListItem","position":1,"name":"Portada","item":"https:\/\/elglobal.do\/"},{"@type":"ListItem","position":2,"name":"Un logro institucional en beneficio del pa\u00eds, es el nuevo C\u00f3digo Penal, afirma Ricardo de los Santos"}]},{"@type":"WebSite","@id":"https:\/\/elglobal.do\/#website","url":"https:\/\/elglobal.do\/","name":"EL GLOBAL INFORMATIVO","description":"Peri\u00f3dico digital de la Rep\u00fablica Dominicana que ofrece noticias, novedades, pol\u00edtica y las \u00faltimas actualidades, con informaci\u00f3n veraz y oportuna para mantenerte siempre informad","publisher":{"@id":"https:\/\/elglobal.do\/#organization"},"potentialAction":[{"@type":"SearchAction","target":{"@type":"EntryPoint","urlTemplate":"https:\/\/elglobal.do\/?s={search_term_string}"},"query-input":{"@type":"PropertyValueSpecification","valueRequired":true,"valueName":"search_term_string"}}],"inLanguage":"es"},{"@type":"Organization","@id":"https:\/\/elglobal.do\/#organization","name":"EL GLOBAL.DO INFORMATIVO","url":"https:\/\/elglobal.do\/","logo":{"@type":"ImageObject","inLanguage":"es","@id":"https:\/\/elglobal.do\/#\/schema\/logo\/image\/","url":"https:\/\/elglobal.do\/wp-content\/uploads\/2025\/08\/icon.png","contentUrl":"https:\/\/elglobal.do\/wp-content\/uploads\/2025\/08\/icon.png","width":512,"height":512,"caption":"EL GLOBAL.DO INFORMATIVO"},"image":{"@id":"https:\/\/elglobal.do\/#\/schema\/logo\/image\/"}},{"@type":"Person","@id":"https:\/\/elglobal.do\/#\/schema\/person\/0c97ec2c7714fb605d230c292f64d55f","name":"EL GLOBAL","image":{"@type":"ImageObject","inLanguage":"es","@id":"https:\/\/elglobal.do\/#\/schema\/person\/image\/","url":"https:\/\/secure.gravatar.com\/avatar\/081cfb6cf99faddc6f4e23a0c11ab98c5cf302925382d1c88dc3ed757ab910a3?s=96&d=mm&r=g","contentUrl":"https:\/\/secure.gravatar.com\/avatar\/081cfb6cf99faddc6f4e23a0c11ab98c5cf302925382d1c88dc3ed757ab910a3?s=96&d=mm&r=g","caption":"EL GLOBAL"},"description":"El Global Informativo es un peri\u00f3dico digital de Rep\u00fablica Dominicana que se dedica a cubrir temas importantes, como la pol\u00edtica local, geopol\u00edtica, econom\u00eda, tecnolog\u00eda, noticias internacionales y eventos relacionados con la gesti\u00f3n social, cultural y humana. Su objetivo principal es mantener a la poblaci\u00f3n informada, ofreciendo una visi\u00f3n amplia y actualizada de lo que sucede tanto en el pa\u00eds como en el mundo. Est\u00e1 dirigido por un grupo de periodistas experimentados, lo que garantiza la calidad y la precisi\u00f3n de la informaci\u00f3n que ofrecen. Tiene su sede en la ciudad de Santo Domingo y es parte integral del portafolio de la empresa, MC Global S.R.L.","sameAs":["https:\/\/elglobal.do","https:\/\/www.instagram.com\/elglobal.do_informativo\/"],"url":"https:\/\/elglobal.do\/index.php\/author\/elglobaluserpro\/"}]}},"jetpack_featured_media_url":"https:\/\/elglobal.do\/wp-content\/uploads\/2025\/08\/Ricardo-de-los-Santos.jpeg","jetpack_sharing_enabled":true,"_links":{"self":[{"href":"https:\/\/elglobal.do\/index.php\/wp-json\/wp\/v2\/posts\/417","targetHints":{"allow":["GET"]}}],"collection":[{"href":"https:\/\/elglobal.do\/index.php\/wp-json\/wp\/v2\/posts"}],"about":[{"href":"https:\/\/elglobal.do\/index.php\/wp-json\/wp\/v2\/types\/post"}],"author":[{"embeddable":true,"href":"https:\/\/elglobal.do\/index.php\/wp-json\/wp\/v2\/users\/1"}],"replies":[{"embeddable":true,"href":"https:\/\/elglobal.do\/index.php\/wp-json\/wp\/v2\/comments?post=417"}],"version-history":[{"count":1,"href":"https:\/\/elglobal.do\/index.php\/wp-json\/wp\/v2\/posts\/417\/revisions"}],"predecessor-version":[{"id":419,"href":"https:\/\/elglobal.do\/index.php\/wp-json\/wp\/v2\/posts\/417\/revisions\/419"}],"wp:featuredmedia":[{"embeddable":true,"href":"https:\/\/elglobal.do\/index.php\/wp-json\/wp\/v2\/media\/418"}],"wp:attachment":[{"href":"https:\/\/elglobal.do\/index.php\/wp-json\/wp\/v2\/media?parent=417"}],"wp:term":[{"taxonomy":"category","embeddable":true,"href":"https:\/\/elglobal.do\/index.php\/wp-json\/wp\/v2\/categories?post=417"},{"taxonomy":"post_tag","embeddable":true,"href":"https:\/\/elglobal.do\/index.php\/wp-json\/wp\/v2\/tags?post=417"}],"curies":[{"name":"wp","href":"https:\/\/api.w.org\/{rel}","templated":true}]}}