{"id":4205,"date":"2025-11-27T11:10:50","date_gmt":"2025-11-27T15:10:50","guid":{"rendered":"https:\/\/elglobal.do\/?p=4205"},"modified":"2025-11-27T11:10:52","modified_gmt":"2025-11-27T15:10:52","slug":"raquel-pena-reafirma-compromiso-nacional-con-proteccion-de-la-vida-y-dignidad-de-las-mujeres","status":"publish","type":"post","link":"https:\/\/elglobal.do\/index.php\/2025\/11\/27\/raquel-pena-reafirma-compromiso-nacional-con-proteccion-de-la-vida-y-dignidad-de-las-mujeres\/","title":{"rendered":"Raquel Pe\u00f1a reafirma compromiso nacional con protecci\u00f3n de la vida y dignidad de las mujeres"},"content":{"rendered":"\n<figure class=\"wp-block-image size-large\"><img loading=\"lazy\" decoding=\"async\" width=\"1024\" height=\"683\" src=\"https:\/\/elglobal.do\/wp-content\/uploads\/2025\/11\/Vice-1-1024x683.jpeg\" alt=\"\" class=\"wp-image-4208\" srcset=\"https:\/\/elglobal.do\/wp-content\/uploads\/2025\/11\/Vice-1-1024x683.jpeg 1024w, https:\/\/elglobal.do\/wp-content\/uploads\/2025\/11\/Vice-1-300x200.jpeg 300w, https:\/\/elglobal.do\/wp-content\/uploads\/2025\/11\/Vice-1-768x512.jpeg 768w, https:\/\/elglobal.do\/wp-content\/uploads\/2025\/11\/Vice-1-1536x1024.jpeg 1536w, https:\/\/elglobal.do\/wp-content\/uploads\/2025\/11\/Vice-1-2048x1366.jpeg 2048w\" sizes=\"auto, (max-width: 1024px) 100vw, 1024px\" \/><\/figure>\n\n\n\n<p><strong>Santo Domingo. \u2013<\/strong> La vicepresidenta de la Rep\u00fablica, Raquel Pe\u00f1a, disert\u00f3 sobre \u00abDemocracia, justicia e igualdad\u00bb, en una jornada que reafirm\u00f3 el compromiso nacional con la protecci\u00f3n de la vida y la dignidad de las mujeres, ante la C\u00e1tedra Magistral Hermanas Mirabal en honor a la Dra. Ana Teresa Paradas, realizada por el Tribunal Constitucional (TC).<\/p>\n\n\n\n<p>Durante su conferencia titulada \u00abDemocracia, justicia e igualdad: herencia viva de las hermanas Mirabal\u00bb, la vicepresidenta Pe\u00f1a afirm\u00f3 que la conmemoraci\u00f3n del D\u00eda Internacional de la Eliminaci\u00f3n de la Violencia contra la Mujer es \u201cuna llamada a actuar con determinaci\u00f3n y a sostener un compromiso permanente con la vida, con la justicia y con la paz\u201d.<\/p>\n\n\n\n<p>Pe\u00f1a destac\u00f3 que la elecci\u00f3n del 25 de noviembre como fecha conmemorativa es un reconocimiento global a la vida y al legado de las hermanas Mirabal, que recuerda el deber de Rep\u00fablica Dominicana de ser un referente en derechos humanos, igualdad y dignidad.<\/p>\n\n\n\n<p>La vicemandataria subray\u00f3 que los avances alcanzados en materia de justicia se enmarcan en la visi\u00f3n del Gobierno del presidente Luis Abinader, que ha colocado la protecci\u00f3n de la mujer y la prevenci\u00f3n de la violencia como prioridades nacionales.<\/p>\n\n\n\n<p>Pe\u00f1a expuso pol\u00edticas p\u00fablicas orientadas a combatir la impunidad y reducir los feminicidios, mediante coordinaci\u00f3n interinstitucional, educaci\u00f3n preventiva, transparencia en los datos y mecanismos de apoyo directo a las v\u00edctimas.<\/p>\n\n\n\n<p>Tambi\u00e9n se\u00f1al\u00f3 iniciativas como los programas de autonom\u00eda econ\u00f3mica, acompa\u00f1amiento psicosocial y pensiones especiales para ni\u00f1as y ni\u00f1os en orfandad, adem\u00e1s de los Centros de Desarrollo Integral para la Mujer en Santiago y Santo Domingo Norte.<\/p>\n\n\n\n<p>En un llamado directo, la vicepresidenta enfatiz\u00f3 que, \u201cfrente a un feminicidio, cero impunidades. Frente a una agresi\u00f3n sexual, cero impunidades. Frente a cualquier forma de violencia, cero tolerancias\u201d.<\/p>\n\n\n\n<p>Invit\u00f3 a los presentes a \u201cmantener viva la herencia de las Hermanas Mirabal desde cada espacio de liderazgo y desde cada \u00e1mbito familiar\u201d.<\/p>\n\n\n\n<figure class=\"wp-block-image size-large\"><img loading=\"lazy\" decoding=\"async\" width=\"1024\" height=\"683\" src=\"https:\/\/elglobal.do\/wp-content\/uploads\/2025\/11\/TC-1024x683.jpeg\" alt=\"\" class=\"wp-image-4207\" srcset=\"https:\/\/elglobal.do\/wp-content\/uploads\/2025\/11\/TC-1024x683.jpeg 1024w, https:\/\/elglobal.do\/wp-content\/uploads\/2025\/11\/TC-300x200.jpeg 300w, https:\/\/elglobal.do\/wp-content\/uploads\/2025\/11\/TC-768x512.jpeg 768w, https:\/\/elglobal.do\/wp-content\/uploads\/2025\/11\/TC-1536x1024.jpeg 1536w, https:\/\/elglobal.do\/wp-content\/uploads\/2025\/11\/TC-2048x1366.jpeg 2048w\" sizes=\"auto, (max-width: 1024px) 100vw, 1024px\" \/><\/figure>\n\n\n\n<p>El TC a trav\u00e9s de su Comisi\u00f3n de Igualdad de G\u00e9nero, celebr\u00f3 la C\u00e1tedra Magistral Hermanas Mirabal, dedicada a la Dra. Ana Teresa Paradas S\u00e1nchez, primera abogada de la Rep\u00fablica Dominicana, donde la vicepresidenta de la Rep\u00fablica, Raquel Pe\u00f1a, fue la oradora central del acto, realizado en el auditorio I de la Pontificia Universidad Cat\u00f3lica Madre y Maestra (PUCMM).<\/p>\n\n\n\n<p>El acto estuvo encabezado por el magistrado Napole\u00f3n Est\u00e9vez Lavandier, presidente del TC. Las palabras de bienvenida fueron pronunciadas por el reverendo padre Secilio Espinal, rector de la PUCMM, mientras que las palabras de motivaci\u00f3n estuvieron a cargo de la magistrada Army Ferreira, coordinadora de la Comisi\u00f3n de Igualdad de G\u00e9nero.<\/p>\n\n\n\n<p>La magistrada Mar\u00eda del Carmen Cabrera present\u00f3 la hoja de vida de la conferencista, quien al concluir recibi\u00f3 la medalla \u00abRosa Protom\u00e1rtir Duarte y Diez\u00bb, entregada por el presidente del TC y la magistrada Ferreira.<\/p>\n\n\n\n<p>La C\u00e1tedra Magistral Hermanas Mirabal es un espacio de reflexi\u00f3n jur\u00eddica y acad\u00e9mica creado para promover valores de paz, igualdad y fortalecimiento institucional. Esta quinta edici\u00f3n se suma a las realizadas en honor a Minerva Mirabal (2023), Mar\u00eda Trinidad S\u00e1nchez (2023), Rosa Duarte (2022) y a las propias Hermanas Mirabal en 2021.<\/p>\n\n\n\n<p>La fecha de esta c\u00e1tedra coincide con el mes dedicado a honrar la memoria de las hermanas Minerva, Patria y Mar\u00eda Teresa Mirabal, cuyo asesinato por la dictadura de Rafael Le\u00f3nidas Trujillo dio origen al D\u00eda Internacional de la Eliminaci\u00f3n de la Violencia contra la Mujer<\/p>\n\n\n\n<p><\/p>\n","protected":false},"excerpt":{"rendered":"<p>Santo Domingo. \u2013 La vicepresidenta de la Rep\u00fablica, Raquel Pe\u00f1a, disert\u00f3 sobre \u00abDemocracia, justicia e igualdad\u00bb, en una jornada que reafirm\u00f3 el compromiso nacional con la protecci\u00f3n de la vida&hellip; <\/p>\n","protected":false},"author":1,"featured_media":4206,"comment_status":"open","ping_status":"open","sticky":false,"template":"","format":"standard","meta":{"_jetpack_memberships_contains_paid_content":false,"footnotes":""},"categories":[40,14],"tags":[1083,1490,98,899,2237,642,1429,2236],"class_list":["post-4205","post","type-post","status-publish","format-standard","has-post-thumbnail","hentry","category-nacionales","category-slider","tag-compromiso","tag-dignidad","tag-elglobalinformativo","tag-nacionalidad","tag-proteccion","tag-raquelpena","tag-reafirma","tag-vida"],"yoast_head":"<!-- This site is optimized with the Yoast SEO plugin v26.9 - https:\/\/yoast.com\/product\/yoast-seo-wordpress\/ -->\n<title>Raquel Pe\u00f1a reafirma compromiso nacional con protecci\u00f3n de la vida y dignidad de las mujeres - EL GLOBAL INFORMATIVO<\/title>\n<meta name=\"robots\" content=\"index, follow, max-snippet:-1, max-image-preview:large, max-video-preview:-1\" \/>\n<link rel=\"canonical\" href=\"https:\/\/elglobal.do\/index.php\/2025\/11\/27\/raquel-pena-reafirma-compromiso-nacional-con-proteccion-de-la-vida-y-dignidad-de-las-mujeres\/\" \/>\n<meta property=\"og:locale\" content=\"es_ES\" \/>\n<meta property=\"og:type\" content=\"article\" \/>\n<meta property=\"og:title\" content=\"Raquel Pe\u00f1a reafirma compromiso nacional con protecci\u00f3n de la vida y dignidad de las mujeres - EL GLOBAL INFORMATIVO\" \/>\n<meta property=\"og:description\" content=\"Santo Domingo. \u2013 La vicepresidenta de la Rep\u00fablica, Raquel Pe\u00f1a, disert\u00f3 sobre \u00abDemocracia, justicia e igualdad\u00bb, en una jornada que reafirm\u00f3 el compromiso nacional con la protecci\u00f3n de la vida&hellip;\" \/>\n<meta property=\"og:url\" content=\"https:\/\/elglobal.do\/index.php\/2025\/11\/27\/raquel-pena-reafirma-compromiso-nacional-con-proteccion-de-la-vida-y-dignidad-de-las-mujeres\/\" \/>\n<meta property=\"og:site_name\" content=\"EL GLOBAL INFORMATIVO\" \/>\n<meta property=\"article:published_time\" content=\"2025-11-27T15:10:50+00:00\" \/>\n<meta property=\"article:modified_time\" content=\"2025-11-27T15:10:52+00:00\" \/>\n<meta property=\"og:image\" content=\"https:\/\/elglobal.do\/wp-content\/uploads\/2025\/11\/Raquel-Pena-1-scaled.jpeg\" \/>\n\t<meta property=\"og:image:width\" content=\"2560\" \/>\n\t<meta property=\"og:image:height\" content=\"1707\" \/>\n\t<meta property=\"og:image:type\" content=\"image\/jpeg\" \/>\n<meta name=\"author\" content=\"EL GLOBAL\" \/>\n<meta name=\"twitter:card\" content=\"summary_large_image\" \/>\n<meta name=\"twitter:label1\" content=\"Escrito por\" \/>\n\t<meta name=\"twitter:data1\" content=\"EL GLOBAL\" \/>\n\t<meta name=\"twitter:label2\" content=\"Tiempo de lectura\" \/>\n\t<meta name=\"twitter:data2\" content=\"4 minutos\" \/>\n<script type=\"application\/ld+json\" class=\"yoast-schema-graph\">{\"@context\":\"https:\/\/schema.org\",\"@graph\":[{\"@type\":\"Article\",\"@id\":\"https:\/\/elglobal.do\/index.php\/2025\/11\/27\/raquel-pena-reafirma-compromiso-nacional-con-proteccion-de-la-vida-y-dignidad-de-las-mujeres\/#article\",\"isPartOf\":{\"@id\":\"https:\/\/elglobal.do\/index.php\/2025\/11\/27\/raquel-pena-reafirma-compromiso-nacional-con-proteccion-de-la-vida-y-dignidad-de-las-mujeres\/\"},\"author\":{\"name\":\"EL GLOBAL\",\"@id\":\"https:\/\/elglobal.do\/#\/schema\/person\/0c97ec2c7714fb605d230c292f64d55f\"},\"headline\":\"Raquel Pe\u00f1a reafirma compromiso nacional con protecci\u00f3n de la vida y dignidad de las mujeres\",\"datePublished\":\"2025-11-27T15:10:50+00:00\",\"dateModified\":\"2025-11-27T15:10:52+00:00\",\"mainEntityOfPage\":{\"@id\":\"https:\/\/elglobal.do\/index.php\/2025\/11\/27\/raquel-pena-reafirma-compromiso-nacional-con-proteccion-de-la-vida-y-dignidad-de-las-mujeres\/\"},\"wordCount\":624,\"commentCount\":0,\"publisher\":{\"@id\":\"https:\/\/elglobal.do\/#organization\"},\"image\":{\"@id\":\"https:\/\/elglobal.do\/index.php\/2025\/11\/27\/raquel-pena-reafirma-compromiso-nacional-con-proteccion-de-la-vida-y-dignidad-de-las-mujeres\/#primaryimage\"},\"thumbnailUrl\":\"https:\/\/elglobal.do\/wp-content\/uploads\/2025\/11\/Raquel-Pena-1-scaled.jpeg\",\"keywords\":[\"#Compromiso\",\"#dignidad\",\"#ElGlobalInformativo\",\"#Nacionalidad\",\"#protecci\u00f3n\",\"#RaquelPe\u00f1a\",\"#reafirma\",\"#vida\"],\"articleSection\":[\"NACIONALES\",\"NOTICIAS RELEVANTES\"],\"inLanguage\":\"es\",\"potentialAction\":[{\"@type\":\"CommentAction\",\"name\":\"Comment\",\"target\":[\"https:\/\/elglobal.do\/index.php\/2025\/11\/27\/raquel-pena-reafirma-compromiso-nacional-con-proteccion-de-la-vida-y-dignidad-de-las-mujeres\/#respond\"]}]},{\"@type\":\"WebPage\",\"@id\":\"https:\/\/elglobal.do\/index.php\/2025\/11\/27\/raquel-pena-reafirma-compromiso-nacional-con-proteccion-de-la-vida-y-dignidad-de-las-mujeres\/\",\"url\":\"https:\/\/elglobal.do\/index.php\/2025\/11\/27\/raquel-pena-reafirma-compromiso-nacional-con-proteccion-de-la-vida-y-dignidad-de-las-mujeres\/\",\"name\":\"Raquel Pe\u00f1a reafirma compromiso nacional con protecci\u00f3n de la vida y dignidad de las mujeres - EL GLOBAL INFORMATIVO\",\"isPartOf\":{\"@id\":\"https:\/\/elglobal.do\/#website\"},\"primaryImageOfPage\":{\"@id\":\"https:\/\/elglobal.do\/index.php\/2025\/11\/27\/raquel-pena-reafirma-compromiso-nacional-con-proteccion-de-la-vida-y-dignidad-de-las-mujeres\/#primaryimage\"},\"image\":{\"@id\":\"https:\/\/elglobal.do\/index.php\/2025\/11\/27\/raquel-pena-reafirma-compromiso-nacional-con-proteccion-de-la-vida-y-dignidad-de-las-mujeres\/#primaryimage\"},\"thumbnailUrl\":\"https:\/\/elglobal.do\/wp-content\/uploads\/2025\/11\/Raquel-Pena-1-scaled.jpeg\",\"datePublished\":\"2025-11-27T15:10:50+00:00\",\"dateModified\":\"2025-11-27T15:10:52+00:00\",\"breadcrumb\":{\"@id\":\"https:\/\/elglobal.do\/index.php\/2025\/11\/27\/raquel-pena-reafirma-compromiso-nacional-con-proteccion-de-la-vida-y-dignidad-de-las-mujeres\/#breadcrumb\"},\"inLanguage\":\"es\",\"potentialAction\":[{\"@type\":\"ReadAction\",\"target\":[\"https:\/\/elglobal.do\/index.php\/2025\/11\/27\/raquel-pena-reafirma-compromiso-nacional-con-proteccion-de-la-vida-y-dignidad-de-las-mujeres\/\"]}]},{\"@type\":\"ImageObject\",\"inLanguage\":\"es\",\"@id\":\"https:\/\/elglobal.do\/index.php\/2025\/11\/27\/raquel-pena-reafirma-compromiso-nacional-con-proteccion-de-la-vida-y-dignidad-de-las-mujeres\/#primaryimage\",\"url\":\"https:\/\/elglobal.do\/wp-content\/uploads\/2025\/11\/Raquel-Pena-1-scaled.jpeg\",\"contentUrl\":\"https:\/\/elglobal.do\/wp-content\/uploads\/2025\/11\/Raquel-Pena-1-scaled.jpeg\",\"width\":2560,\"height\":1707},{\"@type\":\"BreadcrumbList\",\"@id\":\"https:\/\/elglobal.do\/index.php\/2025\/11\/27\/raquel-pena-reafirma-compromiso-nacional-con-proteccion-de-la-vida-y-dignidad-de-las-mujeres\/#breadcrumb\",\"itemListElement\":[{\"@type\":\"ListItem\",\"position\":1,\"name\":\"Portada\",\"item\":\"https:\/\/elglobal.do\/\"},{\"@type\":\"ListItem\",\"position\":2,\"name\":\"Raquel Pe\u00f1a reafirma compromiso nacional con protecci\u00f3n de la vida y dignidad de las mujeres\"}]},{\"@type\":\"WebSite\",\"@id\":\"https:\/\/elglobal.do\/#website\",\"url\":\"https:\/\/elglobal.do\/\",\"name\":\"EL GLOBAL INFORMATIVO\",\"description\":\"Peri\u00f3dico digital de la Rep\u00fablica Dominicana que ofrece noticias, novedades, pol\u00edtica y las \u00faltimas actualidades, con informaci\u00f3n veraz y oportuna para mantenerte siempre informad\",\"publisher\":{\"@id\":\"https:\/\/elglobal.do\/#organization\"},\"potentialAction\":[{\"@type\":\"SearchAction\",\"target\":{\"@type\":\"EntryPoint\",\"urlTemplate\":\"https:\/\/elglobal.do\/?s={search_term_string}\"},\"query-input\":{\"@type\":\"PropertyValueSpecification\",\"valueRequired\":true,\"valueName\":\"search_term_string\"}}],\"inLanguage\":\"es\"},{\"@type\":\"Organization\",\"@id\":\"https:\/\/elglobal.do\/#organization\",\"name\":\"EL GLOBAL.DO INFORMATIVO\",\"url\":\"https:\/\/elglobal.do\/\",\"logo\":{\"@type\":\"ImageObject\",\"inLanguage\":\"es\",\"@id\":\"https:\/\/elglobal.do\/#\/schema\/logo\/image\/\",\"url\":\"https:\/\/elglobal.do\/wp-content\/uploads\/2025\/08\/icon.png\",\"contentUrl\":\"https:\/\/elglobal.do\/wp-content\/uploads\/2025\/08\/icon.png\",\"width\":512,\"height\":512,\"caption\":\"EL GLOBAL.DO INFORMATIVO\"},\"image\":{\"@id\":\"https:\/\/elglobal.do\/#\/schema\/logo\/image\/\"}},{\"@type\":\"Person\",\"@id\":\"https:\/\/elglobal.do\/#\/schema\/person\/0c97ec2c7714fb605d230c292f64d55f\",\"name\":\"EL GLOBAL\",\"image\":{\"@type\":\"ImageObject\",\"inLanguage\":\"es\",\"@id\":\"https:\/\/elglobal.do\/#\/schema\/person\/image\/\",\"url\":\"https:\/\/secure.gravatar.com\/avatar\/081cfb6cf99faddc6f4e23a0c11ab98c5cf302925382d1c88dc3ed757ab910a3?s=96&d=mm&r=g\",\"contentUrl\":\"https:\/\/secure.gravatar.com\/avatar\/081cfb6cf99faddc6f4e23a0c11ab98c5cf302925382d1c88dc3ed757ab910a3?s=96&d=mm&r=g\",\"caption\":\"EL GLOBAL\"},\"description\":\"El Global Informativo es un peri\u00f3dico digital de Rep\u00fablica Dominicana que se dedica a cubrir temas importantes, como la pol\u00edtica local, geopol\u00edtica, econom\u00eda, tecnolog\u00eda, noticias internacionales y eventos relacionados con la gesti\u00f3n social, cultural y humana. Su objetivo principal es mantener a la poblaci\u00f3n informada, ofreciendo una visi\u00f3n amplia y actualizada de lo que sucede tanto en el pa\u00eds como en el mundo. Est\u00e1 dirigido por un grupo de periodistas experimentados, lo que garantiza la calidad y la precisi\u00f3n de la informaci\u00f3n que ofrecen. Tiene su sede en la ciudad de Santo Domingo y es parte integral del portafolio de la empresa, MC Global S.R.L.\",\"sameAs\":[\"https:\/\/elglobal.do\",\"https:\/\/www.instagram.com\/elglobal.do_informativo\/\"],\"url\":\"https:\/\/elglobal.do\/index.php\/author\/elglobaluserpro\/\"}]}<\/script>\n<!-- \/ Yoast SEO plugin. -->","yoast_head_json":{"title":"Raquel Pe\u00f1a reafirma compromiso nacional con protecci\u00f3n de la vida y dignidad de las mujeres - EL GLOBAL INFORMATIVO","robots":{"index":"index","follow":"follow","max-snippet":"max-snippet:-1","max-image-preview":"max-image-preview:large","max-video-preview":"max-video-preview:-1"},"canonical":"https:\/\/elglobal.do\/index.php\/2025\/11\/27\/raquel-pena-reafirma-compromiso-nacional-con-proteccion-de-la-vida-y-dignidad-de-las-mujeres\/","og_locale":"es_ES","og_type":"article","og_title":"Raquel Pe\u00f1a reafirma compromiso nacional con protecci\u00f3n de la vida y dignidad de las mujeres - EL GLOBAL INFORMATIVO","og_description":"Santo Domingo. \u2013 La vicepresidenta de la Rep\u00fablica, Raquel Pe\u00f1a, disert\u00f3 sobre \u00abDemocracia, justicia e igualdad\u00bb, en una jornada que reafirm\u00f3 el compromiso nacional con la protecci\u00f3n de la vida&hellip;","og_url":"https:\/\/elglobal.do\/index.php\/2025\/11\/27\/raquel-pena-reafirma-compromiso-nacional-con-proteccion-de-la-vida-y-dignidad-de-las-mujeres\/","og_site_name":"EL GLOBAL INFORMATIVO","article_published_time":"2025-11-27T15:10:50+00:00","article_modified_time":"2025-11-27T15:10:52+00:00","og_image":[{"width":2560,"height":1707,"url":"https:\/\/elglobal.do\/wp-content\/uploads\/2025\/11\/Raquel-Pena-1-scaled.jpeg","type":"image\/jpeg"}],"author":"EL GLOBAL","twitter_card":"summary_large_image","twitter_misc":{"Escrito por":"EL GLOBAL","Tiempo de lectura":"4 minutos"},"schema":{"@context":"https:\/\/schema.org","@graph":[{"@type":"Article","@id":"https:\/\/elglobal.do\/index.php\/2025\/11\/27\/raquel-pena-reafirma-compromiso-nacional-con-proteccion-de-la-vida-y-dignidad-de-las-mujeres\/#article","isPartOf":{"@id":"https:\/\/elglobal.do\/index.php\/2025\/11\/27\/raquel-pena-reafirma-compromiso-nacional-con-proteccion-de-la-vida-y-dignidad-de-las-mujeres\/"},"author":{"name":"EL GLOBAL","@id":"https:\/\/elglobal.do\/#\/schema\/person\/0c97ec2c7714fb605d230c292f64d55f"},"headline":"Raquel Pe\u00f1a reafirma compromiso nacional con protecci\u00f3n de la vida y dignidad de las mujeres","datePublished":"2025-11-27T15:10:50+00:00","dateModified":"2025-11-27T15:10:52+00:00","mainEntityOfPage":{"@id":"https:\/\/elglobal.do\/index.php\/2025\/11\/27\/raquel-pena-reafirma-compromiso-nacional-con-proteccion-de-la-vida-y-dignidad-de-las-mujeres\/"},"wordCount":624,"commentCount":0,"publisher":{"@id":"https:\/\/elglobal.do\/#organization"},"image":{"@id":"https:\/\/elglobal.do\/index.php\/2025\/11\/27\/raquel-pena-reafirma-compromiso-nacional-con-proteccion-de-la-vida-y-dignidad-de-las-mujeres\/#primaryimage"},"thumbnailUrl":"https:\/\/elglobal.do\/wp-content\/uploads\/2025\/11\/Raquel-Pena-1-scaled.jpeg","keywords":["#Compromiso","#dignidad","#ElGlobalInformativo","#Nacionalidad","#protecci\u00f3n","#RaquelPe\u00f1a","#reafirma","#vida"],"articleSection":["NACIONALES","NOTICIAS RELEVANTES"],"inLanguage":"es","potentialAction":[{"@type":"CommentAction","name":"Comment","target":["https:\/\/elglobal.do\/index.php\/2025\/11\/27\/raquel-pena-reafirma-compromiso-nacional-con-proteccion-de-la-vida-y-dignidad-de-las-mujeres\/#respond"]}]},{"@type":"WebPage","@id":"https:\/\/elglobal.do\/index.php\/2025\/11\/27\/raquel-pena-reafirma-compromiso-nacional-con-proteccion-de-la-vida-y-dignidad-de-las-mujeres\/","url":"https:\/\/elglobal.do\/index.php\/2025\/11\/27\/raquel-pena-reafirma-compromiso-nacional-con-proteccion-de-la-vida-y-dignidad-de-las-mujeres\/","name":"Raquel Pe\u00f1a reafirma compromiso nacional con protecci\u00f3n de la vida y dignidad de las mujeres - EL GLOBAL INFORMATIVO","isPartOf":{"@id":"https:\/\/elglobal.do\/#website"},"primaryImageOfPage":{"@id":"https:\/\/elglobal.do\/index.php\/2025\/11\/27\/raquel-pena-reafirma-compromiso-nacional-con-proteccion-de-la-vida-y-dignidad-de-las-mujeres\/#primaryimage"},"image":{"@id":"https:\/\/elglobal.do\/index.php\/2025\/11\/27\/raquel-pena-reafirma-compromiso-nacional-con-proteccion-de-la-vida-y-dignidad-de-las-mujeres\/#primaryimage"},"thumbnailUrl":"https:\/\/elglobal.do\/wp-content\/uploads\/2025\/11\/Raquel-Pena-1-scaled.jpeg","datePublished":"2025-11-27T15:10:50+00:00","dateModified":"2025-11-27T15:10:52+00:00","breadcrumb":{"@id":"https:\/\/elglobal.do\/index.php\/2025\/11\/27\/raquel-pena-reafirma-compromiso-nacional-con-proteccion-de-la-vida-y-dignidad-de-las-mujeres\/#breadcrumb"},"inLanguage":"es","potentialAction":[{"@type":"ReadAction","target":["https:\/\/elglobal.do\/index.php\/2025\/11\/27\/raquel-pena-reafirma-compromiso-nacional-con-proteccion-de-la-vida-y-dignidad-de-las-mujeres\/"]}]},{"@type":"ImageObject","inLanguage":"es","@id":"https:\/\/elglobal.do\/index.php\/2025\/11\/27\/raquel-pena-reafirma-compromiso-nacional-con-proteccion-de-la-vida-y-dignidad-de-las-mujeres\/#primaryimage","url":"https:\/\/elglobal.do\/wp-content\/uploads\/2025\/11\/Raquel-Pena-1-scaled.jpeg","contentUrl":"https:\/\/elglobal.do\/wp-content\/uploads\/2025\/11\/Raquel-Pena-1-scaled.jpeg","width":2560,"height":1707},{"@type":"BreadcrumbList","@id":"https:\/\/elglobal.do\/index.php\/2025\/11\/27\/raquel-pena-reafirma-compromiso-nacional-con-proteccion-de-la-vida-y-dignidad-de-las-mujeres\/#breadcrumb","itemListElement":[{"@type":"ListItem","position":1,"name":"Portada","item":"https:\/\/elglobal.do\/"},{"@type":"ListItem","position":2,"name":"Raquel Pe\u00f1a reafirma compromiso nacional con protecci\u00f3n de la vida y dignidad de las mujeres"}]},{"@type":"WebSite","@id":"https:\/\/elglobal.do\/#website","url":"https:\/\/elglobal.do\/","name":"EL GLOBAL INFORMATIVO","description":"Peri\u00f3dico digital de la Rep\u00fablica Dominicana que ofrece noticias, novedades, pol\u00edtica y las \u00faltimas actualidades, con informaci\u00f3n veraz y oportuna para mantenerte siempre informad","publisher":{"@id":"https:\/\/elglobal.do\/#organization"},"potentialAction":[{"@type":"SearchAction","target":{"@type":"EntryPoint","urlTemplate":"https:\/\/elglobal.do\/?s={search_term_string}"},"query-input":{"@type":"PropertyValueSpecification","valueRequired":true,"valueName":"search_term_string"}}],"inLanguage":"es"},{"@type":"Organization","@id":"https:\/\/elglobal.do\/#organization","name":"EL GLOBAL.DO INFORMATIVO","url":"https:\/\/elglobal.do\/","logo":{"@type":"ImageObject","inLanguage":"es","@id":"https:\/\/elglobal.do\/#\/schema\/logo\/image\/","url":"https:\/\/elglobal.do\/wp-content\/uploads\/2025\/08\/icon.png","contentUrl":"https:\/\/elglobal.do\/wp-content\/uploads\/2025\/08\/icon.png","width":512,"height":512,"caption":"EL GLOBAL.DO INFORMATIVO"},"image":{"@id":"https:\/\/elglobal.do\/#\/schema\/logo\/image\/"}},{"@type":"Person","@id":"https:\/\/elglobal.do\/#\/schema\/person\/0c97ec2c7714fb605d230c292f64d55f","name":"EL GLOBAL","image":{"@type":"ImageObject","inLanguage":"es","@id":"https:\/\/elglobal.do\/#\/schema\/person\/image\/","url":"https:\/\/secure.gravatar.com\/avatar\/081cfb6cf99faddc6f4e23a0c11ab98c5cf302925382d1c88dc3ed757ab910a3?s=96&d=mm&r=g","contentUrl":"https:\/\/secure.gravatar.com\/avatar\/081cfb6cf99faddc6f4e23a0c11ab98c5cf302925382d1c88dc3ed757ab910a3?s=96&d=mm&r=g","caption":"EL GLOBAL"},"description":"El Global Informativo es un peri\u00f3dico digital de Rep\u00fablica Dominicana que se dedica a cubrir temas importantes, como la pol\u00edtica local, geopol\u00edtica, econom\u00eda, tecnolog\u00eda, noticias internacionales y eventos relacionados con la gesti\u00f3n social, cultural y humana. Su objetivo principal es mantener a la poblaci\u00f3n informada, ofreciendo una visi\u00f3n amplia y actualizada de lo que sucede tanto en el pa\u00eds como en el mundo. Est\u00e1 dirigido por un grupo de periodistas experimentados, lo que garantiza la calidad y la precisi\u00f3n de la informaci\u00f3n que ofrecen. Tiene su sede en la ciudad de Santo Domingo y es parte integral del portafolio de la empresa, MC Global S.R.L.","sameAs":["https:\/\/elglobal.do","https:\/\/www.instagram.com\/elglobal.do_informativo\/"],"url":"https:\/\/elglobal.do\/index.php\/author\/elglobaluserpro\/"}]}},"jetpack_featured_media_url":"https:\/\/elglobal.do\/wp-content\/uploads\/2025\/11\/Raquel-Pena-1-scaled.jpeg","jetpack_sharing_enabled":true,"_links":{"self":[{"href":"https:\/\/elglobal.do\/index.php\/wp-json\/wp\/v2\/posts\/4205","targetHints":{"allow":["GET"]}}],"collection":[{"href":"https:\/\/elglobal.do\/index.php\/wp-json\/wp\/v2\/posts"}],"about":[{"href":"https:\/\/elglobal.do\/index.php\/wp-json\/wp\/v2\/types\/post"}],"author":[{"embeddable":true,"href":"https:\/\/elglobal.do\/index.php\/wp-json\/wp\/v2\/users\/1"}],"replies":[{"embeddable":true,"href":"https:\/\/elglobal.do\/index.php\/wp-json\/wp\/v2\/comments?post=4205"}],"version-history":[{"count":1,"href":"https:\/\/elglobal.do\/index.php\/wp-json\/wp\/v2\/posts\/4205\/revisions"}],"predecessor-version":[{"id":4209,"href":"https:\/\/elglobal.do\/index.php\/wp-json\/wp\/v2\/posts\/4205\/revisions\/4209"}],"wp:featuredmedia":[{"embeddable":true,"href":"https:\/\/elglobal.do\/index.php\/wp-json\/wp\/v2\/media\/4206"}],"wp:attachment":[{"href":"https:\/\/elglobal.do\/index.php\/wp-json\/wp\/v2\/media?parent=4205"}],"wp:term":[{"taxonomy":"category","embeddable":true,"href":"https:\/\/elglobal.do\/index.php\/wp-json\/wp\/v2\/categories?post=4205"},{"taxonomy":"post_tag","embeddable":true,"href":"https:\/\/elglobal.do\/index.php\/wp-json\/wp\/v2\/tags?post=4205"}],"curies":[{"name":"wp","href":"https:\/\/api.w.org\/{rel}","templated":true}]}}