{"id":4220,"date":"2025-11-27T15:03:33","date_gmt":"2025-11-27T19:03:33","guid":{"rendered":"https:\/\/elglobal.do\/?p=4220"},"modified":"2025-11-27T15:04:59","modified_gmt":"2025-11-27T19:04:59","slug":"presidente-abinader-lanza-el-bono-navideno-2025","status":"publish","type":"post","link":"https:\/\/elglobal.do\/index.php\/2025\/11\/27\/presidente-abinader-lanza-el-bono-navideno-2025\/","title":{"rendered":"Presidente Abinader lanza el Bono Navide\u00f1o 2025"},"content":{"rendered":"\n<figure class=\"wp-block-image size-large\"><img loading=\"lazy\" decoding=\"async\" width=\"1024\" height=\"682\" src=\"https:\/\/elglobal.do\/wp-content\/uploads\/2025\/11\/Presidente-1024x682.jpeg\" alt=\"\" class=\"wp-image-4223\" srcset=\"https:\/\/elglobal.do\/wp-content\/uploads\/2025\/11\/Presidente-1024x682.jpeg 1024w, https:\/\/elglobal.do\/wp-content\/uploads\/2025\/11\/Presidente-300x200.jpeg 300w, https:\/\/elglobal.do\/wp-content\/uploads\/2025\/11\/Presidente-768x512.jpeg 768w, https:\/\/elglobal.do\/wp-content\/uploads\/2025\/11\/Presidente.jpeg 1280w\" sizes=\"auto, (max-width: 1024px) 100vw, 1024px\" \/><\/figure>\n\n\n\n<p><strong>Santo Domingo Este. \u2013<\/strong> El presidente Luis Abinader lanz\u00f3 este jueves el Bono Navide\u00f1o 2025 para 2.6 millones de dominicanos y llam\u00f3 al pa\u00eds a vivir la Navidad como un tiempo de unidad, paz y fortalecimiento de la familia, destacando que estas festividades representan el mejor escenario para reencontrarse, reflexionar y cultivar la hermandad entre todos los ciudadanos.<\/p>\n\n\n\n<p>Abinader inform\u00f3 que el Bono Navide\u00f1o 2025, se distribuir\u00e1 en dos modalidades: f\u00edsica y electr\u00f3nica. Explic\u00f3 que, desde hoy se le entregar\u00e1 al Gabinete Social 1 mill\u00f3n 200 mil bonos f\u00edsicos para distribuir con la mayor justicia y para los que m\u00e1s lo necesitan, mientras que la modalidad electr\u00f3nica beneficiar\u00e1 a 1 mill\u00f3n 400 mil personas, especialmente a familias del programa Sup\u00e9rate en condici\u00f3n de mayor vulnerabilidad.<\/p>\n\n\n\n<p>El jefe de Estado destac\u00f3 que esta combinaci\u00f3n de entrega directa y transferencia digital garantiza que el apoyo llegue a quienes m\u00e1s lo necesitan, basados en estudios de niveles socioecon\u00f3micos y prioridades sociales.<\/p>\n\n\n\n<p>Adem\u00e1s, resalt\u00f3 que la Direcci\u00f3n de Asistencia Social (DAS) complementar\u00e1 estas acciones con la distribuci\u00f3n de alimentos crudos en comunidades previamente identificadas y agreg\u00f3 que los programas de Comedores Econ\u00f3micos reforzar\u00e1n las cenas navide\u00f1as en todo el territorio nacional, con el prop\u00f3sito de asegurar que las familias dominicanas puedan celebrar con dignidad y alegr\u00eda.<\/p>\n\n\n\n<p>\u201cLa Navidad es un tiempo de encuentro, de paz y de reflexi\u00f3n; pero es un tiempo de planificaci\u00f3n tambi\u00e9n. Pasen est\u00e1 navidad en paz, con su gente querida, especialmente, fortalecer la familia que es lo m\u00e1s importante\u201d, afirm\u00f3 el presidente, al desear bendiciones y unas felices fiestas a todo el pueblo dominicano.<\/p>\n\n\n\n<p>El gobernante tambi\u00e9n llam\u00f3 al pa\u00eds a recibir el 2026 con esperanza, optimismo y determinaci\u00f3n, trabajando juntos por la salud, el progreso y el bienestar de todas las familias dominicanas.<\/p>\n\n\n\n<p>\u201cPorque este es el momento de encuentro entre la gente que uno quiere, no solamente entre la familia de sangre, pero tambi\u00e9n la familia de hermandad, con los hermanos que la vida los ha formado\u201d, expres\u00f3.<\/p>\n\n\n\n<p>Abinader agradeci\u00f3 a los comunitarios su colaboraci\u00f3n en garantizar que estas ayudas lleguen con transparencia y justicia, al tiempo que reconoci\u00f3 los avances del a\u00f1o, sin dejar de mencionar los retos superados.<\/p>\n\n\n\n<p>Durante el acto celebrado en el Polideportivo de Invivienda, Santo Domingo Este, el mandatario resalt\u00f3 el valor de la familia como eje fundamental de la sociedad y record\u00f3 la importancia de mantener vivas las tradiciones de contacto, cercan\u00eda y solidaridad.<\/p>\n","protected":false},"excerpt":{"rendered":"<p>Santo Domingo Este. \u2013 El presidente Luis Abinader lanz\u00f3 este jueves el Bono Navide\u00f1o 2025 para 2.6 millones de dominicanos y llam\u00f3 al pa\u00eds a vivir la Navidad como un&hellip; <\/p>\n","protected":false},"author":1,"featured_media":4221,"comment_status":"open","ping_status":"open","sticky":false,"template":"","format":"standard","meta":{"_jetpack_memberships_contains_paid_content":false,"footnotes":""},"categories":[40,14],"tags":[2249,98,394,2233,138],"class_list":["post-4220","post","type-post","status-publish","format-standard","has-post-thumbnail","hentry","category-nacionales","category-slider","tag-bono","tag-elglobalinformativo","tag-entrega","tag-nacionales","tag-presidenteabinader"],"yoast_head":"<!-- This site is optimized with the Yoast SEO plugin v26.9 - https:\/\/yoast.com\/product\/yoast-seo-wordpress\/ -->\n<title>Presidente Abinader lanza el Bono Navide\u00f1o 2025 - EL GLOBAL INFORMATIVO<\/title>\n<meta name=\"robots\" content=\"index, follow, max-snippet:-1, max-image-preview:large, max-video-preview:-1\" \/>\n<link rel=\"canonical\" href=\"https:\/\/elglobal.do\/index.php\/2025\/11\/27\/presidente-abinader-lanza-el-bono-navideno-2025\/\" \/>\n<meta property=\"og:locale\" content=\"es_ES\" \/>\n<meta property=\"og:type\" content=\"article\" \/>\n<meta property=\"og:title\" content=\"Presidente Abinader lanza el Bono Navide\u00f1o 2025 - EL GLOBAL INFORMATIVO\" \/>\n<meta property=\"og:description\" content=\"Santo Domingo Este. \u2013 El presidente Luis Abinader lanz\u00f3 este jueves el Bono Navide\u00f1o 2025 para 2.6 millones de dominicanos y llam\u00f3 al pa\u00eds a vivir la Navidad como un&hellip;\" \/>\n<meta property=\"og:url\" content=\"https:\/\/elglobal.do\/index.php\/2025\/11\/27\/presidente-abinader-lanza-el-bono-navideno-2025\/\" \/>\n<meta property=\"og:site_name\" content=\"EL GLOBAL INFORMATIVO\" \/>\n<meta property=\"article:published_time\" content=\"2025-11-27T19:03:33+00:00\" \/>\n<meta property=\"article:modified_time\" content=\"2025-11-27T19:04:59+00:00\" \/>\n<meta property=\"og:image\" content=\"https:\/\/elglobal.do\/wp-content\/uploads\/2025\/11\/Bono.jpeg\" \/>\n\t<meta property=\"og:image:width\" content=\"1102\" \/>\n\t<meta property=\"og:image:height\" content=\"806\" \/>\n\t<meta property=\"og:image:type\" content=\"image\/jpeg\" \/>\n<meta name=\"author\" content=\"EL GLOBAL\" \/>\n<meta name=\"twitter:card\" content=\"summary_large_image\" \/>\n<meta name=\"twitter:label1\" content=\"Escrito por\" \/>\n\t<meta name=\"twitter:data1\" content=\"EL GLOBAL\" \/>\n\t<meta name=\"twitter:label2\" content=\"Tiempo de lectura\" \/>\n\t<meta name=\"twitter:data2\" content=\"3 minutos\" \/>\n<script type=\"application\/ld+json\" class=\"yoast-schema-graph\">{\"@context\":\"https:\/\/schema.org\",\"@graph\":[{\"@type\":\"Article\",\"@id\":\"https:\/\/elglobal.do\/index.php\/2025\/11\/27\/presidente-abinader-lanza-el-bono-navideno-2025\/#article\",\"isPartOf\":{\"@id\":\"https:\/\/elglobal.do\/index.php\/2025\/11\/27\/presidente-abinader-lanza-el-bono-navideno-2025\/\"},\"author\":{\"name\":\"EL GLOBAL\",\"@id\":\"https:\/\/elglobal.do\/#\/schema\/person\/0c97ec2c7714fb605d230c292f64d55f\"},\"headline\":\"Presidente Abinader lanza el Bono Navide\u00f1o 2025\",\"datePublished\":\"2025-11-27T19:03:33+00:00\",\"dateModified\":\"2025-11-27T19:04:59+00:00\",\"mainEntityOfPage\":{\"@id\":\"https:\/\/elglobal.do\/index.php\/2025\/11\/27\/presidente-abinader-lanza-el-bono-navideno-2025\/\"},\"wordCount\":434,\"commentCount\":0,\"publisher\":{\"@id\":\"https:\/\/elglobal.do\/#organization\"},\"image\":{\"@id\":\"https:\/\/elglobal.do\/index.php\/2025\/11\/27\/presidente-abinader-lanza-el-bono-navideno-2025\/#primaryimage\"},\"thumbnailUrl\":\"https:\/\/elglobal.do\/wp-content\/uploads\/2025\/11\/Bono.jpeg\",\"keywords\":[\"#Bono\",\"#ElGlobalInformativo\",\"#Entrega\",\"#Nacionales\",\"#PresidenteAbinader\"],\"articleSection\":[\"NACIONALES\",\"NOTICIAS RELEVANTES\"],\"inLanguage\":\"es\",\"potentialAction\":[{\"@type\":\"CommentAction\",\"name\":\"Comment\",\"target\":[\"https:\/\/elglobal.do\/index.php\/2025\/11\/27\/presidente-abinader-lanza-el-bono-navideno-2025\/#respond\"]}]},{\"@type\":\"WebPage\",\"@id\":\"https:\/\/elglobal.do\/index.php\/2025\/11\/27\/presidente-abinader-lanza-el-bono-navideno-2025\/\",\"url\":\"https:\/\/elglobal.do\/index.php\/2025\/11\/27\/presidente-abinader-lanza-el-bono-navideno-2025\/\",\"name\":\"Presidente Abinader lanza el Bono Navide\u00f1o 2025 - EL GLOBAL INFORMATIVO\",\"isPartOf\":{\"@id\":\"https:\/\/elglobal.do\/#website\"},\"primaryImageOfPage\":{\"@id\":\"https:\/\/elglobal.do\/index.php\/2025\/11\/27\/presidente-abinader-lanza-el-bono-navideno-2025\/#primaryimage\"},\"image\":{\"@id\":\"https:\/\/elglobal.do\/index.php\/2025\/11\/27\/presidente-abinader-lanza-el-bono-navideno-2025\/#primaryimage\"},\"thumbnailUrl\":\"https:\/\/elglobal.do\/wp-content\/uploads\/2025\/11\/Bono.jpeg\",\"datePublished\":\"2025-11-27T19:03:33+00:00\",\"dateModified\":\"2025-11-27T19:04:59+00:00\",\"breadcrumb\":{\"@id\":\"https:\/\/elglobal.do\/index.php\/2025\/11\/27\/presidente-abinader-lanza-el-bono-navideno-2025\/#breadcrumb\"},\"inLanguage\":\"es\",\"potentialAction\":[{\"@type\":\"ReadAction\",\"target\":[\"https:\/\/elglobal.do\/index.php\/2025\/11\/27\/presidente-abinader-lanza-el-bono-navideno-2025\/\"]}]},{\"@type\":\"ImageObject\",\"inLanguage\":\"es\",\"@id\":\"https:\/\/elglobal.do\/index.php\/2025\/11\/27\/presidente-abinader-lanza-el-bono-navideno-2025\/#primaryimage\",\"url\":\"https:\/\/elglobal.do\/wp-content\/uploads\/2025\/11\/Bono.jpeg\",\"contentUrl\":\"https:\/\/elglobal.do\/wp-content\/uploads\/2025\/11\/Bono.jpeg\",\"width\":1102,\"height\":806},{\"@type\":\"BreadcrumbList\",\"@id\":\"https:\/\/elglobal.do\/index.php\/2025\/11\/27\/presidente-abinader-lanza-el-bono-navideno-2025\/#breadcrumb\",\"itemListElement\":[{\"@type\":\"ListItem\",\"position\":1,\"name\":\"Portada\",\"item\":\"https:\/\/elglobal.do\/\"},{\"@type\":\"ListItem\",\"position\":2,\"name\":\"Presidente Abinader lanza el Bono Navide\u00f1o 2025\"}]},{\"@type\":\"WebSite\",\"@id\":\"https:\/\/elglobal.do\/#website\",\"url\":\"https:\/\/elglobal.do\/\",\"name\":\"EL GLOBAL INFORMATIVO\",\"description\":\"Peri\u00f3dico digital de la Rep\u00fablica Dominicana que ofrece noticias, novedades, pol\u00edtica y las \u00faltimas actualidades, con informaci\u00f3n veraz y oportuna para mantenerte siempre informad\",\"publisher\":{\"@id\":\"https:\/\/elglobal.do\/#organization\"},\"potentialAction\":[{\"@type\":\"SearchAction\",\"target\":{\"@type\":\"EntryPoint\",\"urlTemplate\":\"https:\/\/elglobal.do\/?s={search_term_string}\"},\"query-input\":{\"@type\":\"PropertyValueSpecification\",\"valueRequired\":true,\"valueName\":\"search_term_string\"}}],\"inLanguage\":\"es\"},{\"@type\":\"Organization\",\"@id\":\"https:\/\/elglobal.do\/#organization\",\"name\":\"EL GLOBAL.DO INFORMATIVO\",\"url\":\"https:\/\/elglobal.do\/\",\"logo\":{\"@type\":\"ImageObject\",\"inLanguage\":\"es\",\"@id\":\"https:\/\/elglobal.do\/#\/schema\/logo\/image\/\",\"url\":\"https:\/\/elglobal.do\/wp-content\/uploads\/2025\/08\/icon.png\",\"contentUrl\":\"https:\/\/elglobal.do\/wp-content\/uploads\/2025\/08\/icon.png\",\"width\":512,\"height\":512,\"caption\":\"EL GLOBAL.DO INFORMATIVO\"},\"image\":{\"@id\":\"https:\/\/elglobal.do\/#\/schema\/logo\/image\/\"}},{\"@type\":\"Person\",\"@id\":\"https:\/\/elglobal.do\/#\/schema\/person\/0c97ec2c7714fb605d230c292f64d55f\",\"name\":\"EL GLOBAL\",\"image\":{\"@type\":\"ImageObject\",\"inLanguage\":\"es\",\"@id\":\"https:\/\/elglobal.do\/#\/schema\/person\/image\/\",\"url\":\"https:\/\/secure.gravatar.com\/avatar\/081cfb6cf99faddc6f4e23a0c11ab98c5cf302925382d1c88dc3ed757ab910a3?s=96&d=mm&r=g\",\"contentUrl\":\"https:\/\/secure.gravatar.com\/avatar\/081cfb6cf99faddc6f4e23a0c11ab98c5cf302925382d1c88dc3ed757ab910a3?s=96&d=mm&r=g\",\"caption\":\"EL GLOBAL\"},\"description\":\"El Global Informativo es un peri\u00f3dico digital de Rep\u00fablica Dominicana que se dedica a cubrir temas importantes, como la pol\u00edtica local, geopol\u00edtica, econom\u00eda, tecnolog\u00eda, noticias internacionales y eventos relacionados con la gesti\u00f3n social, cultural y humana. Su objetivo principal es mantener a la poblaci\u00f3n informada, ofreciendo una visi\u00f3n amplia y actualizada de lo que sucede tanto en el pa\u00eds como en el mundo. Est\u00e1 dirigido por un grupo de periodistas experimentados, lo que garantiza la calidad y la precisi\u00f3n de la informaci\u00f3n que ofrecen. Tiene su sede en la ciudad de Santo Domingo y es parte integral del portafolio de la empresa, MC Global S.R.L.\",\"sameAs\":[\"https:\/\/elglobal.do\",\"https:\/\/www.instagram.com\/elglobal.do_informativo\/\"],\"url\":\"https:\/\/elglobal.do\/index.php\/author\/elglobaluserpro\/\"}]}<\/script>\n<!-- \/ Yoast SEO plugin. -->","yoast_head_json":{"title":"Presidente Abinader lanza el Bono Navide\u00f1o 2025 - EL GLOBAL INFORMATIVO","robots":{"index":"index","follow":"follow","max-snippet":"max-snippet:-1","max-image-preview":"max-image-preview:large","max-video-preview":"max-video-preview:-1"},"canonical":"https:\/\/elglobal.do\/index.php\/2025\/11\/27\/presidente-abinader-lanza-el-bono-navideno-2025\/","og_locale":"es_ES","og_type":"article","og_title":"Presidente Abinader lanza el Bono Navide\u00f1o 2025 - EL GLOBAL INFORMATIVO","og_description":"Santo Domingo Este. \u2013 El presidente Luis Abinader lanz\u00f3 este jueves el Bono Navide\u00f1o 2025 para 2.6 millones de dominicanos y llam\u00f3 al pa\u00eds a vivir la Navidad como un&hellip;","og_url":"https:\/\/elglobal.do\/index.php\/2025\/11\/27\/presidente-abinader-lanza-el-bono-navideno-2025\/","og_site_name":"EL GLOBAL INFORMATIVO","article_published_time":"2025-11-27T19:03:33+00:00","article_modified_time":"2025-11-27T19:04:59+00:00","og_image":[{"width":1102,"height":806,"url":"https:\/\/elglobal.do\/wp-content\/uploads\/2025\/11\/Bono.jpeg","type":"image\/jpeg"}],"author":"EL GLOBAL","twitter_card":"summary_large_image","twitter_misc":{"Escrito por":"EL GLOBAL","Tiempo de lectura":"3 minutos"},"schema":{"@context":"https:\/\/schema.org","@graph":[{"@type":"Article","@id":"https:\/\/elglobal.do\/index.php\/2025\/11\/27\/presidente-abinader-lanza-el-bono-navideno-2025\/#article","isPartOf":{"@id":"https:\/\/elglobal.do\/index.php\/2025\/11\/27\/presidente-abinader-lanza-el-bono-navideno-2025\/"},"author":{"name":"EL GLOBAL","@id":"https:\/\/elglobal.do\/#\/schema\/person\/0c97ec2c7714fb605d230c292f64d55f"},"headline":"Presidente Abinader lanza el Bono Navide\u00f1o 2025","datePublished":"2025-11-27T19:03:33+00:00","dateModified":"2025-11-27T19:04:59+00:00","mainEntityOfPage":{"@id":"https:\/\/elglobal.do\/index.php\/2025\/11\/27\/presidente-abinader-lanza-el-bono-navideno-2025\/"},"wordCount":434,"commentCount":0,"publisher":{"@id":"https:\/\/elglobal.do\/#organization"},"image":{"@id":"https:\/\/elglobal.do\/index.php\/2025\/11\/27\/presidente-abinader-lanza-el-bono-navideno-2025\/#primaryimage"},"thumbnailUrl":"https:\/\/elglobal.do\/wp-content\/uploads\/2025\/11\/Bono.jpeg","keywords":["#Bono","#ElGlobalInformativo","#Entrega","#Nacionales","#PresidenteAbinader"],"articleSection":["NACIONALES","NOTICIAS RELEVANTES"],"inLanguage":"es","potentialAction":[{"@type":"CommentAction","name":"Comment","target":["https:\/\/elglobal.do\/index.php\/2025\/11\/27\/presidente-abinader-lanza-el-bono-navideno-2025\/#respond"]}]},{"@type":"WebPage","@id":"https:\/\/elglobal.do\/index.php\/2025\/11\/27\/presidente-abinader-lanza-el-bono-navideno-2025\/","url":"https:\/\/elglobal.do\/index.php\/2025\/11\/27\/presidente-abinader-lanza-el-bono-navideno-2025\/","name":"Presidente Abinader lanza el Bono Navide\u00f1o 2025 - EL GLOBAL INFORMATIVO","isPartOf":{"@id":"https:\/\/elglobal.do\/#website"},"primaryImageOfPage":{"@id":"https:\/\/elglobal.do\/index.php\/2025\/11\/27\/presidente-abinader-lanza-el-bono-navideno-2025\/#primaryimage"},"image":{"@id":"https:\/\/elglobal.do\/index.php\/2025\/11\/27\/presidente-abinader-lanza-el-bono-navideno-2025\/#primaryimage"},"thumbnailUrl":"https:\/\/elglobal.do\/wp-content\/uploads\/2025\/11\/Bono.jpeg","datePublished":"2025-11-27T19:03:33+00:00","dateModified":"2025-11-27T19:04:59+00:00","breadcrumb":{"@id":"https:\/\/elglobal.do\/index.php\/2025\/11\/27\/presidente-abinader-lanza-el-bono-navideno-2025\/#breadcrumb"},"inLanguage":"es","potentialAction":[{"@type":"ReadAction","target":["https:\/\/elglobal.do\/index.php\/2025\/11\/27\/presidente-abinader-lanza-el-bono-navideno-2025\/"]}]},{"@type":"ImageObject","inLanguage":"es","@id":"https:\/\/elglobal.do\/index.php\/2025\/11\/27\/presidente-abinader-lanza-el-bono-navideno-2025\/#primaryimage","url":"https:\/\/elglobal.do\/wp-content\/uploads\/2025\/11\/Bono.jpeg","contentUrl":"https:\/\/elglobal.do\/wp-content\/uploads\/2025\/11\/Bono.jpeg","width":1102,"height":806},{"@type":"BreadcrumbList","@id":"https:\/\/elglobal.do\/index.php\/2025\/11\/27\/presidente-abinader-lanza-el-bono-navideno-2025\/#breadcrumb","itemListElement":[{"@type":"ListItem","position":1,"name":"Portada","item":"https:\/\/elglobal.do\/"},{"@type":"ListItem","position":2,"name":"Presidente Abinader lanza el Bono Navide\u00f1o 2025"}]},{"@type":"WebSite","@id":"https:\/\/elglobal.do\/#website","url":"https:\/\/elglobal.do\/","name":"EL GLOBAL INFORMATIVO","description":"Peri\u00f3dico digital de la Rep\u00fablica Dominicana que ofrece noticias, novedades, pol\u00edtica y las \u00faltimas actualidades, con informaci\u00f3n veraz y oportuna para mantenerte siempre informad","publisher":{"@id":"https:\/\/elglobal.do\/#organization"},"potentialAction":[{"@type":"SearchAction","target":{"@type":"EntryPoint","urlTemplate":"https:\/\/elglobal.do\/?s={search_term_string}"},"query-input":{"@type":"PropertyValueSpecification","valueRequired":true,"valueName":"search_term_string"}}],"inLanguage":"es"},{"@type":"Organization","@id":"https:\/\/elglobal.do\/#organization","name":"EL GLOBAL.DO INFORMATIVO","url":"https:\/\/elglobal.do\/","logo":{"@type":"ImageObject","inLanguage":"es","@id":"https:\/\/elglobal.do\/#\/schema\/logo\/image\/","url":"https:\/\/elglobal.do\/wp-content\/uploads\/2025\/08\/icon.png","contentUrl":"https:\/\/elglobal.do\/wp-content\/uploads\/2025\/08\/icon.png","width":512,"height":512,"caption":"EL GLOBAL.DO INFORMATIVO"},"image":{"@id":"https:\/\/elglobal.do\/#\/schema\/logo\/image\/"}},{"@type":"Person","@id":"https:\/\/elglobal.do\/#\/schema\/person\/0c97ec2c7714fb605d230c292f64d55f","name":"EL GLOBAL","image":{"@type":"ImageObject","inLanguage":"es","@id":"https:\/\/elglobal.do\/#\/schema\/person\/image\/","url":"https:\/\/secure.gravatar.com\/avatar\/081cfb6cf99faddc6f4e23a0c11ab98c5cf302925382d1c88dc3ed757ab910a3?s=96&d=mm&r=g","contentUrl":"https:\/\/secure.gravatar.com\/avatar\/081cfb6cf99faddc6f4e23a0c11ab98c5cf302925382d1c88dc3ed757ab910a3?s=96&d=mm&r=g","caption":"EL GLOBAL"},"description":"El Global Informativo es un peri\u00f3dico digital de Rep\u00fablica Dominicana que se dedica a cubrir temas importantes, como la pol\u00edtica local, geopol\u00edtica, econom\u00eda, tecnolog\u00eda, noticias internacionales y eventos relacionados con la gesti\u00f3n social, cultural y humana. Su objetivo principal es mantener a la poblaci\u00f3n informada, ofreciendo una visi\u00f3n amplia y actualizada de lo que sucede tanto en el pa\u00eds como en el mundo. Est\u00e1 dirigido por un grupo de periodistas experimentados, lo que garantiza la calidad y la precisi\u00f3n de la informaci\u00f3n que ofrecen. Tiene su sede en la ciudad de Santo Domingo y es parte integral del portafolio de la empresa, MC Global S.R.L.","sameAs":["https:\/\/elglobal.do","https:\/\/www.instagram.com\/elglobal.do_informativo\/"],"url":"https:\/\/elglobal.do\/index.php\/author\/elglobaluserpro\/"}]}},"jetpack_featured_media_url":"https:\/\/elglobal.do\/wp-content\/uploads\/2025\/11\/Bono.jpeg","jetpack_sharing_enabled":true,"_links":{"self":[{"href":"https:\/\/elglobal.do\/index.php\/wp-json\/wp\/v2\/posts\/4220","targetHints":{"allow":["GET"]}}],"collection":[{"href":"https:\/\/elglobal.do\/index.php\/wp-json\/wp\/v2\/posts"}],"about":[{"href":"https:\/\/elglobal.do\/index.php\/wp-json\/wp\/v2\/types\/post"}],"author":[{"embeddable":true,"href":"https:\/\/elglobal.do\/index.php\/wp-json\/wp\/v2\/users\/1"}],"replies":[{"embeddable":true,"href":"https:\/\/elglobal.do\/index.php\/wp-json\/wp\/v2\/comments?post=4220"}],"version-history":[{"count":1,"href":"https:\/\/elglobal.do\/index.php\/wp-json\/wp\/v2\/posts\/4220\/revisions"}],"predecessor-version":[{"id":4224,"href":"https:\/\/elglobal.do\/index.php\/wp-json\/wp\/v2\/posts\/4220\/revisions\/4224"}],"wp:featuredmedia":[{"embeddable":true,"href":"https:\/\/elglobal.do\/index.php\/wp-json\/wp\/v2\/media\/4221"}],"wp:attachment":[{"href":"https:\/\/elglobal.do\/index.php\/wp-json\/wp\/v2\/media?parent=4220"}],"wp:term":[{"taxonomy":"category","embeddable":true,"href":"https:\/\/elglobal.do\/index.php\/wp-json\/wp\/v2\/categories?post=4220"},{"taxonomy":"post_tag","embeddable":true,"href":"https:\/\/elglobal.do\/index.php\/wp-json\/wp\/v2\/tags?post=4220"}],"curies":[{"name":"wp","href":"https:\/\/api.w.org\/{rel}","templated":true}]}}