{"id":4232,"date":"2025-11-28T07:37:52","date_gmt":"2025-11-28T11:37:52","guid":{"rendered":"https:\/\/elglobal.do\/?p=4232"},"modified":"2025-11-28T07:37:54","modified_gmt":"2025-11-28T11:37:54","slug":"vaguada-provocara-aumento-de-las-lluvias-esta-tarde","status":"publish","type":"post","link":"https:\/\/elglobal.do\/index.php\/2025\/11\/28\/vaguada-provocara-aumento-de-las-lluvias-esta-tarde\/","title":{"rendered":"Vaguada provocar\u00e1 aumento de las lluvias esta tarde"},"content":{"rendered":"\n<figure class=\"wp-block-image size-full\"><img loading=\"lazy\" decoding=\"async\" width=\"896\" height=\"504\" src=\"https:\/\/elglobal.do\/wp-content\/uploads\/2025\/11\/image-88.png\" alt=\"\" class=\"wp-image-4233\" srcset=\"https:\/\/elglobal.do\/wp-content\/uploads\/2025\/11\/image-88.png 896w, https:\/\/elglobal.do\/wp-content\/uploads\/2025\/11\/image-88-300x169.png 300w, https:\/\/elglobal.do\/wp-content\/uploads\/2025\/11\/image-88-768x432.png 768w\" sizes=\"auto, (max-width: 896px) 100vw, 896px\" \/><\/figure>\n\n\n\n<p><strong>Santo Domingo.-<\/strong> Las condiciones del tiempo estar\u00e1n marcadas este fin de semana por un&nbsp;<strong>aumento significativo<\/strong>&nbsp;de las lluvias debido a una&nbsp;<strong>vaguada<\/strong>&nbsp;que afecta el territorio nacional, seg\u00fan el&nbsp;<strong>informe meteorol\u00f3gico<\/strong>&nbsp;v\u00e1lido desde la ma\u00f1ana de este s\u00e1bado hasta el pr\u00f3ximo lunes.<\/p>\n\n\n\n<p>Desde la madrugada de hoy se han registrado&nbsp;<strong>chubascos<\/strong>&nbsp;en varias localidades de la&nbsp;<strong>costa atl\u00e1ntica<\/strong>, incluyendo&nbsp;<strong>Monte Cristi<\/strong>, Santiago Rodr\u00edguez, Dajab\u00f3n,&nbsp;<strong>Puerto Plata<\/strong>&nbsp;y Saman\u00e1. Se espera que estas precipitaciones contin\u00faen durante la ma\u00f1ana mientras el sistema frontal, que ha evolucionado a una&nbsp;<strong>vaguada<\/strong>, incremente la nubosidad en horas de la tarde.<\/p>\n\n\n\n<p>Durante la tarde y primeras horas de la noche se prev\u00e9n\u00a0<strong>aguaceros moderados<\/strong>\u00a0a fuertes, acompa\u00f1ados de\u00a0<strong>tormentas el\u00e9ctricas<\/strong>\u00a0y r\u00e1fagas de viento, especialmente en las provincias\u00a0<strong>Puerto Plata<\/strong>, Espaillat, Hermanas Mirabal, Santiago, La Vega, Monse\u00f1or Nouel, Santiago Rodr\u00edguez, Dajab\u00f3n, S\u00e1nchez Ram\u00edrez, Mar\u00eda Trinidad S\u00e1nchez, Duarte, Saman\u00e1, Hato Mayor, El Seibo, La Altagracia, San Juan y sectores del norte de Santo Domingo. Las lluvias ir\u00e1n disminuyendo de manera gradual durante la noche.<\/p>\n\n\n\n<h2 class=\"wp-block-heading\">Pron\u00f3stico para el&nbsp;<strong>domingo<\/strong><\/h2>\n\n\n\n<p>Para&nbsp;ma\u00f1ana&nbsp;<strong>domingo<\/strong>, las horas de la ma\u00f1ana transcurrir\u00e1n con cielo de&nbsp;<strong>nubes aisladas<\/strong>&nbsp;y&nbsp;<strong>per\u00edodos de sol<\/strong>. Sin embargo, en la tarde se anticipa un nuevo incremento de las precipitaciones, con lluvias dispersas sobre el sureste, la Cordillera Central, el suroeste y la zona fronteriza.<\/p>\n\n\n\n<p>Los&nbsp;<strong>aguaceros<\/strong>, localmente moderados y acompa\u00f1ados de posibles&nbsp;<strong>tormentas el\u00e9ctricas<\/strong>&nbsp;y r\u00e1fagas de viento, afectar\u00edan principalmente a Hato Mayor, El Seibo, Monte Plata, S\u00e1nchez Ram\u00edrez,&nbsp;<strong>San Crist\u00f3bal<\/strong>, Monse\u00f1or Nouel, La Vega, Santiago, San Juan, El\u00edas Pi\u00f1a y&nbsp;<strong>zonas monta\u00f1osas<\/strong>&nbsp;de Pedernales y Barahona hasta el anochecer.<\/p>\n\n\n\n<p>En cuanto a las&nbsp;<strong>temperaturas<\/strong>, se mantendr\u00e1n agradables durante la noche y la madrugada, especialmente en&nbsp;<strong>zonas monta\u00f1osas<\/strong>&nbsp;y valles del interior. Las&nbsp;<strong>autoridades<\/strong>&nbsp;recomiendan el uso de abrigos e ingerir bebidas calientes, ya que el descenso t\u00e9rmico responde al&nbsp;<strong>viento fresco<\/strong>&nbsp;proveniente del este\/noreste.<\/p>\n\n\n\n<p>Las&nbsp;<strong>autoridades<\/strong>&nbsp;llaman a la poblaci\u00f3n a&nbsp;<strong>mantenerse atenta<\/strong>&nbsp;a los pr\u00f3ximos&nbsp;<strong>boletines<\/strong>&nbsp;ante posibles variaciones en las condiciones del tiempo.<\/p>\n\n\n\n<p><\/p>\n","protected":false},"excerpt":{"rendered":"<p>Santo Domingo.- Las condiciones del tiempo estar\u00e1n marcadas este fin de semana por un&nbsp;aumento significativo&nbsp;de las lluvias debido a una&nbsp;vaguada&nbsp;que afecta el territorio nacional, seg\u00fan el&nbsp;informe meteorol\u00f3gico&nbsp;v\u00e1lido desde la ma\u00f1ana&hellip; <\/p>\n","protected":false},"author":1,"featured_media":4233,"comment_status":"open","ping_status":"open","sticky":false,"template":"","format":"standard","meta":{"_jetpack_memberships_contains_paid_content":false,"footnotes":""},"categories":[120],"tags":[869,121,1363,834],"class_list":["post-4232","post","type-post","status-publish","format-standard","has-post-thumbnail","hentry","category-clima","tag-chubascos","tag-clima","tag-lluvia","tag-vaguada"],"yoast_head":"<!-- This site is optimized with the Yoast SEO plugin v26.9 - https:\/\/yoast.com\/product\/yoast-seo-wordpress\/ -->\n<title>Vaguada provocar\u00e1 aumento de las lluvias esta tarde - EL GLOBAL INFORMATIVO<\/title>\n<meta name=\"robots\" content=\"index, follow, max-snippet:-1, max-image-preview:large, max-video-preview:-1\" \/>\n<link rel=\"canonical\" href=\"https:\/\/elglobal.do\/index.php\/2025\/11\/28\/vaguada-provocara-aumento-de-las-lluvias-esta-tarde\/\" \/>\n<meta property=\"og:locale\" content=\"es_ES\" \/>\n<meta property=\"og:type\" content=\"article\" \/>\n<meta property=\"og:title\" content=\"Vaguada provocar\u00e1 aumento de las lluvias esta tarde - EL GLOBAL INFORMATIVO\" \/>\n<meta property=\"og:description\" content=\"Santo Domingo.- Las condiciones del tiempo estar\u00e1n marcadas este fin de semana por un&nbsp;aumento significativo&nbsp;de las lluvias debido a una&nbsp;vaguada&nbsp;que afecta el territorio nacional, seg\u00fan el&nbsp;informe meteorol\u00f3gico&nbsp;v\u00e1lido desde la ma\u00f1ana&hellip;\" \/>\n<meta property=\"og:url\" content=\"https:\/\/elglobal.do\/index.php\/2025\/11\/28\/vaguada-provocara-aumento-de-las-lluvias-esta-tarde\/\" \/>\n<meta property=\"og:site_name\" content=\"EL GLOBAL INFORMATIVO\" \/>\n<meta property=\"article:published_time\" content=\"2025-11-28T11:37:52+00:00\" \/>\n<meta property=\"article:modified_time\" content=\"2025-11-28T11:37:54+00:00\" \/>\n<meta property=\"og:image\" content=\"https:\/\/elglobal.do\/wp-content\/uploads\/2025\/11\/image-88.png\" \/>\n\t<meta property=\"og:image:width\" content=\"896\" \/>\n\t<meta property=\"og:image:height\" content=\"504\" \/>\n\t<meta property=\"og:image:type\" content=\"image\/png\" \/>\n<meta name=\"author\" content=\"EL GLOBAL\" \/>\n<meta name=\"twitter:card\" content=\"summary_large_image\" \/>\n<meta name=\"twitter:label1\" content=\"Escrito por\" \/>\n\t<meta name=\"twitter:data1\" content=\"EL GLOBAL\" \/>\n\t<meta name=\"twitter:label2\" content=\"Tiempo de lectura\" \/>\n\t<meta name=\"twitter:data2\" content=\"2 minutos\" \/>\n<script type=\"application\/ld+json\" class=\"yoast-schema-graph\">{\"@context\":\"https:\/\/schema.org\",\"@graph\":[{\"@type\":\"Article\",\"@id\":\"https:\/\/elglobal.do\/index.php\/2025\/11\/28\/vaguada-provocara-aumento-de-las-lluvias-esta-tarde\/#article\",\"isPartOf\":{\"@id\":\"https:\/\/elglobal.do\/index.php\/2025\/11\/28\/vaguada-provocara-aumento-de-las-lluvias-esta-tarde\/\"},\"author\":{\"name\":\"EL GLOBAL\",\"@id\":\"https:\/\/elglobal.do\/#\/schema\/person\/0c97ec2c7714fb605d230c292f64d55f\"},\"headline\":\"Vaguada provocar\u00e1 aumento de las lluvias esta tarde\",\"datePublished\":\"2025-11-28T11:37:52+00:00\",\"dateModified\":\"2025-11-28T11:37:54+00:00\",\"mainEntityOfPage\":{\"@id\":\"https:\/\/elglobal.do\/index.php\/2025\/11\/28\/vaguada-provocara-aumento-de-las-lluvias-esta-tarde\/\"},\"wordCount\":423,\"commentCount\":0,\"publisher\":{\"@id\":\"https:\/\/elglobal.do\/#organization\"},\"image\":{\"@id\":\"https:\/\/elglobal.do\/index.php\/2025\/11\/28\/vaguada-provocara-aumento-de-las-lluvias-esta-tarde\/#primaryimage\"},\"thumbnailUrl\":\"https:\/\/elglobal.do\/wp-content\/uploads\/2025\/11\/image-88.png\",\"keywords\":[\"#Chubascos\",\"#Clima\",\"#LLuvia\",\"#Vaguada\"],\"articleSection\":[\"CLIMA\"],\"inLanguage\":\"es\",\"potentialAction\":[{\"@type\":\"CommentAction\",\"name\":\"Comment\",\"target\":[\"https:\/\/elglobal.do\/index.php\/2025\/11\/28\/vaguada-provocara-aumento-de-las-lluvias-esta-tarde\/#respond\"]}]},{\"@type\":\"WebPage\",\"@id\":\"https:\/\/elglobal.do\/index.php\/2025\/11\/28\/vaguada-provocara-aumento-de-las-lluvias-esta-tarde\/\",\"url\":\"https:\/\/elglobal.do\/index.php\/2025\/11\/28\/vaguada-provocara-aumento-de-las-lluvias-esta-tarde\/\",\"name\":\"Vaguada provocar\u00e1 aumento de las lluvias esta tarde - EL GLOBAL INFORMATIVO\",\"isPartOf\":{\"@id\":\"https:\/\/elglobal.do\/#website\"},\"primaryImageOfPage\":{\"@id\":\"https:\/\/elglobal.do\/index.php\/2025\/11\/28\/vaguada-provocara-aumento-de-las-lluvias-esta-tarde\/#primaryimage\"},\"image\":{\"@id\":\"https:\/\/elglobal.do\/index.php\/2025\/11\/28\/vaguada-provocara-aumento-de-las-lluvias-esta-tarde\/#primaryimage\"},\"thumbnailUrl\":\"https:\/\/elglobal.do\/wp-content\/uploads\/2025\/11\/image-88.png\",\"datePublished\":\"2025-11-28T11:37:52+00:00\",\"dateModified\":\"2025-11-28T11:37:54+00:00\",\"breadcrumb\":{\"@id\":\"https:\/\/elglobal.do\/index.php\/2025\/11\/28\/vaguada-provocara-aumento-de-las-lluvias-esta-tarde\/#breadcrumb\"},\"inLanguage\":\"es\",\"potentialAction\":[{\"@type\":\"ReadAction\",\"target\":[\"https:\/\/elglobal.do\/index.php\/2025\/11\/28\/vaguada-provocara-aumento-de-las-lluvias-esta-tarde\/\"]}]},{\"@type\":\"ImageObject\",\"inLanguage\":\"es\",\"@id\":\"https:\/\/elglobal.do\/index.php\/2025\/11\/28\/vaguada-provocara-aumento-de-las-lluvias-esta-tarde\/#primaryimage\",\"url\":\"https:\/\/elglobal.do\/wp-content\/uploads\/2025\/11\/image-88.png\",\"contentUrl\":\"https:\/\/elglobal.do\/wp-content\/uploads\/2025\/11\/image-88.png\",\"width\":896,\"height\":504},{\"@type\":\"BreadcrumbList\",\"@id\":\"https:\/\/elglobal.do\/index.php\/2025\/11\/28\/vaguada-provocara-aumento-de-las-lluvias-esta-tarde\/#breadcrumb\",\"itemListElement\":[{\"@type\":\"ListItem\",\"position\":1,\"name\":\"Portada\",\"item\":\"https:\/\/elglobal.do\/\"},{\"@type\":\"ListItem\",\"position\":2,\"name\":\"Vaguada provocar\u00e1 aumento de las lluvias esta tarde\"}]},{\"@type\":\"WebSite\",\"@id\":\"https:\/\/elglobal.do\/#website\",\"url\":\"https:\/\/elglobal.do\/\",\"name\":\"EL GLOBAL INFORMATIVO\",\"description\":\"Peri\u00f3dico digital de la Rep\u00fablica Dominicana que ofrece noticias, novedades, pol\u00edtica y las \u00faltimas actualidades, con informaci\u00f3n veraz y oportuna para mantenerte siempre informad\",\"publisher\":{\"@id\":\"https:\/\/elglobal.do\/#organization\"},\"potentialAction\":[{\"@type\":\"SearchAction\",\"target\":{\"@type\":\"EntryPoint\",\"urlTemplate\":\"https:\/\/elglobal.do\/?s={search_term_string}\"},\"query-input\":{\"@type\":\"PropertyValueSpecification\",\"valueRequired\":true,\"valueName\":\"search_term_string\"}}],\"inLanguage\":\"es\"},{\"@type\":\"Organization\",\"@id\":\"https:\/\/elglobal.do\/#organization\",\"name\":\"EL GLOBAL.DO INFORMATIVO\",\"url\":\"https:\/\/elglobal.do\/\",\"logo\":{\"@type\":\"ImageObject\",\"inLanguage\":\"es\",\"@id\":\"https:\/\/elglobal.do\/#\/schema\/logo\/image\/\",\"url\":\"https:\/\/elglobal.do\/wp-content\/uploads\/2025\/08\/icon.png\",\"contentUrl\":\"https:\/\/elglobal.do\/wp-content\/uploads\/2025\/08\/icon.png\",\"width\":512,\"height\":512,\"caption\":\"EL GLOBAL.DO INFORMATIVO\"},\"image\":{\"@id\":\"https:\/\/elglobal.do\/#\/schema\/logo\/image\/\"}},{\"@type\":\"Person\",\"@id\":\"https:\/\/elglobal.do\/#\/schema\/person\/0c97ec2c7714fb605d230c292f64d55f\",\"name\":\"EL GLOBAL\",\"image\":{\"@type\":\"ImageObject\",\"inLanguage\":\"es\",\"@id\":\"https:\/\/elglobal.do\/#\/schema\/person\/image\/\",\"url\":\"https:\/\/secure.gravatar.com\/avatar\/081cfb6cf99faddc6f4e23a0c11ab98c5cf302925382d1c88dc3ed757ab910a3?s=96&d=mm&r=g\",\"contentUrl\":\"https:\/\/secure.gravatar.com\/avatar\/081cfb6cf99faddc6f4e23a0c11ab98c5cf302925382d1c88dc3ed757ab910a3?s=96&d=mm&r=g\",\"caption\":\"EL GLOBAL\"},\"description\":\"El Global Informativo es un peri\u00f3dico digital de Rep\u00fablica Dominicana que se dedica a cubrir temas importantes, como la pol\u00edtica local, geopol\u00edtica, econom\u00eda, tecnolog\u00eda, noticias internacionales y eventos relacionados con la gesti\u00f3n social, cultural y humana. Su objetivo principal es mantener a la poblaci\u00f3n informada, ofreciendo una visi\u00f3n amplia y actualizada de lo que sucede tanto en el pa\u00eds como en el mundo. Est\u00e1 dirigido por un grupo de periodistas experimentados, lo que garantiza la calidad y la precisi\u00f3n de la informaci\u00f3n que ofrecen. Tiene su sede en la ciudad de Santo Domingo y es parte integral del portafolio de la empresa, MC Global S.R.L.\",\"sameAs\":[\"https:\/\/elglobal.do\",\"https:\/\/www.instagram.com\/elglobal.do_informativo\/\"],\"url\":\"https:\/\/elglobal.do\/index.php\/author\/elglobaluserpro\/\"}]}<\/script>\n<!-- \/ Yoast SEO plugin. -->","yoast_head_json":{"title":"Vaguada provocar\u00e1 aumento de las lluvias esta tarde - EL GLOBAL INFORMATIVO","robots":{"index":"index","follow":"follow","max-snippet":"max-snippet:-1","max-image-preview":"max-image-preview:large","max-video-preview":"max-video-preview:-1"},"canonical":"https:\/\/elglobal.do\/index.php\/2025\/11\/28\/vaguada-provocara-aumento-de-las-lluvias-esta-tarde\/","og_locale":"es_ES","og_type":"article","og_title":"Vaguada provocar\u00e1 aumento de las lluvias esta tarde - EL GLOBAL INFORMATIVO","og_description":"Santo Domingo.- Las condiciones del tiempo estar\u00e1n marcadas este fin de semana por un&nbsp;aumento significativo&nbsp;de las lluvias debido a una&nbsp;vaguada&nbsp;que afecta el territorio nacional, seg\u00fan el&nbsp;informe meteorol\u00f3gico&nbsp;v\u00e1lido desde la ma\u00f1ana&hellip;","og_url":"https:\/\/elglobal.do\/index.php\/2025\/11\/28\/vaguada-provocara-aumento-de-las-lluvias-esta-tarde\/","og_site_name":"EL GLOBAL INFORMATIVO","article_published_time":"2025-11-28T11:37:52+00:00","article_modified_time":"2025-11-28T11:37:54+00:00","og_image":[{"width":896,"height":504,"url":"https:\/\/elglobal.do\/wp-content\/uploads\/2025\/11\/image-88.png","type":"image\/png"}],"author":"EL GLOBAL","twitter_card":"summary_large_image","twitter_misc":{"Escrito por":"EL GLOBAL","Tiempo de lectura":"2 minutos"},"schema":{"@context":"https:\/\/schema.org","@graph":[{"@type":"Article","@id":"https:\/\/elglobal.do\/index.php\/2025\/11\/28\/vaguada-provocara-aumento-de-las-lluvias-esta-tarde\/#article","isPartOf":{"@id":"https:\/\/elglobal.do\/index.php\/2025\/11\/28\/vaguada-provocara-aumento-de-las-lluvias-esta-tarde\/"},"author":{"name":"EL GLOBAL","@id":"https:\/\/elglobal.do\/#\/schema\/person\/0c97ec2c7714fb605d230c292f64d55f"},"headline":"Vaguada provocar\u00e1 aumento de las lluvias esta tarde","datePublished":"2025-11-28T11:37:52+00:00","dateModified":"2025-11-28T11:37:54+00:00","mainEntityOfPage":{"@id":"https:\/\/elglobal.do\/index.php\/2025\/11\/28\/vaguada-provocara-aumento-de-las-lluvias-esta-tarde\/"},"wordCount":423,"commentCount":0,"publisher":{"@id":"https:\/\/elglobal.do\/#organization"},"image":{"@id":"https:\/\/elglobal.do\/index.php\/2025\/11\/28\/vaguada-provocara-aumento-de-las-lluvias-esta-tarde\/#primaryimage"},"thumbnailUrl":"https:\/\/elglobal.do\/wp-content\/uploads\/2025\/11\/image-88.png","keywords":["#Chubascos","#Clima","#LLuvia","#Vaguada"],"articleSection":["CLIMA"],"inLanguage":"es","potentialAction":[{"@type":"CommentAction","name":"Comment","target":["https:\/\/elglobal.do\/index.php\/2025\/11\/28\/vaguada-provocara-aumento-de-las-lluvias-esta-tarde\/#respond"]}]},{"@type":"WebPage","@id":"https:\/\/elglobal.do\/index.php\/2025\/11\/28\/vaguada-provocara-aumento-de-las-lluvias-esta-tarde\/","url":"https:\/\/elglobal.do\/index.php\/2025\/11\/28\/vaguada-provocara-aumento-de-las-lluvias-esta-tarde\/","name":"Vaguada provocar\u00e1 aumento de las lluvias esta tarde - EL GLOBAL INFORMATIVO","isPartOf":{"@id":"https:\/\/elglobal.do\/#website"},"primaryImageOfPage":{"@id":"https:\/\/elglobal.do\/index.php\/2025\/11\/28\/vaguada-provocara-aumento-de-las-lluvias-esta-tarde\/#primaryimage"},"image":{"@id":"https:\/\/elglobal.do\/index.php\/2025\/11\/28\/vaguada-provocara-aumento-de-las-lluvias-esta-tarde\/#primaryimage"},"thumbnailUrl":"https:\/\/elglobal.do\/wp-content\/uploads\/2025\/11\/image-88.png","datePublished":"2025-11-28T11:37:52+00:00","dateModified":"2025-11-28T11:37:54+00:00","breadcrumb":{"@id":"https:\/\/elglobal.do\/index.php\/2025\/11\/28\/vaguada-provocara-aumento-de-las-lluvias-esta-tarde\/#breadcrumb"},"inLanguage":"es","potentialAction":[{"@type":"ReadAction","target":["https:\/\/elglobal.do\/index.php\/2025\/11\/28\/vaguada-provocara-aumento-de-las-lluvias-esta-tarde\/"]}]},{"@type":"ImageObject","inLanguage":"es","@id":"https:\/\/elglobal.do\/index.php\/2025\/11\/28\/vaguada-provocara-aumento-de-las-lluvias-esta-tarde\/#primaryimage","url":"https:\/\/elglobal.do\/wp-content\/uploads\/2025\/11\/image-88.png","contentUrl":"https:\/\/elglobal.do\/wp-content\/uploads\/2025\/11\/image-88.png","width":896,"height":504},{"@type":"BreadcrumbList","@id":"https:\/\/elglobal.do\/index.php\/2025\/11\/28\/vaguada-provocara-aumento-de-las-lluvias-esta-tarde\/#breadcrumb","itemListElement":[{"@type":"ListItem","position":1,"name":"Portada","item":"https:\/\/elglobal.do\/"},{"@type":"ListItem","position":2,"name":"Vaguada provocar\u00e1 aumento de las lluvias esta tarde"}]},{"@type":"WebSite","@id":"https:\/\/elglobal.do\/#website","url":"https:\/\/elglobal.do\/","name":"EL GLOBAL INFORMATIVO","description":"Peri\u00f3dico digital de la Rep\u00fablica Dominicana que ofrece noticias, novedades, pol\u00edtica y las \u00faltimas actualidades, con informaci\u00f3n veraz y oportuna para mantenerte siempre informad","publisher":{"@id":"https:\/\/elglobal.do\/#organization"},"potentialAction":[{"@type":"SearchAction","target":{"@type":"EntryPoint","urlTemplate":"https:\/\/elglobal.do\/?s={search_term_string}"},"query-input":{"@type":"PropertyValueSpecification","valueRequired":true,"valueName":"search_term_string"}}],"inLanguage":"es"},{"@type":"Organization","@id":"https:\/\/elglobal.do\/#organization","name":"EL GLOBAL.DO INFORMATIVO","url":"https:\/\/elglobal.do\/","logo":{"@type":"ImageObject","inLanguage":"es","@id":"https:\/\/elglobal.do\/#\/schema\/logo\/image\/","url":"https:\/\/elglobal.do\/wp-content\/uploads\/2025\/08\/icon.png","contentUrl":"https:\/\/elglobal.do\/wp-content\/uploads\/2025\/08\/icon.png","width":512,"height":512,"caption":"EL GLOBAL.DO INFORMATIVO"},"image":{"@id":"https:\/\/elglobal.do\/#\/schema\/logo\/image\/"}},{"@type":"Person","@id":"https:\/\/elglobal.do\/#\/schema\/person\/0c97ec2c7714fb605d230c292f64d55f","name":"EL GLOBAL","image":{"@type":"ImageObject","inLanguage":"es","@id":"https:\/\/elglobal.do\/#\/schema\/person\/image\/","url":"https:\/\/secure.gravatar.com\/avatar\/081cfb6cf99faddc6f4e23a0c11ab98c5cf302925382d1c88dc3ed757ab910a3?s=96&d=mm&r=g","contentUrl":"https:\/\/secure.gravatar.com\/avatar\/081cfb6cf99faddc6f4e23a0c11ab98c5cf302925382d1c88dc3ed757ab910a3?s=96&d=mm&r=g","caption":"EL GLOBAL"},"description":"El Global Informativo es un peri\u00f3dico digital de Rep\u00fablica Dominicana que se dedica a cubrir temas importantes, como la pol\u00edtica local, geopol\u00edtica, econom\u00eda, tecnolog\u00eda, noticias internacionales y eventos relacionados con la gesti\u00f3n social, cultural y humana. Su objetivo principal es mantener a la poblaci\u00f3n informada, ofreciendo una visi\u00f3n amplia y actualizada de lo que sucede tanto en el pa\u00eds como en el mundo. Est\u00e1 dirigido por un grupo de periodistas experimentados, lo que garantiza la calidad y la precisi\u00f3n de la informaci\u00f3n que ofrecen. Tiene su sede en la ciudad de Santo Domingo y es parte integral del portafolio de la empresa, MC Global S.R.L.","sameAs":["https:\/\/elglobal.do","https:\/\/www.instagram.com\/elglobal.do_informativo\/"],"url":"https:\/\/elglobal.do\/index.php\/author\/elglobaluserpro\/"}]}},"jetpack_featured_media_url":"https:\/\/elglobal.do\/wp-content\/uploads\/2025\/11\/image-88.png","jetpack_sharing_enabled":true,"_links":{"self":[{"href":"https:\/\/elglobal.do\/index.php\/wp-json\/wp\/v2\/posts\/4232","targetHints":{"allow":["GET"]}}],"collection":[{"href":"https:\/\/elglobal.do\/index.php\/wp-json\/wp\/v2\/posts"}],"about":[{"href":"https:\/\/elglobal.do\/index.php\/wp-json\/wp\/v2\/types\/post"}],"author":[{"embeddable":true,"href":"https:\/\/elglobal.do\/index.php\/wp-json\/wp\/v2\/users\/1"}],"replies":[{"embeddable":true,"href":"https:\/\/elglobal.do\/index.php\/wp-json\/wp\/v2\/comments?post=4232"}],"version-history":[{"count":1,"href":"https:\/\/elglobal.do\/index.php\/wp-json\/wp\/v2\/posts\/4232\/revisions"}],"predecessor-version":[{"id":4234,"href":"https:\/\/elglobal.do\/index.php\/wp-json\/wp\/v2\/posts\/4232\/revisions\/4234"}],"wp:featuredmedia":[{"embeddable":true,"href":"https:\/\/elglobal.do\/index.php\/wp-json\/wp\/v2\/media\/4233"}],"wp:attachment":[{"href":"https:\/\/elglobal.do\/index.php\/wp-json\/wp\/v2\/media?parent=4232"}],"wp:term":[{"taxonomy":"category","embeddable":true,"href":"https:\/\/elglobal.do\/index.php\/wp-json\/wp\/v2\/categories?post=4232"},{"taxonomy":"post_tag","embeddable":true,"href":"https:\/\/elglobal.do\/index.php\/wp-json\/wp\/v2\/tags?post=4232"}],"curies":[{"name":"wp","href":"https:\/\/api.w.org\/{rel}","templated":true}]}}