{"id":425,"date":"2025-08-01T15:05:23","date_gmt":"2025-08-01T19:05:23","guid":{"rendered":"https:\/\/elglobal.do\/?p=425"},"modified":"2025-08-01T15:05:24","modified_gmt":"2025-08-01T19:05:24","slug":"hipolito-mejia-y-otros-25-expresidentes-piden-a-onu-y-oea-atender-afectaciones-a-derechos-de-uribe","status":"publish","type":"post","link":"https:\/\/elglobal.do\/index.php\/2025\/08\/01\/hipolito-mejia-y-otros-25-expresidentes-piden-a-onu-y-oea-atender-afectaciones-a-derechos-de-uribe\/","title":{"rendered":"Hip\u00f3lito Mej\u00eda y otros 25 expresidentes piden a ONU y OEA atender \u00abafectaciones\u00bb a derechos de Uribe"},"content":{"rendered":"\n<figure class=\"wp-block-image\"><img decoding=\"async\" src=\"https:\/\/listindiario.com\/files\/main_image\/files\/fp\/uploads\/2025\/07\/16\/6877c4609c67d.r_d.209-311.jpeg\" alt=\"El expresidente Hip\u00f3lito Mej\u00eda\"\/><figcaption class=\"wp-element-caption\"><em>El expresidente Hip\u00f3lito Mej\u00eda\/ fuente externa<\/em><\/figcaption><\/figure>\n\n\n\n<p><strong>Bogot\u00e1.- <\/strong>Un grupo de 26 expresidentes de 13 pa\u00edses iberoamericanos pidieron a la <strong>ONU y a la Organizaci\u00f3n de Estados Americanos (OEA) <\/strong>que atiendan las <strong>\u00abgraves afectaciones\u00bb<\/strong> contra los derechos humanos <strong>del exmandatario colombiano \u00c1lvaro Uribe<\/strong>, que conocer\u00e1 este viernes la pena que deber\u00e1 cumplir por los delitos de fraude procesal y soborno en actuaci\u00f3n penal.<\/p>\n\n\n\n<p>As\u00ed lo manifestaron los miembros de la Iniciativa Democr\u00e1tica de Espa\u00f1a y las Am\u00e9ricas <strong>(Grupo Idea)<\/strong> al enviar una carta al alto comisionado de la ONU para los derechos humanos, Volker T\u00fcrk; la relatora especial sobre la independencia de magistrados y abogados de las Naciones Unidas, Margaret Satterthwaite; al secretario general de la OEA, Albert Randim; y a la Comisi\u00f3n Interamericana de Derechos Humanos (CIDH).<\/p>\n\n\n\n<p><strong>\u00abAcudimos ante ustedes para que (&#8230;) asuman la hist\u00f3rica responsabilidad de salvaguardar el Estado constitucional y de derecho en Colombia\u00bb<\/strong>, expresaron.<\/p>\n\n\n\n<p>En opini\u00f3n de los exmandatarios, el proceso penal contra Uribe ha estado \u00ab<strong>plagado de anomal\u00edas, que ahora han derivado en una condena judicial de primera instancia\u00bb<\/strong>.<\/p>\n\n\n\n<p>\u00abLas anomal\u00edas de dicho proceso constituyen afectaciones sistem\u00e1ticas a sus derechos amparados por la Declaraci\u00f3n Universal de los Derechos Humanos de 1948 y la Convenci\u00f3n Americana sobre Derechos Humanos\u00bb, agregaron.<\/p>\n\n\n\n<p>La carta fue suscrita por los expresidentes de Argentina Mauricio Macri; de Bolivia Carlos Mesa y Jorge Quiroga; de Chile Eduardo Frei; de Colombia Iv\u00e1n Duque; de Costa Rica \u00d3scar Arias, Rafael \u00c1ngel Calder\u00f3n y Miguel \u00c1ngel Rodr\u00edguez; de Ecuador Jamil Mahuad y Lenin Moreno; de El Salvador Alfredo Cristiani, y de M\u00e9xico Vicente Fox y Felipe Calder\u00f3n.<\/p>\n\n\n\n<p>Tambi\u00e9n la<strong> firmaron los exmandatarios <\/strong>de Panam\u00e1 Nicol\u00e1s Ardito, Mireya Moscoso y Ernesto P\u00e9rez; de Paraguay Mario Abdo Ben\u00edtez, Federico Franco y Juan Carlos Wasmosy; <strong>de Rep\u00fablica Dominicana Hip\u00f3lito Mej\u00eda<\/strong>; y de Uruguay Luis Alberto Lacalle y Julio Mar\u00eda Sanguinetti.<\/p>\n\n\n\n<p>Igualmente, el documento fue rubricado por los expresidentes espa\u00f1oles Jos\u00e9 Mar\u00eda Aznar y Mariano Rajoy; el opositor venezolano Juan Guaid\u00f3 y el exgobernador de Puerto Rico Luis Fortu\u00f1o.<\/p>\n\n\n\n<p>Uribe, de 73 a\u00f1os y jefe del partido de derechas Centro Democr\u00e1tico, se convirti\u00f3 el lunes en el primer expresidente colombiano condenado penalmente, tras ser hallado responsable, en primera instancia, de los delitos de soborno en actuaci\u00f3n penal y fraude procesal.<\/p>\n\n\n\n<p>Las v\u00edctimas acreditadas en el caso contra el expresidente, lideradas por el senador de izquierdas Iv\u00e1n Cepeda, alertaron a la ONU y a la CIDH de las \u00abpresiones externas\u00bb, espec\u00edficamente de EE.UU., sobre el poder judicial del pa\u00eds.<\/p>\n\n\n\n<p>Para esta tarde est\u00e1 previsto que la jueza a cargo del caso contra el expresidente, Sandra Heredia, d\u00e9 a conocer la pena que deber\u00e1 cumplir Uribe y que puede oscilar entre los cuatro y ocho a\u00f1os de c\u00e1rcel, seguramente domiciliaria.&nbsp;<\/p>\n\n\n\n<p>Consultar en: <a href=\"https:\/\/listindiario.com\/autor\/agencia-efe\">Agencia EFE<\/a><\/p>\n","protected":false},"excerpt":{"rendered":"<p>Bogot\u00e1.- Un grupo de 26 expresidentes de 13 pa\u00edses iberoamericanos pidieron a la ONU y a la Organizaci\u00f3n de Estados Americanos (OEA) que atiendan las \u00abgraves afectaciones\u00bb contra los derechos&hellip; <\/p>\n","protected":false},"author":1,"featured_media":426,"comment_status":"open","ping_status":"open","sticky":false,"template":"","format":"standard","meta":{"_jetpack_memberships_contains_paid_content":false,"footnotes":""},"categories":[16,1],"tags":[74,72,73,75],"class_list":["post-425","post","type-post","status-publish","format-standard","has-post-thumbnail","hentry","category-america","category-categoria-internacionales","tag-agenciaefe","tag-alvarouribe","tag-bogota","tag-hipolitomejia"],"yoast_head":"<!-- This site is optimized with the Yoast SEO plugin v26.9 - https:\/\/yoast.com\/product\/yoast-seo-wordpress\/ -->\n<title>Hip\u00f3lito Mej\u00eda y otros 25 expresidentes piden a ONU y OEA atender &quot;afectaciones&quot; a derechos de Uribe - EL GLOBAL INFORMATIVO<\/title>\n<meta name=\"robots\" content=\"index, follow, max-snippet:-1, max-image-preview:large, max-video-preview:-1\" \/>\n<link rel=\"canonical\" href=\"https:\/\/elglobal.do\/index.php\/2025\/08\/01\/hipolito-mejia-y-otros-25-expresidentes-piden-a-onu-y-oea-atender-afectaciones-a-derechos-de-uribe\/\" \/>\n<meta property=\"og:locale\" content=\"es_ES\" \/>\n<meta property=\"og:type\" content=\"article\" \/>\n<meta property=\"og:title\" content=\"Hip\u00f3lito Mej\u00eda y otros 25 expresidentes piden a ONU y OEA atender &quot;afectaciones&quot; a derechos de Uribe - EL GLOBAL INFORMATIVO\" \/>\n<meta property=\"og:description\" content=\"Bogot\u00e1.- Un grupo de 26 expresidentes de 13 pa\u00edses iberoamericanos pidieron a la ONU y a la Organizaci\u00f3n de Estados Americanos (OEA) que atiendan las \u00abgraves afectaciones\u00bb contra los derechos&hellip;\" \/>\n<meta property=\"og:url\" content=\"https:\/\/elglobal.do\/index.php\/2025\/08\/01\/hipolito-mejia-y-otros-25-expresidentes-piden-a-onu-y-oea-atender-afectaciones-a-derechos-de-uribe\/\" \/>\n<meta property=\"og:site_name\" content=\"EL GLOBAL INFORMATIVO\" \/>\n<meta property=\"article:published_time\" content=\"2025-08-01T19:05:23+00:00\" \/>\n<meta property=\"article:modified_time\" content=\"2025-08-01T19:05:24+00:00\" \/>\n<meta property=\"og:image\" content=\"https:\/\/elglobal.do\/wp-content\/uploads\/2025\/08\/Hipolito-en-Parlamento.jpg\" \/>\n\t<meta property=\"og:image:width\" content=\"593\" \/>\n\t<meta property=\"og:image:height\" content=\"550\" \/>\n\t<meta property=\"og:image:type\" content=\"image\/jpeg\" \/>\n<meta name=\"author\" content=\"EL GLOBAL\" \/>\n<meta name=\"twitter:card\" content=\"summary_large_image\" \/>\n<meta name=\"twitter:label1\" content=\"Escrito por\" \/>\n\t<meta name=\"twitter:data1\" content=\"EL GLOBAL\" \/>\n\t<meta name=\"twitter:label2\" content=\"Tiempo de lectura\" \/>\n\t<meta name=\"twitter:data2\" content=\"2 minutos\" \/>\n<script type=\"application\/ld+json\" class=\"yoast-schema-graph\">{\"@context\":\"https:\/\/schema.org\",\"@graph\":[{\"@type\":\"Article\",\"@id\":\"https:\/\/elglobal.do\/index.php\/2025\/08\/01\/hipolito-mejia-y-otros-25-expresidentes-piden-a-onu-y-oea-atender-afectaciones-a-derechos-de-uribe\/#article\",\"isPartOf\":{\"@id\":\"https:\/\/elglobal.do\/index.php\/2025\/08\/01\/hipolito-mejia-y-otros-25-expresidentes-piden-a-onu-y-oea-atender-afectaciones-a-derechos-de-uribe\/\"},\"author\":{\"name\":\"EL GLOBAL\",\"@id\":\"https:\/\/elglobal.do\/#\/schema\/person\/0c97ec2c7714fb605d230c292f64d55f\"},\"headline\":\"Hip\u00f3lito Mej\u00eda y otros 25 expresidentes piden a ONU y OEA atender \u00abafectaciones\u00bb a derechos de Uribe\",\"datePublished\":\"2025-08-01T19:05:23+00:00\",\"dateModified\":\"2025-08-01T19:05:24+00:00\",\"mainEntityOfPage\":{\"@id\":\"https:\/\/elglobal.do\/index.php\/2025\/08\/01\/hipolito-mejia-y-otros-25-expresidentes-piden-a-onu-y-oea-atender-afectaciones-a-derechos-de-uribe\/\"},\"wordCount\":511,\"commentCount\":0,\"publisher\":{\"@id\":\"https:\/\/elglobal.do\/#organization\"},\"image\":{\"@id\":\"https:\/\/elglobal.do\/index.php\/2025\/08\/01\/hipolito-mejia-y-otros-25-expresidentes-piden-a-onu-y-oea-atender-afectaciones-a-derechos-de-uribe\/#primaryimage\"},\"thumbnailUrl\":\"https:\/\/elglobal.do\/wp-content\/uploads\/2025\/08\/Hipolito-en-Parlamento.jpg\",\"keywords\":[\"#AgenciaEFE\",\"#\u00c1lvaroUribe\",\"#Bogot\u00e1\",\"#Hip\u00f3litoMej\u00eda\"],\"articleSection\":[\"AM\u00c9RICA\",\"INTERNACIONALES\"],\"inLanguage\":\"es\",\"potentialAction\":[{\"@type\":\"CommentAction\",\"name\":\"Comment\",\"target\":[\"https:\/\/elglobal.do\/index.php\/2025\/08\/01\/hipolito-mejia-y-otros-25-expresidentes-piden-a-onu-y-oea-atender-afectaciones-a-derechos-de-uribe\/#respond\"]}]},{\"@type\":\"WebPage\",\"@id\":\"https:\/\/elglobal.do\/index.php\/2025\/08\/01\/hipolito-mejia-y-otros-25-expresidentes-piden-a-onu-y-oea-atender-afectaciones-a-derechos-de-uribe\/\",\"url\":\"https:\/\/elglobal.do\/index.php\/2025\/08\/01\/hipolito-mejia-y-otros-25-expresidentes-piden-a-onu-y-oea-atender-afectaciones-a-derechos-de-uribe\/\",\"name\":\"Hip\u00f3lito Mej\u00eda y otros 25 expresidentes piden a ONU y OEA atender \\\"afectaciones\\\" a derechos de Uribe - EL GLOBAL INFORMATIVO\",\"isPartOf\":{\"@id\":\"https:\/\/elglobal.do\/#website\"},\"primaryImageOfPage\":{\"@id\":\"https:\/\/elglobal.do\/index.php\/2025\/08\/01\/hipolito-mejia-y-otros-25-expresidentes-piden-a-onu-y-oea-atender-afectaciones-a-derechos-de-uribe\/#primaryimage\"},\"image\":{\"@id\":\"https:\/\/elglobal.do\/index.php\/2025\/08\/01\/hipolito-mejia-y-otros-25-expresidentes-piden-a-onu-y-oea-atender-afectaciones-a-derechos-de-uribe\/#primaryimage\"},\"thumbnailUrl\":\"https:\/\/elglobal.do\/wp-content\/uploads\/2025\/08\/Hipolito-en-Parlamento.jpg\",\"datePublished\":\"2025-08-01T19:05:23+00:00\",\"dateModified\":\"2025-08-01T19:05:24+00:00\",\"breadcrumb\":{\"@id\":\"https:\/\/elglobal.do\/index.php\/2025\/08\/01\/hipolito-mejia-y-otros-25-expresidentes-piden-a-onu-y-oea-atender-afectaciones-a-derechos-de-uribe\/#breadcrumb\"},\"inLanguage\":\"es\",\"potentialAction\":[{\"@type\":\"ReadAction\",\"target\":[\"https:\/\/elglobal.do\/index.php\/2025\/08\/01\/hipolito-mejia-y-otros-25-expresidentes-piden-a-onu-y-oea-atender-afectaciones-a-derechos-de-uribe\/\"]}]},{\"@type\":\"ImageObject\",\"inLanguage\":\"es\",\"@id\":\"https:\/\/elglobal.do\/index.php\/2025\/08\/01\/hipolito-mejia-y-otros-25-expresidentes-piden-a-onu-y-oea-atender-afectaciones-a-derechos-de-uribe\/#primaryimage\",\"url\":\"https:\/\/elglobal.do\/wp-content\/uploads\/2025\/08\/Hipolito-en-Parlamento.jpg\",\"contentUrl\":\"https:\/\/elglobal.do\/wp-content\/uploads\/2025\/08\/Hipolito-en-Parlamento.jpg\",\"width\":593,\"height\":550},{\"@type\":\"BreadcrumbList\",\"@id\":\"https:\/\/elglobal.do\/index.php\/2025\/08\/01\/hipolito-mejia-y-otros-25-expresidentes-piden-a-onu-y-oea-atender-afectaciones-a-derechos-de-uribe\/#breadcrumb\",\"itemListElement\":[{\"@type\":\"ListItem\",\"position\":1,\"name\":\"Portada\",\"item\":\"https:\/\/elglobal.do\/\"},{\"@type\":\"ListItem\",\"position\":2,\"name\":\"Hip\u00f3lito Mej\u00eda y otros 25 expresidentes piden a ONU y OEA atender \u00abafectaciones\u00bb a derechos de Uribe\"}]},{\"@type\":\"WebSite\",\"@id\":\"https:\/\/elglobal.do\/#website\",\"url\":\"https:\/\/elglobal.do\/\",\"name\":\"EL GLOBAL INFORMATIVO\",\"description\":\"Peri\u00f3dico digital de la Rep\u00fablica Dominicana que ofrece noticias, novedades, pol\u00edtica y las \u00faltimas actualidades, con informaci\u00f3n veraz y oportuna para mantenerte siempre informad\",\"publisher\":{\"@id\":\"https:\/\/elglobal.do\/#organization\"},\"potentialAction\":[{\"@type\":\"SearchAction\",\"target\":{\"@type\":\"EntryPoint\",\"urlTemplate\":\"https:\/\/elglobal.do\/?s={search_term_string}\"},\"query-input\":{\"@type\":\"PropertyValueSpecification\",\"valueRequired\":true,\"valueName\":\"search_term_string\"}}],\"inLanguage\":\"es\"},{\"@type\":\"Organization\",\"@id\":\"https:\/\/elglobal.do\/#organization\",\"name\":\"EL GLOBAL.DO INFORMATIVO\",\"url\":\"https:\/\/elglobal.do\/\",\"logo\":{\"@type\":\"ImageObject\",\"inLanguage\":\"es\",\"@id\":\"https:\/\/elglobal.do\/#\/schema\/logo\/image\/\",\"url\":\"https:\/\/elglobal.do\/wp-content\/uploads\/2025\/08\/icon.png\",\"contentUrl\":\"https:\/\/elglobal.do\/wp-content\/uploads\/2025\/08\/icon.png\",\"width\":512,\"height\":512,\"caption\":\"EL GLOBAL.DO INFORMATIVO\"},\"image\":{\"@id\":\"https:\/\/elglobal.do\/#\/schema\/logo\/image\/\"}},{\"@type\":\"Person\",\"@id\":\"https:\/\/elglobal.do\/#\/schema\/person\/0c97ec2c7714fb605d230c292f64d55f\",\"name\":\"EL GLOBAL\",\"image\":{\"@type\":\"ImageObject\",\"inLanguage\":\"es\",\"@id\":\"https:\/\/elglobal.do\/#\/schema\/person\/image\/\",\"url\":\"https:\/\/secure.gravatar.com\/avatar\/081cfb6cf99faddc6f4e23a0c11ab98c5cf302925382d1c88dc3ed757ab910a3?s=96&d=mm&r=g\",\"contentUrl\":\"https:\/\/secure.gravatar.com\/avatar\/081cfb6cf99faddc6f4e23a0c11ab98c5cf302925382d1c88dc3ed757ab910a3?s=96&d=mm&r=g\",\"caption\":\"EL GLOBAL\"},\"description\":\"El Global Informativo es un peri\u00f3dico digital de Rep\u00fablica Dominicana que se dedica a cubrir temas importantes, como la pol\u00edtica local, geopol\u00edtica, econom\u00eda, tecnolog\u00eda, noticias internacionales y eventos relacionados con la gesti\u00f3n social, cultural y humana. Su objetivo principal es mantener a la poblaci\u00f3n informada, ofreciendo una visi\u00f3n amplia y actualizada de lo que sucede tanto en el pa\u00eds como en el mundo. Est\u00e1 dirigido por un grupo de periodistas experimentados, lo que garantiza la calidad y la precisi\u00f3n de la informaci\u00f3n que ofrecen. Tiene su sede en la ciudad de Santo Domingo y es parte integral del portafolio de la empresa, MC Global S.R.L.\",\"sameAs\":[\"https:\/\/elglobal.do\",\"https:\/\/www.instagram.com\/elglobal.do_informativo\/\"],\"url\":\"https:\/\/elglobal.do\/index.php\/author\/elglobaluserpro\/\"}]}<\/script>\n<!-- \/ Yoast SEO plugin. -->","yoast_head_json":{"title":"Hip\u00f3lito Mej\u00eda y otros 25 expresidentes piden a ONU y OEA atender \"afectaciones\" a derechos de Uribe - EL GLOBAL INFORMATIVO","robots":{"index":"index","follow":"follow","max-snippet":"max-snippet:-1","max-image-preview":"max-image-preview:large","max-video-preview":"max-video-preview:-1"},"canonical":"https:\/\/elglobal.do\/index.php\/2025\/08\/01\/hipolito-mejia-y-otros-25-expresidentes-piden-a-onu-y-oea-atender-afectaciones-a-derechos-de-uribe\/","og_locale":"es_ES","og_type":"article","og_title":"Hip\u00f3lito Mej\u00eda y otros 25 expresidentes piden a ONU y OEA atender \"afectaciones\" a derechos de Uribe - EL GLOBAL INFORMATIVO","og_description":"Bogot\u00e1.- Un grupo de 26 expresidentes de 13 pa\u00edses iberoamericanos pidieron a la ONU y a la Organizaci\u00f3n de Estados Americanos (OEA) que atiendan las \u00abgraves afectaciones\u00bb contra los derechos&hellip;","og_url":"https:\/\/elglobal.do\/index.php\/2025\/08\/01\/hipolito-mejia-y-otros-25-expresidentes-piden-a-onu-y-oea-atender-afectaciones-a-derechos-de-uribe\/","og_site_name":"EL GLOBAL INFORMATIVO","article_published_time":"2025-08-01T19:05:23+00:00","article_modified_time":"2025-08-01T19:05:24+00:00","og_image":[{"width":593,"height":550,"url":"https:\/\/elglobal.do\/wp-content\/uploads\/2025\/08\/Hipolito-en-Parlamento.jpg","type":"image\/jpeg"}],"author":"EL GLOBAL","twitter_card":"summary_large_image","twitter_misc":{"Escrito por":"EL GLOBAL","Tiempo de lectura":"2 minutos"},"schema":{"@context":"https:\/\/schema.org","@graph":[{"@type":"Article","@id":"https:\/\/elglobal.do\/index.php\/2025\/08\/01\/hipolito-mejia-y-otros-25-expresidentes-piden-a-onu-y-oea-atender-afectaciones-a-derechos-de-uribe\/#article","isPartOf":{"@id":"https:\/\/elglobal.do\/index.php\/2025\/08\/01\/hipolito-mejia-y-otros-25-expresidentes-piden-a-onu-y-oea-atender-afectaciones-a-derechos-de-uribe\/"},"author":{"name":"EL GLOBAL","@id":"https:\/\/elglobal.do\/#\/schema\/person\/0c97ec2c7714fb605d230c292f64d55f"},"headline":"Hip\u00f3lito Mej\u00eda y otros 25 expresidentes piden a ONU y OEA atender \u00abafectaciones\u00bb a derechos de Uribe","datePublished":"2025-08-01T19:05:23+00:00","dateModified":"2025-08-01T19:05:24+00:00","mainEntityOfPage":{"@id":"https:\/\/elglobal.do\/index.php\/2025\/08\/01\/hipolito-mejia-y-otros-25-expresidentes-piden-a-onu-y-oea-atender-afectaciones-a-derechos-de-uribe\/"},"wordCount":511,"commentCount":0,"publisher":{"@id":"https:\/\/elglobal.do\/#organization"},"image":{"@id":"https:\/\/elglobal.do\/index.php\/2025\/08\/01\/hipolito-mejia-y-otros-25-expresidentes-piden-a-onu-y-oea-atender-afectaciones-a-derechos-de-uribe\/#primaryimage"},"thumbnailUrl":"https:\/\/elglobal.do\/wp-content\/uploads\/2025\/08\/Hipolito-en-Parlamento.jpg","keywords":["#AgenciaEFE","#\u00c1lvaroUribe","#Bogot\u00e1","#Hip\u00f3litoMej\u00eda"],"articleSection":["AM\u00c9RICA","INTERNACIONALES"],"inLanguage":"es","potentialAction":[{"@type":"CommentAction","name":"Comment","target":["https:\/\/elglobal.do\/index.php\/2025\/08\/01\/hipolito-mejia-y-otros-25-expresidentes-piden-a-onu-y-oea-atender-afectaciones-a-derechos-de-uribe\/#respond"]}]},{"@type":"WebPage","@id":"https:\/\/elglobal.do\/index.php\/2025\/08\/01\/hipolito-mejia-y-otros-25-expresidentes-piden-a-onu-y-oea-atender-afectaciones-a-derechos-de-uribe\/","url":"https:\/\/elglobal.do\/index.php\/2025\/08\/01\/hipolito-mejia-y-otros-25-expresidentes-piden-a-onu-y-oea-atender-afectaciones-a-derechos-de-uribe\/","name":"Hip\u00f3lito Mej\u00eda y otros 25 expresidentes piden a ONU y OEA atender \"afectaciones\" a derechos de Uribe - EL GLOBAL INFORMATIVO","isPartOf":{"@id":"https:\/\/elglobal.do\/#website"},"primaryImageOfPage":{"@id":"https:\/\/elglobal.do\/index.php\/2025\/08\/01\/hipolito-mejia-y-otros-25-expresidentes-piden-a-onu-y-oea-atender-afectaciones-a-derechos-de-uribe\/#primaryimage"},"image":{"@id":"https:\/\/elglobal.do\/index.php\/2025\/08\/01\/hipolito-mejia-y-otros-25-expresidentes-piden-a-onu-y-oea-atender-afectaciones-a-derechos-de-uribe\/#primaryimage"},"thumbnailUrl":"https:\/\/elglobal.do\/wp-content\/uploads\/2025\/08\/Hipolito-en-Parlamento.jpg","datePublished":"2025-08-01T19:05:23+00:00","dateModified":"2025-08-01T19:05:24+00:00","breadcrumb":{"@id":"https:\/\/elglobal.do\/index.php\/2025\/08\/01\/hipolito-mejia-y-otros-25-expresidentes-piden-a-onu-y-oea-atender-afectaciones-a-derechos-de-uribe\/#breadcrumb"},"inLanguage":"es","potentialAction":[{"@type":"ReadAction","target":["https:\/\/elglobal.do\/index.php\/2025\/08\/01\/hipolito-mejia-y-otros-25-expresidentes-piden-a-onu-y-oea-atender-afectaciones-a-derechos-de-uribe\/"]}]},{"@type":"ImageObject","inLanguage":"es","@id":"https:\/\/elglobal.do\/index.php\/2025\/08\/01\/hipolito-mejia-y-otros-25-expresidentes-piden-a-onu-y-oea-atender-afectaciones-a-derechos-de-uribe\/#primaryimage","url":"https:\/\/elglobal.do\/wp-content\/uploads\/2025\/08\/Hipolito-en-Parlamento.jpg","contentUrl":"https:\/\/elglobal.do\/wp-content\/uploads\/2025\/08\/Hipolito-en-Parlamento.jpg","width":593,"height":550},{"@type":"BreadcrumbList","@id":"https:\/\/elglobal.do\/index.php\/2025\/08\/01\/hipolito-mejia-y-otros-25-expresidentes-piden-a-onu-y-oea-atender-afectaciones-a-derechos-de-uribe\/#breadcrumb","itemListElement":[{"@type":"ListItem","position":1,"name":"Portada","item":"https:\/\/elglobal.do\/"},{"@type":"ListItem","position":2,"name":"Hip\u00f3lito Mej\u00eda y otros 25 expresidentes piden a ONU y OEA atender \u00abafectaciones\u00bb a derechos de Uribe"}]},{"@type":"WebSite","@id":"https:\/\/elglobal.do\/#website","url":"https:\/\/elglobal.do\/","name":"EL GLOBAL INFORMATIVO","description":"Peri\u00f3dico digital de la Rep\u00fablica Dominicana que ofrece noticias, novedades, pol\u00edtica y las \u00faltimas actualidades, con informaci\u00f3n veraz y oportuna para mantenerte siempre informad","publisher":{"@id":"https:\/\/elglobal.do\/#organization"},"potentialAction":[{"@type":"SearchAction","target":{"@type":"EntryPoint","urlTemplate":"https:\/\/elglobal.do\/?s={search_term_string}"},"query-input":{"@type":"PropertyValueSpecification","valueRequired":true,"valueName":"search_term_string"}}],"inLanguage":"es"},{"@type":"Organization","@id":"https:\/\/elglobal.do\/#organization","name":"EL GLOBAL.DO INFORMATIVO","url":"https:\/\/elglobal.do\/","logo":{"@type":"ImageObject","inLanguage":"es","@id":"https:\/\/elglobal.do\/#\/schema\/logo\/image\/","url":"https:\/\/elglobal.do\/wp-content\/uploads\/2025\/08\/icon.png","contentUrl":"https:\/\/elglobal.do\/wp-content\/uploads\/2025\/08\/icon.png","width":512,"height":512,"caption":"EL GLOBAL.DO INFORMATIVO"},"image":{"@id":"https:\/\/elglobal.do\/#\/schema\/logo\/image\/"}},{"@type":"Person","@id":"https:\/\/elglobal.do\/#\/schema\/person\/0c97ec2c7714fb605d230c292f64d55f","name":"EL GLOBAL","image":{"@type":"ImageObject","inLanguage":"es","@id":"https:\/\/elglobal.do\/#\/schema\/person\/image\/","url":"https:\/\/secure.gravatar.com\/avatar\/081cfb6cf99faddc6f4e23a0c11ab98c5cf302925382d1c88dc3ed757ab910a3?s=96&d=mm&r=g","contentUrl":"https:\/\/secure.gravatar.com\/avatar\/081cfb6cf99faddc6f4e23a0c11ab98c5cf302925382d1c88dc3ed757ab910a3?s=96&d=mm&r=g","caption":"EL GLOBAL"},"description":"El Global Informativo es un peri\u00f3dico digital de Rep\u00fablica Dominicana que se dedica a cubrir temas importantes, como la pol\u00edtica local, geopol\u00edtica, econom\u00eda, tecnolog\u00eda, noticias internacionales y eventos relacionados con la gesti\u00f3n social, cultural y humana. Su objetivo principal es mantener a la poblaci\u00f3n informada, ofreciendo una visi\u00f3n amplia y actualizada de lo que sucede tanto en el pa\u00eds como en el mundo. Est\u00e1 dirigido por un grupo de periodistas experimentados, lo que garantiza la calidad y la precisi\u00f3n de la informaci\u00f3n que ofrecen. Tiene su sede en la ciudad de Santo Domingo y es parte integral del portafolio de la empresa, MC Global S.R.L.","sameAs":["https:\/\/elglobal.do","https:\/\/www.instagram.com\/elglobal.do_informativo\/"],"url":"https:\/\/elglobal.do\/index.php\/author\/elglobaluserpro\/"}]}},"jetpack_featured_media_url":"https:\/\/elglobal.do\/wp-content\/uploads\/2025\/08\/Hipolito-en-Parlamento.jpg","jetpack_sharing_enabled":true,"_links":{"self":[{"href":"https:\/\/elglobal.do\/index.php\/wp-json\/wp\/v2\/posts\/425","targetHints":{"allow":["GET"]}}],"collection":[{"href":"https:\/\/elglobal.do\/index.php\/wp-json\/wp\/v2\/posts"}],"about":[{"href":"https:\/\/elglobal.do\/index.php\/wp-json\/wp\/v2\/types\/post"}],"author":[{"embeddable":true,"href":"https:\/\/elglobal.do\/index.php\/wp-json\/wp\/v2\/users\/1"}],"replies":[{"embeddable":true,"href":"https:\/\/elglobal.do\/index.php\/wp-json\/wp\/v2\/comments?post=425"}],"version-history":[{"count":1,"href":"https:\/\/elglobal.do\/index.php\/wp-json\/wp\/v2\/posts\/425\/revisions"}],"predecessor-version":[{"id":427,"href":"https:\/\/elglobal.do\/index.php\/wp-json\/wp\/v2\/posts\/425\/revisions\/427"}],"wp:featuredmedia":[{"embeddable":true,"href":"https:\/\/elglobal.do\/index.php\/wp-json\/wp\/v2\/media\/426"}],"wp:attachment":[{"href":"https:\/\/elglobal.do\/index.php\/wp-json\/wp\/v2\/media?parent=425"}],"wp:term":[{"taxonomy":"category","embeddable":true,"href":"https:\/\/elglobal.do\/index.php\/wp-json\/wp\/v2\/categories?post=425"},{"taxonomy":"post_tag","embeddable":true,"href":"https:\/\/elglobal.do\/index.php\/wp-json\/wp\/v2\/tags?post=425"}],"curies":[{"name":"wp","href":"https:\/\/api.w.org\/{rel}","templated":true}]}}