{"id":4274,"date":"2025-12-01T10:14:03","date_gmt":"2025-12-01T14:14:03","guid":{"rendered":"https:\/\/elglobal.do\/?p=4274"},"modified":"2025-12-01T10:14:08","modified_gmt":"2025-12-01T14:14:08","slug":"hondurenos-eligen-presidente-bajo-la-amenaza-de-trump","status":"publish","type":"post","link":"https:\/\/elglobal.do\/index.php\/2025\/12\/01\/hondurenos-eligen-presidente-bajo-la-amenaza-de-trump\/","title":{"rendered":"Hondure\u00f1os eligen presidente bajo la amenaza de Trump"},"content":{"rendered":"\n<p><em>Las elecciones decidir\u00e1n si este pa\u00eds con historial de fraudes y golpes de Estado renueva la confianza en su primer gobierno de izquierda<\/em><\/p>\n\n\n\n<figure class=\"wp-block-image size-full\"><img loading=\"lazy\" decoding=\"async\" width=\"896\" height=\"504\" src=\"https:\/\/elglobal.do\/wp-content\/uploads\/2025\/12\/image-3.png\" alt=\"\" class=\"wp-image-4275\" srcset=\"https:\/\/elglobal.do\/wp-content\/uploads\/2025\/12\/image-3.png 896w, https:\/\/elglobal.do\/wp-content\/uploads\/2025\/12\/image-3-300x169.png 300w, https:\/\/elglobal.do\/wp-content\/uploads\/2025\/12\/image-3-768x432.png 768w\" sizes=\"auto, (max-width: 896px) 100vw, 896px\" \/><\/figure>\n\n\n\n<p><strong>Honduras.-<\/strong> Los&nbsp;<strong>hondure\u00f1os votaron<\/strong>&nbsp;este domingo para elegir presidente bajo la amenaza del mandatario estadounidense,&nbsp;<strong>Donald Trump<\/strong>, de recortar la ayuda al empobrecido pa\u00eds si no gana el derechista&nbsp;<strong>Nasry Asfura<\/strong>.<\/p>\n\n\n\n<p><strong>Largas filas<\/strong>&nbsp;continuaban en algunos puestos de votaci\u00f3n, por lo que el&nbsp;<strong>Consejo Nacional Electoral<\/strong>&nbsp;(CNE) dispuso que sigan abiertos&nbsp;<strong>una hora m\u00e1s<\/strong>, tras declararlos formalmente cerrados a las 17H00 locales (23H00 GMT).<\/p>\n\n\n\n<p>Ahora la gran inc\u00f3gnita es si surti\u00f3 efecto la\u00a0<strong>intervenci\u00f3n de Trump<\/strong>, quien en v\u00edsperas de estos comicios generales pidi\u00f3 votar por el exalcalde y empresario de 67 a\u00f1os\u00a0<strong>Asfura<\/strong>. De lo contrario, advirti\u00f3, Washington no \u00abmalgastar\u00e1\u00bb recursos en el pa\u00eds.<\/p>\n\n\n\n<p><strong>Asfura<\/strong>, del&nbsp;<strong>Partido Nacional<\/strong>&nbsp;(PN), figur\u00f3 en las encuestas en empate t\u00e9cnico con la abogada&nbsp;<strong>izquierdista<\/strong>&nbsp;de 60 a\u00f1os&nbsp;<strong>Rixi Moncada<\/strong>, del gobernante partido Libre, y con el presentador de televisi\u00f3n de 72 a\u00f1os, Salvador&nbsp;<strong>Nasralla<\/strong>, del derechista Partido Liberal (PL).<\/p>\n\n\n\n<p>\u00abQue (el ganador) trate de&nbsp;<strong>pensar en el pa\u00eds<\/strong>&nbsp;lejos de sus propios beneficios y (&#8230;) tenga una mira m\u00e1s all\u00e1 del pa\u00eds que una bolsa de dinero que saquear\u00bb, declar\u00f3 a la AFP&nbsp;<strong>Michelle Pineda<\/strong>, comerciante de 38 a\u00f1os.<\/p>\n\n\n\n<p>Las&nbsp;<strong>elecciones<\/strong>&nbsp;decidir\u00e1n si este pa\u00eds con&nbsp;<strong>historial de fraudes<\/strong>&nbsp;y golpes de Estado renueva la confianza en su&nbsp;<strong>primer gobierno de izquierda<\/strong>&nbsp;o sigue los pasos de Bolivia y Argentina, cuyo presidente&nbsp;<strong>Javier Milei<\/strong>&nbsp;tambi\u00e9n respald\u00f3 a&nbsp;<strong>Asfura<\/strong>.<\/p>\n\n\n\n<ul class=\"wp-block-list\">\n<li>El CNE prev\u00e9 divulgar los primeros resultados en la\u00a0<strong>noche<\/strong>.<\/li>\n<\/ul>\n\n\n\n<p>Unos&nbsp;<strong>6,5 millones<\/strong>&nbsp;de&nbsp;<strong>hondure\u00f1os<\/strong>&nbsp;estaban llamados a elegir al&nbsp;<strong>relevo de Xiomara Castro<\/strong>&nbsp;en una sola vuelta, as\u00ed como diputados y alcaldes por cuatro a\u00f1os, tras una campa\u00f1a con&nbsp;<strong>denuncias anticipadas<\/strong>&nbsp;de fraude.<\/p>\n\n\n\n<h2 class=\"wp-block-heading\">La sombra de Venezuela<\/h2>\n\n\n\n<p><strong>Francisco Assis<\/strong>, jefe de la misi\u00f3n de observadores de la OEA, destac\u00f3 que la jornada se desarroll\u00f3 en un \u00ab<strong>ambiente democr\u00e1tico<\/strong>\u00bb y con&nbsp;<strong>gran afluencia<\/strong>&nbsp;de electores. Washington asegur\u00f3 que actuar\u00e1 con \u00abfirmeza\u00bb si hay fraude.<\/p>\n\n\n\n<p>\u00abSabemos nuestros n\u00fameros. Estoy seguro del trabajo que hemos hecho. Necesitamos&nbsp;<strong>proteger el voto<\/strong>\u00ab, expres\u00f3&nbsp;<strong>Asfura<\/strong>, al concluir la votaci\u00f3n.<\/p>\n\n\n\n<p><strong>Moncada<\/strong>&nbsp;reiter\u00f3 que no reconocer\u00e1 los resultados preliminares del CNE, sino el&nbsp;<strong>conteo total<\/strong>&nbsp;de actas de votaci\u00f3n (alrededor de 20.000), que puede llevar d\u00edas.<\/p>\n\n\n\n<p><strong>Nasralla<\/strong>&nbsp;insisti\u00f3 en que la&nbsp;<strong>izquierdista<\/strong>&nbsp;quiere que los&nbsp;<strong>hondure\u00f1os<\/strong>&nbsp;pasen \u00ab<strong>hambre<\/strong>&nbsp;y ganen tres d\u00f3lares mensuales como en&nbsp;<strong>Venezuela y Cuba<\/strong>\u00ab.<\/p>\n\n\n\n<p>Para&nbsp;<strong>Trump<\/strong>, \u00abTito\u00bb&nbsp;<strong>Asfura<\/strong>&nbsp;es el \u00ab\u00fanico amigo de la libertad\u00bb, y dijo que si pierde Honduras quedar\u00e1 bajo control del presidente venezolano, Nicol\u00e1s Maduro, y \u00absus narcoterroristas\u00bb.<\/p>\n\n\n\n<p>A&nbsp;<strong>Moncada<\/strong>&nbsp;la calific\u00f3 de \u00ab<strong>comunista<\/strong>\u00bb que idolatra a&nbsp;<strong>Fidel Castro<\/strong>, y a&nbsp;<strong>Nasralla<\/strong>, un exaliado del oficialismo, de \u00abcasi&nbsp;<strong>comunista<\/strong>\u00ab.<\/p>\n\n\n\n<p><strong>Trump<\/strong>&nbsp;fue m\u00e1s lejos el viernes al anunciar que indultar\u00e1 al expresidente hondure\u00f1o&nbsp;<strong>Juan Orlando Hern\u00e1ndez<\/strong>, quien gobern\u00f3 con el PN de 2014 a 2022, y desde 2024 purga 45 a\u00f1os de c\u00e1rcel en Estados Unidos por&nbsp;<strong>narcotr\u00e1fico<\/strong>.<\/p>\n\n\n\n<p>La&nbsp;<strong>izquierdista<\/strong>&nbsp;denunci\u00f3 este domingo que el&nbsp;<strong>perd\u00f3n<\/strong>&nbsp;al \u00abcapo de la droga\u00bb fue \u00abtramitado\u00bb por las \u00e9lites locales.<\/p>\n\n\n\n<p>\u00abNo tiene nada que ver con las&nbsp;<strong>elecciones<\/strong>\u00ab, dijo a su vez&nbsp;<strong>Asfura<\/strong>, quien busca la presidencia por segunda vez tras perder en 2021 contra Castro.<\/p>\n\n\n\n<p><\/p>\n","protected":false},"excerpt":{"rendered":"<p>Las elecciones decidir\u00e1n si este pa\u00eds con historial de fraudes y golpes de Estado renueva la confianza en su primer gobierno de izquierda Honduras.- Los&nbsp;hondure\u00f1os votaron&nbsp;este domingo para elegir presidente&hellip; <\/p>\n","protected":false},"author":1,"featured_media":4275,"comment_status":"open","ping_status":"open","sticky":false,"template":"","format":"standard","meta":{"_jetpack_memberships_contains_paid_content":false,"footnotes":""},"categories":[1],"tags":[608,2283,2285,237],"class_list":["post-4274","post","type-post","status-publish","format-standard","has-post-thumbnail","hentry","category-categoria-internacionales","tag-elecciones","tag-hondurenos","tag-nasryasfura","tag-trump"],"yoast_head":"<!-- This site is optimized with the Yoast SEO plugin v26.9 - https:\/\/yoast.com\/product\/yoast-seo-wordpress\/ -->\n<title>Hondure\u00f1os eligen presidente bajo la amenaza de Trump - EL GLOBAL INFORMATIVO<\/title>\n<meta name=\"robots\" content=\"index, follow, max-snippet:-1, max-image-preview:large, max-video-preview:-1\" \/>\n<link rel=\"canonical\" href=\"https:\/\/elglobal.do\/index.php\/2025\/12\/01\/hondurenos-eligen-presidente-bajo-la-amenaza-de-trump\/\" \/>\n<meta property=\"og:locale\" content=\"es_ES\" \/>\n<meta property=\"og:type\" content=\"article\" \/>\n<meta property=\"og:title\" content=\"Hondure\u00f1os eligen presidente bajo la amenaza de Trump - EL GLOBAL INFORMATIVO\" \/>\n<meta property=\"og:description\" content=\"Las elecciones decidir\u00e1n si este pa\u00eds con historial de fraudes y golpes de Estado renueva la confianza en su primer gobierno de izquierda Honduras.- Los&nbsp;hondure\u00f1os votaron&nbsp;este domingo para elegir presidente&hellip;\" \/>\n<meta property=\"og:url\" content=\"https:\/\/elglobal.do\/index.php\/2025\/12\/01\/hondurenos-eligen-presidente-bajo-la-amenaza-de-trump\/\" \/>\n<meta property=\"og:site_name\" content=\"EL GLOBAL INFORMATIVO\" \/>\n<meta property=\"article:published_time\" content=\"2025-12-01T14:14:03+00:00\" \/>\n<meta property=\"article:modified_time\" content=\"2025-12-01T14:14:08+00:00\" \/>\n<meta property=\"og:image\" content=\"https:\/\/elglobal.do\/wp-content\/uploads\/2025\/12\/image-3.png\" \/>\n\t<meta property=\"og:image:width\" content=\"896\" \/>\n\t<meta property=\"og:image:height\" content=\"504\" \/>\n\t<meta property=\"og:image:type\" content=\"image\/png\" \/>\n<meta name=\"author\" content=\"EL GLOBAL\" \/>\n<meta name=\"twitter:card\" content=\"summary_large_image\" \/>\n<meta name=\"twitter:label1\" content=\"Escrito por\" \/>\n\t<meta name=\"twitter:data1\" content=\"EL GLOBAL\" \/>\n\t<meta name=\"twitter:label2\" content=\"Tiempo de lectura\" \/>\n\t<meta name=\"twitter:data2\" content=\"3 minutos\" \/>\n<script type=\"application\/ld+json\" class=\"yoast-schema-graph\">{\"@context\":\"https:\/\/schema.org\",\"@graph\":[{\"@type\":\"Article\",\"@id\":\"https:\/\/elglobal.do\/index.php\/2025\/12\/01\/hondurenos-eligen-presidente-bajo-la-amenaza-de-trump\/#article\",\"isPartOf\":{\"@id\":\"https:\/\/elglobal.do\/index.php\/2025\/12\/01\/hondurenos-eligen-presidente-bajo-la-amenaza-de-trump\/\"},\"author\":{\"name\":\"EL GLOBAL\",\"@id\":\"https:\/\/elglobal.do\/#\/schema\/person\/0c97ec2c7714fb605d230c292f64d55f\"},\"headline\":\"Hondure\u00f1os eligen presidente bajo la amenaza de Trump\",\"datePublished\":\"2025-12-01T14:14:03+00:00\",\"dateModified\":\"2025-12-01T14:14:08+00:00\",\"mainEntityOfPage\":{\"@id\":\"https:\/\/elglobal.do\/index.php\/2025\/12\/01\/hondurenos-eligen-presidente-bajo-la-amenaza-de-trump\/\"},\"wordCount\":635,\"commentCount\":0,\"publisher\":{\"@id\":\"https:\/\/elglobal.do\/#organization\"},\"image\":{\"@id\":\"https:\/\/elglobal.do\/index.php\/2025\/12\/01\/hondurenos-eligen-presidente-bajo-la-amenaza-de-trump\/#primaryimage\"},\"thumbnailUrl\":\"https:\/\/elglobal.do\/wp-content\/uploads\/2025\/12\/image-3.png\",\"keywords\":[\"#elecciones\",\"#Hondure\u00f1os\",\"#NasryAsfura\",\"#Trump\"],\"articleSection\":[\"INTERNACIONALES\"],\"inLanguage\":\"es\",\"potentialAction\":[{\"@type\":\"CommentAction\",\"name\":\"Comment\",\"target\":[\"https:\/\/elglobal.do\/index.php\/2025\/12\/01\/hondurenos-eligen-presidente-bajo-la-amenaza-de-trump\/#respond\"]}]},{\"@type\":\"WebPage\",\"@id\":\"https:\/\/elglobal.do\/index.php\/2025\/12\/01\/hondurenos-eligen-presidente-bajo-la-amenaza-de-trump\/\",\"url\":\"https:\/\/elglobal.do\/index.php\/2025\/12\/01\/hondurenos-eligen-presidente-bajo-la-amenaza-de-trump\/\",\"name\":\"Hondure\u00f1os eligen presidente bajo la amenaza de Trump - EL GLOBAL INFORMATIVO\",\"isPartOf\":{\"@id\":\"https:\/\/elglobal.do\/#website\"},\"primaryImageOfPage\":{\"@id\":\"https:\/\/elglobal.do\/index.php\/2025\/12\/01\/hondurenos-eligen-presidente-bajo-la-amenaza-de-trump\/#primaryimage\"},\"image\":{\"@id\":\"https:\/\/elglobal.do\/index.php\/2025\/12\/01\/hondurenos-eligen-presidente-bajo-la-amenaza-de-trump\/#primaryimage\"},\"thumbnailUrl\":\"https:\/\/elglobal.do\/wp-content\/uploads\/2025\/12\/image-3.png\",\"datePublished\":\"2025-12-01T14:14:03+00:00\",\"dateModified\":\"2025-12-01T14:14:08+00:00\",\"breadcrumb\":{\"@id\":\"https:\/\/elglobal.do\/index.php\/2025\/12\/01\/hondurenos-eligen-presidente-bajo-la-amenaza-de-trump\/#breadcrumb\"},\"inLanguage\":\"es\",\"potentialAction\":[{\"@type\":\"ReadAction\",\"target\":[\"https:\/\/elglobal.do\/index.php\/2025\/12\/01\/hondurenos-eligen-presidente-bajo-la-amenaza-de-trump\/\"]}]},{\"@type\":\"ImageObject\",\"inLanguage\":\"es\",\"@id\":\"https:\/\/elglobal.do\/index.php\/2025\/12\/01\/hondurenos-eligen-presidente-bajo-la-amenaza-de-trump\/#primaryimage\",\"url\":\"https:\/\/elglobal.do\/wp-content\/uploads\/2025\/12\/image-3.png\",\"contentUrl\":\"https:\/\/elglobal.do\/wp-content\/uploads\/2025\/12\/image-3.png\",\"width\":896,\"height\":504},{\"@type\":\"BreadcrumbList\",\"@id\":\"https:\/\/elglobal.do\/index.php\/2025\/12\/01\/hondurenos-eligen-presidente-bajo-la-amenaza-de-trump\/#breadcrumb\",\"itemListElement\":[{\"@type\":\"ListItem\",\"position\":1,\"name\":\"Portada\",\"item\":\"https:\/\/elglobal.do\/\"},{\"@type\":\"ListItem\",\"position\":2,\"name\":\"Hondure\u00f1os eligen presidente bajo la amenaza de Trump\"}]},{\"@type\":\"WebSite\",\"@id\":\"https:\/\/elglobal.do\/#website\",\"url\":\"https:\/\/elglobal.do\/\",\"name\":\"EL GLOBAL INFORMATIVO\",\"description\":\"Peri\u00f3dico digital de la Rep\u00fablica Dominicana que ofrece noticias, novedades, pol\u00edtica y las \u00faltimas actualidades, con informaci\u00f3n veraz y oportuna para mantenerte siempre informad\",\"publisher\":{\"@id\":\"https:\/\/elglobal.do\/#organization\"},\"potentialAction\":[{\"@type\":\"SearchAction\",\"target\":{\"@type\":\"EntryPoint\",\"urlTemplate\":\"https:\/\/elglobal.do\/?s={search_term_string}\"},\"query-input\":{\"@type\":\"PropertyValueSpecification\",\"valueRequired\":true,\"valueName\":\"search_term_string\"}}],\"inLanguage\":\"es\"},{\"@type\":\"Organization\",\"@id\":\"https:\/\/elglobal.do\/#organization\",\"name\":\"EL GLOBAL.DO INFORMATIVO\",\"url\":\"https:\/\/elglobal.do\/\",\"logo\":{\"@type\":\"ImageObject\",\"inLanguage\":\"es\",\"@id\":\"https:\/\/elglobal.do\/#\/schema\/logo\/image\/\",\"url\":\"https:\/\/elglobal.do\/wp-content\/uploads\/2025\/08\/icon.png\",\"contentUrl\":\"https:\/\/elglobal.do\/wp-content\/uploads\/2025\/08\/icon.png\",\"width\":512,\"height\":512,\"caption\":\"EL GLOBAL.DO INFORMATIVO\"},\"image\":{\"@id\":\"https:\/\/elglobal.do\/#\/schema\/logo\/image\/\"}},{\"@type\":\"Person\",\"@id\":\"https:\/\/elglobal.do\/#\/schema\/person\/0c97ec2c7714fb605d230c292f64d55f\",\"name\":\"EL GLOBAL\",\"image\":{\"@type\":\"ImageObject\",\"inLanguage\":\"es\",\"@id\":\"https:\/\/elglobal.do\/#\/schema\/person\/image\/\",\"url\":\"https:\/\/secure.gravatar.com\/avatar\/081cfb6cf99faddc6f4e23a0c11ab98c5cf302925382d1c88dc3ed757ab910a3?s=96&d=mm&r=g\",\"contentUrl\":\"https:\/\/secure.gravatar.com\/avatar\/081cfb6cf99faddc6f4e23a0c11ab98c5cf302925382d1c88dc3ed757ab910a3?s=96&d=mm&r=g\",\"caption\":\"EL GLOBAL\"},\"description\":\"El Global Informativo es un peri\u00f3dico digital de Rep\u00fablica Dominicana que se dedica a cubrir temas importantes, como la pol\u00edtica local, geopol\u00edtica, econom\u00eda, tecnolog\u00eda, noticias internacionales y eventos relacionados con la gesti\u00f3n social, cultural y humana. Su objetivo principal es mantener a la poblaci\u00f3n informada, ofreciendo una visi\u00f3n amplia y actualizada de lo que sucede tanto en el pa\u00eds como en el mundo. Est\u00e1 dirigido por un grupo de periodistas experimentados, lo que garantiza la calidad y la precisi\u00f3n de la informaci\u00f3n que ofrecen. Tiene su sede en la ciudad de Santo Domingo y es parte integral del portafolio de la empresa, MC Global S.R.L.\",\"sameAs\":[\"https:\/\/elglobal.do\",\"https:\/\/www.instagram.com\/elglobal.do_informativo\/\"],\"url\":\"https:\/\/elglobal.do\/index.php\/author\/elglobaluserpro\/\"}]}<\/script>\n<!-- \/ Yoast SEO plugin. -->","yoast_head_json":{"title":"Hondure\u00f1os eligen presidente bajo la amenaza de Trump - EL GLOBAL INFORMATIVO","robots":{"index":"index","follow":"follow","max-snippet":"max-snippet:-1","max-image-preview":"max-image-preview:large","max-video-preview":"max-video-preview:-1"},"canonical":"https:\/\/elglobal.do\/index.php\/2025\/12\/01\/hondurenos-eligen-presidente-bajo-la-amenaza-de-trump\/","og_locale":"es_ES","og_type":"article","og_title":"Hondure\u00f1os eligen presidente bajo la amenaza de Trump - EL GLOBAL INFORMATIVO","og_description":"Las elecciones decidir\u00e1n si este pa\u00eds con historial de fraudes y golpes de Estado renueva la confianza en su primer gobierno de izquierda Honduras.- Los&nbsp;hondure\u00f1os votaron&nbsp;este domingo para elegir presidente&hellip;","og_url":"https:\/\/elglobal.do\/index.php\/2025\/12\/01\/hondurenos-eligen-presidente-bajo-la-amenaza-de-trump\/","og_site_name":"EL GLOBAL INFORMATIVO","article_published_time":"2025-12-01T14:14:03+00:00","article_modified_time":"2025-12-01T14:14:08+00:00","og_image":[{"width":896,"height":504,"url":"https:\/\/elglobal.do\/wp-content\/uploads\/2025\/12\/image-3.png","type":"image\/png"}],"author":"EL GLOBAL","twitter_card":"summary_large_image","twitter_misc":{"Escrito por":"EL GLOBAL","Tiempo de lectura":"3 minutos"},"schema":{"@context":"https:\/\/schema.org","@graph":[{"@type":"Article","@id":"https:\/\/elglobal.do\/index.php\/2025\/12\/01\/hondurenos-eligen-presidente-bajo-la-amenaza-de-trump\/#article","isPartOf":{"@id":"https:\/\/elglobal.do\/index.php\/2025\/12\/01\/hondurenos-eligen-presidente-bajo-la-amenaza-de-trump\/"},"author":{"name":"EL GLOBAL","@id":"https:\/\/elglobal.do\/#\/schema\/person\/0c97ec2c7714fb605d230c292f64d55f"},"headline":"Hondure\u00f1os eligen presidente bajo la amenaza de Trump","datePublished":"2025-12-01T14:14:03+00:00","dateModified":"2025-12-01T14:14:08+00:00","mainEntityOfPage":{"@id":"https:\/\/elglobal.do\/index.php\/2025\/12\/01\/hondurenos-eligen-presidente-bajo-la-amenaza-de-trump\/"},"wordCount":635,"commentCount":0,"publisher":{"@id":"https:\/\/elglobal.do\/#organization"},"image":{"@id":"https:\/\/elglobal.do\/index.php\/2025\/12\/01\/hondurenos-eligen-presidente-bajo-la-amenaza-de-trump\/#primaryimage"},"thumbnailUrl":"https:\/\/elglobal.do\/wp-content\/uploads\/2025\/12\/image-3.png","keywords":["#elecciones","#Hondure\u00f1os","#NasryAsfura","#Trump"],"articleSection":["INTERNACIONALES"],"inLanguage":"es","potentialAction":[{"@type":"CommentAction","name":"Comment","target":["https:\/\/elglobal.do\/index.php\/2025\/12\/01\/hondurenos-eligen-presidente-bajo-la-amenaza-de-trump\/#respond"]}]},{"@type":"WebPage","@id":"https:\/\/elglobal.do\/index.php\/2025\/12\/01\/hondurenos-eligen-presidente-bajo-la-amenaza-de-trump\/","url":"https:\/\/elglobal.do\/index.php\/2025\/12\/01\/hondurenos-eligen-presidente-bajo-la-amenaza-de-trump\/","name":"Hondure\u00f1os eligen presidente bajo la amenaza de Trump - EL GLOBAL INFORMATIVO","isPartOf":{"@id":"https:\/\/elglobal.do\/#website"},"primaryImageOfPage":{"@id":"https:\/\/elglobal.do\/index.php\/2025\/12\/01\/hondurenos-eligen-presidente-bajo-la-amenaza-de-trump\/#primaryimage"},"image":{"@id":"https:\/\/elglobal.do\/index.php\/2025\/12\/01\/hondurenos-eligen-presidente-bajo-la-amenaza-de-trump\/#primaryimage"},"thumbnailUrl":"https:\/\/elglobal.do\/wp-content\/uploads\/2025\/12\/image-3.png","datePublished":"2025-12-01T14:14:03+00:00","dateModified":"2025-12-01T14:14:08+00:00","breadcrumb":{"@id":"https:\/\/elglobal.do\/index.php\/2025\/12\/01\/hondurenos-eligen-presidente-bajo-la-amenaza-de-trump\/#breadcrumb"},"inLanguage":"es","potentialAction":[{"@type":"ReadAction","target":["https:\/\/elglobal.do\/index.php\/2025\/12\/01\/hondurenos-eligen-presidente-bajo-la-amenaza-de-trump\/"]}]},{"@type":"ImageObject","inLanguage":"es","@id":"https:\/\/elglobal.do\/index.php\/2025\/12\/01\/hondurenos-eligen-presidente-bajo-la-amenaza-de-trump\/#primaryimage","url":"https:\/\/elglobal.do\/wp-content\/uploads\/2025\/12\/image-3.png","contentUrl":"https:\/\/elglobal.do\/wp-content\/uploads\/2025\/12\/image-3.png","width":896,"height":504},{"@type":"BreadcrumbList","@id":"https:\/\/elglobal.do\/index.php\/2025\/12\/01\/hondurenos-eligen-presidente-bajo-la-amenaza-de-trump\/#breadcrumb","itemListElement":[{"@type":"ListItem","position":1,"name":"Portada","item":"https:\/\/elglobal.do\/"},{"@type":"ListItem","position":2,"name":"Hondure\u00f1os eligen presidente bajo la amenaza de Trump"}]},{"@type":"WebSite","@id":"https:\/\/elglobal.do\/#website","url":"https:\/\/elglobal.do\/","name":"EL GLOBAL INFORMATIVO","description":"Peri\u00f3dico digital de la Rep\u00fablica Dominicana que ofrece noticias, novedades, pol\u00edtica y las \u00faltimas actualidades, con informaci\u00f3n veraz y oportuna para mantenerte siempre informad","publisher":{"@id":"https:\/\/elglobal.do\/#organization"},"potentialAction":[{"@type":"SearchAction","target":{"@type":"EntryPoint","urlTemplate":"https:\/\/elglobal.do\/?s={search_term_string}"},"query-input":{"@type":"PropertyValueSpecification","valueRequired":true,"valueName":"search_term_string"}}],"inLanguage":"es"},{"@type":"Organization","@id":"https:\/\/elglobal.do\/#organization","name":"EL GLOBAL.DO INFORMATIVO","url":"https:\/\/elglobal.do\/","logo":{"@type":"ImageObject","inLanguage":"es","@id":"https:\/\/elglobal.do\/#\/schema\/logo\/image\/","url":"https:\/\/elglobal.do\/wp-content\/uploads\/2025\/08\/icon.png","contentUrl":"https:\/\/elglobal.do\/wp-content\/uploads\/2025\/08\/icon.png","width":512,"height":512,"caption":"EL GLOBAL.DO INFORMATIVO"},"image":{"@id":"https:\/\/elglobal.do\/#\/schema\/logo\/image\/"}},{"@type":"Person","@id":"https:\/\/elglobal.do\/#\/schema\/person\/0c97ec2c7714fb605d230c292f64d55f","name":"EL GLOBAL","image":{"@type":"ImageObject","inLanguage":"es","@id":"https:\/\/elglobal.do\/#\/schema\/person\/image\/","url":"https:\/\/secure.gravatar.com\/avatar\/081cfb6cf99faddc6f4e23a0c11ab98c5cf302925382d1c88dc3ed757ab910a3?s=96&d=mm&r=g","contentUrl":"https:\/\/secure.gravatar.com\/avatar\/081cfb6cf99faddc6f4e23a0c11ab98c5cf302925382d1c88dc3ed757ab910a3?s=96&d=mm&r=g","caption":"EL GLOBAL"},"description":"El Global Informativo es un peri\u00f3dico digital de Rep\u00fablica Dominicana que se dedica a cubrir temas importantes, como la pol\u00edtica local, geopol\u00edtica, econom\u00eda, tecnolog\u00eda, noticias internacionales y eventos relacionados con la gesti\u00f3n social, cultural y humana. Su objetivo principal es mantener a la poblaci\u00f3n informada, ofreciendo una visi\u00f3n amplia y actualizada de lo que sucede tanto en el pa\u00eds como en el mundo. Est\u00e1 dirigido por un grupo de periodistas experimentados, lo que garantiza la calidad y la precisi\u00f3n de la informaci\u00f3n que ofrecen. Tiene su sede en la ciudad de Santo Domingo y es parte integral del portafolio de la empresa, MC Global S.R.L.","sameAs":["https:\/\/elglobal.do","https:\/\/www.instagram.com\/elglobal.do_informativo\/"],"url":"https:\/\/elglobal.do\/index.php\/author\/elglobaluserpro\/"}]}},"jetpack_featured_media_url":"https:\/\/elglobal.do\/wp-content\/uploads\/2025\/12\/image-3.png","jetpack_sharing_enabled":true,"_links":{"self":[{"href":"https:\/\/elglobal.do\/index.php\/wp-json\/wp\/v2\/posts\/4274","targetHints":{"allow":["GET"]}}],"collection":[{"href":"https:\/\/elglobal.do\/index.php\/wp-json\/wp\/v2\/posts"}],"about":[{"href":"https:\/\/elglobal.do\/index.php\/wp-json\/wp\/v2\/types\/post"}],"author":[{"embeddable":true,"href":"https:\/\/elglobal.do\/index.php\/wp-json\/wp\/v2\/users\/1"}],"replies":[{"embeddable":true,"href":"https:\/\/elglobal.do\/index.php\/wp-json\/wp\/v2\/comments?post=4274"}],"version-history":[{"count":1,"href":"https:\/\/elglobal.do\/index.php\/wp-json\/wp\/v2\/posts\/4274\/revisions"}],"predecessor-version":[{"id":4276,"href":"https:\/\/elglobal.do\/index.php\/wp-json\/wp\/v2\/posts\/4274\/revisions\/4276"}],"wp:featuredmedia":[{"embeddable":true,"href":"https:\/\/elglobal.do\/index.php\/wp-json\/wp\/v2\/media\/4275"}],"wp:attachment":[{"href":"https:\/\/elglobal.do\/index.php\/wp-json\/wp\/v2\/media?parent=4274"}],"wp:term":[{"taxonomy":"category","embeddable":true,"href":"https:\/\/elglobal.do\/index.php\/wp-json\/wp\/v2\/categories?post=4274"},{"taxonomy":"post_tag","embeddable":true,"href":"https:\/\/elglobal.do\/index.php\/wp-json\/wp\/v2\/tags?post=4274"}],"curies":[{"name":"wp","href":"https:\/\/api.w.org\/{rel}","templated":true}]}}