{"id":430,"date":"2025-08-01T16:06:09","date_gmt":"2025-08-01T20:06:09","guid":{"rendered":"https:\/\/elglobal.do\/?p=430"},"modified":"2025-08-13T22:01:23","modified_gmt":"2025-08-14T02:01:23","slug":"la-elite-del-poder-aplicada-en-republica-dominicana","status":"publish","type":"post","link":"https:\/\/elglobal.do\/index.php\/2025\/08\/01\/la-elite-del-poder-aplicada-en-republica-dominicana\/","title":{"rendered":"\u201cLa \u00e9lite del poder\u201d aplicada en Rep\u00fablica Dominicana"},"content":{"rendered":"\n<figure class=\"wp-block-image size-large\"><img loading=\"lazy\" decoding=\"async\" width=\"683\" height=\"1024\" src=\"https:\/\/elglobal.do\/wp-content\/uploads\/2025\/08\/La-Elite-del-Poder-1-683x1024.jpeg\" alt=\"\" class=\"wp-image-432\" srcset=\"https:\/\/elglobal.do\/wp-content\/uploads\/2025\/08\/La-Elite-del-Poder-1-683x1024.jpeg 683w, https:\/\/elglobal.do\/wp-content\/uploads\/2025\/08\/La-Elite-del-Poder-1-200x300.jpeg 200w, https:\/\/elglobal.do\/wp-content\/uploads\/2025\/08\/La-Elite-del-Poder-1-768x1152.jpeg 768w, https:\/\/elglobal.do\/wp-content\/uploads\/2025\/08\/La-Elite-del-Poder-1.jpeg 1024w\" sizes=\"auto, (max-width: 683px) 100vw, 683px\" \/><\/figure>\n\n\n\n<p><strong>Opini\u00f3n Global. &#8211;<\/strong> Los pol\u00edmatas italianos, Vilfredo Pareto y Gaetano Mosca, y de Estados Unidos; Charles Wright Mills, tres figuras legendarias que trataron ampliamente <strong>\u201cla \u00e9lite del poder\u201d<\/strong>. Gaetano Mosca dec\u00eda; <strong>\u00abDesde que una sociedad alcanza alg\u00fan tipo de desarrollo, una \u00e9lite especial es la que controla inmediatamente el poder pol\u00edtico, el poder econ\u00f3mico, el poder administrativo, el poder moral y el poder religioso\u00bb<\/strong>.<\/p>\n\n\n\n<p>En Rep\u00fablica Dominicana, en la pandemia, se estructur\u00f3 un dise\u00f1o para salir a defender a <strong>las Administradoras de Fondo de Pensiones (AFP)<\/strong>. Una campa\u00f1a grosera en contra de dos proyectos como el que se ha hecho en la actualidad, desde toda la estructura, o para llamarle de alguna forma, <strong>\u201ctoda la \u00e9lite que dirige el poder tras bastidores se puso de acuerdo para bloquear el C\u00f3digo Laboral\u201d<\/strong>, como en efecto, \u00a1lo bloquearon! Simple y sencillamente porque no les da la gana de que la cesant\u00eda no se toque, lo bloquearon atento a ellos.<\/p>\n\n\n\n<p>Pusieron al propio presidente de la Rep\u00fablica a decir que \u00e9l va a observar la Ley de Residuos S\u00f3lidos. Sin embargo, hemos visto como la <strong>\u201c\u00e9lite empresarial\u201d<\/strong> de este pa\u00eds ha hecho lo que les ha parecido con ese proyecto, pero simple y llanamente porque se niega a pagar m\u00e1s, porque la recogida y destino final de los desechos s\u00f3lidos, parece que tenemos que hacernos cargos nosotros los ciudadanos.&nbsp; &nbsp;<\/p>\n\n\n\n<p>Peor a\u00fan, \u00bfes posible que el presidente se est\u00e9 dejando presionar de sectores interesados cada vez que una legislaci\u00f3n no les convenga, y que cuando esos sectores se manifiesten, haya que cambiar las cosas por ellos?<\/p>\n\n\n\n<p><em>La pregunta importante ser\u00eda:<\/em><\/p>\n\n\n\n<p><strong>\u00bfQui\u00e9n es que gobierna?<\/strong><\/p>\n\n\n\n<p>Porque se lo hicieron a Balaguer, se lo hicieron a Leonel, toda la vida lo han hecho. Eso es lo que ha pasado siempre en toda la sociedad. Quer\u00edan otro plan de regularizaci\u00f3n y lo intentaron con todos esos gobiernos, pero nunca se les hab\u00eda permitido.<\/p>\n","protected":false},"excerpt":{"rendered":"<p>Opini\u00f3n Global. &#8211; Los pol\u00edmatas italianos, Vilfredo Pareto y Gaetano Mosca, y de Estados Unidos; Charles Wright Mills, tres figuras legendarias que trataron ampliamente \u201cla \u00e9lite del poder\u201d. Gaetano Mosca&hellip; <\/p>\n","protected":false},"author":1,"featured_media":432,"comment_status":"open","ping_status":"open","sticky":false,"template":"","format":"standard","meta":{"_jetpack_memberships_contains_paid_content":false,"footnotes":""},"categories":[20],"tags":[76,78,77],"class_list":["post-430","post","type-post","status-publish","format-standard","has-post-thumbnail","hentry","category-opinion","tag-afp","tag-codigolaboral","tag-laelitedelpoder"],"yoast_head":"<!-- This site is optimized with the Yoast SEO plugin v26.9 - https:\/\/yoast.com\/product\/yoast-seo-wordpress\/ -->\n<title>\u201cLa \u00e9lite del poder\u201d aplicada en Rep\u00fablica Dominicana - EL GLOBAL INFORMATIVO<\/title>\n<meta name=\"robots\" content=\"index, follow, max-snippet:-1, max-image-preview:large, max-video-preview:-1\" \/>\n<link rel=\"canonical\" href=\"https:\/\/elglobal.do\/index.php\/2025\/08\/01\/la-elite-del-poder-aplicada-en-republica-dominicana\/\" \/>\n<meta property=\"og:locale\" content=\"es_ES\" \/>\n<meta property=\"og:type\" content=\"article\" \/>\n<meta property=\"og:title\" content=\"\u201cLa \u00e9lite del poder\u201d aplicada en Rep\u00fablica Dominicana - EL GLOBAL INFORMATIVO\" \/>\n<meta property=\"og:description\" content=\"Opini\u00f3n Global. &#8211; Los pol\u00edmatas italianos, Vilfredo Pareto y Gaetano Mosca, y de Estados Unidos; Charles Wright Mills, tres figuras legendarias que trataron ampliamente \u201cla \u00e9lite del poder\u201d. Gaetano Mosca&hellip;\" \/>\n<meta property=\"og:url\" content=\"https:\/\/elglobal.do\/index.php\/2025\/08\/01\/la-elite-del-poder-aplicada-en-republica-dominicana\/\" \/>\n<meta property=\"og:site_name\" content=\"EL GLOBAL INFORMATIVO\" \/>\n<meta property=\"article:published_time\" content=\"2025-08-01T20:06:09+00:00\" \/>\n<meta property=\"article:modified_time\" content=\"2025-08-14T02:01:23+00:00\" \/>\n<meta property=\"og:image\" content=\"https:\/\/elglobal.do\/wp-content\/uploads\/2025\/08\/La-Elite-del-Poder-1.jpeg\" \/>\n\t<meta property=\"og:image:width\" content=\"1024\" \/>\n\t<meta property=\"og:image:height\" content=\"1536\" \/>\n\t<meta property=\"og:image:type\" content=\"image\/jpeg\" \/>\n<meta name=\"author\" content=\"EL GLOBAL\" \/>\n<meta name=\"twitter:card\" content=\"summary_large_image\" \/>\n<meta name=\"twitter:label1\" content=\"Escrito por\" \/>\n\t<meta name=\"twitter:data1\" content=\"EL GLOBAL\" \/>\n\t<meta name=\"twitter:label2\" content=\"Tiempo de lectura\" \/>\n\t<meta name=\"twitter:data2\" content=\"2 minutos\" \/>\n<script type=\"application\/ld+json\" class=\"yoast-schema-graph\">{\"@context\":\"https:\/\/schema.org\",\"@graph\":[{\"@type\":\"Article\",\"@id\":\"https:\/\/elglobal.do\/index.php\/2025\/08\/01\/la-elite-del-poder-aplicada-en-republica-dominicana\/#article\",\"isPartOf\":{\"@id\":\"https:\/\/elglobal.do\/index.php\/2025\/08\/01\/la-elite-del-poder-aplicada-en-republica-dominicana\/\"},\"author\":{\"name\":\"EL GLOBAL\",\"@id\":\"https:\/\/elglobal.do\/#\/schema\/person\/0c97ec2c7714fb605d230c292f64d55f\"},\"headline\":\"\u201cLa \u00e9lite del poder\u201d aplicada en Rep\u00fablica Dominicana\",\"datePublished\":\"2025-08-01T20:06:09+00:00\",\"dateModified\":\"2025-08-14T02:01:23+00:00\",\"mainEntityOfPage\":{\"@id\":\"https:\/\/elglobal.do\/index.php\/2025\/08\/01\/la-elite-del-poder-aplicada-en-republica-dominicana\/\"},\"wordCount\":350,\"commentCount\":0,\"publisher\":{\"@id\":\"https:\/\/elglobal.do\/#organization\"},\"image\":{\"@id\":\"https:\/\/elglobal.do\/index.php\/2025\/08\/01\/la-elite-del-poder-aplicada-en-republica-dominicana\/#primaryimage\"},\"thumbnailUrl\":\"https:\/\/elglobal.do\/wp-content\/uploads\/2025\/08\/La-Elite-del-Poder-1.jpeg\",\"keywords\":[\"#AFP\",\"#C\u00f3digoLaboral\",\"#la\u00e9litedelpoder\"],\"articleSection\":[\"OPINI\u00d3N\"],\"inLanguage\":\"es\",\"potentialAction\":[{\"@type\":\"CommentAction\",\"name\":\"Comment\",\"target\":[\"https:\/\/elglobal.do\/index.php\/2025\/08\/01\/la-elite-del-poder-aplicada-en-republica-dominicana\/#respond\"]}]},{\"@type\":\"WebPage\",\"@id\":\"https:\/\/elglobal.do\/index.php\/2025\/08\/01\/la-elite-del-poder-aplicada-en-republica-dominicana\/\",\"url\":\"https:\/\/elglobal.do\/index.php\/2025\/08\/01\/la-elite-del-poder-aplicada-en-republica-dominicana\/\",\"name\":\"\u201cLa \u00e9lite del poder\u201d aplicada en Rep\u00fablica Dominicana - EL GLOBAL INFORMATIVO\",\"isPartOf\":{\"@id\":\"https:\/\/elglobal.do\/#website\"},\"primaryImageOfPage\":{\"@id\":\"https:\/\/elglobal.do\/index.php\/2025\/08\/01\/la-elite-del-poder-aplicada-en-republica-dominicana\/#primaryimage\"},\"image\":{\"@id\":\"https:\/\/elglobal.do\/index.php\/2025\/08\/01\/la-elite-del-poder-aplicada-en-republica-dominicana\/#primaryimage\"},\"thumbnailUrl\":\"https:\/\/elglobal.do\/wp-content\/uploads\/2025\/08\/La-Elite-del-Poder-1.jpeg\",\"datePublished\":\"2025-08-01T20:06:09+00:00\",\"dateModified\":\"2025-08-14T02:01:23+00:00\",\"breadcrumb\":{\"@id\":\"https:\/\/elglobal.do\/index.php\/2025\/08\/01\/la-elite-del-poder-aplicada-en-republica-dominicana\/#breadcrumb\"},\"inLanguage\":\"es\",\"potentialAction\":[{\"@type\":\"ReadAction\",\"target\":[\"https:\/\/elglobal.do\/index.php\/2025\/08\/01\/la-elite-del-poder-aplicada-en-republica-dominicana\/\"]}]},{\"@type\":\"ImageObject\",\"inLanguage\":\"es\",\"@id\":\"https:\/\/elglobal.do\/index.php\/2025\/08\/01\/la-elite-del-poder-aplicada-en-republica-dominicana\/#primaryimage\",\"url\":\"https:\/\/elglobal.do\/wp-content\/uploads\/2025\/08\/La-Elite-del-Poder-1.jpeg\",\"contentUrl\":\"https:\/\/elglobal.do\/wp-content\/uploads\/2025\/08\/La-Elite-del-Poder-1.jpeg\",\"width\":1024,\"height\":1536},{\"@type\":\"BreadcrumbList\",\"@id\":\"https:\/\/elglobal.do\/index.php\/2025\/08\/01\/la-elite-del-poder-aplicada-en-republica-dominicana\/#breadcrumb\",\"itemListElement\":[{\"@type\":\"ListItem\",\"position\":1,\"name\":\"Portada\",\"item\":\"https:\/\/elglobal.do\/\"},{\"@type\":\"ListItem\",\"position\":2,\"name\":\"\u201cLa \u00e9lite del poder\u201d aplicada en Rep\u00fablica Dominicana\"}]},{\"@type\":\"WebSite\",\"@id\":\"https:\/\/elglobal.do\/#website\",\"url\":\"https:\/\/elglobal.do\/\",\"name\":\"EL GLOBAL INFORMATIVO\",\"description\":\"Peri\u00f3dico digital de la Rep\u00fablica Dominicana que ofrece noticias, novedades, pol\u00edtica y las \u00faltimas actualidades, con informaci\u00f3n veraz y oportuna para mantenerte siempre informad\",\"publisher\":{\"@id\":\"https:\/\/elglobal.do\/#organization\"},\"potentialAction\":[{\"@type\":\"SearchAction\",\"target\":{\"@type\":\"EntryPoint\",\"urlTemplate\":\"https:\/\/elglobal.do\/?s={search_term_string}\"},\"query-input\":{\"@type\":\"PropertyValueSpecification\",\"valueRequired\":true,\"valueName\":\"search_term_string\"}}],\"inLanguage\":\"es\"},{\"@type\":\"Organization\",\"@id\":\"https:\/\/elglobal.do\/#organization\",\"name\":\"EL GLOBAL.DO INFORMATIVO\",\"url\":\"https:\/\/elglobal.do\/\",\"logo\":{\"@type\":\"ImageObject\",\"inLanguage\":\"es\",\"@id\":\"https:\/\/elglobal.do\/#\/schema\/logo\/image\/\",\"url\":\"https:\/\/elglobal.do\/wp-content\/uploads\/2025\/08\/icon.png\",\"contentUrl\":\"https:\/\/elglobal.do\/wp-content\/uploads\/2025\/08\/icon.png\",\"width\":512,\"height\":512,\"caption\":\"EL GLOBAL.DO INFORMATIVO\"},\"image\":{\"@id\":\"https:\/\/elglobal.do\/#\/schema\/logo\/image\/\"}},{\"@type\":\"Person\",\"@id\":\"https:\/\/elglobal.do\/#\/schema\/person\/0c97ec2c7714fb605d230c292f64d55f\",\"name\":\"EL GLOBAL\",\"image\":{\"@type\":\"ImageObject\",\"inLanguage\":\"es\",\"@id\":\"https:\/\/elglobal.do\/#\/schema\/person\/image\/\",\"url\":\"https:\/\/secure.gravatar.com\/avatar\/081cfb6cf99faddc6f4e23a0c11ab98c5cf302925382d1c88dc3ed757ab910a3?s=96&d=mm&r=g\",\"contentUrl\":\"https:\/\/secure.gravatar.com\/avatar\/081cfb6cf99faddc6f4e23a0c11ab98c5cf302925382d1c88dc3ed757ab910a3?s=96&d=mm&r=g\",\"caption\":\"EL GLOBAL\"},\"description\":\"El Global Informativo es un peri\u00f3dico digital de Rep\u00fablica Dominicana que se dedica a cubrir temas importantes, como la pol\u00edtica local, geopol\u00edtica, econom\u00eda, tecnolog\u00eda, noticias internacionales y eventos relacionados con la gesti\u00f3n social, cultural y humana. Su objetivo principal es mantener a la poblaci\u00f3n informada, ofreciendo una visi\u00f3n amplia y actualizada de lo que sucede tanto en el pa\u00eds como en el mundo. Est\u00e1 dirigido por un grupo de periodistas experimentados, lo que garantiza la calidad y la precisi\u00f3n de la informaci\u00f3n que ofrecen. Tiene su sede en la ciudad de Santo Domingo y es parte integral del portafolio de la empresa, MC Global S.R.L.\",\"sameAs\":[\"https:\/\/elglobal.do\",\"https:\/\/www.instagram.com\/elglobal.do_informativo\/\"],\"url\":\"https:\/\/elglobal.do\/index.php\/author\/elglobaluserpro\/\"}]}<\/script>\n<!-- \/ Yoast SEO plugin. -->","yoast_head_json":{"title":"\u201cLa \u00e9lite del poder\u201d aplicada en Rep\u00fablica Dominicana - EL GLOBAL INFORMATIVO","robots":{"index":"index","follow":"follow","max-snippet":"max-snippet:-1","max-image-preview":"max-image-preview:large","max-video-preview":"max-video-preview:-1"},"canonical":"https:\/\/elglobal.do\/index.php\/2025\/08\/01\/la-elite-del-poder-aplicada-en-republica-dominicana\/","og_locale":"es_ES","og_type":"article","og_title":"\u201cLa \u00e9lite del poder\u201d aplicada en Rep\u00fablica Dominicana - EL GLOBAL INFORMATIVO","og_description":"Opini\u00f3n Global. &#8211; Los pol\u00edmatas italianos, Vilfredo Pareto y Gaetano Mosca, y de Estados Unidos; Charles Wright Mills, tres figuras legendarias que trataron ampliamente \u201cla \u00e9lite del poder\u201d. Gaetano Mosca&hellip;","og_url":"https:\/\/elglobal.do\/index.php\/2025\/08\/01\/la-elite-del-poder-aplicada-en-republica-dominicana\/","og_site_name":"EL GLOBAL INFORMATIVO","article_published_time":"2025-08-01T20:06:09+00:00","article_modified_time":"2025-08-14T02:01:23+00:00","og_image":[{"width":1024,"height":1536,"url":"https:\/\/elglobal.do\/wp-content\/uploads\/2025\/08\/La-Elite-del-Poder-1.jpeg","type":"image\/jpeg"}],"author":"EL GLOBAL","twitter_card":"summary_large_image","twitter_misc":{"Escrito por":"EL GLOBAL","Tiempo de lectura":"2 minutos"},"schema":{"@context":"https:\/\/schema.org","@graph":[{"@type":"Article","@id":"https:\/\/elglobal.do\/index.php\/2025\/08\/01\/la-elite-del-poder-aplicada-en-republica-dominicana\/#article","isPartOf":{"@id":"https:\/\/elglobal.do\/index.php\/2025\/08\/01\/la-elite-del-poder-aplicada-en-republica-dominicana\/"},"author":{"name":"EL GLOBAL","@id":"https:\/\/elglobal.do\/#\/schema\/person\/0c97ec2c7714fb605d230c292f64d55f"},"headline":"\u201cLa \u00e9lite del poder\u201d aplicada en Rep\u00fablica Dominicana","datePublished":"2025-08-01T20:06:09+00:00","dateModified":"2025-08-14T02:01:23+00:00","mainEntityOfPage":{"@id":"https:\/\/elglobal.do\/index.php\/2025\/08\/01\/la-elite-del-poder-aplicada-en-republica-dominicana\/"},"wordCount":350,"commentCount":0,"publisher":{"@id":"https:\/\/elglobal.do\/#organization"},"image":{"@id":"https:\/\/elglobal.do\/index.php\/2025\/08\/01\/la-elite-del-poder-aplicada-en-republica-dominicana\/#primaryimage"},"thumbnailUrl":"https:\/\/elglobal.do\/wp-content\/uploads\/2025\/08\/La-Elite-del-Poder-1.jpeg","keywords":["#AFP","#C\u00f3digoLaboral","#la\u00e9litedelpoder"],"articleSection":["OPINI\u00d3N"],"inLanguage":"es","potentialAction":[{"@type":"CommentAction","name":"Comment","target":["https:\/\/elglobal.do\/index.php\/2025\/08\/01\/la-elite-del-poder-aplicada-en-republica-dominicana\/#respond"]}]},{"@type":"WebPage","@id":"https:\/\/elglobal.do\/index.php\/2025\/08\/01\/la-elite-del-poder-aplicada-en-republica-dominicana\/","url":"https:\/\/elglobal.do\/index.php\/2025\/08\/01\/la-elite-del-poder-aplicada-en-republica-dominicana\/","name":"\u201cLa \u00e9lite del poder\u201d aplicada en Rep\u00fablica Dominicana - EL GLOBAL INFORMATIVO","isPartOf":{"@id":"https:\/\/elglobal.do\/#website"},"primaryImageOfPage":{"@id":"https:\/\/elglobal.do\/index.php\/2025\/08\/01\/la-elite-del-poder-aplicada-en-republica-dominicana\/#primaryimage"},"image":{"@id":"https:\/\/elglobal.do\/index.php\/2025\/08\/01\/la-elite-del-poder-aplicada-en-republica-dominicana\/#primaryimage"},"thumbnailUrl":"https:\/\/elglobal.do\/wp-content\/uploads\/2025\/08\/La-Elite-del-Poder-1.jpeg","datePublished":"2025-08-01T20:06:09+00:00","dateModified":"2025-08-14T02:01:23+00:00","breadcrumb":{"@id":"https:\/\/elglobal.do\/index.php\/2025\/08\/01\/la-elite-del-poder-aplicada-en-republica-dominicana\/#breadcrumb"},"inLanguage":"es","potentialAction":[{"@type":"ReadAction","target":["https:\/\/elglobal.do\/index.php\/2025\/08\/01\/la-elite-del-poder-aplicada-en-republica-dominicana\/"]}]},{"@type":"ImageObject","inLanguage":"es","@id":"https:\/\/elglobal.do\/index.php\/2025\/08\/01\/la-elite-del-poder-aplicada-en-republica-dominicana\/#primaryimage","url":"https:\/\/elglobal.do\/wp-content\/uploads\/2025\/08\/La-Elite-del-Poder-1.jpeg","contentUrl":"https:\/\/elglobal.do\/wp-content\/uploads\/2025\/08\/La-Elite-del-Poder-1.jpeg","width":1024,"height":1536},{"@type":"BreadcrumbList","@id":"https:\/\/elglobal.do\/index.php\/2025\/08\/01\/la-elite-del-poder-aplicada-en-republica-dominicana\/#breadcrumb","itemListElement":[{"@type":"ListItem","position":1,"name":"Portada","item":"https:\/\/elglobal.do\/"},{"@type":"ListItem","position":2,"name":"\u201cLa \u00e9lite del poder\u201d aplicada en Rep\u00fablica Dominicana"}]},{"@type":"WebSite","@id":"https:\/\/elglobal.do\/#website","url":"https:\/\/elglobal.do\/","name":"EL GLOBAL INFORMATIVO","description":"Peri\u00f3dico digital de la Rep\u00fablica Dominicana que ofrece noticias, novedades, pol\u00edtica y las \u00faltimas actualidades, con informaci\u00f3n veraz y oportuna para mantenerte siempre informad","publisher":{"@id":"https:\/\/elglobal.do\/#organization"},"potentialAction":[{"@type":"SearchAction","target":{"@type":"EntryPoint","urlTemplate":"https:\/\/elglobal.do\/?s={search_term_string}"},"query-input":{"@type":"PropertyValueSpecification","valueRequired":true,"valueName":"search_term_string"}}],"inLanguage":"es"},{"@type":"Organization","@id":"https:\/\/elglobal.do\/#organization","name":"EL GLOBAL.DO INFORMATIVO","url":"https:\/\/elglobal.do\/","logo":{"@type":"ImageObject","inLanguage":"es","@id":"https:\/\/elglobal.do\/#\/schema\/logo\/image\/","url":"https:\/\/elglobal.do\/wp-content\/uploads\/2025\/08\/icon.png","contentUrl":"https:\/\/elglobal.do\/wp-content\/uploads\/2025\/08\/icon.png","width":512,"height":512,"caption":"EL GLOBAL.DO INFORMATIVO"},"image":{"@id":"https:\/\/elglobal.do\/#\/schema\/logo\/image\/"}},{"@type":"Person","@id":"https:\/\/elglobal.do\/#\/schema\/person\/0c97ec2c7714fb605d230c292f64d55f","name":"EL GLOBAL","image":{"@type":"ImageObject","inLanguage":"es","@id":"https:\/\/elglobal.do\/#\/schema\/person\/image\/","url":"https:\/\/secure.gravatar.com\/avatar\/081cfb6cf99faddc6f4e23a0c11ab98c5cf302925382d1c88dc3ed757ab910a3?s=96&d=mm&r=g","contentUrl":"https:\/\/secure.gravatar.com\/avatar\/081cfb6cf99faddc6f4e23a0c11ab98c5cf302925382d1c88dc3ed757ab910a3?s=96&d=mm&r=g","caption":"EL GLOBAL"},"description":"El Global Informativo es un peri\u00f3dico digital de Rep\u00fablica Dominicana que se dedica a cubrir temas importantes, como la pol\u00edtica local, geopol\u00edtica, econom\u00eda, tecnolog\u00eda, noticias internacionales y eventos relacionados con la gesti\u00f3n social, cultural y humana. Su objetivo principal es mantener a la poblaci\u00f3n informada, ofreciendo una visi\u00f3n amplia y actualizada de lo que sucede tanto en el pa\u00eds como en el mundo. Est\u00e1 dirigido por un grupo de periodistas experimentados, lo que garantiza la calidad y la precisi\u00f3n de la informaci\u00f3n que ofrecen. Tiene su sede en la ciudad de Santo Domingo y es parte integral del portafolio de la empresa, MC Global S.R.L.","sameAs":["https:\/\/elglobal.do","https:\/\/www.instagram.com\/elglobal.do_informativo\/"],"url":"https:\/\/elglobal.do\/index.php\/author\/elglobaluserpro\/"}]}},"jetpack_featured_media_url":"https:\/\/elglobal.do\/wp-content\/uploads\/2025\/08\/La-Elite-del-Poder-1.jpeg","jetpack_sharing_enabled":true,"_links":{"self":[{"href":"https:\/\/elglobal.do\/index.php\/wp-json\/wp\/v2\/posts\/430","targetHints":{"allow":["GET"]}}],"collection":[{"href":"https:\/\/elglobal.do\/index.php\/wp-json\/wp\/v2\/posts"}],"about":[{"href":"https:\/\/elglobal.do\/index.php\/wp-json\/wp\/v2\/types\/post"}],"author":[{"embeddable":true,"href":"https:\/\/elglobal.do\/index.php\/wp-json\/wp\/v2\/users\/1"}],"replies":[{"embeddable":true,"href":"https:\/\/elglobal.do\/index.php\/wp-json\/wp\/v2\/comments?post=430"}],"version-history":[{"count":2,"href":"https:\/\/elglobal.do\/index.php\/wp-json\/wp\/v2\/posts\/430\/revisions"}],"predecessor-version":[{"id":434,"href":"https:\/\/elglobal.do\/index.php\/wp-json\/wp\/v2\/posts\/430\/revisions\/434"}],"wp:featuredmedia":[{"embeddable":true,"href":"https:\/\/elglobal.do\/index.php\/wp-json\/wp\/v2\/media\/432"}],"wp:attachment":[{"href":"https:\/\/elglobal.do\/index.php\/wp-json\/wp\/v2\/media?parent=430"}],"wp:term":[{"taxonomy":"category","embeddable":true,"href":"https:\/\/elglobal.do\/index.php\/wp-json\/wp\/v2\/categories?post=430"},{"taxonomy":"post_tag","embeddable":true,"href":"https:\/\/elglobal.do\/index.php\/wp-json\/wp\/v2\/tags?post=430"}],"curies":[{"name":"wp","href":"https:\/\/api.w.org\/{rel}","templated":true}]}}