{"id":4313,"date":"2025-12-01T13:54:30","date_gmt":"2025-12-01T17:54:30","guid":{"rendered":"https:\/\/elglobal.do\/?p=4313"},"modified":"2025-12-01T13:54:34","modified_gmt":"2025-12-01T17:54:34","slug":"estrellas-orientales-despiden-al-manager-fernando-tatis","status":"publish","type":"post","link":"https:\/\/elglobal.do\/index.php\/2025\/12\/01\/estrellas-orientales-despiden-al-manager-fernando-tatis\/","title":{"rendered":"Estrellas Orientales despiden al manager Fernando Tatis"},"content":{"rendered":"\n<figure class=\"wp-block-image size-full\"><img loading=\"lazy\" decoding=\"async\" width=\"800\" height=\"534\" src=\"https:\/\/elglobal.do\/wp-content\/uploads\/2025\/12\/image-12.png\" alt=\"\" class=\"wp-image-4314\" srcset=\"https:\/\/elglobal.do\/wp-content\/uploads\/2025\/12\/image-12.png 800w, https:\/\/elglobal.do\/wp-content\/uploads\/2025\/12\/image-12-300x200.png 300w, https:\/\/elglobal.do\/wp-content\/uploads\/2025\/12\/image-12-768x513.png 768w\" sizes=\"auto, (max-width: 800px) 100vw, 800px\" \/><\/figure>\n\n\n\n<p><strong>Santo Domingo.-<\/strong>Las\u00a0<strong>Estrellas Orientales\u00a0<\/strong>despidieron a su dirigente\u00a0<strong>Fernando Tatis<\/strong>, luego de que el equipo sufriera su segunda derrota consecutiva ante los\u00a0<strong>Leones del Escogid<\/strong>o.<\/p>\n\n\n\n<p id=\"m104668-104667-104669\">El conjunto verde inform\u00f3 en sus redes sociales que la&nbsp;<strong>desvinculaci\u00f3n&nbsp;<\/strong>se llev\u00f3 a cabo debido al malestar de varios jugadores tras las recientes declaraciones del capataz.<\/p>\n\n\n\n<p id=\"m104673-104672-104674\">\u201cLa decisi\u00f3n fue tomada por la directiva tras la manifiesta inconformidad de un significativo n\u00famero de jugadores respecto a sus recientes declaraciones p\u00fablicas. La organizaci\u00f3n lamenta esta separaci\u00f3n, pero prioriza la cohesi\u00f3n del equipo para lograr el \u00e9xito deportivo. Agradecemos a&nbsp;<strong>Fernando Tatis&nbsp;<\/strong>por su trabajo y dedicaci\u00f3n\u201d.<\/p>\n\n\n\n<p id=\"m104678-104677-104679\">En horas de la ma\u00f1ana del viernes, Tatis hab\u00eda expresado su malestar en el programa&nbsp;<strong>Ma\u00f1ana Deportiva<\/strong>, donde no solo habl\u00f3 de la situaci\u00f3n interna de las Estrellas, sino del ambiente general en la liga.<\/p>\n\n\n\n<p id=\"m104683-104682-104684\">Se\u00f1al\u00f3 que, a su entender, el rol de los managers ha cambiado dr\u00e1sticamente, hasta el punto de convertirse \u2014seg\u00fan dijo\u2014 en \u201c<strong>ni\u00f1eros<\/strong>\u201d de los jugadores.<\/p>\n\n\n\n<p id=\"m104688-104687-104689\">\u201cAhora uno tiene que estar a\u00f1o\u00f1ando a los jugadores. Los&nbsp;<strong>peloteros<\/strong>, si no quieren jugar, no juegan. Si dicen que les duele la barriga, simplemente no juegan. Uno tiene que estar atr\u00e1s de ellos.&nbsp;<strong>Cada jugador que quiera ni\u00f1era o que quiera que lo a\u00f1o\u00f1en<\/strong>,&nbsp;<strong>que se vaya para su casa<\/strong>\u201d, hab\u00eda dicho Tatis en el referido programa.<\/p>\n\n\n\n<p id=\"m104693-104692-104694\">La<strong>&nbsp;destituci\u00f3n de Tatis<\/strong>&nbsp;llega en un momento complicado para las&nbsp;<strong>Estrellas<\/strong>, que actualmente ocupan el \u00faltimo lugar con 13 victorias y 18 derrotas, aunque todav\u00eda se mantienen a solo dos partidos del segundo puesto y a uno de la cuarta posici\u00f3n clasificatoria.<\/p>\n\n\n\n<p id=\"m104698-104697-104699\">Tatis, no obstante, deja una importante huella en la organizaci\u00f3n: condujo al club a tres&nbsp;<strong>Series Finales<\/strong>&nbsp;en los \u00faltimos cuatro a\u00f1os y fue el dirigente que llev\u00f3 a las Estrellas al hist\u00f3rico campeonato 2018-2019, rompiendo una sequ\u00eda de m\u00e1s de 50 a\u00f1os sin coronarse en la&nbsp;<strong>pelota invernal dominicana<\/strong>.<\/p>\n","protected":false},"excerpt":{"rendered":"<p>Santo Domingo.-Las\u00a0Estrellas Orientales\u00a0despidieron a su dirigente\u00a0Fernando Tatis, luego de que el equipo sufriera su segunda derrota consecutiva ante los\u00a0Leones del Escogido. El conjunto verde inform\u00f3 en sus redes sociales que&hellip; <\/p>\n","protected":false},"author":1,"featured_media":4314,"comment_status":"open","ping_status":"open","sticky":false,"template":"","format":"standard","meta":{"_jetpack_memberships_contains_paid_content":false,"footnotes":""},"categories":[9],"tags":[127,2310,2307,2309],"class_list":["post-4313","post","type-post","status-publish","format-standard","has-post-thumbnail","hentry","category-deportes","tag-deportes","tag-despiden","tag-estrellasorientales","tag-fernandotatis"],"yoast_head":"<!-- This site is optimized with the Yoast SEO plugin v26.9 - https:\/\/yoast.com\/product\/yoast-seo-wordpress\/ -->\n<title>Estrellas Orientales despiden al manager Fernando Tatis - EL GLOBAL INFORMATIVO<\/title>\n<meta name=\"robots\" content=\"index, follow, max-snippet:-1, max-image-preview:large, max-video-preview:-1\" \/>\n<link rel=\"canonical\" href=\"https:\/\/elglobal.do\/index.php\/2025\/12\/01\/estrellas-orientales-despiden-al-manager-fernando-tatis\/\" \/>\n<meta property=\"og:locale\" content=\"es_ES\" \/>\n<meta property=\"og:type\" content=\"article\" \/>\n<meta property=\"og:title\" content=\"Estrellas Orientales despiden al manager Fernando Tatis - EL GLOBAL INFORMATIVO\" \/>\n<meta property=\"og:description\" content=\"Santo Domingo.-Las\u00a0Estrellas Orientales\u00a0despidieron a su dirigente\u00a0Fernando Tatis, luego de que el equipo sufriera su segunda derrota consecutiva ante los\u00a0Leones del Escogido. El conjunto verde inform\u00f3 en sus redes sociales que&hellip;\" \/>\n<meta property=\"og:url\" content=\"https:\/\/elglobal.do\/index.php\/2025\/12\/01\/estrellas-orientales-despiden-al-manager-fernando-tatis\/\" \/>\n<meta property=\"og:site_name\" content=\"EL GLOBAL INFORMATIVO\" \/>\n<meta property=\"article:published_time\" content=\"2025-12-01T17:54:30+00:00\" \/>\n<meta property=\"article:modified_time\" content=\"2025-12-01T17:54:34+00:00\" \/>\n<meta property=\"og:image\" content=\"https:\/\/elglobal.do\/wp-content\/uploads\/2025\/12\/image-12.png\" \/>\n\t<meta property=\"og:image:width\" content=\"800\" \/>\n\t<meta property=\"og:image:height\" content=\"534\" \/>\n\t<meta property=\"og:image:type\" content=\"image\/png\" \/>\n<meta name=\"author\" content=\"EL GLOBAL\" \/>\n<meta name=\"twitter:card\" content=\"summary_large_image\" \/>\n<meta name=\"twitter:label1\" content=\"Escrito por\" \/>\n\t<meta name=\"twitter:data1\" content=\"EL GLOBAL\" \/>\n\t<meta name=\"twitter:label2\" content=\"Tiempo de lectura\" \/>\n\t<meta name=\"twitter:data2\" content=\"2 minutos\" \/>\n<script type=\"application\/ld+json\" class=\"yoast-schema-graph\">{\"@context\":\"https:\/\/schema.org\",\"@graph\":[{\"@type\":\"Article\",\"@id\":\"https:\/\/elglobal.do\/index.php\/2025\/12\/01\/estrellas-orientales-despiden-al-manager-fernando-tatis\/#article\",\"isPartOf\":{\"@id\":\"https:\/\/elglobal.do\/index.php\/2025\/12\/01\/estrellas-orientales-despiden-al-manager-fernando-tatis\/\"},\"author\":{\"name\":\"EL GLOBAL\",\"@id\":\"https:\/\/elglobal.do\/#\/schema\/person\/0c97ec2c7714fb605d230c292f64d55f\"},\"headline\":\"Estrellas Orientales despiden al manager Fernando Tatis\",\"datePublished\":\"2025-12-01T17:54:30+00:00\",\"dateModified\":\"2025-12-01T17:54:34+00:00\",\"mainEntityOfPage\":{\"@id\":\"https:\/\/elglobal.do\/index.php\/2025\/12\/01\/estrellas-orientales-despiden-al-manager-fernando-tatis\/\"},\"wordCount\":362,\"commentCount\":0,\"publisher\":{\"@id\":\"https:\/\/elglobal.do\/#organization\"},\"image\":{\"@id\":\"https:\/\/elglobal.do\/index.php\/2025\/12\/01\/estrellas-orientales-despiden-al-manager-fernando-tatis\/#primaryimage\"},\"thumbnailUrl\":\"https:\/\/elglobal.do\/wp-content\/uploads\/2025\/12\/image-12.png\",\"keywords\":[\"#Deportes\",\"#Despiden\",\"#EstrellasOrientales\",\"#FernandoTatis\"],\"articleSection\":[\"DEPORTES\"],\"inLanguage\":\"es\",\"potentialAction\":[{\"@type\":\"CommentAction\",\"name\":\"Comment\",\"target\":[\"https:\/\/elglobal.do\/index.php\/2025\/12\/01\/estrellas-orientales-despiden-al-manager-fernando-tatis\/#respond\"]}]},{\"@type\":\"WebPage\",\"@id\":\"https:\/\/elglobal.do\/index.php\/2025\/12\/01\/estrellas-orientales-despiden-al-manager-fernando-tatis\/\",\"url\":\"https:\/\/elglobal.do\/index.php\/2025\/12\/01\/estrellas-orientales-despiden-al-manager-fernando-tatis\/\",\"name\":\"Estrellas Orientales despiden al manager Fernando Tatis - EL GLOBAL INFORMATIVO\",\"isPartOf\":{\"@id\":\"https:\/\/elglobal.do\/#website\"},\"primaryImageOfPage\":{\"@id\":\"https:\/\/elglobal.do\/index.php\/2025\/12\/01\/estrellas-orientales-despiden-al-manager-fernando-tatis\/#primaryimage\"},\"image\":{\"@id\":\"https:\/\/elglobal.do\/index.php\/2025\/12\/01\/estrellas-orientales-despiden-al-manager-fernando-tatis\/#primaryimage\"},\"thumbnailUrl\":\"https:\/\/elglobal.do\/wp-content\/uploads\/2025\/12\/image-12.png\",\"datePublished\":\"2025-12-01T17:54:30+00:00\",\"dateModified\":\"2025-12-01T17:54:34+00:00\",\"breadcrumb\":{\"@id\":\"https:\/\/elglobal.do\/index.php\/2025\/12\/01\/estrellas-orientales-despiden-al-manager-fernando-tatis\/#breadcrumb\"},\"inLanguage\":\"es\",\"potentialAction\":[{\"@type\":\"ReadAction\",\"target\":[\"https:\/\/elglobal.do\/index.php\/2025\/12\/01\/estrellas-orientales-despiden-al-manager-fernando-tatis\/\"]}]},{\"@type\":\"ImageObject\",\"inLanguage\":\"es\",\"@id\":\"https:\/\/elglobal.do\/index.php\/2025\/12\/01\/estrellas-orientales-despiden-al-manager-fernando-tatis\/#primaryimage\",\"url\":\"https:\/\/elglobal.do\/wp-content\/uploads\/2025\/12\/image-12.png\",\"contentUrl\":\"https:\/\/elglobal.do\/wp-content\/uploads\/2025\/12\/image-12.png\",\"width\":800,\"height\":534},{\"@type\":\"BreadcrumbList\",\"@id\":\"https:\/\/elglobal.do\/index.php\/2025\/12\/01\/estrellas-orientales-despiden-al-manager-fernando-tatis\/#breadcrumb\",\"itemListElement\":[{\"@type\":\"ListItem\",\"position\":1,\"name\":\"Portada\",\"item\":\"https:\/\/elglobal.do\/\"},{\"@type\":\"ListItem\",\"position\":2,\"name\":\"Estrellas Orientales despiden al manager Fernando Tatis\"}]},{\"@type\":\"WebSite\",\"@id\":\"https:\/\/elglobal.do\/#website\",\"url\":\"https:\/\/elglobal.do\/\",\"name\":\"EL GLOBAL INFORMATIVO\",\"description\":\"Peri\u00f3dico digital de la Rep\u00fablica Dominicana que ofrece noticias, novedades, pol\u00edtica y las \u00faltimas actualidades, con informaci\u00f3n veraz y oportuna para mantenerte siempre informad\",\"publisher\":{\"@id\":\"https:\/\/elglobal.do\/#organization\"},\"potentialAction\":[{\"@type\":\"SearchAction\",\"target\":{\"@type\":\"EntryPoint\",\"urlTemplate\":\"https:\/\/elglobal.do\/?s={search_term_string}\"},\"query-input\":{\"@type\":\"PropertyValueSpecification\",\"valueRequired\":true,\"valueName\":\"search_term_string\"}}],\"inLanguage\":\"es\"},{\"@type\":\"Organization\",\"@id\":\"https:\/\/elglobal.do\/#organization\",\"name\":\"EL GLOBAL.DO INFORMATIVO\",\"url\":\"https:\/\/elglobal.do\/\",\"logo\":{\"@type\":\"ImageObject\",\"inLanguage\":\"es\",\"@id\":\"https:\/\/elglobal.do\/#\/schema\/logo\/image\/\",\"url\":\"https:\/\/elglobal.do\/wp-content\/uploads\/2025\/08\/icon.png\",\"contentUrl\":\"https:\/\/elglobal.do\/wp-content\/uploads\/2025\/08\/icon.png\",\"width\":512,\"height\":512,\"caption\":\"EL GLOBAL.DO INFORMATIVO\"},\"image\":{\"@id\":\"https:\/\/elglobal.do\/#\/schema\/logo\/image\/\"}},{\"@type\":\"Person\",\"@id\":\"https:\/\/elglobal.do\/#\/schema\/person\/0c97ec2c7714fb605d230c292f64d55f\",\"name\":\"EL GLOBAL\",\"image\":{\"@type\":\"ImageObject\",\"inLanguage\":\"es\",\"@id\":\"https:\/\/elglobal.do\/#\/schema\/person\/image\/\",\"url\":\"https:\/\/secure.gravatar.com\/avatar\/081cfb6cf99faddc6f4e23a0c11ab98c5cf302925382d1c88dc3ed757ab910a3?s=96&d=mm&r=g\",\"contentUrl\":\"https:\/\/secure.gravatar.com\/avatar\/081cfb6cf99faddc6f4e23a0c11ab98c5cf302925382d1c88dc3ed757ab910a3?s=96&d=mm&r=g\",\"caption\":\"EL GLOBAL\"},\"description\":\"El Global Informativo es un peri\u00f3dico digital de Rep\u00fablica Dominicana que se dedica a cubrir temas importantes, como la pol\u00edtica local, geopol\u00edtica, econom\u00eda, tecnolog\u00eda, noticias internacionales y eventos relacionados con la gesti\u00f3n social, cultural y humana. Su objetivo principal es mantener a la poblaci\u00f3n informada, ofreciendo una visi\u00f3n amplia y actualizada de lo que sucede tanto en el pa\u00eds como en el mundo. Est\u00e1 dirigido por un grupo de periodistas experimentados, lo que garantiza la calidad y la precisi\u00f3n de la informaci\u00f3n que ofrecen. Tiene su sede en la ciudad de Santo Domingo y es parte integral del portafolio de la empresa, MC Global S.R.L.\",\"sameAs\":[\"https:\/\/elglobal.do\",\"https:\/\/www.instagram.com\/elglobal.do_informativo\/\"],\"url\":\"https:\/\/elglobal.do\/index.php\/author\/elglobaluserpro\/\"}]}<\/script>\n<!-- \/ Yoast SEO plugin. -->","yoast_head_json":{"title":"Estrellas Orientales despiden al manager Fernando Tatis - EL GLOBAL INFORMATIVO","robots":{"index":"index","follow":"follow","max-snippet":"max-snippet:-1","max-image-preview":"max-image-preview:large","max-video-preview":"max-video-preview:-1"},"canonical":"https:\/\/elglobal.do\/index.php\/2025\/12\/01\/estrellas-orientales-despiden-al-manager-fernando-tatis\/","og_locale":"es_ES","og_type":"article","og_title":"Estrellas Orientales despiden al manager Fernando Tatis - EL GLOBAL INFORMATIVO","og_description":"Santo Domingo.-Las\u00a0Estrellas Orientales\u00a0despidieron a su dirigente\u00a0Fernando Tatis, luego de que el equipo sufriera su segunda derrota consecutiva ante los\u00a0Leones del Escogido. El conjunto verde inform\u00f3 en sus redes sociales que&hellip;","og_url":"https:\/\/elglobal.do\/index.php\/2025\/12\/01\/estrellas-orientales-despiden-al-manager-fernando-tatis\/","og_site_name":"EL GLOBAL INFORMATIVO","article_published_time":"2025-12-01T17:54:30+00:00","article_modified_time":"2025-12-01T17:54:34+00:00","og_image":[{"width":800,"height":534,"url":"https:\/\/elglobal.do\/wp-content\/uploads\/2025\/12\/image-12.png","type":"image\/png"}],"author":"EL GLOBAL","twitter_card":"summary_large_image","twitter_misc":{"Escrito por":"EL GLOBAL","Tiempo de lectura":"2 minutos"},"schema":{"@context":"https:\/\/schema.org","@graph":[{"@type":"Article","@id":"https:\/\/elglobal.do\/index.php\/2025\/12\/01\/estrellas-orientales-despiden-al-manager-fernando-tatis\/#article","isPartOf":{"@id":"https:\/\/elglobal.do\/index.php\/2025\/12\/01\/estrellas-orientales-despiden-al-manager-fernando-tatis\/"},"author":{"name":"EL GLOBAL","@id":"https:\/\/elglobal.do\/#\/schema\/person\/0c97ec2c7714fb605d230c292f64d55f"},"headline":"Estrellas Orientales despiden al manager Fernando Tatis","datePublished":"2025-12-01T17:54:30+00:00","dateModified":"2025-12-01T17:54:34+00:00","mainEntityOfPage":{"@id":"https:\/\/elglobal.do\/index.php\/2025\/12\/01\/estrellas-orientales-despiden-al-manager-fernando-tatis\/"},"wordCount":362,"commentCount":0,"publisher":{"@id":"https:\/\/elglobal.do\/#organization"},"image":{"@id":"https:\/\/elglobal.do\/index.php\/2025\/12\/01\/estrellas-orientales-despiden-al-manager-fernando-tatis\/#primaryimage"},"thumbnailUrl":"https:\/\/elglobal.do\/wp-content\/uploads\/2025\/12\/image-12.png","keywords":["#Deportes","#Despiden","#EstrellasOrientales","#FernandoTatis"],"articleSection":["DEPORTES"],"inLanguage":"es","potentialAction":[{"@type":"CommentAction","name":"Comment","target":["https:\/\/elglobal.do\/index.php\/2025\/12\/01\/estrellas-orientales-despiden-al-manager-fernando-tatis\/#respond"]}]},{"@type":"WebPage","@id":"https:\/\/elglobal.do\/index.php\/2025\/12\/01\/estrellas-orientales-despiden-al-manager-fernando-tatis\/","url":"https:\/\/elglobal.do\/index.php\/2025\/12\/01\/estrellas-orientales-despiden-al-manager-fernando-tatis\/","name":"Estrellas Orientales despiden al manager Fernando Tatis - EL GLOBAL INFORMATIVO","isPartOf":{"@id":"https:\/\/elglobal.do\/#website"},"primaryImageOfPage":{"@id":"https:\/\/elglobal.do\/index.php\/2025\/12\/01\/estrellas-orientales-despiden-al-manager-fernando-tatis\/#primaryimage"},"image":{"@id":"https:\/\/elglobal.do\/index.php\/2025\/12\/01\/estrellas-orientales-despiden-al-manager-fernando-tatis\/#primaryimage"},"thumbnailUrl":"https:\/\/elglobal.do\/wp-content\/uploads\/2025\/12\/image-12.png","datePublished":"2025-12-01T17:54:30+00:00","dateModified":"2025-12-01T17:54:34+00:00","breadcrumb":{"@id":"https:\/\/elglobal.do\/index.php\/2025\/12\/01\/estrellas-orientales-despiden-al-manager-fernando-tatis\/#breadcrumb"},"inLanguage":"es","potentialAction":[{"@type":"ReadAction","target":["https:\/\/elglobal.do\/index.php\/2025\/12\/01\/estrellas-orientales-despiden-al-manager-fernando-tatis\/"]}]},{"@type":"ImageObject","inLanguage":"es","@id":"https:\/\/elglobal.do\/index.php\/2025\/12\/01\/estrellas-orientales-despiden-al-manager-fernando-tatis\/#primaryimage","url":"https:\/\/elglobal.do\/wp-content\/uploads\/2025\/12\/image-12.png","contentUrl":"https:\/\/elglobal.do\/wp-content\/uploads\/2025\/12\/image-12.png","width":800,"height":534},{"@type":"BreadcrumbList","@id":"https:\/\/elglobal.do\/index.php\/2025\/12\/01\/estrellas-orientales-despiden-al-manager-fernando-tatis\/#breadcrumb","itemListElement":[{"@type":"ListItem","position":1,"name":"Portada","item":"https:\/\/elglobal.do\/"},{"@type":"ListItem","position":2,"name":"Estrellas Orientales despiden al manager Fernando Tatis"}]},{"@type":"WebSite","@id":"https:\/\/elglobal.do\/#website","url":"https:\/\/elglobal.do\/","name":"EL GLOBAL INFORMATIVO","description":"Peri\u00f3dico digital de la Rep\u00fablica Dominicana que ofrece noticias, novedades, pol\u00edtica y las \u00faltimas actualidades, con informaci\u00f3n veraz y oportuna para mantenerte siempre informad","publisher":{"@id":"https:\/\/elglobal.do\/#organization"},"potentialAction":[{"@type":"SearchAction","target":{"@type":"EntryPoint","urlTemplate":"https:\/\/elglobal.do\/?s={search_term_string}"},"query-input":{"@type":"PropertyValueSpecification","valueRequired":true,"valueName":"search_term_string"}}],"inLanguage":"es"},{"@type":"Organization","@id":"https:\/\/elglobal.do\/#organization","name":"EL GLOBAL.DO INFORMATIVO","url":"https:\/\/elglobal.do\/","logo":{"@type":"ImageObject","inLanguage":"es","@id":"https:\/\/elglobal.do\/#\/schema\/logo\/image\/","url":"https:\/\/elglobal.do\/wp-content\/uploads\/2025\/08\/icon.png","contentUrl":"https:\/\/elglobal.do\/wp-content\/uploads\/2025\/08\/icon.png","width":512,"height":512,"caption":"EL GLOBAL.DO INFORMATIVO"},"image":{"@id":"https:\/\/elglobal.do\/#\/schema\/logo\/image\/"}},{"@type":"Person","@id":"https:\/\/elglobal.do\/#\/schema\/person\/0c97ec2c7714fb605d230c292f64d55f","name":"EL GLOBAL","image":{"@type":"ImageObject","inLanguage":"es","@id":"https:\/\/elglobal.do\/#\/schema\/person\/image\/","url":"https:\/\/secure.gravatar.com\/avatar\/081cfb6cf99faddc6f4e23a0c11ab98c5cf302925382d1c88dc3ed757ab910a3?s=96&d=mm&r=g","contentUrl":"https:\/\/secure.gravatar.com\/avatar\/081cfb6cf99faddc6f4e23a0c11ab98c5cf302925382d1c88dc3ed757ab910a3?s=96&d=mm&r=g","caption":"EL GLOBAL"},"description":"El Global Informativo es un peri\u00f3dico digital de Rep\u00fablica Dominicana que se dedica a cubrir temas importantes, como la pol\u00edtica local, geopol\u00edtica, econom\u00eda, tecnolog\u00eda, noticias internacionales y eventos relacionados con la gesti\u00f3n social, cultural y humana. Su objetivo principal es mantener a la poblaci\u00f3n informada, ofreciendo una visi\u00f3n amplia y actualizada de lo que sucede tanto en el pa\u00eds como en el mundo. Est\u00e1 dirigido por un grupo de periodistas experimentados, lo que garantiza la calidad y la precisi\u00f3n de la informaci\u00f3n que ofrecen. Tiene su sede en la ciudad de Santo Domingo y es parte integral del portafolio de la empresa, MC Global S.R.L.","sameAs":["https:\/\/elglobal.do","https:\/\/www.instagram.com\/elglobal.do_informativo\/"],"url":"https:\/\/elglobal.do\/index.php\/author\/elglobaluserpro\/"}]}},"jetpack_featured_media_url":"https:\/\/elglobal.do\/wp-content\/uploads\/2025\/12\/image-12.png","jetpack_sharing_enabled":true,"_links":{"self":[{"href":"https:\/\/elglobal.do\/index.php\/wp-json\/wp\/v2\/posts\/4313","targetHints":{"allow":["GET"]}}],"collection":[{"href":"https:\/\/elglobal.do\/index.php\/wp-json\/wp\/v2\/posts"}],"about":[{"href":"https:\/\/elglobal.do\/index.php\/wp-json\/wp\/v2\/types\/post"}],"author":[{"embeddable":true,"href":"https:\/\/elglobal.do\/index.php\/wp-json\/wp\/v2\/users\/1"}],"replies":[{"embeddable":true,"href":"https:\/\/elglobal.do\/index.php\/wp-json\/wp\/v2\/comments?post=4313"}],"version-history":[{"count":1,"href":"https:\/\/elglobal.do\/index.php\/wp-json\/wp\/v2\/posts\/4313\/revisions"}],"predecessor-version":[{"id":4317,"href":"https:\/\/elglobal.do\/index.php\/wp-json\/wp\/v2\/posts\/4313\/revisions\/4317"}],"wp:featuredmedia":[{"embeddable":true,"href":"https:\/\/elglobal.do\/index.php\/wp-json\/wp\/v2\/media\/4314"}],"wp:attachment":[{"href":"https:\/\/elglobal.do\/index.php\/wp-json\/wp\/v2\/media?parent=4313"}],"wp:term":[{"taxonomy":"category","embeddable":true,"href":"https:\/\/elglobal.do\/index.php\/wp-json\/wp\/v2\/categories?post=4313"},{"taxonomy":"post_tag","embeddable":true,"href":"https:\/\/elglobal.do\/index.php\/wp-json\/wp\/v2\/tags?post=4313"}],"curies":[{"name":"wp","href":"https:\/\/api.w.org\/{rel}","templated":true}]}}