{"id":4338,"date":"2025-12-02T11:53:31","date_gmt":"2025-12-02T15:53:31","guid":{"rendered":"https:\/\/elglobal.do\/?p=4338"},"modified":"2025-12-02T11:53:34","modified_gmt":"2025-12-02T15:53:34","slug":"venezuela-autoriza-a-ee-uu-reanudacion-de-vuelos-de-deportacion","status":"publish","type":"post","link":"https:\/\/elglobal.do\/index.php\/2025\/12\/02\/venezuela-autoriza-a-ee-uu-reanudacion-de-vuelos-de-deportacion\/","title":{"rendered":"Venezuela autoriza a EE.UU. reanudaci\u00f3n de vuelos de deportaci\u00f3n"},"content":{"rendered":"\n<figure class=\"wp-block-image size-full\"><img loading=\"lazy\" decoding=\"async\" width=\"800\" height=\"357\" src=\"https:\/\/elglobal.do\/wp-content\/uploads\/2025\/12\/image-16.png\" alt=\"\" class=\"wp-image-4339\" srcset=\"https:\/\/elglobal.do\/wp-content\/uploads\/2025\/12\/image-16.png 800w, https:\/\/elglobal.do\/wp-content\/uploads\/2025\/12\/image-16-300x134.png 300w, https:\/\/elglobal.do\/wp-content\/uploads\/2025\/12\/image-16-768x343.png 768w\" sizes=\"auto, (max-width: 800px) 100vw, 800px\" \/><\/figure>\n\n\n\n<p id=\"m56494-56493-56495\"><strong>Venezuela.-<\/strong>Las autoridades de\u00a0<strong>Venezuela\u00a0<\/strong>han autorizado este martes la reanudaci\u00f3n de los vuelos de deportaci\u00f3n de ciudadanos venezolanos desde\u00a0<strong>Estados Unidos,<\/strong>\u00a0una medida adoptada siguiendo la solicitud presentada previamente por la Administraci\u00f3n del presidente estadounidense,\u00a0<strong>Donald Trump.<\/strong><\/p>\n\n\n\n<p id=\"m56499-56498-56500\">La&nbsp;<strong>Autoridad Aeron\u00e1utica de Venezuela&nbsp;<\/strong>ha confirmado que ha recibido la solicitud presentada por el Gobierno de Estados Unidos para poner en marcha de nuevo estos vuelos, seg\u00fan ha indicado el Ministerio de Transportes de Venezuela en informaciones recogidas por la cadena de televisi\u00f3n VTV.<\/p>\n\n\n\n<p id=\"m56504-56503-56505\">\u00abPor instrucciones del presidente,&nbsp;<strong>Nicol\u00e1s Maduro,<\/strong>&nbsp;se autoriza el ingreso a nuestro espacio a\u00e9reo de las aeronaves operadas por la empresa Eastern Airlines en la ruta Phoenix-Maiquet\u00eda, para que los pasajeros aterricen en el Aeropuerto Internacional de Maiquet\u00eda\u00bb, ha recalcado.<\/p>\n\n\n\n<p id=\"m56509-56508-56510\">As\u00ed, se reanudar\u00e1n estos vuelos que ya ven\u00edan realiz\u00e1ndose de forma peri\u00f3dica, los mi\u00e9rcoles y viernes, desde que se suscribi\u00f3 este acuerdo de deportaci\u00f3n y repatriaci\u00f3n entre las autoridades estadounidenses y venezolanas.<\/p>\n\n\n\n<p id=\"m56514-56513-56515\">\u00abEsta autorizaci\u00f3n ha sido emitida conforme a las leyes de la<strong>&nbsp;Rep\u00fablica Bolivariana de Venezuela&nbsp;<\/strong>y a las leyes internacionales de la aviaci\u00f3n civil\u00bb, ha aseverado, al tiempo que hecho hincapi\u00e9 en la importancia del&nbsp;<strong>plan Vuelta a la Patria.<\/strong><\/p>\n\n\n\n<p id=\"m56519-56518-56520\">La medida ha sido anunciada a pesar de las recientes tensiones entre los dos pa\u00edses, cuya relaci\u00f3n bilateral ha empeorado significativamente durante los \u00faltimos meses a ra\u00edz de los ataques perpetrados por el&nbsp;<strong>Ej\u00e9rcito&nbsp;<\/strong>estadounidense contra embarcaciones en el mar Caribe.<\/p>\n\n\n\n<p id=\"m56524-56523-56525\">La situaci\u00f3n ha llevado incluso a Estados Unidos a anunciar el cierre del espacio a\u00e9reo \u00absobre\u00bb Venezuela \u00aby sus alrededores\u00bb, en un paso m\u00e1s hacia una posible invasi\u00f3n por tierra del pa\u00eds.<\/p>\n\n\n\n<p><\/p>\n","protected":false},"excerpt":{"rendered":"<p>Venezuela.-Las autoridades de\u00a0Venezuela\u00a0han autorizado este martes la reanudaci\u00f3n de los vuelos de deportaci\u00f3n de ciudadanos venezolanos desde\u00a0Estados Unidos,\u00a0una medida adoptada siguiendo la solicitud presentada previamente por la Administraci\u00f3n del presidente&hellip; <\/p>\n","protected":false},"author":1,"featured_media":4339,"comment_status":"open","ping_status":"open","sticky":false,"template":"","format":"standard","meta":{"_jetpack_memberships_contains_paid_content":false,"footnotes":""},"categories":[1],"tags":[580,972,1099,418,165],"class_list":["post-4338","post","type-post","status-publish","format-standard","has-post-thumbnail","hentry","category-categoria-internacionales","tag-donaldtrump","tag-deportacion","tag-venezuela","tag-vuelos","tag-ee-uu"],"yoast_head":"<!-- This site is optimized with the Yoast SEO plugin v26.9 - https:\/\/yoast.com\/product\/yoast-seo-wordpress\/ -->\n<title>Venezuela autoriza a EE.UU. reanudaci\u00f3n de vuelos de deportaci\u00f3n - EL GLOBAL INFORMATIVO<\/title>\n<meta name=\"robots\" content=\"index, follow, max-snippet:-1, max-image-preview:large, max-video-preview:-1\" \/>\n<link rel=\"canonical\" href=\"https:\/\/elglobal.do\/index.php\/2025\/12\/02\/venezuela-autoriza-a-ee-uu-reanudacion-de-vuelos-de-deportacion\/\" \/>\n<meta property=\"og:locale\" content=\"es_ES\" \/>\n<meta property=\"og:type\" content=\"article\" \/>\n<meta property=\"og:title\" content=\"Venezuela autoriza a EE.UU. reanudaci\u00f3n de vuelos de deportaci\u00f3n - EL GLOBAL INFORMATIVO\" \/>\n<meta property=\"og:description\" content=\"Venezuela.-Las autoridades de\u00a0Venezuela\u00a0han autorizado este martes la reanudaci\u00f3n de los vuelos de deportaci\u00f3n de ciudadanos venezolanos desde\u00a0Estados Unidos,\u00a0una medida adoptada siguiendo la solicitud presentada previamente por la Administraci\u00f3n del presidente&hellip;\" \/>\n<meta property=\"og:url\" content=\"https:\/\/elglobal.do\/index.php\/2025\/12\/02\/venezuela-autoriza-a-ee-uu-reanudacion-de-vuelos-de-deportacion\/\" \/>\n<meta property=\"og:site_name\" content=\"EL GLOBAL INFORMATIVO\" \/>\n<meta property=\"article:published_time\" content=\"2025-12-02T15:53:31+00:00\" \/>\n<meta property=\"article:modified_time\" content=\"2025-12-02T15:53:34+00:00\" \/>\n<meta property=\"og:image\" content=\"https:\/\/elglobal.do\/wp-content\/uploads\/2025\/12\/image-16.png\" \/>\n\t<meta property=\"og:image:width\" content=\"800\" \/>\n\t<meta property=\"og:image:height\" content=\"357\" \/>\n\t<meta property=\"og:image:type\" content=\"image\/png\" \/>\n<meta name=\"author\" content=\"EL GLOBAL\" \/>\n<meta name=\"twitter:card\" content=\"summary_large_image\" \/>\n<meta name=\"twitter:label1\" content=\"Escrito por\" \/>\n\t<meta name=\"twitter:data1\" content=\"EL GLOBAL\" \/>\n\t<meta name=\"twitter:label2\" content=\"Tiempo de lectura\" \/>\n\t<meta name=\"twitter:data2\" content=\"2 minutos\" \/>\n<script type=\"application\/ld+json\" class=\"yoast-schema-graph\">{\"@context\":\"https:\/\/schema.org\",\"@graph\":[{\"@type\":\"Article\",\"@id\":\"https:\/\/elglobal.do\/index.php\/2025\/12\/02\/venezuela-autoriza-a-ee-uu-reanudacion-de-vuelos-de-deportacion\/#article\",\"isPartOf\":{\"@id\":\"https:\/\/elglobal.do\/index.php\/2025\/12\/02\/venezuela-autoriza-a-ee-uu-reanudacion-de-vuelos-de-deportacion\/\"},\"author\":{\"name\":\"EL GLOBAL\",\"@id\":\"https:\/\/elglobal.do\/#\/schema\/person\/0c97ec2c7714fb605d230c292f64d55f\"},\"headline\":\"Venezuela autoriza a EE.UU. reanudaci\u00f3n de vuelos de deportaci\u00f3n\",\"datePublished\":\"2025-12-02T15:53:31+00:00\",\"dateModified\":\"2025-12-02T15:53:34+00:00\",\"mainEntityOfPage\":{\"@id\":\"https:\/\/elglobal.do\/index.php\/2025\/12\/02\/venezuela-autoriza-a-ee-uu-reanudacion-de-vuelos-de-deportacion\/\"},\"wordCount\":318,\"commentCount\":0,\"publisher\":{\"@id\":\"https:\/\/elglobal.do\/#organization\"},\"image\":{\"@id\":\"https:\/\/elglobal.do\/index.php\/2025\/12\/02\/venezuela-autoriza-a-ee-uu-reanudacion-de-vuelos-de-deportacion\/#primaryimage\"},\"thumbnailUrl\":\"https:\/\/elglobal.do\/wp-content\/uploads\/2025\/12\/image-16.png\",\"keywords\":[\"# DonaldTrump\",\"#Deportaci\u00f3n\",\"#Venezuela\",\"#Vuelos\",\"EE.UU\"],\"articleSection\":[\"INTERNACIONALES\"],\"inLanguage\":\"es\",\"potentialAction\":[{\"@type\":\"CommentAction\",\"name\":\"Comment\",\"target\":[\"https:\/\/elglobal.do\/index.php\/2025\/12\/02\/venezuela-autoriza-a-ee-uu-reanudacion-de-vuelos-de-deportacion\/#respond\"]}]},{\"@type\":\"WebPage\",\"@id\":\"https:\/\/elglobal.do\/index.php\/2025\/12\/02\/venezuela-autoriza-a-ee-uu-reanudacion-de-vuelos-de-deportacion\/\",\"url\":\"https:\/\/elglobal.do\/index.php\/2025\/12\/02\/venezuela-autoriza-a-ee-uu-reanudacion-de-vuelos-de-deportacion\/\",\"name\":\"Venezuela autoriza a EE.UU. reanudaci\u00f3n de vuelos de deportaci\u00f3n - EL GLOBAL INFORMATIVO\",\"isPartOf\":{\"@id\":\"https:\/\/elglobal.do\/#website\"},\"primaryImageOfPage\":{\"@id\":\"https:\/\/elglobal.do\/index.php\/2025\/12\/02\/venezuela-autoriza-a-ee-uu-reanudacion-de-vuelos-de-deportacion\/#primaryimage\"},\"image\":{\"@id\":\"https:\/\/elglobal.do\/index.php\/2025\/12\/02\/venezuela-autoriza-a-ee-uu-reanudacion-de-vuelos-de-deportacion\/#primaryimage\"},\"thumbnailUrl\":\"https:\/\/elglobal.do\/wp-content\/uploads\/2025\/12\/image-16.png\",\"datePublished\":\"2025-12-02T15:53:31+00:00\",\"dateModified\":\"2025-12-02T15:53:34+00:00\",\"breadcrumb\":{\"@id\":\"https:\/\/elglobal.do\/index.php\/2025\/12\/02\/venezuela-autoriza-a-ee-uu-reanudacion-de-vuelos-de-deportacion\/#breadcrumb\"},\"inLanguage\":\"es\",\"potentialAction\":[{\"@type\":\"ReadAction\",\"target\":[\"https:\/\/elglobal.do\/index.php\/2025\/12\/02\/venezuela-autoriza-a-ee-uu-reanudacion-de-vuelos-de-deportacion\/\"]}]},{\"@type\":\"ImageObject\",\"inLanguage\":\"es\",\"@id\":\"https:\/\/elglobal.do\/index.php\/2025\/12\/02\/venezuela-autoriza-a-ee-uu-reanudacion-de-vuelos-de-deportacion\/#primaryimage\",\"url\":\"https:\/\/elglobal.do\/wp-content\/uploads\/2025\/12\/image-16.png\",\"contentUrl\":\"https:\/\/elglobal.do\/wp-content\/uploads\/2025\/12\/image-16.png\",\"width\":800,\"height\":357},{\"@type\":\"BreadcrumbList\",\"@id\":\"https:\/\/elglobal.do\/index.php\/2025\/12\/02\/venezuela-autoriza-a-ee-uu-reanudacion-de-vuelos-de-deportacion\/#breadcrumb\",\"itemListElement\":[{\"@type\":\"ListItem\",\"position\":1,\"name\":\"Portada\",\"item\":\"https:\/\/elglobal.do\/\"},{\"@type\":\"ListItem\",\"position\":2,\"name\":\"Venezuela autoriza a EE.UU. reanudaci\u00f3n de vuelos de deportaci\u00f3n\"}]},{\"@type\":\"WebSite\",\"@id\":\"https:\/\/elglobal.do\/#website\",\"url\":\"https:\/\/elglobal.do\/\",\"name\":\"EL GLOBAL INFORMATIVO\",\"description\":\"Peri\u00f3dico digital de la Rep\u00fablica Dominicana que ofrece noticias, novedades, pol\u00edtica y las \u00faltimas actualidades, con informaci\u00f3n veraz y oportuna para mantenerte siempre informad\",\"publisher\":{\"@id\":\"https:\/\/elglobal.do\/#organization\"},\"potentialAction\":[{\"@type\":\"SearchAction\",\"target\":{\"@type\":\"EntryPoint\",\"urlTemplate\":\"https:\/\/elglobal.do\/?s={search_term_string}\"},\"query-input\":{\"@type\":\"PropertyValueSpecification\",\"valueRequired\":true,\"valueName\":\"search_term_string\"}}],\"inLanguage\":\"es\"},{\"@type\":\"Organization\",\"@id\":\"https:\/\/elglobal.do\/#organization\",\"name\":\"EL GLOBAL.DO INFORMATIVO\",\"url\":\"https:\/\/elglobal.do\/\",\"logo\":{\"@type\":\"ImageObject\",\"inLanguage\":\"es\",\"@id\":\"https:\/\/elglobal.do\/#\/schema\/logo\/image\/\",\"url\":\"https:\/\/elglobal.do\/wp-content\/uploads\/2025\/08\/icon.png\",\"contentUrl\":\"https:\/\/elglobal.do\/wp-content\/uploads\/2025\/08\/icon.png\",\"width\":512,\"height\":512,\"caption\":\"EL GLOBAL.DO INFORMATIVO\"},\"image\":{\"@id\":\"https:\/\/elglobal.do\/#\/schema\/logo\/image\/\"}},{\"@type\":\"Person\",\"@id\":\"https:\/\/elglobal.do\/#\/schema\/person\/0c97ec2c7714fb605d230c292f64d55f\",\"name\":\"EL GLOBAL\",\"image\":{\"@type\":\"ImageObject\",\"inLanguage\":\"es\",\"@id\":\"https:\/\/elglobal.do\/#\/schema\/person\/image\/\",\"url\":\"https:\/\/secure.gravatar.com\/avatar\/081cfb6cf99faddc6f4e23a0c11ab98c5cf302925382d1c88dc3ed757ab910a3?s=96&d=mm&r=g\",\"contentUrl\":\"https:\/\/secure.gravatar.com\/avatar\/081cfb6cf99faddc6f4e23a0c11ab98c5cf302925382d1c88dc3ed757ab910a3?s=96&d=mm&r=g\",\"caption\":\"EL GLOBAL\"},\"description\":\"El Global Informativo es un peri\u00f3dico digital de Rep\u00fablica Dominicana que se dedica a cubrir temas importantes, como la pol\u00edtica local, geopol\u00edtica, econom\u00eda, tecnolog\u00eda, noticias internacionales y eventos relacionados con la gesti\u00f3n social, cultural y humana. Su objetivo principal es mantener a la poblaci\u00f3n informada, ofreciendo una visi\u00f3n amplia y actualizada de lo que sucede tanto en el pa\u00eds como en el mundo. Est\u00e1 dirigido por un grupo de periodistas experimentados, lo que garantiza la calidad y la precisi\u00f3n de la informaci\u00f3n que ofrecen. Tiene su sede en la ciudad de Santo Domingo y es parte integral del portafolio de la empresa, MC Global S.R.L.\",\"sameAs\":[\"https:\/\/elglobal.do\",\"https:\/\/www.instagram.com\/elglobal.do_informativo\/\"],\"url\":\"https:\/\/elglobal.do\/index.php\/author\/elglobaluserpro\/\"}]}<\/script>\n<!-- \/ Yoast SEO plugin. -->","yoast_head_json":{"title":"Venezuela autoriza a EE.UU. reanudaci\u00f3n de vuelos de deportaci\u00f3n - EL GLOBAL INFORMATIVO","robots":{"index":"index","follow":"follow","max-snippet":"max-snippet:-1","max-image-preview":"max-image-preview:large","max-video-preview":"max-video-preview:-1"},"canonical":"https:\/\/elglobal.do\/index.php\/2025\/12\/02\/venezuela-autoriza-a-ee-uu-reanudacion-de-vuelos-de-deportacion\/","og_locale":"es_ES","og_type":"article","og_title":"Venezuela autoriza a EE.UU. reanudaci\u00f3n de vuelos de deportaci\u00f3n - EL GLOBAL INFORMATIVO","og_description":"Venezuela.-Las autoridades de\u00a0Venezuela\u00a0han autorizado este martes la reanudaci\u00f3n de los vuelos de deportaci\u00f3n de ciudadanos venezolanos desde\u00a0Estados Unidos,\u00a0una medida adoptada siguiendo la solicitud presentada previamente por la Administraci\u00f3n del presidente&hellip;","og_url":"https:\/\/elglobal.do\/index.php\/2025\/12\/02\/venezuela-autoriza-a-ee-uu-reanudacion-de-vuelos-de-deportacion\/","og_site_name":"EL GLOBAL INFORMATIVO","article_published_time":"2025-12-02T15:53:31+00:00","article_modified_time":"2025-12-02T15:53:34+00:00","og_image":[{"width":800,"height":357,"url":"https:\/\/elglobal.do\/wp-content\/uploads\/2025\/12\/image-16.png","type":"image\/png"}],"author":"EL GLOBAL","twitter_card":"summary_large_image","twitter_misc":{"Escrito por":"EL GLOBAL","Tiempo de lectura":"2 minutos"},"schema":{"@context":"https:\/\/schema.org","@graph":[{"@type":"Article","@id":"https:\/\/elglobal.do\/index.php\/2025\/12\/02\/venezuela-autoriza-a-ee-uu-reanudacion-de-vuelos-de-deportacion\/#article","isPartOf":{"@id":"https:\/\/elglobal.do\/index.php\/2025\/12\/02\/venezuela-autoriza-a-ee-uu-reanudacion-de-vuelos-de-deportacion\/"},"author":{"name":"EL GLOBAL","@id":"https:\/\/elglobal.do\/#\/schema\/person\/0c97ec2c7714fb605d230c292f64d55f"},"headline":"Venezuela autoriza a EE.UU. reanudaci\u00f3n de vuelos de deportaci\u00f3n","datePublished":"2025-12-02T15:53:31+00:00","dateModified":"2025-12-02T15:53:34+00:00","mainEntityOfPage":{"@id":"https:\/\/elglobal.do\/index.php\/2025\/12\/02\/venezuela-autoriza-a-ee-uu-reanudacion-de-vuelos-de-deportacion\/"},"wordCount":318,"commentCount":0,"publisher":{"@id":"https:\/\/elglobal.do\/#organization"},"image":{"@id":"https:\/\/elglobal.do\/index.php\/2025\/12\/02\/venezuela-autoriza-a-ee-uu-reanudacion-de-vuelos-de-deportacion\/#primaryimage"},"thumbnailUrl":"https:\/\/elglobal.do\/wp-content\/uploads\/2025\/12\/image-16.png","keywords":["# DonaldTrump","#Deportaci\u00f3n","#Venezuela","#Vuelos","EE.UU"],"articleSection":["INTERNACIONALES"],"inLanguage":"es","potentialAction":[{"@type":"CommentAction","name":"Comment","target":["https:\/\/elglobal.do\/index.php\/2025\/12\/02\/venezuela-autoriza-a-ee-uu-reanudacion-de-vuelos-de-deportacion\/#respond"]}]},{"@type":"WebPage","@id":"https:\/\/elglobal.do\/index.php\/2025\/12\/02\/venezuela-autoriza-a-ee-uu-reanudacion-de-vuelos-de-deportacion\/","url":"https:\/\/elglobal.do\/index.php\/2025\/12\/02\/venezuela-autoriza-a-ee-uu-reanudacion-de-vuelos-de-deportacion\/","name":"Venezuela autoriza a EE.UU. reanudaci\u00f3n de vuelos de deportaci\u00f3n - EL GLOBAL INFORMATIVO","isPartOf":{"@id":"https:\/\/elglobal.do\/#website"},"primaryImageOfPage":{"@id":"https:\/\/elglobal.do\/index.php\/2025\/12\/02\/venezuela-autoriza-a-ee-uu-reanudacion-de-vuelos-de-deportacion\/#primaryimage"},"image":{"@id":"https:\/\/elglobal.do\/index.php\/2025\/12\/02\/venezuela-autoriza-a-ee-uu-reanudacion-de-vuelos-de-deportacion\/#primaryimage"},"thumbnailUrl":"https:\/\/elglobal.do\/wp-content\/uploads\/2025\/12\/image-16.png","datePublished":"2025-12-02T15:53:31+00:00","dateModified":"2025-12-02T15:53:34+00:00","breadcrumb":{"@id":"https:\/\/elglobal.do\/index.php\/2025\/12\/02\/venezuela-autoriza-a-ee-uu-reanudacion-de-vuelos-de-deportacion\/#breadcrumb"},"inLanguage":"es","potentialAction":[{"@type":"ReadAction","target":["https:\/\/elglobal.do\/index.php\/2025\/12\/02\/venezuela-autoriza-a-ee-uu-reanudacion-de-vuelos-de-deportacion\/"]}]},{"@type":"ImageObject","inLanguage":"es","@id":"https:\/\/elglobal.do\/index.php\/2025\/12\/02\/venezuela-autoriza-a-ee-uu-reanudacion-de-vuelos-de-deportacion\/#primaryimage","url":"https:\/\/elglobal.do\/wp-content\/uploads\/2025\/12\/image-16.png","contentUrl":"https:\/\/elglobal.do\/wp-content\/uploads\/2025\/12\/image-16.png","width":800,"height":357},{"@type":"BreadcrumbList","@id":"https:\/\/elglobal.do\/index.php\/2025\/12\/02\/venezuela-autoriza-a-ee-uu-reanudacion-de-vuelos-de-deportacion\/#breadcrumb","itemListElement":[{"@type":"ListItem","position":1,"name":"Portada","item":"https:\/\/elglobal.do\/"},{"@type":"ListItem","position":2,"name":"Venezuela autoriza a EE.UU. reanudaci\u00f3n de vuelos de deportaci\u00f3n"}]},{"@type":"WebSite","@id":"https:\/\/elglobal.do\/#website","url":"https:\/\/elglobal.do\/","name":"EL GLOBAL INFORMATIVO","description":"Peri\u00f3dico digital de la Rep\u00fablica Dominicana que ofrece noticias, novedades, pol\u00edtica y las \u00faltimas actualidades, con informaci\u00f3n veraz y oportuna para mantenerte siempre informad","publisher":{"@id":"https:\/\/elglobal.do\/#organization"},"potentialAction":[{"@type":"SearchAction","target":{"@type":"EntryPoint","urlTemplate":"https:\/\/elglobal.do\/?s={search_term_string}"},"query-input":{"@type":"PropertyValueSpecification","valueRequired":true,"valueName":"search_term_string"}}],"inLanguage":"es"},{"@type":"Organization","@id":"https:\/\/elglobal.do\/#organization","name":"EL GLOBAL.DO INFORMATIVO","url":"https:\/\/elglobal.do\/","logo":{"@type":"ImageObject","inLanguage":"es","@id":"https:\/\/elglobal.do\/#\/schema\/logo\/image\/","url":"https:\/\/elglobal.do\/wp-content\/uploads\/2025\/08\/icon.png","contentUrl":"https:\/\/elglobal.do\/wp-content\/uploads\/2025\/08\/icon.png","width":512,"height":512,"caption":"EL GLOBAL.DO INFORMATIVO"},"image":{"@id":"https:\/\/elglobal.do\/#\/schema\/logo\/image\/"}},{"@type":"Person","@id":"https:\/\/elglobal.do\/#\/schema\/person\/0c97ec2c7714fb605d230c292f64d55f","name":"EL GLOBAL","image":{"@type":"ImageObject","inLanguage":"es","@id":"https:\/\/elglobal.do\/#\/schema\/person\/image\/","url":"https:\/\/secure.gravatar.com\/avatar\/081cfb6cf99faddc6f4e23a0c11ab98c5cf302925382d1c88dc3ed757ab910a3?s=96&d=mm&r=g","contentUrl":"https:\/\/secure.gravatar.com\/avatar\/081cfb6cf99faddc6f4e23a0c11ab98c5cf302925382d1c88dc3ed757ab910a3?s=96&d=mm&r=g","caption":"EL GLOBAL"},"description":"El Global Informativo es un peri\u00f3dico digital de Rep\u00fablica Dominicana que se dedica a cubrir temas importantes, como la pol\u00edtica local, geopol\u00edtica, econom\u00eda, tecnolog\u00eda, noticias internacionales y eventos relacionados con la gesti\u00f3n social, cultural y humana. Su objetivo principal es mantener a la poblaci\u00f3n informada, ofreciendo una visi\u00f3n amplia y actualizada de lo que sucede tanto en el pa\u00eds como en el mundo. Est\u00e1 dirigido por un grupo de periodistas experimentados, lo que garantiza la calidad y la precisi\u00f3n de la informaci\u00f3n que ofrecen. Tiene su sede en la ciudad de Santo Domingo y es parte integral del portafolio de la empresa, MC Global S.R.L.","sameAs":["https:\/\/elglobal.do","https:\/\/www.instagram.com\/elglobal.do_informativo\/"],"url":"https:\/\/elglobal.do\/index.php\/author\/elglobaluserpro\/"}]}},"jetpack_featured_media_url":"https:\/\/elglobal.do\/wp-content\/uploads\/2025\/12\/image-16.png","jetpack_sharing_enabled":true,"_links":{"self":[{"href":"https:\/\/elglobal.do\/index.php\/wp-json\/wp\/v2\/posts\/4338","targetHints":{"allow":["GET"]}}],"collection":[{"href":"https:\/\/elglobal.do\/index.php\/wp-json\/wp\/v2\/posts"}],"about":[{"href":"https:\/\/elglobal.do\/index.php\/wp-json\/wp\/v2\/types\/post"}],"author":[{"embeddable":true,"href":"https:\/\/elglobal.do\/index.php\/wp-json\/wp\/v2\/users\/1"}],"replies":[{"embeddable":true,"href":"https:\/\/elglobal.do\/index.php\/wp-json\/wp\/v2\/comments?post=4338"}],"version-history":[{"count":1,"href":"https:\/\/elglobal.do\/index.php\/wp-json\/wp\/v2\/posts\/4338\/revisions"}],"predecessor-version":[{"id":4340,"href":"https:\/\/elglobal.do\/index.php\/wp-json\/wp\/v2\/posts\/4338\/revisions\/4340"}],"wp:featuredmedia":[{"embeddable":true,"href":"https:\/\/elglobal.do\/index.php\/wp-json\/wp\/v2\/media\/4339"}],"wp:attachment":[{"href":"https:\/\/elglobal.do\/index.php\/wp-json\/wp\/v2\/media?parent=4338"}],"wp:term":[{"taxonomy":"category","embeddable":true,"href":"https:\/\/elglobal.do\/index.php\/wp-json\/wp\/v2\/categories?post=4338"},{"taxonomy":"post_tag","embeddable":true,"href":"https:\/\/elglobal.do\/index.php\/wp-json\/wp\/v2\/tags?post=4338"}],"curies":[{"name":"wp","href":"https:\/\/api.w.org\/{rel}","templated":true}]}}