{"id":4365,"date":"2025-12-03T10:25:08","date_gmt":"2025-12-03T14:25:08","guid":{"rendered":"https:\/\/elglobal.do\/?p=4365"},"modified":"2025-12-03T10:25:11","modified_gmt":"2025-12-03T14:25:11","slug":"raquel-pena-resalta-impacto-economico-y-social-del-consorcio-azucarero-tras-reconocimiento-como-agroempresa-del-ano-2025","status":"publish","type":"post","link":"https:\/\/elglobal.do\/index.php\/2025\/12\/03\/raquel-pena-resalta-impacto-economico-y-social-del-consorcio-azucarero-tras-reconocimiento-como-agroempresa-del-ano-2025\/","title":{"rendered":"Raquel Pe\u00f1a resalta impacto econ\u00f3mico y social del Consorcio Azucarero tras reconocimiento como \u201cAgroempresa del A\u00f1o 2025\u201d"},"content":{"rendered":"\n<p><em>El CAEI recibe este reconocimiento con m\u00e1s de un siglo de servicio al pa\u00eds.<\/em><\/p>\n\n\n\n<figure class=\"wp-block-image size-large\"><img loading=\"lazy\" decoding=\"async\" width=\"1024\" height=\"771\" src=\"https:\/\/elglobal.do\/wp-content\/uploads\/2025\/12\/Reconocimiento-1024x771.jpeg\" alt=\"\" class=\"wp-image-4367\" srcset=\"https:\/\/elglobal.do\/wp-content\/uploads\/2025\/12\/Reconocimiento-1024x771.jpeg 1024w, https:\/\/elglobal.do\/wp-content\/uploads\/2025\/12\/Reconocimiento-300x226.jpeg 300w, https:\/\/elglobal.do\/wp-content\/uploads\/2025\/12\/Reconocimiento-768x578.jpeg 768w, https:\/\/elglobal.do\/wp-content\/uploads\/2025\/12\/Reconocimiento-1536x1157.jpeg 1536w, https:\/\/elglobal.do\/wp-content\/uploads\/2025\/12\/Reconocimiento-2048x1542.jpeg 2048w\" sizes=\"auto, (max-width: 1024px) 100vw, 1024px\" \/><\/figure>\n\n\n\n<p><strong>Santo Domingo. \u2013<\/strong> La vicepresidenta de la Rep\u00fablica, Raquel Pe\u00f1a, encabez\u00f3 el acto en el que el Consorcio Azucarero de Empresas Industriales (CAEI) fue reconocido como \u201cAgroempresa del A\u00f1o 2025\u201d, distinci\u00f3n otorgada por el consejo de directores de la Junta Agroempresarial Dominicana (JAD).<\/p>\n\n\n\n<p>La vicemandataria destac\u00f3 la historia del consorcio y su aporte sostenido a la econom\u00eda y a las comunidades donde opera. Afirm\u00f3 que CAEI ha sido un referente en la generaci\u00f3n de empleos dignos y en la ejecuci\u00f3n de programas sociales que fortalecen a las familias y dinamizan los territorios.<\/p>\n\n\n\n<p>\u201cDesde el Gobierno que encabeza el presidente Luis Abinader reafirmamos nuestra determinaci\u00f3n de continuar apoyando al campo y a la industria nacional, para que prosperen, exporten m\u00e1s y sigan siendo motivo de orgullo para la Rep\u00fablica Dominicana\u201d, expres\u00f3 Pe\u00f1a.<\/p>\n\n\n\n<p>Este reconocimiento es el m\u00e1ximo galard\u00f3n que entrega la JAD a uno de sus socios, destacando los aportes que CAEI ha realizado durante 143 a\u00f1os de labor, impulsando innovaci\u00f3n, sostenibilidad y buenas pr\u00e1cticas dentro de la industria azucarera.<\/p>\n\n\n\n<p>Roberto Serrano, presidente del consejo de directores de la JAD, expres\u00f3 que el premio reconoce el trabajo de empresas y productores que contribuyen al desarrollo agropecuario en todo el pa\u00eds. Se\u00f1al\u00f3 que se busca resaltar el aporte de quienes modernizan la producci\u00f3n, fortalecen la sostenibilidad y ampl\u00edan la competitividad internacional.<\/p>\n\n\n\n<p>En ese mismo sentido, Osmar C. Ben\u00edtez, presidente ejecutivo de la JAD, asegur\u00f3 que CAEI \u201crepresenta una instituci\u00f3n moderna y profundamente responsable, cuya visi\u00f3n combina producci\u00f3n eficiente, manejo sostenible, energ\u00eda limpia, investigaci\u00f3n y desarrollo comunitario\u201d.<\/p>\n\n\n\n<figure class=\"wp-block-image size-large\"><img loading=\"lazy\" decoding=\"async\" width=\"1024\" height=\"683\" src=\"https:\/\/elglobal.do\/wp-content\/uploads\/2025\/12\/Pena-1024x683.jpeg\" alt=\"\" class=\"wp-image-4368\" srcset=\"https:\/\/elglobal.do\/wp-content\/uploads\/2025\/12\/Pena-1024x683.jpeg 1024w, https:\/\/elglobal.do\/wp-content\/uploads\/2025\/12\/Pena-300x200.jpeg 300w, https:\/\/elglobal.do\/wp-content\/uploads\/2025\/12\/Pena-768x512.jpeg 768w, https:\/\/elglobal.do\/wp-content\/uploads\/2025\/12\/Pena-1536x1024.jpeg 1536w, https:\/\/elglobal.do\/wp-content\/uploads\/2025\/12\/Pena-2048x1365.jpeg 2048w\" sizes=\"auto, (max-width: 1024px) 100vw, 1024px\" \/><\/figure>\n\n\n\n<p>La empresa es pionera en el uso de herramientas de agricultura moderna, integrando sensores terrestres, im\u00e1genes satelitales, automatizaci\u00f3n, modelos predictivos y manejo avanzado de datos para fortalecer la productividad.<\/p>\n\n\n\n<p>Su impacto social, econ\u00f3mico y ambiental se concentra principalmente en la provincia San Pedro de Macor\u00eds, donde la empresa desarrolla iniciativas de formaci\u00f3n laboral, jornadas de educaci\u00f3n ambiental, proyectos de limpieza de costas y acciones de protecci\u00f3n de la biodiversidad. CAEI tambi\u00e9n forma parte de la Coalici\u00f3n Multisectorial para la Conservaci\u00f3n de la Cuenca del R\u00edo Higuamo, que impulsa proyectos de saneamiento y reforestaci\u00f3n.<\/p>\n\n\n\n<p>La ceremonia de entrega del reconocimiento se realiz\u00f3 en el Sal\u00f3n Anacaona del Renaissance Jaragua Hotel &amp; Casino, con la participaci\u00f3n de l\u00edderes del sector agropecuario, representantes de organismos internacionales y funcionarios del Gobierno.<\/p>\n\n\n\n<p><\/p>\n","protected":false},"excerpt":{"rendered":"<p>El CAEI recibe este reconocimiento con m\u00e1s de un siglo de servicio al pa\u00eds. Santo Domingo. \u2013 La vicepresidenta de la Rep\u00fablica, Raquel Pe\u00f1a, encabez\u00f3 el acto en el que&hellip; <\/p>\n","protected":false},"author":1,"featured_media":4366,"comment_status":"open","ping_status":"open","sticky":false,"template":"","format":"standard","meta":{"_jetpack_memberships_contains_paid_content":false,"footnotes":""},"categories":[10,14],"tags":[2338,2340,2339,2341,642,379,2342],"class_list":["post-4365","post","type-post","status-publish","format-standard","has-post-thumbnail","hentry","category-economia","category-slider","tag-agroempresadelano2025","tag-caei","tag-consorcioazucarero","tag-impactoeconomicoysocial","tag-raquelpena","tag-reconocimiento","tag-resalta"],"yoast_head":"<!-- This site is optimized with the Yoast SEO plugin v26.9 - https:\/\/yoast.com\/product\/yoast-seo-wordpress\/ -->\n<title>Raquel Pe\u00f1a resalta impacto econ\u00f3mico y social del Consorcio Azucarero tras reconocimiento como \u201cAgroempresa del A\u00f1o 2025\u201d - EL GLOBAL INFORMATIVO<\/title>\n<meta name=\"robots\" content=\"index, follow, max-snippet:-1, max-image-preview:large, max-video-preview:-1\" \/>\n<link rel=\"canonical\" href=\"https:\/\/elglobal.do\/index.php\/2025\/12\/03\/raquel-pena-resalta-impacto-economico-y-social-del-consorcio-azucarero-tras-reconocimiento-como-agroempresa-del-ano-2025\/\" \/>\n<meta property=\"og:locale\" content=\"es_ES\" \/>\n<meta property=\"og:type\" content=\"article\" \/>\n<meta property=\"og:title\" content=\"Raquel Pe\u00f1a resalta impacto econ\u00f3mico y social del Consorcio Azucarero tras reconocimiento como \u201cAgroempresa del A\u00f1o 2025\u201d - EL GLOBAL INFORMATIVO\" \/>\n<meta property=\"og:description\" content=\"El CAEI recibe este reconocimiento con m\u00e1s de un siglo de servicio al pa\u00eds. Santo Domingo. \u2013 La vicepresidenta de la Rep\u00fablica, Raquel Pe\u00f1a, encabez\u00f3 el acto en el que&hellip;\" \/>\n<meta property=\"og:url\" content=\"https:\/\/elglobal.do\/index.php\/2025\/12\/03\/raquel-pena-resalta-impacto-economico-y-social-del-consorcio-azucarero-tras-reconocimiento-como-agroempresa-del-ano-2025\/\" \/>\n<meta property=\"og:site_name\" content=\"EL GLOBAL INFORMATIVO\" \/>\n<meta property=\"article:published_time\" content=\"2025-12-03T14:25:08+00:00\" \/>\n<meta property=\"article:modified_time\" content=\"2025-12-03T14:25:11+00:00\" \/>\n<meta property=\"og:image\" content=\"https:\/\/elglobal.do\/wp-content\/uploads\/2025\/12\/Raquel-Pena-scaled.jpeg\" \/>\n\t<meta property=\"og:image:width\" content=\"2560\" \/>\n\t<meta property=\"og:image:height\" content=\"1707\" \/>\n\t<meta property=\"og:image:type\" content=\"image\/jpeg\" \/>\n<meta name=\"author\" content=\"EL GLOBAL\" \/>\n<meta name=\"twitter:card\" content=\"summary_large_image\" \/>\n<meta name=\"twitter:label1\" content=\"Escrito por\" \/>\n\t<meta name=\"twitter:data1\" content=\"EL GLOBAL\" \/>\n\t<meta name=\"twitter:label2\" content=\"Tiempo de lectura\" \/>\n\t<meta name=\"twitter:data2\" content=\"3 minutos\" \/>\n<script type=\"application\/ld+json\" class=\"yoast-schema-graph\">{\"@context\":\"https:\/\/schema.org\",\"@graph\":[{\"@type\":\"Article\",\"@id\":\"https:\/\/elglobal.do\/index.php\/2025\/12\/03\/raquel-pena-resalta-impacto-economico-y-social-del-consorcio-azucarero-tras-reconocimiento-como-agroempresa-del-ano-2025\/#article\",\"isPartOf\":{\"@id\":\"https:\/\/elglobal.do\/index.php\/2025\/12\/03\/raquel-pena-resalta-impacto-economico-y-social-del-consorcio-azucarero-tras-reconocimiento-como-agroempresa-del-ano-2025\/\"},\"author\":{\"name\":\"EL GLOBAL\",\"@id\":\"https:\/\/elglobal.do\/#\/schema\/person\/0c97ec2c7714fb605d230c292f64d55f\"},\"headline\":\"Raquel Pe\u00f1a resalta impacto econ\u00f3mico y social del Consorcio Azucarero tras reconocimiento como \u201cAgroempresa del A\u00f1o 2025\u201d\",\"datePublished\":\"2025-12-03T14:25:08+00:00\",\"dateModified\":\"2025-12-03T14:25:11+00:00\",\"mainEntityOfPage\":{\"@id\":\"https:\/\/elglobal.do\/index.php\/2025\/12\/03\/raquel-pena-resalta-impacto-economico-y-social-del-consorcio-azucarero-tras-reconocimiento-como-agroempresa-del-ano-2025\/\"},\"wordCount\":454,\"commentCount\":0,\"publisher\":{\"@id\":\"https:\/\/elglobal.do\/#organization\"},\"image\":{\"@id\":\"https:\/\/elglobal.do\/index.php\/2025\/12\/03\/raquel-pena-resalta-impacto-economico-y-social-del-consorcio-azucarero-tras-reconocimiento-como-agroempresa-del-ano-2025\/#primaryimage\"},\"thumbnailUrl\":\"https:\/\/elglobal.do\/wp-content\/uploads\/2025\/12\/Raquel-Pena-scaled.jpeg\",\"keywords\":[\"#AgroempresadelA\u00f1o2025\",\"#CAEI\",\"#ConsorcioAzucarero\",\"#ImpactoEcon\u00f3micoySocial\",\"#RaquelPe\u00f1a\",\"#Reconocimiento\",\"#resalta\"],\"articleSection\":[\"ECONOM\u00cdA\",\"NOTICIAS RELEVANTES\"],\"inLanguage\":\"es\",\"potentialAction\":[{\"@type\":\"CommentAction\",\"name\":\"Comment\",\"target\":[\"https:\/\/elglobal.do\/index.php\/2025\/12\/03\/raquel-pena-resalta-impacto-economico-y-social-del-consorcio-azucarero-tras-reconocimiento-como-agroempresa-del-ano-2025\/#respond\"]}]},{\"@type\":\"WebPage\",\"@id\":\"https:\/\/elglobal.do\/index.php\/2025\/12\/03\/raquel-pena-resalta-impacto-economico-y-social-del-consorcio-azucarero-tras-reconocimiento-como-agroempresa-del-ano-2025\/\",\"url\":\"https:\/\/elglobal.do\/index.php\/2025\/12\/03\/raquel-pena-resalta-impacto-economico-y-social-del-consorcio-azucarero-tras-reconocimiento-como-agroempresa-del-ano-2025\/\",\"name\":\"Raquel Pe\u00f1a resalta impacto econ\u00f3mico y social del Consorcio Azucarero tras reconocimiento como \u201cAgroempresa del A\u00f1o 2025\u201d - EL GLOBAL INFORMATIVO\",\"isPartOf\":{\"@id\":\"https:\/\/elglobal.do\/#website\"},\"primaryImageOfPage\":{\"@id\":\"https:\/\/elglobal.do\/index.php\/2025\/12\/03\/raquel-pena-resalta-impacto-economico-y-social-del-consorcio-azucarero-tras-reconocimiento-como-agroempresa-del-ano-2025\/#primaryimage\"},\"image\":{\"@id\":\"https:\/\/elglobal.do\/index.php\/2025\/12\/03\/raquel-pena-resalta-impacto-economico-y-social-del-consorcio-azucarero-tras-reconocimiento-como-agroempresa-del-ano-2025\/#primaryimage\"},\"thumbnailUrl\":\"https:\/\/elglobal.do\/wp-content\/uploads\/2025\/12\/Raquel-Pena-scaled.jpeg\",\"datePublished\":\"2025-12-03T14:25:08+00:00\",\"dateModified\":\"2025-12-03T14:25:11+00:00\",\"breadcrumb\":{\"@id\":\"https:\/\/elglobal.do\/index.php\/2025\/12\/03\/raquel-pena-resalta-impacto-economico-y-social-del-consorcio-azucarero-tras-reconocimiento-como-agroempresa-del-ano-2025\/#breadcrumb\"},\"inLanguage\":\"es\",\"potentialAction\":[{\"@type\":\"ReadAction\",\"target\":[\"https:\/\/elglobal.do\/index.php\/2025\/12\/03\/raquel-pena-resalta-impacto-economico-y-social-del-consorcio-azucarero-tras-reconocimiento-como-agroempresa-del-ano-2025\/\"]}]},{\"@type\":\"ImageObject\",\"inLanguage\":\"es\",\"@id\":\"https:\/\/elglobal.do\/index.php\/2025\/12\/03\/raquel-pena-resalta-impacto-economico-y-social-del-consorcio-azucarero-tras-reconocimiento-como-agroempresa-del-ano-2025\/#primaryimage\",\"url\":\"https:\/\/elglobal.do\/wp-content\/uploads\/2025\/12\/Raquel-Pena-scaled.jpeg\",\"contentUrl\":\"https:\/\/elglobal.do\/wp-content\/uploads\/2025\/12\/Raquel-Pena-scaled.jpeg\",\"width\":2560,\"height\":1707},{\"@type\":\"BreadcrumbList\",\"@id\":\"https:\/\/elglobal.do\/index.php\/2025\/12\/03\/raquel-pena-resalta-impacto-economico-y-social-del-consorcio-azucarero-tras-reconocimiento-como-agroempresa-del-ano-2025\/#breadcrumb\",\"itemListElement\":[{\"@type\":\"ListItem\",\"position\":1,\"name\":\"Portada\",\"item\":\"https:\/\/elglobal.do\/\"},{\"@type\":\"ListItem\",\"position\":2,\"name\":\"Raquel Pe\u00f1a resalta impacto econ\u00f3mico y social del Consorcio Azucarero tras reconocimiento como \u201cAgroempresa del A\u00f1o 2025\u201d\"}]},{\"@type\":\"WebSite\",\"@id\":\"https:\/\/elglobal.do\/#website\",\"url\":\"https:\/\/elglobal.do\/\",\"name\":\"EL GLOBAL INFORMATIVO\",\"description\":\"Peri\u00f3dico digital de la Rep\u00fablica Dominicana que ofrece noticias, novedades, pol\u00edtica y las \u00faltimas actualidades, con informaci\u00f3n veraz y oportuna para mantenerte siempre informad\",\"publisher\":{\"@id\":\"https:\/\/elglobal.do\/#organization\"},\"potentialAction\":[{\"@type\":\"SearchAction\",\"target\":{\"@type\":\"EntryPoint\",\"urlTemplate\":\"https:\/\/elglobal.do\/?s={search_term_string}\"},\"query-input\":{\"@type\":\"PropertyValueSpecification\",\"valueRequired\":true,\"valueName\":\"search_term_string\"}}],\"inLanguage\":\"es\"},{\"@type\":\"Organization\",\"@id\":\"https:\/\/elglobal.do\/#organization\",\"name\":\"EL GLOBAL.DO INFORMATIVO\",\"url\":\"https:\/\/elglobal.do\/\",\"logo\":{\"@type\":\"ImageObject\",\"inLanguage\":\"es\",\"@id\":\"https:\/\/elglobal.do\/#\/schema\/logo\/image\/\",\"url\":\"https:\/\/elglobal.do\/wp-content\/uploads\/2025\/08\/icon.png\",\"contentUrl\":\"https:\/\/elglobal.do\/wp-content\/uploads\/2025\/08\/icon.png\",\"width\":512,\"height\":512,\"caption\":\"EL GLOBAL.DO INFORMATIVO\"},\"image\":{\"@id\":\"https:\/\/elglobal.do\/#\/schema\/logo\/image\/\"}},{\"@type\":\"Person\",\"@id\":\"https:\/\/elglobal.do\/#\/schema\/person\/0c97ec2c7714fb605d230c292f64d55f\",\"name\":\"EL GLOBAL\",\"image\":{\"@type\":\"ImageObject\",\"inLanguage\":\"es\",\"@id\":\"https:\/\/elglobal.do\/#\/schema\/person\/image\/\",\"url\":\"https:\/\/secure.gravatar.com\/avatar\/081cfb6cf99faddc6f4e23a0c11ab98c5cf302925382d1c88dc3ed757ab910a3?s=96&d=mm&r=g\",\"contentUrl\":\"https:\/\/secure.gravatar.com\/avatar\/081cfb6cf99faddc6f4e23a0c11ab98c5cf302925382d1c88dc3ed757ab910a3?s=96&d=mm&r=g\",\"caption\":\"EL GLOBAL\"},\"description\":\"El Global Informativo es un peri\u00f3dico digital de Rep\u00fablica Dominicana que se dedica a cubrir temas importantes, como la pol\u00edtica local, geopol\u00edtica, econom\u00eda, tecnolog\u00eda, noticias internacionales y eventos relacionados con la gesti\u00f3n social, cultural y humana. Su objetivo principal es mantener a la poblaci\u00f3n informada, ofreciendo una visi\u00f3n amplia y actualizada de lo que sucede tanto en el pa\u00eds como en el mundo. Est\u00e1 dirigido por un grupo de periodistas experimentados, lo que garantiza la calidad y la precisi\u00f3n de la informaci\u00f3n que ofrecen. Tiene su sede en la ciudad de Santo Domingo y es parte integral del portafolio de la empresa, MC Global S.R.L.\",\"sameAs\":[\"https:\/\/elglobal.do\",\"https:\/\/www.instagram.com\/elglobal.do_informativo\/\"],\"url\":\"https:\/\/elglobal.do\/index.php\/author\/elglobaluserpro\/\"}]}<\/script>\n<!-- \/ Yoast SEO plugin. -->","yoast_head_json":{"title":"Raquel Pe\u00f1a resalta impacto econ\u00f3mico y social del Consorcio Azucarero tras reconocimiento como \u201cAgroempresa del A\u00f1o 2025\u201d - EL GLOBAL INFORMATIVO","robots":{"index":"index","follow":"follow","max-snippet":"max-snippet:-1","max-image-preview":"max-image-preview:large","max-video-preview":"max-video-preview:-1"},"canonical":"https:\/\/elglobal.do\/index.php\/2025\/12\/03\/raquel-pena-resalta-impacto-economico-y-social-del-consorcio-azucarero-tras-reconocimiento-como-agroempresa-del-ano-2025\/","og_locale":"es_ES","og_type":"article","og_title":"Raquel Pe\u00f1a resalta impacto econ\u00f3mico y social del Consorcio Azucarero tras reconocimiento como \u201cAgroempresa del A\u00f1o 2025\u201d - EL GLOBAL INFORMATIVO","og_description":"El CAEI recibe este reconocimiento con m\u00e1s de un siglo de servicio al pa\u00eds. Santo Domingo. \u2013 La vicepresidenta de la Rep\u00fablica, Raquel Pe\u00f1a, encabez\u00f3 el acto en el que&hellip;","og_url":"https:\/\/elglobal.do\/index.php\/2025\/12\/03\/raquel-pena-resalta-impacto-economico-y-social-del-consorcio-azucarero-tras-reconocimiento-como-agroempresa-del-ano-2025\/","og_site_name":"EL GLOBAL INFORMATIVO","article_published_time":"2025-12-03T14:25:08+00:00","article_modified_time":"2025-12-03T14:25:11+00:00","og_image":[{"width":2560,"height":1707,"url":"https:\/\/elglobal.do\/wp-content\/uploads\/2025\/12\/Raquel-Pena-scaled.jpeg","type":"image\/jpeg"}],"author":"EL GLOBAL","twitter_card":"summary_large_image","twitter_misc":{"Escrito por":"EL GLOBAL","Tiempo de lectura":"3 minutos"},"schema":{"@context":"https:\/\/schema.org","@graph":[{"@type":"Article","@id":"https:\/\/elglobal.do\/index.php\/2025\/12\/03\/raquel-pena-resalta-impacto-economico-y-social-del-consorcio-azucarero-tras-reconocimiento-como-agroempresa-del-ano-2025\/#article","isPartOf":{"@id":"https:\/\/elglobal.do\/index.php\/2025\/12\/03\/raquel-pena-resalta-impacto-economico-y-social-del-consorcio-azucarero-tras-reconocimiento-como-agroempresa-del-ano-2025\/"},"author":{"name":"EL GLOBAL","@id":"https:\/\/elglobal.do\/#\/schema\/person\/0c97ec2c7714fb605d230c292f64d55f"},"headline":"Raquel Pe\u00f1a resalta impacto econ\u00f3mico y social del Consorcio Azucarero tras reconocimiento como \u201cAgroempresa del A\u00f1o 2025\u201d","datePublished":"2025-12-03T14:25:08+00:00","dateModified":"2025-12-03T14:25:11+00:00","mainEntityOfPage":{"@id":"https:\/\/elglobal.do\/index.php\/2025\/12\/03\/raquel-pena-resalta-impacto-economico-y-social-del-consorcio-azucarero-tras-reconocimiento-como-agroempresa-del-ano-2025\/"},"wordCount":454,"commentCount":0,"publisher":{"@id":"https:\/\/elglobal.do\/#organization"},"image":{"@id":"https:\/\/elglobal.do\/index.php\/2025\/12\/03\/raquel-pena-resalta-impacto-economico-y-social-del-consorcio-azucarero-tras-reconocimiento-como-agroempresa-del-ano-2025\/#primaryimage"},"thumbnailUrl":"https:\/\/elglobal.do\/wp-content\/uploads\/2025\/12\/Raquel-Pena-scaled.jpeg","keywords":["#AgroempresadelA\u00f1o2025","#CAEI","#ConsorcioAzucarero","#ImpactoEcon\u00f3micoySocial","#RaquelPe\u00f1a","#Reconocimiento","#resalta"],"articleSection":["ECONOM\u00cdA","NOTICIAS RELEVANTES"],"inLanguage":"es","potentialAction":[{"@type":"CommentAction","name":"Comment","target":["https:\/\/elglobal.do\/index.php\/2025\/12\/03\/raquel-pena-resalta-impacto-economico-y-social-del-consorcio-azucarero-tras-reconocimiento-como-agroempresa-del-ano-2025\/#respond"]}]},{"@type":"WebPage","@id":"https:\/\/elglobal.do\/index.php\/2025\/12\/03\/raquel-pena-resalta-impacto-economico-y-social-del-consorcio-azucarero-tras-reconocimiento-como-agroempresa-del-ano-2025\/","url":"https:\/\/elglobal.do\/index.php\/2025\/12\/03\/raquel-pena-resalta-impacto-economico-y-social-del-consorcio-azucarero-tras-reconocimiento-como-agroempresa-del-ano-2025\/","name":"Raquel Pe\u00f1a resalta impacto econ\u00f3mico y social del Consorcio Azucarero tras reconocimiento como \u201cAgroempresa del A\u00f1o 2025\u201d - EL GLOBAL INFORMATIVO","isPartOf":{"@id":"https:\/\/elglobal.do\/#website"},"primaryImageOfPage":{"@id":"https:\/\/elglobal.do\/index.php\/2025\/12\/03\/raquel-pena-resalta-impacto-economico-y-social-del-consorcio-azucarero-tras-reconocimiento-como-agroempresa-del-ano-2025\/#primaryimage"},"image":{"@id":"https:\/\/elglobal.do\/index.php\/2025\/12\/03\/raquel-pena-resalta-impacto-economico-y-social-del-consorcio-azucarero-tras-reconocimiento-como-agroempresa-del-ano-2025\/#primaryimage"},"thumbnailUrl":"https:\/\/elglobal.do\/wp-content\/uploads\/2025\/12\/Raquel-Pena-scaled.jpeg","datePublished":"2025-12-03T14:25:08+00:00","dateModified":"2025-12-03T14:25:11+00:00","breadcrumb":{"@id":"https:\/\/elglobal.do\/index.php\/2025\/12\/03\/raquel-pena-resalta-impacto-economico-y-social-del-consorcio-azucarero-tras-reconocimiento-como-agroempresa-del-ano-2025\/#breadcrumb"},"inLanguage":"es","potentialAction":[{"@type":"ReadAction","target":["https:\/\/elglobal.do\/index.php\/2025\/12\/03\/raquel-pena-resalta-impacto-economico-y-social-del-consorcio-azucarero-tras-reconocimiento-como-agroempresa-del-ano-2025\/"]}]},{"@type":"ImageObject","inLanguage":"es","@id":"https:\/\/elglobal.do\/index.php\/2025\/12\/03\/raquel-pena-resalta-impacto-economico-y-social-del-consorcio-azucarero-tras-reconocimiento-como-agroempresa-del-ano-2025\/#primaryimage","url":"https:\/\/elglobal.do\/wp-content\/uploads\/2025\/12\/Raquel-Pena-scaled.jpeg","contentUrl":"https:\/\/elglobal.do\/wp-content\/uploads\/2025\/12\/Raquel-Pena-scaled.jpeg","width":2560,"height":1707},{"@type":"BreadcrumbList","@id":"https:\/\/elglobal.do\/index.php\/2025\/12\/03\/raquel-pena-resalta-impacto-economico-y-social-del-consorcio-azucarero-tras-reconocimiento-como-agroempresa-del-ano-2025\/#breadcrumb","itemListElement":[{"@type":"ListItem","position":1,"name":"Portada","item":"https:\/\/elglobal.do\/"},{"@type":"ListItem","position":2,"name":"Raquel Pe\u00f1a resalta impacto econ\u00f3mico y social del Consorcio Azucarero tras reconocimiento como \u201cAgroempresa del A\u00f1o 2025\u201d"}]},{"@type":"WebSite","@id":"https:\/\/elglobal.do\/#website","url":"https:\/\/elglobal.do\/","name":"EL GLOBAL INFORMATIVO","description":"Peri\u00f3dico digital de la Rep\u00fablica Dominicana que ofrece noticias, novedades, pol\u00edtica y las \u00faltimas actualidades, con informaci\u00f3n veraz y oportuna para mantenerte siempre informad","publisher":{"@id":"https:\/\/elglobal.do\/#organization"},"potentialAction":[{"@type":"SearchAction","target":{"@type":"EntryPoint","urlTemplate":"https:\/\/elglobal.do\/?s={search_term_string}"},"query-input":{"@type":"PropertyValueSpecification","valueRequired":true,"valueName":"search_term_string"}}],"inLanguage":"es"},{"@type":"Organization","@id":"https:\/\/elglobal.do\/#organization","name":"EL GLOBAL.DO INFORMATIVO","url":"https:\/\/elglobal.do\/","logo":{"@type":"ImageObject","inLanguage":"es","@id":"https:\/\/elglobal.do\/#\/schema\/logo\/image\/","url":"https:\/\/elglobal.do\/wp-content\/uploads\/2025\/08\/icon.png","contentUrl":"https:\/\/elglobal.do\/wp-content\/uploads\/2025\/08\/icon.png","width":512,"height":512,"caption":"EL GLOBAL.DO INFORMATIVO"},"image":{"@id":"https:\/\/elglobal.do\/#\/schema\/logo\/image\/"}},{"@type":"Person","@id":"https:\/\/elglobal.do\/#\/schema\/person\/0c97ec2c7714fb605d230c292f64d55f","name":"EL GLOBAL","image":{"@type":"ImageObject","inLanguage":"es","@id":"https:\/\/elglobal.do\/#\/schema\/person\/image\/","url":"https:\/\/secure.gravatar.com\/avatar\/081cfb6cf99faddc6f4e23a0c11ab98c5cf302925382d1c88dc3ed757ab910a3?s=96&d=mm&r=g","contentUrl":"https:\/\/secure.gravatar.com\/avatar\/081cfb6cf99faddc6f4e23a0c11ab98c5cf302925382d1c88dc3ed757ab910a3?s=96&d=mm&r=g","caption":"EL GLOBAL"},"description":"El Global Informativo es un peri\u00f3dico digital de Rep\u00fablica Dominicana que se dedica a cubrir temas importantes, como la pol\u00edtica local, geopol\u00edtica, econom\u00eda, tecnolog\u00eda, noticias internacionales y eventos relacionados con la gesti\u00f3n social, cultural y humana. Su objetivo principal es mantener a la poblaci\u00f3n informada, ofreciendo una visi\u00f3n amplia y actualizada de lo que sucede tanto en el pa\u00eds como en el mundo. Est\u00e1 dirigido por un grupo de periodistas experimentados, lo que garantiza la calidad y la precisi\u00f3n de la informaci\u00f3n que ofrecen. Tiene su sede en la ciudad de Santo Domingo y es parte integral del portafolio de la empresa, MC Global S.R.L.","sameAs":["https:\/\/elglobal.do","https:\/\/www.instagram.com\/elglobal.do_informativo\/"],"url":"https:\/\/elglobal.do\/index.php\/author\/elglobaluserpro\/"}]}},"jetpack_featured_media_url":"https:\/\/elglobal.do\/wp-content\/uploads\/2025\/12\/Raquel-Pena-scaled.jpeg","jetpack_sharing_enabled":true,"_links":{"self":[{"href":"https:\/\/elglobal.do\/index.php\/wp-json\/wp\/v2\/posts\/4365","targetHints":{"allow":["GET"]}}],"collection":[{"href":"https:\/\/elglobal.do\/index.php\/wp-json\/wp\/v2\/posts"}],"about":[{"href":"https:\/\/elglobal.do\/index.php\/wp-json\/wp\/v2\/types\/post"}],"author":[{"embeddable":true,"href":"https:\/\/elglobal.do\/index.php\/wp-json\/wp\/v2\/users\/1"}],"replies":[{"embeddable":true,"href":"https:\/\/elglobal.do\/index.php\/wp-json\/wp\/v2\/comments?post=4365"}],"version-history":[{"count":1,"href":"https:\/\/elglobal.do\/index.php\/wp-json\/wp\/v2\/posts\/4365\/revisions"}],"predecessor-version":[{"id":4369,"href":"https:\/\/elglobal.do\/index.php\/wp-json\/wp\/v2\/posts\/4365\/revisions\/4369"}],"wp:featuredmedia":[{"embeddable":true,"href":"https:\/\/elglobal.do\/index.php\/wp-json\/wp\/v2\/media\/4366"}],"wp:attachment":[{"href":"https:\/\/elglobal.do\/index.php\/wp-json\/wp\/v2\/media?parent=4365"}],"wp:term":[{"taxonomy":"category","embeddable":true,"href":"https:\/\/elglobal.do\/index.php\/wp-json\/wp\/v2\/categories?post=4365"},{"taxonomy":"post_tag","embeddable":true,"href":"https:\/\/elglobal.do\/index.php\/wp-json\/wp\/v2\/tags?post=4365"}],"curies":[{"name":"wp","href":"https:\/\/api.w.org\/{rel}","templated":true}]}}