{"id":4375,"date":"2025-12-03T11:42:16","date_gmt":"2025-12-03T15:42:16","guid":{"rendered":"https:\/\/elglobal.do\/?p=4375"},"modified":"2025-12-03T11:42:19","modified_gmt":"2025-12-03T15:42:19","slug":"fucimdres-anuncia-dos-seminarios-internacionales-en-marruecos-espana-y-francia-para-formacion-de-periodistas-y-comunicadores","status":"publish","type":"post","link":"https:\/\/elglobal.do\/index.php\/2025\/12\/03\/fucimdres-anuncia-dos-seminarios-internacionales-en-marruecos-espana-y-francia-para-formacion-de-periodistas-y-comunicadores\/","title":{"rendered":"FUCIMDRES anuncia dos seminarios internacionales en Marruecos, Espa\u00f1a y Francia para formaci\u00f3n de periodistas y comunicadores\u00a0\u00a0"},"content":{"rendered":"\n<figure class=\"wp-block-image size-full\"><img loading=\"lazy\" decoding=\"async\" width=\"834\" height=\"637\" src=\"https:\/\/elglobal.do\/wp-content\/uploads\/2025\/12\/FUCIMDRES.jpeg\" alt=\"\" class=\"wp-image-4384\" srcset=\"https:\/\/elglobal.do\/wp-content\/uploads\/2025\/12\/FUCIMDRES.jpeg 834w, https:\/\/elglobal.do\/wp-content\/uploads\/2025\/12\/FUCIMDRES-300x229.jpeg 300w, https:\/\/elglobal.do\/wp-content\/uploads\/2025\/12\/FUCIMDRES-768x587.jpeg 768w\" sizes=\"auto, (max-width: 834px) 100vw, 834px\" \/><\/figure>\n\n\n\n<p><strong>Santo Domingo. \u2013<\/strong> La Fundaci\u00f3n del C\u00edrculo de Medios Digitales y Redes Sociales (FUCIMDRES) que dirige el periodista Kelvin Fa\u00f1a, anunci\u00f3 la realizaci\u00f3n de dos importantes Seminarios Internacionales 2026, dirigidos a periodistas, comunicadores, creadores de contenido y profesionales del ecosistema digital, con escenarios acad\u00e9micos en Marruecos y Espa\u00f1a, con visita cultural a Francia.<\/p>\n\n\n\n<p>El primero, titulado \u201cLa Inteligencia Artificial y su impacto en el periodismo digital\u201d, se celebrar\u00e1 del 3 al 10 de junio de 2026 en el Instituto Superior de Informaci\u00f3n y Comunicaci\u00f3n (ISIC) en Rabat, Reino de Marruecos.<\/p>\n\n\n\n<p>Este programa incluye certificaci\u00f3n internacional, boleto a\u00e9reo ida y vuelta por Iberia con maleta de mano y de bodega, seguro de viaje, alojamiento con desayuno y un completo circuito cultural que abarca ciudades como Marrakech, Casa Blanca, Fez, Ouarzazate, el Valle de las Rosas, las Gargantas del Todra y el Desierto del Sahara, entre otros atractivos.<\/p>\n\n\n\n<p>El costo del viaje acad\u00e9mico es de EUR$3,300 (habitaci\u00f3n doble).<\/p>\n\n\n\n<p>El segundo, \u201cLegalTech para periodistas y comunicadores: Regulaci\u00f3n digital e IA en Espa\u00f1a y la Uni\u00f3n Europea\u201d, se realizar\u00e1 del 21 al 29 de noviembre de 2026, con sede acad\u00e9mica en la Universidad del Pa\u00eds Vasco, en San Sebasti\u00e1n, e incluye visitas formativas y culturales a Par\u00eds y Madrid.<\/p>\n\n\n\n<p>Los participantes disfrutar\u00e1n de tours guiados por los principales puntos hist\u00f3ricos de Par\u00eds, entrada al Museo del Louvre sin filas, paseo por el r\u00edo Sena, recorrido tur\u00edstico Hop On\u2013Hop Off, actividades en San Sebasti\u00e1n, traslado en tren a Madrid y tiempo libre para compras o agenda personal.<\/p>\n\n\n\n<p>El costo de participaci\u00f3n es de US$4,300 (ocupaci\u00f3n doble).<\/p>\n\n\n\n<p>Con estas iniciativas, FUCIMDRES contin\u00faa fortaleciendo su compromiso con la capacitaci\u00f3n internacional, la innovaci\u00f3n digital y la actualizaci\u00f3n permanente del sector de medios y comunicaci\u00f3n.<\/p>\n\n\n\n<p><\/p>\n","protected":false},"excerpt":{"rendered":"<p>Santo Domingo. \u2013 La Fundaci\u00f3n del C\u00edrculo de Medios Digitales y Redes Sociales (FUCIMDRES) que dirige el periodista Kelvin Fa\u00f1a, anunci\u00f3 la realizaci\u00f3n de dos importantes Seminarios Internacionales 2026, dirigidos&hellip; <\/p>\n","protected":false},"author":1,"featured_media":4384,"comment_status":"open","ping_status":"open","sticky":false,"template":"","format":"standard","meta":{"_jetpack_memberships_contains_paid_content":false,"footnotes":""},"categories":[329,14],"tags":[1967,98,2354,2226,1926,2352,2353],"class_list":["post-4375","post","type-post","status-publish","format-standard","has-post-thumbnail","hentry","category-educacion-nacionales","category-slider","tag-anuncia","tag-elglobalinformativo","tag-formacion-periodistasycomunicadores","tag-francia","tag-fucimdres","tag-marruecosespana","tag-seminariosinternacionales"],"yoast_head":"<!-- This site is optimized with the Yoast SEO plugin v26.9 - https:\/\/yoast.com\/product\/yoast-seo-wordpress\/ -->\n<title>FUCIMDRES anuncia dos seminarios internacionales en Marruecos, Espa\u00f1a y Francia para formaci\u00f3n de periodistas y comunicadores\u00a0\u00a0 - EL GLOBAL INFORMATIVO<\/title>\n<meta name=\"robots\" content=\"index, follow, max-snippet:-1, max-image-preview:large, max-video-preview:-1\" \/>\n<link rel=\"canonical\" href=\"https:\/\/elglobal.do\/index.php\/2025\/12\/03\/fucimdres-anuncia-dos-seminarios-internacionales-en-marruecos-espana-y-francia-para-formacion-de-periodistas-y-comunicadores\/\" \/>\n<meta property=\"og:locale\" content=\"es_ES\" \/>\n<meta property=\"og:type\" content=\"article\" \/>\n<meta property=\"og:title\" content=\"FUCIMDRES anuncia dos seminarios internacionales en Marruecos, Espa\u00f1a y Francia para formaci\u00f3n de periodistas y comunicadores\u00a0\u00a0 - EL GLOBAL INFORMATIVO\" \/>\n<meta property=\"og:description\" content=\"Santo Domingo. \u2013 La Fundaci\u00f3n del C\u00edrculo de Medios Digitales y Redes Sociales (FUCIMDRES) que dirige el periodista Kelvin Fa\u00f1a, anunci\u00f3 la realizaci\u00f3n de dos importantes Seminarios Internacionales 2026, dirigidos&hellip;\" \/>\n<meta property=\"og:url\" content=\"https:\/\/elglobal.do\/index.php\/2025\/12\/03\/fucimdres-anuncia-dos-seminarios-internacionales-en-marruecos-espana-y-francia-para-formacion-de-periodistas-y-comunicadores\/\" \/>\n<meta property=\"og:site_name\" content=\"EL GLOBAL INFORMATIVO\" \/>\n<meta property=\"article:published_time\" content=\"2025-12-03T15:42:16+00:00\" \/>\n<meta property=\"article:modified_time\" content=\"2025-12-03T15:42:19+00:00\" \/>\n<meta property=\"og:image\" content=\"https:\/\/elglobal.do\/wp-content\/uploads\/2025\/12\/FUCIMDRES.jpeg\" \/>\n\t<meta property=\"og:image:width\" content=\"834\" \/>\n\t<meta property=\"og:image:height\" content=\"637\" \/>\n\t<meta property=\"og:image:type\" content=\"image\/jpeg\" \/>\n<meta name=\"author\" content=\"EL GLOBAL\" \/>\n<meta name=\"twitter:card\" content=\"summary_large_image\" \/>\n<meta name=\"twitter:label1\" content=\"Escrito por\" \/>\n\t<meta name=\"twitter:data1\" content=\"EL GLOBAL\" \/>\n\t<meta name=\"twitter:label2\" content=\"Tiempo de lectura\" \/>\n\t<meta name=\"twitter:data2\" content=\"2 minutos\" \/>\n<script type=\"application\/ld+json\" class=\"yoast-schema-graph\">{\"@context\":\"https:\/\/schema.org\",\"@graph\":[{\"@type\":\"Article\",\"@id\":\"https:\/\/elglobal.do\/index.php\/2025\/12\/03\/fucimdres-anuncia-dos-seminarios-internacionales-en-marruecos-espana-y-francia-para-formacion-de-periodistas-y-comunicadores\/#article\",\"isPartOf\":{\"@id\":\"https:\/\/elglobal.do\/index.php\/2025\/12\/03\/fucimdres-anuncia-dos-seminarios-internacionales-en-marruecos-espana-y-francia-para-formacion-de-periodistas-y-comunicadores\/\"},\"author\":{\"name\":\"EL GLOBAL\",\"@id\":\"https:\/\/elglobal.do\/#\/schema\/person\/0c97ec2c7714fb605d230c292f64d55f\"},\"headline\":\"FUCIMDRES anuncia dos seminarios internacionales en Marruecos, Espa\u00f1a y Francia para formaci\u00f3n de periodistas y comunicadores\u00a0\u00a0\",\"datePublished\":\"2025-12-03T15:42:16+00:00\",\"dateModified\":\"2025-12-03T15:42:19+00:00\",\"mainEntityOfPage\":{\"@id\":\"https:\/\/elglobal.do\/index.php\/2025\/12\/03\/fucimdres-anuncia-dos-seminarios-internacionales-en-marruecos-espana-y-francia-para-formacion-de-periodistas-y-comunicadores\/\"},\"wordCount\":329,\"commentCount\":0,\"publisher\":{\"@id\":\"https:\/\/elglobal.do\/#organization\"},\"image\":{\"@id\":\"https:\/\/elglobal.do\/index.php\/2025\/12\/03\/fucimdres-anuncia-dos-seminarios-internacionales-en-marruecos-espana-y-francia-para-formacion-de-periodistas-y-comunicadores\/#primaryimage\"},\"thumbnailUrl\":\"https:\/\/elglobal.do\/wp-content\/uploads\/2025\/12\/FUCIMDRES.jpeg\",\"keywords\":[\"#Anuncia\",\"#ElGlobalInformativo\",\"#formaci\u00f3n #PeriodistasyComunicadores\",\"#Francia\",\"#FUCIMDRES\",\"#MarruecosEspa\u00f1a\",\"#SeminariosInternacionales\"],\"articleSection\":[\"EDUCACI\u00d3N\",\"NOTICIAS RELEVANTES\"],\"inLanguage\":\"es\",\"potentialAction\":[{\"@type\":\"CommentAction\",\"name\":\"Comment\",\"target\":[\"https:\/\/elglobal.do\/index.php\/2025\/12\/03\/fucimdres-anuncia-dos-seminarios-internacionales-en-marruecos-espana-y-francia-para-formacion-de-periodistas-y-comunicadores\/#respond\"]}]},{\"@type\":\"WebPage\",\"@id\":\"https:\/\/elglobal.do\/index.php\/2025\/12\/03\/fucimdres-anuncia-dos-seminarios-internacionales-en-marruecos-espana-y-francia-para-formacion-de-periodistas-y-comunicadores\/\",\"url\":\"https:\/\/elglobal.do\/index.php\/2025\/12\/03\/fucimdres-anuncia-dos-seminarios-internacionales-en-marruecos-espana-y-francia-para-formacion-de-periodistas-y-comunicadores\/\",\"name\":\"FUCIMDRES anuncia dos seminarios internacionales en Marruecos, Espa\u00f1a y Francia para formaci\u00f3n de periodistas y comunicadores\u00a0\u00a0 - EL GLOBAL INFORMATIVO\",\"isPartOf\":{\"@id\":\"https:\/\/elglobal.do\/#website\"},\"primaryImageOfPage\":{\"@id\":\"https:\/\/elglobal.do\/index.php\/2025\/12\/03\/fucimdres-anuncia-dos-seminarios-internacionales-en-marruecos-espana-y-francia-para-formacion-de-periodistas-y-comunicadores\/#primaryimage\"},\"image\":{\"@id\":\"https:\/\/elglobal.do\/index.php\/2025\/12\/03\/fucimdres-anuncia-dos-seminarios-internacionales-en-marruecos-espana-y-francia-para-formacion-de-periodistas-y-comunicadores\/#primaryimage\"},\"thumbnailUrl\":\"https:\/\/elglobal.do\/wp-content\/uploads\/2025\/12\/FUCIMDRES.jpeg\",\"datePublished\":\"2025-12-03T15:42:16+00:00\",\"dateModified\":\"2025-12-03T15:42:19+00:00\",\"breadcrumb\":{\"@id\":\"https:\/\/elglobal.do\/index.php\/2025\/12\/03\/fucimdres-anuncia-dos-seminarios-internacionales-en-marruecos-espana-y-francia-para-formacion-de-periodistas-y-comunicadores\/#breadcrumb\"},\"inLanguage\":\"es\",\"potentialAction\":[{\"@type\":\"ReadAction\",\"target\":[\"https:\/\/elglobal.do\/index.php\/2025\/12\/03\/fucimdres-anuncia-dos-seminarios-internacionales-en-marruecos-espana-y-francia-para-formacion-de-periodistas-y-comunicadores\/\"]}]},{\"@type\":\"ImageObject\",\"inLanguage\":\"es\",\"@id\":\"https:\/\/elglobal.do\/index.php\/2025\/12\/03\/fucimdres-anuncia-dos-seminarios-internacionales-en-marruecos-espana-y-francia-para-formacion-de-periodistas-y-comunicadores\/#primaryimage\",\"url\":\"https:\/\/elglobal.do\/wp-content\/uploads\/2025\/12\/FUCIMDRES.jpeg\",\"contentUrl\":\"https:\/\/elglobal.do\/wp-content\/uploads\/2025\/12\/FUCIMDRES.jpeg\",\"width\":834,\"height\":637},{\"@type\":\"BreadcrumbList\",\"@id\":\"https:\/\/elglobal.do\/index.php\/2025\/12\/03\/fucimdres-anuncia-dos-seminarios-internacionales-en-marruecos-espana-y-francia-para-formacion-de-periodistas-y-comunicadores\/#breadcrumb\",\"itemListElement\":[{\"@type\":\"ListItem\",\"position\":1,\"name\":\"Portada\",\"item\":\"https:\/\/elglobal.do\/\"},{\"@type\":\"ListItem\",\"position\":2,\"name\":\"FUCIMDRES anuncia dos seminarios internacionales en Marruecos, Espa\u00f1a y Francia para formaci\u00f3n de periodistas y comunicadores\u00a0\u00a0\"}]},{\"@type\":\"WebSite\",\"@id\":\"https:\/\/elglobal.do\/#website\",\"url\":\"https:\/\/elglobal.do\/\",\"name\":\"EL GLOBAL INFORMATIVO\",\"description\":\"Peri\u00f3dico digital de la Rep\u00fablica Dominicana que ofrece noticias, novedades, pol\u00edtica y las \u00faltimas actualidades, con informaci\u00f3n veraz y oportuna para mantenerte siempre informad\",\"publisher\":{\"@id\":\"https:\/\/elglobal.do\/#organization\"},\"potentialAction\":[{\"@type\":\"SearchAction\",\"target\":{\"@type\":\"EntryPoint\",\"urlTemplate\":\"https:\/\/elglobal.do\/?s={search_term_string}\"},\"query-input\":{\"@type\":\"PropertyValueSpecification\",\"valueRequired\":true,\"valueName\":\"search_term_string\"}}],\"inLanguage\":\"es\"},{\"@type\":\"Organization\",\"@id\":\"https:\/\/elglobal.do\/#organization\",\"name\":\"EL GLOBAL.DO INFORMATIVO\",\"url\":\"https:\/\/elglobal.do\/\",\"logo\":{\"@type\":\"ImageObject\",\"inLanguage\":\"es\",\"@id\":\"https:\/\/elglobal.do\/#\/schema\/logo\/image\/\",\"url\":\"https:\/\/elglobal.do\/wp-content\/uploads\/2025\/08\/icon.png\",\"contentUrl\":\"https:\/\/elglobal.do\/wp-content\/uploads\/2025\/08\/icon.png\",\"width\":512,\"height\":512,\"caption\":\"EL GLOBAL.DO INFORMATIVO\"},\"image\":{\"@id\":\"https:\/\/elglobal.do\/#\/schema\/logo\/image\/\"}},{\"@type\":\"Person\",\"@id\":\"https:\/\/elglobal.do\/#\/schema\/person\/0c97ec2c7714fb605d230c292f64d55f\",\"name\":\"EL GLOBAL\",\"image\":{\"@type\":\"ImageObject\",\"inLanguage\":\"es\",\"@id\":\"https:\/\/elglobal.do\/#\/schema\/person\/image\/\",\"url\":\"https:\/\/secure.gravatar.com\/avatar\/081cfb6cf99faddc6f4e23a0c11ab98c5cf302925382d1c88dc3ed757ab910a3?s=96&d=mm&r=g\",\"contentUrl\":\"https:\/\/secure.gravatar.com\/avatar\/081cfb6cf99faddc6f4e23a0c11ab98c5cf302925382d1c88dc3ed757ab910a3?s=96&d=mm&r=g\",\"caption\":\"EL GLOBAL\"},\"description\":\"El Global Informativo es un peri\u00f3dico digital de Rep\u00fablica Dominicana que se dedica a cubrir temas importantes, como la pol\u00edtica local, geopol\u00edtica, econom\u00eda, tecnolog\u00eda, noticias internacionales y eventos relacionados con la gesti\u00f3n social, cultural y humana. Su objetivo principal es mantener a la poblaci\u00f3n informada, ofreciendo una visi\u00f3n amplia y actualizada de lo que sucede tanto en el pa\u00eds como en el mundo. Est\u00e1 dirigido por un grupo de periodistas experimentados, lo que garantiza la calidad y la precisi\u00f3n de la informaci\u00f3n que ofrecen. Tiene su sede en la ciudad de Santo Domingo y es parte integral del portafolio de la empresa, MC Global S.R.L.\",\"sameAs\":[\"https:\/\/elglobal.do\",\"https:\/\/www.instagram.com\/elglobal.do_informativo\/\"],\"url\":\"https:\/\/elglobal.do\/index.php\/author\/elglobaluserpro\/\"}]}<\/script>\n<!-- \/ Yoast SEO plugin. -->","yoast_head_json":{"title":"FUCIMDRES anuncia dos seminarios internacionales en Marruecos, Espa\u00f1a y Francia para formaci\u00f3n de periodistas y comunicadores\u00a0\u00a0 - EL GLOBAL INFORMATIVO","robots":{"index":"index","follow":"follow","max-snippet":"max-snippet:-1","max-image-preview":"max-image-preview:large","max-video-preview":"max-video-preview:-1"},"canonical":"https:\/\/elglobal.do\/index.php\/2025\/12\/03\/fucimdres-anuncia-dos-seminarios-internacionales-en-marruecos-espana-y-francia-para-formacion-de-periodistas-y-comunicadores\/","og_locale":"es_ES","og_type":"article","og_title":"FUCIMDRES anuncia dos seminarios internacionales en Marruecos, Espa\u00f1a y Francia para formaci\u00f3n de periodistas y comunicadores\u00a0\u00a0 - EL GLOBAL INFORMATIVO","og_description":"Santo Domingo. \u2013 La Fundaci\u00f3n del C\u00edrculo de Medios Digitales y Redes Sociales (FUCIMDRES) que dirige el periodista Kelvin Fa\u00f1a, anunci\u00f3 la realizaci\u00f3n de dos importantes Seminarios Internacionales 2026, dirigidos&hellip;","og_url":"https:\/\/elglobal.do\/index.php\/2025\/12\/03\/fucimdres-anuncia-dos-seminarios-internacionales-en-marruecos-espana-y-francia-para-formacion-de-periodistas-y-comunicadores\/","og_site_name":"EL GLOBAL INFORMATIVO","article_published_time":"2025-12-03T15:42:16+00:00","article_modified_time":"2025-12-03T15:42:19+00:00","og_image":[{"width":834,"height":637,"url":"https:\/\/elglobal.do\/wp-content\/uploads\/2025\/12\/FUCIMDRES.jpeg","type":"image\/jpeg"}],"author":"EL GLOBAL","twitter_card":"summary_large_image","twitter_misc":{"Escrito por":"EL GLOBAL","Tiempo de lectura":"2 minutos"},"schema":{"@context":"https:\/\/schema.org","@graph":[{"@type":"Article","@id":"https:\/\/elglobal.do\/index.php\/2025\/12\/03\/fucimdres-anuncia-dos-seminarios-internacionales-en-marruecos-espana-y-francia-para-formacion-de-periodistas-y-comunicadores\/#article","isPartOf":{"@id":"https:\/\/elglobal.do\/index.php\/2025\/12\/03\/fucimdres-anuncia-dos-seminarios-internacionales-en-marruecos-espana-y-francia-para-formacion-de-periodistas-y-comunicadores\/"},"author":{"name":"EL GLOBAL","@id":"https:\/\/elglobal.do\/#\/schema\/person\/0c97ec2c7714fb605d230c292f64d55f"},"headline":"FUCIMDRES anuncia dos seminarios internacionales en Marruecos, Espa\u00f1a y Francia para formaci\u00f3n de periodistas y comunicadores\u00a0\u00a0","datePublished":"2025-12-03T15:42:16+00:00","dateModified":"2025-12-03T15:42:19+00:00","mainEntityOfPage":{"@id":"https:\/\/elglobal.do\/index.php\/2025\/12\/03\/fucimdres-anuncia-dos-seminarios-internacionales-en-marruecos-espana-y-francia-para-formacion-de-periodistas-y-comunicadores\/"},"wordCount":329,"commentCount":0,"publisher":{"@id":"https:\/\/elglobal.do\/#organization"},"image":{"@id":"https:\/\/elglobal.do\/index.php\/2025\/12\/03\/fucimdres-anuncia-dos-seminarios-internacionales-en-marruecos-espana-y-francia-para-formacion-de-periodistas-y-comunicadores\/#primaryimage"},"thumbnailUrl":"https:\/\/elglobal.do\/wp-content\/uploads\/2025\/12\/FUCIMDRES.jpeg","keywords":["#Anuncia","#ElGlobalInformativo","#formaci\u00f3n #PeriodistasyComunicadores","#Francia","#FUCIMDRES","#MarruecosEspa\u00f1a","#SeminariosInternacionales"],"articleSection":["EDUCACI\u00d3N","NOTICIAS RELEVANTES"],"inLanguage":"es","potentialAction":[{"@type":"CommentAction","name":"Comment","target":["https:\/\/elglobal.do\/index.php\/2025\/12\/03\/fucimdres-anuncia-dos-seminarios-internacionales-en-marruecos-espana-y-francia-para-formacion-de-periodistas-y-comunicadores\/#respond"]}]},{"@type":"WebPage","@id":"https:\/\/elglobal.do\/index.php\/2025\/12\/03\/fucimdres-anuncia-dos-seminarios-internacionales-en-marruecos-espana-y-francia-para-formacion-de-periodistas-y-comunicadores\/","url":"https:\/\/elglobal.do\/index.php\/2025\/12\/03\/fucimdres-anuncia-dos-seminarios-internacionales-en-marruecos-espana-y-francia-para-formacion-de-periodistas-y-comunicadores\/","name":"FUCIMDRES anuncia dos seminarios internacionales en Marruecos, Espa\u00f1a y Francia para formaci\u00f3n de periodistas y comunicadores\u00a0\u00a0 - EL GLOBAL INFORMATIVO","isPartOf":{"@id":"https:\/\/elglobal.do\/#website"},"primaryImageOfPage":{"@id":"https:\/\/elglobal.do\/index.php\/2025\/12\/03\/fucimdres-anuncia-dos-seminarios-internacionales-en-marruecos-espana-y-francia-para-formacion-de-periodistas-y-comunicadores\/#primaryimage"},"image":{"@id":"https:\/\/elglobal.do\/index.php\/2025\/12\/03\/fucimdres-anuncia-dos-seminarios-internacionales-en-marruecos-espana-y-francia-para-formacion-de-periodistas-y-comunicadores\/#primaryimage"},"thumbnailUrl":"https:\/\/elglobal.do\/wp-content\/uploads\/2025\/12\/FUCIMDRES.jpeg","datePublished":"2025-12-03T15:42:16+00:00","dateModified":"2025-12-03T15:42:19+00:00","breadcrumb":{"@id":"https:\/\/elglobal.do\/index.php\/2025\/12\/03\/fucimdres-anuncia-dos-seminarios-internacionales-en-marruecos-espana-y-francia-para-formacion-de-periodistas-y-comunicadores\/#breadcrumb"},"inLanguage":"es","potentialAction":[{"@type":"ReadAction","target":["https:\/\/elglobal.do\/index.php\/2025\/12\/03\/fucimdres-anuncia-dos-seminarios-internacionales-en-marruecos-espana-y-francia-para-formacion-de-periodistas-y-comunicadores\/"]}]},{"@type":"ImageObject","inLanguage":"es","@id":"https:\/\/elglobal.do\/index.php\/2025\/12\/03\/fucimdres-anuncia-dos-seminarios-internacionales-en-marruecos-espana-y-francia-para-formacion-de-periodistas-y-comunicadores\/#primaryimage","url":"https:\/\/elglobal.do\/wp-content\/uploads\/2025\/12\/FUCIMDRES.jpeg","contentUrl":"https:\/\/elglobal.do\/wp-content\/uploads\/2025\/12\/FUCIMDRES.jpeg","width":834,"height":637},{"@type":"BreadcrumbList","@id":"https:\/\/elglobal.do\/index.php\/2025\/12\/03\/fucimdres-anuncia-dos-seminarios-internacionales-en-marruecos-espana-y-francia-para-formacion-de-periodistas-y-comunicadores\/#breadcrumb","itemListElement":[{"@type":"ListItem","position":1,"name":"Portada","item":"https:\/\/elglobal.do\/"},{"@type":"ListItem","position":2,"name":"FUCIMDRES anuncia dos seminarios internacionales en Marruecos, Espa\u00f1a y Francia para formaci\u00f3n de periodistas y comunicadores\u00a0\u00a0"}]},{"@type":"WebSite","@id":"https:\/\/elglobal.do\/#website","url":"https:\/\/elglobal.do\/","name":"EL GLOBAL INFORMATIVO","description":"Peri\u00f3dico digital de la Rep\u00fablica Dominicana que ofrece noticias, novedades, pol\u00edtica y las \u00faltimas actualidades, con informaci\u00f3n veraz y oportuna para mantenerte siempre informad","publisher":{"@id":"https:\/\/elglobal.do\/#organization"},"potentialAction":[{"@type":"SearchAction","target":{"@type":"EntryPoint","urlTemplate":"https:\/\/elglobal.do\/?s={search_term_string}"},"query-input":{"@type":"PropertyValueSpecification","valueRequired":true,"valueName":"search_term_string"}}],"inLanguage":"es"},{"@type":"Organization","@id":"https:\/\/elglobal.do\/#organization","name":"EL GLOBAL.DO INFORMATIVO","url":"https:\/\/elglobal.do\/","logo":{"@type":"ImageObject","inLanguage":"es","@id":"https:\/\/elglobal.do\/#\/schema\/logo\/image\/","url":"https:\/\/elglobal.do\/wp-content\/uploads\/2025\/08\/icon.png","contentUrl":"https:\/\/elglobal.do\/wp-content\/uploads\/2025\/08\/icon.png","width":512,"height":512,"caption":"EL GLOBAL.DO INFORMATIVO"},"image":{"@id":"https:\/\/elglobal.do\/#\/schema\/logo\/image\/"}},{"@type":"Person","@id":"https:\/\/elglobal.do\/#\/schema\/person\/0c97ec2c7714fb605d230c292f64d55f","name":"EL GLOBAL","image":{"@type":"ImageObject","inLanguage":"es","@id":"https:\/\/elglobal.do\/#\/schema\/person\/image\/","url":"https:\/\/secure.gravatar.com\/avatar\/081cfb6cf99faddc6f4e23a0c11ab98c5cf302925382d1c88dc3ed757ab910a3?s=96&d=mm&r=g","contentUrl":"https:\/\/secure.gravatar.com\/avatar\/081cfb6cf99faddc6f4e23a0c11ab98c5cf302925382d1c88dc3ed757ab910a3?s=96&d=mm&r=g","caption":"EL GLOBAL"},"description":"El Global Informativo es un peri\u00f3dico digital de Rep\u00fablica Dominicana que se dedica a cubrir temas importantes, como la pol\u00edtica local, geopol\u00edtica, econom\u00eda, tecnolog\u00eda, noticias internacionales y eventos relacionados con la gesti\u00f3n social, cultural y humana. Su objetivo principal es mantener a la poblaci\u00f3n informada, ofreciendo una visi\u00f3n amplia y actualizada de lo que sucede tanto en el pa\u00eds como en el mundo. Est\u00e1 dirigido por un grupo de periodistas experimentados, lo que garantiza la calidad y la precisi\u00f3n de la informaci\u00f3n que ofrecen. Tiene su sede en la ciudad de Santo Domingo y es parte integral del portafolio de la empresa, MC Global S.R.L.","sameAs":["https:\/\/elglobal.do","https:\/\/www.instagram.com\/elglobal.do_informativo\/"],"url":"https:\/\/elglobal.do\/index.php\/author\/elglobaluserpro\/"}]}},"jetpack_featured_media_url":"https:\/\/elglobal.do\/wp-content\/uploads\/2025\/12\/FUCIMDRES.jpeg","jetpack_sharing_enabled":true,"_links":{"self":[{"href":"https:\/\/elglobal.do\/index.php\/wp-json\/wp\/v2\/posts\/4375","targetHints":{"allow":["GET"]}}],"collection":[{"href":"https:\/\/elglobal.do\/index.php\/wp-json\/wp\/v2\/posts"}],"about":[{"href":"https:\/\/elglobal.do\/index.php\/wp-json\/wp\/v2\/types\/post"}],"author":[{"embeddable":true,"href":"https:\/\/elglobal.do\/index.php\/wp-json\/wp\/v2\/users\/1"}],"replies":[{"embeddable":true,"href":"https:\/\/elglobal.do\/index.php\/wp-json\/wp\/v2\/comments?post=4375"}],"version-history":[{"count":1,"href":"https:\/\/elglobal.do\/index.php\/wp-json\/wp\/v2\/posts\/4375\/revisions"}],"predecessor-version":[{"id":4385,"href":"https:\/\/elglobal.do\/index.php\/wp-json\/wp\/v2\/posts\/4375\/revisions\/4385"}],"wp:featuredmedia":[{"embeddable":true,"href":"https:\/\/elglobal.do\/index.php\/wp-json\/wp\/v2\/media\/4384"}],"wp:attachment":[{"href":"https:\/\/elglobal.do\/index.php\/wp-json\/wp\/v2\/media?parent=4375"}],"wp:term":[{"taxonomy":"category","embeddable":true,"href":"https:\/\/elglobal.do\/index.php\/wp-json\/wp\/v2\/categories?post=4375"},{"taxonomy":"post_tag","embeddable":true,"href":"https:\/\/elglobal.do\/index.php\/wp-json\/wp\/v2\/tags?post=4375"}],"curies":[{"name":"wp","href":"https:\/\/api.w.org\/{rel}","templated":true}]}}