{"id":4427,"date":"2025-12-04T10:57:10","date_gmt":"2025-12-04T14:57:10","guid":{"rendered":"https:\/\/elglobal.do\/?p=4427"},"modified":"2025-12-04T10:57:12","modified_gmt":"2025-12-04T14:57:12","slug":"la-oms-alerta-sobre-aumento-de-muertes-y-casos-de-malaria","status":"publish","type":"post","link":"https:\/\/elglobal.do\/index.php\/2025\/12\/04\/la-oms-alerta-sobre-aumento-de-muertes-y-casos-de-malaria\/","title":{"rendered":"La OMS alerta sobre aumento de muertes y casos de malaria"},"content":{"rendered":"\n<figure class=\"wp-block-image size-full\"><img loading=\"lazy\" decoding=\"async\" width=\"800\" height=\"530\" src=\"https:\/\/elglobal.do\/wp-content\/uploads\/2025\/12\/image-30.png\" alt=\"\" class=\"wp-image-4428\" srcset=\"https:\/\/elglobal.do\/wp-content\/uploads\/2025\/12\/image-30.png 800w, https:\/\/elglobal.do\/wp-content\/uploads\/2025\/12\/image-30-300x199.png 300w, https:\/\/elglobal.do\/wp-content\/uploads\/2025\/12\/image-30-768x509.png 768w\" sizes=\"auto, (max-width: 800px) 100vw, 800px\" \/><\/figure>\n\n\n\n<p id=\"m29825-29824-29826\">La&nbsp;<strong>Organizaci\u00f3n Mundial de la Salud<\/strong>&nbsp;(OMS) alert\u00f3 el jueves sobre el&nbsp;<strong>aumento de las muertes<\/strong>&nbsp;relacionadas con la&nbsp;<strong>malaria&nbsp;<\/strong>el a\u00f1o pasado en todo el mundo, as\u00ed como del n\u00famero de casos, en un momento en que crece la resistencia a los medicamentos.<\/p>\n\n\n\n<p id=\"m29830-29829-29831\">La malaria sigue siendo un<strong>&nbsp;grave problema de salud mundial<\/strong>, con aproximadamente 282 millones de casos y&nbsp;<strong>610.000 muertes&nbsp;<\/strong>en todo el mundo registradas el a\u00f1o pasado, lo que supone un ligero aumento con respecto a 2023, indic\u00f3 la OMS en su informe anual sobre esta enfermedad transmitida por mosquitos.<\/p>\n\n\n\n<p id=\"m29835-29834-29836\">\u00abEl aumento del n\u00famero de casos y muertes, la creciente amenaza de la resistencia a los medicamentos y el impacto de los recortes en la financiaci\u00f3n podr\u00edan comprometer los avances logrados en las \u00faltimas dos d\u00e9cadas\u00bb, advirti\u00f3 el director general de la OMS,&nbsp;<strong>Tedros Adhanom Ghebreyesus<\/strong>, citado en un comunicado.<\/p>\n\n\n\n<p id=\"m29840-29839-29841\">\u00abSin embargo, ninguno de estos retos es insuperable. Gracias al liderazgo de los pa\u00edses m\u00e1s afectados y a inversiones espec\u00edficas, la visi\u00f3n de un mundo sin malaria sigue siendo factible\u00bb, afirm\u00f3.<\/p>\n\n\n\n<p id=\"m29845-29844-29846\"><strong>\u00c1frica&nbsp;<\/strong>se mantiene, con diferencia, como la regi\u00f3n m\u00e1s afectada, con el&nbsp;<strong>94% de los casos<\/strong>&nbsp;y el<strong>&nbsp;95% de las muertes&nbsp;<\/strong>registradas en todo el mundo. La gran mayor\u00eda (75%) de las muertes en esta regi\u00f3n corresponden a ni\u00f1os&nbsp;<strong>menores de 5 a\u00f1os.<\/strong><\/p>\n\n\n\n<p id=\"m29850-29849-29851\">Sin embargo, la OMS se\u00f1al\u00f3 algunos avances. Desde que la organizaci\u00f3n aprob\u00f3 las primeras vacunas contra la malaria en 2021, 24 pa\u00edses las incorporaron a la vacunaci\u00f3n sistem\u00e1tica.<\/p>\n\n\n\n<p id=\"m29855-29854-29856\">La quimioprevenci\u00f3n, que consiste en utilizar medicamentos para prevenir la infecci\u00f3n durante el per\u00edodo de mayor riesgo, se aplica actualmente en 20 pa\u00edses y lleg\u00f3 a<strong>&nbsp;54 millones de ni\u00f1os<\/strong>&nbsp;en 2024, frente a los aproximadamente 200.000 de 2012.<\/p>\n\n\n\n<p id=\"m29860-29859-29861\">Los avances en la lucha contra la enfermedad ya llevaban varios a\u00f1os estancados, debido principalmente al&nbsp;<strong>cambio clim\u00e1tico<\/strong>, la multiplicaci\u00f3n de los conflictos y la resistencia a los medicamentos y los insecticidas.<\/p>\n\n\n\n<p id=\"m29865-29864-29866\">\u00abLa falta de financiaci\u00f3n para la lucha contra la malaria agrava estos retos, lo que supone un riesgo evidente de resurgimiento masivo e incontrolado de la enfermedad\u00bb, advirti\u00f3 ante la prensa&nbsp;<strong>Daniel Ngamije<\/strong>, responsable de la lucha contra la malaria en la OMS.<\/p>\n\n\n\n<p><\/p>\n","protected":false},"excerpt":{"rendered":"<p>La&nbsp;Organizaci\u00f3n Mundial de la Salud&nbsp;(OMS) alert\u00f3 el jueves sobre el&nbsp;aumento de las muertes&nbsp;relacionadas con la&nbsp;malaria&nbsp;el a\u00f1o pasado en todo el mundo, as\u00ed como del n\u00famero de casos, en un momento&hellip; <\/p>\n","protected":false},"author":1,"featured_media":4428,"comment_status":"open","ping_status":"open","sticky":false,"template":"","format":"standard","meta":{"_jetpack_memberships_contains_paid_content":false,"footnotes":""},"categories":[14,328],"tags":[223,1537,1536,1508,61,2385],"class_list":["post-4427","post","type-post","status-publish","format-standard","has-post-thumbnail","hentry","category-slider","category-salud-nacionales","tag-alerta","tag-malaria","tag-muertes","tag-oms","tag-salud","tag-saludmundial"],"yoast_head":"<!-- This site is optimized with the Yoast SEO plugin v26.9 - https:\/\/yoast.com\/product\/yoast-seo-wordpress\/ -->\n<title>La OMS alerta sobre aumento de muertes y casos de malaria - EL GLOBAL INFORMATIVO<\/title>\n<meta name=\"robots\" content=\"index, follow, max-snippet:-1, max-image-preview:large, max-video-preview:-1\" \/>\n<link rel=\"canonical\" href=\"https:\/\/elglobal.do\/index.php\/2025\/12\/04\/la-oms-alerta-sobre-aumento-de-muertes-y-casos-de-malaria\/\" \/>\n<meta property=\"og:locale\" content=\"es_ES\" \/>\n<meta property=\"og:type\" content=\"article\" \/>\n<meta property=\"og:title\" content=\"La OMS alerta sobre aumento de muertes y casos de malaria - EL GLOBAL INFORMATIVO\" \/>\n<meta property=\"og:description\" content=\"La&nbsp;Organizaci\u00f3n Mundial de la Salud&nbsp;(OMS) alert\u00f3 el jueves sobre el&nbsp;aumento de las muertes&nbsp;relacionadas con la&nbsp;malaria&nbsp;el a\u00f1o pasado en todo el mundo, as\u00ed como del n\u00famero de casos, en un momento&hellip;\" \/>\n<meta property=\"og:url\" content=\"https:\/\/elglobal.do\/index.php\/2025\/12\/04\/la-oms-alerta-sobre-aumento-de-muertes-y-casos-de-malaria\/\" \/>\n<meta property=\"og:site_name\" content=\"EL GLOBAL INFORMATIVO\" \/>\n<meta property=\"article:published_time\" content=\"2025-12-04T14:57:10+00:00\" \/>\n<meta property=\"article:modified_time\" content=\"2025-12-04T14:57:12+00:00\" \/>\n<meta property=\"og:image\" content=\"https:\/\/elglobal.do\/wp-content\/uploads\/2025\/12\/image-30.png\" \/>\n\t<meta property=\"og:image:width\" content=\"800\" \/>\n\t<meta property=\"og:image:height\" content=\"530\" \/>\n\t<meta property=\"og:image:type\" content=\"image\/png\" \/>\n<meta name=\"author\" content=\"EL GLOBAL\" \/>\n<meta name=\"twitter:card\" content=\"summary_large_image\" \/>\n<meta name=\"twitter:label1\" content=\"Escrito por\" \/>\n\t<meta name=\"twitter:data1\" content=\"EL GLOBAL\" \/>\n\t<meta name=\"twitter:label2\" content=\"Tiempo de lectura\" \/>\n\t<meta name=\"twitter:data2\" content=\"3 minutos\" \/>\n<script type=\"application\/ld+json\" class=\"yoast-schema-graph\">{\"@context\":\"https:\/\/schema.org\",\"@graph\":[{\"@type\":\"Article\",\"@id\":\"https:\/\/elglobal.do\/index.php\/2025\/12\/04\/la-oms-alerta-sobre-aumento-de-muertes-y-casos-de-malaria\/#article\",\"isPartOf\":{\"@id\":\"https:\/\/elglobal.do\/index.php\/2025\/12\/04\/la-oms-alerta-sobre-aumento-de-muertes-y-casos-de-malaria\/\"},\"author\":{\"name\":\"EL GLOBAL\",\"@id\":\"https:\/\/elglobal.do\/#\/schema\/person\/0c97ec2c7714fb605d230c292f64d55f\"},\"headline\":\"La OMS alerta sobre aumento de muertes y casos de malaria\",\"datePublished\":\"2025-12-04T14:57:10+00:00\",\"dateModified\":\"2025-12-04T14:57:12+00:00\",\"mainEntityOfPage\":{\"@id\":\"https:\/\/elglobal.do\/index.php\/2025\/12\/04\/la-oms-alerta-sobre-aumento-de-muertes-y-casos-de-malaria\/\"},\"wordCount\":410,\"commentCount\":0,\"publisher\":{\"@id\":\"https:\/\/elglobal.do\/#organization\"},\"image\":{\"@id\":\"https:\/\/elglobal.do\/index.php\/2025\/12\/04\/la-oms-alerta-sobre-aumento-de-muertes-y-casos-de-malaria\/#primaryimage\"},\"thumbnailUrl\":\"https:\/\/elglobal.do\/wp-content\/uploads\/2025\/12\/image-30.png\",\"keywords\":[\"#alerta\",\"#Malaria\",\"#Muertes\",\"#OMS\",\"#Salud\",\"#SaludMundial\"],\"articleSection\":[\"NOTICIAS RELEVANTES\",\"SALUD\"],\"inLanguage\":\"es\",\"potentialAction\":[{\"@type\":\"CommentAction\",\"name\":\"Comment\",\"target\":[\"https:\/\/elglobal.do\/index.php\/2025\/12\/04\/la-oms-alerta-sobre-aumento-de-muertes-y-casos-de-malaria\/#respond\"]}]},{\"@type\":\"WebPage\",\"@id\":\"https:\/\/elglobal.do\/index.php\/2025\/12\/04\/la-oms-alerta-sobre-aumento-de-muertes-y-casos-de-malaria\/\",\"url\":\"https:\/\/elglobal.do\/index.php\/2025\/12\/04\/la-oms-alerta-sobre-aumento-de-muertes-y-casos-de-malaria\/\",\"name\":\"La OMS alerta sobre aumento de muertes y casos de malaria - EL GLOBAL INFORMATIVO\",\"isPartOf\":{\"@id\":\"https:\/\/elglobal.do\/#website\"},\"primaryImageOfPage\":{\"@id\":\"https:\/\/elglobal.do\/index.php\/2025\/12\/04\/la-oms-alerta-sobre-aumento-de-muertes-y-casos-de-malaria\/#primaryimage\"},\"image\":{\"@id\":\"https:\/\/elglobal.do\/index.php\/2025\/12\/04\/la-oms-alerta-sobre-aumento-de-muertes-y-casos-de-malaria\/#primaryimage\"},\"thumbnailUrl\":\"https:\/\/elglobal.do\/wp-content\/uploads\/2025\/12\/image-30.png\",\"datePublished\":\"2025-12-04T14:57:10+00:00\",\"dateModified\":\"2025-12-04T14:57:12+00:00\",\"breadcrumb\":{\"@id\":\"https:\/\/elglobal.do\/index.php\/2025\/12\/04\/la-oms-alerta-sobre-aumento-de-muertes-y-casos-de-malaria\/#breadcrumb\"},\"inLanguage\":\"es\",\"potentialAction\":[{\"@type\":\"ReadAction\",\"target\":[\"https:\/\/elglobal.do\/index.php\/2025\/12\/04\/la-oms-alerta-sobre-aumento-de-muertes-y-casos-de-malaria\/\"]}]},{\"@type\":\"ImageObject\",\"inLanguage\":\"es\",\"@id\":\"https:\/\/elglobal.do\/index.php\/2025\/12\/04\/la-oms-alerta-sobre-aumento-de-muertes-y-casos-de-malaria\/#primaryimage\",\"url\":\"https:\/\/elglobal.do\/wp-content\/uploads\/2025\/12\/image-30.png\",\"contentUrl\":\"https:\/\/elglobal.do\/wp-content\/uploads\/2025\/12\/image-30.png\",\"width\":800,\"height\":530},{\"@type\":\"BreadcrumbList\",\"@id\":\"https:\/\/elglobal.do\/index.php\/2025\/12\/04\/la-oms-alerta-sobre-aumento-de-muertes-y-casos-de-malaria\/#breadcrumb\",\"itemListElement\":[{\"@type\":\"ListItem\",\"position\":1,\"name\":\"Portada\",\"item\":\"https:\/\/elglobal.do\/\"},{\"@type\":\"ListItem\",\"position\":2,\"name\":\"La OMS alerta sobre aumento de muertes y casos de malaria\"}]},{\"@type\":\"WebSite\",\"@id\":\"https:\/\/elglobal.do\/#website\",\"url\":\"https:\/\/elglobal.do\/\",\"name\":\"EL GLOBAL INFORMATIVO\",\"description\":\"Peri\u00f3dico digital de la Rep\u00fablica Dominicana que ofrece noticias, novedades, pol\u00edtica y las \u00faltimas actualidades, con informaci\u00f3n veraz y oportuna para mantenerte siempre informad\",\"publisher\":{\"@id\":\"https:\/\/elglobal.do\/#organization\"},\"potentialAction\":[{\"@type\":\"SearchAction\",\"target\":{\"@type\":\"EntryPoint\",\"urlTemplate\":\"https:\/\/elglobal.do\/?s={search_term_string}\"},\"query-input\":{\"@type\":\"PropertyValueSpecification\",\"valueRequired\":true,\"valueName\":\"search_term_string\"}}],\"inLanguage\":\"es\"},{\"@type\":\"Organization\",\"@id\":\"https:\/\/elglobal.do\/#organization\",\"name\":\"EL GLOBAL.DO INFORMATIVO\",\"url\":\"https:\/\/elglobal.do\/\",\"logo\":{\"@type\":\"ImageObject\",\"inLanguage\":\"es\",\"@id\":\"https:\/\/elglobal.do\/#\/schema\/logo\/image\/\",\"url\":\"https:\/\/elglobal.do\/wp-content\/uploads\/2025\/08\/icon.png\",\"contentUrl\":\"https:\/\/elglobal.do\/wp-content\/uploads\/2025\/08\/icon.png\",\"width\":512,\"height\":512,\"caption\":\"EL GLOBAL.DO INFORMATIVO\"},\"image\":{\"@id\":\"https:\/\/elglobal.do\/#\/schema\/logo\/image\/\"}},{\"@type\":\"Person\",\"@id\":\"https:\/\/elglobal.do\/#\/schema\/person\/0c97ec2c7714fb605d230c292f64d55f\",\"name\":\"EL GLOBAL\",\"image\":{\"@type\":\"ImageObject\",\"inLanguage\":\"es\",\"@id\":\"https:\/\/elglobal.do\/#\/schema\/person\/image\/\",\"url\":\"https:\/\/secure.gravatar.com\/avatar\/081cfb6cf99faddc6f4e23a0c11ab98c5cf302925382d1c88dc3ed757ab910a3?s=96&d=mm&r=g\",\"contentUrl\":\"https:\/\/secure.gravatar.com\/avatar\/081cfb6cf99faddc6f4e23a0c11ab98c5cf302925382d1c88dc3ed757ab910a3?s=96&d=mm&r=g\",\"caption\":\"EL GLOBAL\"},\"description\":\"El Global Informativo es un peri\u00f3dico digital de Rep\u00fablica Dominicana que se dedica a cubrir temas importantes, como la pol\u00edtica local, geopol\u00edtica, econom\u00eda, tecnolog\u00eda, noticias internacionales y eventos relacionados con la gesti\u00f3n social, cultural y humana. Su objetivo principal es mantener a la poblaci\u00f3n informada, ofreciendo una visi\u00f3n amplia y actualizada de lo que sucede tanto en el pa\u00eds como en el mundo. Est\u00e1 dirigido por un grupo de periodistas experimentados, lo que garantiza la calidad y la precisi\u00f3n de la informaci\u00f3n que ofrecen. Tiene su sede en la ciudad de Santo Domingo y es parte integral del portafolio de la empresa, MC Global S.R.L.\",\"sameAs\":[\"https:\/\/elglobal.do\",\"https:\/\/www.instagram.com\/elglobal.do_informativo\/\"],\"url\":\"https:\/\/elglobal.do\/index.php\/author\/elglobaluserpro\/\"}]}<\/script>\n<!-- \/ Yoast SEO plugin. -->","yoast_head_json":{"title":"La OMS alerta sobre aumento de muertes y casos de malaria - EL GLOBAL INFORMATIVO","robots":{"index":"index","follow":"follow","max-snippet":"max-snippet:-1","max-image-preview":"max-image-preview:large","max-video-preview":"max-video-preview:-1"},"canonical":"https:\/\/elglobal.do\/index.php\/2025\/12\/04\/la-oms-alerta-sobre-aumento-de-muertes-y-casos-de-malaria\/","og_locale":"es_ES","og_type":"article","og_title":"La OMS alerta sobre aumento de muertes y casos de malaria - EL GLOBAL INFORMATIVO","og_description":"La&nbsp;Organizaci\u00f3n Mundial de la Salud&nbsp;(OMS) alert\u00f3 el jueves sobre el&nbsp;aumento de las muertes&nbsp;relacionadas con la&nbsp;malaria&nbsp;el a\u00f1o pasado en todo el mundo, as\u00ed como del n\u00famero de casos, en un momento&hellip;","og_url":"https:\/\/elglobal.do\/index.php\/2025\/12\/04\/la-oms-alerta-sobre-aumento-de-muertes-y-casos-de-malaria\/","og_site_name":"EL GLOBAL INFORMATIVO","article_published_time":"2025-12-04T14:57:10+00:00","article_modified_time":"2025-12-04T14:57:12+00:00","og_image":[{"width":800,"height":530,"url":"https:\/\/elglobal.do\/wp-content\/uploads\/2025\/12\/image-30.png","type":"image\/png"}],"author":"EL GLOBAL","twitter_card":"summary_large_image","twitter_misc":{"Escrito por":"EL GLOBAL","Tiempo de lectura":"3 minutos"},"schema":{"@context":"https:\/\/schema.org","@graph":[{"@type":"Article","@id":"https:\/\/elglobal.do\/index.php\/2025\/12\/04\/la-oms-alerta-sobre-aumento-de-muertes-y-casos-de-malaria\/#article","isPartOf":{"@id":"https:\/\/elglobal.do\/index.php\/2025\/12\/04\/la-oms-alerta-sobre-aumento-de-muertes-y-casos-de-malaria\/"},"author":{"name":"EL GLOBAL","@id":"https:\/\/elglobal.do\/#\/schema\/person\/0c97ec2c7714fb605d230c292f64d55f"},"headline":"La OMS alerta sobre aumento de muertes y casos de malaria","datePublished":"2025-12-04T14:57:10+00:00","dateModified":"2025-12-04T14:57:12+00:00","mainEntityOfPage":{"@id":"https:\/\/elglobal.do\/index.php\/2025\/12\/04\/la-oms-alerta-sobre-aumento-de-muertes-y-casos-de-malaria\/"},"wordCount":410,"commentCount":0,"publisher":{"@id":"https:\/\/elglobal.do\/#organization"},"image":{"@id":"https:\/\/elglobal.do\/index.php\/2025\/12\/04\/la-oms-alerta-sobre-aumento-de-muertes-y-casos-de-malaria\/#primaryimage"},"thumbnailUrl":"https:\/\/elglobal.do\/wp-content\/uploads\/2025\/12\/image-30.png","keywords":["#alerta","#Malaria","#Muertes","#OMS","#Salud","#SaludMundial"],"articleSection":["NOTICIAS RELEVANTES","SALUD"],"inLanguage":"es","potentialAction":[{"@type":"CommentAction","name":"Comment","target":["https:\/\/elglobal.do\/index.php\/2025\/12\/04\/la-oms-alerta-sobre-aumento-de-muertes-y-casos-de-malaria\/#respond"]}]},{"@type":"WebPage","@id":"https:\/\/elglobal.do\/index.php\/2025\/12\/04\/la-oms-alerta-sobre-aumento-de-muertes-y-casos-de-malaria\/","url":"https:\/\/elglobal.do\/index.php\/2025\/12\/04\/la-oms-alerta-sobre-aumento-de-muertes-y-casos-de-malaria\/","name":"La OMS alerta sobre aumento de muertes y casos de malaria - EL GLOBAL INFORMATIVO","isPartOf":{"@id":"https:\/\/elglobal.do\/#website"},"primaryImageOfPage":{"@id":"https:\/\/elglobal.do\/index.php\/2025\/12\/04\/la-oms-alerta-sobre-aumento-de-muertes-y-casos-de-malaria\/#primaryimage"},"image":{"@id":"https:\/\/elglobal.do\/index.php\/2025\/12\/04\/la-oms-alerta-sobre-aumento-de-muertes-y-casos-de-malaria\/#primaryimage"},"thumbnailUrl":"https:\/\/elglobal.do\/wp-content\/uploads\/2025\/12\/image-30.png","datePublished":"2025-12-04T14:57:10+00:00","dateModified":"2025-12-04T14:57:12+00:00","breadcrumb":{"@id":"https:\/\/elglobal.do\/index.php\/2025\/12\/04\/la-oms-alerta-sobre-aumento-de-muertes-y-casos-de-malaria\/#breadcrumb"},"inLanguage":"es","potentialAction":[{"@type":"ReadAction","target":["https:\/\/elglobal.do\/index.php\/2025\/12\/04\/la-oms-alerta-sobre-aumento-de-muertes-y-casos-de-malaria\/"]}]},{"@type":"ImageObject","inLanguage":"es","@id":"https:\/\/elglobal.do\/index.php\/2025\/12\/04\/la-oms-alerta-sobre-aumento-de-muertes-y-casos-de-malaria\/#primaryimage","url":"https:\/\/elglobal.do\/wp-content\/uploads\/2025\/12\/image-30.png","contentUrl":"https:\/\/elglobal.do\/wp-content\/uploads\/2025\/12\/image-30.png","width":800,"height":530},{"@type":"BreadcrumbList","@id":"https:\/\/elglobal.do\/index.php\/2025\/12\/04\/la-oms-alerta-sobre-aumento-de-muertes-y-casos-de-malaria\/#breadcrumb","itemListElement":[{"@type":"ListItem","position":1,"name":"Portada","item":"https:\/\/elglobal.do\/"},{"@type":"ListItem","position":2,"name":"La OMS alerta sobre aumento de muertes y casos de malaria"}]},{"@type":"WebSite","@id":"https:\/\/elglobal.do\/#website","url":"https:\/\/elglobal.do\/","name":"EL GLOBAL INFORMATIVO","description":"Peri\u00f3dico digital de la Rep\u00fablica Dominicana que ofrece noticias, novedades, pol\u00edtica y las \u00faltimas actualidades, con informaci\u00f3n veraz y oportuna para mantenerte siempre informad","publisher":{"@id":"https:\/\/elglobal.do\/#organization"},"potentialAction":[{"@type":"SearchAction","target":{"@type":"EntryPoint","urlTemplate":"https:\/\/elglobal.do\/?s={search_term_string}"},"query-input":{"@type":"PropertyValueSpecification","valueRequired":true,"valueName":"search_term_string"}}],"inLanguage":"es"},{"@type":"Organization","@id":"https:\/\/elglobal.do\/#organization","name":"EL GLOBAL.DO INFORMATIVO","url":"https:\/\/elglobal.do\/","logo":{"@type":"ImageObject","inLanguage":"es","@id":"https:\/\/elglobal.do\/#\/schema\/logo\/image\/","url":"https:\/\/elglobal.do\/wp-content\/uploads\/2025\/08\/icon.png","contentUrl":"https:\/\/elglobal.do\/wp-content\/uploads\/2025\/08\/icon.png","width":512,"height":512,"caption":"EL GLOBAL.DO INFORMATIVO"},"image":{"@id":"https:\/\/elglobal.do\/#\/schema\/logo\/image\/"}},{"@type":"Person","@id":"https:\/\/elglobal.do\/#\/schema\/person\/0c97ec2c7714fb605d230c292f64d55f","name":"EL GLOBAL","image":{"@type":"ImageObject","inLanguage":"es","@id":"https:\/\/elglobal.do\/#\/schema\/person\/image\/","url":"https:\/\/secure.gravatar.com\/avatar\/081cfb6cf99faddc6f4e23a0c11ab98c5cf302925382d1c88dc3ed757ab910a3?s=96&d=mm&r=g","contentUrl":"https:\/\/secure.gravatar.com\/avatar\/081cfb6cf99faddc6f4e23a0c11ab98c5cf302925382d1c88dc3ed757ab910a3?s=96&d=mm&r=g","caption":"EL GLOBAL"},"description":"El Global Informativo es un peri\u00f3dico digital de Rep\u00fablica Dominicana que se dedica a cubrir temas importantes, como la pol\u00edtica local, geopol\u00edtica, econom\u00eda, tecnolog\u00eda, noticias internacionales y eventos relacionados con la gesti\u00f3n social, cultural y humana. Su objetivo principal es mantener a la poblaci\u00f3n informada, ofreciendo una visi\u00f3n amplia y actualizada de lo que sucede tanto en el pa\u00eds como en el mundo. Est\u00e1 dirigido por un grupo de periodistas experimentados, lo que garantiza la calidad y la precisi\u00f3n de la informaci\u00f3n que ofrecen. Tiene su sede en la ciudad de Santo Domingo y es parte integral del portafolio de la empresa, MC Global S.R.L.","sameAs":["https:\/\/elglobal.do","https:\/\/www.instagram.com\/elglobal.do_informativo\/"],"url":"https:\/\/elglobal.do\/index.php\/author\/elglobaluserpro\/"}]}},"jetpack_featured_media_url":"https:\/\/elglobal.do\/wp-content\/uploads\/2025\/12\/image-30.png","jetpack_sharing_enabled":true,"_links":{"self":[{"href":"https:\/\/elglobal.do\/index.php\/wp-json\/wp\/v2\/posts\/4427","targetHints":{"allow":["GET"]}}],"collection":[{"href":"https:\/\/elglobal.do\/index.php\/wp-json\/wp\/v2\/posts"}],"about":[{"href":"https:\/\/elglobal.do\/index.php\/wp-json\/wp\/v2\/types\/post"}],"author":[{"embeddable":true,"href":"https:\/\/elglobal.do\/index.php\/wp-json\/wp\/v2\/users\/1"}],"replies":[{"embeddable":true,"href":"https:\/\/elglobal.do\/index.php\/wp-json\/wp\/v2\/comments?post=4427"}],"version-history":[{"count":1,"href":"https:\/\/elglobal.do\/index.php\/wp-json\/wp\/v2\/posts\/4427\/revisions"}],"predecessor-version":[{"id":4429,"href":"https:\/\/elglobal.do\/index.php\/wp-json\/wp\/v2\/posts\/4427\/revisions\/4429"}],"wp:featuredmedia":[{"embeddable":true,"href":"https:\/\/elglobal.do\/index.php\/wp-json\/wp\/v2\/media\/4428"}],"wp:attachment":[{"href":"https:\/\/elglobal.do\/index.php\/wp-json\/wp\/v2\/media?parent=4427"}],"wp:term":[{"taxonomy":"category","embeddable":true,"href":"https:\/\/elglobal.do\/index.php\/wp-json\/wp\/v2\/categories?post=4427"},{"taxonomy":"post_tag","embeddable":true,"href":"https:\/\/elglobal.do\/index.php\/wp-json\/wp\/v2\/tags?post=4427"}],"curies":[{"name":"wp","href":"https:\/\/api.w.org\/{rel}","templated":true}]}}