{"id":443,"date":"2025-08-02T11:24:57","date_gmt":"2025-08-02T15:24:57","guid":{"rendered":"https:\/\/elglobal.do\/?p=443"},"modified":"2025-08-02T11:44:17","modified_gmt":"2025-08-02T15:44:17","slug":"indomet-pronostica-aguaceros-y-posibles-inundaciones-urbanas-este-sabado","status":"publish","type":"post","link":"https:\/\/elglobal.do\/index.php\/2025\/08\/02\/indomet-pronostica-aguaceros-y-posibles-inundaciones-urbanas-este-sabado\/","title":{"rendered":"INDOMET pronostica aguaceros y posibles inundaciones urbanas este s\u00e1bado"},"content":{"rendered":"\n<p><em>La temperatura m\u00ednima oscilar\u00e1 entre 21 \u00b0C y 23 \u00b0C, y la m\u00e1xima entre 33 \u00b0C y 35 \u00b0C.<\/em><\/p>\n\n\n\n<figure class=\"wp-block-image size-full\"><img loading=\"lazy\" decoding=\"async\" width=\"853\" height=\"553\" src=\"https:\/\/elglobal.do\/wp-content\/uploads\/2025\/08\/cielo-gris.jpg\" alt=\"\" class=\"wp-image-444\" srcset=\"https:\/\/elglobal.do\/wp-content\/uploads\/2025\/08\/cielo-gris.jpg 853w, https:\/\/elglobal.do\/wp-content\/uploads\/2025\/08\/cielo-gris-300x194.jpg 300w, https:\/\/elglobal.do\/wp-content\/uploads\/2025\/08\/cielo-gris-768x498.jpg 768w\" sizes=\"auto, (max-width: 853px) 100vw, 853px\" \/><figcaption class=\"wp-element-caption\"> <strong>INDOMET<\/strong> pronostica cielo nublado con escasas lluvias para este domingo<\/figcaption><\/figure>\n\n\n\n<p>Santo Domingo. &#8211; El\u00a0<strong>Instituto Dominicano de Meteorolog\u00eda<\/strong>\u00a0(<strong>INDOMET<\/strong>), inform\u00f3 que, para la tarde y noche de este s\u00e1bado, una onda tropical provocar\u00e1 aguaceros moderados a fuertes, tormentas el\u00e9ctricas, r\u00e1fagas de viento e inundaciones urbanas.<\/p>\n\n\n\n<p>Las lluvias ser\u00e1n especialmente en las provincias: Monte Plata, El Gran Santo Domingo, La Romana, San Pedro de Macor\u00eds, San Crist\u00f3bal, Monse\u00f1or Nouel, La Vega, San Juan, El\u00edas Pi\u00f1a y Baoruco, entre otras cercanas.<\/p>\n\n\n\n<p>\u00abMa\u00f1ana domingo, desde tempranas horas y durante la ma\u00f1ana, el ambiente estar\u00e1 muy propicio, para que se generen chubascos con tormentas el\u00e9ctricas y aisladas r\u00e1fagas de viento, principalmente en provincias del litoral Caribe\u00f1o, como resultado de la influencia de la onda tropical. En la tarde hasta primeras horas de la noche, las precipitaciones se intensificar\u00e1n en forma de aguaceros moderados a fuertes con tormentas el\u00e9ctricas y r\u00e1fagas de viento, principalmente en poblados de las regiones: noreste, sureste, Cordillera Central y zona fronteriza\u00bb.<\/p>\n\n\n\n<p><strong>INDOMET advierte de que contin\u00faan las altas temperaturas.<\/strong><\/p>\n\n\n\n<p>Una de las caracter\u00edsticas del verano, son las temperaturas calurosas asociadas a varios factores, muchas horas de luz solar, viento del sureste y fen\u00f3menos como el polvo del Sahara. Por lo tanto, se mantiene la recomendaci\u00f3n de ingerir suficientes l\u00edquidos, vestir ropas ligeras de colores claros, buscar lugares frescos y ventilados, tener muy presente que los ni\u00f1os y envejecientes son m\u00e1s susceptibles a los efectos de la sensaci\u00f3n t\u00e9rmica elevada.<\/p>\n\n\n\n<p><strong>Temperatura<\/strong><\/p>\n\n\n\n<p>La temperatura m\u00ednima oscilar\u00e1 entre 21 \u00b0C y 23 \u00b0C, y la m\u00e1xima entre 33 \u00b0C y 35 \u00b0C.<\/p>\n\n\n\n<p>Consulta en   <a href=\"https:\/\/indomet.gob.do\/pronostico\/informe-del-tiempo\">https:\/\/indomet.gob.do\/pronostico\/informe-del-tiempo<\/a><\/p>\n\n\n\n<p><\/p>\n","protected":false},"excerpt":{"rendered":"<p>La temperatura m\u00ednima oscilar\u00e1 entre 21 \u00b0C y 23 \u00b0C, y la m\u00e1xima entre 33 \u00b0C y 35 \u00b0C. Santo Domingo. &#8211; El\u00a0Instituto Dominicano de Meteorolog\u00eda\u00a0(INDOMET), inform\u00f3 que, para la&hellip; <\/p>\n","protected":false},"author":1,"featured_media":444,"comment_status":"open","ping_status":"open","sticky":false,"template":"","format":"standard","meta":{"_jetpack_memberships_contains_paid_content":false,"footnotes":""},"categories":[40],"tags":[86,84,85],"class_list":["post-443","post","type-post","status-publish","format-standard","has-post-thumbnail","hentry","category-nacionales","tag-aguaceros","tag-climaglobal","tag-temperatura"],"yoast_head":"<!-- This site is optimized with the Yoast SEO plugin v26.9 - https:\/\/yoast.com\/product\/yoast-seo-wordpress\/ -->\n<title>INDOMET pronostica aguaceros y posibles inundaciones urbanas este s\u00e1bado - EL GLOBAL INFORMATIVO<\/title>\n<meta name=\"robots\" content=\"index, follow, max-snippet:-1, max-image-preview:large, max-video-preview:-1\" \/>\n<link rel=\"canonical\" href=\"https:\/\/elglobal.do\/index.php\/2025\/08\/02\/indomet-pronostica-aguaceros-y-posibles-inundaciones-urbanas-este-sabado\/\" \/>\n<meta property=\"og:locale\" content=\"es_ES\" \/>\n<meta property=\"og:type\" content=\"article\" \/>\n<meta property=\"og:title\" content=\"INDOMET pronostica aguaceros y posibles inundaciones urbanas este s\u00e1bado - EL GLOBAL INFORMATIVO\" \/>\n<meta property=\"og:description\" content=\"La temperatura m\u00ednima oscilar\u00e1 entre 21 \u00b0C y 23 \u00b0C, y la m\u00e1xima entre 33 \u00b0C y 35 \u00b0C. Santo Domingo. &#8211; El\u00a0Instituto Dominicano de Meteorolog\u00eda\u00a0(INDOMET), inform\u00f3 que, para la&hellip;\" \/>\n<meta property=\"og:url\" content=\"https:\/\/elglobal.do\/index.php\/2025\/08\/02\/indomet-pronostica-aguaceros-y-posibles-inundaciones-urbanas-este-sabado\/\" \/>\n<meta property=\"og:site_name\" content=\"EL GLOBAL INFORMATIVO\" \/>\n<meta property=\"article:published_time\" content=\"2025-08-02T15:24:57+00:00\" \/>\n<meta property=\"article:modified_time\" content=\"2025-08-02T15:44:17+00:00\" \/>\n<meta property=\"og:image\" content=\"https:\/\/elglobal.do\/wp-content\/uploads\/2025\/08\/cielo-gris.jpg\" \/>\n\t<meta property=\"og:image:width\" content=\"853\" \/>\n\t<meta property=\"og:image:height\" content=\"553\" \/>\n\t<meta property=\"og:image:type\" content=\"image\/jpeg\" \/>\n<meta name=\"author\" content=\"EL GLOBAL\" \/>\n<meta name=\"twitter:card\" content=\"summary_large_image\" \/>\n<meta name=\"twitter:label1\" content=\"Escrito por\" \/>\n\t<meta name=\"twitter:data1\" content=\"EL GLOBAL\" \/>\n\t<meta name=\"twitter:label2\" content=\"Tiempo de lectura\" \/>\n\t<meta name=\"twitter:data2\" content=\"2 minutos\" \/>\n<script type=\"application\/ld+json\" class=\"yoast-schema-graph\">{\"@context\":\"https:\/\/schema.org\",\"@graph\":[{\"@type\":\"Article\",\"@id\":\"https:\/\/elglobal.do\/index.php\/2025\/08\/02\/indomet-pronostica-aguaceros-y-posibles-inundaciones-urbanas-este-sabado\/#article\",\"isPartOf\":{\"@id\":\"https:\/\/elglobal.do\/index.php\/2025\/08\/02\/indomet-pronostica-aguaceros-y-posibles-inundaciones-urbanas-este-sabado\/\"},\"author\":{\"name\":\"EL GLOBAL\",\"@id\":\"https:\/\/elglobal.do\/#\/schema\/person\/0c97ec2c7714fb605d230c292f64d55f\"},\"headline\":\"INDOMET pronostica aguaceros y posibles inundaciones urbanas este s\u00e1bado\",\"datePublished\":\"2025-08-02T15:24:57+00:00\",\"dateModified\":\"2025-08-02T15:44:17+00:00\",\"mainEntityOfPage\":{\"@id\":\"https:\/\/elglobal.do\/index.php\/2025\/08\/02\/indomet-pronostica-aguaceros-y-posibles-inundaciones-urbanas-este-sabado\/\"},\"wordCount\":319,\"commentCount\":0,\"publisher\":{\"@id\":\"https:\/\/elglobal.do\/#organization\"},\"image\":{\"@id\":\"https:\/\/elglobal.do\/index.php\/2025\/08\/02\/indomet-pronostica-aguaceros-y-posibles-inundaciones-urbanas-este-sabado\/#primaryimage\"},\"thumbnailUrl\":\"https:\/\/elglobal.do\/wp-content\/uploads\/2025\/08\/cielo-gris.jpg\",\"keywords\":[\"#Aguaceros\",\"#ClimaGlobal\",\"#Temperatura\"],\"articleSection\":[\"NACIONALES\"],\"inLanguage\":\"es\",\"potentialAction\":[{\"@type\":\"CommentAction\",\"name\":\"Comment\",\"target\":[\"https:\/\/elglobal.do\/index.php\/2025\/08\/02\/indomet-pronostica-aguaceros-y-posibles-inundaciones-urbanas-este-sabado\/#respond\"]}]},{\"@type\":\"WebPage\",\"@id\":\"https:\/\/elglobal.do\/index.php\/2025\/08\/02\/indomet-pronostica-aguaceros-y-posibles-inundaciones-urbanas-este-sabado\/\",\"url\":\"https:\/\/elglobal.do\/index.php\/2025\/08\/02\/indomet-pronostica-aguaceros-y-posibles-inundaciones-urbanas-este-sabado\/\",\"name\":\"INDOMET pronostica aguaceros y posibles inundaciones urbanas este s\u00e1bado - EL GLOBAL INFORMATIVO\",\"isPartOf\":{\"@id\":\"https:\/\/elglobal.do\/#website\"},\"primaryImageOfPage\":{\"@id\":\"https:\/\/elglobal.do\/index.php\/2025\/08\/02\/indomet-pronostica-aguaceros-y-posibles-inundaciones-urbanas-este-sabado\/#primaryimage\"},\"image\":{\"@id\":\"https:\/\/elglobal.do\/index.php\/2025\/08\/02\/indomet-pronostica-aguaceros-y-posibles-inundaciones-urbanas-este-sabado\/#primaryimage\"},\"thumbnailUrl\":\"https:\/\/elglobal.do\/wp-content\/uploads\/2025\/08\/cielo-gris.jpg\",\"datePublished\":\"2025-08-02T15:24:57+00:00\",\"dateModified\":\"2025-08-02T15:44:17+00:00\",\"breadcrumb\":{\"@id\":\"https:\/\/elglobal.do\/index.php\/2025\/08\/02\/indomet-pronostica-aguaceros-y-posibles-inundaciones-urbanas-este-sabado\/#breadcrumb\"},\"inLanguage\":\"es\",\"potentialAction\":[{\"@type\":\"ReadAction\",\"target\":[\"https:\/\/elglobal.do\/index.php\/2025\/08\/02\/indomet-pronostica-aguaceros-y-posibles-inundaciones-urbanas-este-sabado\/\"]}]},{\"@type\":\"ImageObject\",\"inLanguage\":\"es\",\"@id\":\"https:\/\/elglobal.do\/index.php\/2025\/08\/02\/indomet-pronostica-aguaceros-y-posibles-inundaciones-urbanas-este-sabado\/#primaryimage\",\"url\":\"https:\/\/elglobal.do\/wp-content\/uploads\/2025\/08\/cielo-gris.jpg\",\"contentUrl\":\"https:\/\/elglobal.do\/wp-content\/uploads\/2025\/08\/cielo-gris.jpg\",\"width\":853,\"height\":553},{\"@type\":\"BreadcrumbList\",\"@id\":\"https:\/\/elglobal.do\/index.php\/2025\/08\/02\/indomet-pronostica-aguaceros-y-posibles-inundaciones-urbanas-este-sabado\/#breadcrumb\",\"itemListElement\":[{\"@type\":\"ListItem\",\"position\":1,\"name\":\"Portada\",\"item\":\"https:\/\/elglobal.do\/\"},{\"@type\":\"ListItem\",\"position\":2,\"name\":\"INDOMET pronostica aguaceros y posibles inundaciones urbanas este s\u00e1bado\"}]},{\"@type\":\"WebSite\",\"@id\":\"https:\/\/elglobal.do\/#website\",\"url\":\"https:\/\/elglobal.do\/\",\"name\":\"EL GLOBAL INFORMATIVO\",\"description\":\"Peri\u00f3dico digital de la Rep\u00fablica Dominicana que ofrece noticias, novedades, pol\u00edtica y las \u00faltimas actualidades, con informaci\u00f3n veraz y oportuna para mantenerte siempre informad\",\"publisher\":{\"@id\":\"https:\/\/elglobal.do\/#organization\"},\"potentialAction\":[{\"@type\":\"SearchAction\",\"target\":{\"@type\":\"EntryPoint\",\"urlTemplate\":\"https:\/\/elglobal.do\/?s={search_term_string}\"},\"query-input\":{\"@type\":\"PropertyValueSpecification\",\"valueRequired\":true,\"valueName\":\"search_term_string\"}}],\"inLanguage\":\"es\"},{\"@type\":\"Organization\",\"@id\":\"https:\/\/elglobal.do\/#organization\",\"name\":\"EL GLOBAL.DO INFORMATIVO\",\"url\":\"https:\/\/elglobal.do\/\",\"logo\":{\"@type\":\"ImageObject\",\"inLanguage\":\"es\",\"@id\":\"https:\/\/elglobal.do\/#\/schema\/logo\/image\/\",\"url\":\"https:\/\/elglobal.do\/wp-content\/uploads\/2025\/08\/icon.png\",\"contentUrl\":\"https:\/\/elglobal.do\/wp-content\/uploads\/2025\/08\/icon.png\",\"width\":512,\"height\":512,\"caption\":\"EL GLOBAL.DO INFORMATIVO\"},\"image\":{\"@id\":\"https:\/\/elglobal.do\/#\/schema\/logo\/image\/\"}},{\"@type\":\"Person\",\"@id\":\"https:\/\/elglobal.do\/#\/schema\/person\/0c97ec2c7714fb605d230c292f64d55f\",\"name\":\"EL GLOBAL\",\"image\":{\"@type\":\"ImageObject\",\"inLanguage\":\"es\",\"@id\":\"https:\/\/elglobal.do\/#\/schema\/person\/image\/\",\"url\":\"https:\/\/secure.gravatar.com\/avatar\/081cfb6cf99faddc6f4e23a0c11ab98c5cf302925382d1c88dc3ed757ab910a3?s=96&d=mm&r=g\",\"contentUrl\":\"https:\/\/secure.gravatar.com\/avatar\/081cfb6cf99faddc6f4e23a0c11ab98c5cf302925382d1c88dc3ed757ab910a3?s=96&d=mm&r=g\",\"caption\":\"EL GLOBAL\"},\"description\":\"El Global Informativo es un peri\u00f3dico digital de Rep\u00fablica Dominicana que se dedica a cubrir temas importantes, como la pol\u00edtica local, geopol\u00edtica, econom\u00eda, tecnolog\u00eda, noticias internacionales y eventos relacionados con la gesti\u00f3n social, cultural y humana. Su objetivo principal es mantener a la poblaci\u00f3n informada, ofreciendo una visi\u00f3n amplia y actualizada de lo que sucede tanto en el pa\u00eds como en el mundo. Est\u00e1 dirigido por un grupo de periodistas experimentados, lo que garantiza la calidad y la precisi\u00f3n de la informaci\u00f3n que ofrecen. Tiene su sede en la ciudad de Santo Domingo y es parte integral del portafolio de la empresa, MC Global S.R.L.\",\"sameAs\":[\"https:\/\/elglobal.do\",\"https:\/\/www.instagram.com\/elglobal.do_informativo\/\"],\"url\":\"https:\/\/elglobal.do\/index.php\/author\/elglobaluserpro\/\"}]}<\/script>\n<!-- \/ Yoast SEO plugin. -->","yoast_head_json":{"title":"INDOMET pronostica aguaceros y posibles inundaciones urbanas este s\u00e1bado - EL GLOBAL INFORMATIVO","robots":{"index":"index","follow":"follow","max-snippet":"max-snippet:-1","max-image-preview":"max-image-preview:large","max-video-preview":"max-video-preview:-1"},"canonical":"https:\/\/elglobal.do\/index.php\/2025\/08\/02\/indomet-pronostica-aguaceros-y-posibles-inundaciones-urbanas-este-sabado\/","og_locale":"es_ES","og_type":"article","og_title":"INDOMET pronostica aguaceros y posibles inundaciones urbanas este s\u00e1bado - EL GLOBAL INFORMATIVO","og_description":"La temperatura m\u00ednima oscilar\u00e1 entre 21 \u00b0C y 23 \u00b0C, y la m\u00e1xima entre 33 \u00b0C y 35 \u00b0C. Santo Domingo. &#8211; El\u00a0Instituto Dominicano de Meteorolog\u00eda\u00a0(INDOMET), inform\u00f3 que, para la&hellip;","og_url":"https:\/\/elglobal.do\/index.php\/2025\/08\/02\/indomet-pronostica-aguaceros-y-posibles-inundaciones-urbanas-este-sabado\/","og_site_name":"EL GLOBAL INFORMATIVO","article_published_time":"2025-08-02T15:24:57+00:00","article_modified_time":"2025-08-02T15:44:17+00:00","og_image":[{"width":853,"height":553,"url":"https:\/\/elglobal.do\/wp-content\/uploads\/2025\/08\/cielo-gris.jpg","type":"image\/jpeg"}],"author":"EL GLOBAL","twitter_card":"summary_large_image","twitter_misc":{"Escrito por":"EL GLOBAL","Tiempo de lectura":"2 minutos"},"schema":{"@context":"https:\/\/schema.org","@graph":[{"@type":"Article","@id":"https:\/\/elglobal.do\/index.php\/2025\/08\/02\/indomet-pronostica-aguaceros-y-posibles-inundaciones-urbanas-este-sabado\/#article","isPartOf":{"@id":"https:\/\/elglobal.do\/index.php\/2025\/08\/02\/indomet-pronostica-aguaceros-y-posibles-inundaciones-urbanas-este-sabado\/"},"author":{"name":"EL GLOBAL","@id":"https:\/\/elglobal.do\/#\/schema\/person\/0c97ec2c7714fb605d230c292f64d55f"},"headline":"INDOMET pronostica aguaceros y posibles inundaciones urbanas este s\u00e1bado","datePublished":"2025-08-02T15:24:57+00:00","dateModified":"2025-08-02T15:44:17+00:00","mainEntityOfPage":{"@id":"https:\/\/elglobal.do\/index.php\/2025\/08\/02\/indomet-pronostica-aguaceros-y-posibles-inundaciones-urbanas-este-sabado\/"},"wordCount":319,"commentCount":0,"publisher":{"@id":"https:\/\/elglobal.do\/#organization"},"image":{"@id":"https:\/\/elglobal.do\/index.php\/2025\/08\/02\/indomet-pronostica-aguaceros-y-posibles-inundaciones-urbanas-este-sabado\/#primaryimage"},"thumbnailUrl":"https:\/\/elglobal.do\/wp-content\/uploads\/2025\/08\/cielo-gris.jpg","keywords":["#Aguaceros","#ClimaGlobal","#Temperatura"],"articleSection":["NACIONALES"],"inLanguage":"es","potentialAction":[{"@type":"CommentAction","name":"Comment","target":["https:\/\/elglobal.do\/index.php\/2025\/08\/02\/indomet-pronostica-aguaceros-y-posibles-inundaciones-urbanas-este-sabado\/#respond"]}]},{"@type":"WebPage","@id":"https:\/\/elglobal.do\/index.php\/2025\/08\/02\/indomet-pronostica-aguaceros-y-posibles-inundaciones-urbanas-este-sabado\/","url":"https:\/\/elglobal.do\/index.php\/2025\/08\/02\/indomet-pronostica-aguaceros-y-posibles-inundaciones-urbanas-este-sabado\/","name":"INDOMET pronostica aguaceros y posibles inundaciones urbanas este s\u00e1bado - EL GLOBAL INFORMATIVO","isPartOf":{"@id":"https:\/\/elglobal.do\/#website"},"primaryImageOfPage":{"@id":"https:\/\/elglobal.do\/index.php\/2025\/08\/02\/indomet-pronostica-aguaceros-y-posibles-inundaciones-urbanas-este-sabado\/#primaryimage"},"image":{"@id":"https:\/\/elglobal.do\/index.php\/2025\/08\/02\/indomet-pronostica-aguaceros-y-posibles-inundaciones-urbanas-este-sabado\/#primaryimage"},"thumbnailUrl":"https:\/\/elglobal.do\/wp-content\/uploads\/2025\/08\/cielo-gris.jpg","datePublished":"2025-08-02T15:24:57+00:00","dateModified":"2025-08-02T15:44:17+00:00","breadcrumb":{"@id":"https:\/\/elglobal.do\/index.php\/2025\/08\/02\/indomet-pronostica-aguaceros-y-posibles-inundaciones-urbanas-este-sabado\/#breadcrumb"},"inLanguage":"es","potentialAction":[{"@type":"ReadAction","target":["https:\/\/elglobal.do\/index.php\/2025\/08\/02\/indomet-pronostica-aguaceros-y-posibles-inundaciones-urbanas-este-sabado\/"]}]},{"@type":"ImageObject","inLanguage":"es","@id":"https:\/\/elglobal.do\/index.php\/2025\/08\/02\/indomet-pronostica-aguaceros-y-posibles-inundaciones-urbanas-este-sabado\/#primaryimage","url":"https:\/\/elglobal.do\/wp-content\/uploads\/2025\/08\/cielo-gris.jpg","contentUrl":"https:\/\/elglobal.do\/wp-content\/uploads\/2025\/08\/cielo-gris.jpg","width":853,"height":553},{"@type":"BreadcrumbList","@id":"https:\/\/elglobal.do\/index.php\/2025\/08\/02\/indomet-pronostica-aguaceros-y-posibles-inundaciones-urbanas-este-sabado\/#breadcrumb","itemListElement":[{"@type":"ListItem","position":1,"name":"Portada","item":"https:\/\/elglobal.do\/"},{"@type":"ListItem","position":2,"name":"INDOMET pronostica aguaceros y posibles inundaciones urbanas este s\u00e1bado"}]},{"@type":"WebSite","@id":"https:\/\/elglobal.do\/#website","url":"https:\/\/elglobal.do\/","name":"EL GLOBAL INFORMATIVO","description":"Peri\u00f3dico digital de la Rep\u00fablica Dominicana que ofrece noticias, novedades, pol\u00edtica y las \u00faltimas actualidades, con informaci\u00f3n veraz y oportuna para mantenerte siempre informad","publisher":{"@id":"https:\/\/elglobal.do\/#organization"},"potentialAction":[{"@type":"SearchAction","target":{"@type":"EntryPoint","urlTemplate":"https:\/\/elglobal.do\/?s={search_term_string}"},"query-input":{"@type":"PropertyValueSpecification","valueRequired":true,"valueName":"search_term_string"}}],"inLanguage":"es"},{"@type":"Organization","@id":"https:\/\/elglobal.do\/#organization","name":"EL GLOBAL.DO INFORMATIVO","url":"https:\/\/elglobal.do\/","logo":{"@type":"ImageObject","inLanguage":"es","@id":"https:\/\/elglobal.do\/#\/schema\/logo\/image\/","url":"https:\/\/elglobal.do\/wp-content\/uploads\/2025\/08\/icon.png","contentUrl":"https:\/\/elglobal.do\/wp-content\/uploads\/2025\/08\/icon.png","width":512,"height":512,"caption":"EL GLOBAL.DO INFORMATIVO"},"image":{"@id":"https:\/\/elglobal.do\/#\/schema\/logo\/image\/"}},{"@type":"Person","@id":"https:\/\/elglobal.do\/#\/schema\/person\/0c97ec2c7714fb605d230c292f64d55f","name":"EL GLOBAL","image":{"@type":"ImageObject","inLanguage":"es","@id":"https:\/\/elglobal.do\/#\/schema\/person\/image\/","url":"https:\/\/secure.gravatar.com\/avatar\/081cfb6cf99faddc6f4e23a0c11ab98c5cf302925382d1c88dc3ed757ab910a3?s=96&d=mm&r=g","contentUrl":"https:\/\/secure.gravatar.com\/avatar\/081cfb6cf99faddc6f4e23a0c11ab98c5cf302925382d1c88dc3ed757ab910a3?s=96&d=mm&r=g","caption":"EL GLOBAL"},"description":"El Global Informativo es un peri\u00f3dico digital de Rep\u00fablica Dominicana que se dedica a cubrir temas importantes, como la pol\u00edtica local, geopol\u00edtica, econom\u00eda, tecnolog\u00eda, noticias internacionales y eventos relacionados con la gesti\u00f3n social, cultural y humana. Su objetivo principal es mantener a la poblaci\u00f3n informada, ofreciendo una visi\u00f3n amplia y actualizada de lo que sucede tanto en el pa\u00eds como en el mundo. Est\u00e1 dirigido por un grupo de periodistas experimentados, lo que garantiza la calidad y la precisi\u00f3n de la informaci\u00f3n que ofrecen. Tiene su sede en la ciudad de Santo Domingo y es parte integral del portafolio de la empresa, MC Global S.R.L.","sameAs":["https:\/\/elglobal.do","https:\/\/www.instagram.com\/elglobal.do_informativo\/"],"url":"https:\/\/elglobal.do\/index.php\/author\/elglobaluserpro\/"}]}},"jetpack_featured_media_url":"https:\/\/elglobal.do\/wp-content\/uploads\/2025\/08\/cielo-gris.jpg","jetpack_sharing_enabled":true,"_links":{"self":[{"href":"https:\/\/elglobal.do\/index.php\/wp-json\/wp\/v2\/posts\/443","targetHints":{"allow":["GET"]}}],"collection":[{"href":"https:\/\/elglobal.do\/index.php\/wp-json\/wp\/v2\/posts"}],"about":[{"href":"https:\/\/elglobal.do\/index.php\/wp-json\/wp\/v2\/types\/post"}],"author":[{"embeddable":true,"href":"https:\/\/elglobal.do\/index.php\/wp-json\/wp\/v2\/users\/1"}],"replies":[{"embeddable":true,"href":"https:\/\/elglobal.do\/index.php\/wp-json\/wp\/v2\/comments?post=443"}],"version-history":[{"count":2,"href":"https:\/\/elglobal.do\/index.php\/wp-json\/wp\/v2\/posts\/443\/revisions"}],"predecessor-version":[{"id":450,"href":"https:\/\/elglobal.do\/index.php\/wp-json\/wp\/v2\/posts\/443\/revisions\/450"}],"wp:featuredmedia":[{"embeddable":true,"href":"https:\/\/elglobal.do\/index.php\/wp-json\/wp\/v2\/media\/444"}],"wp:attachment":[{"href":"https:\/\/elglobal.do\/index.php\/wp-json\/wp\/v2\/media?parent=443"}],"wp:term":[{"taxonomy":"category","embeddable":true,"href":"https:\/\/elglobal.do\/index.php\/wp-json\/wp\/v2\/categories?post=443"},{"taxonomy":"post_tag","embeddable":true,"href":"https:\/\/elglobal.do\/index.php\/wp-json\/wp\/v2\/tags?post=443"}],"curies":[{"name":"wp","href":"https:\/\/api.w.org\/{rel}","templated":true}]}}