{"id":4438,"date":"2025-12-04T11:46:03","date_gmt":"2025-12-04T15:46:03","guid":{"rendered":"https:\/\/elglobal.do\/?p=4438"},"modified":"2025-12-04T11:46:06","modified_gmt":"2025-12-04T15:46:06","slug":"emiten-nuevo-protocolo-de-viajes-escolares-tras-muerte-de-nina-en-excursion","status":"publish","type":"post","link":"https:\/\/elglobal.do\/index.php\/2025\/12\/04\/emiten-nuevo-protocolo-de-viajes-escolares-tras-muerte-de-nina-en-excursion\/","title":{"rendered":"Emiten nuevo protocolo de viajes escolares tras muerte de ni\u00f1a en excursi\u00f3n"},"content":{"rendered":"<div class=\"wp-block-image\">\n<figure class=\"alignright size-full is-resized\"><img loading=\"lazy\" decoding=\"async\" width=\"800\" height=\"600\" src=\"https:\/\/elglobal.do\/wp-content\/uploads\/2025\/12\/image-32.png\" alt=\"\" class=\"wp-image-4439\" style=\"width:411px;height:auto\" srcset=\"https:\/\/elglobal.do\/wp-content\/uploads\/2025\/12\/image-32.png 800w, https:\/\/elglobal.do\/wp-content\/uploads\/2025\/12\/image-32-300x225.png 300w, https:\/\/elglobal.do\/wp-content\/uploads\/2025\/12\/image-32-768x576.png 768w\" sizes=\"auto, (max-width: 800px) 100vw, 800px\" \/><\/figure>\n<\/div>\n\n\n<p><strong>Santiago.-<\/strong> A ra\u00edz de la muerte dela ni\u00f1a<strong>\u00a0Stephora Anne-Mircie Joseph<\/strong>, de 11 a\u00f1os, ahogada durante una excursi\u00f3n escolar el pasado 14 de noviembre, la Direcci\u00f3n\u00a0<strong>Regional de Educaci\u00f3n 08<\/strong>, en\u00a0<strong>Santiago<\/strong>, emiti\u00f3  un nuevo protocolo para la realizaci\u00f3n de actividades y salidas educativas.<\/p>\n\n\n\n<p id=\"m33681-33680-33682\">El documento establece una serie de requisitos que los centros deber\u00e1n cumplir antes de autorizar cualquier actividad fuera del plantel.<\/p>\n\n\n\n<p>Entre los cuales, figura que las excursiones deben ser programas en el\u00a0<strong>Plan Anual de clases\u00a0<\/strong>o a inicio del semestre, de igual forma la solicitud debe ser enviada con al menos 45 d\u00edas de anticipaci\u00f3n al\u00a0<strong>Distrito Educativo<\/strong>\u00a0para su evaluaci\u00f3n y posterior aprobaci\u00f3n de la regional.<\/p>\n\n\n\n<p>El protocolo tambi\u00e9n ordena que los padres o tutores reciban la informaci\u00f3n completa sobre la salida, incluyendo transporte, horario, costos y condiciones con 21 d\u00edas de anticipaci\u00f3n.<\/p>\n\n\n\n<p id=\"m33713-33712-33714\">Ning\u00fan estudiante podr\u00e1 participar sin la autorizaci\u00f3n firmada. En materia de seguridad, el nuevo reglamento&nbsp;<strong>proh\u00edbe el uso y porte de hookahs<\/strong>,&nbsp;<strong>vaper<\/strong>,&nbsp;<strong>cigarrillos<\/strong>,<strong>&nbsp;alcohol<\/strong>,<strong>&nbsp;armas blancas<\/strong>&nbsp;o cualquier sustancia il\u00edcita durante las actividades. Tambi\u00e9n<strong>&nbsp;limita la m\u00fasica inapropiada<\/strong>&nbsp;dentro del transporte y obliga a los centros a disponer de un botiqu\u00edn de primeros auxilios y un registro actualizado de contactos de emergencia.<\/p>\n\n\n\n<p id=\"m33718-33717-33719\">Asimismo, se establece que los estudiantes no podr\u00e1n separarse del grupo, y se&nbsp;<strong>restringen las visitas a espacios como r\u00edos<\/strong>,&nbsp;<strong>playas o piscinas<\/strong>, a menos que est\u00e9n contempladas en la gu\u00eda pedag\u00f3gica y bajo supervisi\u00f3n estricta; aunque el protocolo aclara que este tipo de lugares \u201cqueda estrictamente prohibido\u201d en la mayor\u00eda de los casos.<\/p>\n\n\n\n<p id=\"m33723-33722-33724\">De igual forma, establece los documentos obligatorios para aprobar una salida escolar, entre ellos: la descripci\u00f3n de la actividad, la autorizaci\u00f3n de la&nbsp;<strong>Asociaci\u00f3n de Padres, Madres y Amigos de la Escuela&nbsp;<\/strong>(<strong>APMAE<\/strong>), la solicitud formal enviada a la regional y la gu\u00eda pedag\u00f3gica.<\/p>\n\n\n\n<p id=\"m33728-33727-33729\">Asimismo, se requiere presentar la comunicaci\u00f3n que ser\u00e1 enviada a los padres, con la informaci\u00f3n b\u00e1sica sobre fecha, lugar, horario y costos. Con la puesta en vigencia de este protocolo, las autoridades buscan reforzar el control y la seguridad en las excursiones escolares, dejando claro que las futuras salidas deber\u00e1n cumplir con requisitos m\u00e1s estrictos para proteger a los estudiantes.&nbsp;<\/p>\n\n\n\n<p><\/p>\n","protected":false},"excerpt":{"rendered":"<p>Santiago.- A ra\u00edz de la muerte dela ni\u00f1a\u00a0Stephora Anne-Mircie Joseph, de 11 a\u00f1os, ahogada durante una excursi\u00f3n escolar el pasado 14 de noviembre, la Direcci\u00f3n\u00a0Regional de Educaci\u00f3n 08, en\u00a0Santiago, emiti\u00f3&hellip; <\/p>\n","protected":false},"author":1,"featured_media":4439,"comment_status":"open","ping_status":"open","sticky":false,"template":"","format":"standard","meta":{"_jetpack_memberships_contains_paid_content":false,"footnotes":""},"categories":[40],"tags":[2393,660,2392,57,1939,2391],"class_list":["post-4438","post","type-post","status-publish","format-standard","has-post-thumbnail","hentry","category-nacionales","tag-colegios","tag-escuelas","tag-excursion","tag-muerte","tag-protocolo","tag-viajesescolares"],"yoast_head":"<!-- This site is optimized with the Yoast SEO plugin v26.9 - https:\/\/yoast.com\/product\/yoast-seo-wordpress\/ -->\n<title>Emiten nuevo protocolo de viajes escolares tras muerte de ni\u00f1a en excursi\u00f3n - EL GLOBAL INFORMATIVO<\/title>\n<meta name=\"robots\" content=\"index, follow, max-snippet:-1, max-image-preview:large, max-video-preview:-1\" \/>\n<link rel=\"canonical\" href=\"https:\/\/elglobal.do\/index.php\/2025\/12\/04\/emiten-nuevo-protocolo-de-viajes-escolares-tras-muerte-de-nina-en-excursion\/\" \/>\n<meta property=\"og:locale\" content=\"es_ES\" \/>\n<meta property=\"og:type\" content=\"article\" \/>\n<meta property=\"og:title\" content=\"Emiten nuevo protocolo de viajes escolares tras muerte de ni\u00f1a en excursi\u00f3n - EL GLOBAL INFORMATIVO\" \/>\n<meta property=\"og:description\" content=\"Santiago.- A ra\u00edz de la muerte dela ni\u00f1a\u00a0Stephora Anne-Mircie Joseph, de 11 a\u00f1os, ahogada durante una excursi\u00f3n escolar el pasado 14 de noviembre, la Direcci\u00f3n\u00a0Regional de Educaci\u00f3n 08, en\u00a0Santiago, emiti\u00f3&hellip;\" \/>\n<meta property=\"og:url\" content=\"https:\/\/elglobal.do\/index.php\/2025\/12\/04\/emiten-nuevo-protocolo-de-viajes-escolares-tras-muerte-de-nina-en-excursion\/\" \/>\n<meta property=\"og:site_name\" content=\"EL GLOBAL INFORMATIVO\" \/>\n<meta property=\"article:published_time\" content=\"2025-12-04T15:46:03+00:00\" \/>\n<meta property=\"article:modified_time\" content=\"2025-12-04T15:46:06+00:00\" \/>\n<meta property=\"og:image\" content=\"https:\/\/elglobal.do\/wp-content\/uploads\/2025\/12\/image-32.png\" \/>\n\t<meta property=\"og:image:width\" content=\"800\" \/>\n\t<meta property=\"og:image:height\" content=\"600\" \/>\n\t<meta property=\"og:image:type\" content=\"image\/png\" \/>\n<meta name=\"author\" content=\"EL GLOBAL\" \/>\n<meta name=\"twitter:card\" content=\"summary_large_image\" \/>\n<meta name=\"twitter:label1\" content=\"Escrito por\" \/>\n\t<meta name=\"twitter:data1\" content=\"EL GLOBAL\" \/>\n\t<meta name=\"twitter:label2\" content=\"Tiempo de lectura\" \/>\n\t<meta name=\"twitter:data2\" content=\"3 minutos\" \/>\n<script type=\"application\/ld+json\" class=\"yoast-schema-graph\">{\"@context\":\"https:\/\/schema.org\",\"@graph\":[{\"@type\":\"Article\",\"@id\":\"https:\/\/elglobal.do\/index.php\/2025\/12\/04\/emiten-nuevo-protocolo-de-viajes-escolares-tras-muerte-de-nina-en-excursion\/#article\",\"isPartOf\":{\"@id\":\"https:\/\/elglobal.do\/index.php\/2025\/12\/04\/emiten-nuevo-protocolo-de-viajes-escolares-tras-muerte-de-nina-en-excursion\/\"},\"author\":{\"name\":\"EL GLOBAL\",\"@id\":\"https:\/\/elglobal.do\/#\/schema\/person\/0c97ec2c7714fb605d230c292f64d55f\"},\"headline\":\"Emiten nuevo protocolo de viajes escolares tras muerte de ni\u00f1a en excursi\u00f3n\",\"datePublished\":\"2025-12-04T15:46:03+00:00\",\"dateModified\":\"2025-12-04T15:46:06+00:00\",\"mainEntityOfPage\":{\"@id\":\"https:\/\/elglobal.do\/index.php\/2025\/12\/04\/emiten-nuevo-protocolo-de-viajes-escolares-tras-muerte-de-nina-en-excursion\/\"},\"wordCount\":423,\"commentCount\":0,\"publisher\":{\"@id\":\"https:\/\/elglobal.do\/#organization\"},\"image\":{\"@id\":\"https:\/\/elglobal.do\/index.php\/2025\/12\/04\/emiten-nuevo-protocolo-de-viajes-escolares-tras-muerte-de-nina-en-excursion\/#primaryimage\"},\"thumbnailUrl\":\"https:\/\/elglobal.do\/wp-content\/uploads\/2025\/12\/image-32.png\",\"keywords\":[\"#Colegios\",\"#Escuelas\",\"#Excursi\u00f3n\",\"#Muerte\",\"#Protocolo\",\"#ViajesEscolares\"],\"articleSection\":[\"NACIONALES\"],\"inLanguage\":\"es\",\"potentialAction\":[{\"@type\":\"CommentAction\",\"name\":\"Comment\",\"target\":[\"https:\/\/elglobal.do\/index.php\/2025\/12\/04\/emiten-nuevo-protocolo-de-viajes-escolares-tras-muerte-de-nina-en-excursion\/#respond\"]}]},{\"@type\":\"WebPage\",\"@id\":\"https:\/\/elglobal.do\/index.php\/2025\/12\/04\/emiten-nuevo-protocolo-de-viajes-escolares-tras-muerte-de-nina-en-excursion\/\",\"url\":\"https:\/\/elglobal.do\/index.php\/2025\/12\/04\/emiten-nuevo-protocolo-de-viajes-escolares-tras-muerte-de-nina-en-excursion\/\",\"name\":\"Emiten nuevo protocolo de viajes escolares tras muerte de ni\u00f1a en excursi\u00f3n - EL GLOBAL INFORMATIVO\",\"isPartOf\":{\"@id\":\"https:\/\/elglobal.do\/#website\"},\"primaryImageOfPage\":{\"@id\":\"https:\/\/elglobal.do\/index.php\/2025\/12\/04\/emiten-nuevo-protocolo-de-viajes-escolares-tras-muerte-de-nina-en-excursion\/#primaryimage\"},\"image\":{\"@id\":\"https:\/\/elglobal.do\/index.php\/2025\/12\/04\/emiten-nuevo-protocolo-de-viajes-escolares-tras-muerte-de-nina-en-excursion\/#primaryimage\"},\"thumbnailUrl\":\"https:\/\/elglobal.do\/wp-content\/uploads\/2025\/12\/image-32.png\",\"datePublished\":\"2025-12-04T15:46:03+00:00\",\"dateModified\":\"2025-12-04T15:46:06+00:00\",\"breadcrumb\":{\"@id\":\"https:\/\/elglobal.do\/index.php\/2025\/12\/04\/emiten-nuevo-protocolo-de-viajes-escolares-tras-muerte-de-nina-en-excursion\/#breadcrumb\"},\"inLanguage\":\"es\",\"potentialAction\":[{\"@type\":\"ReadAction\",\"target\":[\"https:\/\/elglobal.do\/index.php\/2025\/12\/04\/emiten-nuevo-protocolo-de-viajes-escolares-tras-muerte-de-nina-en-excursion\/\"]}]},{\"@type\":\"ImageObject\",\"inLanguage\":\"es\",\"@id\":\"https:\/\/elglobal.do\/index.php\/2025\/12\/04\/emiten-nuevo-protocolo-de-viajes-escolares-tras-muerte-de-nina-en-excursion\/#primaryimage\",\"url\":\"https:\/\/elglobal.do\/wp-content\/uploads\/2025\/12\/image-32.png\",\"contentUrl\":\"https:\/\/elglobal.do\/wp-content\/uploads\/2025\/12\/image-32.png\",\"width\":800,\"height\":600},{\"@type\":\"BreadcrumbList\",\"@id\":\"https:\/\/elglobal.do\/index.php\/2025\/12\/04\/emiten-nuevo-protocolo-de-viajes-escolares-tras-muerte-de-nina-en-excursion\/#breadcrumb\",\"itemListElement\":[{\"@type\":\"ListItem\",\"position\":1,\"name\":\"Portada\",\"item\":\"https:\/\/elglobal.do\/\"},{\"@type\":\"ListItem\",\"position\":2,\"name\":\"Emiten nuevo protocolo de viajes escolares tras muerte de ni\u00f1a en excursi\u00f3n\"}]},{\"@type\":\"WebSite\",\"@id\":\"https:\/\/elglobal.do\/#website\",\"url\":\"https:\/\/elglobal.do\/\",\"name\":\"EL GLOBAL INFORMATIVO\",\"description\":\"Peri\u00f3dico digital de la Rep\u00fablica Dominicana que ofrece noticias, novedades, pol\u00edtica y las \u00faltimas actualidades, con informaci\u00f3n veraz y oportuna para mantenerte siempre informad\",\"publisher\":{\"@id\":\"https:\/\/elglobal.do\/#organization\"},\"potentialAction\":[{\"@type\":\"SearchAction\",\"target\":{\"@type\":\"EntryPoint\",\"urlTemplate\":\"https:\/\/elglobal.do\/?s={search_term_string}\"},\"query-input\":{\"@type\":\"PropertyValueSpecification\",\"valueRequired\":true,\"valueName\":\"search_term_string\"}}],\"inLanguage\":\"es\"},{\"@type\":\"Organization\",\"@id\":\"https:\/\/elglobal.do\/#organization\",\"name\":\"EL GLOBAL.DO INFORMATIVO\",\"url\":\"https:\/\/elglobal.do\/\",\"logo\":{\"@type\":\"ImageObject\",\"inLanguage\":\"es\",\"@id\":\"https:\/\/elglobal.do\/#\/schema\/logo\/image\/\",\"url\":\"https:\/\/elglobal.do\/wp-content\/uploads\/2025\/08\/icon.png\",\"contentUrl\":\"https:\/\/elglobal.do\/wp-content\/uploads\/2025\/08\/icon.png\",\"width\":512,\"height\":512,\"caption\":\"EL GLOBAL.DO INFORMATIVO\"},\"image\":{\"@id\":\"https:\/\/elglobal.do\/#\/schema\/logo\/image\/\"}},{\"@type\":\"Person\",\"@id\":\"https:\/\/elglobal.do\/#\/schema\/person\/0c97ec2c7714fb605d230c292f64d55f\",\"name\":\"EL GLOBAL\",\"image\":{\"@type\":\"ImageObject\",\"inLanguage\":\"es\",\"@id\":\"https:\/\/elglobal.do\/#\/schema\/person\/image\/\",\"url\":\"https:\/\/secure.gravatar.com\/avatar\/081cfb6cf99faddc6f4e23a0c11ab98c5cf302925382d1c88dc3ed757ab910a3?s=96&d=mm&r=g\",\"contentUrl\":\"https:\/\/secure.gravatar.com\/avatar\/081cfb6cf99faddc6f4e23a0c11ab98c5cf302925382d1c88dc3ed757ab910a3?s=96&d=mm&r=g\",\"caption\":\"EL GLOBAL\"},\"description\":\"El Global Informativo es un peri\u00f3dico digital de Rep\u00fablica Dominicana que se dedica a cubrir temas importantes, como la pol\u00edtica local, geopol\u00edtica, econom\u00eda, tecnolog\u00eda, noticias internacionales y eventos relacionados con la gesti\u00f3n social, cultural y humana. Su objetivo principal es mantener a la poblaci\u00f3n informada, ofreciendo una visi\u00f3n amplia y actualizada de lo que sucede tanto en el pa\u00eds como en el mundo. Est\u00e1 dirigido por un grupo de periodistas experimentados, lo que garantiza la calidad y la precisi\u00f3n de la informaci\u00f3n que ofrecen. Tiene su sede en la ciudad de Santo Domingo y es parte integral del portafolio de la empresa, MC Global S.R.L.\",\"sameAs\":[\"https:\/\/elglobal.do\",\"https:\/\/www.instagram.com\/elglobal.do_informativo\/\"],\"url\":\"https:\/\/elglobal.do\/index.php\/author\/elglobaluserpro\/\"}]}<\/script>\n<!-- \/ Yoast SEO plugin. -->","yoast_head_json":{"title":"Emiten nuevo protocolo de viajes escolares tras muerte de ni\u00f1a en excursi\u00f3n - EL GLOBAL INFORMATIVO","robots":{"index":"index","follow":"follow","max-snippet":"max-snippet:-1","max-image-preview":"max-image-preview:large","max-video-preview":"max-video-preview:-1"},"canonical":"https:\/\/elglobal.do\/index.php\/2025\/12\/04\/emiten-nuevo-protocolo-de-viajes-escolares-tras-muerte-de-nina-en-excursion\/","og_locale":"es_ES","og_type":"article","og_title":"Emiten nuevo protocolo de viajes escolares tras muerte de ni\u00f1a en excursi\u00f3n - EL GLOBAL INFORMATIVO","og_description":"Santiago.- A ra\u00edz de la muerte dela ni\u00f1a\u00a0Stephora Anne-Mircie Joseph, de 11 a\u00f1os, ahogada durante una excursi\u00f3n escolar el pasado 14 de noviembre, la Direcci\u00f3n\u00a0Regional de Educaci\u00f3n 08, en\u00a0Santiago, emiti\u00f3&hellip;","og_url":"https:\/\/elglobal.do\/index.php\/2025\/12\/04\/emiten-nuevo-protocolo-de-viajes-escolares-tras-muerte-de-nina-en-excursion\/","og_site_name":"EL GLOBAL INFORMATIVO","article_published_time":"2025-12-04T15:46:03+00:00","article_modified_time":"2025-12-04T15:46:06+00:00","og_image":[{"width":800,"height":600,"url":"https:\/\/elglobal.do\/wp-content\/uploads\/2025\/12\/image-32.png","type":"image\/png"}],"author":"EL GLOBAL","twitter_card":"summary_large_image","twitter_misc":{"Escrito por":"EL GLOBAL","Tiempo de lectura":"3 minutos"},"schema":{"@context":"https:\/\/schema.org","@graph":[{"@type":"Article","@id":"https:\/\/elglobal.do\/index.php\/2025\/12\/04\/emiten-nuevo-protocolo-de-viajes-escolares-tras-muerte-de-nina-en-excursion\/#article","isPartOf":{"@id":"https:\/\/elglobal.do\/index.php\/2025\/12\/04\/emiten-nuevo-protocolo-de-viajes-escolares-tras-muerte-de-nina-en-excursion\/"},"author":{"name":"EL GLOBAL","@id":"https:\/\/elglobal.do\/#\/schema\/person\/0c97ec2c7714fb605d230c292f64d55f"},"headline":"Emiten nuevo protocolo de viajes escolares tras muerte de ni\u00f1a en excursi\u00f3n","datePublished":"2025-12-04T15:46:03+00:00","dateModified":"2025-12-04T15:46:06+00:00","mainEntityOfPage":{"@id":"https:\/\/elglobal.do\/index.php\/2025\/12\/04\/emiten-nuevo-protocolo-de-viajes-escolares-tras-muerte-de-nina-en-excursion\/"},"wordCount":423,"commentCount":0,"publisher":{"@id":"https:\/\/elglobal.do\/#organization"},"image":{"@id":"https:\/\/elglobal.do\/index.php\/2025\/12\/04\/emiten-nuevo-protocolo-de-viajes-escolares-tras-muerte-de-nina-en-excursion\/#primaryimage"},"thumbnailUrl":"https:\/\/elglobal.do\/wp-content\/uploads\/2025\/12\/image-32.png","keywords":["#Colegios","#Escuelas","#Excursi\u00f3n","#Muerte","#Protocolo","#ViajesEscolares"],"articleSection":["NACIONALES"],"inLanguage":"es","potentialAction":[{"@type":"CommentAction","name":"Comment","target":["https:\/\/elglobal.do\/index.php\/2025\/12\/04\/emiten-nuevo-protocolo-de-viajes-escolares-tras-muerte-de-nina-en-excursion\/#respond"]}]},{"@type":"WebPage","@id":"https:\/\/elglobal.do\/index.php\/2025\/12\/04\/emiten-nuevo-protocolo-de-viajes-escolares-tras-muerte-de-nina-en-excursion\/","url":"https:\/\/elglobal.do\/index.php\/2025\/12\/04\/emiten-nuevo-protocolo-de-viajes-escolares-tras-muerte-de-nina-en-excursion\/","name":"Emiten nuevo protocolo de viajes escolares tras muerte de ni\u00f1a en excursi\u00f3n - EL GLOBAL INFORMATIVO","isPartOf":{"@id":"https:\/\/elglobal.do\/#website"},"primaryImageOfPage":{"@id":"https:\/\/elglobal.do\/index.php\/2025\/12\/04\/emiten-nuevo-protocolo-de-viajes-escolares-tras-muerte-de-nina-en-excursion\/#primaryimage"},"image":{"@id":"https:\/\/elglobal.do\/index.php\/2025\/12\/04\/emiten-nuevo-protocolo-de-viajes-escolares-tras-muerte-de-nina-en-excursion\/#primaryimage"},"thumbnailUrl":"https:\/\/elglobal.do\/wp-content\/uploads\/2025\/12\/image-32.png","datePublished":"2025-12-04T15:46:03+00:00","dateModified":"2025-12-04T15:46:06+00:00","breadcrumb":{"@id":"https:\/\/elglobal.do\/index.php\/2025\/12\/04\/emiten-nuevo-protocolo-de-viajes-escolares-tras-muerte-de-nina-en-excursion\/#breadcrumb"},"inLanguage":"es","potentialAction":[{"@type":"ReadAction","target":["https:\/\/elglobal.do\/index.php\/2025\/12\/04\/emiten-nuevo-protocolo-de-viajes-escolares-tras-muerte-de-nina-en-excursion\/"]}]},{"@type":"ImageObject","inLanguage":"es","@id":"https:\/\/elglobal.do\/index.php\/2025\/12\/04\/emiten-nuevo-protocolo-de-viajes-escolares-tras-muerte-de-nina-en-excursion\/#primaryimage","url":"https:\/\/elglobal.do\/wp-content\/uploads\/2025\/12\/image-32.png","contentUrl":"https:\/\/elglobal.do\/wp-content\/uploads\/2025\/12\/image-32.png","width":800,"height":600},{"@type":"BreadcrumbList","@id":"https:\/\/elglobal.do\/index.php\/2025\/12\/04\/emiten-nuevo-protocolo-de-viajes-escolares-tras-muerte-de-nina-en-excursion\/#breadcrumb","itemListElement":[{"@type":"ListItem","position":1,"name":"Portada","item":"https:\/\/elglobal.do\/"},{"@type":"ListItem","position":2,"name":"Emiten nuevo protocolo de viajes escolares tras muerte de ni\u00f1a en excursi\u00f3n"}]},{"@type":"WebSite","@id":"https:\/\/elglobal.do\/#website","url":"https:\/\/elglobal.do\/","name":"EL GLOBAL INFORMATIVO","description":"Peri\u00f3dico digital de la Rep\u00fablica Dominicana que ofrece noticias, novedades, pol\u00edtica y las \u00faltimas actualidades, con informaci\u00f3n veraz y oportuna para mantenerte siempre informad","publisher":{"@id":"https:\/\/elglobal.do\/#organization"},"potentialAction":[{"@type":"SearchAction","target":{"@type":"EntryPoint","urlTemplate":"https:\/\/elglobal.do\/?s={search_term_string}"},"query-input":{"@type":"PropertyValueSpecification","valueRequired":true,"valueName":"search_term_string"}}],"inLanguage":"es"},{"@type":"Organization","@id":"https:\/\/elglobal.do\/#organization","name":"EL GLOBAL.DO INFORMATIVO","url":"https:\/\/elglobal.do\/","logo":{"@type":"ImageObject","inLanguage":"es","@id":"https:\/\/elglobal.do\/#\/schema\/logo\/image\/","url":"https:\/\/elglobal.do\/wp-content\/uploads\/2025\/08\/icon.png","contentUrl":"https:\/\/elglobal.do\/wp-content\/uploads\/2025\/08\/icon.png","width":512,"height":512,"caption":"EL GLOBAL.DO INFORMATIVO"},"image":{"@id":"https:\/\/elglobal.do\/#\/schema\/logo\/image\/"}},{"@type":"Person","@id":"https:\/\/elglobal.do\/#\/schema\/person\/0c97ec2c7714fb605d230c292f64d55f","name":"EL GLOBAL","image":{"@type":"ImageObject","inLanguage":"es","@id":"https:\/\/elglobal.do\/#\/schema\/person\/image\/","url":"https:\/\/secure.gravatar.com\/avatar\/081cfb6cf99faddc6f4e23a0c11ab98c5cf302925382d1c88dc3ed757ab910a3?s=96&d=mm&r=g","contentUrl":"https:\/\/secure.gravatar.com\/avatar\/081cfb6cf99faddc6f4e23a0c11ab98c5cf302925382d1c88dc3ed757ab910a3?s=96&d=mm&r=g","caption":"EL GLOBAL"},"description":"El Global Informativo es un peri\u00f3dico digital de Rep\u00fablica Dominicana que se dedica a cubrir temas importantes, como la pol\u00edtica local, geopol\u00edtica, econom\u00eda, tecnolog\u00eda, noticias internacionales y eventos relacionados con la gesti\u00f3n social, cultural y humana. Su objetivo principal es mantener a la poblaci\u00f3n informada, ofreciendo una visi\u00f3n amplia y actualizada de lo que sucede tanto en el pa\u00eds como en el mundo. Est\u00e1 dirigido por un grupo de periodistas experimentados, lo que garantiza la calidad y la precisi\u00f3n de la informaci\u00f3n que ofrecen. Tiene su sede en la ciudad de Santo Domingo y es parte integral del portafolio de la empresa, MC Global S.R.L.","sameAs":["https:\/\/elglobal.do","https:\/\/www.instagram.com\/elglobal.do_informativo\/"],"url":"https:\/\/elglobal.do\/index.php\/author\/elglobaluserpro\/"}]}},"jetpack_featured_media_url":"https:\/\/elglobal.do\/wp-content\/uploads\/2025\/12\/image-32.png","jetpack_sharing_enabled":true,"_links":{"self":[{"href":"https:\/\/elglobal.do\/index.php\/wp-json\/wp\/v2\/posts\/4438","targetHints":{"allow":["GET"]}}],"collection":[{"href":"https:\/\/elglobal.do\/index.php\/wp-json\/wp\/v2\/posts"}],"about":[{"href":"https:\/\/elglobal.do\/index.php\/wp-json\/wp\/v2\/types\/post"}],"author":[{"embeddable":true,"href":"https:\/\/elglobal.do\/index.php\/wp-json\/wp\/v2\/users\/1"}],"replies":[{"embeddable":true,"href":"https:\/\/elglobal.do\/index.php\/wp-json\/wp\/v2\/comments?post=4438"}],"version-history":[{"count":1,"href":"https:\/\/elglobal.do\/index.php\/wp-json\/wp\/v2\/posts\/4438\/revisions"}],"predecessor-version":[{"id":4441,"href":"https:\/\/elglobal.do\/index.php\/wp-json\/wp\/v2\/posts\/4438\/revisions\/4441"}],"wp:featuredmedia":[{"embeddable":true,"href":"https:\/\/elglobal.do\/index.php\/wp-json\/wp\/v2\/media\/4439"}],"wp:attachment":[{"href":"https:\/\/elglobal.do\/index.php\/wp-json\/wp\/v2\/media?parent=4438"}],"wp:term":[{"taxonomy":"category","embeddable":true,"href":"https:\/\/elglobal.do\/index.php\/wp-json\/wp\/v2\/categories?post=4438"},{"taxonomy":"post_tag","embeddable":true,"href":"https:\/\/elglobal.do\/index.php\/wp-json\/wp\/v2\/tags?post=4438"}],"curies":[{"name":"wp","href":"https:\/\/api.w.org\/{rel}","templated":true}]}}