{"id":4464,"date":"2025-12-05T10:35:34","date_gmt":"2025-12-05T14:35:34","guid":{"rendered":"https:\/\/elglobal.do\/?p=4464"},"modified":"2025-12-05T10:35:37","modified_gmt":"2025-12-05T14:35:37","slug":"tribunal-impone-prision-preventiva-a-hombre-acusado-de-sustraer-medidores-de-edesur-dominicana","status":"publish","type":"post","link":"https:\/\/elglobal.do\/index.php\/2025\/12\/05\/tribunal-impone-prision-preventiva-a-hombre-acusado-de-sustraer-medidores-de-edesur-dominicana\/","title":{"rendered":"Tribunal impone prisi\u00f3n preventiva a hombre acusado de sustraer medidores de Edesur Dominicana"},"content":{"rendered":"\n<figure class=\"wp-block-image size-large\"><img loading=\"lazy\" decoding=\"async\" width=\"1024\" height=\"682\" src=\"https:\/\/elglobal.do\/wp-content\/uploads\/2025\/12\/Contador-1024x682.jpeg\" alt=\"\" class=\"wp-image-4476\" srcset=\"https:\/\/elglobal.do\/wp-content\/uploads\/2025\/12\/Contador-1024x682.jpeg 1024w, https:\/\/elglobal.do\/wp-content\/uploads\/2025\/12\/Contador-300x200.jpeg 300w, https:\/\/elglobal.do\/wp-content\/uploads\/2025\/12\/Contador-768x512.jpeg 768w, https:\/\/elglobal.do\/wp-content\/uploads\/2025\/12\/Contador-1536x1023.jpeg 1536w, https:\/\/elglobal.do\/wp-content\/uploads\/2025\/12\/Contador.jpeg 1600w\" sizes=\"auto, (max-width: 1024px) 100vw, 1024px\" \/><\/figure>\n\n\n\n<p>&nbsp;<strong>Santo Domingo Oeste. \u2013<\/strong> La Oficina Judicial de Servicios de Atenci\u00f3n Permanente de Santo Domingo Oeste, impuso tres (3) meses de prisi\u00f3n preventiva como medida de coerci\u00f3n contra Amilka Eduardo Dur\u00e1n, imputado de la presunta sustracci\u00f3n de medidores el\u00e9ctricos, propiedad de Edesur Dominicana, en un hecho ocurrido en el sector Buenos Aires de Herrera.<\/p>\n\n\n\n<p>El tribunal dispuso que la medida de coerci\u00f3n sea cumplida en la Penitenciar\u00eda Nacional de La Victoria.<\/p>\n\n\n\n<p>Durante la audiencia, el Ministerio P\u00fablico present\u00f3 como evidencia un acta donde constan los elementos e instrumentos ocupados al imputado el d\u00eda veinticinco (25) del mes de noviembre, como parte de las diligencias de investigaci\u00f3n que se lleva a cabo.<\/p>\n\n\n\n<p>Edesur asegura que mantiene su firme compromiso de colaborar de manera estrecha con las autoridades competentes en el marco de los procesos judiciales que procuran la protecci\u00f3n de los bienes p\u00fablicos y la seguridad del sistema el\u00e9ctrico nacional, as\u00ed como la debida sanci\u00f3n, con estricto apego a la ley.<\/p>\n\n\n\n<p>Desde el pasado mes de septiembre, seis personas han sido llevadas a prisi\u00f3n por la imputaci\u00f3n del delito en perjuicio de la empresa distribuidora de electricidad.<\/p>\n\n\n\n<p><\/p>\n","protected":false},"excerpt":{"rendered":"<p>&nbsp;Santo Domingo Oeste. \u2013 La Oficina Judicial de Servicios de Atenci\u00f3n Permanente de Santo Domingo Oeste, impuso tres (3) meses de prisi\u00f3n preventiva como medida de coerci\u00f3n contra Amilka Eduardo&hellip; <\/p>\n","protected":false},"author":1,"featured_media":4476,"comment_status":"open","ping_status":"open","sticky":false,"template":"","format":"standard","meta":{"_jetpack_memberships_contains_paid_content":false,"footnotes":""},"categories":[313,14],"tags":[2442,98,2443,310,1325,1280,484,711],"class_list":["post-4464","post","type-post","status-publish","format-standard","has-post-thumbnail","hentry","category-justicia","category-slider","tag-edesurdominicana","tag-elglobalinformativo","tag-impone","tag-justicia","tag-medidores","tag-prisionpreventiva","tag-robo","tag-tribunal"],"yoast_head":"<!-- This site is optimized with the Yoast SEO plugin v26.9 - https:\/\/yoast.com\/product\/yoast-seo-wordpress\/ -->\n<title>Tribunal impone prisi\u00f3n preventiva a hombre acusado de sustraer medidores de Edesur Dominicana - EL GLOBAL INFORMATIVO<\/title>\n<meta name=\"robots\" content=\"index, follow, max-snippet:-1, max-image-preview:large, max-video-preview:-1\" \/>\n<link rel=\"canonical\" href=\"https:\/\/elglobal.do\/index.php\/2025\/12\/05\/tribunal-impone-prision-preventiva-a-hombre-acusado-de-sustraer-medidores-de-edesur-dominicana\/\" \/>\n<meta property=\"og:locale\" content=\"es_ES\" \/>\n<meta property=\"og:type\" content=\"article\" \/>\n<meta property=\"og:title\" content=\"Tribunal impone prisi\u00f3n preventiva a hombre acusado de sustraer medidores de Edesur Dominicana - EL GLOBAL INFORMATIVO\" \/>\n<meta property=\"og:description\" content=\"&nbsp;Santo Domingo Oeste. \u2013 La Oficina Judicial de Servicios de Atenci\u00f3n Permanente de Santo Domingo Oeste, impuso tres (3) meses de prisi\u00f3n preventiva como medida de coerci\u00f3n contra Amilka Eduardo&hellip;\" \/>\n<meta property=\"og:url\" content=\"https:\/\/elglobal.do\/index.php\/2025\/12\/05\/tribunal-impone-prision-preventiva-a-hombre-acusado-de-sustraer-medidores-de-edesur-dominicana\/\" \/>\n<meta property=\"og:site_name\" content=\"EL GLOBAL INFORMATIVO\" \/>\n<meta property=\"article:published_time\" content=\"2025-12-05T14:35:34+00:00\" \/>\n<meta property=\"article:modified_time\" content=\"2025-12-05T14:35:37+00:00\" \/>\n<meta property=\"og:image\" content=\"https:\/\/elglobal.do\/wp-content\/uploads\/2025\/12\/Contador.jpeg\" \/>\n\t<meta property=\"og:image:width\" content=\"1600\" \/>\n\t<meta property=\"og:image:height\" content=\"1066\" \/>\n\t<meta property=\"og:image:type\" content=\"image\/jpeg\" \/>\n<meta name=\"author\" content=\"EL GLOBAL\" \/>\n<meta name=\"twitter:card\" content=\"summary_large_image\" \/>\n<meta name=\"twitter:label1\" content=\"Escrito por\" \/>\n\t<meta name=\"twitter:data1\" content=\"EL GLOBAL\" \/>\n\t<meta name=\"twitter:label2\" content=\"Tiempo de lectura\" \/>\n\t<meta name=\"twitter:data2\" content=\"1 minuto\" \/>\n<script type=\"application\/ld+json\" class=\"yoast-schema-graph\">{\"@context\":\"https:\/\/schema.org\",\"@graph\":[{\"@type\":\"Article\",\"@id\":\"https:\/\/elglobal.do\/index.php\/2025\/12\/05\/tribunal-impone-prision-preventiva-a-hombre-acusado-de-sustraer-medidores-de-edesur-dominicana\/#article\",\"isPartOf\":{\"@id\":\"https:\/\/elglobal.do\/index.php\/2025\/12\/05\/tribunal-impone-prision-preventiva-a-hombre-acusado-de-sustraer-medidores-de-edesur-dominicana\/\"},\"author\":{\"name\":\"EL GLOBAL\",\"@id\":\"https:\/\/elglobal.do\/#\/schema\/person\/0c97ec2c7714fb605d230c292f64d55f\"},\"headline\":\"Tribunal impone prisi\u00f3n preventiva a hombre acusado de sustraer medidores de Edesur Dominicana\",\"datePublished\":\"2025-12-05T14:35:34+00:00\",\"dateModified\":\"2025-12-05T14:35:37+00:00\",\"mainEntityOfPage\":{\"@id\":\"https:\/\/elglobal.do\/index.php\/2025\/12\/05\/tribunal-impone-prision-preventiva-a-hombre-acusado-de-sustraer-medidores-de-edesur-dominicana\/\"},\"wordCount\":215,\"commentCount\":0,\"publisher\":{\"@id\":\"https:\/\/elglobal.do\/#organization\"},\"image\":{\"@id\":\"https:\/\/elglobal.do\/index.php\/2025\/12\/05\/tribunal-impone-prision-preventiva-a-hombre-acusado-de-sustraer-medidores-de-edesur-dominicana\/#primaryimage\"},\"thumbnailUrl\":\"https:\/\/elglobal.do\/wp-content\/uploads\/2025\/12\/Contador.jpeg\",\"keywords\":[\"#EdesurDominicana\",\"#ElGlobalInformativo\",\"#impone\",\"#Justicia\",\"#medidores\",\"#Prisi\u00f3npreventiva\",\"#robo\",\"#Tribunal\"],\"articleSection\":[\"JUSTICIA\",\"NOTICIAS RELEVANTES\"],\"inLanguage\":\"es\",\"potentialAction\":[{\"@type\":\"CommentAction\",\"name\":\"Comment\",\"target\":[\"https:\/\/elglobal.do\/index.php\/2025\/12\/05\/tribunal-impone-prision-preventiva-a-hombre-acusado-de-sustraer-medidores-de-edesur-dominicana\/#respond\"]}]},{\"@type\":\"WebPage\",\"@id\":\"https:\/\/elglobal.do\/index.php\/2025\/12\/05\/tribunal-impone-prision-preventiva-a-hombre-acusado-de-sustraer-medidores-de-edesur-dominicana\/\",\"url\":\"https:\/\/elglobal.do\/index.php\/2025\/12\/05\/tribunal-impone-prision-preventiva-a-hombre-acusado-de-sustraer-medidores-de-edesur-dominicana\/\",\"name\":\"Tribunal impone prisi\u00f3n preventiva a hombre acusado de sustraer medidores de Edesur Dominicana - EL GLOBAL INFORMATIVO\",\"isPartOf\":{\"@id\":\"https:\/\/elglobal.do\/#website\"},\"primaryImageOfPage\":{\"@id\":\"https:\/\/elglobal.do\/index.php\/2025\/12\/05\/tribunal-impone-prision-preventiva-a-hombre-acusado-de-sustraer-medidores-de-edesur-dominicana\/#primaryimage\"},\"image\":{\"@id\":\"https:\/\/elglobal.do\/index.php\/2025\/12\/05\/tribunal-impone-prision-preventiva-a-hombre-acusado-de-sustraer-medidores-de-edesur-dominicana\/#primaryimage\"},\"thumbnailUrl\":\"https:\/\/elglobal.do\/wp-content\/uploads\/2025\/12\/Contador.jpeg\",\"datePublished\":\"2025-12-05T14:35:34+00:00\",\"dateModified\":\"2025-12-05T14:35:37+00:00\",\"breadcrumb\":{\"@id\":\"https:\/\/elglobal.do\/index.php\/2025\/12\/05\/tribunal-impone-prision-preventiva-a-hombre-acusado-de-sustraer-medidores-de-edesur-dominicana\/#breadcrumb\"},\"inLanguage\":\"es\",\"potentialAction\":[{\"@type\":\"ReadAction\",\"target\":[\"https:\/\/elglobal.do\/index.php\/2025\/12\/05\/tribunal-impone-prision-preventiva-a-hombre-acusado-de-sustraer-medidores-de-edesur-dominicana\/\"]}]},{\"@type\":\"ImageObject\",\"inLanguage\":\"es\",\"@id\":\"https:\/\/elglobal.do\/index.php\/2025\/12\/05\/tribunal-impone-prision-preventiva-a-hombre-acusado-de-sustraer-medidores-de-edesur-dominicana\/#primaryimage\",\"url\":\"https:\/\/elglobal.do\/wp-content\/uploads\/2025\/12\/Contador.jpeg\",\"contentUrl\":\"https:\/\/elglobal.do\/wp-content\/uploads\/2025\/12\/Contador.jpeg\",\"width\":1600,\"height\":1066},{\"@type\":\"BreadcrumbList\",\"@id\":\"https:\/\/elglobal.do\/index.php\/2025\/12\/05\/tribunal-impone-prision-preventiva-a-hombre-acusado-de-sustraer-medidores-de-edesur-dominicana\/#breadcrumb\",\"itemListElement\":[{\"@type\":\"ListItem\",\"position\":1,\"name\":\"Portada\",\"item\":\"https:\/\/elglobal.do\/\"},{\"@type\":\"ListItem\",\"position\":2,\"name\":\"Tribunal impone prisi\u00f3n preventiva a hombre acusado de sustraer medidores de Edesur Dominicana\"}]},{\"@type\":\"WebSite\",\"@id\":\"https:\/\/elglobal.do\/#website\",\"url\":\"https:\/\/elglobal.do\/\",\"name\":\"EL GLOBAL INFORMATIVO\",\"description\":\"Peri\u00f3dico digital de la Rep\u00fablica Dominicana que ofrece noticias, novedades, pol\u00edtica y las \u00faltimas actualidades, con informaci\u00f3n veraz y oportuna para mantenerte siempre informad\",\"publisher\":{\"@id\":\"https:\/\/elglobal.do\/#organization\"},\"potentialAction\":[{\"@type\":\"SearchAction\",\"target\":{\"@type\":\"EntryPoint\",\"urlTemplate\":\"https:\/\/elglobal.do\/?s={search_term_string}\"},\"query-input\":{\"@type\":\"PropertyValueSpecification\",\"valueRequired\":true,\"valueName\":\"search_term_string\"}}],\"inLanguage\":\"es\"},{\"@type\":\"Organization\",\"@id\":\"https:\/\/elglobal.do\/#organization\",\"name\":\"EL GLOBAL.DO INFORMATIVO\",\"url\":\"https:\/\/elglobal.do\/\",\"logo\":{\"@type\":\"ImageObject\",\"inLanguage\":\"es\",\"@id\":\"https:\/\/elglobal.do\/#\/schema\/logo\/image\/\",\"url\":\"https:\/\/elglobal.do\/wp-content\/uploads\/2025\/08\/icon.png\",\"contentUrl\":\"https:\/\/elglobal.do\/wp-content\/uploads\/2025\/08\/icon.png\",\"width\":512,\"height\":512,\"caption\":\"EL GLOBAL.DO INFORMATIVO\"},\"image\":{\"@id\":\"https:\/\/elglobal.do\/#\/schema\/logo\/image\/\"}},{\"@type\":\"Person\",\"@id\":\"https:\/\/elglobal.do\/#\/schema\/person\/0c97ec2c7714fb605d230c292f64d55f\",\"name\":\"EL GLOBAL\",\"image\":{\"@type\":\"ImageObject\",\"inLanguage\":\"es\",\"@id\":\"https:\/\/elglobal.do\/#\/schema\/person\/image\/\",\"url\":\"https:\/\/secure.gravatar.com\/avatar\/081cfb6cf99faddc6f4e23a0c11ab98c5cf302925382d1c88dc3ed757ab910a3?s=96&d=mm&r=g\",\"contentUrl\":\"https:\/\/secure.gravatar.com\/avatar\/081cfb6cf99faddc6f4e23a0c11ab98c5cf302925382d1c88dc3ed757ab910a3?s=96&d=mm&r=g\",\"caption\":\"EL GLOBAL\"},\"description\":\"El Global Informativo es un peri\u00f3dico digital de Rep\u00fablica Dominicana que se dedica a cubrir temas importantes, como la pol\u00edtica local, geopol\u00edtica, econom\u00eda, tecnolog\u00eda, noticias internacionales y eventos relacionados con la gesti\u00f3n social, cultural y humana. Su objetivo principal es mantener a la poblaci\u00f3n informada, ofreciendo una visi\u00f3n amplia y actualizada de lo que sucede tanto en el pa\u00eds como en el mundo. Est\u00e1 dirigido por un grupo de periodistas experimentados, lo que garantiza la calidad y la precisi\u00f3n de la informaci\u00f3n que ofrecen. Tiene su sede en la ciudad de Santo Domingo y es parte integral del portafolio de la empresa, MC Global S.R.L.\",\"sameAs\":[\"https:\/\/elglobal.do\",\"https:\/\/www.instagram.com\/elglobal.do_informativo\/\"],\"url\":\"https:\/\/elglobal.do\/index.php\/author\/elglobaluserpro\/\"}]}<\/script>\n<!-- \/ Yoast SEO plugin. -->","yoast_head_json":{"title":"Tribunal impone prisi\u00f3n preventiva a hombre acusado de sustraer medidores de Edesur Dominicana - EL GLOBAL INFORMATIVO","robots":{"index":"index","follow":"follow","max-snippet":"max-snippet:-1","max-image-preview":"max-image-preview:large","max-video-preview":"max-video-preview:-1"},"canonical":"https:\/\/elglobal.do\/index.php\/2025\/12\/05\/tribunal-impone-prision-preventiva-a-hombre-acusado-de-sustraer-medidores-de-edesur-dominicana\/","og_locale":"es_ES","og_type":"article","og_title":"Tribunal impone prisi\u00f3n preventiva a hombre acusado de sustraer medidores de Edesur Dominicana - EL GLOBAL INFORMATIVO","og_description":"&nbsp;Santo Domingo Oeste. \u2013 La Oficina Judicial de Servicios de Atenci\u00f3n Permanente de Santo Domingo Oeste, impuso tres (3) meses de prisi\u00f3n preventiva como medida de coerci\u00f3n contra Amilka Eduardo&hellip;","og_url":"https:\/\/elglobal.do\/index.php\/2025\/12\/05\/tribunal-impone-prision-preventiva-a-hombre-acusado-de-sustraer-medidores-de-edesur-dominicana\/","og_site_name":"EL GLOBAL INFORMATIVO","article_published_time":"2025-12-05T14:35:34+00:00","article_modified_time":"2025-12-05T14:35:37+00:00","og_image":[{"width":1600,"height":1066,"url":"https:\/\/elglobal.do\/wp-content\/uploads\/2025\/12\/Contador.jpeg","type":"image\/jpeg"}],"author":"EL GLOBAL","twitter_card":"summary_large_image","twitter_misc":{"Escrito por":"EL GLOBAL","Tiempo de lectura":"1 minuto"},"schema":{"@context":"https:\/\/schema.org","@graph":[{"@type":"Article","@id":"https:\/\/elglobal.do\/index.php\/2025\/12\/05\/tribunal-impone-prision-preventiva-a-hombre-acusado-de-sustraer-medidores-de-edesur-dominicana\/#article","isPartOf":{"@id":"https:\/\/elglobal.do\/index.php\/2025\/12\/05\/tribunal-impone-prision-preventiva-a-hombre-acusado-de-sustraer-medidores-de-edesur-dominicana\/"},"author":{"name":"EL GLOBAL","@id":"https:\/\/elglobal.do\/#\/schema\/person\/0c97ec2c7714fb605d230c292f64d55f"},"headline":"Tribunal impone prisi\u00f3n preventiva a hombre acusado de sustraer medidores de Edesur Dominicana","datePublished":"2025-12-05T14:35:34+00:00","dateModified":"2025-12-05T14:35:37+00:00","mainEntityOfPage":{"@id":"https:\/\/elglobal.do\/index.php\/2025\/12\/05\/tribunal-impone-prision-preventiva-a-hombre-acusado-de-sustraer-medidores-de-edesur-dominicana\/"},"wordCount":215,"commentCount":0,"publisher":{"@id":"https:\/\/elglobal.do\/#organization"},"image":{"@id":"https:\/\/elglobal.do\/index.php\/2025\/12\/05\/tribunal-impone-prision-preventiva-a-hombre-acusado-de-sustraer-medidores-de-edesur-dominicana\/#primaryimage"},"thumbnailUrl":"https:\/\/elglobal.do\/wp-content\/uploads\/2025\/12\/Contador.jpeg","keywords":["#EdesurDominicana","#ElGlobalInformativo","#impone","#Justicia","#medidores","#Prisi\u00f3npreventiva","#robo","#Tribunal"],"articleSection":["JUSTICIA","NOTICIAS RELEVANTES"],"inLanguage":"es","potentialAction":[{"@type":"CommentAction","name":"Comment","target":["https:\/\/elglobal.do\/index.php\/2025\/12\/05\/tribunal-impone-prision-preventiva-a-hombre-acusado-de-sustraer-medidores-de-edesur-dominicana\/#respond"]}]},{"@type":"WebPage","@id":"https:\/\/elglobal.do\/index.php\/2025\/12\/05\/tribunal-impone-prision-preventiva-a-hombre-acusado-de-sustraer-medidores-de-edesur-dominicana\/","url":"https:\/\/elglobal.do\/index.php\/2025\/12\/05\/tribunal-impone-prision-preventiva-a-hombre-acusado-de-sustraer-medidores-de-edesur-dominicana\/","name":"Tribunal impone prisi\u00f3n preventiva a hombre acusado de sustraer medidores de Edesur Dominicana - EL GLOBAL INFORMATIVO","isPartOf":{"@id":"https:\/\/elglobal.do\/#website"},"primaryImageOfPage":{"@id":"https:\/\/elglobal.do\/index.php\/2025\/12\/05\/tribunal-impone-prision-preventiva-a-hombre-acusado-de-sustraer-medidores-de-edesur-dominicana\/#primaryimage"},"image":{"@id":"https:\/\/elglobal.do\/index.php\/2025\/12\/05\/tribunal-impone-prision-preventiva-a-hombre-acusado-de-sustraer-medidores-de-edesur-dominicana\/#primaryimage"},"thumbnailUrl":"https:\/\/elglobal.do\/wp-content\/uploads\/2025\/12\/Contador.jpeg","datePublished":"2025-12-05T14:35:34+00:00","dateModified":"2025-12-05T14:35:37+00:00","breadcrumb":{"@id":"https:\/\/elglobal.do\/index.php\/2025\/12\/05\/tribunal-impone-prision-preventiva-a-hombre-acusado-de-sustraer-medidores-de-edesur-dominicana\/#breadcrumb"},"inLanguage":"es","potentialAction":[{"@type":"ReadAction","target":["https:\/\/elglobal.do\/index.php\/2025\/12\/05\/tribunal-impone-prision-preventiva-a-hombre-acusado-de-sustraer-medidores-de-edesur-dominicana\/"]}]},{"@type":"ImageObject","inLanguage":"es","@id":"https:\/\/elglobal.do\/index.php\/2025\/12\/05\/tribunal-impone-prision-preventiva-a-hombre-acusado-de-sustraer-medidores-de-edesur-dominicana\/#primaryimage","url":"https:\/\/elglobal.do\/wp-content\/uploads\/2025\/12\/Contador.jpeg","contentUrl":"https:\/\/elglobal.do\/wp-content\/uploads\/2025\/12\/Contador.jpeg","width":1600,"height":1066},{"@type":"BreadcrumbList","@id":"https:\/\/elglobal.do\/index.php\/2025\/12\/05\/tribunal-impone-prision-preventiva-a-hombre-acusado-de-sustraer-medidores-de-edesur-dominicana\/#breadcrumb","itemListElement":[{"@type":"ListItem","position":1,"name":"Portada","item":"https:\/\/elglobal.do\/"},{"@type":"ListItem","position":2,"name":"Tribunal impone prisi\u00f3n preventiva a hombre acusado de sustraer medidores de Edesur Dominicana"}]},{"@type":"WebSite","@id":"https:\/\/elglobal.do\/#website","url":"https:\/\/elglobal.do\/","name":"EL GLOBAL INFORMATIVO","description":"Peri\u00f3dico digital de la Rep\u00fablica Dominicana que ofrece noticias, novedades, pol\u00edtica y las \u00faltimas actualidades, con informaci\u00f3n veraz y oportuna para mantenerte siempre informad","publisher":{"@id":"https:\/\/elglobal.do\/#organization"},"potentialAction":[{"@type":"SearchAction","target":{"@type":"EntryPoint","urlTemplate":"https:\/\/elglobal.do\/?s={search_term_string}"},"query-input":{"@type":"PropertyValueSpecification","valueRequired":true,"valueName":"search_term_string"}}],"inLanguage":"es"},{"@type":"Organization","@id":"https:\/\/elglobal.do\/#organization","name":"EL GLOBAL.DO INFORMATIVO","url":"https:\/\/elglobal.do\/","logo":{"@type":"ImageObject","inLanguage":"es","@id":"https:\/\/elglobal.do\/#\/schema\/logo\/image\/","url":"https:\/\/elglobal.do\/wp-content\/uploads\/2025\/08\/icon.png","contentUrl":"https:\/\/elglobal.do\/wp-content\/uploads\/2025\/08\/icon.png","width":512,"height":512,"caption":"EL GLOBAL.DO INFORMATIVO"},"image":{"@id":"https:\/\/elglobal.do\/#\/schema\/logo\/image\/"}},{"@type":"Person","@id":"https:\/\/elglobal.do\/#\/schema\/person\/0c97ec2c7714fb605d230c292f64d55f","name":"EL GLOBAL","image":{"@type":"ImageObject","inLanguage":"es","@id":"https:\/\/elglobal.do\/#\/schema\/person\/image\/","url":"https:\/\/secure.gravatar.com\/avatar\/081cfb6cf99faddc6f4e23a0c11ab98c5cf302925382d1c88dc3ed757ab910a3?s=96&d=mm&r=g","contentUrl":"https:\/\/secure.gravatar.com\/avatar\/081cfb6cf99faddc6f4e23a0c11ab98c5cf302925382d1c88dc3ed757ab910a3?s=96&d=mm&r=g","caption":"EL GLOBAL"},"description":"El Global Informativo es un peri\u00f3dico digital de Rep\u00fablica Dominicana que se dedica a cubrir temas importantes, como la pol\u00edtica local, geopol\u00edtica, econom\u00eda, tecnolog\u00eda, noticias internacionales y eventos relacionados con la gesti\u00f3n social, cultural y humana. Su objetivo principal es mantener a la poblaci\u00f3n informada, ofreciendo una visi\u00f3n amplia y actualizada de lo que sucede tanto en el pa\u00eds como en el mundo. Est\u00e1 dirigido por un grupo de periodistas experimentados, lo que garantiza la calidad y la precisi\u00f3n de la informaci\u00f3n que ofrecen. Tiene su sede en la ciudad de Santo Domingo y es parte integral del portafolio de la empresa, MC Global S.R.L.","sameAs":["https:\/\/elglobal.do","https:\/\/www.instagram.com\/elglobal.do_informativo\/"],"url":"https:\/\/elglobal.do\/index.php\/author\/elglobaluserpro\/"}]}},"jetpack_featured_media_url":"https:\/\/elglobal.do\/wp-content\/uploads\/2025\/12\/Contador.jpeg","jetpack_sharing_enabled":true,"_links":{"self":[{"href":"https:\/\/elglobal.do\/index.php\/wp-json\/wp\/v2\/posts\/4464","targetHints":{"allow":["GET"]}}],"collection":[{"href":"https:\/\/elglobal.do\/index.php\/wp-json\/wp\/v2\/posts"}],"about":[{"href":"https:\/\/elglobal.do\/index.php\/wp-json\/wp\/v2\/types\/post"}],"author":[{"embeddable":true,"href":"https:\/\/elglobal.do\/index.php\/wp-json\/wp\/v2\/users\/1"}],"replies":[{"embeddable":true,"href":"https:\/\/elglobal.do\/index.php\/wp-json\/wp\/v2\/comments?post=4464"}],"version-history":[{"count":1,"href":"https:\/\/elglobal.do\/index.php\/wp-json\/wp\/v2\/posts\/4464\/revisions"}],"predecessor-version":[{"id":4477,"href":"https:\/\/elglobal.do\/index.php\/wp-json\/wp\/v2\/posts\/4464\/revisions\/4477"}],"wp:featuredmedia":[{"embeddable":true,"href":"https:\/\/elglobal.do\/index.php\/wp-json\/wp\/v2\/media\/4476"}],"wp:attachment":[{"href":"https:\/\/elglobal.do\/index.php\/wp-json\/wp\/v2\/media?parent=4464"}],"wp:term":[{"taxonomy":"category","embeddable":true,"href":"https:\/\/elglobal.do\/index.php\/wp-json\/wp\/v2\/categories?post=4464"},{"taxonomy":"post_tag","embeddable":true,"href":"https:\/\/elglobal.do\/index.php\/wp-json\/wp\/v2\/tags?post=4464"}],"curies":[{"name":"wp","href":"https:\/\/api.w.org\/{rel}","templated":true}]}}