{"id":4486,"date":"2025-12-05T11:17:17","date_gmt":"2025-12-05T15:17:17","guid":{"rendered":"https:\/\/elglobal.do\/?p=4486"},"modified":"2025-12-05T11:17:19","modified_gmt":"2025-12-05T15:17:19","slug":"union-europea-impone-multa-de-120-millones-de-euros-a-red-social-x","status":"publish","type":"post","link":"https:\/\/elglobal.do\/index.php\/2025\/12\/05\/union-europea-impone-multa-de-120-millones-de-euros-a-red-social-x\/","title":{"rendered":"Uni\u00f3n Europea impone multa de 120 millones de euros a red social X"},"content":{"rendered":"\n<figure class=\"wp-block-image size-full\"><img loading=\"lazy\" decoding=\"async\" width=\"800\" height=\"533\" src=\"https:\/\/elglobal.do\/wp-content\/uploads\/2025\/12\/image-40.png\" alt=\"\" class=\"wp-image-4487\" srcset=\"https:\/\/elglobal.do\/wp-content\/uploads\/2025\/12\/image-40.png 800w, https:\/\/elglobal.do\/wp-content\/uploads\/2025\/12\/image-40-300x200.png 300w, https:\/\/elglobal.do\/wp-content\/uploads\/2025\/12\/image-40-768x512.png 768w\" sizes=\"auto, (max-width: 800px) 100vw, 800px\" \/><\/figure>\n\n\n\n<p><strong>Estados Unidos.-<\/strong> La&nbsp;<strong>Uni\u00f3n Europea<\/strong>&nbsp;impuso este viernes una multa de&nbsp;<strong>120 millones de euros<\/strong>&nbsp;(casi 140 millones de d\u00f3lares) a la red social X, propiedad de Elon Musk, que podr\u00eda provocar otra confrontaci\u00f3n con el presidente estadounidense Donald Trump.<\/p>\n\n\n\n<p id=\"m48173-48172-48174\">La sanci\u00f3n corresponde a las infracciones notificadas en julio de 2024 a X, cuando la UE acus\u00f3 a la plataforma de&nbsp;<strong>enga\u00f1ar<\/strong>&nbsp;a los usuarios con el sistema de marca de&nbsp;<strong>verificaci\u00f3n azul<\/strong>&nbsp;-que supuestamente certifica las fuentes de informaci\u00f3n-, de no ser lo suficientemente transparente respecto a la publicidad y de no respetar la obligaci\u00f3n de acceso a los datos internos por parte de investigadores acreditados.<\/p>\n\n\n\n<p>Antes incluso de que se oficializara la decisi\u00f3n, el vicepresidente estadounidense JD Vance hab\u00eda denunciado los pasos que estaba dando la Uni\u00f3n Europea.<\/p>\n\n\n\n<p id=\"m48183-48182-48184\">\u00abLa UE deber\u00eda defender la&nbsp;<strong>libertad de expresi\u00f3n<\/strong>&nbsp;en lugar de atacar a empresas estadounidenses por tonter\u00edas\u00bb, lanz\u00f3, una declaraci\u00f3n que Musk agradeci\u00f3 poco despu\u00e9s.<\/p>\n\n\n\n<p id=\"m48188-48187-48189\">La multa contra X \u00abno tiene nada que ver con la censura\u00bb, se\u00f1al\u00f3 la vicepresidenta de la Comisi\u00f3n Europea encargada de temas digitales,&nbsp;<strong>Henna Virkkunen<\/strong>, al ser preguntada por periodistas.<\/p>\n\n\n\n<p id=\"m48193-48192-48194\">\u00abNo estamos aqu\u00ed para imponer las multas m\u00e1s altas. Estamos aqu\u00ed para asegurarnos de que nuestra legislaci\u00f3n digital se cumple\u00bb, agreg\u00f3 la responsable. \u00abSi acatas nuestras reglas, no te multamos: es tan simple como eso\u00bb, enfatiz\u00f3.<\/p>\n\n\n\n<p id=\"m48198-48197-48199\">Se trata de la primera sanci\u00f3n emitida por la Comisi\u00f3n Europea en el marco del Reglamento de Servicios Digitales (DSA), una ley aprobada hace dos a\u00f1os para luchar contra los contenidos ilegales y peligrosos en l\u00ednea.<\/p>\n\n\n\n<p id=\"m48203-48202-48204\"><strong>Cariz pol\u00edtico&nbsp;<\/strong><\/p>\n\n\n\n<p id=\"m48208-48207-48209\">Antes de que Musk comprase la plataforma en 2022, la red, que entonces se llamaba&nbsp;<strong>Twitter<\/strong>, otorgaba la marca azul (o \u00abtick azul\u00bb) a los usuarios tras un proceso de verificaci\u00f3n de identidad, destinado a evitar fraudes.<\/p>\n\n\n\n<p id=\"m48213-48212-48214\">Pero tras adquirirla por<strong>&nbsp;44.000 millones<\/strong>&nbsp;de d\u00f3lares y rebautizarla \u00abX\u00bb,&nbsp;<strong>Elon Musk<\/strong>&nbsp;reserv\u00f3 esas etiquetas a los suscriptores de pago, lo cual podr\u00eda, seg\u00fan Bruselas, inducir a error a los usuarios.<\/p>\n\n\n\n<p id=\"m48218-48217-48219\">Por otro lado, la UE ampli\u00f3 su investigaci\u00f3n sobre X, al sospechar que no respeta sus obligaciones en materia de contenidos ilegales y desinformaci\u00f3n. Sin embargo, todav\u00eda no cerr\u00f3 su investigaci\u00f3n en ese frente.<\/p>\n\n\n\n<p id=\"m48223-48222-48224\">El caso adquiri\u00f3 un cariz pol\u00edtico por la fuerte cercan\u00eda entre Musk y el presidente estadounidense Donald Trump. Ambos hab\u00edan estado muy unidos hasta su pelea el pasado junio.<\/p>\n\n\n\n<p id=\"m48228-48227-48229\">En las \u00faltimas semanas, protagonizaron un nuevo acercamiento, pero no al nivel de antes.<\/p>\n\n\n\n<p id=\"m48233-48232-48234\">A finales de noviembre, un grupo de responsables estadounidenses viaj\u00f3 a Bruselas y pidi\u00f3 a la UE que suavizara esas leyes, a cambio de una reducci\u00f3n de los aranceles estadounidenses al acero europeo.<\/p>\n\n\n\n<p id=\"m48238-48237-48239\">Una propuesta rechazada por los europeos, que reafirmaron el derecho soberano del bloque a adoptar y aplicar sus propias leyes.<\/p>\n\n\n\n<p><\/p>\n","protected":false},"excerpt":{"rendered":"<p>Estados Unidos.- La&nbsp;Uni\u00f3n Europea&nbsp;impuso este viernes una multa de&nbsp;120 millones de euros&nbsp;(casi 140 millones de d\u00f3lares) a la red social X, propiedad de Elon Musk, que podr\u00eda provocar otra confrontaci\u00f3n&hellip; <\/p>\n","protected":false},"author":1,"featured_media":4487,"comment_status":"open","ping_status":"open","sticky":false,"template":"","format":"standard","meta":{"_jetpack_memberships_contains_paid_content":false,"footnotes":""},"categories":[8],"tags":[1729,2447,1671,2448,1495],"class_list":["post-4486","post","type-post","status-publish","format-standard","has-post-thumbnail","hentry","category-tegnologia","tag-elonmusk","tag-euros","tag-multa","tag-redsocialx","tag-unioneuropea"],"yoast_head":"<!-- This site is optimized with the Yoast SEO plugin v26.9 - https:\/\/yoast.com\/product\/yoast-seo-wordpress\/ -->\n<title>Uni\u00f3n Europea impone multa de 120 millones de euros a red social X - EL GLOBAL INFORMATIVO<\/title>\n<meta name=\"robots\" content=\"index, follow, max-snippet:-1, max-image-preview:large, max-video-preview:-1\" \/>\n<link rel=\"canonical\" href=\"https:\/\/elglobal.do\/index.php\/2025\/12\/05\/union-europea-impone-multa-de-120-millones-de-euros-a-red-social-x\/\" \/>\n<meta property=\"og:locale\" content=\"es_ES\" \/>\n<meta property=\"og:type\" content=\"article\" \/>\n<meta property=\"og:title\" content=\"Uni\u00f3n Europea impone multa de 120 millones de euros a red social X - EL GLOBAL INFORMATIVO\" \/>\n<meta property=\"og:description\" content=\"Estados Unidos.- La&nbsp;Uni\u00f3n Europea&nbsp;impuso este viernes una multa de&nbsp;120 millones de euros&nbsp;(casi 140 millones de d\u00f3lares) a la red social X, propiedad de Elon Musk, que podr\u00eda provocar otra confrontaci\u00f3n&hellip;\" \/>\n<meta property=\"og:url\" content=\"https:\/\/elglobal.do\/index.php\/2025\/12\/05\/union-europea-impone-multa-de-120-millones-de-euros-a-red-social-x\/\" \/>\n<meta property=\"og:site_name\" content=\"EL GLOBAL INFORMATIVO\" \/>\n<meta property=\"article:published_time\" content=\"2025-12-05T15:17:17+00:00\" \/>\n<meta property=\"article:modified_time\" content=\"2025-12-05T15:17:19+00:00\" \/>\n<meta property=\"og:image\" content=\"https:\/\/elglobal.do\/wp-content\/uploads\/2025\/12\/image-40.png\" \/>\n\t<meta property=\"og:image:width\" content=\"800\" \/>\n\t<meta property=\"og:image:height\" content=\"533\" \/>\n\t<meta property=\"og:image:type\" content=\"image\/png\" \/>\n<meta name=\"author\" content=\"EL GLOBAL\" \/>\n<meta name=\"twitter:card\" content=\"summary_large_image\" \/>\n<meta name=\"twitter:label1\" content=\"Escrito por\" \/>\n\t<meta name=\"twitter:data1\" content=\"EL GLOBAL\" \/>\n\t<meta name=\"twitter:label2\" content=\"Tiempo de lectura\" \/>\n\t<meta name=\"twitter:data2\" content=\"3 minutos\" \/>\n<script type=\"application\/ld+json\" class=\"yoast-schema-graph\">{\"@context\":\"https:\/\/schema.org\",\"@graph\":[{\"@type\":\"Article\",\"@id\":\"https:\/\/elglobal.do\/index.php\/2025\/12\/05\/union-europea-impone-multa-de-120-millones-de-euros-a-red-social-x\/#article\",\"isPartOf\":{\"@id\":\"https:\/\/elglobal.do\/index.php\/2025\/12\/05\/union-europea-impone-multa-de-120-millones-de-euros-a-red-social-x\/\"},\"author\":{\"name\":\"EL GLOBAL\",\"@id\":\"https:\/\/elglobal.do\/#\/schema\/person\/0c97ec2c7714fb605d230c292f64d55f\"},\"headline\":\"Uni\u00f3n Europea impone multa de 120 millones de euros a red social X\",\"datePublished\":\"2025-12-05T15:17:17+00:00\",\"dateModified\":\"2025-12-05T15:17:19+00:00\",\"mainEntityOfPage\":{\"@id\":\"https:\/\/elglobal.do\/index.php\/2025\/12\/05\/union-europea-impone-multa-de-120-millones-de-euros-a-red-social-x\/\"},\"wordCount\":522,\"commentCount\":0,\"publisher\":{\"@id\":\"https:\/\/elglobal.do\/#organization\"},\"image\":{\"@id\":\"https:\/\/elglobal.do\/index.php\/2025\/12\/05\/union-europea-impone-multa-de-120-millones-de-euros-a-red-social-x\/#primaryimage\"},\"thumbnailUrl\":\"https:\/\/elglobal.do\/wp-content\/uploads\/2025\/12\/image-40.png\",\"keywords\":[\"#ElonMusk\",\"#Euros\",\"#Multa\",\"#RedSocialX\",\"#Uni\u00f3nEuropea\"],\"articleSection\":[\"TEGNOLOG\u00cdA\"],\"inLanguage\":\"es\",\"potentialAction\":[{\"@type\":\"CommentAction\",\"name\":\"Comment\",\"target\":[\"https:\/\/elglobal.do\/index.php\/2025\/12\/05\/union-europea-impone-multa-de-120-millones-de-euros-a-red-social-x\/#respond\"]}]},{\"@type\":\"WebPage\",\"@id\":\"https:\/\/elglobal.do\/index.php\/2025\/12\/05\/union-europea-impone-multa-de-120-millones-de-euros-a-red-social-x\/\",\"url\":\"https:\/\/elglobal.do\/index.php\/2025\/12\/05\/union-europea-impone-multa-de-120-millones-de-euros-a-red-social-x\/\",\"name\":\"Uni\u00f3n Europea impone multa de 120 millones de euros a red social X - EL GLOBAL INFORMATIVO\",\"isPartOf\":{\"@id\":\"https:\/\/elglobal.do\/#website\"},\"primaryImageOfPage\":{\"@id\":\"https:\/\/elglobal.do\/index.php\/2025\/12\/05\/union-europea-impone-multa-de-120-millones-de-euros-a-red-social-x\/#primaryimage\"},\"image\":{\"@id\":\"https:\/\/elglobal.do\/index.php\/2025\/12\/05\/union-europea-impone-multa-de-120-millones-de-euros-a-red-social-x\/#primaryimage\"},\"thumbnailUrl\":\"https:\/\/elglobal.do\/wp-content\/uploads\/2025\/12\/image-40.png\",\"datePublished\":\"2025-12-05T15:17:17+00:00\",\"dateModified\":\"2025-12-05T15:17:19+00:00\",\"breadcrumb\":{\"@id\":\"https:\/\/elglobal.do\/index.php\/2025\/12\/05\/union-europea-impone-multa-de-120-millones-de-euros-a-red-social-x\/#breadcrumb\"},\"inLanguage\":\"es\",\"potentialAction\":[{\"@type\":\"ReadAction\",\"target\":[\"https:\/\/elglobal.do\/index.php\/2025\/12\/05\/union-europea-impone-multa-de-120-millones-de-euros-a-red-social-x\/\"]}]},{\"@type\":\"ImageObject\",\"inLanguage\":\"es\",\"@id\":\"https:\/\/elglobal.do\/index.php\/2025\/12\/05\/union-europea-impone-multa-de-120-millones-de-euros-a-red-social-x\/#primaryimage\",\"url\":\"https:\/\/elglobal.do\/wp-content\/uploads\/2025\/12\/image-40.png\",\"contentUrl\":\"https:\/\/elglobal.do\/wp-content\/uploads\/2025\/12\/image-40.png\",\"width\":800,\"height\":533},{\"@type\":\"BreadcrumbList\",\"@id\":\"https:\/\/elglobal.do\/index.php\/2025\/12\/05\/union-europea-impone-multa-de-120-millones-de-euros-a-red-social-x\/#breadcrumb\",\"itemListElement\":[{\"@type\":\"ListItem\",\"position\":1,\"name\":\"Portada\",\"item\":\"https:\/\/elglobal.do\/\"},{\"@type\":\"ListItem\",\"position\":2,\"name\":\"Uni\u00f3n Europea impone multa de 120 millones de euros a red social X\"}]},{\"@type\":\"WebSite\",\"@id\":\"https:\/\/elglobal.do\/#website\",\"url\":\"https:\/\/elglobal.do\/\",\"name\":\"EL GLOBAL INFORMATIVO\",\"description\":\"Peri\u00f3dico digital de la Rep\u00fablica Dominicana que ofrece noticias, novedades, pol\u00edtica y las \u00faltimas actualidades, con informaci\u00f3n veraz y oportuna para mantenerte siempre informad\",\"publisher\":{\"@id\":\"https:\/\/elglobal.do\/#organization\"},\"potentialAction\":[{\"@type\":\"SearchAction\",\"target\":{\"@type\":\"EntryPoint\",\"urlTemplate\":\"https:\/\/elglobal.do\/?s={search_term_string}\"},\"query-input\":{\"@type\":\"PropertyValueSpecification\",\"valueRequired\":true,\"valueName\":\"search_term_string\"}}],\"inLanguage\":\"es\"},{\"@type\":\"Organization\",\"@id\":\"https:\/\/elglobal.do\/#organization\",\"name\":\"EL GLOBAL.DO INFORMATIVO\",\"url\":\"https:\/\/elglobal.do\/\",\"logo\":{\"@type\":\"ImageObject\",\"inLanguage\":\"es\",\"@id\":\"https:\/\/elglobal.do\/#\/schema\/logo\/image\/\",\"url\":\"https:\/\/elglobal.do\/wp-content\/uploads\/2025\/08\/icon.png\",\"contentUrl\":\"https:\/\/elglobal.do\/wp-content\/uploads\/2025\/08\/icon.png\",\"width\":512,\"height\":512,\"caption\":\"EL GLOBAL.DO INFORMATIVO\"},\"image\":{\"@id\":\"https:\/\/elglobal.do\/#\/schema\/logo\/image\/\"}},{\"@type\":\"Person\",\"@id\":\"https:\/\/elglobal.do\/#\/schema\/person\/0c97ec2c7714fb605d230c292f64d55f\",\"name\":\"EL GLOBAL\",\"image\":{\"@type\":\"ImageObject\",\"inLanguage\":\"es\",\"@id\":\"https:\/\/elglobal.do\/#\/schema\/person\/image\/\",\"url\":\"https:\/\/secure.gravatar.com\/avatar\/081cfb6cf99faddc6f4e23a0c11ab98c5cf302925382d1c88dc3ed757ab910a3?s=96&d=mm&r=g\",\"contentUrl\":\"https:\/\/secure.gravatar.com\/avatar\/081cfb6cf99faddc6f4e23a0c11ab98c5cf302925382d1c88dc3ed757ab910a3?s=96&d=mm&r=g\",\"caption\":\"EL GLOBAL\"},\"description\":\"El Global Informativo es un peri\u00f3dico digital de Rep\u00fablica Dominicana que se dedica a cubrir temas importantes, como la pol\u00edtica local, geopol\u00edtica, econom\u00eda, tecnolog\u00eda, noticias internacionales y eventos relacionados con la gesti\u00f3n social, cultural y humana. Su objetivo principal es mantener a la poblaci\u00f3n informada, ofreciendo una visi\u00f3n amplia y actualizada de lo que sucede tanto en el pa\u00eds como en el mundo. Est\u00e1 dirigido por un grupo de periodistas experimentados, lo que garantiza la calidad y la precisi\u00f3n de la informaci\u00f3n que ofrecen. Tiene su sede en la ciudad de Santo Domingo y es parte integral del portafolio de la empresa, MC Global S.R.L.\",\"sameAs\":[\"https:\/\/elglobal.do\",\"https:\/\/www.instagram.com\/elglobal.do_informativo\/\"],\"url\":\"https:\/\/elglobal.do\/index.php\/author\/elglobaluserpro\/\"}]}<\/script>\n<!-- \/ Yoast SEO plugin. -->","yoast_head_json":{"title":"Uni\u00f3n Europea impone multa de 120 millones de euros a red social X - EL GLOBAL INFORMATIVO","robots":{"index":"index","follow":"follow","max-snippet":"max-snippet:-1","max-image-preview":"max-image-preview:large","max-video-preview":"max-video-preview:-1"},"canonical":"https:\/\/elglobal.do\/index.php\/2025\/12\/05\/union-europea-impone-multa-de-120-millones-de-euros-a-red-social-x\/","og_locale":"es_ES","og_type":"article","og_title":"Uni\u00f3n Europea impone multa de 120 millones de euros a red social X - EL GLOBAL INFORMATIVO","og_description":"Estados Unidos.- La&nbsp;Uni\u00f3n Europea&nbsp;impuso este viernes una multa de&nbsp;120 millones de euros&nbsp;(casi 140 millones de d\u00f3lares) a la red social X, propiedad de Elon Musk, que podr\u00eda provocar otra confrontaci\u00f3n&hellip;","og_url":"https:\/\/elglobal.do\/index.php\/2025\/12\/05\/union-europea-impone-multa-de-120-millones-de-euros-a-red-social-x\/","og_site_name":"EL GLOBAL INFORMATIVO","article_published_time":"2025-12-05T15:17:17+00:00","article_modified_time":"2025-12-05T15:17:19+00:00","og_image":[{"width":800,"height":533,"url":"https:\/\/elglobal.do\/wp-content\/uploads\/2025\/12\/image-40.png","type":"image\/png"}],"author":"EL GLOBAL","twitter_card":"summary_large_image","twitter_misc":{"Escrito por":"EL GLOBAL","Tiempo de lectura":"3 minutos"},"schema":{"@context":"https:\/\/schema.org","@graph":[{"@type":"Article","@id":"https:\/\/elglobal.do\/index.php\/2025\/12\/05\/union-europea-impone-multa-de-120-millones-de-euros-a-red-social-x\/#article","isPartOf":{"@id":"https:\/\/elglobal.do\/index.php\/2025\/12\/05\/union-europea-impone-multa-de-120-millones-de-euros-a-red-social-x\/"},"author":{"name":"EL GLOBAL","@id":"https:\/\/elglobal.do\/#\/schema\/person\/0c97ec2c7714fb605d230c292f64d55f"},"headline":"Uni\u00f3n Europea impone multa de 120 millones de euros a red social X","datePublished":"2025-12-05T15:17:17+00:00","dateModified":"2025-12-05T15:17:19+00:00","mainEntityOfPage":{"@id":"https:\/\/elglobal.do\/index.php\/2025\/12\/05\/union-europea-impone-multa-de-120-millones-de-euros-a-red-social-x\/"},"wordCount":522,"commentCount":0,"publisher":{"@id":"https:\/\/elglobal.do\/#organization"},"image":{"@id":"https:\/\/elglobal.do\/index.php\/2025\/12\/05\/union-europea-impone-multa-de-120-millones-de-euros-a-red-social-x\/#primaryimage"},"thumbnailUrl":"https:\/\/elglobal.do\/wp-content\/uploads\/2025\/12\/image-40.png","keywords":["#ElonMusk","#Euros","#Multa","#RedSocialX","#Uni\u00f3nEuropea"],"articleSection":["TEGNOLOG\u00cdA"],"inLanguage":"es","potentialAction":[{"@type":"CommentAction","name":"Comment","target":["https:\/\/elglobal.do\/index.php\/2025\/12\/05\/union-europea-impone-multa-de-120-millones-de-euros-a-red-social-x\/#respond"]}]},{"@type":"WebPage","@id":"https:\/\/elglobal.do\/index.php\/2025\/12\/05\/union-europea-impone-multa-de-120-millones-de-euros-a-red-social-x\/","url":"https:\/\/elglobal.do\/index.php\/2025\/12\/05\/union-europea-impone-multa-de-120-millones-de-euros-a-red-social-x\/","name":"Uni\u00f3n Europea impone multa de 120 millones de euros a red social X - EL GLOBAL INFORMATIVO","isPartOf":{"@id":"https:\/\/elglobal.do\/#website"},"primaryImageOfPage":{"@id":"https:\/\/elglobal.do\/index.php\/2025\/12\/05\/union-europea-impone-multa-de-120-millones-de-euros-a-red-social-x\/#primaryimage"},"image":{"@id":"https:\/\/elglobal.do\/index.php\/2025\/12\/05\/union-europea-impone-multa-de-120-millones-de-euros-a-red-social-x\/#primaryimage"},"thumbnailUrl":"https:\/\/elglobal.do\/wp-content\/uploads\/2025\/12\/image-40.png","datePublished":"2025-12-05T15:17:17+00:00","dateModified":"2025-12-05T15:17:19+00:00","breadcrumb":{"@id":"https:\/\/elglobal.do\/index.php\/2025\/12\/05\/union-europea-impone-multa-de-120-millones-de-euros-a-red-social-x\/#breadcrumb"},"inLanguage":"es","potentialAction":[{"@type":"ReadAction","target":["https:\/\/elglobal.do\/index.php\/2025\/12\/05\/union-europea-impone-multa-de-120-millones-de-euros-a-red-social-x\/"]}]},{"@type":"ImageObject","inLanguage":"es","@id":"https:\/\/elglobal.do\/index.php\/2025\/12\/05\/union-europea-impone-multa-de-120-millones-de-euros-a-red-social-x\/#primaryimage","url":"https:\/\/elglobal.do\/wp-content\/uploads\/2025\/12\/image-40.png","contentUrl":"https:\/\/elglobal.do\/wp-content\/uploads\/2025\/12\/image-40.png","width":800,"height":533},{"@type":"BreadcrumbList","@id":"https:\/\/elglobal.do\/index.php\/2025\/12\/05\/union-europea-impone-multa-de-120-millones-de-euros-a-red-social-x\/#breadcrumb","itemListElement":[{"@type":"ListItem","position":1,"name":"Portada","item":"https:\/\/elglobal.do\/"},{"@type":"ListItem","position":2,"name":"Uni\u00f3n Europea impone multa de 120 millones de euros a red social X"}]},{"@type":"WebSite","@id":"https:\/\/elglobal.do\/#website","url":"https:\/\/elglobal.do\/","name":"EL GLOBAL INFORMATIVO","description":"Peri\u00f3dico digital de la Rep\u00fablica Dominicana que ofrece noticias, novedades, pol\u00edtica y las \u00faltimas actualidades, con informaci\u00f3n veraz y oportuna para mantenerte siempre informad","publisher":{"@id":"https:\/\/elglobal.do\/#organization"},"potentialAction":[{"@type":"SearchAction","target":{"@type":"EntryPoint","urlTemplate":"https:\/\/elglobal.do\/?s={search_term_string}"},"query-input":{"@type":"PropertyValueSpecification","valueRequired":true,"valueName":"search_term_string"}}],"inLanguage":"es"},{"@type":"Organization","@id":"https:\/\/elglobal.do\/#organization","name":"EL GLOBAL.DO INFORMATIVO","url":"https:\/\/elglobal.do\/","logo":{"@type":"ImageObject","inLanguage":"es","@id":"https:\/\/elglobal.do\/#\/schema\/logo\/image\/","url":"https:\/\/elglobal.do\/wp-content\/uploads\/2025\/08\/icon.png","contentUrl":"https:\/\/elglobal.do\/wp-content\/uploads\/2025\/08\/icon.png","width":512,"height":512,"caption":"EL GLOBAL.DO INFORMATIVO"},"image":{"@id":"https:\/\/elglobal.do\/#\/schema\/logo\/image\/"}},{"@type":"Person","@id":"https:\/\/elglobal.do\/#\/schema\/person\/0c97ec2c7714fb605d230c292f64d55f","name":"EL GLOBAL","image":{"@type":"ImageObject","inLanguage":"es","@id":"https:\/\/elglobal.do\/#\/schema\/person\/image\/","url":"https:\/\/secure.gravatar.com\/avatar\/081cfb6cf99faddc6f4e23a0c11ab98c5cf302925382d1c88dc3ed757ab910a3?s=96&d=mm&r=g","contentUrl":"https:\/\/secure.gravatar.com\/avatar\/081cfb6cf99faddc6f4e23a0c11ab98c5cf302925382d1c88dc3ed757ab910a3?s=96&d=mm&r=g","caption":"EL GLOBAL"},"description":"El Global Informativo es un peri\u00f3dico digital de Rep\u00fablica Dominicana que se dedica a cubrir temas importantes, como la pol\u00edtica local, geopol\u00edtica, econom\u00eda, tecnolog\u00eda, noticias internacionales y eventos relacionados con la gesti\u00f3n social, cultural y humana. Su objetivo principal es mantener a la poblaci\u00f3n informada, ofreciendo una visi\u00f3n amplia y actualizada de lo que sucede tanto en el pa\u00eds como en el mundo. Est\u00e1 dirigido por un grupo de periodistas experimentados, lo que garantiza la calidad y la precisi\u00f3n de la informaci\u00f3n que ofrecen. Tiene su sede en la ciudad de Santo Domingo y es parte integral del portafolio de la empresa, MC Global S.R.L.","sameAs":["https:\/\/elglobal.do","https:\/\/www.instagram.com\/elglobal.do_informativo\/"],"url":"https:\/\/elglobal.do\/index.php\/author\/elglobaluserpro\/"}]}},"jetpack_featured_media_url":"https:\/\/elglobal.do\/wp-content\/uploads\/2025\/12\/image-40.png","jetpack_sharing_enabled":true,"_links":{"self":[{"href":"https:\/\/elglobal.do\/index.php\/wp-json\/wp\/v2\/posts\/4486","targetHints":{"allow":["GET"]}}],"collection":[{"href":"https:\/\/elglobal.do\/index.php\/wp-json\/wp\/v2\/posts"}],"about":[{"href":"https:\/\/elglobal.do\/index.php\/wp-json\/wp\/v2\/types\/post"}],"author":[{"embeddable":true,"href":"https:\/\/elglobal.do\/index.php\/wp-json\/wp\/v2\/users\/1"}],"replies":[{"embeddable":true,"href":"https:\/\/elglobal.do\/index.php\/wp-json\/wp\/v2\/comments?post=4486"}],"version-history":[{"count":1,"href":"https:\/\/elglobal.do\/index.php\/wp-json\/wp\/v2\/posts\/4486\/revisions"}],"predecessor-version":[{"id":4488,"href":"https:\/\/elglobal.do\/index.php\/wp-json\/wp\/v2\/posts\/4486\/revisions\/4488"}],"wp:featuredmedia":[{"embeddable":true,"href":"https:\/\/elglobal.do\/index.php\/wp-json\/wp\/v2\/media\/4487"}],"wp:attachment":[{"href":"https:\/\/elglobal.do\/index.php\/wp-json\/wp\/v2\/media?parent=4486"}],"wp:term":[{"taxonomy":"category","embeddable":true,"href":"https:\/\/elglobal.do\/index.php\/wp-json\/wp\/v2\/categories?post=4486"},{"taxonomy":"post_tag","embeddable":true,"href":"https:\/\/elglobal.do\/index.php\/wp-json\/wp\/v2\/tags?post=4486"}],"curies":[{"name":"wp","href":"https:\/\/api.w.org\/{rel}","templated":true}]}}