{"id":4505,"date":"2025-12-05T14:54:11","date_gmt":"2025-12-05T18:54:11","guid":{"rendered":"https:\/\/elglobal.do\/?p=4505"},"modified":"2025-12-05T14:54:12","modified_gmt":"2025-12-05T18:54:12","slug":"meta-empieza-a-remover-a-los-usuarios-menores-de-16-anos","status":"publish","type":"post","link":"https:\/\/elglobal.do\/index.php\/2025\/12\/05\/meta-empieza-a-remover-a-los-usuarios-menores-de-16-anos\/","title":{"rendered":"Meta empieza a remover a los usuarios menores de 16 a\u00f1os"},"content":{"rendered":"\n<figure class=\"wp-block-image size-full\"><img loading=\"lazy\" decoding=\"async\" width=\"800\" height=\"533\" src=\"https:\/\/elglobal.do\/wp-content\/uploads\/2025\/12\/image-42.png\" alt=\"\" class=\"wp-image-4507\" srcset=\"https:\/\/elglobal.do\/wp-content\/uploads\/2025\/12\/image-42.png 800w, https:\/\/elglobal.do\/wp-content\/uploads\/2025\/12\/image-42-300x200.png 300w, https:\/\/elglobal.do\/wp-content\/uploads\/2025\/12\/image-42-768x512.png 768w\" sizes=\"auto, (max-width: 800px) 100vw, 800px\" \/><\/figure>\n\n\n\n<p><strong>Australia.-<\/strong>El gigante tecnol\u00f3gico Meta anunci\u00f3 ayer que comenz\u00f3 a remover a los menores de 16 a\u00f1os de Instagram, Threads y Facebook en Australia, de cara a la entrada en vigor en ese pa\u00eds de la primera prohibici\u00f3n mundial de redes sociales a los ni\u00f1os.<\/p>\n\n\n\n<p id=\"m30616-30615-30617\">Canberra ha exigido a las principales plataformas en l\u00ednea, entre ellas tambi\u00e9n Tiktok y YouTube, que bloqueen a los internautas de menos de 16 a\u00f1os antes del pr\u00f3ximo 10 de diciembre, cuando comenzar\u00e1 a regir el veto a trav\u00e9s de una nueva legislaci\u00f3n.<\/p>\n\n\n\n<p id=\"m30621-30620-30622\">Las empresas tecnol\u00f3gicas se exponen a multas de 49.5 millones de d\u00f3lares australianos (unos 32 millones USD) si no adoptan \u00abmedidas razonables\u00bb para cumplir la normativa.<\/p>\n\n\n\n<p id=\"m30626-30625-30627\">\u00abAunque estamos trabajando fuertemente por remover a todos los usuarios que entendemos que tienen menos de 16 a\u00f1os para el 10 de diciembre, el cumplimiento de la ley ser\u00e1 un proceso continuo con m\u00faltiples facetas\u00bb, dijo un portavoz de Meta.<\/p>\n\n\n\n<p id=\"m30631-30630-30632\">Los usuarios m\u00e1s j\u00f3venes pueden salvar y descargar sus historiales en internet, indic\u00f3 el portavoz de la tecnol\u00f3gica estadounidense.<\/p>\n\n\n\n<p id=\"m30636-30635-30637\">\u00abAntes de que cumplas 16, te notificaremos que pronto podr\u00e1s recuperar acceso a estas plataformas, y tu contenido ser\u00e1 restaurado exactamente como lo dejaste\u00bb, dice un mensaje de Meta a los internautas afectados.<\/p>\n\n\n\n<p id=\"m30641-30640-30642\">Se espera que cientos de miles de adolescentes se vean afectados por la prohibici\u00f3n, ya que solo Instagram cuenta con unos 350,000 usuarios australianos de entre 13 y 15 a\u00f1os.<\/p>\n\n\n\n<p id=\"m30646-30645-30647\">Algunas aplicaciones y sitios web populares, como Roblox, Pinterest y WhatsApp, est\u00e1n exentos, pero la lista sigue en revisi\u00f3n.<\/p>\n\n\n\n<p id=\"m30656-30655-30657\">Meta afirm\u00f3 que acatar\u00e1 la ley australiana, pero pidi\u00f3 que las tiendas de aplicaciones se responsabilicen de verificar la edad de los usuarios, en lugar de las plataformas de redes sociales.<\/p>\n\n\n\n<p id=\"m30661-30660-30662\">\u00abEl gobierno deber\u00eda exigir a las tiendas de aplicaciones que verifiquen la edad y obtengan la autorizaci\u00f3n de los padres cada vez que los adolescentes menores de 16 a\u00f1os descarguen aplicaciones, eliminando la necesidad de que los adolescentes verifiquen su edad varias veces en diferentes plataformas\u00bb, dijo su vocero.<\/p>\n\n\n\n<p id=\"m30666-30665-30667\">YouTube tambi\u00e9n ha criticado la prohibici\u00f3n australiana.<\/p>\n\n\n\n<p id=\"m30671-30670-30672\">El gigante del \u00abstreaming\u00bb de video afirm\u00f3 esta semana que la nueva ley har\u00eda que los j\u00f3venes de ese pa\u00eds est\u00e9n \u00abmenos seguros\u00bb, ya que los menores de 16 a\u00f1os podr\u00edan seguir visitando la p\u00e1gina web sin necesidad de tener una cuenta y as\u00ed evitar los filtros de contenido de la plataforma.<\/p>\n\n\n\n<p id=\"m30676-30675-30677\">Sin embargo, la ministra de Comunicaciones de Australia, Anika Wells, calific\u00f3 su argumento de \u00abextra\u00f1o\u00bb.<\/p>\n","protected":false},"excerpt":{"rendered":"<p>Australia.-El gigante tecnol\u00f3gico Meta anunci\u00f3 ayer que comenz\u00f3 a remover a los menores de 16 a\u00f1os de Instagram, Threads y Facebook en Australia, de cara a la entrada en vigor&hellip; <\/p>\n","protected":false},"author":1,"featured_media":4507,"comment_status":"open","ping_status":"open","sticky":false,"template":"","format":"standard","meta":{"_jetpack_memberships_contains_paid_content":false,"footnotes":""},"categories":[1],"tags":[2464,67,2465,2463,2466],"class_list":["post-4505","post","type-post","status-publish","format-standard","has-post-thumbnail","hentry","category-categoria-internacionales","tag-australia","tag-meta","tag-redsocial","tag-usuariosmenores","tag-youtube"],"yoast_head":"<!-- This site is optimized with the Yoast SEO plugin v26.9 - https:\/\/yoast.com\/product\/yoast-seo-wordpress\/ -->\n<title>Meta empieza a remover a los usuarios menores de 16 a\u00f1os - EL GLOBAL INFORMATIVO<\/title>\n<meta name=\"robots\" content=\"index, follow, max-snippet:-1, max-image-preview:large, max-video-preview:-1\" \/>\n<link rel=\"canonical\" href=\"https:\/\/elglobal.do\/index.php\/2025\/12\/05\/meta-empieza-a-remover-a-los-usuarios-menores-de-16-anos\/\" \/>\n<meta property=\"og:locale\" content=\"es_ES\" \/>\n<meta property=\"og:type\" content=\"article\" \/>\n<meta property=\"og:title\" content=\"Meta empieza a remover a los usuarios menores de 16 a\u00f1os - EL GLOBAL INFORMATIVO\" \/>\n<meta property=\"og:description\" content=\"Australia.-El gigante tecnol\u00f3gico Meta anunci\u00f3 ayer que comenz\u00f3 a remover a los menores de 16 a\u00f1os de Instagram, Threads y Facebook en Australia, de cara a la entrada en vigor&hellip;\" \/>\n<meta property=\"og:url\" content=\"https:\/\/elglobal.do\/index.php\/2025\/12\/05\/meta-empieza-a-remover-a-los-usuarios-menores-de-16-anos\/\" \/>\n<meta property=\"og:site_name\" content=\"EL GLOBAL INFORMATIVO\" \/>\n<meta property=\"article:published_time\" content=\"2025-12-05T18:54:11+00:00\" \/>\n<meta property=\"article:modified_time\" content=\"2025-12-05T18:54:12+00:00\" \/>\n<meta property=\"og:image\" content=\"https:\/\/elglobal.do\/wp-content\/uploads\/2025\/12\/image-42.png\" \/>\n\t<meta property=\"og:image:width\" content=\"800\" \/>\n\t<meta property=\"og:image:height\" content=\"533\" \/>\n\t<meta property=\"og:image:type\" content=\"image\/png\" \/>\n<meta name=\"author\" content=\"EL GLOBAL\" \/>\n<meta name=\"twitter:card\" content=\"summary_large_image\" \/>\n<meta name=\"twitter:label1\" content=\"Escrito por\" \/>\n\t<meta name=\"twitter:data1\" content=\"EL GLOBAL\" \/>\n\t<meta name=\"twitter:label2\" content=\"Tiempo de lectura\" \/>\n\t<meta name=\"twitter:data2\" content=\"3 minutos\" \/>\n<script type=\"application\/ld+json\" class=\"yoast-schema-graph\">{\"@context\":\"https:\/\/schema.org\",\"@graph\":[{\"@type\":\"Article\",\"@id\":\"https:\/\/elglobal.do\/index.php\/2025\/12\/05\/meta-empieza-a-remover-a-los-usuarios-menores-de-16-anos\/#article\",\"isPartOf\":{\"@id\":\"https:\/\/elglobal.do\/index.php\/2025\/12\/05\/meta-empieza-a-remover-a-los-usuarios-menores-de-16-anos\/\"},\"author\":{\"name\":\"EL GLOBAL\",\"@id\":\"https:\/\/elglobal.do\/#\/schema\/person\/0c97ec2c7714fb605d230c292f64d55f\"},\"headline\":\"Meta empieza a remover a los usuarios menores de 16 a\u00f1os\",\"datePublished\":\"2025-12-05T18:54:11+00:00\",\"dateModified\":\"2025-12-05T18:54:12+00:00\",\"mainEntityOfPage\":{\"@id\":\"https:\/\/elglobal.do\/index.php\/2025\/12\/05\/meta-empieza-a-remover-a-los-usuarios-menores-de-16-anos\/\"},\"wordCount\":443,\"commentCount\":0,\"publisher\":{\"@id\":\"https:\/\/elglobal.do\/#organization\"},\"image\":{\"@id\":\"https:\/\/elglobal.do\/index.php\/2025\/12\/05\/meta-empieza-a-remover-a-los-usuarios-menores-de-16-anos\/#primaryimage\"},\"thumbnailUrl\":\"https:\/\/elglobal.do\/wp-content\/uploads\/2025\/12\/image-42.png\",\"keywords\":[\"#Australia\",\"#Meta\",\"#RedSocial\",\"#UsuariosMenores\",\"#YouTube\"],\"articleSection\":[\"INTERNACIONALES\"],\"inLanguage\":\"es\",\"potentialAction\":[{\"@type\":\"CommentAction\",\"name\":\"Comment\",\"target\":[\"https:\/\/elglobal.do\/index.php\/2025\/12\/05\/meta-empieza-a-remover-a-los-usuarios-menores-de-16-anos\/#respond\"]}]},{\"@type\":\"WebPage\",\"@id\":\"https:\/\/elglobal.do\/index.php\/2025\/12\/05\/meta-empieza-a-remover-a-los-usuarios-menores-de-16-anos\/\",\"url\":\"https:\/\/elglobal.do\/index.php\/2025\/12\/05\/meta-empieza-a-remover-a-los-usuarios-menores-de-16-anos\/\",\"name\":\"Meta empieza a remover a los usuarios menores de 16 a\u00f1os - EL GLOBAL INFORMATIVO\",\"isPartOf\":{\"@id\":\"https:\/\/elglobal.do\/#website\"},\"primaryImageOfPage\":{\"@id\":\"https:\/\/elglobal.do\/index.php\/2025\/12\/05\/meta-empieza-a-remover-a-los-usuarios-menores-de-16-anos\/#primaryimage\"},\"image\":{\"@id\":\"https:\/\/elglobal.do\/index.php\/2025\/12\/05\/meta-empieza-a-remover-a-los-usuarios-menores-de-16-anos\/#primaryimage\"},\"thumbnailUrl\":\"https:\/\/elglobal.do\/wp-content\/uploads\/2025\/12\/image-42.png\",\"datePublished\":\"2025-12-05T18:54:11+00:00\",\"dateModified\":\"2025-12-05T18:54:12+00:00\",\"breadcrumb\":{\"@id\":\"https:\/\/elglobal.do\/index.php\/2025\/12\/05\/meta-empieza-a-remover-a-los-usuarios-menores-de-16-anos\/#breadcrumb\"},\"inLanguage\":\"es\",\"potentialAction\":[{\"@type\":\"ReadAction\",\"target\":[\"https:\/\/elglobal.do\/index.php\/2025\/12\/05\/meta-empieza-a-remover-a-los-usuarios-menores-de-16-anos\/\"]}]},{\"@type\":\"ImageObject\",\"inLanguage\":\"es\",\"@id\":\"https:\/\/elglobal.do\/index.php\/2025\/12\/05\/meta-empieza-a-remover-a-los-usuarios-menores-de-16-anos\/#primaryimage\",\"url\":\"https:\/\/elglobal.do\/wp-content\/uploads\/2025\/12\/image-42.png\",\"contentUrl\":\"https:\/\/elglobal.do\/wp-content\/uploads\/2025\/12\/image-42.png\",\"width\":800,\"height\":533},{\"@type\":\"BreadcrumbList\",\"@id\":\"https:\/\/elglobal.do\/index.php\/2025\/12\/05\/meta-empieza-a-remover-a-los-usuarios-menores-de-16-anos\/#breadcrumb\",\"itemListElement\":[{\"@type\":\"ListItem\",\"position\":1,\"name\":\"Portada\",\"item\":\"https:\/\/elglobal.do\/\"},{\"@type\":\"ListItem\",\"position\":2,\"name\":\"Meta empieza a remover a los usuarios menores de 16 a\u00f1os\"}]},{\"@type\":\"WebSite\",\"@id\":\"https:\/\/elglobal.do\/#website\",\"url\":\"https:\/\/elglobal.do\/\",\"name\":\"EL GLOBAL INFORMATIVO\",\"description\":\"Peri\u00f3dico digital de la Rep\u00fablica Dominicana que ofrece noticias, novedades, pol\u00edtica y las \u00faltimas actualidades, con informaci\u00f3n veraz y oportuna para mantenerte siempre informad\",\"publisher\":{\"@id\":\"https:\/\/elglobal.do\/#organization\"},\"potentialAction\":[{\"@type\":\"SearchAction\",\"target\":{\"@type\":\"EntryPoint\",\"urlTemplate\":\"https:\/\/elglobal.do\/?s={search_term_string}\"},\"query-input\":{\"@type\":\"PropertyValueSpecification\",\"valueRequired\":true,\"valueName\":\"search_term_string\"}}],\"inLanguage\":\"es\"},{\"@type\":\"Organization\",\"@id\":\"https:\/\/elglobal.do\/#organization\",\"name\":\"EL GLOBAL.DO INFORMATIVO\",\"url\":\"https:\/\/elglobal.do\/\",\"logo\":{\"@type\":\"ImageObject\",\"inLanguage\":\"es\",\"@id\":\"https:\/\/elglobal.do\/#\/schema\/logo\/image\/\",\"url\":\"https:\/\/elglobal.do\/wp-content\/uploads\/2025\/08\/icon.png\",\"contentUrl\":\"https:\/\/elglobal.do\/wp-content\/uploads\/2025\/08\/icon.png\",\"width\":512,\"height\":512,\"caption\":\"EL GLOBAL.DO INFORMATIVO\"},\"image\":{\"@id\":\"https:\/\/elglobal.do\/#\/schema\/logo\/image\/\"}},{\"@type\":\"Person\",\"@id\":\"https:\/\/elglobal.do\/#\/schema\/person\/0c97ec2c7714fb605d230c292f64d55f\",\"name\":\"EL GLOBAL\",\"image\":{\"@type\":\"ImageObject\",\"inLanguage\":\"es\",\"@id\":\"https:\/\/elglobal.do\/#\/schema\/person\/image\/\",\"url\":\"https:\/\/secure.gravatar.com\/avatar\/081cfb6cf99faddc6f4e23a0c11ab98c5cf302925382d1c88dc3ed757ab910a3?s=96&d=mm&r=g\",\"contentUrl\":\"https:\/\/secure.gravatar.com\/avatar\/081cfb6cf99faddc6f4e23a0c11ab98c5cf302925382d1c88dc3ed757ab910a3?s=96&d=mm&r=g\",\"caption\":\"EL GLOBAL\"},\"description\":\"El Global Informativo es un peri\u00f3dico digital de Rep\u00fablica Dominicana que se dedica a cubrir temas importantes, como la pol\u00edtica local, geopol\u00edtica, econom\u00eda, tecnolog\u00eda, noticias internacionales y eventos relacionados con la gesti\u00f3n social, cultural y humana. Su objetivo principal es mantener a la poblaci\u00f3n informada, ofreciendo una visi\u00f3n amplia y actualizada de lo que sucede tanto en el pa\u00eds como en el mundo. Est\u00e1 dirigido por un grupo de periodistas experimentados, lo que garantiza la calidad y la precisi\u00f3n de la informaci\u00f3n que ofrecen. Tiene su sede en la ciudad de Santo Domingo y es parte integral del portafolio de la empresa, MC Global S.R.L.\",\"sameAs\":[\"https:\/\/elglobal.do\",\"https:\/\/www.instagram.com\/elglobal.do_informativo\/\"],\"url\":\"https:\/\/elglobal.do\/index.php\/author\/elglobaluserpro\/\"}]}<\/script>\n<!-- \/ Yoast SEO plugin. -->","yoast_head_json":{"title":"Meta empieza a remover a los usuarios menores de 16 a\u00f1os - EL GLOBAL INFORMATIVO","robots":{"index":"index","follow":"follow","max-snippet":"max-snippet:-1","max-image-preview":"max-image-preview:large","max-video-preview":"max-video-preview:-1"},"canonical":"https:\/\/elglobal.do\/index.php\/2025\/12\/05\/meta-empieza-a-remover-a-los-usuarios-menores-de-16-anos\/","og_locale":"es_ES","og_type":"article","og_title":"Meta empieza a remover a los usuarios menores de 16 a\u00f1os - EL GLOBAL INFORMATIVO","og_description":"Australia.-El gigante tecnol\u00f3gico Meta anunci\u00f3 ayer que comenz\u00f3 a remover a los menores de 16 a\u00f1os de Instagram, Threads y Facebook en Australia, de cara a la entrada en vigor&hellip;","og_url":"https:\/\/elglobal.do\/index.php\/2025\/12\/05\/meta-empieza-a-remover-a-los-usuarios-menores-de-16-anos\/","og_site_name":"EL GLOBAL INFORMATIVO","article_published_time":"2025-12-05T18:54:11+00:00","article_modified_time":"2025-12-05T18:54:12+00:00","og_image":[{"width":800,"height":533,"url":"https:\/\/elglobal.do\/wp-content\/uploads\/2025\/12\/image-42.png","type":"image\/png"}],"author":"EL GLOBAL","twitter_card":"summary_large_image","twitter_misc":{"Escrito por":"EL GLOBAL","Tiempo de lectura":"3 minutos"},"schema":{"@context":"https:\/\/schema.org","@graph":[{"@type":"Article","@id":"https:\/\/elglobal.do\/index.php\/2025\/12\/05\/meta-empieza-a-remover-a-los-usuarios-menores-de-16-anos\/#article","isPartOf":{"@id":"https:\/\/elglobal.do\/index.php\/2025\/12\/05\/meta-empieza-a-remover-a-los-usuarios-menores-de-16-anos\/"},"author":{"name":"EL GLOBAL","@id":"https:\/\/elglobal.do\/#\/schema\/person\/0c97ec2c7714fb605d230c292f64d55f"},"headline":"Meta empieza a remover a los usuarios menores de 16 a\u00f1os","datePublished":"2025-12-05T18:54:11+00:00","dateModified":"2025-12-05T18:54:12+00:00","mainEntityOfPage":{"@id":"https:\/\/elglobal.do\/index.php\/2025\/12\/05\/meta-empieza-a-remover-a-los-usuarios-menores-de-16-anos\/"},"wordCount":443,"commentCount":0,"publisher":{"@id":"https:\/\/elglobal.do\/#organization"},"image":{"@id":"https:\/\/elglobal.do\/index.php\/2025\/12\/05\/meta-empieza-a-remover-a-los-usuarios-menores-de-16-anos\/#primaryimage"},"thumbnailUrl":"https:\/\/elglobal.do\/wp-content\/uploads\/2025\/12\/image-42.png","keywords":["#Australia","#Meta","#RedSocial","#UsuariosMenores","#YouTube"],"articleSection":["INTERNACIONALES"],"inLanguage":"es","potentialAction":[{"@type":"CommentAction","name":"Comment","target":["https:\/\/elglobal.do\/index.php\/2025\/12\/05\/meta-empieza-a-remover-a-los-usuarios-menores-de-16-anos\/#respond"]}]},{"@type":"WebPage","@id":"https:\/\/elglobal.do\/index.php\/2025\/12\/05\/meta-empieza-a-remover-a-los-usuarios-menores-de-16-anos\/","url":"https:\/\/elglobal.do\/index.php\/2025\/12\/05\/meta-empieza-a-remover-a-los-usuarios-menores-de-16-anos\/","name":"Meta empieza a remover a los usuarios menores de 16 a\u00f1os - EL GLOBAL INFORMATIVO","isPartOf":{"@id":"https:\/\/elglobal.do\/#website"},"primaryImageOfPage":{"@id":"https:\/\/elglobal.do\/index.php\/2025\/12\/05\/meta-empieza-a-remover-a-los-usuarios-menores-de-16-anos\/#primaryimage"},"image":{"@id":"https:\/\/elglobal.do\/index.php\/2025\/12\/05\/meta-empieza-a-remover-a-los-usuarios-menores-de-16-anos\/#primaryimage"},"thumbnailUrl":"https:\/\/elglobal.do\/wp-content\/uploads\/2025\/12\/image-42.png","datePublished":"2025-12-05T18:54:11+00:00","dateModified":"2025-12-05T18:54:12+00:00","breadcrumb":{"@id":"https:\/\/elglobal.do\/index.php\/2025\/12\/05\/meta-empieza-a-remover-a-los-usuarios-menores-de-16-anos\/#breadcrumb"},"inLanguage":"es","potentialAction":[{"@type":"ReadAction","target":["https:\/\/elglobal.do\/index.php\/2025\/12\/05\/meta-empieza-a-remover-a-los-usuarios-menores-de-16-anos\/"]}]},{"@type":"ImageObject","inLanguage":"es","@id":"https:\/\/elglobal.do\/index.php\/2025\/12\/05\/meta-empieza-a-remover-a-los-usuarios-menores-de-16-anos\/#primaryimage","url":"https:\/\/elglobal.do\/wp-content\/uploads\/2025\/12\/image-42.png","contentUrl":"https:\/\/elglobal.do\/wp-content\/uploads\/2025\/12\/image-42.png","width":800,"height":533},{"@type":"BreadcrumbList","@id":"https:\/\/elglobal.do\/index.php\/2025\/12\/05\/meta-empieza-a-remover-a-los-usuarios-menores-de-16-anos\/#breadcrumb","itemListElement":[{"@type":"ListItem","position":1,"name":"Portada","item":"https:\/\/elglobal.do\/"},{"@type":"ListItem","position":2,"name":"Meta empieza a remover a los usuarios menores de 16 a\u00f1os"}]},{"@type":"WebSite","@id":"https:\/\/elglobal.do\/#website","url":"https:\/\/elglobal.do\/","name":"EL GLOBAL INFORMATIVO","description":"Peri\u00f3dico digital de la Rep\u00fablica Dominicana que ofrece noticias, novedades, pol\u00edtica y las \u00faltimas actualidades, con informaci\u00f3n veraz y oportuna para mantenerte siempre informad","publisher":{"@id":"https:\/\/elglobal.do\/#organization"},"potentialAction":[{"@type":"SearchAction","target":{"@type":"EntryPoint","urlTemplate":"https:\/\/elglobal.do\/?s={search_term_string}"},"query-input":{"@type":"PropertyValueSpecification","valueRequired":true,"valueName":"search_term_string"}}],"inLanguage":"es"},{"@type":"Organization","@id":"https:\/\/elglobal.do\/#organization","name":"EL GLOBAL.DO INFORMATIVO","url":"https:\/\/elglobal.do\/","logo":{"@type":"ImageObject","inLanguage":"es","@id":"https:\/\/elglobal.do\/#\/schema\/logo\/image\/","url":"https:\/\/elglobal.do\/wp-content\/uploads\/2025\/08\/icon.png","contentUrl":"https:\/\/elglobal.do\/wp-content\/uploads\/2025\/08\/icon.png","width":512,"height":512,"caption":"EL GLOBAL.DO INFORMATIVO"},"image":{"@id":"https:\/\/elglobal.do\/#\/schema\/logo\/image\/"}},{"@type":"Person","@id":"https:\/\/elglobal.do\/#\/schema\/person\/0c97ec2c7714fb605d230c292f64d55f","name":"EL GLOBAL","image":{"@type":"ImageObject","inLanguage":"es","@id":"https:\/\/elglobal.do\/#\/schema\/person\/image\/","url":"https:\/\/secure.gravatar.com\/avatar\/081cfb6cf99faddc6f4e23a0c11ab98c5cf302925382d1c88dc3ed757ab910a3?s=96&d=mm&r=g","contentUrl":"https:\/\/secure.gravatar.com\/avatar\/081cfb6cf99faddc6f4e23a0c11ab98c5cf302925382d1c88dc3ed757ab910a3?s=96&d=mm&r=g","caption":"EL GLOBAL"},"description":"El Global Informativo es un peri\u00f3dico digital de Rep\u00fablica Dominicana que se dedica a cubrir temas importantes, como la pol\u00edtica local, geopol\u00edtica, econom\u00eda, tecnolog\u00eda, noticias internacionales y eventos relacionados con la gesti\u00f3n social, cultural y humana. Su objetivo principal es mantener a la poblaci\u00f3n informada, ofreciendo una visi\u00f3n amplia y actualizada de lo que sucede tanto en el pa\u00eds como en el mundo. Est\u00e1 dirigido por un grupo de periodistas experimentados, lo que garantiza la calidad y la precisi\u00f3n de la informaci\u00f3n que ofrecen. Tiene su sede en la ciudad de Santo Domingo y es parte integral del portafolio de la empresa, MC Global S.R.L.","sameAs":["https:\/\/elglobal.do","https:\/\/www.instagram.com\/elglobal.do_informativo\/"],"url":"https:\/\/elglobal.do\/index.php\/author\/elglobaluserpro\/"}]}},"jetpack_featured_media_url":"https:\/\/elglobal.do\/wp-content\/uploads\/2025\/12\/image-42.png","jetpack_sharing_enabled":true,"_links":{"self":[{"href":"https:\/\/elglobal.do\/index.php\/wp-json\/wp\/v2\/posts\/4505","targetHints":{"allow":["GET"]}}],"collection":[{"href":"https:\/\/elglobal.do\/index.php\/wp-json\/wp\/v2\/posts"}],"about":[{"href":"https:\/\/elglobal.do\/index.php\/wp-json\/wp\/v2\/types\/post"}],"author":[{"embeddable":true,"href":"https:\/\/elglobal.do\/index.php\/wp-json\/wp\/v2\/users\/1"}],"replies":[{"embeddable":true,"href":"https:\/\/elglobal.do\/index.php\/wp-json\/wp\/v2\/comments?post=4505"}],"version-history":[{"count":1,"href":"https:\/\/elglobal.do\/index.php\/wp-json\/wp\/v2\/posts\/4505\/revisions"}],"predecessor-version":[{"id":4508,"href":"https:\/\/elglobal.do\/index.php\/wp-json\/wp\/v2\/posts\/4505\/revisions\/4508"}],"wp:featuredmedia":[{"embeddable":true,"href":"https:\/\/elglobal.do\/index.php\/wp-json\/wp\/v2\/media\/4507"}],"wp:attachment":[{"href":"https:\/\/elglobal.do\/index.php\/wp-json\/wp\/v2\/media?parent=4505"}],"wp:term":[{"taxonomy":"category","embeddable":true,"href":"https:\/\/elglobal.do\/index.php\/wp-json\/wp\/v2\/categories?post=4505"},{"taxonomy":"post_tag","embeddable":true,"href":"https:\/\/elglobal.do\/index.php\/wp-json\/wp\/v2\/tags?post=4505"}],"curies":[{"name":"wp","href":"https:\/\/api.w.org\/{rel}","templated":true}]}}