{"id":4543,"date":"2025-12-08T13:32:08","date_gmt":"2025-12-08T17:32:08","guid":{"rendered":"https:\/\/elglobal.do\/?p=4543"},"modified":"2025-12-08T13:32:13","modified_gmt":"2025-12-08T17:32:13","slug":"el-inabie-beneficia-a-estudiantes-de-pedernales-con-soluciones-de-salud-bucal","status":"publish","type":"post","link":"https:\/\/elglobal.do\/index.php\/2025\/12\/08\/el-inabie-beneficia-a-estudiantes-de-pedernales-con-soluciones-de-salud-bucal\/","title":{"rendered":"El INABIE beneficia a estudiantes de Pedernales con soluciones de salud bucal"},"content":{"rendered":"\n<p><em>El director de la instituci\u00f3n, Adolfo P\u00e9rez, destac\u00f3 que refuerzan la cobertura odontol\u00f3gica para ofrecer m\u00e1s procedimientos preventivos y especializados<\/em>.<\/p>\n\n\n\n<figure class=\"wp-block-image size-large\"><img loading=\"lazy\" decoding=\"async\" width=\"1024\" height=\"682\" src=\"https:\/\/elglobal.do\/wp-content\/uploads\/2025\/12\/Salud-Bucal-1024x682.jpeg\" alt=\"\" class=\"wp-image-4546\" srcset=\"https:\/\/elglobal.do\/wp-content\/uploads\/2025\/12\/Salud-Bucal-1024x682.jpeg 1024w, https:\/\/elglobal.do\/wp-content\/uploads\/2025\/12\/Salud-Bucal-300x200.jpeg 300w, https:\/\/elglobal.do\/wp-content\/uploads\/2025\/12\/Salud-Bucal-768x512.jpeg 768w, https:\/\/elglobal.do\/wp-content\/uploads\/2025\/12\/Salud-Bucal-1536x1023.jpeg 1536w, https:\/\/elglobal.do\/wp-content\/uploads\/2025\/12\/Salud-Bucal.jpeg 1600w\" sizes=\"auto, (max-width: 1024px) 100vw, 1024px\" \/><\/figure>\n\n\n\n<p><strong>Pedernales-. <\/strong>El Instituto Nacional de Bienestar Estudiantil (INABIE), benefici\u00f3 a m\u00e1s de 620 estudiantes de centros de estudios de esta provincia con atenciones odontol\u00f3gicas durante una Jornada de Salud Bucal realizada aqu\u00ed, como parte de su Ruta del Bienestar y de su compromiso de contribuir con la mejor\u00eda de la calidad de vida de los alumnos de sistema p\u00fablico de educaci\u00f3n y sus familias.<\/p>\n\n\n\n<p>Durante la jornada de salud, estudiantes, de entre 5 y 17 a\u00f1os, recibieron servicios de extracciones de dientes permanentes y temporales, restauraciones en resina, recubrimientos pulpares indirectos, aplicaciones de barniz fluorado y de fl\u00faor, as\u00ed como profilaxis, entre otros tratamientos.<\/p>\n\n\n\n<p>El director del INABIE, Adolfo P\u00e9rez, explic\u00f3 que la entidad viene reforzando la cobertura odontol\u00f3gica escolar para ofrecer m\u00e1s procedimientos preventivos y tratamientos especializados, con el fin de mejorar el bienestar integral de la poblaci\u00f3n estudiantil.<\/p>\n\n\n\n<p>\u201cLa salud bucal no es un complemento, es parte del desarrollo f\u00edsico y cognitivo. Desde el INABIE estamos garantizando atenciones que van desde la educaci\u00f3n en higiene oral hasta tratamientos cl\u00ednicos que muchas familias no pueden costear en el sector privado\u201d, asegur\u00f3 P\u00e9rez.<\/p>\n\n\n\n<p>En el operativo de salud bucal, realizado en el centro educativo Hernando Gorj\u00f3n, adem\u00e1s fueron atendidos estudiantes de las escuelas aleda\u00f1as: Bienvenido Morillo, Luis Emilio P\u00e9rez y Elgia M\u00e9ndez.<\/p>\n\n\n\n<p>Adem\u00e1s, se impartieron charlas a estudiantes, docentes y otros interesados sobre c\u00f3mo mantener una buena higiene oral.&nbsp;<\/p>\n\n\n\n<p>La gobernadora de esta provincia, Edirda D\u2019Oleo, destac\u00f3 la importancia de la jornada de salud escolar para los estudiantes beneficiados y su familia, que ya no tienen que pagar por costosos servicios odontol\u00f3gicos.<\/p>\n\n\n\n<p>\u201cMe siento regocijada con que el INABIE haya tra\u00eddo estos servicios a nuestra comunidad, para contribuir con la mejor\u00eda de la salud bucal de los estudiantes de esta provincia\u201d, a\u00f1adi\u00f3.<\/p>\n\n\n\n<p>El INABIE reafirma su compromiso de continuar ampliando este tipo de iniciativas en los centros educativos, con la finalidad de fortalecer la salud escolar y garantizar servicios oportunos y de calidad a toda la comunidad estudiantil.<\/p>\n\n\n\n<p><\/p>\n\n\n\n<p><\/p>\n","protected":false},"excerpt":{"rendered":"<p>El director de la instituci\u00f3n, Adolfo P\u00e9rez, destac\u00f3 que refuerzan la cobertura odontol\u00f3gica para ofrecer m\u00e1s procedimientos preventivos y especializados. Pedernales-. El Instituto Nacional de Bienestar Estudiantil (INABIE), benefici\u00f3 a&hellip; <\/p>\n","protected":false},"author":1,"featured_media":4545,"comment_status":"open","ping_status":"open","sticky":false,"template":"","format":"standard","meta":{"_jetpack_memberships_contains_paid_content":false,"footnotes":""},"categories":[40,14],"tags":[2481,98,1257,648,2233,1862,2482,710],"class_list":["post-4543","post","type-post","status-publish","format-standard","has-post-thumbnail","hentry","category-nacionales","category-slider","tag-bienestar","tag-elglobalinformativo","tag-estudiantes","tag-inabie-2","tag-nacionales","tag-pedernales","tag-saludbucal","tag-soluciones"],"yoast_head":"<!-- This site is optimized with the Yoast SEO plugin v26.9 - https:\/\/yoast.com\/product\/yoast-seo-wordpress\/ -->\n<title>El INABIE beneficia a estudiantes de Pedernales con soluciones de salud bucal - EL GLOBAL INFORMATIVO<\/title>\n<meta name=\"robots\" content=\"index, follow, max-snippet:-1, max-image-preview:large, max-video-preview:-1\" \/>\n<link rel=\"canonical\" href=\"https:\/\/elglobal.do\/index.php\/2025\/12\/08\/el-inabie-beneficia-a-estudiantes-de-pedernales-con-soluciones-de-salud-bucal\/\" \/>\n<meta property=\"og:locale\" content=\"es_ES\" \/>\n<meta property=\"og:type\" content=\"article\" \/>\n<meta property=\"og:title\" content=\"El INABIE beneficia a estudiantes de Pedernales con soluciones de salud bucal - EL GLOBAL INFORMATIVO\" \/>\n<meta property=\"og:description\" content=\"El director de la instituci\u00f3n, Adolfo P\u00e9rez, destac\u00f3 que refuerzan la cobertura odontol\u00f3gica para ofrecer m\u00e1s procedimientos preventivos y especializados. Pedernales-. El Instituto Nacional de Bienestar Estudiantil (INABIE), benefici\u00f3 a&hellip;\" \/>\n<meta property=\"og:url\" content=\"https:\/\/elglobal.do\/index.php\/2025\/12\/08\/el-inabie-beneficia-a-estudiantes-de-pedernales-con-soluciones-de-salud-bucal\/\" \/>\n<meta property=\"og:site_name\" content=\"EL GLOBAL INFORMATIVO\" \/>\n<meta property=\"article:published_time\" content=\"2025-12-08T17:32:08+00:00\" \/>\n<meta property=\"article:modified_time\" content=\"2025-12-08T17:32:13+00:00\" \/>\n<meta property=\"og:image\" content=\"https:\/\/elglobal.do\/wp-content\/uploads\/2025\/12\/INABIE.jpeg\" \/>\n\t<meta property=\"og:image:width\" content=\"1560\" \/>\n\t<meta property=\"og:image:height\" content=\"1040\" \/>\n\t<meta property=\"og:image:type\" content=\"image\/jpeg\" \/>\n<meta name=\"author\" content=\"EL GLOBAL\" \/>\n<meta name=\"twitter:card\" content=\"summary_large_image\" \/>\n<meta name=\"twitter:label1\" content=\"Escrito por\" \/>\n\t<meta name=\"twitter:data1\" content=\"EL GLOBAL\" \/>\n\t<meta name=\"twitter:label2\" content=\"Tiempo de lectura\" \/>\n\t<meta name=\"twitter:data2\" content=\"2 minutos\" \/>\n<script type=\"application\/ld+json\" class=\"yoast-schema-graph\">{\"@context\":\"https:\/\/schema.org\",\"@graph\":[{\"@type\":\"Article\",\"@id\":\"https:\/\/elglobal.do\/index.php\/2025\/12\/08\/el-inabie-beneficia-a-estudiantes-de-pedernales-con-soluciones-de-salud-bucal\/#article\",\"isPartOf\":{\"@id\":\"https:\/\/elglobal.do\/index.php\/2025\/12\/08\/el-inabie-beneficia-a-estudiantes-de-pedernales-con-soluciones-de-salud-bucal\/\"},\"author\":{\"name\":\"EL GLOBAL\",\"@id\":\"https:\/\/elglobal.do\/#\/schema\/person\/0c97ec2c7714fb605d230c292f64d55f\"},\"headline\":\"El INABIE beneficia a estudiantes de Pedernales con soluciones de salud bucal\",\"datePublished\":\"2025-12-08T17:32:08+00:00\",\"dateModified\":\"2025-12-08T17:32:13+00:00\",\"mainEntityOfPage\":{\"@id\":\"https:\/\/elglobal.do\/index.php\/2025\/12\/08\/el-inabie-beneficia-a-estudiantes-de-pedernales-con-soluciones-de-salud-bucal\/\"},\"wordCount\":389,\"commentCount\":0,\"publisher\":{\"@id\":\"https:\/\/elglobal.do\/#organization\"},\"image\":{\"@id\":\"https:\/\/elglobal.do\/index.php\/2025\/12\/08\/el-inabie-beneficia-a-estudiantes-de-pedernales-con-soluciones-de-salud-bucal\/#primaryimage\"},\"thumbnailUrl\":\"https:\/\/elglobal.do\/wp-content\/uploads\/2025\/12\/INABIE.jpeg\",\"keywords\":[\"#bienestar\",\"#ElGlobalInformativo\",\"#estudiantes\",\"#INABIE\",\"#Nacionales\",\"#Pedernales\",\"#SaludBucal\",\"#Soluciones\"],\"articleSection\":[\"NACIONALES\",\"NOTICIAS RELEVANTES\"],\"inLanguage\":\"es\",\"potentialAction\":[{\"@type\":\"CommentAction\",\"name\":\"Comment\",\"target\":[\"https:\/\/elglobal.do\/index.php\/2025\/12\/08\/el-inabie-beneficia-a-estudiantes-de-pedernales-con-soluciones-de-salud-bucal\/#respond\"]}]},{\"@type\":\"WebPage\",\"@id\":\"https:\/\/elglobal.do\/index.php\/2025\/12\/08\/el-inabie-beneficia-a-estudiantes-de-pedernales-con-soluciones-de-salud-bucal\/\",\"url\":\"https:\/\/elglobal.do\/index.php\/2025\/12\/08\/el-inabie-beneficia-a-estudiantes-de-pedernales-con-soluciones-de-salud-bucal\/\",\"name\":\"El INABIE beneficia a estudiantes de Pedernales con soluciones de salud bucal - EL GLOBAL INFORMATIVO\",\"isPartOf\":{\"@id\":\"https:\/\/elglobal.do\/#website\"},\"primaryImageOfPage\":{\"@id\":\"https:\/\/elglobal.do\/index.php\/2025\/12\/08\/el-inabie-beneficia-a-estudiantes-de-pedernales-con-soluciones-de-salud-bucal\/#primaryimage\"},\"image\":{\"@id\":\"https:\/\/elglobal.do\/index.php\/2025\/12\/08\/el-inabie-beneficia-a-estudiantes-de-pedernales-con-soluciones-de-salud-bucal\/#primaryimage\"},\"thumbnailUrl\":\"https:\/\/elglobal.do\/wp-content\/uploads\/2025\/12\/INABIE.jpeg\",\"datePublished\":\"2025-12-08T17:32:08+00:00\",\"dateModified\":\"2025-12-08T17:32:13+00:00\",\"breadcrumb\":{\"@id\":\"https:\/\/elglobal.do\/index.php\/2025\/12\/08\/el-inabie-beneficia-a-estudiantes-de-pedernales-con-soluciones-de-salud-bucal\/#breadcrumb\"},\"inLanguage\":\"es\",\"potentialAction\":[{\"@type\":\"ReadAction\",\"target\":[\"https:\/\/elglobal.do\/index.php\/2025\/12\/08\/el-inabie-beneficia-a-estudiantes-de-pedernales-con-soluciones-de-salud-bucal\/\"]}]},{\"@type\":\"ImageObject\",\"inLanguage\":\"es\",\"@id\":\"https:\/\/elglobal.do\/index.php\/2025\/12\/08\/el-inabie-beneficia-a-estudiantes-de-pedernales-con-soluciones-de-salud-bucal\/#primaryimage\",\"url\":\"https:\/\/elglobal.do\/wp-content\/uploads\/2025\/12\/INABIE.jpeg\",\"contentUrl\":\"https:\/\/elglobal.do\/wp-content\/uploads\/2025\/12\/INABIE.jpeg\",\"width\":1560,\"height\":1040},{\"@type\":\"BreadcrumbList\",\"@id\":\"https:\/\/elglobal.do\/index.php\/2025\/12\/08\/el-inabie-beneficia-a-estudiantes-de-pedernales-con-soluciones-de-salud-bucal\/#breadcrumb\",\"itemListElement\":[{\"@type\":\"ListItem\",\"position\":1,\"name\":\"Portada\",\"item\":\"https:\/\/elglobal.do\/\"},{\"@type\":\"ListItem\",\"position\":2,\"name\":\"El INABIE beneficia a estudiantes de Pedernales con soluciones de salud bucal\"}]},{\"@type\":\"WebSite\",\"@id\":\"https:\/\/elglobal.do\/#website\",\"url\":\"https:\/\/elglobal.do\/\",\"name\":\"EL GLOBAL INFORMATIVO\",\"description\":\"Peri\u00f3dico digital de la Rep\u00fablica Dominicana que ofrece noticias, novedades, pol\u00edtica y las \u00faltimas actualidades, con informaci\u00f3n veraz y oportuna para mantenerte siempre informad\",\"publisher\":{\"@id\":\"https:\/\/elglobal.do\/#organization\"},\"potentialAction\":[{\"@type\":\"SearchAction\",\"target\":{\"@type\":\"EntryPoint\",\"urlTemplate\":\"https:\/\/elglobal.do\/?s={search_term_string}\"},\"query-input\":{\"@type\":\"PropertyValueSpecification\",\"valueRequired\":true,\"valueName\":\"search_term_string\"}}],\"inLanguage\":\"es\"},{\"@type\":\"Organization\",\"@id\":\"https:\/\/elglobal.do\/#organization\",\"name\":\"EL GLOBAL.DO INFORMATIVO\",\"url\":\"https:\/\/elglobal.do\/\",\"logo\":{\"@type\":\"ImageObject\",\"inLanguage\":\"es\",\"@id\":\"https:\/\/elglobal.do\/#\/schema\/logo\/image\/\",\"url\":\"https:\/\/elglobal.do\/wp-content\/uploads\/2025\/08\/icon.png\",\"contentUrl\":\"https:\/\/elglobal.do\/wp-content\/uploads\/2025\/08\/icon.png\",\"width\":512,\"height\":512,\"caption\":\"EL GLOBAL.DO INFORMATIVO\"},\"image\":{\"@id\":\"https:\/\/elglobal.do\/#\/schema\/logo\/image\/\"}},{\"@type\":\"Person\",\"@id\":\"https:\/\/elglobal.do\/#\/schema\/person\/0c97ec2c7714fb605d230c292f64d55f\",\"name\":\"EL GLOBAL\",\"image\":{\"@type\":\"ImageObject\",\"inLanguage\":\"es\",\"@id\":\"https:\/\/elglobal.do\/#\/schema\/person\/image\/\",\"url\":\"https:\/\/secure.gravatar.com\/avatar\/081cfb6cf99faddc6f4e23a0c11ab98c5cf302925382d1c88dc3ed757ab910a3?s=96&d=mm&r=g\",\"contentUrl\":\"https:\/\/secure.gravatar.com\/avatar\/081cfb6cf99faddc6f4e23a0c11ab98c5cf302925382d1c88dc3ed757ab910a3?s=96&d=mm&r=g\",\"caption\":\"EL GLOBAL\"},\"description\":\"El Global Informativo es un peri\u00f3dico digital de Rep\u00fablica Dominicana que se dedica a cubrir temas importantes, como la pol\u00edtica local, geopol\u00edtica, econom\u00eda, tecnolog\u00eda, noticias internacionales y eventos relacionados con la gesti\u00f3n social, cultural y humana. Su objetivo principal es mantener a la poblaci\u00f3n informada, ofreciendo una visi\u00f3n amplia y actualizada de lo que sucede tanto en el pa\u00eds como en el mundo. Est\u00e1 dirigido por un grupo de periodistas experimentados, lo que garantiza la calidad y la precisi\u00f3n de la informaci\u00f3n que ofrecen. Tiene su sede en la ciudad de Santo Domingo y es parte integral del portafolio de la empresa, MC Global S.R.L.\",\"sameAs\":[\"https:\/\/elglobal.do\",\"https:\/\/www.instagram.com\/elglobal.do_informativo\/\"],\"url\":\"https:\/\/elglobal.do\/index.php\/author\/elglobaluserpro\/\"}]}<\/script>\n<!-- \/ Yoast SEO plugin. -->","yoast_head_json":{"title":"El INABIE beneficia a estudiantes de Pedernales con soluciones de salud bucal - EL GLOBAL INFORMATIVO","robots":{"index":"index","follow":"follow","max-snippet":"max-snippet:-1","max-image-preview":"max-image-preview:large","max-video-preview":"max-video-preview:-1"},"canonical":"https:\/\/elglobal.do\/index.php\/2025\/12\/08\/el-inabie-beneficia-a-estudiantes-de-pedernales-con-soluciones-de-salud-bucal\/","og_locale":"es_ES","og_type":"article","og_title":"El INABIE beneficia a estudiantes de Pedernales con soluciones de salud bucal - EL GLOBAL INFORMATIVO","og_description":"El director de la instituci\u00f3n, Adolfo P\u00e9rez, destac\u00f3 que refuerzan la cobertura odontol\u00f3gica para ofrecer m\u00e1s procedimientos preventivos y especializados. Pedernales-. El Instituto Nacional de Bienestar Estudiantil (INABIE), benefici\u00f3 a&hellip;","og_url":"https:\/\/elglobal.do\/index.php\/2025\/12\/08\/el-inabie-beneficia-a-estudiantes-de-pedernales-con-soluciones-de-salud-bucal\/","og_site_name":"EL GLOBAL INFORMATIVO","article_published_time":"2025-12-08T17:32:08+00:00","article_modified_time":"2025-12-08T17:32:13+00:00","og_image":[{"width":1560,"height":1040,"url":"https:\/\/elglobal.do\/wp-content\/uploads\/2025\/12\/INABIE.jpeg","type":"image\/jpeg"}],"author":"EL GLOBAL","twitter_card":"summary_large_image","twitter_misc":{"Escrito por":"EL GLOBAL","Tiempo de lectura":"2 minutos"},"schema":{"@context":"https:\/\/schema.org","@graph":[{"@type":"Article","@id":"https:\/\/elglobal.do\/index.php\/2025\/12\/08\/el-inabie-beneficia-a-estudiantes-de-pedernales-con-soluciones-de-salud-bucal\/#article","isPartOf":{"@id":"https:\/\/elglobal.do\/index.php\/2025\/12\/08\/el-inabie-beneficia-a-estudiantes-de-pedernales-con-soluciones-de-salud-bucal\/"},"author":{"name":"EL GLOBAL","@id":"https:\/\/elglobal.do\/#\/schema\/person\/0c97ec2c7714fb605d230c292f64d55f"},"headline":"El INABIE beneficia a estudiantes de Pedernales con soluciones de salud bucal","datePublished":"2025-12-08T17:32:08+00:00","dateModified":"2025-12-08T17:32:13+00:00","mainEntityOfPage":{"@id":"https:\/\/elglobal.do\/index.php\/2025\/12\/08\/el-inabie-beneficia-a-estudiantes-de-pedernales-con-soluciones-de-salud-bucal\/"},"wordCount":389,"commentCount":0,"publisher":{"@id":"https:\/\/elglobal.do\/#organization"},"image":{"@id":"https:\/\/elglobal.do\/index.php\/2025\/12\/08\/el-inabie-beneficia-a-estudiantes-de-pedernales-con-soluciones-de-salud-bucal\/#primaryimage"},"thumbnailUrl":"https:\/\/elglobal.do\/wp-content\/uploads\/2025\/12\/INABIE.jpeg","keywords":["#bienestar","#ElGlobalInformativo","#estudiantes","#INABIE","#Nacionales","#Pedernales","#SaludBucal","#Soluciones"],"articleSection":["NACIONALES","NOTICIAS RELEVANTES"],"inLanguage":"es","potentialAction":[{"@type":"CommentAction","name":"Comment","target":["https:\/\/elglobal.do\/index.php\/2025\/12\/08\/el-inabie-beneficia-a-estudiantes-de-pedernales-con-soluciones-de-salud-bucal\/#respond"]}]},{"@type":"WebPage","@id":"https:\/\/elglobal.do\/index.php\/2025\/12\/08\/el-inabie-beneficia-a-estudiantes-de-pedernales-con-soluciones-de-salud-bucal\/","url":"https:\/\/elglobal.do\/index.php\/2025\/12\/08\/el-inabie-beneficia-a-estudiantes-de-pedernales-con-soluciones-de-salud-bucal\/","name":"El INABIE beneficia a estudiantes de Pedernales con soluciones de salud bucal - EL GLOBAL INFORMATIVO","isPartOf":{"@id":"https:\/\/elglobal.do\/#website"},"primaryImageOfPage":{"@id":"https:\/\/elglobal.do\/index.php\/2025\/12\/08\/el-inabie-beneficia-a-estudiantes-de-pedernales-con-soluciones-de-salud-bucal\/#primaryimage"},"image":{"@id":"https:\/\/elglobal.do\/index.php\/2025\/12\/08\/el-inabie-beneficia-a-estudiantes-de-pedernales-con-soluciones-de-salud-bucal\/#primaryimage"},"thumbnailUrl":"https:\/\/elglobal.do\/wp-content\/uploads\/2025\/12\/INABIE.jpeg","datePublished":"2025-12-08T17:32:08+00:00","dateModified":"2025-12-08T17:32:13+00:00","breadcrumb":{"@id":"https:\/\/elglobal.do\/index.php\/2025\/12\/08\/el-inabie-beneficia-a-estudiantes-de-pedernales-con-soluciones-de-salud-bucal\/#breadcrumb"},"inLanguage":"es","potentialAction":[{"@type":"ReadAction","target":["https:\/\/elglobal.do\/index.php\/2025\/12\/08\/el-inabie-beneficia-a-estudiantes-de-pedernales-con-soluciones-de-salud-bucal\/"]}]},{"@type":"ImageObject","inLanguage":"es","@id":"https:\/\/elglobal.do\/index.php\/2025\/12\/08\/el-inabie-beneficia-a-estudiantes-de-pedernales-con-soluciones-de-salud-bucal\/#primaryimage","url":"https:\/\/elglobal.do\/wp-content\/uploads\/2025\/12\/INABIE.jpeg","contentUrl":"https:\/\/elglobal.do\/wp-content\/uploads\/2025\/12\/INABIE.jpeg","width":1560,"height":1040},{"@type":"BreadcrumbList","@id":"https:\/\/elglobal.do\/index.php\/2025\/12\/08\/el-inabie-beneficia-a-estudiantes-de-pedernales-con-soluciones-de-salud-bucal\/#breadcrumb","itemListElement":[{"@type":"ListItem","position":1,"name":"Portada","item":"https:\/\/elglobal.do\/"},{"@type":"ListItem","position":2,"name":"El INABIE beneficia a estudiantes de Pedernales con soluciones de salud bucal"}]},{"@type":"WebSite","@id":"https:\/\/elglobal.do\/#website","url":"https:\/\/elglobal.do\/","name":"EL GLOBAL INFORMATIVO","description":"Peri\u00f3dico digital de la Rep\u00fablica Dominicana que ofrece noticias, novedades, pol\u00edtica y las \u00faltimas actualidades, con informaci\u00f3n veraz y oportuna para mantenerte siempre informad","publisher":{"@id":"https:\/\/elglobal.do\/#organization"},"potentialAction":[{"@type":"SearchAction","target":{"@type":"EntryPoint","urlTemplate":"https:\/\/elglobal.do\/?s={search_term_string}"},"query-input":{"@type":"PropertyValueSpecification","valueRequired":true,"valueName":"search_term_string"}}],"inLanguage":"es"},{"@type":"Organization","@id":"https:\/\/elglobal.do\/#organization","name":"EL GLOBAL.DO INFORMATIVO","url":"https:\/\/elglobal.do\/","logo":{"@type":"ImageObject","inLanguage":"es","@id":"https:\/\/elglobal.do\/#\/schema\/logo\/image\/","url":"https:\/\/elglobal.do\/wp-content\/uploads\/2025\/08\/icon.png","contentUrl":"https:\/\/elglobal.do\/wp-content\/uploads\/2025\/08\/icon.png","width":512,"height":512,"caption":"EL GLOBAL.DO INFORMATIVO"},"image":{"@id":"https:\/\/elglobal.do\/#\/schema\/logo\/image\/"}},{"@type":"Person","@id":"https:\/\/elglobal.do\/#\/schema\/person\/0c97ec2c7714fb605d230c292f64d55f","name":"EL GLOBAL","image":{"@type":"ImageObject","inLanguage":"es","@id":"https:\/\/elglobal.do\/#\/schema\/person\/image\/","url":"https:\/\/secure.gravatar.com\/avatar\/081cfb6cf99faddc6f4e23a0c11ab98c5cf302925382d1c88dc3ed757ab910a3?s=96&d=mm&r=g","contentUrl":"https:\/\/secure.gravatar.com\/avatar\/081cfb6cf99faddc6f4e23a0c11ab98c5cf302925382d1c88dc3ed757ab910a3?s=96&d=mm&r=g","caption":"EL GLOBAL"},"description":"El Global Informativo es un peri\u00f3dico digital de Rep\u00fablica Dominicana que se dedica a cubrir temas importantes, como la pol\u00edtica local, geopol\u00edtica, econom\u00eda, tecnolog\u00eda, noticias internacionales y eventos relacionados con la gesti\u00f3n social, cultural y humana. Su objetivo principal es mantener a la poblaci\u00f3n informada, ofreciendo una visi\u00f3n amplia y actualizada de lo que sucede tanto en el pa\u00eds como en el mundo. Est\u00e1 dirigido por un grupo de periodistas experimentados, lo que garantiza la calidad y la precisi\u00f3n de la informaci\u00f3n que ofrecen. Tiene su sede en la ciudad de Santo Domingo y es parte integral del portafolio de la empresa, MC Global S.R.L.","sameAs":["https:\/\/elglobal.do","https:\/\/www.instagram.com\/elglobal.do_informativo\/"],"url":"https:\/\/elglobal.do\/index.php\/author\/elglobaluserpro\/"}]}},"jetpack_featured_media_url":"https:\/\/elglobal.do\/wp-content\/uploads\/2025\/12\/INABIE.jpeg","jetpack_sharing_enabled":true,"_links":{"self":[{"href":"https:\/\/elglobal.do\/index.php\/wp-json\/wp\/v2\/posts\/4543","targetHints":{"allow":["GET"]}}],"collection":[{"href":"https:\/\/elglobal.do\/index.php\/wp-json\/wp\/v2\/posts"}],"about":[{"href":"https:\/\/elglobal.do\/index.php\/wp-json\/wp\/v2\/types\/post"}],"author":[{"embeddable":true,"href":"https:\/\/elglobal.do\/index.php\/wp-json\/wp\/v2\/users\/1"}],"replies":[{"embeddable":true,"href":"https:\/\/elglobal.do\/index.php\/wp-json\/wp\/v2\/comments?post=4543"}],"version-history":[{"count":1,"href":"https:\/\/elglobal.do\/index.php\/wp-json\/wp\/v2\/posts\/4543\/revisions"}],"predecessor-version":[{"id":4547,"href":"https:\/\/elglobal.do\/index.php\/wp-json\/wp\/v2\/posts\/4543\/revisions\/4547"}],"wp:featuredmedia":[{"embeddable":true,"href":"https:\/\/elglobal.do\/index.php\/wp-json\/wp\/v2\/media\/4545"}],"wp:attachment":[{"href":"https:\/\/elglobal.do\/index.php\/wp-json\/wp\/v2\/media?parent=4543"}],"wp:term":[{"taxonomy":"category","embeddable":true,"href":"https:\/\/elglobal.do\/index.php\/wp-json\/wp\/v2\/categories?post=4543"},{"taxonomy":"post_tag","embeddable":true,"href":"https:\/\/elglobal.do\/index.php\/wp-json\/wp\/v2\/tags?post=4543"}],"curies":[{"name":"wp","href":"https:\/\/api.w.org\/{rel}","templated":true}]}}